{"id":1332,"date":"2023-08-22T10:41:30","date_gmt":"2023-08-22T10:41:30","guid":{"rendered":"https:\/\/www.francespiration.com\/?p=1332"},"modified":"2023-08-22T10:51:54","modified_gmt":"2023-08-22T10:51:54","slug":"miert-olyan-kulonleges-a-bagett","status":"publish","type":"post","link":"https:\/\/www.francespiration.com\/index.php\/2023\/08\/22\/miert-olyan-kulonleges-a-bagett\/","title":{"rendered":"A francia bagett titka"},"content":{"rendered":"\n<p class=\"has-text-align-left\"><strong>A franci\u00e1k t\u00f6bbek k\u00f6z\u00f6tt arr\u00f3l is ismertek, hogy a vil\u00e1g legjobb \u00edz\u0171 kenyer\u00e9t k\u00e9sz\u00edtik. De mi\u00e9rt olyan k\u00fcl\u00f6nleges a francia bagett?<\/strong><\/p>\n\n\n\n<!--more-->\n\n\n\n<p class=\"has-text-align-left\">A v\u00e1lasznak kev\u00e9sb\u00e9 van k\u00f6ze a tudom\u00e1nyhoz, mint azt v\u00e1rn\u00e1nk. A kem\u00e9ny keny\u00e9r \u00e9vsz\u00e1zadok \u00f3ta probl\u00e9ma Franciaorsz\u00e1gban, m\u00e9g akkoriban, amikor a liszt sz\u0171k\u00f6s volt, \u00e9s a p\u00e9keknek be kellett \u00e9rni\u00fck azzal, amit \u00e9ppen tal\u00e1ltak. Gyakori tr\u00fckk volt, hogy a t\u00e9szt\u00e1t a lehet\u0151 legv\u00e9konyabbra ny\u00fajtott\u00e1k, \u00e9s a s\u00fct\u0151 forr\u00f3 padl\u00f3j\u00e1n hagyt\u00e1k megsz\u00e1radni. Az eredm\u00e9ny egy ropog\u00f3s k\u00e9reg \u00e9s egy k\u0151kem\u00e9ny bels\u0151 t\u00e9r lett, amely b\u00e1rmire haszn\u00e1lhat\u00f3 a levesbe m\u00e1rt\u00e1st\u00f3l a rovarok \u00f6sszez\u00faz\u00e1s\u00e1ig \u00e9s mindenre j\u00f3 volt.<\/p>\n\n\n\n<p class=\"has-text-align-left\">A nyilv\u00e1nval\u00f3 t\u00e9ny mellett, hogy a francia keny\u00e9r jellemz\u0151en hosszabb \u00e9s v\u00e9konyabb, mint a hagyom\u00e1nyos cip\u00f3k, \u00e1ltal\u00e1ban kev\u00e9sb\u00e9 \u00e9des \u00e9s ropog\u00f3sabb a h\u00e9juk. Nagyon egyszer\u0171 alapanyagokb\u00f3l k\u00e9sz\u00edtik, \u00e1ltal\u00e1ban csak liszt, v\u00edz, \u00e9leszt\u0151 \u00e9s s\u00f3 kell hozz\u00e1.<\/p>\n\n\n\n<p class=\"has-text-align-left\">A bagett egy hossz\u00fa, v\u00e9kony francia keny\u00e9r, amelyet \u00e1ltal\u00e1ban az alap sov\u00e1ny t\u00e9szt\u00e1b\u00f3l k\u00e9sz\u00edtenek (a t\u00e9szt\u00e1t a francia t\u00f6rv\u00e9nyek hat\u00e1rozz\u00e1k meg). Hossz\u00fas\u00e1ga \u00e9s ropog\u00f3s k\u00e9rge alapj\u00e1n k\u00fcl\u00f6nb\u00f6ztethet\u0151 meg t\u00f6bbi keny\u00e9rt\u00e1rs\u00e1t\u00f3l. A bagett \u00e1tm\u00e9r\u0151je k\u00f6r\u00fclbel\u00fcl 5 vagy 6 centim\u00e9ter, a szok\u00e1sos hossza pedig k\u00f6r\u00fclbel\u00fcl 65 centim\u00e9ter &#8211; b\u00e1r egy bagett ak\u00e1r 1 m\u00e9ter hossz\u00fa is lehet.<\/p>\n\n\n\n<p class=\"has-text-align-left\">A bagett az orsz\u00e1g egyik legismertebb szimb\u00f3luma. A klasszikus bagett feh\u00e9r, finom\u00edtott b\u00fazalisztb\u0151l k\u00e9sz\u00fcl, \u00e9s legfeljebb 10 sz\u00e1zal\u00e9kban tartalmaz zabpelyhet vagy teljes ki\u0151rl\u00e9s\u0171 gabon\u00e1t. Franciaorsz\u00e1gban illeg\u00e1lis az olyan keny\u00e9rhez, mint a bagett \u00e9leszt\u0151n, s\u00f3n \u00e9s a v\u00edzen k\u00edv\u00fcl m\u00e1s adal\u00e9kanyagot hozz\u00e1adni.<\/p>\n\n\n\n<p class=\"has-text-align-left\">A baguette sz\u00f3 franci\u00e1ul azt jelenti: bot. Ez a hagyom\u00e1nyos francia bagettek form\u00e1j\u00e1ra utal, amely \u00e1ltal\u00e1ban \u00fagy n\u00e9z ki, mint egy hossz\u00fa r\u00fad. K\u00e9rge ropog\u00f3s, bel\u00fcl pedig kis lyukak \u00e9s leveg\u0151s text\u00fara tal\u00e1lhat\u00f3. Gyakran vajjal vagy ol\u00edvaolajjal t\u00e1lalj\u00e1k a tov\u00e1bbi \u00edzhat\u00e1sok \u00e9rdek\u00e9ben.<\/p>\n\n\n\n<h2 class=\"wp-block-heading has-text-align-left\">A liszt<\/h2>\n\n\n\n<p class=\"has-text-align-left\">T\u00f6bb szak\u00e9rt\u0151 szerint h\u00e1rom f\u0151 oka van annak, hogy a francia bagett olyan finom. T\u00f6m\u00f6ren \u00e9s vel\u0151sen: csak nagyon j\u00f3 min\u0151s\u00e9g\u0171 lisztet haszn\u00e1lnak.<\/p>\n\n\n\n<p class=\"has-text-align-left\">A liszt a keny\u00e9r alapvet\u0151 \u00f6sszetev\u0151je. Franciaorsz\u00e1gban a p\u00e9kek gondosan odafigyelnek arra, hol k\u00e9sz\u00edtik a lisztet, \u00e9s mely gabon\u00e1kat haszn\u00e1lj\u00e1k fel az \u0151rl\u00e9si folyamat sor\u00e1n. Az eredm\u00e9ny \u00e1ltal\u00e1ban a l\u00e1gyabb \u00e9s \u00edzletesebb keny\u00e9r. A francia liszt \u00e1ltal\u00e1ban alacsonyabb hamutartalommal k\u00e9sz\u00fcl, mint a m\u00e1s orsz\u00e1gokb\u00f3l sz\u00e1rmaz\u00f3 liszt. Ez azt jelenti, hogy a lisztben t\u00f6bb a szem \u00e9s kevesebb az \u0151rl\u00e9si folyamatb\u00f3l sz\u00e1rmaz\u00f3 marad\u00e9k \u00e1sv\u00e1nyi anyag. A k\u00fcl\u00f6nb\u00f6z\u0151 francia p\u00e9ks\u00fctem\u00e9nyek elt\u00e9r\u0151 hamutartalmat ig\u00e9nyelnek, ez\u00e9rt a bagett \u00e9s a croissant \u00edze is elt\u00e9r\u0151 lehet. B\u00e1r technikailag b\u00e1rmilyen lisztb\u0151l k\u00e9sz\u00edthet\u00fcnk francia kenyeret, a csod\u00e1latos francia \u00edzt csak akkor kaphatjuk meg, ha a v\u00e1ros legjobb malmaib\u00f3l v\u00e1s\u00e1roljuk a lisztet.<\/p>\n\n\n\n<figure class=\"wp-block-image size-large\"><img loading=\"lazy\" decoding=\"async\" width=\"1024\" height=\"804\" src=\"https:\/\/www.francespiration.com\/wp-content\/uploads\/2023\/08\/bagett-francia-scaled-e1692700479880-1024x804.jpg\" alt=\"bagett-francia\" class=\"wp-image-1333\" srcset=\"https:\/\/www.francespiration.com\/wp-content\/uploads\/2023\/08\/bagett-francia-scaled-e1692700479880-1024x804.jpg 1024w, https:\/\/www.francespiration.com\/wp-content\/uploads\/2023\/08\/bagett-francia-scaled-e1692700479880-300x235.jpg 300w, https:\/\/www.francespiration.com\/wp-content\/uploads\/2023\/08\/bagett-francia-scaled-e1692700479880-768x603.jpg 768w, https:\/\/www.francespiration.com\/wp-content\/uploads\/2023\/08\/bagett-francia-scaled-e1692700479880-1536x1206.jpg 1536w, https:\/\/www.francespiration.com\/wp-content\/uploads\/2023\/08\/bagett-francia-scaled-e1692700479880.jpg 1706w\" sizes=\"auto, (max-width: 1024px) 100vw, 1024px\" \/><figcaption class=\"wp-element-caption\">Fot\u00f3: pexels.com<\/figcaption><\/figure>\n\n\n\n<h2 class=\"wp-block-heading has-text-align-left\">Egy helyen keverve \u00e9s s\u00fctve<\/h2>\n\n\n\n<p class=\"has-text-align-left\">A liszten t\u00fal a m\u00e1sik f\u0151 k\u00fcl\u00f6nbs\u00e9g az erjeszt\u00e9si folyamatban rejlik. A legt\u00f6bb francia p\u00e9k medenc\u00e9s elj\u00e1r\u00e1st alkalmaz, amely \u00e9leszt\u0151 \u00e9s v\u00edz kever\u00e9k\u00e9b\u0151l \u00e1ll, \u00e9s amelyet egy \u00e9jszak\u00e1n \u00e1t hagynak erjedni. M\u00e1snap ezt a kever\u00e9ket a t\u00f6bbi hozz\u00e1val\u00f3hoz adj\u00e1k. Ez t\u00f6bb \u00edzt \u00e9s arom\u00e1t ad a t\u00e9szt\u00e1nak. Ezenk\u00edv\u00fcl a francia p\u00e9kek g\u0151zt haszn\u00e1lnak a bagett s\u00fct\u00e9s\u00e9hez, ami lehet\u0151v\u00e9 teszi sz\u00e1mukra, hogy ropog\u00f3s h\u00e9jat kapjanak an\u00e9lk\u00fcl, hogy a keny\u00e9r kisz\u00e1radna. Ez azt\u00e1n puha \u00e9s nedves bels\u0151t eredm\u00e9nyez, csod\u00e1latos aranybarna k\u00e9reggel.<\/p>\n\n\n\n<p class=\"has-text-align-left\">A francia keny\u00e9r tov\u00e1bbi fontos szab\u00e1lya, hogy a t\u00e9szt\u00e1t ugyanott kell elk\u00e9sz\u00edteni, ahol a kenyeret s\u00fctik. Val\u00f3j\u00e1ban Franciaorsz\u00e1gban illeg\u00e1lis boulangerie-nek nevezni mag\u00e1t, hacsak nem k\u00f6veti ezt a fontos szab\u00e1lyt. Sok helyen a \u201efriss\u201d keny\u00e9rt\u00e9szt\u00e1t k\u00fcl\u00f6n helyen k\u00e9sz\u00edtik, \u00e9s lefagyasztj\u00e1k, am\u00edg sz\u00fcks\u00e9g van r\u00e1. Ez az elj\u00e1r\u00e1s ugyan k\u00e9nyelmes, \u00e9s finom kenyeret k\u00e9sz\u00edthet\u00fcnk \u00edgy is, de soha nem fog megfelelni egy igazi francia p\u00e9ks\u00e9g \u00edz\u00e9nek.<\/p>\n\n\n\n<h2 class=\"wp-block-heading has-text-align-left\">Szeret\u0151 gondoskod\u00e1s<\/h2>\n\n\n\n<p class=\"has-text-align-left\">Aki m\u00e1r evett vid\u00e9ki francia \u00e9tteremben tudja, hogy a franci\u00e1k val\u00f3ban t\u00f6r\u0151dnek \u00e9teleik min\u0151s\u00e9g\u00e9vel, \u00e9s m\u00e9g enn\u00e9l is jobban t\u00f6r\u0151dnek kenyer\u00fck min\u0151s\u00e9g\u00e9vel. Mindent beleadunk minden egyes keny\u00e9rbe. Amit\u0151l a francia keny\u00e9r m\u00e1s, az az, ahogyan a franci\u00e1k k\u00f6r\u00fcltekint\u0151 gondoss\u00e1ggal k\u00e9sz\u00edtik \u00e9s hossz\u00fa ideig \u00e1polj\u00e1k a kov\u00e1szt, lehet\u0151v\u00e9 t\u00e9ve a t\u00e9szta erjed\u00e9s\u00e9t \u00e9s a lehet\u0151 leggazdagabb \u00edz el\u00e9r\u00e9s\u00e9t. Majd mik\u00f6zben a t\u00e9szt\u00e1t keverik \u00e9s gy\u00farj\u00e1k, megtelik a p\u00e9k szeretet\u00e9vel \u00e9s figyelm\u00e9vel. A megfelel\u0151en \u00f6sszegy\u00fart t\u00e9szt\u00e1b\u00f3l pedig puha \u00e9s \u00edzletes keny\u00e9r lesz. A durv\u00e1n \u00f6sszegy\u00fart t\u00e9szt\u00e1b\u00f3l kem\u00e9ny, \u00edztelen keny\u00e9r j\u00f6n l\u00e9tre, amely nem kel meg megfelel\u0151en. Ha legk\u00f6zelebb Franciaorsz\u00e1gban j\u00e1rsz, t\u00f6rj fel is te is egy ropog\u00f3s kenyeret, \u00e9s azonnal megk\u00f3stolhatod az elk\u00e9sz\u00edt\u00e9s\u00e9hez sz\u00fcks\u00e9ges er\u0151fesz\u00edt\u00e9st. A franci\u00e1k \u00edgy k\u00e9sz\u00edtenek kenyeret.<\/p>\n\n\n\n<p class=\"has-text-align-left\">Magyark\u00e9nt mi is tudjuk, hogy kenyeret mindenhez \u00e9s b\u00e1rmihez \u201ekell\u201d enni. \u00cdgy van ez Franciaorsz\u00e1gban is, de ott a bagett mell\u00e9 fogyasztand\u00f3 leg\u00e1ltal\u00e1nosabb dolog a sajt. A bagett \u00e9s a szelet sajt kombin\u00e1ci\u00f3 az egyik legelterjedtebb \u00e9tel, \u00e9s mehet hozz\u00e1 b\u00e1rmilyen sajt. K\u00e9sz\u00edthet\u00fcnk szendvicseket sonka, toj\u00e1s vagy paradicsom hozz\u00e1ad\u00e1s\u00e1val, a v\u00e1ltozatoknak csak a fant\u00e1zi\u00e1nk szabhat hat\u00e1rt.<\/p>\n","protected":false},"excerpt":{"rendered":"<p>A franci\u00e1k t\u00f6bbek k\u00f6z\u00f6tt arr\u00f3l is ismertek, hogy a vil\u00e1g legjobb \u00edz\u0171 kenyer\u00e9t k\u00e9sz\u00edtik. De mi\u00e9rt olyan k\u00fcl\u00f6nleges a francia bagett?<\/p>\n","protected":false},"author":1,"featured_media":1338,"comment_status":"open","ping_status":"open","sticky":false,"template":"","format":"standard","meta":{"footnotes":""},"categories":[31],"tags":[32,35,33,34],"class_list":["post-1332","post","type-post","status-publish","format-standard","has-post-thumbnail","hentry","category-konyha","tag-bagett","tag-boulangerie","tag-kenyer","tag-liszt"],"yoast_head":"<!-- This site is optimized with the Yoast SEO plugin v20.13 - https:\/\/yoast.com\/wordpress\/plugins\/seo\/ -->\n<title>A francia bagett titka - Francespiration<\/title>\n<meta name=\"description\" content=\"A franci\u00e1k t\u00f6bbek k\u00f6z\u00f6tt arr\u00f3l is ismertek, hogy a vil\u00e1g legjobb \u00edz\u0171 kenyer\u00e9t k\u00e9sz\u00edtik. De mi\u00e9rt olyan k\u00fcl\u00f6nleges a francia bagett?\" \/>\n<meta name=\"robots\" content=\"index, follow, max-snippet:-1, max-image-preview:large, max-video-preview:-1\" \/>\n<link rel=\"canonical\" href=\"https:\/\/www.francespiration.com\/index.php\/2023\/08\/22\/miert-olyan-kulonleges-a-bagett\/\" \/>\n<meta property=\"og:locale\" content=\"hu_HU\" \/>\n<meta property=\"og:type\" content=\"article\" \/>\n<meta property=\"og:title\" content=\"A francia bagett titka - Francespiration\" \/>\n<meta property=\"og:description\" content=\"A franci\u00e1k t\u00f6bbek k\u00f6z\u00f6tt arr\u00f3l is ismertek, hogy a vil\u00e1g legjobb \u00edz\u0171 kenyer\u00e9t k\u00e9sz\u00edtik. De mi\u00e9rt olyan k\u00fcl\u00f6nleges a francia bagett?\" \/>\n<meta property=\"og:url\" content=\"https:\/\/www.francespiration.com\/index.php\/2023\/08\/22\/miert-olyan-kulonleges-a-bagett\/\" \/>\n<meta property=\"og:site_name\" content=\"Francespiration\" \/>\n<meta property=\"article:published_time\" content=\"2023-08-22T10:41:30+00:00\" \/>\n<meta property=\"article:modified_time\" content=\"2023-08-22T10:51:54+00:00\" \/>\n<meta property=\"og:image\" content=\"https:\/\/www.francespiration.com\/wp-content\/uploads\/2023\/08\/lany-bagett-francia-boldog-scaled-e1692701137643.jpg\" \/>\n\t<meta property=\"og:image:width\" content=\"1719\" \/>\n\t<meta property=\"og:image:height\" content=\"1271\" \/>\n\t<meta property=\"og:image:type\" content=\"image\/jpeg\" \/>\n<meta name=\"author\" content=\"Sz\u00f6ll\u0151si T\u00edmea\" \/>\n<meta name=\"twitter:card\" content=\"summary_large_image\" \/>\n<meta name=\"twitter:label1\" content=\"Szerz\u0151:\" \/>\n\t<meta name=\"twitter:data1\" content=\"Sz\u00f6ll\u0151si T\u00edmea\" \/>\n\t<meta name=\"twitter:label2\" content=\"Becs\u00fclt olvas\u00e1si id\u0151\" \/>\n\t<meta name=\"twitter:data2\" content=\"5 perc\" \/>\n<script type=\"application\/ld+json\" class=\"yoast-schema-graph\">{\"@context\":\"https:\/\/schema.org\",\"@graph\":[{\"@type\":\"Article\",\"@id\":\"https:\/\/www.francespiration.com\/index.php\/2023\/08\/22\/miert-olyan-kulonleges-a-bagett\/#article\",\"isPartOf\":{\"@id\":\"https:\/\/www.francespiration.com\/index.php\/2023\/08\/22\/miert-olyan-kulonleges-a-bagett\/\"},\"author\":{\"name\":\"Sz\u00f6ll\u0151si T\u00edmea\",\"@id\":\"https:\/\/www.francespiration.com\/#\/schema\/person\/83f3dc20d791bfb54664f7e0287501fa\"},\"headline\":\"A francia bagett titka\",\"datePublished\":\"2023-08-22T10:41:30+00:00\",\"dateModified\":\"2023-08-22T10:51:54+00:00\",\"mainEntityOfPage\":{\"@id\":\"https:\/\/www.francespiration.com\/index.php\/2023\/08\/22\/miert-olyan-kulonleges-a-bagett\/\"},\"wordCount\":1119,\"commentCount\":0,\"publisher\":{\"@id\":\"https:\/\/www.francespiration.com\/#organization\"},\"keywords\":[\"bagett\",\"boulangerie\",\"keny\u00e9r\",\"liszt\"],\"articleSection\":[\"KONYHA\"],\"inLanguage\":\"hu\",\"potentialAction\":[{\"@type\":\"CommentAction\",\"name\":\"Comment\",\"target\":[\"https:\/\/www.francespiration.com\/index.php\/2023\/08\/22\/miert-olyan-kulonleges-a-bagett\/#respond\"]}]},{\"@type\":\"WebPage\",\"@id\":\"https:\/\/www.francespiration.com\/index.php\/2023\/08\/22\/miert-olyan-kulonleges-a-bagett\/\",\"url\":\"https:\/\/www.francespiration.com\/index.php\/2023\/08\/22\/miert-olyan-kulonleges-a-bagett\/\",\"name\":\"A francia bagett titka - Francespiration\",\"isPartOf\":{\"@id\":\"https:\/\/www.francespiration.com\/#website\"},\"datePublished\":\"2023-08-22T10:41:30+00:00\",\"dateModified\":\"2023-08-22T10:51:54+00:00\",\"description\":\"A franci\u00e1k t\u00f6bbek k\u00f6z\u00f6tt arr\u00f3l is ismertek, hogy a vil\u00e1g legjobb \u00edz\u0171 kenyer\u00e9t k\u00e9sz\u00edtik. De mi\u00e9rt olyan k\u00fcl\u00f6nleges a francia bagett?\",\"breadcrumb\":{\"@id\":\"https:\/\/www.francespiration.com\/index.php\/2023\/08\/22\/miert-olyan-kulonleges-a-bagett\/#breadcrumb\"},\"inLanguage\":\"hu\",\"potentialAction\":[{\"@type\":\"ReadAction\",\"target\":[\"https:\/\/www.francespiration.com\/index.php\/2023\/08\/22\/miert-olyan-kulonleges-a-bagett\/\"]}]},{\"@type\":\"BreadcrumbList\",\"@id\":\"https:\/\/www.francespiration.com\/index.php\/2023\/08\/22\/miert-olyan-kulonleges-a-bagett\/#breadcrumb\",\"itemListElement\":[{\"@type\":\"ListItem\",\"position\":1,\"name\":\"Kezd\u0151lap\",\"item\":\"https:\/\/www.francespiration.com\/\"},{\"@type\":\"ListItem\",\"position\":2,\"name\":\"A francia bagett titka\"}]},{\"@type\":\"WebSite\",\"@id\":\"https:\/\/www.francespiration.com\/#website\",\"url\":\"https:\/\/www.francespiration.com\/\",\"name\":\"Francespiration\",\"description\":\"Just another WordPress site\",\"publisher\":{\"@id\":\"https:\/\/www.francespiration.com\/#organization\"},\"potentialAction\":[{\"@type\":\"SearchAction\",\"target\":{\"@type\":\"EntryPoint\",\"urlTemplate\":\"https:\/\/www.francespiration.com\/?s={search_term_string}\"},\"query-input\":\"required name=search_term_string\"}],\"inLanguage\":\"hu\"},{\"@type\":\"Organization\",\"@id\":\"https:\/\/www.francespiration.com\/#organization\",\"name\":\"Francespiration\",\"url\":\"https:\/\/www.francespiration.com\/\",\"logo\":{\"@type\":\"ImageObject\",\"inLanguage\":\"hu\",\"@id\":\"https:\/\/www.francespiration.com\/#\/schema\/logo\/image\/\",\"url\":\"https:\/\/www.francespiration.com\/wp-content\/uploads\/2022\/09\/4d-also-scaled.jpg\",\"contentUrl\":\"https:\/\/www.francespiration.com\/wp-content\/uploads\/2022\/09\/4d-also-scaled.jpg\",\"width\":2560,\"height\":913,\"caption\":\"Francespiration\"},\"image\":{\"@id\":\"https:\/\/www.francespiration.com\/#\/schema\/logo\/image\/\"}},{\"@type\":\"Person\",\"@id\":\"https:\/\/www.francespiration.com\/#\/schema\/person\/83f3dc20d791bfb54664f7e0287501fa\",\"name\":\"Sz\u00f6ll\u0151si T\u00edmea\",\"image\":{\"@type\":\"ImageObject\",\"inLanguage\":\"hu\",\"@id\":\"https:\/\/www.francespiration.com\/#\/schema\/person\/image\/\",\"url\":\"https:\/\/secure.gravatar.com\/avatar\/1fd2e7bebd99ada3a170be066229da8dce9b7f9ba3748e0b659e39e5f31eb56a?s=96&d=mm&r=g\",\"contentUrl\":\"https:\/\/secure.gravatar.com\/avatar\/1fd2e7bebd99ada3a170be066229da8dce9b7f9ba3748e0b659e39e5f31eb56a?s=96&d=mm&r=g\",\"caption\":\"Sz\u00f6ll\u0151si T\u00edmea\"},\"sameAs\":[\"https:\/\/www.francespiration.com\"],\"url\":\"https:\/\/www.francespiration.com\/index.php\/author\/szollotimi\/\"}]}<\/script>\n<!-- \/ Yoast SEO plugin. -->","yoast_head_json":{"title":"A francia bagett titka - Francespiration","description":"A franci\u00e1k t\u00f6bbek k\u00f6z\u00f6tt arr\u00f3l is ismertek, hogy a vil\u00e1g legjobb \u00edz\u0171 kenyer\u00e9t k\u00e9sz\u00edtik. De mi\u00e9rt olyan k\u00fcl\u00f6nleges a francia bagett?","robots":{"index":"index","follow":"follow","max-snippet":"max-snippet:-1","max-image-preview":"max-image-preview:large","max-video-preview":"max-video-preview:-1"},"canonical":"https:\/\/www.francespiration.com\/index.php\/2023\/08\/22\/miert-olyan-kulonleges-a-bagett\/","og_locale":"hu_HU","og_type":"article","og_title":"A francia bagett titka - Francespiration","og_description":"A franci\u00e1k t\u00f6bbek k\u00f6z\u00f6tt arr\u00f3l is ismertek, hogy a vil\u00e1g legjobb \u00edz\u0171 kenyer\u00e9t k\u00e9sz\u00edtik. De mi\u00e9rt olyan k\u00fcl\u00f6nleges a francia bagett?","og_url":"https:\/\/www.francespiration.com\/index.php\/2023\/08\/22\/miert-olyan-kulonleges-a-bagett\/","og_site_name":"Francespiration","article_published_time":"2023-08-22T10:41:30+00:00","article_modified_time":"2023-08-22T10:51:54+00:00","og_image":[{"width":1719,"height":1271,"url":"https:\/\/www.francespiration.com\/wp-content\/uploads\/2023\/08\/lany-bagett-francia-boldog-scaled-e1692701137643.jpg","type":"image\/jpeg"}],"author":"Sz\u00f6ll\u0151si T\u00edmea","twitter_card":"summary_large_image","twitter_misc":{"Szerz\u0151:":"Sz\u00f6ll\u0151si T\u00edmea","Becs\u00fclt olvas\u00e1si id\u0151":"5 perc"},"schema":{"@context":"https:\/\/schema.org","@graph":[{"@type":"Article","@id":"https:\/\/www.francespiration.com\/index.php\/2023\/08\/22\/miert-olyan-kulonleges-a-bagett\/#article","isPartOf":{"@id":"https:\/\/www.francespiration.com\/index.php\/2023\/08\/22\/miert-olyan-kulonleges-a-bagett\/"},"author":{"name":"Sz\u00f6ll\u0151si T\u00edmea","@id":"https:\/\/www.francespiration.com\/#\/schema\/person\/83f3dc20d791bfb54664f7e0287501fa"},"headline":"A francia bagett titka","datePublished":"2023-08-22T10:41:30+00:00","dateModified":"2023-08-22T10:51:54+00:00","mainEntityOfPage":{"@id":"https:\/\/www.francespiration.com\/index.php\/2023\/08\/22\/miert-olyan-kulonleges-a-bagett\/"},"wordCount":1119,"commentCount":0,"publisher":{"@id":"https:\/\/www.francespiration.com\/#organization"},"keywords":["bagett","boulangerie","keny\u00e9r","liszt"],"articleSection":["KONYHA"],"inLanguage":"hu","potentialAction":[{"@type":"CommentAction","name":"Comment","target":["https:\/\/www.francespiration.com\/index.php\/2023\/08\/22\/miert-olyan-kulonleges-a-bagett\/#respond"]}]},{"@type":"WebPage","@id":"https:\/\/www.francespiration.com\/index.php\/2023\/08\/22\/miert-olyan-kulonleges-a-bagett\/","url":"https:\/\/www.francespiration.com\/index.php\/2023\/08\/22\/miert-olyan-kulonleges-a-bagett\/","name":"A francia bagett titka - Francespiration","isPartOf":{"@id":"https:\/\/www.francespiration.com\/#website"},"datePublished":"2023-08-22T10:41:30+00:00","dateModified":"2023-08-22T10:51:54+00:00","description":"A franci\u00e1k t\u00f6bbek k\u00f6z\u00f6tt arr\u00f3l is ismertek, hogy a vil\u00e1g legjobb \u00edz\u0171 kenyer\u00e9t k\u00e9sz\u00edtik. De mi\u00e9rt olyan k\u00fcl\u00f6nleges a francia bagett?","breadcrumb":{"@id":"https:\/\/www.francespiration.com\/index.php\/2023\/08\/22\/miert-olyan-kulonleges-a-bagett\/#breadcrumb"},"inLanguage":"hu","potentialAction":[{"@type":"ReadAction","target":["https:\/\/www.francespiration.com\/index.php\/2023\/08\/22\/miert-olyan-kulonleges-a-bagett\/"]}]},{"@type":"BreadcrumbList","@id":"https:\/\/www.francespiration.com\/index.php\/2023\/08\/22\/miert-olyan-kulonleges-a-bagett\/#breadcrumb","itemListElement":[{"@type":"ListItem","position":1,"name":"Kezd\u0151lap","item":"https:\/\/www.francespiration.com\/"},{"@type":"ListItem","position":2,"name":"A francia bagett titka"}]},{"@type":"WebSite","@id":"https:\/\/www.francespiration.com\/#website","url":"https:\/\/www.francespiration.com\/","name":"Francespiration","description":"Just another WordPress site","publisher":{"@id":"https:\/\/www.francespiration.com\/#organization"},"potentialAction":[{"@type":"SearchAction","target":{"@type":"EntryPoint","urlTemplate":"https:\/\/www.francespiration.com\/?s={search_term_string}"},"query-input":"required name=search_term_string"}],"inLanguage":"hu"},{"@type":"Organization","@id":"https:\/\/www.francespiration.com\/#organization","name":"Francespiration","url":"https:\/\/www.francespiration.com\/","logo":{"@type":"ImageObject","inLanguage":"hu","@id":"https:\/\/www.francespiration.com\/#\/schema\/logo\/image\/","url":"https:\/\/www.francespiration.com\/wp-content\/uploads\/2022\/09\/4d-also-scaled.jpg","contentUrl":"https:\/\/www.francespiration.com\/wp-content\/uploads\/2022\/09\/4d-also-scaled.jpg","width":2560,"height":913,"caption":"Francespiration"},"image":{"@id":"https:\/\/www.francespiration.com\/#\/schema\/logo\/image\/"}},{"@type":"Person","@id":"https:\/\/www.francespiration.com\/#\/schema\/person\/83f3dc20d791bfb54664f7e0287501fa","name":"Sz\u00f6ll\u0151si T\u00edmea","image":{"@type":"ImageObject","inLanguage":"hu","@id":"https:\/\/www.francespiration.com\/#\/schema\/person\/image\/","url":"https:\/\/secure.gravatar.com\/avatar\/1fd2e7bebd99ada3a170be066229da8dce9b7f9ba3748e0b659e39e5f31eb56a?s=96&d=mm&r=g","contentUrl":"https:\/\/secure.gravatar.com\/avatar\/1fd2e7bebd99ada3a170be066229da8dce9b7f9ba3748e0b659e39e5f31eb56a?s=96&d=mm&r=g","caption":"Sz\u00f6ll\u0151si T\u00edmea"},"sameAs":["https:\/\/www.francespiration.com"],"url":"https:\/\/www.francespiration.com\/index.php\/author\/szollotimi\/"}]}},"_links":{"self":[{"href":"https:\/\/www.francespiration.com\/index.php\/wp-json\/wp\/v2\/posts\/1332","targetHints":{"allow":["GET"]}}],"collection":[{"href":"https:\/\/www.francespiration.com\/index.php\/wp-json\/wp\/v2\/posts"}],"about":[{"href":"https:\/\/www.francespiration.com\/index.php\/wp-json\/wp\/v2\/types\/post"}],"author":[{"embeddable":true,"href":"https:\/\/www.francespiration.com\/index.php\/wp-json\/wp\/v2\/users\/1"}],"replies":[{"embeddable":true,"href":"https:\/\/www.francespiration.com\/index.php\/wp-json\/wp\/v2\/comments?post=1332"}],"version-history":[{"count":5,"href":"https:\/\/www.francespiration.com\/index.php\/wp-json\/wp\/v2\/posts\/1332\/revisions"}],"predecessor-version":[{"id":1341,"href":"https:\/\/www.francespiration.com\/index.php\/wp-json\/wp\/v2\/posts\/1332\/revisions\/1341"}],"wp:featuredmedia":[{"embeddable":true,"href":"https:\/\/www.francespiration.com\/index.php\/wp-json\/wp\/v2\/media\/1338"}],"wp:attachment":[{"href":"https:\/\/www.francespiration.com\/index.php\/wp-json\/wp\/v2\/media?parent=1332"}],"wp:term":[{"taxonomy":"category","embeddable":true,"href":"https:\/\/www.francespiration.com\/index.php\/wp-json\/wp\/v2\/categories?post=1332"},{"taxonomy":"post_tag","embeddable":true,"href":"https:\/\/www.francespiration.com\/index.php\/wp-json\/wp\/v2\/tags?post=1332"}],"curies":[{"name":"wp","href":"https:\/\/api.w.org\/{rel}","templated":true}]}}