{"id":1422,"date":"2023-09-07T08:06:12","date_gmt":"2023-09-07T08:06:12","guid":{"rendered":"https:\/\/www.francespiration.com\/?p=1422"},"modified":"2023-09-07T08:07:11","modified_gmt":"2023-09-07T08:07:11","slug":"marc-ferrero-a-tortenetmeseles-francia-muvesze","status":"publish","type":"post","link":"https:\/\/www.francespiration.com\/index.php\/2023\/09\/07\/marc-ferrero-a-tortenetmeseles-francia-muvesze\/","title":{"rendered":"Marc Ferrero, a t\u00f6rt\u00e9netmes\u00e9l\u00e9s francia m\u0171v\u00e9sze"},"content":{"rendered":"\n<p><strong>A h\u00edres kort\u00e1rs francia fest\u0151, Marc Ferrero azon kev\u00e9s m\u0171v\u00e9szek egyike, aki folyamatosan \u00faj utakat keres a m\u0171v\u00e9szet\u00e9ben. A t\u00f6rt\u00e9netmes\u00e9l\u00e9s egyik legnagyobb alakja, aki fant\u00e1zi\u00e1j\u00e1nak k\u00f6sz\u00f6nhet\u0151en hihetetlen\u00fcl gazdag k\u00e9pi vil\u00e1got \u00e1lmodott meg. T\u00f6rt\u00e9netei, szerepl\u0151i azonban nemcsak v\u00e1sznakon jelennek meg, hanem luxus\u00f3r\u00e1kon is.<\/strong><\/p>\n\n\n\n<!--more-->\n\n\n\n<p>Marc Ferrero a m\u0171v\u00e9sz a Lipstick \u00e9s a Big Bang Hublot \u00f3r\u00e1k m\u00f6g\u00f6tt, amelyek ritka \u00e9s innovat\u00edv anyagok v\u00e1ratlan kombin\u00e1ci\u00f3i. A m\u0171v\u00e9sz \u00e9s a m\u00e1rka rajong\u00f3i sz\u00e1m\u00e1ra ezek az alkot\u00e1sok a k\u00fcl\u00f6nb\u00f6z\u0151 grafikai st\u00edlusok f\u00fazi\u00f3i, amelyeket mi is megcsod\u00e1lhatunk a Hublot \u00f3r\u00e1kon. Marc Ferrero nem csak az egy\u00fcttm\u0171k\u00f6d\u00e9sr\u0151l \u00e9s az \u00f3r\u00e1kr\u00f3l mes\u00e9lt, hanem a m\u0171v\u00e9szet\u00e9r\u0151l \u00e9s arr\u00f3l is, hogyan jutott el a cs\u00facsra.<\/p>\n\n\n\n<h2 class=\"wp-block-heading\"><strong>Hogyan kezd\u0151d\u00f6tt az Hublot-val val\u00f3 k\u00f6z\u00f6s munka?<\/strong><\/h2>\n\n\n\n<p>Mindig is a Hublot \u00f3r\u00e1k nagy rajong\u00f3ja voltam, j\u00f3l ismerem a m\u00e1rk\u00e1t. \u00d6t \u00e9vvel ezel\u0151tt azonban az egyik z\u00fcrichi gy\u0171jt\u0151m megh\u00edvott, \u00e9s megbesz\u00e9lt egy tal\u00e1lkoz\u00f3t a Hublot-val. Eml\u00e9kszem, egy p\u00e9nteki napon 9:30-kor volt a tal\u00e1lkoz\u00f3 id\u0151pontja, \u00e9s d\u00e9lut\u00e1n f\u00e9l \u00f6tkor m\u00e9g mindig ott voltam a megbesz\u00e9l\u00e9sen. Szerelem volt els\u0151 l\u00e1t\u00e1sra. M\u00e9g aznap al\u00e1\u00edrtuk a szerz\u0151d\u00e9st \u00e9s tal\u00e1lkoztam az eg\u00e9sz csapattal. Abban a pillanatban elkezd\u0151d\u00f6tt egy fantasztikus kapcsolat \u00e9s egy\u00fcttm\u0171k\u00f6d\u00e9s.<\/p>\n\n\n\n<h2 class=\"wp-block-heading\"><strong>\u00d6n t\u00f6bbek k\u00f6z\u00f6tt arr\u00f3l is h\u00edres, hogy festm\u00e9nyeivel t\u00f6rt\u00e9neteket mes\u00e9l el. Milyen t\u00f6rt\u00e9netet szeretett volna elmondani, amikor megalkotta a Hublot \u00f3r\u00e1kat?<\/strong><\/h2>\n\n\n\n<p>Minden festm\u00e9nyem komplex t\u00f6rt\u00e9netekhez kapcsol\u00f3dik. Az\u00e9rt hoztam l\u00e9tre a \u201estorytelling\u201d m\u0171v\u00e9szet\u00e9t, mert szeretek karaktereket \u00e1br\u00e1zolni \u00e9s szeretek mes\u00e9lni vel\u00fck. Szerintem az a m\u0171v\u00e9sz, aki ma nem mes\u00e9l, nem kommunik\u00e1l igaz\u00e1n j\u00f3l. Ez a t\u00f6rt\u00e9netmes\u00e9l\u0151 m\u0171v\u00e9szetem alap\u00f6tlete. A Hublot-val val\u00f3 egy\u00fcttm\u0171k\u00f6d\u00e9st a Lipstick \u00f3r\u00e1val kezdt\u00fck. Az volt a koncepci\u00f3, hogy a 21. sz\u00e1zad n\u0151it k\u00e9pviseljem, \u00e9s a modernit\u00e1s gondolat\u00e1t egy elektromos \u00f3r\u00e1n kereszt\u00fcl mutassam meg. Az \u00f3r\u00e1k tervez\u00e9s\u00e9n\u00e9l a k\u00f6zponti t\u00e9ma a szem\u00fcveg \u00e9s a r\u00fazs volt, illetve a kubizmus form\u00e1i. Mindegyik \u00f3ra k\u00fcl\u00f6nb\u00f6z\u0151 figurat\u00edv n\u0151i arcokat \u00e1br\u00e1zol, ezekkel pr\u00f3b\u00e1ltam meg leford\u00edtani a modern n\u0151, a 21. sz\u00e1zadi n\u0151 gondolat\u00e1t. A szem\u00fcveggel, a r\u00fazsokkal \u00e9s az \u00e9les sz\u00f6gekkel igyekeztem kifejezni a moderns\u00e9get. \u00cdgy sz\u00fcletett meg ez az egy\u00e1ltal\u00e1n nem szokv\u00e1nyos alkot\u00e1s.<\/p>\n\n\n\n<figure class=\"wp-block-image size-large\"><img loading=\"lazy\" decoding=\"async\" width=\"683\" height=\"1024\" src=\"https:\/\/www.francespiration.com\/wp-content\/uploads\/2023\/09\/marc-ferrero-hublot-reportage-101-683x1024.jpeg\" alt=\"marc-ferrero-hublot\" class=\"wp-image-1425\" srcset=\"https:\/\/www.francespiration.com\/wp-content\/uploads\/2023\/09\/marc-ferrero-hublot-reportage-101-683x1024.jpeg 683w, https:\/\/www.francespiration.com\/wp-content\/uploads\/2023\/09\/marc-ferrero-hublot-reportage-101-200x300.jpeg 200w, https:\/\/www.francespiration.com\/wp-content\/uploads\/2023\/09\/marc-ferrero-hublot-reportage-101-768x1151.jpeg 768w, https:\/\/www.francespiration.com\/wp-content\/uploads\/2023\/09\/marc-ferrero-hublot-reportage-101.jpeg 854w\" sizes=\"auto, (max-width: 683px) 100vw, 683px\" \/><figcaption class=\"wp-element-caption\">Fot\u00f3: Marc Ferrero<\/figcaption><\/figure>\n\n\n\n<h2 class=\"wp-block-heading\"><strong>Hogyan l\u00e1tja a 21. sz\u00e1zadi n\u0151t?<\/strong><\/h2>\n\n\n\n<p>Napjainkban nagy v\u00e1ltoz\u00e1sok mennek v\u00e9gbe, \u00e9s a n\u0151k a legmagasabb szinten veszik ki a r\u00e9sz\u00fcket a vil\u00e1gb\u00f3l. &nbsp;A mai n\u0151 magabiztos \u00e9s kifinomult. Igazi szupern\u0151, aki sokf\u00e9le szerepeket j\u00e1tszik. Lehet femme fatale, fashionista, anya, dolgoz\u00f3 n\u0151\u2026.&nbsp; H\u0151sn\u0151, \u00e9s ez\u00e9rt \u0151 az \u00f3ra k\u00f6zponti t\u00e9m\u00e1ja.<\/p>\n\n\n\n<h2 class=\"wp-block-heading\"><strong>Milyen kih\u00edv\u00e1sok voltak az alkot\u00f3i folyamat sor\u00e1n?<\/strong><\/h2>\n\n\n\n<p>A folyamat hossz\u00fa volt, de fantasztikus volt a Hublot-val egy\u00fctt dolgozni. Az \u00f3r\u00e1k kis terei miatt olyan volt, mint egy pingpong, de ez egyben nagyon inspir\u00e1l\u00f3 is volt. Mivel fiatalon k\u00e9preg\u00e9nyeket rajtoltam, az apr\u00f3 terek nem \u00e1llnak messze t\u0151lem, \u00edgy nem volt nagy kih\u00edv\u00e1s, hogy kis t\u00e9rben kellett dolgozni. Az viszont fontos volt, hogy megtal\u00e1ljam a m\u00f3dj\u00e1t, hogyan tudom tiszteletben tartani az eredeti m\u0171v\u00e9szi alkot\u00e1st, \u00e9s azt a gondolatot, amelyet \u00e1t akartam adni a saj\u00e1t m\u0171v\u00e9szetemmel. Nagy kih\u00edv\u00e1st jelentettek a sz\u00ednek is. Ki kellett tal\u00e1lnunk, hogy melyik sz\u00edn legyen az els\u0151, amely egy hossz\u00fa folyamat volt. V\u00e9g\u00fcl a pirossal kezdt\u00fcnk, de mivel nagyon szeretem a feket\u00e9t \u00e9s a feh\u00e9ret, k\u00e9zenfekv\u0151 volt, hogy ezt k\u00f6vet\u0151en ezekkel a sz\u00ednekkel dolgozom majd. K\u00f6r\u00fclbel\u00fcl egy \u00e9vbe telt, mire elk\u00e9sz\u00fclt\u00fcnk.<\/p>\n\n\n\n<h2 class=\"wp-block-heading\"><strong>Mindig h\u00edres fest\u0151 akart lenni?<\/strong><\/h2>\n\n\n\n<p>Egy\u00e1ltal\u00e1n nem. (nevet \u2013 a szerk.) Szerintem igen vesz\u00e9lyes amb\u00edci\u00f3, mert ez nem technika \u00e9s nem tud\u00e1s k\u00e9rd\u00e9se. Sokkal ink\u00e1bb a megfelel\u0151 projektr\u0151l, a megfelel\u0151 szem\u00e9lyekr\u0151l \u00e9s a megfelel\u0151 pillanatr\u00f3l sz\u00f3l. Ez\u00e9rt amikor az ember fiatal \u00e9s naiv ez egy vesz\u00e9lyes vil\u00e1g lehet. De nyilv\u00e1nval\u00f3, hogy fest\u0151nek sz\u00fclettem. M\u00e1r eg\u00e9szen kicsi koromban sokat rajzoltam. 16 \u00e9s 22 \u00e9ves korom k\u00f6z\u00f6tt sokat utaztam, ami t\u00f6k\u00e9letes volt arra, hogy k\u00fcl\u00f6nf\u00e9le \u00e9lm\u00e9nyekkel t\u00e1pl\u00e1ljam a fant\u00e1zi\u00e1mat. Tizenegy \u00e9ves korom \u00f3ta ismertem a saj\u00e1t st\u00edlusomat, majd 20-22 \u00e9vesen elkezdtem \u00e9p\u00edteni magamat, hogy m\u0171v\u00e9sz v\u00e1ljon bel\u0151lem. \u00dagy gondolom, hogy az \u00e9let\u00fcnkben bizonyos tapasztalatokat meg kell szerezn\u00fcnk, miel\u0151tt m\u0171v\u00e9szi p\u00e1ly\u00e1ra l\u00e9p\u00fcnk, \u00e9s a tapasztalataim sokat hozz\u00e1adtak a m\u0171v\u00e9szetemhez \u00e9s a l\u00e1t\u00e1sm\u00f3domhoz.<\/p>\n\n\n\n<h2 class=\"wp-block-heading\"><strong>Igaz, hogy autodidakta m\u00f3don tanult meg festeni\u2026<\/strong><\/h2>\n\n\n\n<p>Igen, mert egy\u00e1ltal\u00e1n nem \u00e9rtettem egyet azzal, amit a m\u0171v\u00e9szetekkel kapcsolatos technik\u00e1kr\u00f3l olvastam. Amikor elmegy az ember egy m\u00fazeumba, \u00e9s megn\u00e9zi p\u00e9ld\u00e1ul Monet festm\u00e9nyeit, meg\u00e9rti, hogy ezt a technik\u00e1t nem lehet megtal\u00e1lni a k\u00f6nyvekben. Nagy k\u00fcl\u00f6nbs\u00e9g van ak\u00f6z\u00f6tt, amit olvasunk, \u00e9s amit a m\u00fazeumokban l\u00e1tunk. Ez\u00e9rt kezdtem el magamat tan\u00edtani, \u00e9s p\u00e9ld\u00e1ul a sz\u00ednek haszn\u00e1lat\u00e1ban egy sokkal filoz\u00f3fiaibb megk\u00f6zel\u00edt\u00e9st alkalmazok. Mert nem kell k\u00f6nyveket olvasnunk ahhoz, hogy tudjuk, a piros \u00e9s a z\u00f6ld egy bizonyos fajta barna sz\u00ednt hoz l\u00e9tre. Ha olajjal fest\u00fcnk, a sz\u00ednek kever\u00e9se nagyon bonyolult, ez\u00e9rt nekem m\u00e1sk\u00e9nt kellett hozz\u00e1 \u00e1llnom a sz\u00ednekhez \u00e9s az \u00e1br\u00e1zolt alakok testhelyzeteihez is. Olyan ez, mint a h\u00e1zass\u00e1g: egy\u00fctt \u00e9lhet\u00fcnk valakivel, de az akkor fog j\u00f3l m\u0171k\u00f6dni, ha tisztelj\u00fck a m\u00e1sik oldalt. Ez ugyan\u00edgy van a sz\u00ednekn\u00e9l is. Mondok egy p\u00e9ld\u00e1t: nagyon szeretem a Tao k\u00f6nyveket, \u00e9s sokkal \u00e9rdekesebbnek tartom olvasni, hogy meg\u00e9rtsem a sz\u00edneket, mint ha egy m\u0171v\u00e9szeti k\u00f6nyvben olvasn\u00e1m. Mindig azt mondom a fiataloknak \u2013 k\u00f6zt\u00fck a 17 \u00e9s 21 \u00e9ves l\u00e1nyaimnak is \u2013, hogy nagy nyom\u00e1st jelent, ha nagyon fiatalon m\u0171v\u00e9szek lesznek, mert tudj\u00e1k, hogy a m\u0171v\u00e9szet\u00fckkel p\u00e9nzt kell keresni\u00fck, \u00e9s n\u00e9ha erre nem vagyunk k\u00e9szek.<\/p>\n\n\n\n<figure class=\"wp-block-image size-large\"><img loading=\"lazy\" decoding=\"async\" width=\"1024\" height=\"682\" src=\"https:\/\/www.francespiration.com\/wp-content\/uploads\/2023\/09\/ferrero1-1024x682.jpg\" alt=\"ferrero-marc-fest\u00e9szet-hublot\" class=\"wp-image-1427\" srcset=\"https:\/\/www.francespiration.com\/wp-content\/uploads\/2023\/09\/ferrero1-1024x682.jpg 1024w, https:\/\/www.francespiration.com\/wp-content\/uploads\/2023\/09\/ferrero1-300x200.jpg 300w, https:\/\/www.francespiration.com\/wp-content\/uploads\/2023\/09\/ferrero1-768x512.jpg 768w, https:\/\/www.francespiration.com\/wp-content\/uploads\/2023\/09\/ferrero1.jpg 1280w\" sizes=\"auto, (max-width: 1024px) 100vw, 1024px\" \/><figcaption class=\"wp-element-caption\">Fot\u00f3: Marc Ferrero<\/figcaption><\/figure>\n\n\n\n<h2 class=\"wp-block-heading\"><strong>D\u00e9lnyugat-Franciaorsz\u00e1gban sz\u00fcletett \u00e9s ott is n\u0151tt fel\u2026 Hogyan hatott ez a hely a m\u0171v\u00e9szetedre?<\/strong><\/h2>\n\n\n\n<p>\u00c9desany\u00e1m francia, \u00e9desap\u00e1m Argent\u00edn\u00e1ban sz\u00fcletett, de apai oldalr\u00f3l Olaszorsz\u00e1gb\u00f3l sz\u00e1rmazik a csal\u00e1d. Charente-Maritime r\u00e9gi\u00f3ban sz\u00fclettem, La Rochelle-ben, de tizenegy \u00e9ves koromig Bordeaux-ban \u00e9ltem. Ezt k\u00f6vet\u0151en D\u00e9l-Franciaorsz\u00e1gba k\u00f6lt\u00f6zt\u00fcnk. Ezen a ter\u00fcleten mindig is sok nagyszer\u0171 m\u0171v\u00e9sz \u00e9lt Picass\u00f3t\u00f3l Monet-ig. Amiatt, hogy D\u00e9l-Franciaorsz\u00e1gban nagyon k\u00f6zel vagyunk a tengerhez \u00e9s sok a napf\u00e9ny, tal\u00e1n k\u00f6nnyebb meg\u00e9rteni a sz\u00ednek titkait. Minden fest\u0151 k\u00f6zel \u00e9rzi mag\u00e1t a v\u00edzhez \u00e9s a naphoz, \u00edgy ez r\u00e1m is hat\u00e1ssal van. Azt hiszem, ez a legjobb hely, ahol lehetek, mert nemzetk\u00f6zi, \u00e9s most sokkal \u00e9rdekesebb m\u0171v\u00e9sznek lenni D\u00e9l-Franciaorsz\u00e1gban, mint P\u00e1rizsban.<\/p>\n\n\n\n<h2 class=\"wp-block-heading\"><strong>Egy darabig P\u00e1rizsban is \u00e9lt\u2026 Mi\u00e9rt k\u00f6lt\u00f6z\u00f6tt el?<\/strong><\/h2>\n\n\n\n<p>K\u00e9t \u00e9vig \u00e9ltem ott, de nem vagyok nagy rajong\u00f3ja. Szeretem a v\u00e1rost, de a szellem\u00e9t nem \u00e9rtem. Velem ellent\u00e9tben azonban a feles\u00e9gem egy igazi p\u00e1rizsi n\u0151\u2026<\/p>\n\n\n\n<h2 class=\"wp-block-heading\"><strong>Tavaly k\u00e9t napot t\u00f6lt\u00f6tt Budapesten a leg\u00fajabb Hublot \u00fczlet megnyit\u00f3j\u00e1n. Hogy tetszett a v\u00e1ros?<\/strong><\/h2>\n\n\n\n<p>Nagyon sz\u00e9pnek l\u00e1ttam, sok remek m\u0171eml\u00e9kkel, de olyan kev\u00e9s volt az id\u0151, hogy nem tudtam mindent megn\u00e9zni. Sok mindenre k\u00edv\u00e1ncsi vagyok m\u00e9g, ez\u00e9rt szeretn\u00e9k \u00fajra ell\u00e1togatni. Szerencs\u00e9re van n\u00e9h\u00e1ny bar\u00e1tom, akik megh\u00edvtak, \u00edgy vissza kell j\u00f6nn\u00f6m, hogy v\u00e9gre t\u00f6bb id\u0151t is elt\u00f6lthessek Budapesten.<\/p>\n\n\n\n<h2 class=\"wp-block-heading\"><strong>Milyen tervei vannak a j\u00f6v\u0151re n\u00e9zve?<\/strong><\/h2>\n\n\n\n<p>Hogyan legyek a k\u00f6vetkez\u0151 Picasso\u2026 (nevet \u2013 szerkeszt\u0151). A viccet f\u00e9lret\u00e9ve, van egy ki\u00e1ll\u00edt\u00e1si tervem Los Angelesben, \u00e9s vissza kell mennem Jap\u00e1nba is, ahol nagyszer\u0171 m\u0171gy\u0171jt\u0151k vannak. Nemr\u00e9giben hozz\u00e1fogtam egy t\u00f6rt\u00e9net meg\u00edr\u00e1s\u00e1hoz a m\u0171v\u00e9szetemr\u0151l, mert az, hogy minden festm\u00e9nyem egy nagy t\u00f6rt\u00e9nethez kapcsol\u00f3dik, \u00e9s a grafikai vil\u00e1gom t\u00f6bb komoly mozifilm producert \u00e9rdekel Los Angelesben. Szeretn\u00e9nek egy nagyon er\u0151s grafikai vil\u00e1got l\u00e9trehozni a filmj\u00fckben is, ez\u00e9rt v\u00e1lasztott\u00e1k az \u00e9n munk\u00e1mat. Szerintem fantasztikus dolog, hogy t\u00f6rt\u00e9neteket festm\u00e9nyekkel mes\u00e9l\u00fcnk el, \u00e9s festm\u00e9nyeket k\u00e9sz\u00edthet\u00fcnk t\u00f6rt\u00e9netek elmes\u00e9l\u00e9s\u00e9re. Sz\u00e1momra ez egyszerre sz\u00f3l az \u00faj tapasztalatok megszerz\u00e9s\u00e9r\u0151l \u00e9s a gy\u00f6kerekhez val\u00f3 visszat\u00e9r\u00e9sr\u0151l. A t\u00f6rt\u00e9netnek, amit \u00edrok, van n\u00e9h\u00e1ny sz\u00fcrrealisztikus r\u00e9sze, ez\u00e9rt most sz\u00fcrrealista festm\u00e9nyeket k\u00e9sz\u00edtek. Haszn\u00e1lom a karaktereimet, de a kubizmust is, hogy pontosan ki tudjam fejezni azt, amit akarok. Sz\u00f3val mindent \u00f6sszekeverek. Hiszek a f\u00fazi\u00f3ban \u2013 ez\u00e9rt is dolgozom a Hublot-val \u2013, \u00e9s hiszem, hogy az \u00faj ter\u00fcletek megtal\u00e1l\u00e1sa mindig valamilyen f\u00fazi\u00f3 k\u00e9rd\u00e9se. Lehetetlen \u00faj felfedez\u00e9sre v\u00e1r\u00f3 ter\u00fcletet tal\u00e1lni, ha nem keverj\u00fck a dolgokat.<\/p>\n","protected":false},"excerpt":{"rendered":"<p>A h\u00edres kort\u00e1rs francia fest\u0151, Marc Ferrero azon kev\u00e9s m\u0171v\u00e9szek egyike, aki folyamatosan \u00faj utakat keres a m\u0171v\u00e9szet\u00e9ben. A t\u00f6rt\u00e9netmes\u00e9l\u00e9s egyik legnagyobb alakja, aki fant\u00e1zi\u00e1j\u00e1nak k\u00f6sz\u00f6nhet\u0151en hihetetlen\u00fcl gazdag k\u00e9pi vil\u00e1got \u00e1lmodott meg. T\u00f6rt\u00e9netei, szerepl\u0151i azonban nemcsak v\u00e1sznakon jelennek meg, hanem luxus\u00f3r\u00e1kon is.<\/p>\n","protected":false},"author":1,"featured_media":1426,"comment_status":"open","ping_status":"open","sticky":false,"template":"","format":"standard","meta":{"footnotes":""},"categories":[29,30],"tags":[41,42,43],"class_list":["post-1422","post","type-post","status-publish","format-standard","has-post-thumbnail","hentry","category-kultura","category-stilus","tag-festeszet","tag-hublot","tag-marc-ferrero"],"yoast_head":"<!-- This site is optimized with the Yoast SEO plugin v20.13 - https:\/\/yoast.com\/wordpress\/plugins\/seo\/ -->\n<title>Marc Ferrero, a t\u00f6rt\u00e9netmes\u00e9l\u00e9s francia m\u0171v\u00e9sze - Francespiration<\/title>\n<meta name=\"description\" content=\"A h\u00edres kort\u00e1rs francia fest\u0151, Marc Ferrero azon kev\u00e9s m\u0171v\u00e9szek egyike, aki folyamatosan \u00faj utakat keres a m\u0171v\u00e9szet\u00e9ben\" \/>\n<meta name=\"robots\" content=\"index, follow, max-snippet:-1, max-image-preview:large, max-video-preview:-1\" \/>\n<link rel=\"canonical\" href=\"https:\/\/www.francespiration.com\/index.php\/2023\/09\/07\/marc-ferrero-a-tortenetmeseles-francia-muvesze\/\" \/>\n<meta property=\"og:locale\" content=\"hu_HU\" \/>\n<meta property=\"og:type\" content=\"article\" \/>\n<meta property=\"og:title\" content=\"Marc Ferrero, a t\u00f6rt\u00e9netmes\u00e9l\u00e9s francia m\u0171v\u00e9sze - Francespiration\" \/>\n<meta property=\"og:description\" content=\"A h\u00edres kort\u00e1rs francia fest\u0151, Marc Ferrero azon kev\u00e9s m\u0171v\u00e9szek egyike, aki folyamatosan \u00faj utakat keres a m\u0171v\u00e9szet\u00e9ben\" \/>\n<meta property=\"og:url\" content=\"https:\/\/www.francespiration.com\/index.php\/2023\/09\/07\/marc-ferrero-a-tortenetmeseles-francia-muvesze\/\" \/>\n<meta property=\"og:site_name\" content=\"Francespiration\" \/>\n<meta property=\"article:published_time\" content=\"2023-09-07T08:06:12+00:00\" \/>\n<meta property=\"article:modified_time\" content=\"2023-09-07T08:07:11+00:00\" \/>\n<meta property=\"og:image\" content=\"https:\/\/www.francespiration.com\/wp-content\/uploads\/2023\/09\/ferrero-e1694073872510.jpg\" \/>\n\t<meta property=\"og:image:width\" content=\"853\" \/>\n\t<meta property=\"og:image:height\" content=\"910\" \/>\n\t<meta property=\"og:image:type\" content=\"image\/jpeg\" \/>\n<meta name=\"author\" content=\"Sz\u00f6ll\u0151si T\u00edmea\" \/>\n<meta name=\"twitter:card\" content=\"summary_large_image\" \/>\n<meta name=\"twitter:label1\" content=\"Szerz\u0151:\" \/>\n\t<meta name=\"twitter:data1\" content=\"Sz\u00f6ll\u0151si T\u00edmea\" \/>\n\t<meta name=\"twitter:label2\" content=\"Becs\u00fclt olvas\u00e1si id\u0151\" \/>\n\t<meta name=\"twitter:data2\" content=\"7 perc\" \/>\n<script type=\"application\/ld+json\" class=\"yoast-schema-graph\">{\"@context\":\"https:\/\/schema.org\",\"@graph\":[{\"@type\":\"Article\",\"@id\":\"https:\/\/www.francespiration.com\/index.php\/2023\/09\/07\/marc-ferrero-a-tortenetmeseles-francia-muvesze\/#article\",\"isPartOf\":{\"@id\":\"https:\/\/www.francespiration.com\/index.php\/2023\/09\/07\/marc-ferrero-a-tortenetmeseles-francia-muvesze\/\"},\"author\":{\"name\":\"Sz\u00f6ll\u0151si T\u00edmea\",\"@id\":\"https:\/\/www.francespiration.com\/#\/schema\/person\/83f3dc20d791bfb54664f7e0287501fa\"},\"headline\":\"Marc Ferrero, a t\u00f6rt\u00e9netmes\u00e9l\u00e9s francia m\u0171v\u00e9sze\",\"datePublished\":\"2023-09-07T08:06:12+00:00\",\"dateModified\":\"2023-09-07T08:07:11+00:00\",\"mainEntityOfPage\":{\"@id\":\"https:\/\/www.francespiration.com\/index.php\/2023\/09\/07\/marc-ferrero-a-tortenetmeseles-francia-muvesze\/\"},\"wordCount\":1745,\"commentCount\":0,\"publisher\":{\"@id\":\"https:\/\/www.francespiration.com\/#organization\"},\"keywords\":[\"fest\u00e9szet\",\"hublot\",\"marc ferrero\"],\"articleSection\":[\"KULT\u00daRA\",\"ST\u00cdLUS\"],\"inLanguage\":\"hu\",\"potentialAction\":[{\"@type\":\"CommentAction\",\"name\":\"Comment\",\"target\":[\"https:\/\/www.francespiration.com\/index.php\/2023\/09\/07\/marc-ferrero-a-tortenetmeseles-francia-muvesze\/#respond\"]}]},{\"@type\":\"WebPage\",\"@id\":\"https:\/\/www.francespiration.com\/index.php\/2023\/09\/07\/marc-ferrero-a-tortenetmeseles-francia-muvesze\/\",\"url\":\"https:\/\/www.francespiration.com\/index.php\/2023\/09\/07\/marc-ferrero-a-tortenetmeseles-francia-muvesze\/\",\"name\":\"Marc Ferrero, a t\u00f6rt\u00e9netmes\u00e9l\u00e9s francia m\u0171v\u00e9sze - Francespiration\",\"isPartOf\":{\"@id\":\"https:\/\/www.francespiration.com\/#website\"},\"datePublished\":\"2023-09-07T08:06:12+00:00\",\"dateModified\":\"2023-09-07T08:07:11+00:00\",\"description\":\"A h\u00edres kort\u00e1rs francia fest\u0151, Marc Ferrero azon kev\u00e9s m\u0171v\u00e9szek egyike, aki folyamatosan \u00faj utakat keres a m\u0171v\u00e9szet\u00e9ben\",\"breadcrumb\":{\"@id\":\"https:\/\/www.francespiration.com\/index.php\/2023\/09\/07\/marc-ferrero-a-tortenetmeseles-francia-muvesze\/#breadcrumb\"},\"inLanguage\":\"hu\",\"potentialAction\":[{\"@type\":\"ReadAction\",\"target\":[\"https:\/\/www.francespiration.com\/index.php\/2023\/09\/07\/marc-ferrero-a-tortenetmeseles-francia-muvesze\/\"]}]},{\"@type\":\"BreadcrumbList\",\"@id\":\"https:\/\/www.francespiration.com\/index.php\/2023\/09\/07\/marc-ferrero-a-tortenetmeseles-francia-muvesze\/#breadcrumb\",\"itemListElement\":[{\"@type\":\"ListItem\",\"position\":1,\"name\":\"Kezd\u0151lap\",\"item\":\"https:\/\/www.francespiration.com\/\"},{\"@type\":\"ListItem\",\"position\":2,\"name\":\"Marc Ferrero, a t\u00f6rt\u00e9netmes\u00e9l\u00e9s francia m\u0171v\u00e9sze\"}]},{\"@type\":\"WebSite\",\"@id\":\"https:\/\/www.francespiration.com\/#website\",\"url\":\"https:\/\/www.francespiration.com\/\",\"name\":\"Francespiration\",\"description\":\"Just another WordPress site\",\"publisher\":{\"@id\":\"https:\/\/www.francespiration.com\/#organization\"},\"potentialAction\":[{\"@type\":\"SearchAction\",\"target\":{\"@type\":\"EntryPoint\",\"urlTemplate\":\"https:\/\/www.francespiration.com\/?s={search_term_string}\"},\"query-input\":\"required name=search_term_string\"}],\"inLanguage\":\"hu\"},{\"@type\":\"Organization\",\"@id\":\"https:\/\/www.francespiration.com\/#organization\",\"name\":\"Francespiration\",\"url\":\"https:\/\/www.francespiration.com\/\",\"logo\":{\"@type\":\"ImageObject\",\"inLanguage\":\"hu\",\"@id\":\"https:\/\/www.francespiration.com\/#\/schema\/logo\/image\/\",\"url\":\"https:\/\/www.francespiration.com\/wp-content\/uploads\/2022\/09\/4d-also-scaled.jpg\",\"contentUrl\":\"https:\/\/www.francespiration.com\/wp-content\/uploads\/2022\/09\/4d-also-scaled.jpg\",\"width\":2560,\"height\":913,\"caption\":\"Francespiration\"},\"image\":{\"@id\":\"https:\/\/www.francespiration.com\/#\/schema\/logo\/image\/\"}},{\"@type\":\"Person\",\"@id\":\"https:\/\/www.francespiration.com\/#\/schema\/person\/83f3dc20d791bfb54664f7e0287501fa\",\"name\":\"Sz\u00f6ll\u0151si T\u00edmea\",\"image\":{\"@type\":\"ImageObject\",\"inLanguage\":\"hu\",\"@id\":\"https:\/\/www.francespiration.com\/#\/schema\/person\/image\/\",\"url\":\"https:\/\/secure.gravatar.com\/avatar\/1fd2e7bebd99ada3a170be066229da8dce9b7f9ba3748e0b659e39e5f31eb56a?s=96&d=mm&r=g\",\"contentUrl\":\"https:\/\/secure.gravatar.com\/avatar\/1fd2e7bebd99ada3a170be066229da8dce9b7f9ba3748e0b659e39e5f31eb56a?s=96&d=mm&r=g\",\"caption\":\"Sz\u00f6ll\u0151si T\u00edmea\"},\"sameAs\":[\"https:\/\/www.francespiration.com\"],\"url\":\"https:\/\/www.francespiration.com\/index.php\/author\/szollotimi\/\"}]}<\/script>\n<!-- \/ Yoast SEO plugin. -->","yoast_head_json":{"title":"Marc Ferrero, a t\u00f6rt\u00e9netmes\u00e9l\u00e9s francia m\u0171v\u00e9sze - Francespiration","description":"A h\u00edres kort\u00e1rs francia fest\u0151, Marc Ferrero azon kev\u00e9s m\u0171v\u00e9szek egyike, aki folyamatosan \u00faj utakat keres a m\u0171v\u00e9szet\u00e9ben","robots":{"index":"index","follow":"follow","max-snippet":"max-snippet:-1","max-image-preview":"max-image-preview:large","max-video-preview":"max-video-preview:-1"},"canonical":"https:\/\/www.francespiration.com\/index.php\/2023\/09\/07\/marc-ferrero-a-tortenetmeseles-francia-muvesze\/","og_locale":"hu_HU","og_type":"article","og_title":"Marc Ferrero, a t\u00f6rt\u00e9netmes\u00e9l\u00e9s francia m\u0171v\u00e9sze - Francespiration","og_description":"A h\u00edres kort\u00e1rs francia fest\u0151, Marc Ferrero azon kev\u00e9s m\u0171v\u00e9szek egyike, aki folyamatosan \u00faj utakat keres a m\u0171v\u00e9szet\u00e9ben","og_url":"https:\/\/www.francespiration.com\/index.php\/2023\/09\/07\/marc-ferrero-a-tortenetmeseles-francia-muvesze\/","og_site_name":"Francespiration","article_published_time":"2023-09-07T08:06:12+00:00","article_modified_time":"2023-09-07T08:07:11+00:00","og_image":[{"width":853,"height":910,"url":"https:\/\/www.francespiration.com\/wp-content\/uploads\/2023\/09\/ferrero-e1694073872510.jpg","type":"image\/jpeg"}],"author":"Sz\u00f6ll\u0151si T\u00edmea","twitter_card":"summary_large_image","twitter_misc":{"Szerz\u0151:":"Sz\u00f6ll\u0151si T\u00edmea","Becs\u00fclt olvas\u00e1si id\u0151":"7 perc"},"schema":{"@context":"https:\/\/schema.org","@graph":[{"@type":"Article","@id":"https:\/\/www.francespiration.com\/index.php\/2023\/09\/07\/marc-ferrero-a-tortenetmeseles-francia-muvesze\/#article","isPartOf":{"@id":"https:\/\/www.francespiration.com\/index.php\/2023\/09\/07\/marc-ferrero-a-tortenetmeseles-francia-muvesze\/"},"author":{"name":"Sz\u00f6ll\u0151si T\u00edmea","@id":"https:\/\/www.francespiration.com\/#\/schema\/person\/83f3dc20d791bfb54664f7e0287501fa"},"headline":"Marc Ferrero, a t\u00f6rt\u00e9netmes\u00e9l\u00e9s francia m\u0171v\u00e9sze","datePublished":"2023-09-07T08:06:12+00:00","dateModified":"2023-09-07T08:07:11+00:00","mainEntityOfPage":{"@id":"https:\/\/www.francespiration.com\/index.php\/2023\/09\/07\/marc-ferrero-a-tortenetmeseles-francia-muvesze\/"},"wordCount":1745,"commentCount":0,"publisher":{"@id":"https:\/\/www.francespiration.com\/#organization"},"keywords":["fest\u00e9szet","hublot","marc ferrero"],"articleSection":["KULT\u00daRA","ST\u00cdLUS"],"inLanguage":"hu","potentialAction":[{"@type":"CommentAction","name":"Comment","target":["https:\/\/www.francespiration.com\/index.php\/2023\/09\/07\/marc-ferrero-a-tortenetmeseles-francia-muvesze\/#respond"]}]},{"@type":"WebPage","@id":"https:\/\/www.francespiration.com\/index.php\/2023\/09\/07\/marc-ferrero-a-tortenetmeseles-francia-muvesze\/","url":"https:\/\/www.francespiration.com\/index.php\/2023\/09\/07\/marc-ferrero-a-tortenetmeseles-francia-muvesze\/","name":"Marc Ferrero, a t\u00f6rt\u00e9netmes\u00e9l\u00e9s francia m\u0171v\u00e9sze - Francespiration","isPartOf":{"@id":"https:\/\/www.francespiration.com\/#website"},"datePublished":"2023-09-07T08:06:12+00:00","dateModified":"2023-09-07T08:07:11+00:00","description":"A h\u00edres kort\u00e1rs francia fest\u0151, Marc Ferrero azon kev\u00e9s m\u0171v\u00e9szek egyike, aki folyamatosan \u00faj utakat keres a m\u0171v\u00e9szet\u00e9ben","breadcrumb":{"@id":"https:\/\/www.francespiration.com\/index.php\/2023\/09\/07\/marc-ferrero-a-tortenetmeseles-francia-muvesze\/#breadcrumb"},"inLanguage":"hu","potentialAction":[{"@type":"ReadAction","target":["https:\/\/www.francespiration.com\/index.php\/2023\/09\/07\/marc-ferrero-a-tortenetmeseles-francia-muvesze\/"]}]},{"@type":"BreadcrumbList","@id":"https:\/\/www.francespiration.com\/index.php\/2023\/09\/07\/marc-ferrero-a-tortenetmeseles-francia-muvesze\/#breadcrumb","itemListElement":[{"@type":"ListItem","position":1,"name":"Kezd\u0151lap","item":"https:\/\/www.francespiration.com\/"},{"@type":"ListItem","position":2,"name":"Marc Ferrero, a t\u00f6rt\u00e9netmes\u00e9l\u00e9s francia m\u0171v\u00e9sze"}]},{"@type":"WebSite","@id":"https:\/\/www.francespiration.com\/#website","url":"https:\/\/www.francespiration.com\/","name":"Francespiration","description":"Just another WordPress site","publisher":{"@id":"https:\/\/www.francespiration.com\/#organization"},"potentialAction":[{"@type":"SearchAction","target":{"@type":"EntryPoint","urlTemplate":"https:\/\/www.francespiration.com\/?s={search_term_string}"},"query-input":"required name=search_term_string"}],"inLanguage":"hu"},{"@type":"Organization","@id":"https:\/\/www.francespiration.com\/#organization","name":"Francespiration","url":"https:\/\/www.francespiration.com\/","logo":{"@type":"ImageObject","inLanguage":"hu","@id":"https:\/\/www.francespiration.com\/#\/schema\/logo\/image\/","url":"https:\/\/www.francespiration.com\/wp-content\/uploads\/2022\/09\/4d-also-scaled.jpg","contentUrl":"https:\/\/www.francespiration.com\/wp-content\/uploads\/2022\/09\/4d-also-scaled.jpg","width":2560,"height":913,"caption":"Francespiration"},"image":{"@id":"https:\/\/www.francespiration.com\/#\/schema\/logo\/image\/"}},{"@type":"Person","@id":"https:\/\/www.francespiration.com\/#\/schema\/person\/83f3dc20d791bfb54664f7e0287501fa","name":"Sz\u00f6ll\u0151si T\u00edmea","image":{"@type":"ImageObject","inLanguage":"hu","@id":"https:\/\/www.francespiration.com\/#\/schema\/person\/image\/","url":"https:\/\/secure.gravatar.com\/avatar\/1fd2e7bebd99ada3a170be066229da8dce9b7f9ba3748e0b659e39e5f31eb56a?s=96&d=mm&r=g","contentUrl":"https:\/\/secure.gravatar.com\/avatar\/1fd2e7bebd99ada3a170be066229da8dce9b7f9ba3748e0b659e39e5f31eb56a?s=96&d=mm&r=g","caption":"Sz\u00f6ll\u0151si T\u00edmea"},"sameAs":["https:\/\/www.francespiration.com"],"url":"https:\/\/www.francespiration.com\/index.php\/author\/szollotimi\/"}]}},"_links":{"self":[{"href":"https:\/\/www.francespiration.com\/index.php\/wp-json\/wp\/v2\/posts\/1422","targetHints":{"allow":["GET"]}}],"collection":[{"href":"https:\/\/www.francespiration.com\/index.php\/wp-json\/wp\/v2\/posts"}],"about":[{"href":"https:\/\/www.francespiration.com\/index.php\/wp-json\/wp\/v2\/types\/post"}],"author":[{"embeddable":true,"href":"https:\/\/www.francespiration.com\/index.php\/wp-json\/wp\/v2\/users\/1"}],"replies":[{"embeddable":true,"href":"https:\/\/www.francespiration.com\/index.php\/wp-json\/wp\/v2\/comments?post=1422"}],"version-history":[{"count":3,"href":"https:\/\/www.francespiration.com\/index.php\/wp-json\/wp\/v2\/posts\/1422\/revisions"}],"predecessor-version":[{"id":1428,"href":"https:\/\/www.francespiration.com\/index.php\/wp-json\/wp\/v2\/posts\/1422\/revisions\/1428"}],"wp:featuredmedia":[{"embeddable":true,"href":"https:\/\/www.francespiration.com\/index.php\/wp-json\/wp\/v2\/media\/1426"}],"wp:attachment":[{"href":"https:\/\/www.francespiration.com\/index.php\/wp-json\/wp\/v2\/media?parent=1422"}],"wp:term":[{"taxonomy":"category","embeddable":true,"href":"https:\/\/www.francespiration.com\/index.php\/wp-json\/wp\/v2\/categories?post=1422"},{"taxonomy":"post_tag","embeddable":true,"href":"https:\/\/www.francespiration.com\/index.php\/wp-json\/wp\/v2\/tags?post=1422"}],"curies":[{"name":"wp","href":"https:\/\/api.w.org\/{rel}","templated":true}]}}