{"id":1430,"date":"2023-09-07T09:10:04","date_gmt":"2023-09-07T09:10:04","guid":{"rendered":"https:\/\/www.francespiration.com\/?p=1430"},"modified":"2023-09-07T09:10:55","modified_gmt":"2023-09-07T09:10:55","slug":"ahol-picasso-es-hemingway-is-kavezott","status":"publish","type":"post","link":"https:\/\/www.francespiration.com\/index.php\/2023\/09\/07\/ahol-picasso-es-hemingway-is-kavezott\/","title":{"rendered":"Ahol Picasso \u00e9s Hemingway is k\u00e1v\u00e9zott"},"content":{"rendered":"\n<p><strong>A Szajna bal partj\u00e1n \u00fcld\u00f6g\u00e9l\u0151 vil\u00e1gh\u00edr\u0171 k\u00e1v\u00e9z\u00f3 minden P\u00e1rizsba l\u00e1togat\u00f3 turista \u00fatiterv\u00e9ben szerepel. A p\u00e1rizsi k\u00e1v\u00e9z\u00f3k legikonikusabb darabja 1884 \u00f3ta m\u0171k\u00f6dik \u00e9s az\u00f3ta is kiemelked\u0151 szerepet j\u00e1tszik a francia irodalmi k\u00f6r\u00f6kben. <\/strong><\/p>\n\n\n\n<!--more-->\n\n\n\n<h2 class=\"wp-block-heading\">H\u00edres mandarinok<\/h2>\n\n\n\n<p>Szokatlan nev\u00e9t m\u00e1r akkor is viselte, amikor m\u00e9g a Rue de Buci 23. sz\u00e1m alatt tal\u00e1lhat\u00f3 textilboltk\u00e9nt m\u0171k\u00f6d\u00f6tt. Az \u00fczlet f\u0151 profilja ekkor a selyem feh\u00e9rnem\u0171 volt, \u00e9s nev\u00e9t az akkor (az 1800-as \u00e9vek) oly n\u00e9pszer\u0171 porcel\u00e1nr\u00f3l kapta, amely a Les Deux Magots de la Chine volt. A \u201emagot\u201d sz\u00f3 szerint azt jelenti: \u201eT\u00e1vol-Keletr\u0151l sz\u00e1rmaz\u00f3 k\u00e9szlet\u201d, \u00e9s ebben az esetben k\u00e9t k\u00ednai mandarin figur\u00e1t jelent, akik der\u0171sen b\u00e1mulj\u00e1k a helyis\u00e9get, \u00e9s figyelik az ott t\u00f6rt\u00e9n\u0151 dolgokat. <\/p>\n\n\n\n<p>1873-ban a v\u00e1llalkoz\u00e1s \u00e1tker\u00fclt jelenlegi hely\u00e9re, majd 1884-ben k\u00e1v\u00e9z\u00f3v\u00e1 \u00e9s italboltt\u00e1 alak\u00edtott\u00e1k. 1914-ben Auguste Boulay megv\u00e1s\u00e1rolta az akkor cs\u0151d sz\u00e9l\u00e9n \u00e1ll\u00f3 v\u00e1llalkoz\u00e1st 400.000 frank\u00e9rt, \u00e9s a k\u00e1v\u00e9z\u00f3t jelenleg is az \u0151 d\u00e9dunok\u00e1ja, Catherine Mathivat vezeti.<\/p>\n\n\n\n<p>A P\u00e1rizs Saint Germain des Pres negyed\u00e9ben tal\u00e1lhat\u00f3 k\u00e1v\u00e9z\u00f3 a v\u00e1ros irodalmi \u00e9s szellemi elitj\u00e9nek n\u00e9pszer\u0171 tal\u00e1lkoz\u00f3helye lett \u00e9s a befoly\u00e1sos irodalmi \u00e9s m\u0171v\u00e9szeti \u00fcgyf\u00e9lk\u00f6r\u00e9nek k\u00f6sz\u00f6nhet\u0151en mindenki megismerte. Els\u0151 figyelemrem\u00e9lt\u00f3 l\u00e1togat\u00f3i Paul Verlaine \u00e9s Arthur Rimbaud szimbolista k\u00f6lt\u0151k voltak, de a k\u00e1v\u00e9z\u00f3 f\u00e9nykora az els\u0151 vil\u00e1gh\u00e1bor\u00fa ut\u00e1ni id\u0151szakban k\u00f6sz\u00f6nt\u00f6tt be.<\/p>\n\n\n\n<p>Itt k\u00e1v\u00e9ztak \u00e9s tal\u00e1lkoztak egym\u00e1ssal az egzisztencialist\u00e1k, mint Jean-Paul Sartre, a sz\u00fcrrealist\u00e1k, mint Andr\u00e9 Breton, \u00e9s a reg\u00e9ny\u00edr\u00f3k, mint p\u00e9ld\u00e1ul James Joyce \u00e9s Bertold Brecht. A Les Deux Magots olyan amerikai emigr\u00e1nsok k\u00f6r\u00e9ben is  n\u00e9pszer\u0171 volt, mint James Baldwin \u00e9s Ernest Hemingway, aki egy els\u0151 emeleti asztaln\u00e1l \u00edrta a Fiesta &#8211; A nap is felkel c\u00edm\u0171 k\u00f6nyv\u00e9t, de ide j\u00e1rt Pablo Picasso is Dora Maarral kar\u00f6ltve.<\/p>\n\n\n\n<h2 class=\"wp-block-heading\">Irodalmi d\u00edj \u00e9s turistal\u00e1tv\u00e1nyoss\u00e1g<\/h2>\n\n\n\n<p>Az 1930-as \u00e9vek aranykor\u00e1hoz h\u0171 maradva a k\u00e1v\u00e9z\u00f3 meg\u0151rizte Art Deco bels\u0151 ter\u00e9t piros \u00fcl\u0151garnit\u00far\u00e1kkal, mahag\u00f3ni asztalokkal, falig \u00e9r\u0151 t\u00fckr\u00f6kkel \u00e9s csill\u00e1rokkal. A falakon imm\u00e1r az egykori k\u00fcl\u00f6nleges vend\u00e9gek portr\u00e9i l\u00f3gnak a k\u00e9t ikonikus mandarin figur\u00e1val. 1933-ban alap\u00edtott\u00e1k a Prix des Deux Magots-d\u00edjat, amelyet az\u00f3ta \u00e9vente egy francia reg\u00e9nynek \u00edt\u00e9lnek oda, amely soha nem egy szokv\u00e1nyos alkot\u00e1s. A k\u00e1v\u00e9z\u00f3 \u00e1ltal k\u00e9sz\u00edtett ingyenes irodalmi foly\u00f3irat pedig tov\u00e1bbra is megjelenik \u00e9s a v\u00e1s\u00e1rl\u00f3k rendelkez\u00e9s\u00e9re \u00e1ll.<\/p>\n\n\n\n<p>A Les Deux Magots manaps\u00e1g is annyira n\u00e9pszer\u0171, hogy eb\u00e9did\u0151ben minden nap k\u00edgy\u00f3z\u00f3 sorban v\u00e1rj\u00e1k az emberek, hogy k\u00f6zel f\u00e9l\u00f3r\u00e1s sorban\u00e1ll\u00e1s ut\u00e1n v\u00e9gre bebocs\u00e1t\u00e1st nyerjenek.<\/p>\n","protected":false},"excerpt":{"rendered":"<p>A Szajna bal partj\u00e1n \u00fcld\u00f6g\u00e9l\u0151 vil\u00e1gh\u00edr\u0171 k\u00e1v\u00e9z\u00f3 minden P\u00e1rizsba l\u00e1togat\u00f3 turista \u00fatiterv\u00e9ben szerepel. A p\u00e1rizsi k\u00e1v\u00e9z\u00f3k legikonikusabb darabja 1884 \u00f3ta m\u0171k\u00f6dik \u00e9s az\u00f3ta is kiemelked\u0151 szerepet j\u00e1tszik a francia irodalmi k\u00f6r\u00f6kben.<\/p>\n","protected":false},"author":1,"featured_media":1440,"comment_status":"open","ping_status":"open","sticky":false,"template":"","format":"standard","meta":{"footnotes":""},"categories":[31,28],"tags":[46,45,44,47],"class_list":["post-1430","post","type-post","status-publish","format-standard","has-post-thumbnail","hentry","category-konyha","category-helyek","tag-cafe","tag-kavezo","tag-les-deux-magots","tag-parizs"],"yoast_head":"<!-- This site is optimized with the Yoast SEO plugin v20.13 - https:\/\/yoast.com\/wordpress\/plugins\/seo\/ -->\n<title>Ahol Picasso \u00e9s Hemingway is k\u00e1v\u00e9zott - Francespiration<\/title>\n<meta name=\"description\" content=\"A Les Deux Magots a p\u00e1rizsi k\u00e1v\u00e9z\u00f3k legikonikusabb darabja 1884 \u00f3ta m\u0171k\u00f6dik \u00e9s az\u00f3ta is kiemelked\u0151 szerepet j\u00e1tszik.\" \/>\n<meta name=\"robots\" content=\"index, follow, max-snippet:-1, max-image-preview:large, max-video-preview:-1\" \/>\n<link rel=\"canonical\" href=\"https:\/\/www.francespiration.com\/index.php\/2023\/09\/07\/ahol-picasso-es-hemingway-is-kavezott\/\" \/>\n<meta property=\"og:locale\" content=\"hu_HU\" \/>\n<meta property=\"og:type\" content=\"article\" \/>\n<meta property=\"og:title\" content=\"Ahol Picasso \u00e9s Hemingway is k\u00e1v\u00e9zott - Francespiration\" \/>\n<meta property=\"og:description\" content=\"A Les Deux Magots a p\u00e1rizsi k\u00e1v\u00e9z\u00f3k legikonikusabb darabja 1884 \u00f3ta m\u0171k\u00f6dik \u00e9s az\u00f3ta is kiemelked\u0151 szerepet j\u00e1tszik.\" \/>\n<meta property=\"og:url\" content=\"https:\/\/www.francespiration.com\/index.php\/2023\/09\/07\/ahol-picasso-es-hemingway-is-kavezott\/\" \/>\n<meta property=\"og:site_name\" content=\"Francespiration\" \/>\n<meta property=\"article:published_time\" content=\"2023-09-07T09:10:04+00:00\" \/>\n<meta property=\"article:modified_time\" content=\"2023-09-07T09:10:55+00:00\" \/>\n<meta property=\"og:image\" content=\"https:\/\/www.francespiration.com\/wp-content\/uploads\/2023\/09\/le-deux-magots.jpg\" \/>\n\t<meta property=\"og:image:width\" content=\"1023\" \/>\n\t<meta property=\"og:image:height\" content=\"683\" \/>\n\t<meta property=\"og:image:type\" content=\"image\/jpeg\" \/>\n<meta name=\"author\" content=\"Sz\u00f6ll\u0151si T\u00edmea\" \/>\n<meta name=\"twitter:card\" content=\"summary_large_image\" \/>\n<meta name=\"twitter:label1\" content=\"Szerz\u0151:\" \/>\n\t<meta name=\"twitter:data1\" content=\"Sz\u00f6ll\u0151si T\u00edmea\" \/>\n\t<meta name=\"twitter:label2\" content=\"Becs\u00fclt olvas\u00e1si id\u0151\" \/>\n\t<meta name=\"twitter:data2\" content=\"2 perc\" \/>\n<script type=\"application\/ld+json\" class=\"yoast-schema-graph\">{\"@context\":\"https:\/\/schema.org\",\"@graph\":[{\"@type\":\"Article\",\"@id\":\"https:\/\/www.francespiration.com\/index.php\/2023\/09\/07\/ahol-picasso-es-hemingway-is-kavezott\/#article\",\"isPartOf\":{\"@id\":\"https:\/\/www.francespiration.com\/index.php\/2023\/09\/07\/ahol-picasso-es-hemingway-is-kavezott\/\"},\"author\":{\"name\":\"Sz\u00f6ll\u0151si T\u00edmea\",\"@id\":\"https:\/\/www.francespiration.com\/#\/schema\/person\/83f3dc20d791bfb54664f7e0287501fa\"},\"headline\":\"Ahol Picasso \u00e9s Hemingway is k\u00e1v\u00e9zott\",\"datePublished\":\"2023-09-07T09:10:04+00:00\",\"dateModified\":\"2023-09-07T09:10:55+00:00\",\"mainEntityOfPage\":{\"@id\":\"https:\/\/www.francespiration.com\/index.php\/2023\/09\/07\/ahol-picasso-es-hemingway-is-kavezott\/\"},\"wordCount\":553,\"commentCount\":0,\"publisher\":{\"@id\":\"https:\/\/www.francespiration.com\/#organization\"},\"keywords\":[\"caf\u00e9\",\"k\u00e1v\u00e9z\u00f3\",\"les deux magots\",\"p\u00e1rizs\"],\"articleSection\":[\"KONYHA\",\"K\u00dcL\u00d6NLEGES HELYEK\"],\"inLanguage\":\"hu\",\"potentialAction\":[{\"@type\":\"CommentAction\",\"name\":\"Comment\",\"target\":[\"https:\/\/www.francespiration.com\/index.php\/2023\/09\/07\/ahol-picasso-es-hemingway-is-kavezott\/#respond\"]}]},{\"@type\":\"WebPage\",\"@id\":\"https:\/\/www.francespiration.com\/index.php\/2023\/09\/07\/ahol-picasso-es-hemingway-is-kavezott\/\",\"url\":\"https:\/\/www.francespiration.com\/index.php\/2023\/09\/07\/ahol-picasso-es-hemingway-is-kavezott\/\",\"name\":\"Ahol Picasso \u00e9s Hemingway is k\u00e1v\u00e9zott - Francespiration\",\"isPartOf\":{\"@id\":\"https:\/\/www.francespiration.com\/#website\"},\"datePublished\":\"2023-09-07T09:10:04+00:00\",\"dateModified\":\"2023-09-07T09:10:55+00:00\",\"description\":\"A Les Deux Magots a p\u00e1rizsi k\u00e1v\u00e9z\u00f3k legikonikusabb darabja 1884 \u00f3ta m\u0171k\u00f6dik \u00e9s az\u00f3ta is kiemelked\u0151 szerepet j\u00e1tszik.\",\"breadcrumb\":{\"@id\":\"https:\/\/www.francespiration.com\/index.php\/2023\/09\/07\/ahol-picasso-es-hemingway-is-kavezott\/#breadcrumb\"},\"inLanguage\":\"hu\",\"potentialAction\":[{\"@type\":\"ReadAction\",\"target\":[\"https:\/\/www.francespiration.com\/index.php\/2023\/09\/07\/ahol-picasso-es-hemingway-is-kavezott\/\"]}]},{\"@type\":\"BreadcrumbList\",\"@id\":\"https:\/\/www.francespiration.com\/index.php\/2023\/09\/07\/ahol-picasso-es-hemingway-is-kavezott\/#breadcrumb\",\"itemListElement\":[{\"@type\":\"ListItem\",\"position\":1,\"name\":\"Kezd\u0151lap\",\"item\":\"https:\/\/www.francespiration.com\/\"},{\"@type\":\"ListItem\",\"position\":2,\"name\":\"Ahol Picasso \u00e9s Hemingway is k\u00e1v\u00e9zott\"}]},{\"@type\":\"WebSite\",\"@id\":\"https:\/\/www.francespiration.com\/#website\",\"url\":\"https:\/\/www.francespiration.com\/\",\"name\":\"Francespiration\",\"description\":\"Just another WordPress site\",\"publisher\":{\"@id\":\"https:\/\/www.francespiration.com\/#organization\"},\"potentialAction\":[{\"@type\":\"SearchAction\",\"target\":{\"@type\":\"EntryPoint\",\"urlTemplate\":\"https:\/\/www.francespiration.com\/?s={search_term_string}\"},\"query-input\":\"required name=search_term_string\"}],\"inLanguage\":\"hu\"},{\"@type\":\"Organization\",\"@id\":\"https:\/\/www.francespiration.com\/#organization\",\"name\":\"Francespiration\",\"url\":\"https:\/\/www.francespiration.com\/\",\"logo\":{\"@type\":\"ImageObject\",\"inLanguage\":\"hu\",\"@id\":\"https:\/\/www.francespiration.com\/#\/schema\/logo\/image\/\",\"url\":\"https:\/\/www.francespiration.com\/wp-content\/uploads\/2022\/09\/4d-also-scaled.jpg\",\"contentUrl\":\"https:\/\/www.francespiration.com\/wp-content\/uploads\/2022\/09\/4d-also-scaled.jpg\",\"width\":2560,\"height\":913,\"caption\":\"Francespiration\"},\"image\":{\"@id\":\"https:\/\/www.francespiration.com\/#\/schema\/logo\/image\/\"}},{\"@type\":\"Person\",\"@id\":\"https:\/\/www.francespiration.com\/#\/schema\/person\/83f3dc20d791bfb54664f7e0287501fa\",\"name\":\"Sz\u00f6ll\u0151si T\u00edmea\",\"image\":{\"@type\":\"ImageObject\",\"inLanguage\":\"hu\",\"@id\":\"https:\/\/www.francespiration.com\/#\/schema\/person\/image\/\",\"url\":\"https:\/\/secure.gravatar.com\/avatar\/1fd2e7bebd99ada3a170be066229da8dce9b7f9ba3748e0b659e39e5f31eb56a?s=96&d=mm&r=g\",\"contentUrl\":\"https:\/\/secure.gravatar.com\/avatar\/1fd2e7bebd99ada3a170be066229da8dce9b7f9ba3748e0b659e39e5f31eb56a?s=96&d=mm&r=g\",\"caption\":\"Sz\u00f6ll\u0151si T\u00edmea\"},\"sameAs\":[\"https:\/\/www.francespiration.com\"],\"url\":\"https:\/\/www.francespiration.com\/index.php\/author\/szollotimi\/\"}]}<\/script>\n<!-- \/ Yoast SEO plugin. -->","yoast_head_json":{"title":"Ahol Picasso \u00e9s Hemingway is k\u00e1v\u00e9zott - Francespiration","description":"A Les Deux Magots a p\u00e1rizsi k\u00e1v\u00e9z\u00f3k legikonikusabb darabja 1884 \u00f3ta m\u0171k\u00f6dik \u00e9s az\u00f3ta is kiemelked\u0151 szerepet j\u00e1tszik.","robots":{"index":"index","follow":"follow","max-snippet":"max-snippet:-1","max-image-preview":"max-image-preview:large","max-video-preview":"max-video-preview:-1"},"canonical":"https:\/\/www.francespiration.com\/index.php\/2023\/09\/07\/ahol-picasso-es-hemingway-is-kavezott\/","og_locale":"hu_HU","og_type":"article","og_title":"Ahol Picasso \u00e9s Hemingway is k\u00e1v\u00e9zott - Francespiration","og_description":"A Les Deux Magots a p\u00e1rizsi k\u00e1v\u00e9z\u00f3k legikonikusabb darabja 1884 \u00f3ta m\u0171k\u00f6dik \u00e9s az\u00f3ta is kiemelked\u0151 szerepet j\u00e1tszik.","og_url":"https:\/\/www.francespiration.com\/index.php\/2023\/09\/07\/ahol-picasso-es-hemingway-is-kavezott\/","og_site_name":"Francespiration","article_published_time":"2023-09-07T09:10:04+00:00","article_modified_time":"2023-09-07T09:10:55+00:00","og_image":[{"width":1023,"height":683,"url":"https:\/\/www.francespiration.com\/wp-content\/uploads\/2023\/09\/le-deux-magots.jpg","type":"image\/jpeg"}],"author":"Sz\u00f6ll\u0151si T\u00edmea","twitter_card":"summary_large_image","twitter_misc":{"Szerz\u0151:":"Sz\u00f6ll\u0151si T\u00edmea","Becs\u00fclt olvas\u00e1si id\u0151":"2 perc"},"schema":{"@context":"https:\/\/schema.org","@graph":[{"@type":"Article","@id":"https:\/\/www.francespiration.com\/index.php\/2023\/09\/07\/ahol-picasso-es-hemingway-is-kavezott\/#article","isPartOf":{"@id":"https:\/\/www.francespiration.com\/index.php\/2023\/09\/07\/ahol-picasso-es-hemingway-is-kavezott\/"},"author":{"name":"Sz\u00f6ll\u0151si T\u00edmea","@id":"https:\/\/www.francespiration.com\/#\/schema\/person\/83f3dc20d791bfb54664f7e0287501fa"},"headline":"Ahol Picasso \u00e9s Hemingway is k\u00e1v\u00e9zott","datePublished":"2023-09-07T09:10:04+00:00","dateModified":"2023-09-07T09:10:55+00:00","mainEntityOfPage":{"@id":"https:\/\/www.francespiration.com\/index.php\/2023\/09\/07\/ahol-picasso-es-hemingway-is-kavezott\/"},"wordCount":553,"commentCount":0,"publisher":{"@id":"https:\/\/www.francespiration.com\/#organization"},"keywords":["caf\u00e9","k\u00e1v\u00e9z\u00f3","les deux magots","p\u00e1rizs"],"articleSection":["KONYHA","K\u00dcL\u00d6NLEGES HELYEK"],"inLanguage":"hu","potentialAction":[{"@type":"CommentAction","name":"Comment","target":["https:\/\/www.francespiration.com\/index.php\/2023\/09\/07\/ahol-picasso-es-hemingway-is-kavezott\/#respond"]}]},{"@type":"WebPage","@id":"https:\/\/www.francespiration.com\/index.php\/2023\/09\/07\/ahol-picasso-es-hemingway-is-kavezott\/","url":"https:\/\/www.francespiration.com\/index.php\/2023\/09\/07\/ahol-picasso-es-hemingway-is-kavezott\/","name":"Ahol Picasso \u00e9s Hemingway is k\u00e1v\u00e9zott - Francespiration","isPartOf":{"@id":"https:\/\/www.francespiration.com\/#website"},"datePublished":"2023-09-07T09:10:04+00:00","dateModified":"2023-09-07T09:10:55+00:00","description":"A Les Deux Magots a p\u00e1rizsi k\u00e1v\u00e9z\u00f3k legikonikusabb darabja 1884 \u00f3ta m\u0171k\u00f6dik \u00e9s az\u00f3ta is kiemelked\u0151 szerepet j\u00e1tszik.","breadcrumb":{"@id":"https:\/\/www.francespiration.com\/index.php\/2023\/09\/07\/ahol-picasso-es-hemingway-is-kavezott\/#breadcrumb"},"inLanguage":"hu","potentialAction":[{"@type":"ReadAction","target":["https:\/\/www.francespiration.com\/index.php\/2023\/09\/07\/ahol-picasso-es-hemingway-is-kavezott\/"]}]},{"@type":"BreadcrumbList","@id":"https:\/\/www.francespiration.com\/index.php\/2023\/09\/07\/ahol-picasso-es-hemingway-is-kavezott\/#breadcrumb","itemListElement":[{"@type":"ListItem","position":1,"name":"Kezd\u0151lap","item":"https:\/\/www.francespiration.com\/"},{"@type":"ListItem","position":2,"name":"Ahol Picasso \u00e9s Hemingway is k\u00e1v\u00e9zott"}]},{"@type":"WebSite","@id":"https:\/\/www.francespiration.com\/#website","url":"https:\/\/www.francespiration.com\/","name":"Francespiration","description":"Just another WordPress site","publisher":{"@id":"https:\/\/www.francespiration.com\/#organization"},"potentialAction":[{"@type":"SearchAction","target":{"@type":"EntryPoint","urlTemplate":"https:\/\/www.francespiration.com\/?s={search_term_string}"},"query-input":"required name=search_term_string"}],"inLanguage":"hu"},{"@type":"Organization","@id":"https:\/\/www.francespiration.com\/#organization","name":"Francespiration","url":"https:\/\/www.francespiration.com\/","logo":{"@type":"ImageObject","inLanguage":"hu","@id":"https:\/\/www.francespiration.com\/#\/schema\/logo\/image\/","url":"https:\/\/www.francespiration.com\/wp-content\/uploads\/2022\/09\/4d-also-scaled.jpg","contentUrl":"https:\/\/www.francespiration.com\/wp-content\/uploads\/2022\/09\/4d-also-scaled.jpg","width":2560,"height":913,"caption":"Francespiration"},"image":{"@id":"https:\/\/www.francespiration.com\/#\/schema\/logo\/image\/"}},{"@type":"Person","@id":"https:\/\/www.francespiration.com\/#\/schema\/person\/83f3dc20d791bfb54664f7e0287501fa","name":"Sz\u00f6ll\u0151si T\u00edmea","image":{"@type":"ImageObject","inLanguage":"hu","@id":"https:\/\/www.francespiration.com\/#\/schema\/person\/image\/","url":"https:\/\/secure.gravatar.com\/avatar\/1fd2e7bebd99ada3a170be066229da8dce9b7f9ba3748e0b659e39e5f31eb56a?s=96&d=mm&r=g","contentUrl":"https:\/\/secure.gravatar.com\/avatar\/1fd2e7bebd99ada3a170be066229da8dce9b7f9ba3748e0b659e39e5f31eb56a?s=96&d=mm&r=g","caption":"Sz\u00f6ll\u0151si T\u00edmea"},"sameAs":["https:\/\/www.francespiration.com"],"url":"https:\/\/www.francespiration.com\/index.php\/author\/szollotimi\/"}]}},"_links":{"self":[{"href":"https:\/\/www.francespiration.com\/index.php\/wp-json\/wp\/v2\/posts\/1430","targetHints":{"allow":["GET"]}}],"collection":[{"href":"https:\/\/www.francespiration.com\/index.php\/wp-json\/wp\/v2\/posts"}],"about":[{"href":"https:\/\/www.francespiration.com\/index.php\/wp-json\/wp\/v2\/types\/post"}],"author":[{"embeddable":true,"href":"https:\/\/www.francespiration.com\/index.php\/wp-json\/wp\/v2\/users\/1"}],"replies":[{"embeddable":true,"href":"https:\/\/www.francespiration.com\/index.php\/wp-json\/wp\/v2\/comments?post=1430"}],"version-history":[{"count":8,"href":"https:\/\/www.francespiration.com\/index.php\/wp-json\/wp\/v2\/posts\/1430\/revisions"}],"predecessor-version":[{"id":1439,"href":"https:\/\/www.francespiration.com\/index.php\/wp-json\/wp\/v2\/posts\/1430\/revisions\/1439"}],"wp:featuredmedia":[{"embeddable":true,"href":"https:\/\/www.francespiration.com\/index.php\/wp-json\/wp\/v2\/media\/1440"}],"wp:attachment":[{"href":"https:\/\/www.francespiration.com\/index.php\/wp-json\/wp\/v2\/media?parent=1430"}],"wp:term":[{"taxonomy":"category","embeddable":true,"href":"https:\/\/www.francespiration.com\/index.php\/wp-json\/wp\/v2\/categories?post=1430"},{"taxonomy":"post_tag","embeddable":true,"href":"https:\/\/www.francespiration.com\/index.php\/wp-json\/wp\/v2\/tags?post=1430"}],"curies":[{"name":"wp","href":"https:\/\/api.w.org\/{rel}","templated":true}]}}