{"id":1539,"date":"2023-09-25T07:14:09","date_gmt":"2023-09-25T07:14:09","guid":{"rendered":"https:\/\/www.francespiration.com\/?p=1539"},"modified":"2023-09-25T07:19:50","modified_gmt":"2023-09-25T07:19:50","slug":"parizs-5-titkos-utcaja-ahol-csodak-varnak-rank","status":"publish","type":"post","link":"https:\/\/www.francespiration.com\/index.php\/2023\/09\/25\/parizs-5-titkos-utcaja-ahol-csodak-varnak-rank\/","title":{"rendered":"P\u00e1rizs 5 titkos utc\u00e1ja, ahol csod\u00e1k v\u00e1rnak r\u00e1nk"},"content":{"rendered":"\n<p>Mint minden turist\u00e1k k\u00f6r\u00e9ben kedvelt nagyv\u00e1rosnak P\u00e1rizsnak is van egy m\u00e1sik oldala, amelynek rejtett b\u00e1jait a helyiek sz\u00edvesebben tartj\u00e1k meg maguknak. Ha el mer\u00fcnk mer\u00e9szkedni a v\u00e1ros j\u00f3l ismert, turist\u00e1knak fenntartott r\u00e9szeit\u0151l, akkor a v\u00e1ros egy eg\u00e9szen m\u00e1s arc\u00e1t mutatja meg.<\/p>\n\n\n\n<!--more-->\n\n\n\n<p>N\u00e9h\u00e1ny utc\u00e1r\u00f3l tal\u00e1n m\u00e1r hallottunk is: a Villa L\u00e9andre a Montmartre dombjai mellett b\u00fajik, \u00e9s ha hihet\u00fcnk a k\u00f6z\u00f6ss\u00e9gi m\u00e9dia legjobban k\u00e9pzett felhaszn\u00e1l\u00f3inak, akkor ez \u201eP\u00e1rizs leginstagramosabb utc\u00e1ja\u201d. Hangulatos h\u00e1zak, buja z\u00f6ld n\u00f6v\u00e9nyek, rengeteg vir\u00e1g, t\u00e9nyleg \u00e9rdemes megn\u00e9zni&#8230; de ha olyan utc\u00e1kra v\u00e1gyunk, amelyek az igazi P\u00e1rizsr\u00f3l mes\u00e9lnek, akkor a k\u00fcls\u0151 ker\u00fcletek fel\u00e9 kell indulnunk. Mert P\u00e1rizs igazi var\u00e1zsa \u00e9ppen ezek a meghitt helyekben rejlik&#8230;<\/p>\n\n\n\n<h2 class=\"wp-block-heading\">Cit\u00e9 Florale (13. ker\u00fclet)<\/h2>\n\n\n\n<figure class=\"wp-block-image size-full\"><img loading=\"lazy\" decoding=\"async\" width=\"1024\" height=\"689\" src=\"https:\/\/www.francespiration.com\/wp-content\/uploads\/2023\/09\/parizs-cite-florale.jpg\" alt=\"\" class=\"wp-image-1542\" srcset=\"https:\/\/www.francespiration.com\/wp-content\/uploads\/2023\/09\/parizs-cite-florale.jpg 1024w, https:\/\/www.francespiration.com\/wp-content\/uploads\/2023\/09\/parizs-cite-florale-300x202.jpg 300w, https:\/\/www.francespiration.com\/wp-content\/uploads\/2023\/09\/parizs-cite-florale-768x517.jpg 768w\" sizes=\"auto, (max-width: 1024px) 100vw, 1024px\" \/><\/figure>\n\n\n\n<p>A Cit\u00e9 Florale val\u00f3j\u00e1ban egy h\u00e1romsz\u00f6g alak\u00fa mininegyed Buttes-aux-Cailles-ban, Montmartre testv\u00e9rnegyed\u00e9ben, amelyet r\u00e9gen sz\u00e9lmalmok \u00e9s sz\u0151l\u0151\u00fcltetv\u00e9nyek tark\u00edtottak. &#8222;Vir\u00e1gos&#8221; nev\u00e9t onnan kapta, hogy a k\u00f6rny\u00e9k minden h\u00e1za saj\u00e1t vir\u00e1goskerttel rendelkezik, \u00e9s az utc\u00e1kat vir\u00e1gokr\u00f3l nevezt\u00e9k el. Kiv\u00e9ve az egyik k\u00fcls\u0151 utc\u00e1t, ami egy fens\u00e9ges francia sajtr\u00f3l kapta a nev\u00e9t: Brillat-Savarin.<\/p>\n\n\n\n<h2 class=\"wp-block-heading\">Rue des Thermopyles (14. ker\u00fclet) <\/h2>\n\n\n\n<figure class=\"wp-block-image size-large\"><img loading=\"lazy\" decoding=\"async\" width=\"1024\" height=\"768\" src=\"https:\/\/www.francespiration.com\/wp-content\/uploads\/2023\/09\/rue-de-thermoplye-parizs-utca-1024x768.jpg\" alt=\"\" class=\"wp-image-1541\" srcset=\"https:\/\/www.francespiration.com\/wp-content\/uploads\/2023\/09\/rue-de-thermoplye-parizs-utca-1024x768.jpg 1024w, https:\/\/www.francespiration.com\/wp-content\/uploads\/2023\/09\/rue-de-thermoplye-parizs-utca-300x225.jpg 300w, https:\/\/www.francespiration.com\/wp-content\/uploads\/2023\/09\/rue-de-thermoplye-parizs-utca-768x576.jpg 768w, https:\/\/www.francespiration.com\/wp-content\/uploads\/2023\/09\/rue-de-thermoplye-parizs-utca-1536x1152.jpg 1536w, https:\/\/www.francespiration.com\/wp-content\/uploads\/2023\/09\/rue-de-thermoplye-parizs-utca.jpg 2048w\" sizes=\"auto, (max-width: 1024px) 100vw, 1024px\" \/><\/figure>\n\n\n\n<p>Ha a Montparnasse-t\u00f3l d\u00e9l fel\u00e9 vessz\u00fck az ir\u00e1nyt, egy kis s\u00e9ta ut\u00e1n r\u00e1bukkanhatunk a Rue des Thermopyles-re, egy z\u00f6ldell\u0151 \u00fatra, amely m\u00e1r-m\u00e1r t\u00falvil\u00e1ginak t\u0171nik, amikor a nap \u00e1ts\u00fct a f\u00f6l\u00f6tte l\u00f3g\u00f3 z\u00f6ld n\u00f6v\u00e9nyzeten. A t\u00f6bbi utc\u00e1hoz k\u00e9pest ez egy kicsit forgalmasabb, kiv\u00e9ve h\u00e9tv\u00e9g\u00e9n reggelente&#8230;<\/p>\n\n\n\n<h2 class=\"wp-block-heading\">Villa Santos-Dumont (15. ker\u00fclet)<\/h2>\n\n\n\n<figure class=\"wp-block-image size-large\"><img loading=\"lazy\" decoding=\"async\" width=\"1024\" height=\"768\" src=\"https:\/\/www.francespiration.com\/wp-content\/uploads\/2023\/09\/santos-dumont-parizs-utca-1024x768.jpg\" alt=\"\" class=\"wp-image-1543\" srcset=\"https:\/\/www.francespiration.com\/wp-content\/uploads\/2023\/09\/santos-dumont-parizs-utca-1024x768.jpg 1024w, https:\/\/www.francespiration.com\/wp-content\/uploads\/2023\/09\/santos-dumont-parizs-utca-300x225.jpg 300w, https:\/\/www.francespiration.com\/wp-content\/uploads\/2023\/09\/santos-dumont-parizs-utca-768x576.jpg 768w, https:\/\/www.francespiration.com\/wp-content\/uploads\/2023\/09\/santos-dumont-parizs-utca-1536x1152.jpg 1536w, https:\/\/www.francespiration.com\/wp-content\/uploads\/2023\/09\/santos-dumont-parizs-utca-2048x1536.jpg 2048w\" sizes=\"auto, (max-width: 1024px) 100vw, 1024px\" \/><\/figure>\n\n\n\n<p>Csak egy r\u00f6vid s\u00e9t\u00e1ra a Rue des Thermopyles-t\u0151l, a Santos-Dumont utca szint\u00e9n olyan \u00e9rz\u00e9st kelt, mintha egy eg\u00e9szen m\u00e1s vil\u00e1gba cs\u00f6ppenn\u00e9nk. A macskak\u00f6ves utca sz\u00e9l\u00e9n \u00e1lldog\u00e1l\u00f3 h\u00e1zak k\u00f6z\u00f6tt a n\u00f6v\u00e9nyzet az \u00far \u00e9s mindent birtokba akar venni.  A 19. sz\u00e1zad v\u00e9g\u00e9n Louis-Rapha\u00ebl Paynot szobr\u00e1sz \u00e1ltal megv\u00e1s\u00e1rolt telken l\u00e9trej\u00f6tt utca annak idej\u00e9n a m\u0171v\u00e9szek kedvenc lak\u00f3helye volt (\u00e9s m\u00e9g ma is az).<\/p>\n\n\n\n<h2 class=\"wp-block-heading\">Cit\u00e9 des Fleurs (17. ker\u00fclet) <\/h2>\n\n\n\n<figure class=\"wp-block-image size-large\"><img loading=\"lazy\" decoding=\"async\" width=\"1024\" height=\"683\" src=\"https:\/\/www.francespiration.com\/wp-content\/uploads\/2023\/09\/cite-des-fleurs-parizs-utca-1024x683.jpg\" alt=\"\" class=\"wp-image-1544\" srcset=\"https:\/\/www.francespiration.com\/wp-content\/uploads\/2023\/09\/cite-des-fleurs-parizs-utca-1024x683.jpg 1024w, https:\/\/www.francespiration.com\/wp-content\/uploads\/2023\/09\/cite-des-fleurs-parizs-utca-300x200.jpg 300w, https:\/\/www.francespiration.com\/wp-content\/uploads\/2023\/09\/cite-des-fleurs-parizs-utca-768x512.jpg 768w, https:\/\/www.francespiration.com\/wp-content\/uploads\/2023\/09\/cite-des-fleurs-parizs-utca-1536x1024.jpg 1536w, https:\/\/www.francespiration.com\/wp-content\/uploads\/2023\/09\/cite-des-fleurs-parizs-utca-2048x1365.jpg 2048w\" sizes=\"auto, (max-width: 1024px) 100vw, 1024px\" \/><\/figure>\n\n\n\n<p>Nem t\u00e9vesztend\u0151 \u00f6ssze a 13. ker\u00fcleti Cit\u00e9 Florale-lel, a Cit\u00e9 des Fleurs a Montmartre-t\u00f3l nyugatra fekv\u0151 utca, amelynek ker\u00edt\u00e9ssel k\u00f6rbez\u00e1rt lak\u00f3helyei sokf\u00e9le \u00e9p\u00edt\u00e9szeti \u00e9s botanikai st\u00edlust k\u00e9pviselnek. Persze n\u00f6v\u00e9nyekb\u0151l itt sincs hi\u00e1ny; a p\u00e1lmaf\u00e1kt\u00f3l a feny\u0151kig mindent megtal\u00e1lhatunk, de olyan h\u00e1zakat is, amelyek bej\u00e1rat\u00e1t finoman tornyos \u00fcvegh\u00e1zak vagy k\u00f6zel-keleti \u00e9p\u00edt\u00e9szeti mot\u00edvumok d\u00edsz\u00edtik.<\/p>\n\n\n\n<h2 class=\"wp-block-heading\">Quartier de la Mouza\u00efa (19. ker\u00fclet)<\/h2>\n\n\n\n<figure class=\"wp-block-image size-large\"><img loading=\"lazy\" decoding=\"async\" width=\"1024\" height=\"683\" src=\"https:\/\/www.francespiration.com\/wp-content\/uploads\/2023\/09\/Quartier_Mouzaia_parizs-utca-1024x683.jpg\" alt=\"\" class=\"wp-image-1545\" srcset=\"https:\/\/www.francespiration.com\/wp-content\/uploads\/2023\/09\/Quartier_Mouzaia_parizs-utca-1024x683.jpg 1024w, https:\/\/www.francespiration.com\/wp-content\/uploads\/2023\/09\/Quartier_Mouzaia_parizs-utca-300x200.jpg 300w, https:\/\/www.francespiration.com\/wp-content\/uploads\/2023\/09\/Quartier_Mouzaia_parizs-utca-768x512.jpg 768w, https:\/\/www.francespiration.com\/wp-content\/uploads\/2023\/09\/Quartier_Mouzaia_parizs-utca-1536x1024.jpg 1536w, https:\/\/www.francespiration.com\/wp-content\/uploads\/2023\/09\/Quartier_Mouzaia_parizs-utca-2048x1365.jpg 2048w\" sizes=\"auto, (max-width: 1024px) 100vw, 1024px\" \/><\/figure>\n\n\n\n<p>Mintha nem is P\u00e1rizsban, hanem vid\u00e9ken egy kis faluban lenn\u00e9nk. Tal\u00e1n a legkev\u00e9sb\u00e9 ismert (de mindenk\u00e9ppen a legegyedibb) mininegyed a La Mouza\u00efa, amely a 19. ker\u00fclet egy csendes sark\u00e1ban tal\u00e1lhat\u00f3. \u00c9s egy igazi \u00e9kszerdoboz: lejt\u0151s utc\u00e1k gy\u0171jtem\u00e9nye apr\u00f3 h\u00e1zakkal, amelyeket m\u00e9lyen lel\u00f3g\u00f3 z\u00f6ld \u00e9s tarka n\u00f6v\u00e9nyek vesznek k\u00f6r\u00fcl. <\/p>\n\n\n\n<p><\/p>\n","protected":false},"excerpt":{"rendered":"<p>Mint minden turist\u00e1k k\u00f6r\u00e9ben kedvelt nagyv\u00e1rosnak P\u00e1rizsnak is van egy m\u00e1sik oldala, amelynek rejtett b\u00e1jait a helyiek sz\u00edvesebben tartj\u00e1k meg maguknak. Ha el mer\u00fcnk mer\u00e9szkedni a v\u00e1ros j\u00f3l ismert, turist\u00e1knak fenntartott r\u00e9szeit\u0151l, akkor a v\u00e1ros egy eg\u00e9szen m\u00e1s arc\u00e1t mutatja meg.<\/p>\n","protected":false},"author":1,"featured_media":1541,"comment_status":"open","ping_status":"open","sticky":false,"template":"","format":"standard","meta":{"footnotes":""},"categories":[28],"tags":[50,49,47,48],"class_list":["post-1539","post","type-post","status-publish","format-standard","has-post-thumbnail","hentry","category-helyek","tag-cite-des-fleurs","tag-cite-florale","tag-parizs","tag-utca"],"yoast_head":"<!-- This site is optimized with the Yoast SEO plugin v20.13 - https:\/\/yoast.com\/wordpress\/plugins\/seo\/ -->\n<title>P\u00e1rizs 5 titkos utc\u00e1ja, ahol csod\u00e1k v\u00e1rnak r\u00e1nk - Francespiration<\/title>\n<meta name=\"robots\" content=\"index, follow, max-snippet:-1, max-image-preview:large, max-video-preview:-1\" \/>\n<link rel=\"canonical\" href=\"https:\/\/www.francespiration.com\/index.php\/2023\/09\/25\/parizs-5-titkos-utcaja-ahol-csodak-varnak-rank\/\" \/>\n<meta property=\"og:locale\" content=\"hu_HU\" \/>\n<meta property=\"og:type\" content=\"article\" \/>\n<meta property=\"og:title\" content=\"P\u00e1rizs 5 titkos utc\u00e1ja, ahol csod\u00e1k v\u00e1rnak r\u00e1nk - Francespiration\" \/>\n<meta property=\"og:description\" content=\"Mint minden turist\u00e1k k\u00f6r\u00e9ben kedvelt nagyv\u00e1rosnak P\u00e1rizsnak is van egy m\u00e1sik oldala, amelynek rejtett b\u00e1jait a helyiek sz\u00edvesebben tartj\u00e1k meg maguknak. Ha el mer\u00fcnk mer\u00e9szkedni a v\u00e1ros j\u00f3l ismert, turist\u00e1knak fenntartott r\u00e9szeit\u0151l, akkor a v\u00e1ros egy eg\u00e9szen m\u00e1s arc\u00e1t mutatja meg.\" \/>\n<meta property=\"og:url\" content=\"https:\/\/www.francespiration.com\/index.php\/2023\/09\/25\/parizs-5-titkos-utcaja-ahol-csodak-varnak-rank\/\" \/>\n<meta property=\"og:site_name\" content=\"Francespiration\" \/>\n<meta property=\"article:published_time\" content=\"2023-09-25T07:14:09+00:00\" \/>\n<meta property=\"article:modified_time\" content=\"2023-09-25T07:19:50+00:00\" \/>\n<meta property=\"og:image\" content=\"https:\/\/www.francespiration.com\/wp-content\/uploads\/2023\/09\/rue-de-thermoplye-parizs-utca.jpg\" \/>\n\t<meta property=\"og:image:width\" content=\"2048\" \/>\n\t<meta property=\"og:image:height\" content=\"1536\" \/>\n\t<meta property=\"og:image:type\" content=\"image\/jpeg\" \/>\n<meta name=\"author\" content=\"Sz\u00f6ll\u0151si T\u00edmea\" \/>\n<meta name=\"twitter:card\" content=\"summary_large_image\" \/>\n<meta name=\"twitter:label1\" content=\"Szerz\u0151:\" \/>\n\t<meta name=\"twitter:data1\" content=\"Sz\u00f6ll\u0151si T\u00edmea\" \/>\n\t<meta name=\"twitter:label2\" content=\"Becs\u00fclt olvas\u00e1si id\u0151\" \/>\n\t<meta name=\"twitter:data2\" content=\"4 perc\" \/>\n<script type=\"application\/ld+json\" class=\"yoast-schema-graph\">{\"@context\":\"https:\/\/schema.org\",\"@graph\":[{\"@type\":\"Article\",\"@id\":\"https:\/\/www.francespiration.com\/index.php\/2023\/09\/25\/parizs-5-titkos-utcaja-ahol-csodak-varnak-rank\/#article\",\"isPartOf\":{\"@id\":\"https:\/\/www.francespiration.com\/index.php\/2023\/09\/25\/parizs-5-titkos-utcaja-ahol-csodak-varnak-rank\/\"},\"author\":{\"name\":\"Sz\u00f6ll\u0151si T\u00edmea\",\"@id\":\"https:\/\/www.francespiration.com\/#\/schema\/person\/83f3dc20d791bfb54664f7e0287501fa\"},\"headline\":\"P\u00e1rizs 5 titkos utc\u00e1ja, ahol csod\u00e1k v\u00e1rnak r\u00e1nk\",\"datePublished\":\"2023-09-25T07:14:09+00:00\",\"dateModified\":\"2023-09-25T07:19:50+00:00\",\"mainEntityOfPage\":{\"@id\":\"https:\/\/www.francespiration.com\/index.php\/2023\/09\/25\/parizs-5-titkos-utcaja-ahol-csodak-varnak-rank\/\"},\"wordCount\":592,\"commentCount\":0,\"publisher\":{\"@id\":\"https:\/\/www.francespiration.com\/#organization\"},\"keywords\":[\"cite des fleurs\",\"cit\u00e9 florale\",\"p\u00e1rizs\",\"utca\"],\"articleSection\":[\"K\u00dcL\u00d6NLEGES HELYEK\"],\"inLanguage\":\"hu\",\"potentialAction\":[{\"@type\":\"CommentAction\",\"name\":\"Comment\",\"target\":[\"https:\/\/www.francespiration.com\/index.php\/2023\/09\/25\/parizs-5-titkos-utcaja-ahol-csodak-varnak-rank\/#respond\"]}]},{\"@type\":\"WebPage\",\"@id\":\"https:\/\/www.francespiration.com\/index.php\/2023\/09\/25\/parizs-5-titkos-utcaja-ahol-csodak-varnak-rank\/\",\"url\":\"https:\/\/www.francespiration.com\/index.php\/2023\/09\/25\/parizs-5-titkos-utcaja-ahol-csodak-varnak-rank\/\",\"name\":\"P\u00e1rizs 5 titkos utc\u00e1ja, ahol csod\u00e1k v\u00e1rnak r\u00e1nk - Francespiration\",\"isPartOf\":{\"@id\":\"https:\/\/www.francespiration.com\/#website\"},\"datePublished\":\"2023-09-25T07:14:09+00:00\",\"dateModified\":\"2023-09-25T07:19:50+00:00\",\"breadcrumb\":{\"@id\":\"https:\/\/www.francespiration.com\/index.php\/2023\/09\/25\/parizs-5-titkos-utcaja-ahol-csodak-varnak-rank\/#breadcrumb\"},\"inLanguage\":\"hu\",\"potentialAction\":[{\"@type\":\"ReadAction\",\"target\":[\"https:\/\/www.francespiration.com\/index.php\/2023\/09\/25\/parizs-5-titkos-utcaja-ahol-csodak-varnak-rank\/\"]}]},{\"@type\":\"BreadcrumbList\",\"@id\":\"https:\/\/www.francespiration.com\/index.php\/2023\/09\/25\/parizs-5-titkos-utcaja-ahol-csodak-varnak-rank\/#breadcrumb\",\"itemListElement\":[{\"@type\":\"ListItem\",\"position\":1,\"name\":\"Kezd\u0151lap\",\"item\":\"https:\/\/www.francespiration.com\/\"},{\"@type\":\"ListItem\",\"position\":2,\"name\":\"P\u00e1rizs 5 titkos utc\u00e1ja, ahol csod\u00e1k v\u00e1rnak r\u00e1nk\"}]},{\"@type\":\"WebSite\",\"@id\":\"https:\/\/www.francespiration.com\/#website\",\"url\":\"https:\/\/www.francespiration.com\/\",\"name\":\"Francespiration\",\"description\":\"Just another WordPress site\",\"publisher\":{\"@id\":\"https:\/\/www.francespiration.com\/#organization\"},\"potentialAction\":[{\"@type\":\"SearchAction\",\"target\":{\"@type\":\"EntryPoint\",\"urlTemplate\":\"https:\/\/www.francespiration.com\/?s={search_term_string}\"},\"query-input\":\"required name=search_term_string\"}],\"inLanguage\":\"hu\"},{\"@type\":\"Organization\",\"@id\":\"https:\/\/www.francespiration.com\/#organization\",\"name\":\"Francespiration\",\"url\":\"https:\/\/www.francespiration.com\/\",\"logo\":{\"@type\":\"ImageObject\",\"inLanguage\":\"hu\",\"@id\":\"https:\/\/www.francespiration.com\/#\/schema\/logo\/image\/\",\"url\":\"https:\/\/www.francespiration.com\/wp-content\/uploads\/2022\/09\/4d-also-scaled.jpg\",\"contentUrl\":\"https:\/\/www.francespiration.com\/wp-content\/uploads\/2022\/09\/4d-also-scaled.jpg\",\"width\":2560,\"height\":913,\"caption\":\"Francespiration\"},\"image\":{\"@id\":\"https:\/\/www.francespiration.com\/#\/schema\/logo\/image\/\"}},{\"@type\":\"Person\",\"@id\":\"https:\/\/www.francespiration.com\/#\/schema\/person\/83f3dc20d791bfb54664f7e0287501fa\",\"name\":\"Sz\u00f6ll\u0151si T\u00edmea\",\"image\":{\"@type\":\"ImageObject\",\"inLanguage\":\"hu\",\"@id\":\"https:\/\/www.francespiration.com\/#\/schema\/person\/image\/\",\"url\":\"https:\/\/secure.gravatar.com\/avatar\/1fd2e7bebd99ada3a170be066229da8dce9b7f9ba3748e0b659e39e5f31eb56a?s=96&d=mm&r=g\",\"contentUrl\":\"https:\/\/secure.gravatar.com\/avatar\/1fd2e7bebd99ada3a170be066229da8dce9b7f9ba3748e0b659e39e5f31eb56a?s=96&d=mm&r=g\",\"caption\":\"Sz\u00f6ll\u0151si T\u00edmea\"},\"sameAs\":[\"https:\/\/www.francespiration.com\"],\"url\":\"https:\/\/www.francespiration.com\/index.php\/author\/szollotimi\/\"}]}<\/script>\n<!-- \/ Yoast SEO plugin. -->","yoast_head_json":{"title":"P\u00e1rizs 5 titkos utc\u00e1ja, ahol csod\u00e1k v\u00e1rnak r\u00e1nk - Francespiration","robots":{"index":"index","follow":"follow","max-snippet":"max-snippet:-1","max-image-preview":"max-image-preview:large","max-video-preview":"max-video-preview:-1"},"canonical":"https:\/\/www.francespiration.com\/index.php\/2023\/09\/25\/parizs-5-titkos-utcaja-ahol-csodak-varnak-rank\/","og_locale":"hu_HU","og_type":"article","og_title":"P\u00e1rizs 5 titkos utc\u00e1ja, ahol csod\u00e1k v\u00e1rnak r\u00e1nk - Francespiration","og_description":"Mint minden turist\u00e1k k\u00f6r\u00e9ben kedvelt nagyv\u00e1rosnak P\u00e1rizsnak is van egy m\u00e1sik oldala, amelynek rejtett b\u00e1jait a helyiek sz\u00edvesebben tartj\u00e1k meg maguknak. Ha el mer\u00fcnk mer\u00e9szkedni a v\u00e1ros j\u00f3l ismert, turist\u00e1knak fenntartott r\u00e9szeit\u0151l, akkor a v\u00e1ros egy eg\u00e9szen m\u00e1s arc\u00e1t mutatja meg.","og_url":"https:\/\/www.francespiration.com\/index.php\/2023\/09\/25\/parizs-5-titkos-utcaja-ahol-csodak-varnak-rank\/","og_site_name":"Francespiration","article_published_time":"2023-09-25T07:14:09+00:00","article_modified_time":"2023-09-25T07:19:50+00:00","og_image":[{"width":2048,"height":1536,"url":"https:\/\/www.francespiration.com\/wp-content\/uploads\/2023\/09\/rue-de-thermoplye-parizs-utca.jpg","type":"image\/jpeg"}],"author":"Sz\u00f6ll\u0151si T\u00edmea","twitter_card":"summary_large_image","twitter_misc":{"Szerz\u0151:":"Sz\u00f6ll\u0151si T\u00edmea","Becs\u00fclt olvas\u00e1si id\u0151":"4 perc"},"schema":{"@context":"https:\/\/schema.org","@graph":[{"@type":"Article","@id":"https:\/\/www.francespiration.com\/index.php\/2023\/09\/25\/parizs-5-titkos-utcaja-ahol-csodak-varnak-rank\/#article","isPartOf":{"@id":"https:\/\/www.francespiration.com\/index.php\/2023\/09\/25\/parizs-5-titkos-utcaja-ahol-csodak-varnak-rank\/"},"author":{"name":"Sz\u00f6ll\u0151si T\u00edmea","@id":"https:\/\/www.francespiration.com\/#\/schema\/person\/83f3dc20d791bfb54664f7e0287501fa"},"headline":"P\u00e1rizs 5 titkos utc\u00e1ja, ahol csod\u00e1k v\u00e1rnak r\u00e1nk","datePublished":"2023-09-25T07:14:09+00:00","dateModified":"2023-09-25T07:19:50+00:00","mainEntityOfPage":{"@id":"https:\/\/www.francespiration.com\/index.php\/2023\/09\/25\/parizs-5-titkos-utcaja-ahol-csodak-varnak-rank\/"},"wordCount":592,"commentCount":0,"publisher":{"@id":"https:\/\/www.francespiration.com\/#organization"},"keywords":["cite des fleurs","cit\u00e9 florale","p\u00e1rizs","utca"],"articleSection":["K\u00dcL\u00d6NLEGES HELYEK"],"inLanguage":"hu","potentialAction":[{"@type":"CommentAction","name":"Comment","target":["https:\/\/www.francespiration.com\/index.php\/2023\/09\/25\/parizs-5-titkos-utcaja-ahol-csodak-varnak-rank\/#respond"]}]},{"@type":"WebPage","@id":"https:\/\/www.francespiration.com\/index.php\/2023\/09\/25\/parizs-5-titkos-utcaja-ahol-csodak-varnak-rank\/","url":"https:\/\/www.francespiration.com\/index.php\/2023\/09\/25\/parizs-5-titkos-utcaja-ahol-csodak-varnak-rank\/","name":"P\u00e1rizs 5 titkos utc\u00e1ja, ahol csod\u00e1k v\u00e1rnak r\u00e1nk - Francespiration","isPartOf":{"@id":"https:\/\/www.francespiration.com\/#website"},"datePublished":"2023-09-25T07:14:09+00:00","dateModified":"2023-09-25T07:19:50+00:00","breadcrumb":{"@id":"https:\/\/www.francespiration.com\/index.php\/2023\/09\/25\/parizs-5-titkos-utcaja-ahol-csodak-varnak-rank\/#breadcrumb"},"inLanguage":"hu","potentialAction":[{"@type":"ReadAction","target":["https:\/\/www.francespiration.com\/index.php\/2023\/09\/25\/parizs-5-titkos-utcaja-ahol-csodak-varnak-rank\/"]}]},{"@type":"BreadcrumbList","@id":"https:\/\/www.francespiration.com\/index.php\/2023\/09\/25\/parizs-5-titkos-utcaja-ahol-csodak-varnak-rank\/#breadcrumb","itemListElement":[{"@type":"ListItem","position":1,"name":"Kezd\u0151lap","item":"https:\/\/www.francespiration.com\/"},{"@type":"ListItem","position":2,"name":"P\u00e1rizs 5 titkos utc\u00e1ja, ahol csod\u00e1k v\u00e1rnak r\u00e1nk"}]},{"@type":"WebSite","@id":"https:\/\/www.francespiration.com\/#website","url":"https:\/\/www.francespiration.com\/","name":"Francespiration","description":"Just another WordPress site","publisher":{"@id":"https:\/\/www.francespiration.com\/#organization"},"potentialAction":[{"@type":"SearchAction","target":{"@type":"EntryPoint","urlTemplate":"https:\/\/www.francespiration.com\/?s={search_term_string}"},"query-input":"required name=search_term_string"}],"inLanguage":"hu"},{"@type":"Organization","@id":"https:\/\/www.francespiration.com\/#organization","name":"Francespiration","url":"https:\/\/www.francespiration.com\/","logo":{"@type":"ImageObject","inLanguage":"hu","@id":"https:\/\/www.francespiration.com\/#\/schema\/logo\/image\/","url":"https:\/\/www.francespiration.com\/wp-content\/uploads\/2022\/09\/4d-also-scaled.jpg","contentUrl":"https:\/\/www.francespiration.com\/wp-content\/uploads\/2022\/09\/4d-also-scaled.jpg","width":2560,"height":913,"caption":"Francespiration"},"image":{"@id":"https:\/\/www.francespiration.com\/#\/schema\/logo\/image\/"}},{"@type":"Person","@id":"https:\/\/www.francespiration.com\/#\/schema\/person\/83f3dc20d791bfb54664f7e0287501fa","name":"Sz\u00f6ll\u0151si T\u00edmea","image":{"@type":"ImageObject","inLanguage":"hu","@id":"https:\/\/www.francespiration.com\/#\/schema\/person\/image\/","url":"https:\/\/secure.gravatar.com\/avatar\/1fd2e7bebd99ada3a170be066229da8dce9b7f9ba3748e0b659e39e5f31eb56a?s=96&d=mm&r=g","contentUrl":"https:\/\/secure.gravatar.com\/avatar\/1fd2e7bebd99ada3a170be066229da8dce9b7f9ba3748e0b659e39e5f31eb56a?s=96&d=mm&r=g","caption":"Sz\u00f6ll\u0151si T\u00edmea"},"sameAs":["https:\/\/www.francespiration.com"],"url":"https:\/\/www.francespiration.com\/index.php\/author\/szollotimi\/"}]}},"_links":{"self":[{"href":"https:\/\/www.francespiration.com\/index.php\/wp-json\/wp\/v2\/posts\/1539","targetHints":{"allow":["GET"]}}],"collection":[{"href":"https:\/\/www.francespiration.com\/index.php\/wp-json\/wp\/v2\/posts"}],"about":[{"href":"https:\/\/www.francespiration.com\/index.php\/wp-json\/wp\/v2\/types\/post"}],"author":[{"embeddable":true,"href":"https:\/\/www.francespiration.com\/index.php\/wp-json\/wp\/v2\/users\/1"}],"replies":[{"embeddable":true,"href":"https:\/\/www.francespiration.com\/index.php\/wp-json\/wp\/v2\/comments?post=1539"}],"version-history":[{"count":3,"href":"https:\/\/www.francespiration.com\/index.php\/wp-json\/wp\/v2\/posts\/1539\/revisions"}],"predecessor-version":[{"id":1548,"href":"https:\/\/www.francespiration.com\/index.php\/wp-json\/wp\/v2\/posts\/1539\/revisions\/1548"}],"wp:featuredmedia":[{"embeddable":true,"href":"https:\/\/www.francespiration.com\/index.php\/wp-json\/wp\/v2\/media\/1541"}],"wp:attachment":[{"href":"https:\/\/www.francespiration.com\/index.php\/wp-json\/wp\/v2\/media?parent=1539"}],"wp:term":[{"taxonomy":"category","embeddable":true,"href":"https:\/\/www.francespiration.com\/index.php\/wp-json\/wp\/v2\/categories?post=1539"},{"taxonomy":"post_tag","embeddable":true,"href":"https:\/\/www.francespiration.com\/index.php\/wp-json\/wp\/v2\/tags?post=1539"}],"curies":[{"name":"wp","href":"https:\/\/api.w.org\/{rel}","templated":true}]}}