{"id":1549,"date":"2023-09-16T09:57:00","date_gmt":"2023-09-16T09:57:00","guid":{"rendered":"https:\/\/www.francespiration.com\/?p=1549"},"modified":"2023-09-26T09:58:26","modified_gmt":"2023-09-26T09:58:26","slug":"szulessunk-ujra-osszel-mint-a-franciak","status":"publish","type":"post","link":"https:\/\/www.francespiration.com\/index.php\/2023\/09\/16\/szulessunk-ujra-osszel-mint-a-franciak\/","title":{"rendered":"Sz\u00fcless\u00fcnk \u00fajra \u0151sszel, mint a franci\u00e1k"},"content":{"rendered":"\n<p><strong>\u0150sszel Magyarorsz\u00e1gon is megtelnek az oszt\u00e1lytermek, \u00e9s a csal\u00e1dok visszasimulnak a megszokott rutinokba &#8211; vagy \u00e9ppen \u00fajakat kezdenek: a legfiatalabb beszokik az \u00f3vod\u00e1ba, a legid\u0151sebb pedig pedig egy \u00fajabb oszt\u00e1lyt kezd a gimn\u00e1ziumban. Franciaorsz\u00e1gban ez a &#8222;la rentr\u00e9e&#8221; id\u0151szaka, \u00e9s nem csak a csal\u00e1dr\u00f3l \u00e9s gyermekekr\u0151l sz\u00f3l. <\/strong><\/p>\n\n\n\n<!--more-->\n\n\n\n<p>A helyi piacokon a f\u00fcge \u00e9s az erdei gomb\u00e1k illata sz\u00e1ll a leveg\u0151ben, amik arra inspir\u00e1lj\u00e1k a szak\u00e1csokat, hogy \u00edrj\u00e1k \u00e1t \u00e9tlapjukat, m\u00edg az \u00fczlettulajdonosok ny\u00e1ron megcsappant \u00e1ruk\u00e9szlet\u00fcket t\u00f6ltik fel, mik\u00f6zben a fiatalok \u00fajra minden reggel az iskola fel\u00e9 veszik az ir\u00e1nyt.<\/p>\n\n\n\n<p>Franciaorsz\u00e1gban szeptemberben a hossz\u00fa ny\u00e1ri szezon ut\u00e1n szinte az eg\u00e9sz lakoss\u00e1g \u00fajra a szok\u00e1sos rutinnal n\u00e9z szembe. Mivel sok v\u00e1llalkoz\u00e1s augusztusra bez\u00e1r, mert a h\u00e1romhetes szabads\u00e1got mag\u00e1t\u00f3l \u00e9rtet\u0151d\u0151nek tekintik, a szeptember azt jelenti, hogy a p\u00e1rizsiak eszeveszetten gy\u00e1szolj\u00e1k halv\u00e1nyul\u00f3 barnas\u00e1gukat, ahogy visszat\u00e9rnek a megszokott m\u00f3kusker\u00e9kbe.  A &#8222;la entr\u00e9e&#8221; egy egyed\u00fcl\u00e1ll\u00f3 kaland P\u00e1rizsban, amelyet sz\u00fcl\u0151k \u00e9s gyerekek egyar\u00e1nt igyekeznek a lehet\u0151 legkomolyabban venni. Z\u0171rzavar a k\u00f6b\u00f6n, ahogyan Magyarorsz\u00e1gon is. <\/p>\n\n\n\n<p>De Franciaorsz\u00e1gban a &#8222;la rentr\u00e9e&#8221; nem csak a suliba val\u00f3 visszat\u00e9r\u00e9sr\u0151l \u00e9s az \u0151r\u00fcletr\u0151l sz\u00f3l. A \u201eszezon\u201d kezdete, az \u00e9vnek az az id\u0151szaka, amikor mindenkinek kezd megtelni a k\u00f6z\u00f6ss\u00e9gi napt\u00e1ra. Egyesek sz\u00e1m\u00e1ra ez azt jelenti, hogy rohanva iratkoznak fel egy hobbi\u00f3r\u00e1ra a helyi v\u00e1rosh\u00e1z\u00e1n. M\u00e1sok sz\u00e1m\u00e1ra a legfontosabb a b\u00e9rletv\u00e1s\u00e1rl\u00e1s a kedvenc sz\u00ednh\u00e1zaikba. M\u00edg megint m\u00e1sok rengeteg megh\u00edv\u00f3t kapnak a p\u00e1rizsi divath\u00e9tre. <\/p>\n\n\n\n<figure class=\"wp-block-image size-large\"><img loading=\"lazy\" decoding=\"async\" width=\"1024\" height=\"683\" src=\"https:\/\/www.francespiration.com\/wp-content\/uploads\/2023\/09\/osz-parizs-franciaorszag-1024x683.jpg\" alt=\"\u0151sz-p\u00e1rizs-franciaorsz\u00e1g\" class=\"wp-image-1558\" srcset=\"https:\/\/www.francespiration.com\/wp-content\/uploads\/2023\/09\/osz-parizs-franciaorszag-1024x683.jpg 1024w, https:\/\/www.francespiration.com\/wp-content\/uploads\/2023\/09\/osz-parizs-franciaorszag-300x200.jpg 300w, https:\/\/www.francespiration.com\/wp-content\/uploads\/2023\/09\/osz-parizs-franciaorszag-768x512.jpg 768w, https:\/\/www.francespiration.com\/wp-content\/uploads\/2023\/09\/osz-parizs-franciaorszag-1536x1024.jpg 1536w, https:\/\/www.francespiration.com\/wp-content\/uploads\/2023\/09\/osz-parizs-franciaorszag-2048x1365.jpg 2048w\" sizes=\"auto, (max-width: 1024px) 100vw, 1024px\" \/><figcaption class=\"wp-element-caption\">Fot\u00f3: unsplash.com<\/figcaption><\/figure>\n\n\n\n<h2 class=\"wp-block-heading\">Vannak, akiknek tavaszra van sz\u00fcks\u00e9g\u00fck, hogy \u00fajj\u00e1sz\u00fclethessenek, de egy franci\u00e1nak csak a La Rentr\u00e9e-re&#8230; <\/h2>\n\n\n\n<p>Szeptemberben van valami \u00faj energia a leveg\u0151ben. Az emberek t\u00f6bbet mosolyognak az utc\u00e1n. A szok\u00e1sos boulangerie pult m\u00f6g\u00f6tti monsieur \u00f6r\u00fcl, hogy \u00fajra l\u00e1thatja kedvenc vev\u0151it. A bar\u00e1tok \u00fajra egy\u00fctt tervezik, hogy mikor \u00e9s hol tal\u00e1lkozzanak egy italra, hogy v\u00e9gre elmes\u00e9lhess\u00e9k egym\u00e1snak ny\u00e1ri t\u00f6rt\u00e9neteiket. <\/p>\n\n\n\n<p>Persze nem minden csupa r\u00f3zsasz\u00edn. Az e-mailekkel teli postafi\u00f3khoz \u00e9s a feladatok hossz\u00fa list\u00e1j\u00e1hoz val\u00f3 visszat\u00e9r\u00e9s kiss\u00e9 ijeszt\u0151. De a &#8222;la rentr\u00e9e&#8221; lehet\u0151s\u00e9get ad arra, hogy egy kicsit frissebben \u00e9s h\u00e1l\u00e1val telve \u00e1t\u00e9rt\u00e9kelj\u00fck, hogyan viszonyulunk minden naphoz.<\/p>\n\n\n\n<p>Lehet, hogy m\u00e1r j\u00f3 r\u00e9gen visszat\u00e9rt\u00fcnk a nyaral\u00e1sb\u00f3l, ami nem egy h\u00f3napig tartott, mint a franci\u00e1kn\u00e1l, de a &#8222;la rentr\u00e9e&#8221; szellemis\u00e9g\u00e9t mi is \u00e1tvehetj\u00fck \u00e9s be\u00e9p\u00edthetj\u00fck a mindennapjainkba. Felfriss\u00edthetj\u00fck b\u0151r\u00e1pol\u00e1si rutinunkat, hogy egy kicsit kev\u00e9sb\u00e9 f\u00e1jjon reggel t\u00fck\u00f6rbe n\u00e9zni. Megkereshet\u00fcnk olyan bar\u00e1tokat, akiket m\u00e1r r\u00e9g nem l\u00e1ttunk. \u00c1trendezhetj\u00fck \u00e9s rendbe tehetj\u00fck a ruh\u00e1szekr\u00e9nyt, kiv\u00e1logathatunk n\u00e9h\u00e1ny olyan ruhadarabot, amelyeket m\u00e1r r\u00e9g\u00f3ta nem hordunk, hogy helyet csin\u00e1ljunk valami \u00fajnak. Nem felt\u00e9tlen\u00fcl m\u00e9g t\u00f6bb ruh\u00e1nak, hanem az \u00faj \u00e9s friss energi\u00e1nak. Mert a la rentr\u00e9e l\u00e9nyege, hogy \u00fajult er\u0151vel tekints\u00fcnk a norm\u00e1lis \u00e9let \u201eh\u00e9tk\u00f6znapi\u201d rutinj\u00e1ra. B\u00e1rmit is jelentsen ez sz\u00e1munkra, n\u00e9zz\u00fcnk szembe b\u00e1tran \u00e9s boldogan a legsz\u00ednesebb \u00e9vszaknak, \u00e9s t\u00f6lts\u00fck fel csupa sz\u00e9p \u00e9s izgalmas dolgokkal minden napunkat.<\/p>\n","protected":false},"excerpt":{"rendered":"<p>\u0150sszel Magyarorsz\u00e1gon is megtelnek az oszt\u00e1lytermek, \u00e9s a csal\u00e1dok visszasimulnak a megszokott rutinokba &#8211; vagy \u00e9ppen \u00fajakat kezdenek: a legfiatalabb beszokik az \u00f3vod\u00e1ba, a legid\u0151sebb pedig pedig egy \u00fajabb oszt\u00e1lyt kezd a gimn\u00e1ziumban. Franciaorsz\u00e1gban ez a &#8222;la rentr\u00e9e&#8221; id\u0151szaka, \u00e9s nem csak a csal\u00e1dr\u00f3l \u00e9s gyermekekr\u0151l sz\u00f3l.<\/p>\n","protected":false},"author":1,"featured_media":1557,"comment_status":"open","ping_status":"open","sticky":false,"template":"","format":"standard","meta":{"footnotes":""},"categories":[27],"tags":[51,52],"class_list":["post-1549","post","type-post","status-publish","format-standard","has-post-thumbnail","hentry","category-elet","tag-la-entree","tag-osz"],"yoast_head":"<!-- This site is optimized with the Yoast SEO plugin v20.13 - https:\/\/yoast.com\/wordpress\/plugins\/seo\/ -->\n<title>Sz\u00fcless\u00fcnk \u00fajra \u0151sszel, mint a franci\u00e1k - Francespiration<\/title>\n<meta name=\"robots\" content=\"index, follow, max-snippet:-1, max-image-preview:large, max-video-preview:-1\" \/>\n<link rel=\"canonical\" href=\"https:\/\/www.francespiration.com\/index.php\/2023\/09\/16\/szulessunk-ujra-osszel-mint-a-franciak\/\" \/>\n<meta property=\"og:locale\" content=\"hu_HU\" \/>\n<meta property=\"og:type\" content=\"article\" \/>\n<meta property=\"og:title\" content=\"Sz\u00fcless\u00fcnk \u00fajra \u0151sszel, mint a franci\u00e1k - Francespiration\" \/>\n<meta property=\"og:description\" content=\"\u0150sszel Magyarorsz\u00e1gon is megtelnek az oszt\u00e1lytermek, \u00e9s a csal\u00e1dok visszasimulnak a megszokott rutinokba &#8211; vagy \u00e9ppen \u00fajakat kezdenek: a legfiatalabb beszokik az \u00f3vod\u00e1ba, a legid\u0151sebb pedig pedig egy \u00fajabb oszt\u00e1lyt kezd a gimn\u00e1ziumban. Franciaorsz\u00e1gban ez a &#8222;la rentr\u00e9e&#8221; id\u0151szaka, \u00e9s nem csak a csal\u00e1dr\u00f3l \u00e9s gyermekekr\u0151l sz\u00f3l.\" \/>\n<meta property=\"og:url\" content=\"https:\/\/www.francespiration.com\/index.php\/2023\/09\/16\/szulessunk-ujra-osszel-mint-a-franciak\/\" \/>\n<meta property=\"og:site_name\" content=\"Francespiration\" \/>\n<meta property=\"article:published_time\" content=\"2023-09-16T09:57:00+00:00\" \/>\n<meta property=\"article:modified_time\" content=\"2023-09-26T09:58:26+00:00\" \/>\n<meta property=\"og:image\" content=\"https:\/\/www.francespiration.com\/wp-content\/uploads\/2023\/09\/osz-parizs-scaled.jpg\" \/>\n\t<meta property=\"og:image:width\" content=\"2560\" \/>\n\t<meta property=\"og:image:height\" content=\"1707\" \/>\n\t<meta property=\"og:image:type\" content=\"image\/jpeg\" \/>\n<meta name=\"author\" content=\"Sz\u00f6ll\u0151si T\u00edmea\" \/>\n<meta name=\"twitter:card\" content=\"summary_large_image\" \/>\n<meta name=\"twitter:label1\" content=\"Szerz\u0151:\" \/>\n\t<meta name=\"twitter:data1\" content=\"Sz\u00f6ll\u0151si T\u00edmea\" \/>\n\t<meta name=\"twitter:label2\" content=\"Becs\u00fclt olvas\u00e1si id\u0151\" \/>\n\t<meta name=\"twitter:data2\" content=\"3 perc\" \/>\n<script type=\"application\/ld+json\" class=\"yoast-schema-graph\">{\"@context\":\"https:\/\/schema.org\",\"@graph\":[{\"@type\":\"Article\",\"@id\":\"https:\/\/www.francespiration.com\/index.php\/2023\/09\/16\/szulessunk-ujra-osszel-mint-a-franciak\/#article\",\"isPartOf\":{\"@id\":\"https:\/\/www.francespiration.com\/index.php\/2023\/09\/16\/szulessunk-ujra-osszel-mint-a-franciak\/\"},\"author\":{\"name\":\"Sz\u00f6ll\u0151si T\u00edmea\",\"@id\":\"https:\/\/www.francespiration.com\/#\/schema\/person\/83f3dc20d791bfb54664f7e0287501fa\"},\"headline\":\"Sz\u00fcless\u00fcnk \u00fajra \u0151sszel, mint a franci\u00e1k\",\"datePublished\":\"2023-09-16T09:57:00+00:00\",\"dateModified\":\"2023-09-26T09:58:26+00:00\",\"mainEntityOfPage\":{\"@id\":\"https:\/\/www.francespiration.com\/index.php\/2023\/09\/16\/szulessunk-ujra-osszel-mint-a-franciak\/\"},\"wordCount\":645,\"commentCount\":0,\"publisher\":{\"@id\":\"https:\/\/www.francespiration.com\/#organization\"},\"keywords\":[\"la entr\u00e9e\",\"\u0151sz\"],\"articleSection\":[\"\u00c9LET\"],\"inLanguage\":\"hu\",\"potentialAction\":[{\"@type\":\"CommentAction\",\"name\":\"Comment\",\"target\":[\"https:\/\/www.francespiration.com\/index.php\/2023\/09\/16\/szulessunk-ujra-osszel-mint-a-franciak\/#respond\"]}]},{\"@type\":\"WebPage\",\"@id\":\"https:\/\/www.francespiration.com\/index.php\/2023\/09\/16\/szulessunk-ujra-osszel-mint-a-franciak\/\",\"url\":\"https:\/\/www.francespiration.com\/index.php\/2023\/09\/16\/szulessunk-ujra-osszel-mint-a-franciak\/\",\"name\":\"Sz\u00fcless\u00fcnk \u00fajra \u0151sszel, mint a franci\u00e1k - Francespiration\",\"isPartOf\":{\"@id\":\"https:\/\/www.francespiration.com\/#website\"},\"datePublished\":\"2023-09-16T09:57:00+00:00\",\"dateModified\":\"2023-09-26T09:58:26+00:00\",\"breadcrumb\":{\"@id\":\"https:\/\/www.francespiration.com\/index.php\/2023\/09\/16\/szulessunk-ujra-osszel-mint-a-franciak\/#breadcrumb\"},\"inLanguage\":\"hu\",\"potentialAction\":[{\"@type\":\"ReadAction\",\"target\":[\"https:\/\/www.francespiration.com\/index.php\/2023\/09\/16\/szulessunk-ujra-osszel-mint-a-franciak\/\"]}]},{\"@type\":\"BreadcrumbList\",\"@id\":\"https:\/\/www.francespiration.com\/index.php\/2023\/09\/16\/szulessunk-ujra-osszel-mint-a-franciak\/#breadcrumb\",\"itemListElement\":[{\"@type\":\"ListItem\",\"position\":1,\"name\":\"Kezd\u0151lap\",\"item\":\"https:\/\/www.francespiration.com\/\"},{\"@type\":\"ListItem\",\"position\":2,\"name\":\"Sz\u00fcless\u00fcnk \u00fajra \u0151sszel, mint a franci\u00e1k\"}]},{\"@type\":\"WebSite\",\"@id\":\"https:\/\/www.francespiration.com\/#website\",\"url\":\"https:\/\/www.francespiration.com\/\",\"name\":\"Francespiration\",\"description\":\"Just another WordPress site\",\"publisher\":{\"@id\":\"https:\/\/www.francespiration.com\/#organization\"},\"potentialAction\":[{\"@type\":\"SearchAction\",\"target\":{\"@type\":\"EntryPoint\",\"urlTemplate\":\"https:\/\/www.francespiration.com\/?s={search_term_string}\"},\"query-input\":\"required name=search_term_string\"}],\"inLanguage\":\"hu\"},{\"@type\":\"Organization\",\"@id\":\"https:\/\/www.francespiration.com\/#organization\",\"name\":\"Francespiration\",\"url\":\"https:\/\/www.francespiration.com\/\",\"logo\":{\"@type\":\"ImageObject\",\"inLanguage\":\"hu\",\"@id\":\"https:\/\/www.francespiration.com\/#\/schema\/logo\/image\/\",\"url\":\"https:\/\/www.francespiration.com\/wp-content\/uploads\/2022\/09\/4d-also-scaled.jpg\",\"contentUrl\":\"https:\/\/www.francespiration.com\/wp-content\/uploads\/2022\/09\/4d-also-scaled.jpg\",\"width\":2560,\"height\":913,\"caption\":\"Francespiration\"},\"image\":{\"@id\":\"https:\/\/www.francespiration.com\/#\/schema\/logo\/image\/\"}},{\"@type\":\"Person\",\"@id\":\"https:\/\/www.francespiration.com\/#\/schema\/person\/83f3dc20d791bfb54664f7e0287501fa\",\"name\":\"Sz\u00f6ll\u0151si T\u00edmea\",\"image\":{\"@type\":\"ImageObject\",\"inLanguage\":\"hu\",\"@id\":\"https:\/\/www.francespiration.com\/#\/schema\/person\/image\/\",\"url\":\"https:\/\/secure.gravatar.com\/avatar\/1fd2e7bebd99ada3a170be066229da8dce9b7f9ba3748e0b659e39e5f31eb56a?s=96&d=mm&r=g\",\"contentUrl\":\"https:\/\/secure.gravatar.com\/avatar\/1fd2e7bebd99ada3a170be066229da8dce9b7f9ba3748e0b659e39e5f31eb56a?s=96&d=mm&r=g\",\"caption\":\"Sz\u00f6ll\u0151si T\u00edmea\"},\"sameAs\":[\"https:\/\/www.francespiration.com\"],\"url\":\"https:\/\/www.francespiration.com\/index.php\/author\/szollotimi\/\"}]}<\/script>\n<!-- \/ Yoast SEO plugin. -->","yoast_head_json":{"title":"Sz\u00fcless\u00fcnk \u00fajra \u0151sszel, mint a franci\u00e1k - Francespiration","robots":{"index":"index","follow":"follow","max-snippet":"max-snippet:-1","max-image-preview":"max-image-preview:large","max-video-preview":"max-video-preview:-1"},"canonical":"https:\/\/www.francespiration.com\/index.php\/2023\/09\/16\/szulessunk-ujra-osszel-mint-a-franciak\/","og_locale":"hu_HU","og_type":"article","og_title":"Sz\u00fcless\u00fcnk \u00fajra \u0151sszel, mint a franci\u00e1k - Francespiration","og_description":"\u0150sszel Magyarorsz\u00e1gon is megtelnek az oszt\u00e1lytermek, \u00e9s a csal\u00e1dok visszasimulnak a megszokott rutinokba &#8211; vagy \u00e9ppen \u00fajakat kezdenek: a legfiatalabb beszokik az \u00f3vod\u00e1ba, a legid\u0151sebb pedig pedig egy \u00fajabb oszt\u00e1lyt kezd a gimn\u00e1ziumban. Franciaorsz\u00e1gban ez a &#8222;la rentr\u00e9e&#8221; id\u0151szaka, \u00e9s nem csak a csal\u00e1dr\u00f3l \u00e9s gyermekekr\u0151l sz\u00f3l.","og_url":"https:\/\/www.francespiration.com\/index.php\/2023\/09\/16\/szulessunk-ujra-osszel-mint-a-franciak\/","og_site_name":"Francespiration","article_published_time":"2023-09-16T09:57:00+00:00","article_modified_time":"2023-09-26T09:58:26+00:00","og_image":[{"width":2560,"height":1707,"url":"https:\/\/www.francespiration.com\/wp-content\/uploads\/2023\/09\/osz-parizs-scaled.jpg","type":"image\/jpeg"}],"author":"Sz\u00f6ll\u0151si T\u00edmea","twitter_card":"summary_large_image","twitter_misc":{"Szerz\u0151:":"Sz\u00f6ll\u0151si T\u00edmea","Becs\u00fclt olvas\u00e1si id\u0151":"3 perc"},"schema":{"@context":"https:\/\/schema.org","@graph":[{"@type":"Article","@id":"https:\/\/www.francespiration.com\/index.php\/2023\/09\/16\/szulessunk-ujra-osszel-mint-a-franciak\/#article","isPartOf":{"@id":"https:\/\/www.francespiration.com\/index.php\/2023\/09\/16\/szulessunk-ujra-osszel-mint-a-franciak\/"},"author":{"name":"Sz\u00f6ll\u0151si T\u00edmea","@id":"https:\/\/www.francespiration.com\/#\/schema\/person\/83f3dc20d791bfb54664f7e0287501fa"},"headline":"Sz\u00fcless\u00fcnk \u00fajra \u0151sszel, mint a franci\u00e1k","datePublished":"2023-09-16T09:57:00+00:00","dateModified":"2023-09-26T09:58:26+00:00","mainEntityOfPage":{"@id":"https:\/\/www.francespiration.com\/index.php\/2023\/09\/16\/szulessunk-ujra-osszel-mint-a-franciak\/"},"wordCount":645,"commentCount":0,"publisher":{"@id":"https:\/\/www.francespiration.com\/#organization"},"keywords":["la entr\u00e9e","\u0151sz"],"articleSection":["\u00c9LET"],"inLanguage":"hu","potentialAction":[{"@type":"CommentAction","name":"Comment","target":["https:\/\/www.francespiration.com\/index.php\/2023\/09\/16\/szulessunk-ujra-osszel-mint-a-franciak\/#respond"]}]},{"@type":"WebPage","@id":"https:\/\/www.francespiration.com\/index.php\/2023\/09\/16\/szulessunk-ujra-osszel-mint-a-franciak\/","url":"https:\/\/www.francespiration.com\/index.php\/2023\/09\/16\/szulessunk-ujra-osszel-mint-a-franciak\/","name":"Sz\u00fcless\u00fcnk \u00fajra \u0151sszel, mint a franci\u00e1k - Francespiration","isPartOf":{"@id":"https:\/\/www.francespiration.com\/#website"},"datePublished":"2023-09-16T09:57:00+00:00","dateModified":"2023-09-26T09:58:26+00:00","breadcrumb":{"@id":"https:\/\/www.francespiration.com\/index.php\/2023\/09\/16\/szulessunk-ujra-osszel-mint-a-franciak\/#breadcrumb"},"inLanguage":"hu","potentialAction":[{"@type":"ReadAction","target":["https:\/\/www.francespiration.com\/index.php\/2023\/09\/16\/szulessunk-ujra-osszel-mint-a-franciak\/"]}]},{"@type":"BreadcrumbList","@id":"https:\/\/www.francespiration.com\/index.php\/2023\/09\/16\/szulessunk-ujra-osszel-mint-a-franciak\/#breadcrumb","itemListElement":[{"@type":"ListItem","position":1,"name":"Kezd\u0151lap","item":"https:\/\/www.francespiration.com\/"},{"@type":"ListItem","position":2,"name":"Sz\u00fcless\u00fcnk \u00fajra \u0151sszel, mint a franci\u00e1k"}]},{"@type":"WebSite","@id":"https:\/\/www.francespiration.com\/#website","url":"https:\/\/www.francespiration.com\/","name":"Francespiration","description":"Just another WordPress site","publisher":{"@id":"https:\/\/www.francespiration.com\/#organization"},"potentialAction":[{"@type":"SearchAction","target":{"@type":"EntryPoint","urlTemplate":"https:\/\/www.francespiration.com\/?s={search_term_string}"},"query-input":"required name=search_term_string"}],"inLanguage":"hu"},{"@type":"Organization","@id":"https:\/\/www.francespiration.com\/#organization","name":"Francespiration","url":"https:\/\/www.francespiration.com\/","logo":{"@type":"ImageObject","inLanguage":"hu","@id":"https:\/\/www.francespiration.com\/#\/schema\/logo\/image\/","url":"https:\/\/www.francespiration.com\/wp-content\/uploads\/2022\/09\/4d-also-scaled.jpg","contentUrl":"https:\/\/www.francespiration.com\/wp-content\/uploads\/2022\/09\/4d-also-scaled.jpg","width":2560,"height":913,"caption":"Francespiration"},"image":{"@id":"https:\/\/www.francespiration.com\/#\/schema\/logo\/image\/"}},{"@type":"Person","@id":"https:\/\/www.francespiration.com\/#\/schema\/person\/83f3dc20d791bfb54664f7e0287501fa","name":"Sz\u00f6ll\u0151si T\u00edmea","image":{"@type":"ImageObject","inLanguage":"hu","@id":"https:\/\/www.francespiration.com\/#\/schema\/person\/image\/","url":"https:\/\/secure.gravatar.com\/avatar\/1fd2e7bebd99ada3a170be066229da8dce9b7f9ba3748e0b659e39e5f31eb56a?s=96&d=mm&r=g","contentUrl":"https:\/\/secure.gravatar.com\/avatar\/1fd2e7bebd99ada3a170be066229da8dce9b7f9ba3748e0b659e39e5f31eb56a?s=96&d=mm&r=g","caption":"Sz\u00f6ll\u0151si T\u00edmea"},"sameAs":["https:\/\/www.francespiration.com"],"url":"https:\/\/www.francespiration.com\/index.php\/author\/szollotimi\/"}]}},"_links":{"self":[{"href":"https:\/\/www.francespiration.com\/index.php\/wp-json\/wp\/v2\/posts\/1549","targetHints":{"allow":["GET"]}}],"collection":[{"href":"https:\/\/www.francespiration.com\/index.php\/wp-json\/wp\/v2\/posts"}],"about":[{"href":"https:\/\/www.francespiration.com\/index.php\/wp-json\/wp\/v2\/types\/post"}],"author":[{"embeddable":true,"href":"https:\/\/www.francespiration.com\/index.php\/wp-json\/wp\/v2\/users\/1"}],"replies":[{"embeddable":true,"href":"https:\/\/www.francespiration.com\/index.php\/wp-json\/wp\/v2\/comments?post=1549"}],"version-history":[{"count":8,"href":"https:\/\/www.francespiration.com\/index.php\/wp-json\/wp\/v2\/posts\/1549\/revisions"}],"predecessor-version":[{"id":1559,"href":"https:\/\/www.francespiration.com\/index.php\/wp-json\/wp\/v2\/posts\/1549\/revisions\/1559"}],"wp:featuredmedia":[{"embeddable":true,"href":"https:\/\/www.francespiration.com\/index.php\/wp-json\/wp\/v2\/media\/1557"}],"wp:attachment":[{"href":"https:\/\/www.francespiration.com\/index.php\/wp-json\/wp\/v2\/media?parent=1549"}],"wp:term":[{"taxonomy":"category","embeddable":true,"href":"https:\/\/www.francespiration.com\/index.php\/wp-json\/wp\/v2\/categories?post=1549"},{"taxonomy":"post_tag","embeddable":true,"href":"https:\/\/www.francespiration.com\/index.php\/wp-json\/wp\/v2\/tags?post=1549"}],"curies":[{"name":"wp","href":"https:\/\/api.w.org\/{rel}","templated":true}]}}