{"id":1589,"date":"2023-11-04T09:12:26","date_gmt":"2023-11-04T09:12:26","guid":{"rendered":"https:\/\/www.francespiration.com\/?p=1589"},"modified":"2023-11-04T09:12:28","modified_gmt":"2023-11-04T09:12:28","slug":"adriane-gradziel-mar-nem-problema-ha-valamivel-elegedetlen-vagyok","status":"publish","type":"post","link":"https:\/\/www.francespiration.com\/index.php\/2023\/11\/04\/adriane-gradziel-mar-nem-problema-ha-valamivel-elegedetlen-vagyok\/","title":{"rendered":"Adriane Gradziel: \u201eM\u00e1r nem probl\u00e9ma, ha valamivel el\u00e9gedetlen vagyok\u201d"},"content":{"rendered":"\n<p><strong>Lengyel csal\u00e1dban B\u00e9csben sz\u00fcletett, de m\u00e1r lassan h\u00fasz \u00e9ve P\u00e1rizsban \u00e9l, ahol el\u0151bb modellk\u00e9nt dolgozott, majd elv\u00e9gezte az egyik legnevesebb \u00a0p\u00e1rizsi sz\u00edn\u00e9sziskol\u00e1t, a Cours Florent-t. Az\u00f3ta sorban kapja a jobbn\u00e1l jobb szerepeket, legut\u00f3bb pedig \u00a0Adrian Goiginger\u00a0A r\u00f3ka\u00a0c\u00edm\u0171 filmj\u00e9ben ny\u00fajtott alak\u00edt\u00e1s\u00e1\u00e9rt Osztr\u00e1k Filmd\u00edjra jel\u00f6lt\u00e9k, mint a legjobb n\u0151i mell\u00e9kszerepl\u0151. Adriane Gradziellel besz\u00e9lgett\u00fcnk filmr\u0151l \u00e9s mag\u00e1nyr\u00f3l.<\/strong><\/p>\n\n\n\n<!--more-->\n\n\n\n<p>A r\u00f3ka az egyik legszebb film, amit valaha l\u00e1ttam. A t\u00f6rt\u00e9net egyszerre f\u00e1jdalmas \u00e9s meghat\u00f3, ahogyan megmutatja milyen mag\u00e1nyos lehet az ember, mik\u00f6zben gy\u00f6ny\u00f6r\u0171 v\u00e9gig n\u00e9zni, ahogyan k\u00e9t mag\u00e1nyos l\u00e9lek \u00f6sszekapcsol\u00f3dik. A filmet l\u00e1tva izgatottan v\u00e1rom a tal\u00e1lkoz\u00e1st a n\u0151i f\u0151szerepl\u0151vel, Adrian\u00e9vel, akivel a M\u0171v\u00e9sz mozi egy csendes szeglet\u00e9ben besz\u00e9lt\u00fck meg a tal\u00e1lkoz\u00f3t. M\u00e9g soha nem tal\u00e1lkoztunk, de azonnal felismerem, ahogyan feh\u00e9r ingj\u00e9ben eleg\u00e1nsan k\u00f6zeledik.<\/p>\n\n\n\n<p><strong>Id\u00e9n a r\u00f3ka c\u00edm\u0171 film\u00e9rt a legjobb n\u0151i mell\u00e9kszerepl\u0151nek jel\u00f6ltek Ausztri\u00e1ban. Mit \u00e9rezt\u00e9l, amikor \u00e9rtes\u00fclt\u00e9l a jel\u00f6l\u00e9sr\u0151l?<\/strong><\/p>\n\n\n\n<p>Val\u00f3j\u00e1ban nagyon meglepett a jel\u00f6l\u00e9s, de m\u00e9rhetetlen\u00fcl boldog voltam. Az\u00f3ta valahogy otthonosabban \u00e9rzem magam a munk\u00e1ban. B\u00e1r ez nem sokat v\u00e1ltoztat a munk\u00e1hoz val\u00f3 hozz\u00e1\u00e1ll\u00e1somon, de k\u00f6nnyedebb\u00e9 \u00e9s magabiztosabb\u00e1 tett. Ez volt az els\u0151 projektem Ausztri\u00e1ban, \u00e9s most \u00fagy \u00e9rzem, hogy ez a jel\u00f6l\u00e9s sokat ad nekem a sz\u00edn\u00e9szetben. Tal\u00e1n nem is kimondottan abban, ahogyan viselkedem, hanem ink\u00e1bb abban, ahogyan a munk\u00e1hoz k\u00f6zel\u00edtek. Meg\u00e9rtette velem, hogy milyen ir\u00e1nyba akarok elmenni a sz\u00edn\u00e9szetet illet\u0151en.<\/p>\n\n\n\n<p><strong>Mi volt az, ami a legjobban megfogott t\u00e9ged a filmben?<\/strong><\/p>\n\n\n\n<p>A t\u00f6rt\u00e9net maga. T\u00f6bbsz\u00f6r elolvastam a forgat\u00f3k\u00f6nyvet, \u00e9s minden alkalommal s\u00edrtam. Minden egyes alkalommal. Ritka az, amikor ilyet olvasol. Meglep\u0151dtem. \u00dagy \u00e9reztem, hogy Adrian (Adrian Goiginger, rendez\u0151) egy olyan t\u00f6rt\u00e9netet szeretne elmes\u00e9lni, amely val\u00f3ban sz\u00edvb\u0151l fakad, \u00e9s amiben nagyon sok mondanival\u00f3 van. &nbsp;Meg\u00e9reztem ezek fontoss\u00e1g\u00e1t, \u00e9s \u00edgy nagyon j\u00f3l tudtam kapcsol\u00f3dni hozz\u00e1.<\/p>\n\n\n\n<p><strong>Van valami hasonl\u00f3s\u00e1g a filmbeli karaktered, Marie \u00e9s k\u00f6zted?<\/strong><\/p>\n\n\n\n<p>Szerintem mindig vannak hasonl\u00f3s\u00e1gok, \u00e9s mindig van kapcsolat k\u00f6zted \u00e9s a karakter k\u00f6z\u00f6tt, akit j\u00e1tszol, vagy a nagy eg\u00e9sz k\u00f6z\u00f6tt. De sok minden volt, amit meg kellett tanulnom. Gyakorlati dolgok, amit a t\u00f6rt\u00e9nelmi saj\u00e1toss\u00e1gok megk\u00edv\u00e1ntak, p\u00e9ld\u00e1ul ahogyan r\u00e9gen f\u0151ztek. De azt hiszem, a f\u00e9l\u00e9nks\u00e9g \u00e9s az emberi kapcsolatok ir\u00e1nti ig\u00e9ny k\u00f6z\u00f6s benn\u00fcnk.<\/p>\n\n\n\n<p><strong>Neh\u00e9z volt Marie b\u0151r\u00e9be b\u00fajni?<\/strong><\/p>\n\n\n\n<p>Nagy munka volt, mert Marie b\u00e1r egyed\u00fcl \u00e9l, de r\u00e9gen volt csal\u00e1dja (a h\u00e1tt\u00e9rt\u00f6rt\u00e9net szerint a f\u00e9rje meghalt \u00e9s elvesztette a gyermek\u00e9t is), nekem viszont nincs m\u00e9g saj\u00e1t csal\u00e1dom. Ezen sokat kellett dolgoznunk, \u00e9s nem csak a t\u00f6rt\u00e9nelmi vonatkoz\u00e1son. A felk\u00e9sz\u00fcl\u00e9s egy r\u00e9sze olvas\u00e1s volt, rengeteg k\u00f6nyvet elolvastam az els\u0151 vil\u00e1gh\u00e1bor\u00far\u00f3l, mert Marie abban a korban n\u0151tt fel. Teh\u00e1t volt egy t\u00f6rt\u00e9nelmi, majd egy gyakorlati el\u0151k\u00e9sz\u00edt\u00e9s is, amely sor\u00e1n meg kellett tanulnom hogyan f\u0151ztek vagy most\u00e1k a ruh\u00e1kat akkoriban. Adrian rendk\u00edv\u00fcl prec\u00edz a felk\u00e9sz\u00fcl\u00e9sben. A film legfontosabb \u00e9rzelmi r\u00e9sze a mag\u00e1ny volt, ez\u00e9rt Adrian elk\u00fcld\u00f6tt a h\u00e1zba, ahol Marie a filmben lakik, \u00e9s a forgat\u00e1s el\u0151tt p\u00e1r napra ott \u00e9ltem egyed\u00fcl. Nem volt v\u00edz, nem volt \u00e1ram, de k\u00e9nytelen voltam ott maradni. Ez nagyon sokat seg\u00edtett, mert seg\u00edtett jobban meg\u00e9rteni hogyan kapcsol\u00f3dik egym\u00e1shoz Marie \u00e9s Franz ezen a mag\u00e1nyon kereszt\u00fcl. \u00c9s ez nagyon j\u00f3 felfedez\u00e9s volt sz\u00e1momra is, hogy nem vagyunk egyed\u00fcl. Lehet, hogy az id\u0151 nagy r\u00e9sz\u00e9ben mag\u00e1nyosnak \u00e9rezz\u00fck magunkat, de nem vagyunk egyed\u00fcl. Val\u00f3sz\u00edn\u0171leg ez volt a felk\u00e9sz\u00fcl\u00e9s legnagyobb kih\u00edv\u00e1sa sz\u00e1momra.<\/p>\n\n\n\n<figure class=\"wp-block-embed is-type-video is-provider-youtube wp-block-embed-youtube wp-embed-aspect-16-9 wp-has-aspect-ratio\"><div class=\"wp-block-embed__wrapper\">\n<iframe loading=\"lazy\" title=\"DER FUCHS | Trailer deutsch | Jetzt im Kino!\" width=\"800\" height=\"450\" src=\"https:\/\/www.youtube.com\/embed\/7enX_GyCziE?feature=oembed\" frameborder=\"0\" allow=\"accelerometer; autoplay; clipboard-write; encrypted-media; gyroscope; picture-in-picture; web-share\" allowfullscreen><\/iframe>\n<\/div><\/figure>\n\n\n\n<p><strong>Marie sz\u00e1m\u00e1ra f\u00e9lelmetes lehetett abban a helyzetben (h\u00e1bor\u00fa, n\u00e9met megsz\u00e1ll\u00e1s), hogy egy n\u00e9met-osztr\u00e1k katona ott van a h\u00e1z\u00e1ban. Te mit csin\u00e1lt\u00e1l volna ebben a helyzetben?<\/strong><\/p>\n\n\n\n<p>Istenem, ez egy nagyon neh\u00e9z k\u00e9rd\u00e9s. Furcsa lenne azt mondani, hogy rendben lenn\u00e9k vele, \u00e9s azt hiszem nem is lenn\u00e9k. El\u0151sz\u00f6r biztosan f\u00e9ltem volna, \u00e9s val\u00f3sz\u00edn\u0171leg nagyon d\u00fch\u00f6s is lettem volna. A k\u00f6r\u00fclm\u00e9nyek miatt, \u00e9s amiatt, amit az egyenruh\u00e1ja jelk\u00e9pez&#8230; betolakod\u00f3. Azt hiszem, ilyen helyzetben az ember egyfajta t\u00fal\u00e9l\u0151 m\u00f3dban van. Arra \u00f6sszpontos\u00edt, hogy mit tehet \u00e9s mit kell tennie. \u00c9n p\u00e9ld\u00e1ul ahelyett, hogy ilyenkor a mag\u00e1nyra \u00e9s a f\u00e9lelemre \u00f6sszpontos\u00edtan\u00e9k, azt hiszem, megpr\u00f3b\u00e1ln\u00e1m tenni a dolgomat.<\/p>\n\n\n\n<p><strong>Volt olyan helyzet az \u00e9letedben, amikor megtapasztaltad ezt a mag\u00e1ny-\u00e9rz\u00e9st?<\/strong><\/p>\n\n\n\n<p>Igen, n\u00e9h\u00e1nyszor. Eg\u00e9szen fiatalon, tizenh\u00e9t\u00e9vesen k\u00f6lt\u00f6ztem el otthonr\u00f3l P\u00e1rizsba. El\u0151sz\u00f6r azt hittem nagyon j\u00f3 sz\u00f3rakoz\u00e1s lesz egy m\u00e1sik v\u00e1rosba k\u00f6lt\u00f6zni \u00e9s dolgozni. F\u00fcggetlen akartam lenni \u00e9s v\u00e9g\u00fcl az is lettem, ugyanakkor nagyon mag\u00e1nyos voltam. Ugyanezt \u00e9reztem a Covid idej\u00e9n is. \u00c9ppen el\u0151tte k\u00f6lt\u00f6ztem P\u00e1rizsb\u00f3l a k\u00fclv\u00e1rosba. A korl\u00e1toz\u00e1sok nagyon-nagyon szigor\u00faak voltak, nem hagyhattam el a h\u00e1zam, \u00e9s majdnem k\u00e9t h\u00f3napig voltam ott egyed\u00fcl. F\u00e9lelmetes volt.<\/p>\n\n\n\n<p><strong>Mi volt az, ami seg\u00edtett neked \u00e1tv\u00e9szelni ezeket a helyzeteket?<\/strong><\/p>\n\n\n\n<p>Igyekeztem minden nap valami olyat csin\u00e1lni, ami tetszik, id\u0151beoszt\u00e1st alak\u00edtottam ki \u00e9s edzettem. A sport \u00e9s a rendszeres id\u0151beoszt\u00e1s sokat seg\u00edtett. Minden napra kellett valami elfoglalts\u00e1g. Nem voltak ezek fontos dolgok, de ebben az esetben seg\u00edtett, hogy csak arra tudtam koncentr\u00e1lni, amit \u00e9ppen csin\u00e1ltam. Csak az\u00e9rt, hogy a figyelmedre koncentr\u00e1lj. \u00c9s k\u00f6zben sok filmet n\u00e9ztem.<\/p>\n\n\n\n<p><strong>Milyen filmeket?<\/strong><\/p>\n\n\n\n<p>Nagyon sok mindent szeretek. Akkoriban sok Ingmar Bergman filmet n\u00e9ztem, de im\u00e1dok mindent, ami film, f\u0151leg az \u00f6tvenes-hatvanas \u00e9vek jap\u00e1n filmjeit. Mostan\u00e1ban megn\u00e9ztem Az \u00e9rz\u00e9kek birodalm\u00e1ban c\u00edm\u0171 jap\u00e1n filmet. Nagyon nyers, ugyanakkor gy\u00f6ny\u00f6r\u0171. Nagyon eml\u00e9keztetett a Shunga-ra, a jap\u00e1n erotikus m\u0171v\u00e9szetre, vizu\u00e1lisan nagyon hat\u00e1sos volt. Azt\u00e1n elkezdtem t\u00f6bb jap\u00e1n filmet is megn\u00e9zni ebb\u0151l az id\u0151szakb\u00f3l. N\u00e9ha Bergman filmjeire eml\u00e9keztetnek, mert sok a pszichol\u00f3giai r\u00e9teg, de mellette ott van a vizu\u00e1lis sz\u00e9ps\u00e9g is. Im\u00e1dom Stanley Kubrick \u00f6sszes filmj\u00e9t, k\u00fcl\u00f6n\u00f6sen Barry Lyndont. Nagyon szeretem a lengyel (Krzysztof Kieslowski, Pawel Pawlikowski, Agnieszka Holland stb.) \u00e9s a szl\u00e1v mozit, \u00e9s nemr\u00e9g l\u00e1ttam A napl\u00f3 gyermekeimnek c\u00edm\u0171 nagyon meghat\u00f3 filmet M\u00e9sz\u00e1ros M\u00e1rt\u00e1t\u00f3l. Szeretem a v\u00edgj\u00e1t\u00e9kokat is, p\u00e9ld\u00e1ul a Leslie Nielsonnal k\u00e9sz\u00fclt filmeket vagy a k\u00f6zelm\u00faltb\u00f3l a \u201eM\u00e1snaposokat\u201d \u00e9s m\u00e9g sok-sok m\u00e1s fimet\u2026<\/p>\n\n\n\n<p><strong>Lengyel gy\u00f6kereid vannak, de Ausztri\u00e1ban sz\u00fclett\u00e9l \u00e9s n\u0151tt\u00e9l fel, most pedig Franciaorsz\u00e1gban \u00e9lsz. Hogyan hatottak r\u00e1d a k\u00fcl\u00f6nb\u00f6z\u0151 kult\u00far\u00e1k?<\/strong><\/p>\n\n\n\n<p>\u00dagy gondolom, hogy ha egy ember k\u00e9t kult\u00far\u00e1ban n\u0151 fel, az meghat\u00e1rozza, hogy soha nem \u00e9rzi mag\u00e1t otthon. B\u00e1rhol j\u00f3l \u00e9rzi mag\u00e1t, \u00e9s ez egy pozit\u00edv szempont, mert k\u00f6nnyebb elmenni, \u00e9s m\u00e1shol \u00e9lni, de van egy r\u00e9sz, ahol nem igaz\u00e1n tudok azonosulni egyik nemzettel sem.<\/p>\n\n\n\n<p><strong>Ilyen h\u00e1tt\u00e9rrel m ennyire tervezted tudatosan a karrieredet P\u00e1rizsban?<\/strong><\/p>\n\n\n\n<p>El\u0151sz\u00f6r a modellkarrier j\u00f6tt, majd elv\u00e9geztem a sz\u00edni iskol\u00e1t. K\u00f6r\u00fclbel\u00fcl 25 \u00e9ves koromban kezdtem Franciaorsz\u00e1gban dolgozni, de m\u00e9g mindig sok kurzuson veszek r\u00e9szt \u2013 f\u0151leg Angli\u00e1ban &#8211; \u00e9s folyamatosan edzem magam. El\u0151sz\u00f6r is csak dolgozni akartam, mert a sz\u00edn\u00e9szi munka nagyon boldogg\u00e1 tett. De egyre ink\u00e1bb r\u00e1j\u00f6ttem, hogy bizonyos projektekhez val\u00f3ban nagyon tudok k\u00f6t\u0151dni, \u00e9s ezekben azt\u00e1n \u00e1ltal\u00e1ban r\u00e9szt is veszek, mert fontosak sz\u00e1momra. Nem az a fontos, hogy sokat dolgozzak, hanem az, hogy ha csak napi egy \u00f3r\u00e1t dolgozom egy projektben, az fontos legyen. Ez tesz el\u00e9gedett\u00e9.<\/p>\n\n\n\n<p><strong>Eml\u00e9kszel r\u00e1, hogy mikor \u00e9rezted el\u0151sz\u00f6r, hogy sz\u00edn\u00e9szn\u0151 szeretn\u00e9l lenni?<\/strong><\/p>\n\n\n\n<p>El\u00e9g k\u00e9s\u0151n j\u00f6tt. Amikor modellkedtem, az akkori \u00fcgyn\u00f6k\u00f6m mondta, hogy tal\u00e1n meg kellene pr\u00f3b\u00e1lnom a sz\u00ednj\u00e1tsz\u00e1st. Kor\u00e1bban nem \u00e9rdekelt igaz\u00e1n, de amikor az els\u0151 nap ott voltam az iskol\u00e1ban, azt \u00e9reztem, hogy itt a helyem. Az els\u0151 pillanatt\u00f3l kezdve j\u00f3l \u00e9reztem magam. Ez az, ami igaz\u00e1n \u00e9rdekelt \u00e9s ez az \u00e9rz\u00e9s a mai napig tart. Mint egy j\u00f3 hossz\u00fa \u00e9s eg\u00e9szs\u00e9ges kapcsolat (nevet).<\/p>\n\n\n\n<p><strong>Neh\u00e9z volt elindulni a p\u00e1ly\u00e1n?<\/strong><\/p>\n\n\n\n<p>Igen. Amikor otthagytam az iskol\u00e1t, m\u00e9g nem igaz\u00e1n tudtam, hogyan viselkedjek. Csak k\u00e9t \u00e9vet j\u00e1rtam iskol\u00e1ba, azt\u00e1n viszonylag gyorsan elkezdtem dolgozni, \u00e9s mindig az volt az \u00e9rz\u00e9sem, hogy nem vagyok el\u00e9g j\u00f3. Rengeteget gyakoroltam, \u00e9s sz\u00e1momra az legfontosabb, hogy tegyek valamit, \u00e9s hogy j\u00f3l csin\u00e1ljam. Hogy az adott pillanatban a lehet\u0151 legjobban v\u00e9gezzem el a munk\u00e1t. Eleinte nagyon kem\u00e9ny voltam magammal, de ez lassan elm\u00falt, \u00e9s megmaradt az \u00e9lvezet. Elengedtem az elv\u00e1r\u00e1saimat, csak \u00e9lvezem, amit csin\u00e1lok.<\/p>\n\n\n\n<p><strong>Most mennyire vagy el\u00e9gedett magaddal?<\/strong> Nem is tudom. De az a helyzet, hogy az el\u00e9gedetlens\u00e9g m\u00e1r nem probl\u00e9ma, megtanultam figyelmen k\u00edv\u00fcl hagyni. Mindig lehetne m\u00e1sk\u00e9nt csin\u00e1lni \u00e9s minden sz\u00edn\u00e9sz m\u00e1shogy j\u00e1tszana el egy adott szerepet. Ez a hang mindig ott van a fejemben, de m\u00e1r kev\u00e9sb\u00e9 fontos. Ott voltam, a lehet\u0151 legjobban csin\u00e1ltam, \u00e9s j\u00f3l \u00e9reztem magam. Ez sz\u00e1m\u00edt.<\/p>\n","protected":false},"excerpt":{"rendered":"<p>Lengyel csal\u00e1dban B\u00e9csben sz\u00fcletett, de m\u00e1r lassan h\u00fasz \u00e9ve P\u00e1rizsban \u00e9l, ahol el\u0151bb modellk\u00e9nt dolgozott, majd elv\u00e9gezte az egyik legnevesebb \u00a0p\u00e1rizsi sz\u00edn\u00e9sziskol\u00e1t, a Cours Florent-t. Az\u00f3ta sorban kapja a jobbn\u00e1l jobb szerepeket, legut\u00f3bb pedig \u00a0Adrian Goiginger\u00a0A r\u00f3ka\u00a0c\u00edm\u0171 filmj\u00e9ben ny\u00fajtott alak\u00edt\u00e1s\u00e1\u00e9rt Osztr\u00e1k Filmd\u00edjra jel\u00f6lt\u00e9k, mint a legjobb n\u0151i mell\u00e9kszerepl\u0151. Adriane Gradziellel besz\u00e9lgett\u00fcnk filmr\u0151l \u00e9s mag\u00e1nyr\u00f3l.<\/p>\n","protected":false},"author":1,"featured_media":1590,"comment_status":"open","ping_status":"open","sticky":false,"template":"","format":"standard","meta":{"footnotes":""},"categories":[27,29],"tags":[53,54],"class_list":["post-1589","post","type-post","status-publish","format-standard","has-post-thumbnail","hentry","category-elet","category-kultura","tag-a-roka","tag-adriane-gradziel"],"yoast_head":"<!-- This site is optimized with the Yoast SEO plugin v20.13 - https:\/\/yoast.com\/wordpress\/plugins\/seo\/ -->\n<title>Adriane Gradziel: \u201eM\u00e1r nem probl\u00e9ma, ha valamivel el\u00e9gedetlen vagyok\u201d - Francespiration<\/title>\n<meta name=\"description\" content=\"Nemr\u00e9g ker\u00fclt mozikba egy sz\u00e9p film, amely kapcs\u00e1n Adriane Gradziel sz\u00edn\u00e9szn\u0151vel besz\u00e9lgett\u00fcnk A r\u00f3ka c\u00edm\u0171 filmr\u0151l \u00e9s mag\u00e1nyr\u00f3l.\" \/>\n<meta name=\"robots\" content=\"index, follow, max-snippet:-1, max-image-preview:large, max-video-preview:-1\" \/>\n<link rel=\"canonical\" href=\"https:\/\/www.francespiration.com\/index.php\/2023\/11\/04\/adriane-gradziel-mar-nem-problema-ha-valamivel-elegedetlen-vagyok\/\" \/>\n<meta property=\"og:locale\" content=\"hu_HU\" \/>\n<meta property=\"og:type\" content=\"article\" \/>\n<meta property=\"og:title\" content=\"Adriane Gradziel: \u201eM\u00e1r nem probl\u00e9ma, ha valamivel el\u00e9gedetlen vagyok\u201d - Francespiration\" \/>\n<meta property=\"og:description\" content=\"Nemr\u00e9g ker\u00fclt mozikba egy sz\u00e9p film, amely kapcs\u00e1n Adriane Gradziel sz\u00edn\u00e9szn\u0151vel besz\u00e9lgett\u00fcnk A r\u00f3ka c\u00edm\u0171 filmr\u0151l \u00e9s mag\u00e1nyr\u00f3l.\" \/>\n<meta property=\"og:url\" content=\"https:\/\/www.francespiration.com\/index.php\/2023\/11\/04\/adriane-gradziel-mar-nem-problema-ha-valamivel-elegedetlen-vagyok\/\" \/>\n<meta property=\"og:site_name\" content=\"Francespiration\" \/>\n<meta property=\"article:published_time\" content=\"2023-11-04T09:12:26+00:00\" \/>\n<meta property=\"article:modified_time\" content=\"2023-11-04T09:12:28+00:00\" \/>\n<meta property=\"og:image\" content=\"https:\/\/www.francespiration.com\/wp-content\/uploads\/2023\/11\/Adriane.jpg\" \/>\n\t<meta property=\"og:image:width\" content=\"1200\" \/>\n\t<meta property=\"og:image:height\" content=\"800\" \/>\n\t<meta property=\"og:image:type\" content=\"image\/jpeg\" \/>\n<meta name=\"author\" content=\"Sz\u00f6ll\u0151si T\u00edmea\" \/>\n<meta name=\"twitter:card\" content=\"summary_large_image\" \/>\n<meta name=\"twitter:label1\" content=\"Szerz\u0151:\" \/>\n\t<meta name=\"twitter:data1\" content=\"Sz\u00f6ll\u0151si T\u00edmea\" \/>\n\t<meta name=\"twitter:label2\" content=\"Becs\u00fclt olvas\u00e1si id\u0151\" \/>\n\t<meta name=\"twitter:data2\" content=\"7 perc\" \/>\n<script type=\"application\/ld+json\" class=\"yoast-schema-graph\">{\"@context\":\"https:\/\/schema.org\",\"@graph\":[{\"@type\":\"Article\",\"@id\":\"https:\/\/www.francespiration.com\/index.php\/2023\/11\/04\/adriane-gradziel-mar-nem-problema-ha-valamivel-elegedetlen-vagyok\/#article\",\"isPartOf\":{\"@id\":\"https:\/\/www.francespiration.com\/index.php\/2023\/11\/04\/adriane-gradziel-mar-nem-problema-ha-valamivel-elegedetlen-vagyok\/\"},\"author\":{\"name\":\"Sz\u00f6ll\u0151si T\u00edmea\",\"@id\":\"https:\/\/www.francespiration.com\/#\/schema\/person\/83f3dc20d791bfb54664f7e0287501fa\"},\"headline\":\"Adriane Gradziel: \u201eM\u00e1r nem probl\u00e9ma, ha valamivel el\u00e9gedetlen vagyok\u201d\",\"datePublished\":\"2023-11-04T09:12:26+00:00\",\"dateModified\":\"2023-11-04T09:12:28+00:00\",\"mainEntityOfPage\":{\"@id\":\"https:\/\/www.francespiration.com\/index.php\/2023\/11\/04\/adriane-gradziel-mar-nem-problema-ha-valamivel-elegedetlen-vagyok\/\"},\"wordCount\":1812,\"commentCount\":0,\"publisher\":{\"@id\":\"https:\/\/www.francespiration.com\/#organization\"},\"keywords\":[\"a r\u00f3ka\",\"adriane gradziel\"],\"articleSection\":[\"\u00c9LET\",\"KULT\u00daRA\"],\"inLanguage\":\"hu\",\"potentialAction\":[{\"@type\":\"CommentAction\",\"name\":\"Comment\",\"target\":[\"https:\/\/www.francespiration.com\/index.php\/2023\/11\/04\/adriane-gradziel-mar-nem-problema-ha-valamivel-elegedetlen-vagyok\/#respond\"]}]},{\"@type\":\"WebPage\",\"@id\":\"https:\/\/www.francespiration.com\/index.php\/2023\/11\/04\/adriane-gradziel-mar-nem-problema-ha-valamivel-elegedetlen-vagyok\/\",\"url\":\"https:\/\/www.francespiration.com\/index.php\/2023\/11\/04\/adriane-gradziel-mar-nem-problema-ha-valamivel-elegedetlen-vagyok\/\",\"name\":\"Adriane Gradziel: \u201eM\u00e1r nem probl\u00e9ma, ha valamivel el\u00e9gedetlen vagyok\u201d - Francespiration\",\"isPartOf\":{\"@id\":\"https:\/\/www.francespiration.com\/#website\"},\"datePublished\":\"2023-11-04T09:12:26+00:00\",\"dateModified\":\"2023-11-04T09:12:28+00:00\",\"description\":\"Nemr\u00e9g ker\u00fclt mozikba egy sz\u00e9p film, amely kapcs\u00e1n Adriane Gradziel sz\u00edn\u00e9szn\u0151vel besz\u00e9lgett\u00fcnk A r\u00f3ka c\u00edm\u0171 filmr\u0151l \u00e9s mag\u00e1nyr\u00f3l.\",\"breadcrumb\":{\"@id\":\"https:\/\/www.francespiration.com\/index.php\/2023\/11\/04\/adriane-gradziel-mar-nem-problema-ha-valamivel-elegedetlen-vagyok\/#breadcrumb\"},\"inLanguage\":\"hu\",\"potentialAction\":[{\"@type\":\"ReadAction\",\"target\":[\"https:\/\/www.francespiration.com\/index.php\/2023\/11\/04\/adriane-gradziel-mar-nem-problema-ha-valamivel-elegedetlen-vagyok\/\"]}]},{\"@type\":\"BreadcrumbList\",\"@id\":\"https:\/\/www.francespiration.com\/index.php\/2023\/11\/04\/adriane-gradziel-mar-nem-problema-ha-valamivel-elegedetlen-vagyok\/#breadcrumb\",\"itemListElement\":[{\"@type\":\"ListItem\",\"position\":1,\"name\":\"Kezd\u0151lap\",\"item\":\"https:\/\/www.francespiration.com\/\"},{\"@type\":\"ListItem\",\"position\":2,\"name\":\"Adriane Gradziel: \u201eM\u00e1r nem probl\u00e9ma, ha valamivel el\u00e9gedetlen vagyok\u201d\"}]},{\"@type\":\"WebSite\",\"@id\":\"https:\/\/www.francespiration.com\/#website\",\"url\":\"https:\/\/www.francespiration.com\/\",\"name\":\"Francespiration\",\"description\":\"Just another WordPress site\",\"publisher\":{\"@id\":\"https:\/\/www.francespiration.com\/#organization\"},\"potentialAction\":[{\"@type\":\"SearchAction\",\"target\":{\"@type\":\"EntryPoint\",\"urlTemplate\":\"https:\/\/www.francespiration.com\/?s={search_term_string}\"},\"query-input\":\"required name=search_term_string\"}],\"inLanguage\":\"hu\"},{\"@type\":\"Organization\",\"@id\":\"https:\/\/www.francespiration.com\/#organization\",\"name\":\"Francespiration\",\"url\":\"https:\/\/www.francespiration.com\/\",\"logo\":{\"@type\":\"ImageObject\",\"inLanguage\":\"hu\",\"@id\":\"https:\/\/www.francespiration.com\/#\/schema\/logo\/image\/\",\"url\":\"https:\/\/www.francespiration.com\/wp-content\/uploads\/2022\/09\/4d-also-scaled.jpg\",\"contentUrl\":\"https:\/\/www.francespiration.com\/wp-content\/uploads\/2022\/09\/4d-also-scaled.jpg\",\"width\":2560,\"height\":913,\"caption\":\"Francespiration\"},\"image\":{\"@id\":\"https:\/\/www.francespiration.com\/#\/schema\/logo\/image\/\"}},{\"@type\":\"Person\",\"@id\":\"https:\/\/www.francespiration.com\/#\/schema\/person\/83f3dc20d791bfb54664f7e0287501fa\",\"name\":\"Sz\u00f6ll\u0151si T\u00edmea\",\"image\":{\"@type\":\"ImageObject\",\"inLanguage\":\"hu\",\"@id\":\"https:\/\/www.francespiration.com\/#\/schema\/person\/image\/\",\"url\":\"https:\/\/secure.gravatar.com\/avatar\/1fd2e7bebd99ada3a170be066229da8dce9b7f9ba3748e0b659e39e5f31eb56a?s=96&d=mm&r=g\",\"contentUrl\":\"https:\/\/secure.gravatar.com\/avatar\/1fd2e7bebd99ada3a170be066229da8dce9b7f9ba3748e0b659e39e5f31eb56a?s=96&d=mm&r=g\",\"caption\":\"Sz\u00f6ll\u0151si T\u00edmea\"},\"sameAs\":[\"https:\/\/www.francespiration.com\"],\"url\":\"https:\/\/www.francespiration.com\/index.php\/author\/szollotimi\/\"}]}<\/script>\n<!-- \/ Yoast SEO plugin. -->","yoast_head_json":{"title":"Adriane Gradziel: \u201eM\u00e1r nem probl\u00e9ma, ha valamivel el\u00e9gedetlen vagyok\u201d - Francespiration","description":"Nemr\u00e9g ker\u00fclt mozikba egy sz\u00e9p film, amely kapcs\u00e1n Adriane Gradziel sz\u00edn\u00e9szn\u0151vel besz\u00e9lgett\u00fcnk A r\u00f3ka c\u00edm\u0171 filmr\u0151l \u00e9s mag\u00e1nyr\u00f3l.","robots":{"index":"index","follow":"follow","max-snippet":"max-snippet:-1","max-image-preview":"max-image-preview:large","max-video-preview":"max-video-preview:-1"},"canonical":"https:\/\/www.francespiration.com\/index.php\/2023\/11\/04\/adriane-gradziel-mar-nem-problema-ha-valamivel-elegedetlen-vagyok\/","og_locale":"hu_HU","og_type":"article","og_title":"Adriane Gradziel: \u201eM\u00e1r nem probl\u00e9ma, ha valamivel el\u00e9gedetlen vagyok\u201d - Francespiration","og_description":"Nemr\u00e9g ker\u00fclt mozikba egy sz\u00e9p film, amely kapcs\u00e1n Adriane Gradziel sz\u00edn\u00e9szn\u0151vel besz\u00e9lgett\u00fcnk A r\u00f3ka c\u00edm\u0171 filmr\u0151l \u00e9s mag\u00e1nyr\u00f3l.","og_url":"https:\/\/www.francespiration.com\/index.php\/2023\/11\/04\/adriane-gradziel-mar-nem-problema-ha-valamivel-elegedetlen-vagyok\/","og_site_name":"Francespiration","article_published_time":"2023-11-04T09:12:26+00:00","article_modified_time":"2023-11-04T09:12:28+00:00","og_image":[{"width":1200,"height":800,"url":"https:\/\/www.francespiration.com\/wp-content\/uploads\/2023\/11\/Adriane.jpg","type":"image\/jpeg"}],"author":"Sz\u00f6ll\u0151si T\u00edmea","twitter_card":"summary_large_image","twitter_misc":{"Szerz\u0151:":"Sz\u00f6ll\u0151si T\u00edmea","Becs\u00fclt olvas\u00e1si id\u0151":"7 perc"},"schema":{"@context":"https:\/\/schema.org","@graph":[{"@type":"Article","@id":"https:\/\/www.francespiration.com\/index.php\/2023\/11\/04\/adriane-gradziel-mar-nem-problema-ha-valamivel-elegedetlen-vagyok\/#article","isPartOf":{"@id":"https:\/\/www.francespiration.com\/index.php\/2023\/11\/04\/adriane-gradziel-mar-nem-problema-ha-valamivel-elegedetlen-vagyok\/"},"author":{"name":"Sz\u00f6ll\u0151si T\u00edmea","@id":"https:\/\/www.francespiration.com\/#\/schema\/person\/83f3dc20d791bfb54664f7e0287501fa"},"headline":"Adriane Gradziel: \u201eM\u00e1r nem probl\u00e9ma, ha valamivel el\u00e9gedetlen vagyok\u201d","datePublished":"2023-11-04T09:12:26+00:00","dateModified":"2023-11-04T09:12:28+00:00","mainEntityOfPage":{"@id":"https:\/\/www.francespiration.com\/index.php\/2023\/11\/04\/adriane-gradziel-mar-nem-problema-ha-valamivel-elegedetlen-vagyok\/"},"wordCount":1812,"commentCount":0,"publisher":{"@id":"https:\/\/www.francespiration.com\/#organization"},"keywords":["a r\u00f3ka","adriane gradziel"],"articleSection":["\u00c9LET","KULT\u00daRA"],"inLanguage":"hu","potentialAction":[{"@type":"CommentAction","name":"Comment","target":["https:\/\/www.francespiration.com\/index.php\/2023\/11\/04\/adriane-gradziel-mar-nem-problema-ha-valamivel-elegedetlen-vagyok\/#respond"]}]},{"@type":"WebPage","@id":"https:\/\/www.francespiration.com\/index.php\/2023\/11\/04\/adriane-gradziel-mar-nem-problema-ha-valamivel-elegedetlen-vagyok\/","url":"https:\/\/www.francespiration.com\/index.php\/2023\/11\/04\/adriane-gradziel-mar-nem-problema-ha-valamivel-elegedetlen-vagyok\/","name":"Adriane Gradziel: \u201eM\u00e1r nem probl\u00e9ma, ha valamivel el\u00e9gedetlen vagyok\u201d - Francespiration","isPartOf":{"@id":"https:\/\/www.francespiration.com\/#website"},"datePublished":"2023-11-04T09:12:26+00:00","dateModified":"2023-11-04T09:12:28+00:00","description":"Nemr\u00e9g ker\u00fclt mozikba egy sz\u00e9p film, amely kapcs\u00e1n Adriane Gradziel sz\u00edn\u00e9szn\u0151vel besz\u00e9lgett\u00fcnk A r\u00f3ka c\u00edm\u0171 filmr\u0151l \u00e9s mag\u00e1nyr\u00f3l.","breadcrumb":{"@id":"https:\/\/www.francespiration.com\/index.php\/2023\/11\/04\/adriane-gradziel-mar-nem-problema-ha-valamivel-elegedetlen-vagyok\/#breadcrumb"},"inLanguage":"hu","potentialAction":[{"@type":"ReadAction","target":["https:\/\/www.francespiration.com\/index.php\/2023\/11\/04\/adriane-gradziel-mar-nem-problema-ha-valamivel-elegedetlen-vagyok\/"]}]},{"@type":"BreadcrumbList","@id":"https:\/\/www.francespiration.com\/index.php\/2023\/11\/04\/adriane-gradziel-mar-nem-problema-ha-valamivel-elegedetlen-vagyok\/#breadcrumb","itemListElement":[{"@type":"ListItem","position":1,"name":"Kezd\u0151lap","item":"https:\/\/www.francespiration.com\/"},{"@type":"ListItem","position":2,"name":"Adriane Gradziel: \u201eM\u00e1r nem probl\u00e9ma, ha valamivel el\u00e9gedetlen vagyok\u201d"}]},{"@type":"WebSite","@id":"https:\/\/www.francespiration.com\/#website","url":"https:\/\/www.francespiration.com\/","name":"Francespiration","description":"Just another WordPress site","publisher":{"@id":"https:\/\/www.francespiration.com\/#organization"},"potentialAction":[{"@type":"SearchAction","target":{"@type":"EntryPoint","urlTemplate":"https:\/\/www.francespiration.com\/?s={search_term_string}"},"query-input":"required name=search_term_string"}],"inLanguage":"hu"},{"@type":"Organization","@id":"https:\/\/www.francespiration.com\/#organization","name":"Francespiration","url":"https:\/\/www.francespiration.com\/","logo":{"@type":"ImageObject","inLanguage":"hu","@id":"https:\/\/www.francespiration.com\/#\/schema\/logo\/image\/","url":"https:\/\/www.francespiration.com\/wp-content\/uploads\/2022\/09\/4d-also-scaled.jpg","contentUrl":"https:\/\/www.francespiration.com\/wp-content\/uploads\/2022\/09\/4d-also-scaled.jpg","width":2560,"height":913,"caption":"Francespiration"},"image":{"@id":"https:\/\/www.francespiration.com\/#\/schema\/logo\/image\/"}},{"@type":"Person","@id":"https:\/\/www.francespiration.com\/#\/schema\/person\/83f3dc20d791bfb54664f7e0287501fa","name":"Sz\u00f6ll\u0151si T\u00edmea","image":{"@type":"ImageObject","inLanguage":"hu","@id":"https:\/\/www.francespiration.com\/#\/schema\/person\/image\/","url":"https:\/\/secure.gravatar.com\/avatar\/1fd2e7bebd99ada3a170be066229da8dce9b7f9ba3748e0b659e39e5f31eb56a?s=96&d=mm&r=g","contentUrl":"https:\/\/secure.gravatar.com\/avatar\/1fd2e7bebd99ada3a170be066229da8dce9b7f9ba3748e0b659e39e5f31eb56a?s=96&d=mm&r=g","caption":"Sz\u00f6ll\u0151si T\u00edmea"},"sameAs":["https:\/\/www.francespiration.com"],"url":"https:\/\/www.francespiration.com\/index.php\/author\/szollotimi\/"}]}},"_links":{"self":[{"href":"https:\/\/www.francespiration.com\/index.php\/wp-json\/wp\/v2\/posts\/1589","targetHints":{"allow":["GET"]}}],"collection":[{"href":"https:\/\/www.francespiration.com\/index.php\/wp-json\/wp\/v2\/posts"}],"about":[{"href":"https:\/\/www.francespiration.com\/index.php\/wp-json\/wp\/v2\/types\/post"}],"author":[{"embeddable":true,"href":"https:\/\/www.francespiration.com\/index.php\/wp-json\/wp\/v2\/users\/1"}],"replies":[{"embeddable":true,"href":"https:\/\/www.francespiration.com\/index.php\/wp-json\/wp\/v2\/comments?post=1589"}],"version-history":[{"count":1,"href":"https:\/\/www.francespiration.com\/index.php\/wp-json\/wp\/v2\/posts\/1589\/revisions"}],"predecessor-version":[{"id":1591,"href":"https:\/\/www.francespiration.com\/index.php\/wp-json\/wp\/v2\/posts\/1589\/revisions\/1591"}],"wp:featuredmedia":[{"embeddable":true,"href":"https:\/\/www.francespiration.com\/index.php\/wp-json\/wp\/v2\/media\/1590"}],"wp:attachment":[{"href":"https:\/\/www.francespiration.com\/index.php\/wp-json\/wp\/v2\/media?parent=1589"}],"wp:term":[{"taxonomy":"category","embeddable":true,"href":"https:\/\/www.francespiration.com\/index.php\/wp-json\/wp\/v2\/categories?post=1589"},{"taxonomy":"post_tag","embeddable":true,"href":"https:\/\/www.francespiration.com\/index.php\/wp-json\/wp\/v2\/tags?post=1589"}],"curies":[{"name":"wp","href":"https:\/\/api.w.org\/{rel}","templated":true}]}}