{"id":1623,"date":"2023-12-03T15:57:57","date_gmt":"2023-12-03T15:57:57","guid":{"rendered":"https:\/\/www.francespiration.com\/?p=1623"},"modified":"2023-12-03T15:57:59","modified_gmt":"2023-12-03T15:57:59","slug":"sussunk-pain-depices-t-karacsonyra","status":"publish","type":"post","link":"https:\/\/www.francespiration.com\/index.php\/2023\/12\/03\/sussunk-pain-depices-t-karacsonyra\/","title":{"rendered":"S\u00fcss\u00fcnk pain d&#8217;\u00e9pices-t kar\u00e1csonyra!"},"content":{"rendered":"\n<p><strong>Ezt a finoms\u00e1got, melyet ak\u00e1r m\u00e9zeskal\u00e1cs keny\u00e9rnek is nevezhet\u00fcnk kar\u00e1csonykor rozslisztb\u0151l, b\u00fazalisztb\u0151l vagy a kett\u0151 kombin\u00e1ci\u00f3j\u00e1b\u00f3l k\u00e9sz\u00edtik \u2013 \u00e9s \u00edzvil\u00e1g\u00e1ban nagyon hasonl\u00edt a Magyarorsz\u00e1gon s\u00fct\u00f6tt m\u00e9zeskal\u00e1csokhoz. \u00c1m ah\u00e1ny r\u00e9gi\u00f3 van Franciaorsz\u00e1gnak, annyi Pain d&#8217;\u00c9pices v\u00e1ltozat l\u00e9tezik.<\/strong><\/p>\n\n\n\n<!--more-->\n\n\n\n<p>A s\u00fctem\u00e9ny \u00e9s a keny\u00e9r eme mes\u00e9s tal\u00e1lkoz\u00e1sa Franciaorsz\u00e1gban az \u00fcnnepek alappill\u00e9re \u00e9s a kar\u00e1csonyi men\u00fc egyik elengedhetetlen eleme. Megtal\u00e1lhat\u00f3 a legt\u00f6bb kar\u00e1csonyi v\u00e1s\u00e1ri standon, de otthoni is el\u0151szeretettel k\u00e9sz\u00edtik, mivel egy igaz\u00e1n egyszer\u0171 recept, amit\u0151l a h\u00e1z illata is csod\u00e1latos lesz. A l\u00e1tszat ellen\u00e9re egy klasszikus francia f\u0171szeres kenyeret (Pain d\u2019\u00c9pices) ugyan nem szabad \u201em\u00e9zeskal\u00e1csnak\u201d ford\u00edtani, de \u00edzvil\u00e1g\u00e1ban k\u00e9ts\u00e9gtelen\u00fcl a mi hagyom\u00e1nyos m\u00e9zeskal\u00e1csunk k\u00f6sz\u00f6n vissza, ez\u00e9rt mi az egyszer\u0171s\u00e9g kedv\u00e9\u00e9rt \u00edgy h\u00edvjuk.<\/p>\n\n\n\n<p>A k\u00e9t legh\u00edresebb a reimsi eredeti, amely s\u00f6t\u00e9t rozslisztb\u0151l k\u00e9sz\u00fclt, tej \u00e9s toj\u00e1s hozz\u00e1ad\u00e1sa n\u00e9lk\u00fcl, valamint egy dijoni v\u00e1ltozat, amelyet b\u00fazaliszttel k\u00e9sz\u00edtenek. A leggyakrabban haszn\u00e1lt f\u0171szerek a kardamom, a szegf\u0171szeg, a szerecsendi\u00f3, a gy\u00f6mb\u00e9r \u00e9s az \u00e1nizs. Az ut\u00f3bbit f\u0151leg a dijoni v\u00e1ltozatban haszn\u00e1lj\u00e1k, m\u00edg a reims-i v\u00e1ltozatban elengedhetetlen legal\u00e1bb egy csipet fah\u00e9j is \u2013 de a hagyom\u00e1nyos m\u00e9zeskal\u00e1cs f\u0171szerkever\u00e9k is t\u00f6k\u00e9letes s\u00fctem\u00e9nyt eredm\u00e9nyez. A recept m\u00e1s region\u00e1lis v\u00e1ltozataiban a t\u00e9szt\u00e1ba ker\u00fclhet egy kis narancs- \u00e9s citromh\u00e9j is, mint p\u00e9ld\u00e1ul a d\u00e9li, tengerparti ter\u00fcleteken. A m\u00e9z azonban minden recept elmaradhatatlan \u00e9s legfontosabb eleme, sok helyen m\u00e9g a m\u00e9z fajt\u00e1j\u00e1t is gondosan megv\u00e1logatj\u00e1k, mert annak arom\u00e1ja uralja a keny\u00e9r \u00edz\u00e9t &#8211; t\u00f6bb recept szerint a gazdag \u00edz\u0171 m\u00e9zfajt\u00e1k, p\u00e9ld\u00e1ul a feny\u0151m\u00e9z a legjobbak. <\/p>\n\n\n\n<p>A Le Syndicat des Biscuits et G\u00e2teaux de France a Pain d\u2019\u00c9pices pur miel nevet a kiz\u00e1r\u00f3lag m\u00e9zzel \u00e9des\u00edtett keny\u00e9rnek tartotta fenn, mivel manaps\u00e1g sok szak\u00e1cs a m\u00e9z mellett cukrot is ad hozz\u00e1. Ha extra ropog\u00e1st \u00e9s \u00edzt adn\u00e1nk a hagyom\u00e1nyos m\u00e9zeskal\u00e1csnak, b\u00e1tran keverhet\u00fcnk a t\u00e9szt\u00e1ba k\u00fcl\u00f6nf\u00e9le gy\u00fcm\u00f6lcs\u00f6ket \u00e9s di\u00f3f\u00e9l\u00e9ket.<\/p>\n\n\n\n<h2 class=\"wp-block-heading\">Hogyan fogyasszuk a \u201ePain d\u2019\u00c9pices\u201d-t?<\/h2>\n\n\n\n<p>Mivel itt egy s\u00fctem\u00e9ny \u00e9s keny\u00e9r kombin\u00e1ci\u00f3j\u00e1r\u00f3l van sz\u00f3, a Pain d&#8217;\u00c9pices egyform\u00e1n finom \u00e9des \u00e9s s\u00f3s csemeg\u00e9t jelent. Gyakran felv\u00e1gva el\u0151\u00e9telk\u00e9nt szolg\u00e1lj\u00e1k fel v\u00e9kony szeletekben libam\u00e1jjal avagy a f\u0151\u00e9tel ut\u00e1n a desszert el\u0151tt l\u00e1gy teh\u00e9ntejes sajtokkal, mint p\u00e9ld\u00e1ul Brie vagy Camembert. Mivel nem t\u00fal \u00e9des, a Pain d&#8217;\u00c9pices remek reggeli \u00e9tel, \u00e9s t\u00f6k\u00e9letesen m\u0171k\u00f6dik vajjal \u00e9s lekv\u00e1rral. \u00c9n szem\u00e9ly szerint mag\u00e1ban szeretem a legjobban a d\u00e9lut\u00e1ni k\u00e1v\u00e9hoz&#8230;<\/p>\n\n\n\n<h2 class=\"wp-block-heading\">Eredeti reims-i pain d\u2019epices<\/h2>\n\n\n\n<p><strong>Hozz\u00e1val\u00f3k:<\/strong><\/p>\n\n\n\n<ul class=\"wp-block-list\">\n<li>170 ml v\u00edz<\/li>\n\n\n\n<li>250 g m\u00e9z<\/li>\n\n\n\n<li>250 g rozsliszt<\/li>\n\n\n\n<li>50 g barna cukor<\/li>\n\n\n\n<li>1 tk sz\u00f3dabikarb\u00f3na<\/li>\n\n\n\n<li>0,5 tk s\u00f3<\/li>\n\n\n\n<li>8-10 g m\u00e9zeskal\u00e1cs f\u0171szerkever\u00e9k (vagy az a k\u00f6vetkez\u0151 f\u0171szerek kombin\u00e1ci\u00f3ja:<\/li>\n\n\n\n<li>1 tk fah\u00e9j, 1tk gy\u00f6mb\u00e9r, 1 tk \u00e1nizs, 0,5 tk szerecsendi\u00f3, 0,5 tk \u0151r\u00f6lt szegf\u0171szeg<\/li>\n<\/ul>\n\n\n\n<p><strong>Elk\u00e9sz\u00edt\u00e9s:<\/strong><\/p>\n\n\n\n<p>Meleg\u00edts\u00fck el\u0151 a s\u00fct\u0151t 180 fokra. Meleg\u00edts\u00fck fel a vizet egy ed\u00e9nyben, majd adjuk hozz\u00e1 a m\u00e9zet \u00e9s alaposan keverj\u00fck el. Egy kever\u0151t\u00e1lban keverj\u00fck \u00f6ssze a lisztet, s\u00f3t, sz\u00f3dabikarb\u00f3n\u00e1t \u00e9s a f\u0171szereket. Adjuk hozz\u00e1 a vizes-m\u00e9zes kever\u00e9ket \u00e9s keverj\u00fck, m\u00edg egy l\u00e1gy, homog\u00e9n t\u00e9szt\u00e1t nem kapunk. \u00d6nst\u00fck egy s\u00fct\u0151pap\u00edrral kib\u00e9lelt keny\u00e9rs\u00fct\u0151 form\u00e1ba. Vegy\u00fck le a s\u00fct\u0151 h\u0151m\u00e9rs\u00e9klet\u00e9t 150 fokra \u00e9s s\u00fcss\u00fck kb. 45-50 percig.<\/p>\n\n\n\n<h2 class=\"wp-block-heading\">Julia Child felturb\u00f3zott verzi\u00f3ja<\/h2>\n\n\n\n<p>A 20. sz\u00e1zad m\u00e1sodik fel\u00e9ben, Julia Child t\u00f6bb v\u00e1ltozattal is el\u0151rukkolt, amelyekhez dar\u00e1lt mandul\u00e1t \u00e9s kand\u00edrozott gy\u00fcm\u00f6lcs\u00f6t adott.  A francia konyha m\u0171v\u00e9szete c\u00edm\u0171 k\u00f6nyv\u00e9ben a k\u00f6vetkez\u0151k szerint k\u00e9sz\u00fcl:<\/p>\n\n\n\n<p><strong>Hozz\u00e1val\u00f3k:<\/strong><\/p>\n\n\n\n<ul class=\"wp-block-list\">\n<li>450 g m\u00e9z<\/li>\n\n\n\n<li>200 g cukor<\/li>\n\n\n\n<li>180 ml forr\u00e1sban l\u00e9v\u0151 v\u00edz<\/li>\n\n\n\n<li>1\/2 te\u00e1skan\u00e1l s\u00f3<\/li>\n\n\n\n<li>1 ev\u0151kan\u00e1l sz\u00f3dabikarb\u00f3na<\/li>\n\n\n\n<li>300-400 g rozsliszt<\/li>\n\n\n\n<li>65 g dar\u00e1lt mandula<\/li>\n\n\n\n<li>1 te\u00e1skan\u00e1l mandula kivonat<\/li>\n\n\n\n<li>1 te\u00e1skan\u00e1l \u00e1nizs kivonat<\/li>\n\n\n\n<li>60 ml s\u00f6t\u00e9t rum vagy bourbon whisky<\/li>\n<\/ul>\n\n\n\n<p><strong>Elk\u00e9sz\u00edt\u00e9s:<\/strong><\/p>\n\n\n\n<p>Meleg\u00edts\u00fck el\u0151 a s\u00fct\u0151t 160C-ra. A m\u00e9zet, a cukrot \u00e9s a forr\u00e1sban l\u00e9v\u0151 vizet keverj\u00fck el, am\u00edg a cukor fel nem old\u00f3dik. Hozz\u00e1adjuk a s\u00f3t, a sz\u00f3dabikarb\u00f3n\u00e1t \u00e9s 300 g rozslisztet. Fokozatosan adjuk hozz\u00e1 a marad\u00e9k lisztet, am\u00edg neh\u00e9z, ragacsos massz\u00e1t nem kapunk, ami j\u00f3l form\u00e1zhat\u00f3. Ezut\u00e1n j\u00f6hetnek a tov\u00e1bbi hozz\u00e1val\u00f3k. Lassan keverj\u00fck \u0151ket, hogy minden sz\u00e9pen elkeveredjen. Forgassuk a t\u00e9szt\u00e1t a keny\u00e9rform\u00e1ban, \u00e9s nedves ujjal vagy spatul\u00e1val sim\u00edtsuk el a tetej\u00e9t. A k\u00f6z\u00e9ps\u0151 r\u00e1cson s\u00fcss\u00fck 1-1 1\/4 \u00f3r\u00e1ig, vagy ha sz\u00fcks\u00e9ges, m\u00e9g tov\u00e1bb is.<\/p>\n","protected":false},"excerpt":{"rendered":"<p>Ezt a finoms\u00e1got, melyet ak\u00e1r m\u00e9zeskal\u00e1cs keny\u00e9rnek is nevezhet\u00fcnk kar\u00e1csonykor rozslisztb\u0151l, b\u00fazalisztb\u0151l vagy a kett\u0151 kombin\u00e1ci\u00f3j\u00e1b\u00f3l k\u00e9sz\u00edtik \u2013 \u00e9s \u00edzvil\u00e1g\u00e1ban nagyon hasonl\u00edt a Magyarorsz\u00e1gon s\u00fct\u00f6tt m\u00e9zeskal\u00e1csokhoz. \u00c1m ah\u00e1ny r\u00e9gi\u00f3 van Franciaorsz\u00e1gnak, annyi Pain d&#8217;\u00c9pices v\u00e1ltozat l\u00e9tezik.<\/p>\n","protected":false},"author":1,"featured_media":1626,"comment_status":"open","ping_status":"open","sticky":false,"template":"","format":"standard","meta":{"footnotes":""},"categories":[31],"tags":[65,66,68],"class_list":["post-1623","post","type-post","status-publish","format-standard","has-post-thumbnail","hentry","category-konyha","tag-mezeskalacs","tag-mezeskalacskenyer","tag-pain-depices"],"yoast_head":"<!-- This site is optimized with the Yoast SEO plugin v20.13 - https:\/\/yoast.com\/wordpress\/plugins\/seo\/ -->\n<title>S\u00fcss\u00fcnk pain d&#039;\u00e9pices-t kar\u00e1csonyra! - Francespiration<\/title>\n<meta name=\"description\" content=\"A pain d&#039;\u00e9pices-t ak\u00e1r m\u00e9zeskal\u00e1cs keny\u00e9rnek is nevezhet\u00fcnk kar\u00e1csonykor rozslisztb\u0151l, b\u00fazalisztb\u0151l vagy a kett\u0151 kombin\u00e1ci\u00f3j\u00e1b\u00f3l k\u00e9sz\u00edtik\" \/>\n<meta name=\"robots\" content=\"index, follow, max-snippet:-1, max-image-preview:large, max-video-preview:-1\" \/>\n<link rel=\"canonical\" href=\"https:\/\/www.francespiration.com\/index.php\/2023\/12\/03\/sussunk-pain-depices-t-karacsonyra\/\" \/>\n<meta property=\"og:locale\" content=\"hu_HU\" \/>\n<meta property=\"og:type\" content=\"article\" \/>\n<meta property=\"og:title\" content=\"S\u00fcss\u00fcnk pain d&#039;\u00e9pices-t kar\u00e1csonyra! - Francespiration\" \/>\n<meta property=\"og:description\" content=\"A pain d&#039;\u00e9pices-t ak\u00e1r m\u00e9zeskal\u00e1cs keny\u00e9rnek is nevezhet\u00fcnk kar\u00e1csonykor rozslisztb\u0151l, b\u00fazalisztb\u0151l vagy a kett\u0151 kombin\u00e1ci\u00f3j\u00e1b\u00f3l k\u00e9sz\u00edtik\" \/>\n<meta property=\"og:url\" content=\"https:\/\/www.francespiration.com\/index.php\/2023\/12\/03\/sussunk-pain-depices-t-karacsonyra\/\" \/>\n<meta property=\"og:site_name\" content=\"Francespiration\" \/>\n<meta property=\"article:published_time\" content=\"2023-12-03T15:57:57+00:00\" \/>\n<meta property=\"article:modified_time\" content=\"2023-12-03T15:57:59+00:00\" \/>\n<meta property=\"og:image\" content=\"https:\/\/www.francespiration.com\/wp-content\/uploads\/2023\/12\/pain-d-epice.jpg\" \/>\n\t<meta property=\"og:image:width\" content=\"2016\" \/>\n\t<meta property=\"og:image:height\" content=\"1512\" \/>\n\t<meta property=\"og:image:type\" content=\"image\/jpeg\" \/>\n<meta name=\"author\" content=\"Sz\u00f6ll\u0151si T\u00edmea\" \/>\n<meta name=\"twitter:card\" content=\"summary_large_image\" \/>\n<meta name=\"twitter:label1\" content=\"Szerz\u0151:\" \/>\n\t<meta name=\"twitter:data1\" content=\"Sz\u00f6ll\u0151si T\u00edmea\" \/>\n\t<meta name=\"twitter:label2\" content=\"Becs\u00fclt olvas\u00e1si id\u0151\" \/>\n\t<meta name=\"twitter:data2\" content=\"4 perc\" \/>\n<script type=\"application\/ld+json\" class=\"yoast-schema-graph\">{\"@context\":\"https:\/\/schema.org\",\"@graph\":[{\"@type\":\"Article\",\"@id\":\"https:\/\/www.francespiration.com\/index.php\/2023\/12\/03\/sussunk-pain-depices-t-karacsonyra\/#article\",\"isPartOf\":{\"@id\":\"https:\/\/www.francespiration.com\/index.php\/2023\/12\/03\/sussunk-pain-depices-t-karacsonyra\/\"},\"author\":{\"name\":\"Sz\u00f6ll\u0151si T\u00edmea\",\"@id\":\"https:\/\/www.francespiration.com\/#\/schema\/person\/83f3dc20d791bfb54664f7e0287501fa\"},\"headline\":\"S\u00fcss\u00fcnk pain d&#8217;\u00e9pices-t kar\u00e1csonyra!\",\"datePublished\":\"2023-12-03T15:57:57+00:00\",\"dateModified\":\"2023-12-03T15:57:59+00:00\",\"mainEntityOfPage\":{\"@id\":\"https:\/\/www.francespiration.com\/index.php\/2023\/12\/03\/sussunk-pain-depices-t-karacsonyra\/\"},\"wordCount\":971,\"commentCount\":0,\"publisher\":{\"@id\":\"https:\/\/www.francespiration.com\/#organization\"},\"keywords\":[\"m\u00e9zeskal\u00e1cs\",\"m\u00e9zeskal\u00e1cskeny\u00e9r\",\"pain d'epices\"],\"articleSection\":[\"KONYHA\"],\"inLanguage\":\"hu\",\"potentialAction\":[{\"@type\":\"CommentAction\",\"name\":\"Comment\",\"target\":[\"https:\/\/www.francespiration.com\/index.php\/2023\/12\/03\/sussunk-pain-depices-t-karacsonyra\/#respond\"]}]},{\"@type\":\"WebPage\",\"@id\":\"https:\/\/www.francespiration.com\/index.php\/2023\/12\/03\/sussunk-pain-depices-t-karacsonyra\/\",\"url\":\"https:\/\/www.francespiration.com\/index.php\/2023\/12\/03\/sussunk-pain-depices-t-karacsonyra\/\",\"name\":\"S\u00fcss\u00fcnk pain d'\u00e9pices-t kar\u00e1csonyra! - Francespiration\",\"isPartOf\":{\"@id\":\"https:\/\/www.francespiration.com\/#website\"},\"datePublished\":\"2023-12-03T15:57:57+00:00\",\"dateModified\":\"2023-12-03T15:57:59+00:00\",\"description\":\"A pain d'\u00e9pices-t ak\u00e1r m\u00e9zeskal\u00e1cs keny\u00e9rnek is nevezhet\u00fcnk kar\u00e1csonykor rozslisztb\u0151l, b\u00fazalisztb\u0151l vagy a kett\u0151 kombin\u00e1ci\u00f3j\u00e1b\u00f3l k\u00e9sz\u00edtik\",\"breadcrumb\":{\"@id\":\"https:\/\/www.francespiration.com\/index.php\/2023\/12\/03\/sussunk-pain-depices-t-karacsonyra\/#breadcrumb\"},\"inLanguage\":\"hu\",\"potentialAction\":[{\"@type\":\"ReadAction\",\"target\":[\"https:\/\/www.francespiration.com\/index.php\/2023\/12\/03\/sussunk-pain-depices-t-karacsonyra\/\"]}]},{\"@type\":\"BreadcrumbList\",\"@id\":\"https:\/\/www.francespiration.com\/index.php\/2023\/12\/03\/sussunk-pain-depices-t-karacsonyra\/#breadcrumb\",\"itemListElement\":[{\"@type\":\"ListItem\",\"position\":1,\"name\":\"Kezd\u0151lap\",\"item\":\"https:\/\/www.francespiration.com\/\"},{\"@type\":\"ListItem\",\"position\":2,\"name\":\"S\u00fcss\u00fcnk pain d&#8217;\u00e9pices-t kar\u00e1csonyra!\"}]},{\"@type\":\"WebSite\",\"@id\":\"https:\/\/www.francespiration.com\/#website\",\"url\":\"https:\/\/www.francespiration.com\/\",\"name\":\"Francespiration\",\"description\":\"Just another WordPress site\",\"publisher\":{\"@id\":\"https:\/\/www.francespiration.com\/#organization\"},\"potentialAction\":[{\"@type\":\"SearchAction\",\"target\":{\"@type\":\"EntryPoint\",\"urlTemplate\":\"https:\/\/www.francespiration.com\/?s={search_term_string}\"},\"query-input\":\"required name=search_term_string\"}],\"inLanguage\":\"hu\"},{\"@type\":\"Organization\",\"@id\":\"https:\/\/www.francespiration.com\/#organization\",\"name\":\"Francespiration\",\"url\":\"https:\/\/www.francespiration.com\/\",\"logo\":{\"@type\":\"ImageObject\",\"inLanguage\":\"hu\",\"@id\":\"https:\/\/www.francespiration.com\/#\/schema\/logo\/image\/\",\"url\":\"https:\/\/www.francespiration.com\/wp-content\/uploads\/2022\/09\/4d-also-scaled.jpg\",\"contentUrl\":\"https:\/\/www.francespiration.com\/wp-content\/uploads\/2022\/09\/4d-also-scaled.jpg\",\"width\":2560,\"height\":913,\"caption\":\"Francespiration\"},\"image\":{\"@id\":\"https:\/\/www.francespiration.com\/#\/schema\/logo\/image\/\"}},{\"@type\":\"Person\",\"@id\":\"https:\/\/www.francespiration.com\/#\/schema\/person\/83f3dc20d791bfb54664f7e0287501fa\",\"name\":\"Sz\u00f6ll\u0151si T\u00edmea\",\"image\":{\"@type\":\"ImageObject\",\"inLanguage\":\"hu\",\"@id\":\"https:\/\/www.francespiration.com\/#\/schema\/person\/image\/\",\"url\":\"https:\/\/secure.gravatar.com\/avatar\/1fd2e7bebd99ada3a170be066229da8dce9b7f9ba3748e0b659e39e5f31eb56a?s=96&d=mm&r=g\",\"contentUrl\":\"https:\/\/secure.gravatar.com\/avatar\/1fd2e7bebd99ada3a170be066229da8dce9b7f9ba3748e0b659e39e5f31eb56a?s=96&d=mm&r=g\",\"caption\":\"Sz\u00f6ll\u0151si T\u00edmea\"},\"sameAs\":[\"https:\/\/www.francespiration.com\"],\"url\":\"https:\/\/www.francespiration.com\/index.php\/author\/szollotimi\/\"}]}<\/script>\n<!-- \/ Yoast SEO plugin. -->","yoast_head_json":{"title":"S\u00fcss\u00fcnk pain d'\u00e9pices-t kar\u00e1csonyra! - Francespiration","description":"A pain d'\u00e9pices-t ak\u00e1r m\u00e9zeskal\u00e1cs keny\u00e9rnek is nevezhet\u00fcnk kar\u00e1csonykor rozslisztb\u0151l, b\u00fazalisztb\u0151l vagy a kett\u0151 kombin\u00e1ci\u00f3j\u00e1b\u00f3l k\u00e9sz\u00edtik","robots":{"index":"index","follow":"follow","max-snippet":"max-snippet:-1","max-image-preview":"max-image-preview:large","max-video-preview":"max-video-preview:-1"},"canonical":"https:\/\/www.francespiration.com\/index.php\/2023\/12\/03\/sussunk-pain-depices-t-karacsonyra\/","og_locale":"hu_HU","og_type":"article","og_title":"S\u00fcss\u00fcnk pain d'\u00e9pices-t kar\u00e1csonyra! - Francespiration","og_description":"A pain d'\u00e9pices-t ak\u00e1r m\u00e9zeskal\u00e1cs keny\u00e9rnek is nevezhet\u00fcnk kar\u00e1csonykor rozslisztb\u0151l, b\u00fazalisztb\u0151l vagy a kett\u0151 kombin\u00e1ci\u00f3j\u00e1b\u00f3l k\u00e9sz\u00edtik","og_url":"https:\/\/www.francespiration.com\/index.php\/2023\/12\/03\/sussunk-pain-depices-t-karacsonyra\/","og_site_name":"Francespiration","article_published_time":"2023-12-03T15:57:57+00:00","article_modified_time":"2023-12-03T15:57:59+00:00","og_image":[{"width":2016,"height":1512,"url":"https:\/\/www.francespiration.com\/wp-content\/uploads\/2023\/12\/pain-d-epice.jpg","type":"image\/jpeg"}],"author":"Sz\u00f6ll\u0151si T\u00edmea","twitter_card":"summary_large_image","twitter_misc":{"Szerz\u0151:":"Sz\u00f6ll\u0151si T\u00edmea","Becs\u00fclt olvas\u00e1si id\u0151":"4 perc"},"schema":{"@context":"https:\/\/schema.org","@graph":[{"@type":"Article","@id":"https:\/\/www.francespiration.com\/index.php\/2023\/12\/03\/sussunk-pain-depices-t-karacsonyra\/#article","isPartOf":{"@id":"https:\/\/www.francespiration.com\/index.php\/2023\/12\/03\/sussunk-pain-depices-t-karacsonyra\/"},"author":{"name":"Sz\u00f6ll\u0151si T\u00edmea","@id":"https:\/\/www.francespiration.com\/#\/schema\/person\/83f3dc20d791bfb54664f7e0287501fa"},"headline":"S\u00fcss\u00fcnk pain d&#8217;\u00e9pices-t kar\u00e1csonyra!","datePublished":"2023-12-03T15:57:57+00:00","dateModified":"2023-12-03T15:57:59+00:00","mainEntityOfPage":{"@id":"https:\/\/www.francespiration.com\/index.php\/2023\/12\/03\/sussunk-pain-depices-t-karacsonyra\/"},"wordCount":971,"commentCount":0,"publisher":{"@id":"https:\/\/www.francespiration.com\/#organization"},"keywords":["m\u00e9zeskal\u00e1cs","m\u00e9zeskal\u00e1cskeny\u00e9r","pain d'epices"],"articleSection":["KONYHA"],"inLanguage":"hu","potentialAction":[{"@type":"CommentAction","name":"Comment","target":["https:\/\/www.francespiration.com\/index.php\/2023\/12\/03\/sussunk-pain-depices-t-karacsonyra\/#respond"]}]},{"@type":"WebPage","@id":"https:\/\/www.francespiration.com\/index.php\/2023\/12\/03\/sussunk-pain-depices-t-karacsonyra\/","url":"https:\/\/www.francespiration.com\/index.php\/2023\/12\/03\/sussunk-pain-depices-t-karacsonyra\/","name":"S\u00fcss\u00fcnk pain d'\u00e9pices-t kar\u00e1csonyra! - Francespiration","isPartOf":{"@id":"https:\/\/www.francespiration.com\/#website"},"datePublished":"2023-12-03T15:57:57+00:00","dateModified":"2023-12-03T15:57:59+00:00","description":"A pain d'\u00e9pices-t ak\u00e1r m\u00e9zeskal\u00e1cs keny\u00e9rnek is nevezhet\u00fcnk kar\u00e1csonykor rozslisztb\u0151l, b\u00fazalisztb\u0151l vagy a kett\u0151 kombin\u00e1ci\u00f3j\u00e1b\u00f3l k\u00e9sz\u00edtik","breadcrumb":{"@id":"https:\/\/www.francespiration.com\/index.php\/2023\/12\/03\/sussunk-pain-depices-t-karacsonyra\/#breadcrumb"},"inLanguage":"hu","potentialAction":[{"@type":"ReadAction","target":["https:\/\/www.francespiration.com\/index.php\/2023\/12\/03\/sussunk-pain-depices-t-karacsonyra\/"]}]},{"@type":"BreadcrumbList","@id":"https:\/\/www.francespiration.com\/index.php\/2023\/12\/03\/sussunk-pain-depices-t-karacsonyra\/#breadcrumb","itemListElement":[{"@type":"ListItem","position":1,"name":"Kezd\u0151lap","item":"https:\/\/www.francespiration.com\/"},{"@type":"ListItem","position":2,"name":"S\u00fcss\u00fcnk pain d&#8217;\u00e9pices-t kar\u00e1csonyra!"}]},{"@type":"WebSite","@id":"https:\/\/www.francespiration.com\/#website","url":"https:\/\/www.francespiration.com\/","name":"Francespiration","description":"Just another WordPress site","publisher":{"@id":"https:\/\/www.francespiration.com\/#organization"},"potentialAction":[{"@type":"SearchAction","target":{"@type":"EntryPoint","urlTemplate":"https:\/\/www.francespiration.com\/?s={search_term_string}"},"query-input":"required name=search_term_string"}],"inLanguage":"hu"},{"@type":"Organization","@id":"https:\/\/www.francespiration.com\/#organization","name":"Francespiration","url":"https:\/\/www.francespiration.com\/","logo":{"@type":"ImageObject","inLanguage":"hu","@id":"https:\/\/www.francespiration.com\/#\/schema\/logo\/image\/","url":"https:\/\/www.francespiration.com\/wp-content\/uploads\/2022\/09\/4d-also-scaled.jpg","contentUrl":"https:\/\/www.francespiration.com\/wp-content\/uploads\/2022\/09\/4d-also-scaled.jpg","width":2560,"height":913,"caption":"Francespiration"},"image":{"@id":"https:\/\/www.francespiration.com\/#\/schema\/logo\/image\/"}},{"@type":"Person","@id":"https:\/\/www.francespiration.com\/#\/schema\/person\/83f3dc20d791bfb54664f7e0287501fa","name":"Sz\u00f6ll\u0151si T\u00edmea","image":{"@type":"ImageObject","inLanguage":"hu","@id":"https:\/\/www.francespiration.com\/#\/schema\/person\/image\/","url":"https:\/\/secure.gravatar.com\/avatar\/1fd2e7bebd99ada3a170be066229da8dce9b7f9ba3748e0b659e39e5f31eb56a?s=96&d=mm&r=g","contentUrl":"https:\/\/secure.gravatar.com\/avatar\/1fd2e7bebd99ada3a170be066229da8dce9b7f9ba3748e0b659e39e5f31eb56a?s=96&d=mm&r=g","caption":"Sz\u00f6ll\u0151si T\u00edmea"},"sameAs":["https:\/\/www.francespiration.com"],"url":"https:\/\/www.francespiration.com\/index.php\/author\/szollotimi\/"}]}},"_links":{"self":[{"href":"https:\/\/www.francespiration.com\/index.php\/wp-json\/wp\/v2\/posts\/1623","targetHints":{"allow":["GET"]}}],"collection":[{"href":"https:\/\/www.francespiration.com\/index.php\/wp-json\/wp\/v2\/posts"}],"about":[{"href":"https:\/\/www.francespiration.com\/index.php\/wp-json\/wp\/v2\/types\/post"}],"author":[{"embeddable":true,"href":"https:\/\/www.francespiration.com\/index.php\/wp-json\/wp\/v2\/users\/1"}],"replies":[{"embeddable":true,"href":"https:\/\/www.francespiration.com\/index.php\/wp-json\/wp\/v2\/comments?post=1623"}],"version-history":[{"count":3,"href":"https:\/\/www.francespiration.com\/index.php\/wp-json\/wp\/v2\/posts\/1623\/revisions"}],"predecessor-version":[{"id":1627,"href":"https:\/\/www.francespiration.com\/index.php\/wp-json\/wp\/v2\/posts\/1623\/revisions\/1627"}],"wp:featuredmedia":[{"embeddable":true,"href":"https:\/\/www.francespiration.com\/index.php\/wp-json\/wp\/v2\/media\/1626"}],"wp:attachment":[{"href":"https:\/\/www.francespiration.com\/index.php\/wp-json\/wp\/v2\/media?parent=1623"}],"wp:term":[{"taxonomy":"category","embeddable":true,"href":"https:\/\/www.francespiration.com\/index.php\/wp-json\/wp\/v2\/categories?post=1623"},{"taxonomy":"post_tag","embeddable":true,"href":"https:\/\/www.francespiration.com\/index.php\/wp-json\/wp\/v2\/tags?post=1623"}],"curies":[{"name":"wp","href":"https:\/\/api.w.org\/{rel}","templated":true}]}}