{"id":1628,"date":"2023-12-04T09:00:06","date_gmt":"2023-12-04T09:00:06","guid":{"rendered":"https:\/\/www.francespiration.com\/?p=1628"},"modified":"2023-12-04T09:00:07","modified_gmt":"2023-12-04T09:00:07","slug":"franciaorszag-legjobb-karacsonyi-vasarai","status":"publish","type":"post","link":"https:\/\/www.francespiration.com\/index.php\/2023\/12\/04\/franciaorszag-legjobb-karacsonyi-vasarai\/","title":{"rendered":"Franciaorsz\u00e1g legjobb kar\u00e1csonyi v\u00e1s\u00e1rai"},"content":{"rendered":"\n<p>Ha Franciaorsz\u00e1gba l\u00e1togatsz az \u00fcnnepek alatt, a kar\u00e1csonyi v\u00e1s\u00e1rok kihagyhatatlan l\u00e1tv\u00e1nyoss\u00e1gok. Franciaorsz\u00e1g-szerte a piacok a r\u00e9gi \u00fcnnepi hagyom\u00e1nyokat id\u00e9zik, a helyi k\u00e9zm\u0171vesek, az \u00fcnnepi f\u00e9nyek \u00e9s az \u00ednyenc k\u00fcl\u00f6nlegess\u00e9geket az eg\u00e9sz csal\u00e1d sz\u00f3rakoztat\u00e1s\u00e1t garant\u00e1lj\u00e1k, m\u00e9gis mindegyik egyedi \u00e9s k\u00fcl\u00f6nleges. \u00a0<\/p>\n\n\n\n<!--more-->\n\n\n\n<h2 class=\"wp-block-heading\">Colmar<\/h2>\n\n\n\n<p>November 23-t\u00f3l december 29-ig<\/p>\n\n\n\n<figure class=\"wp-block-gallery has-nested-images columns-default is-cropped wp-block-gallery-1 is-layout-flex wp-block-gallery-is-layout-flex\">\n<figure class=\"wp-block-image size-large\"><img loading=\"lazy\" decoding=\"async\" width=\"1024\" height=\"768\" data-id=\"1630\" src=\"https:\/\/www.francespiration.com\/wp-content\/uploads\/2023\/12\/colmar-karacsonyi-vasar-1024x768.jpg\" alt=\"Fot\u00f3: flickr\/cjbphotos1\" class=\"wp-image-1630\" srcset=\"https:\/\/www.francespiration.com\/wp-content\/uploads\/2023\/12\/colmar-karacsonyi-vasar-1024x768.jpg 1024w, https:\/\/www.francespiration.com\/wp-content\/uploads\/2023\/12\/colmar-karacsonyi-vasar-300x225.jpg 300w, https:\/\/www.francespiration.com\/wp-content\/uploads\/2023\/12\/colmar-karacsonyi-vasar-768x576.jpg 768w, https:\/\/www.francespiration.com\/wp-content\/uploads\/2023\/12\/colmar-karacsonyi-vasar-1536x1152.jpg 1536w, https:\/\/www.francespiration.com\/wp-content\/uploads\/2023\/12\/colmar-karacsonyi-vasar.jpg 2048w\" sizes=\"auto, (max-width: 1024px) 100vw, 1024px\" \/><\/figure>\n<\/figure>\n\n\n\n<p>Colmar Franciaorsz\u00e1g egyik legcsod\u00e1latosabb v\u00e1rosa, melynek t\u00f6rt\u00e9nelmi k\u00f6zpontja tele van k\u00f6z\u00e9pkori fav\u00e1zas h\u00e1zakkal \u00e9s kis kanyarg\u00f3s csatorn\u00e1kkal. Kar\u00e1csonykor Colmar utc\u00e1in s\u00e9t\u00e1lva lehetetlen, hogy ne var\u00e1zsoljon el a hely szelleme. Colmarban nem egy, hanem hat kar\u00e1csonyi v\u00e1s\u00e1r van \u00e9s mindegyik a mesek\u00f6nyvbe ill\u0151 kar\u00e1csony var\u00e1zs\u00e1t \u00e1rasztja. Mik\u00f6zben bej\u00e1rjuk a v\u00e1s\u00e1rokat, felfedezhetj\u00fck a gy\u00f6ny\u00f6r\u0171 n\u00e9met renesz\u00e1nsz \u00e9p\u00fcletet, a Maison des T\u00eates-t, majd a Petite Venise negyedet, ahol a Lauch foly\u00f3 ment\u00e9n a gy\u00f6ny\u00f6r\u0171, hagyom\u00e1nyos fav\u00e1zas h\u00e1zak sorakoznak. Az \u00e9p\u00fcletekre vet\u00edtett f\u00e9nyek adventi napt\u00e1rakat, csillog\u00f3 csillagokat \u00e9s t\u00e9li jeleneteket jelen\u00edtenek meg.<\/p>\n\n\n\n<h2 class=\"wp-block-heading\">Dijon<\/h2>\n\n\n\n<p>December 1-t\u0151l december 31-ig.<\/p>\n\n\n\n<p>Dijon UNESCO Vil\u00e1g\u00f6r\u00f6ks\u00e9g r\u00e9sz\u00e9t k\u00e9pez\u0151 v\u00e1rosk\u00f6zpontj\u00e1nak sz\u00edv\u00e9ben az \u00fcnnepi id\u0151szak p\u00e1ratlan l\u00e1tv\u00e1nyoss\u00e1g. A kar\u00e1csonyi szezonban Dijont gy\u00f6ny\u00f6r\u0171en feld\u00edsz\u00edtik, mindenhol csillog\u00f3 f\u00e9nyek \u00e9s \u00fcnnepi koszor\u00fak ragyognak. A Place de la Lib\u00e9ration ad otthont az 59 m\u00e9ter magas kar\u00e1csonyf\u00e1nak \u00e9s t\u00f6rt\u00e9nelmi k\u00f6rhintanak, m\u00edg a Place de la Republique \u00f3ri\u00e1sker\u00e9kkel \u00e9s korcsolyap\u00e1ly\u00e1val v\u00e1r. A dijoni kar\u00e1csonyi v\u00e1s\u00e1rban musz\u00e1j megk\u00f3stolni a burgundi r\u00e9gi\u00f3 specialit\u00e1sait: a m\u00e9zeskal\u00e1csokat, must\u00e1rokat, sajtokat \u00e9s B\u0153uf bourguignont, hogy csak n\u00e9h\u00e1nyat eml\u00edts\u00fcnk a finoms\u00e1gok k\u00f6z\u00fcl. Ha befizet\u00fcnk egy vezetett s\u00e9t\u00e1ra izgalmas t\u00f6rt\u00e9neteket hallgathatunk meg, amelyeken kereszt\u00fcl m\u00e9g jobban elm\u00e9lyedhet\u00fcnk a dijoni kult\u00far\u00e1ban \u00e9s hagyom\u00e1nyokban.<\/p>\n\n\n\n<h2 class=\"wp-block-heading\">Strasbourg<\/h2>\n\n\n\n<p>November 24-t\u0151l december 24-ig 18:00 \u00f3r\u00e1ig<\/p>\n\n\n\n<figure class=\"wp-block-image size-large\"><img loading=\"lazy\" decoding=\"async\" width=\"1024\" height=\"683\" src=\"https:\/\/www.francespiration.com\/wp-content\/uploads\/2023\/12\/colmar-karacsonyi-vasar-1-1024x683.jpg\" alt=\"Strasboug-kar\u00e1csonyi-v\u00e1s\u00e1r\" class=\"wp-image-1634\" srcset=\"https:\/\/www.francespiration.com\/wp-content\/uploads\/2023\/12\/colmar-karacsonyi-vasar-1-1024x683.jpg 1024w, https:\/\/www.francespiration.com\/wp-content\/uploads\/2023\/12\/colmar-karacsonyi-vasar-1-300x200.jpg 300w, https:\/\/www.francespiration.com\/wp-content\/uploads\/2023\/12\/colmar-karacsonyi-vasar-1-768x512.jpg 768w, https:\/\/www.francespiration.com\/wp-content\/uploads\/2023\/12\/colmar-karacsonyi-vasar-1-1536x1024.jpg 1536w, https:\/\/www.francespiration.com\/wp-content\/uploads\/2023\/12\/colmar-karacsonyi-vasar-1-2048x1365.jpg 2048w\" sizes=\"auto, (max-width: 1024px) 100vw, 1024px\" \/><figcaption class=\"wp-element-caption\">Fot\u00f3: Istock<\/figcaption><\/figure>\n\n\n\n<p>A decembert Strasbourg teljes pomp\u00e1ban t\u00f6lti, amely kar\u00e1csonyi f\u00e9nyeivel \u00e9s d\u00edszeivel mesebeli hangulatot \u00e1raszt. A v\u00e1ros nem kevesebb, mint 10 kar\u00e1csonyi v\u00e1s\u00e1rt k\u00edn\u00e1l. Ak\u00e1r idegenvezet\u0151vel s\u00e9t\u00e1lunk, ak\u00e1r magunkban n\u00e9h\u00e1ny nap alatt minden csod\u00e1t felfedezhet\u00fcnk, \u00e9s a csod\u00e1latos katedr\u00e1list\u00f3l a legszebb terekig \u00fcnnepi hangulat uralkodik. A strasbourgi kar\u00e1csonyi v\u00e1s\u00e1rokat viszont semmi nem tudja fel\u00fclm\u00falni. T\u00f6bb mint 300 v\u00e1s\u00e1ri standdal, kilom\u00e9ternyi f\u00e9nyf\u00fcz\u00e9rrel, a fens\u00e9ges nagy f\u00e1val, valamint k\u00e1pr\u00e1zatos m\u0171sorokkal \u00e9s koncertekkel p\u00e1ratlan \u00e9lm\u00e9ny. &nbsp;<\/p>\n\n\n\n<h2 class=\"wp-block-heading\">Bordeaux<\/h2>\n\n\n\n<p>November 24-t\u0151l december 27-ig.<\/p>\n\n\n\n<p>Ha kar\u00e1csonykor Bordeaux-ba l\u00e1togatsz, felt\u00e9tlen\u00fcl l\u00e1togasd meg a r\u00e9gi\u00f3 hagyom\u00e1nyos \u00fcnnepi piac\u00e1t az All\u00e9es de Tourny-n, \u00e9s fedezd fel a 150, pontosan elhelyezett standot. A piac egyik oldal\u00e1n k\u00e9zm\u0171veseket, a m\u00e1sik oldalon pedig rengeteg k\u00fcl\u00f6nleges italt, \u00e9telt \u00e9s region\u00e1lis term\u00e9ket tal\u00e1lhatunk. Rengeteg helyi t\u00e1rgy, k\u00e9zm\u0171ves port\u00e9k\u00e1k, parf\u00fcm, \u00e9kszer, konyhai ed\u00e9ny, j\u00e1t\u00e9k, gyertya, szappan kaphat\u00f3 itt. A kar\u00e1csonyi v\u00e1s\u00e1ron tett s\u00e9ta semmik\u00e9pp nem \u00e9rdemes kihagyni a Rue Saint Catherine-t, Bordeaux legnagyobb s\u00e9t\u00e1l\u00f3utc\u00e1j\u00e1t. A bordeaux-i kar\u00e1csonyi v\u00e1s\u00e1r eg\u00e9sz decemberben k\u00fcl\u00f6nf\u00e9le esem\u00e9nyeknek ad otthont. Term\u00e9szetesen van itt Mikul\u00e1s \u00e9s a feny\u0151k mellett van egy nagyon sz\u00e9p betlehem is.<\/p>\n\n\n\n<h2 class=\"wp-block-heading\">P\u00e1rizs<\/h2>\n\n\n\n<p>November 18-t\u00f3l janu\u00e1r 7-ig.<\/p>\n\n\n\n<figure class=\"wp-block-image size-large\"><img loading=\"lazy\" decoding=\"async\" width=\"1024\" height=\"683\" src=\"https:\/\/www.francespiration.com\/wp-content\/uploads\/2023\/12\/parizs-karacsonyi-vasar-1024x683.jpg\" alt=\"p\u00e1rizs-kar\u00e1csonyi v\u00e1s\u00e1r\" class=\"wp-image-1633\" srcset=\"https:\/\/www.francespiration.com\/wp-content\/uploads\/2023\/12\/parizs-karacsonyi-vasar-1024x683.jpg 1024w, https:\/\/www.francespiration.com\/wp-content\/uploads\/2023\/12\/parizs-karacsonyi-vasar-300x200.jpg 300w, https:\/\/www.francespiration.com\/wp-content\/uploads\/2023\/12\/parizs-karacsonyi-vasar-768x512.jpg 768w, https:\/\/www.francespiration.com\/wp-content\/uploads\/2023\/12\/parizs-karacsonyi-vasar-1536x1024.jpg 1536w, https:\/\/www.francespiration.com\/wp-content\/uploads\/2023\/12\/parizs-karacsonyi-vasar-2048x1365.jpg 2048w\" sizes=\"auto, (max-width: 1024px) 100vw, 1024px\" \/><figcaption class=\"wp-element-caption\">Fot\u00f3: Istock<\/figcaption><\/figure>\n\n\n\n<p>Ha t\u00e9len P\u00e1rizsba l\u00e1togatn\u00e1nk, kihagyhatatlan egy vagy t\u00f6bb p\u00e1rizsi mes\u00e9s kar\u00e1csonyi v\u00e1s\u00e1r megl\u00e1togat\u00e1sa. Szerte a v\u00e1rosban t\u00f6bb helyen is r\u00e1bukkanhatunk a piacokra \u00e9 mindegyik m\u00e1s csod\u00e1kat k\u00edn\u00e1l. P\u00e1rizs legn\u00e9pszer\u0171bb kar\u00e1csonyi v\u00e1s\u00e1rai: a Tuileri\u00e1k kertj\u00e9ben (kor\u00e1bban a Champs-\u00c9lys\u00e9es ment\u00e9n), Saint-Germain-des-Pr\u00e9s, Saint-Sulpice, Place de la Nation, Place des Abesses Montmartre-ban, Gare de l&#8217;Est \u00e9s Trocadero. Vegy\u00fcnk egy cs\u00e9sze forr\u00f3 csokol\u00e1d\u00e9t, hogy kez\u00fcnkben az itallal vegy\u00fck nyakunkba a v\u00e1rost, fedezz\u00fck fel kedvenc \u00fcnnepi dekor\u00e1ci\u00f3inkat, region\u00e1lis \u00e9s szezon\u00e1lis \u00e9telk\u00fcl\u00f6nlegess\u00e9geket, a kar\u00e1csonyi zen\u00e9t, t\u00far\u00e1kat \u00e9s l\u00e1tv\u00e1nyoss\u00e1gokat \u00e9s a boldogs\u00e1got.<\/p>\n\n\n\n<h2 class=\"wp-block-heading\">Montpellier<\/h2>\n\n\n\n<p>December 2. \u00e9s december 30. k\u00f6z\u00f6tt.<\/p>\n\n\n\n<p>Ha azt gondolod, hogy a mediterr\u00e1n t\u00e9rs\u00e9gben \u00e9s tengerparton nem lehet \u00e9lvezni a kar\u00e1csonyi hangulatot, akkor nagyon t\u00e9vedsz. A gy\u00f6ny\u00f6r\u0171 Montpellierben minden \u00e9vben l\u00e1tv\u00e1nyos \u00e9s hangulatos kar\u00e1csonyi v\u00e1s\u00e1r van, amely franci\u00e1ul Hivernales de l&#8217;Esplanade n\u00e9ven is ismert, \u00e9s D\u00e9l-Franciaorsz\u00e1g egyik legn\u00e9pszer\u0171bb kar\u00e1csonyi esem\u00e9nye. 2023-ban a Place Royale du Peyrou t\u00e9ren ker\u00fcl sor a t\u00e9li csodaorsz\u00e1g fel\u00e1ll\u00edt\u00e1s\u00e1ra. A kar\u00e1csonyi standokon egyedi k\u00e9zm\u0171ves term\u00e9kek tal\u00e1lhatunk a k\u00e9zm\u0171ves szappanokt\u00f3l \u00e9s k\u00e9zzel k\u00e9sz\u00edtett \u00e9kszerekt\u0151l a k\u00f6rnyez\u0151 Languedoc-Roussillon r\u00e9gi\u00f3 megannyi helyi \u00e9telfinoms\u00e1g\u00e1ig. V\u00e9gig k\u00f3stolhatjuk az \u00f6sszes kar\u00e1csonyi k\u00fcl\u00f6nlegess\u00e9gek, mint a B\u00fbche de No\u00ebl-t, vagyis a fat\u00f6rzset, amely klasszikus francia kar\u00e1csonyi desszert, \u00e9s amely nagyon hasonl\u00edt a Magyarorsz\u00e1gon k\u00e9sz\u00edtett pisk\u00f3tatekercshez, a confit de canard, vagyis a libam\u00e1jat, de nem \u00e9rdemes kihagyni az osztrig\u00e1t, a ratatouille, \u00e9s a tarte tatin sem. &nbsp;<\/p>\n","protected":false},"excerpt":{"rendered":"<p>Ha Franciaorsz\u00e1gba l\u00e1togatsz az \u00fcnnepek alatt, a kar\u00e1csonyi v\u00e1s\u00e1rok kihagyhatatlan l\u00e1tv\u00e1nyoss\u00e1gok. Franciaorsz\u00e1g-szerte a piacok a r\u00e9gi \u00fcnnepi hagyom\u00e1nyokat id\u00e9zik, a helyi k\u00e9zm\u0171vesek, az \u00fcnnepi f\u00e9nyek \u00e9s az \u00ednyenc k\u00fcl\u00f6nlegess\u00e9geket az eg\u00e9sz csal\u00e1d sz\u00f3rakoztat\u00e1s\u00e1t garant\u00e1lj\u00e1k, m\u00e9gis mindegyik egyedi \u00e9s k\u00fcl\u00f6nleges. \u00a0<\/p>\n","protected":false},"author":1,"featured_media":1635,"comment_status":"open","ping_status":"open","sticky":false,"template":"","format":"standard","meta":{"footnotes":""},"categories":[27,31,28],"tags":[69,70],"class_list":["post-1628","post","type-post","status-publish","format-standard","has-post-thumbnail","hentry","category-elet","category-konyha","category-helyek","tag-karacsony","tag-karacsonyi-vasar"],"yoast_head":"<!-- This site is optimized with the Yoast SEO plugin v20.13 - https:\/\/yoast.com\/wordpress\/plugins\/seo\/ -->\n<title>Franciaorsz\u00e1g legjobb kar\u00e1csonyi v\u00e1s\u00e1rai - Francespiration<\/title>\n<meta name=\"description\" content=\"Ha Franciaorsz\u00e1gba l\u00e1togatsz az \u00fcnnepek alatt, a kar\u00e1csonyi v\u00e1s\u00e1rok kihagyhatatlan l\u00e1tv\u00e1nyoss\u00e1gok, amelyek p\u00e1ratlan \u00e9lm\u00e9nyt k\u00edn\u00e1lnak.\" \/>\n<meta name=\"robots\" content=\"index, follow, max-snippet:-1, max-image-preview:large, max-video-preview:-1\" \/>\n<link rel=\"canonical\" href=\"https:\/\/www.francespiration.com\/index.php\/2023\/12\/04\/franciaorszag-legjobb-karacsonyi-vasarai\/\" \/>\n<meta property=\"og:locale\" content=\"hu_HU\" \/>\n<meta property=\"og:type\" content=\"article\" \/>\n<meta property=\"og:title\" content=\"Franciaorsz\u00e1g legjobb kar\u00e1csonyi v\u00e1s\u00e1rai - Francespiration\" \/>\n<meta property=\"og:description\" content=\"Ha Franciaorsz\u00e1gba l\u00e1togatsz az \u00fcnnepek alatt, a kar\u00e1csonyi v\u00e1s\u00e1rok kihagyhatatlan l\u00e1tv\u00e1nyoss\u00e1gok, amelyek p\u00e1ratlan \u00e9lm\u00e9nyt k\u00edn\u00e1lnak.\" \/>\n<meta property=\"og:url\" content=\"https:\/\/www.francespiration.com\/index.php\/2023\/12\/04\/franciaorszag-legjobb-karacsonyi-vasarai\/\" \/>\n<meta property=\"og:site_name\" content=\"Francespiration\" \/>\n<meta property=\"article:published_time\" content=\"2023-12-04T09:00:06+00:00\" \/>\n<meta property=\"article:modified_time\" content=\"2023-12-04T09:00:07+00:00\" \/>\n<meta property=\"og:image\" content=\"https:\/\/www.francespiration.com\/wp-content\/uploads\/2023\/12\/colmar-karacsony-1024x664.jpg\" \/>\n\t<meta property=\"og:image:width\" content=\"1024\" \/>\n\t<meta property=\"og:image:height\" content=\"664\" \/>\n\t<meta property=\"og:image:type\" content=\"image\/jpeg\" \/>\n<meta name=\"author\" content=\"Sz\u00f6ll\u0151si T\u00edmea\" \/>\n<meta name=\"twitter:card\" content=\"summary_large_image\" \/>\n<meta name=\"twitter:label1\" content=\"Szerz\u0151:\" \/>\n\t<meta name=\"twitter:data1\" content=\"Sz\u00f6ll\u0151si T\u00edmea\" \/>\n\t<meta name=\"twitter:label2\" content=\"Becs\u00fclt olvas\u00e1si id\u0151\" \/>\n\t<meta name=\"twitter:data2\" content=\"5 perc\" \/>\n<script type=\"application\/ld+json\" class=\"yoast-schema-graph\">{\"@context\":\"https:\/\/schema.org\",\"@graph\":[{\"@type\":\"Article\",\"@id\":\"https:\/\/www.francespiration.com\/index.php\/2023\/12\/04\/franciaorszag-legjobb-karacsonyi-vasarai\/#article\",\"isPartOf\":{\"@id\":\"https:\/\/www.francespiration.com\/index.php\/2023\/12\/04\/franciaorszag-legjobb-karacsonyi-vasarai\/\"},\"author\":{\"name\":\"Sz\u00f6ll\u0151si T\u00edmea\",\"@id\":\"https:\/\/www.francespiration.com\/#\/schema\/person\/83f3dc20d791bfb54664f7e0287501fa\"},\"headline\":\"Franciaorsz\u00e1g legjobb kar\u00e1csonyi v\u00e1s\u00e1rai\",\"datePublished\":\"2023-12-04T09:00:06+00:00\",\"dateModified\":\"2023-12-04T09:00:07+00:00\",\"mainEntityOfPage\":{\"@id\":\"https:\/\/www.francespiration.com\/index.php\/2023\/12\/04\/franciaorszag-legjobb-karacsonyi-vasarai\/\"},\"wordCount\":996,\"commentCount\":0,\"publisher\":{\"@id\":\"https:\/\/www.francespiration.com\/#organization\"},\"keywords\":[\"kar\u00e1csony\",\"kar\u00e1csonyi v\u00e1s\u00e1r\"],\"articleSection\":[\"\u00c9LET\",\"KONYHA\",\"K\u00dcL\u00d6NLEGES HELYEK\"],\"inLanguage\":\"hu\",\"potentialAction\":[{\"@type\":\"CommentAction\",\"name\":\"Comment\",\"target\":[\"https:\/\/www.francespiration.com\/index.php\/2023\/12\/04\/franciaorszag-legjobb-karacsonyi-vasarai\/#respond\"]}]},{\"@type\":\"WebPage\",\"@id\":\"https:\/\/www.francespiration.com\/index.php\/2023\/12\/04\/franciaorszag-legjobb-karacsonyi-vasarai\/\",\"url\":\"https:\/\/www.francespiration.com\/index.php\/2023\/12\/04\/franciaorszag-legjobb-karacsonyi-vasarai\/\",\"name\":\"Franciaorsz\u00e1g legjobb kar\u00e1csonyi v\u00e1s\u00e1rai - Francespiration\",\"isPartOf\":{\"@id\":\"https:\/\/www.francespiration.com\/#website\"},\"datePublished\":\"2023-12-04T09:00:06+00:00\",\"dateModified\":\"2023-12-04T09:00:07+00:00\",\"description\":\"Ha Franciaorsz\u00e1gba l\u00e1togatsz az \u00fcnnepek alatt, a kar\u00e1csonyi v\u00e1s\u00e1rok kihagyhatatlan l\u00e1tv\u00e1nyoss\u00e1gok, amelyek p\u00e1ratlan \u00e9lm\u00e9nyt k\u00edn\u00e1lnak.\",\"breadcrumb\":{\"@id\":\"https:\/\/www.francespiration.com\/index.php\/2023\/12\/04\/franciaorszag-legjobb-karacsonyi-vasarai\/#breadcrumb\"},\"inLanguage\":\"hu\",\"potentialAction\":[{\"@type\":\"ReadAction\",\"target\":[\"https:\/\/www.francespiration.com\/index.php\/2023\/12\/04\/franciaorszag-legjobb-karacsonyi-vasarai\/\"]}]},{\"@type\":\"BreadcrumbList\",\"@id\":\"https:\/\/www.francespiration.com\/index.php\/2023\/12\/04\/franciaorszag-legjobb-karacsonyi-vasarai\/#breadcrumb\",\"itemListElement\":[{\"@type\":\"ListItem\",\"position\":1,\"name\":\"Kezd\u0151lap\",\"item\":\"https:\/\/www.francespiration.com\/\"},{\"@type\":\"ListItem\",\"position\":2,\"name\":\"Franciaorsz\u00e1g legjobb kar\u00e1csonyi v\u00e1s\u00e1rai\"}]},{\"@type\":\"WebSite\",\"@id\":\"https:\/\/www.francespiration.com\/#website\",\"url\":\"https:\/\/www.francespiration.com\/\",\"name\":\"Francespiration\",\"description\":\"Just another WordPress site\",\"publisher\":{\"@id\":\"https:\/\/www.francespiration.com\/#organization\"},\"potentialAction\":[{\"@type\":\"SearchAction\",\"target\":{\"@type\":\"EntryPoint\",\"urlTemplate\":\"https:\/\/www.francespiration.com\/?s={search_term_string}\"},\"query-input\":\"required name=search_term_string\"}],\"inLanguage\":\"hu\"},{\"@type\":\"Organization\",\"@id\":\"https:\/\/www.francespiration.com\/#organization\",\"name\":\"Francespiration\",\"url\":\"https:\/\/www.francespiration.com\/\",\"logo\":{\"@type\":\"ImageObject\",\"inLanguage\":\"hu\",\"@id\":\"https:\/\/www.francespiration.com\/#\/schema\/logo\/image\/\",\"url\":\"https:\/\/www.francespiration.com\/wp-content\/uploads\/2022\/09\/4d-also-scaled.jpg\",\"contentUrl\":\"https:\/\/www.francespiration.com\/wp-content\/uploads\/2022\/09\/4d-also-scaled.jpg\",\"width\":2560,\"height\":913,\"caption\":\"Francespiration\"},\"image\":{\"@id\":\"https:\/\/www.francespiration.com\/#\/schema\/logo\/image\/\"}},{\"@type\":\"Person\",\"@id\":\"https:\/\/www.francespiration.com\/#\/schema\/person\/83f3dc20d791bfb54664f7e0287501fa\",\"name\":\"Sz\u00f6ll\u0151si T\u00edmea\",\"image\":{\"@type\":\"ImageObject\",\"inLanguage\":\"hu\",\"@id\":\"https:\/\/www.francespiration.com\/#\/schema\/person\/image\/\",\"url\":\"https:\/\/secure.gravatar.com\/avatar\/1fd2e7bebd99ada3a170be066229da8dce9b7f9ba3748e0b659e39e5f31eb56a?s=96&d=mm&r=g\",\"contentUrl\":\"https:\/\/secure.gravatar.com\/avatar\/1fd2e7bebd99ada3a170be066229da8dce9b7f9ba3748e0b659e39e5f31eb56a?s=96&d=mm&r=g\",\"caption\":\"Sz\u00f6ll\u0151si T\u00edmea\"},\"sameAs\":[\"https:\/\/www.francespiration.com\"],\"url\":\"https:\/\/www.francespiration.com\/index.php\/author\/szollotimi\/\"}]}<\/script>\n<!-- \/ Yoast SEO plugin. -->","yoast_head_json":{"title":"Franciaorsz\u00e1g legjobb kar\u00e1csonyi v\u00e1s\u00e1rai - Francespiration","description":"Ha Franciaorsz\u00e1gba l\u00e1togatsz az \u00fcnnepek alatt, a kar\u00e1csonyi v\u00e1s\u00e1rok kihagyhatatlan l\u00e1tv\u00e1nyoss\u00e1gok, amelyek p\u00e1ratlan \u00e9lm\u00e9nyt k\u00edn\u00e1lnak.","robots":{"index":"index","follow":"follow","max-snippet":"max-snippet:-1","max-image-preview":"max-image-preview:large","max-video-preview":"max-video-preview:-1"},"canonical":"https:\/\/www.francespiration.com\/index.php\/2023\/12\/04\/franciaorszag-legjobb-karacsonyi-vasarai\/","og_locale":"hu_HU","og_type":"article","og_title":"Franciaorsz\u00e1g legjobb kar\u00e1csonyi v\u00e1s\u00e1rai - Francespiration","og_description":"Ha Franciaorsz\u00e1gba l\u00e1togatsz az \u00fcnnepek alatt, a kar\u00e1csonyi v\u00e1s\u00e1rok kihagyhatatlan l\u00e1tv\u00e1nyoss\u00e1gok, amelyek p\u00e1ratlan \u00e9lm\u00e9nyt k\u00edn\u00e1lnak.","og_url":"https:\/\/www.francespiration.com\/index.php\/2023\/12\/04\/franciaorszag-legjobb-karacsonyi-vasarai\/","og_site_name":"Francespiration","article_published_time":"2023-12-04T09:00:06+00:00","article_modified_time":"2023-12-04T09:00:07+00:00","og_image":[{"width":1024,"height":664,"url":"https:\/\/www.francespiration.com\/wp-content\/uploads\/2023\/12\/colmar-karacsony-1024x664.jpg","type":"image\/jpeg"}],"author":"Sz\u00f6ll\u0151si T\u00edmea","twitter_card":"summary_large_image","twitter_misc":{"Szerz\u0151:":"Sz\u00f6ll\u0151si T\u00edmea","Becs\u00fclt olvas\u00e1si id\u0151":"5 perc"},"schema":{"@context":"https:\/\/schema.org","@graph":[{"@type":"Article","@id":"https:\/\/www.francespiration.com\/index.php\/2023\/12\/04\/franciaorszag-legjobb-karacsonyi-vasarai\/#article","isPartOf":{"@id":"https:\/\/www.francespiration.com\/index.php\/2023\/12\/04\/franciaorszag-legjobb-karacsonyi-vasarai\/"},"author":{"name":"Sz\u00f6ll\u0151si T\u00edmea","@id":"https:\/\/www.francespiration.com\/#\/schema\/person\/83f3dc20d791bfb54664f7e0287501fa"},"headline":"Franciaorsz\u00e1g legjobb kar\u00e1csonyi v\u00e1s\u00e1rai","datePublished":"2023-12-04T09:00:06+00:00","dateModified":"2023-12-04T09:00:07+00:00","mainEntityOfPage":{"@id":"https:\/\/www.francespiration.com\/index.php\/2023\/12\/04\/franciaorszag-legjobb-karacsonyi-vasarai\/"},"wordCount":996,"commentCount":0,"publisher":{"@id":"https:\/\/www.francespiration.com\/#organization"},"keywords":["kar\u00e1csony","kar\u00e1csonyi v\u00e1s\u00e1r"],"articleSection":["\u00c9LET","KONYHA","K\u00dcL\u00d6NLEGES HELYEK"],"inLanguage":"hu","potentialAction":[{"@type":"CommentAction","name":"Comment","target":["https:\/\/www.francespiration.com\/index.php\/2023\/12\/04\/franciaorszag-legjobb-karacsonyi-vasarai\/#respond"]}]},{"@type":"WebPage","@id":"https:\/\/www.francespiration.com\/index.php\/2023\/12\/04\/franciaorszag-legjobb-karacsonyi-vasarai\/","url":"https:\/\/www.francespiration.com\/index.php\/2023\/12\/04\/franciaorszag-legjobb-karacsonyi-vasarai\/","name":"Franciaorsz\u00e1g legjobb kar\u00e1csonyi v\u00e1s\u00e1rai - Francespiration","isPartOf":{"@id":"https:\/\/www.francespiration.com\/#website"},"datePublished":"2023-12-04T09:00:06+00:00","dateModified":"2023-12-04T09:00:07+00:00","description":"Ha Franciaorsz\u00e1gba l\u00e1togatsz az \u00fcnnepek alatt, a kar\u00e1csonyi v\u00e1s\u00e1rok kihagyhatatlan l\u00e1tv\u00e1nyoss\u00e1gok, amelyek p\u00e1ratlan \u00e9lm\u00e9nyt k\u00edn\u00e1lnak.","breadcrumb":{"@id":"https:\/\/www.francespiration.com\/index.php\/2023\/12\/04\/franciaorszag-legjobb-karacsonyi-vasarai\/#breadcrumb"},"inLanguage":"hu","potentialAction":[{"@type":"ReadAction","target":["https:\/\/www.francespiration.com\/index.php\/2023\/12\/04\/franciaorszag-legjobb-karacsonyi-vasarai\/"]}]},{"@type":"BreadcrumbList","@id":"https:\/\/www.francespiration.com\/index.php\/2023\/12\/04\/franciaorszag-legjobb-karacsonyi-vasarai\/#breadcrumb","itemListElement":[{"@type":"ListItem","position":1,"name":"Kezd\u0151lap","item":"https:\/\/www.francespiration.com\/"},{"@type":"ListItem","position":2,"name":"Franciaorsz\u00e1g legjobb kar\u00e1csonyi v\u00e1s\u00e1rai"}]},{"@type":"WebSite","@id":"https:\/\/www.francespiration.com\/#website","url":"https:\/\/www.francespiration.com\/","name":"Francespiration","description":"Just another WordPress site","publisher":{"@id":"https:\/\/www.francespiration.com\/#organization"},"potentialAction":[{"@type":"SearchAction","target":{"@type":"EntryPoint","urlTemplate":"https:\/\/www.francespiration.com\/?s={search_term_string}"},"query-input":"required name=search_term_string"}],"inLanguage":"hu"},{"@type":"Organization","@id":"https:\/\/www.francespiration.com\/#organization","name":"Francespiration","url":"https:\/\/www.francespiration.com\/","logo":{"@type":"ImageObject","inLanguage":"hu","@id":"https:\/\/www.francespiration.com\/#\/schema\/logo\/image\/","url":"https:\/\/www.francespiration.com\/wp-content\/uploads\/2022\/09\/4d-also-scaled.jpg","contentUrl":"https:\/\/www.francespiration.com\/wp-content\/uploads\/2022\/09\/4d-also-scaled.jpg","width":2560,"height":913,"caption":"Francespiration"},"image":{"@id":"https:\/\/www.francespiration.com\/#\/schema\/logo\/image\/"}},{"@type":"Person","@id":"https:\/\/www.francespiration.com\/#\/schema\/person\/83f3dc20d791bfb54664f7e0287501fa","name":"Sz\u00f6ll\u0151si T\u00edmea","image":{"@type":"ImageObject","inLanguage":"hu","@id":"https:\/\/www.francespiration.com\/#\/schema\/person\/image\/","url":"https:\/\/secure.gravatar.com\/avatar\/1fd2e7bebd99ada3a170be066229da8dce9b7f9ba3748e0b659e39e5f31eb56a?s=96&d=mm&r=g","contentUrl":"https:\/\/secure.gravatar.com\/avatar\/1fd2e7bebd99ada3a170be066229da8dce9b7f9ba3748e0b659e39e5f31eb56a?s=96&d=mm&r=g","caption":"Sz\u00f6ll\u0151si T\u00edmea"},"sameAs":["https:\/\/www.francespiration.com"],"url":"https:\/\/www.francespiration.com\/index.php\/author\/szollotimi\/"}]}},"_links":{"self":[{"href":"https:\/\/www.francespiration.com\/index.php\/wp-json\/wp\/v2\/posts\/1628","targetHints":{"allow":["GET"]}}],"collection":[{"href":"https:\/\/www.francespiration.com\/index.php\/wp-json\/wp\/v2\/posts"}],"about":[{"href":"https:\/\/www.francespiration.com\/index.php\/wp-json\/wp\/v2\/types\/post"}],"author":[{"embeddable":true,"href":"https:\/\/www.francespiration.com\/index.php\/wp-json\/wp\/v2\/users\/1"}],"replies":[{"embeddable":true,"href":"https:\/\/www.francespiration.com\/index.php\/wp-json\/wp\/v2\/comments?post=1628"}],"version-history":[{"count":3,"href":"https:\/\/www.francespiration.com\/index.php\/wp-json\/wp\/v2\/posts\/1628\/revisions"}],"predecessor-version":[{"id":1636,"href":"https:\/\/www.francespiration.com\/index.php\/wp-json\/wp\/v2\/posts\/1628\/revisions\/1636"}],"wp:featuredmedia":[{"embeddable":true,"href":"https:\/\/www.francespiration.com\/index.php\/wp-json\/wp\/v2\/media\/1635"}],"wp:attachment":[{"href":"https:\/\/www.francespiration.com\/index.php\/wp-json\/wp\/v2\/media?parent=1628"}],"wp:term":[{"taxonomy":"category","embeddable":true,"href":"https:\/\/www.francespiration.com\/index.php\/wp-json\/wp\/v2\/categories?post=1628"},{"taxonomy":"post_tag","embeddable":true,"href":"https:\/\/www.francespiration.com\/index.php\/wp-json\/wp\/v2\/tags?post=1628"}],"curies":[{"name":"wp","href":"https:\/\/api.w.org\/{rel}","templated":true}]}}