{"id":1637,"date":"2023-12-11T09:53:44","date_gmt":"2023-12-11T09:53:44","guid":{"rendered":"https:\/\/www.francespiration.com\/?p=1637"},"modified":"2023-12-13T17:49:26","modified_gmt":"2023-12-13T17:49:26","slug":"szeretem-a-szineket-es-a-reszletgazdag-alkotasokat","status":"publish","type":"post","link":"https:\/\/www.francespiration.com\/index.php\/2023\/12\/11\/szeretem-a-szineket-es-a-reszletgazdag-alkotasokat\/","title":{"rendered":"\u201eSzeretem a sz\u00edneket \u00e9s a r\u00e9szletgazdag alkot\u00e1sokat\u201d"},"content":{"rendered":"\n<p><strong>A n\u00e9h\u00e1ny \u00e9ve Budapesten \u00e9l\u0151 francia gal\u00e9riatulajdonos hisz a m\u0171v\u00e9szet erej\u00e9ben \u00e9s abban, hogy a festm\u00e9nyek sz\u00edness\u00e9 \u00e9s izgalmass\u00e1 var\u00e1zsolj\u00e1k a h\u00e9tk\u00f6znapokat. <a href=\"https:\/\/www.gziarts.com\/events\/author\/benjamin-dr%C3%A9an-gu%C3%A9na%C3%AFzia\">Benjamin Dr\u00e9an-Gu\u00e9na\u00efzia<\/a>-val besz\u00e9lgett\u00fcnk.<\/strong><\/p>\n\n\n\n<!--more-->\n\n\n\n<p>Budapest egyik leghangulatosabb r\u00e9sz\u00e9n a hatodik ker\u00fcleti villanegyedben tal\u00e1lhat\u00f3 Benjamin gal\u00e9ri\u00e1ja, amely id\u00e9n nyitotta meg kapuit. Bel\u00e9pve gy\u00f6ny\u00f6r\u0171 l\u00e1tv\u00e1ny fogad \u00e9s els\u0151 szempillant\u00e1sra \u00e1mulatba ejt a feh\u00e9r falakr\u00f3l boldogan figyel\u0151 sz\u00ednkavalk\u00e1d. Szinte mindegyik festm\u00e9ny megsz\u00f3l\u00edt, hirtelen azt sem tudom merre n\u00e9zzek.<\/p>\n\n\n\n<h2 class=\"wp-block-heading\"><strong>Melyik az a festm\u00e9ny a gal\u00e9ri\u00e1dban, amelyik a legnagyobb hat\u00e1ssal van r\u00e1d?<\/strong><\/h2>\n\n\n\n<p>\u00c9desany\u00e1m festm\u00e9nyei k\u00f6z\u00f6tt n\u0151ttem fel, \u00fagyhogy az \u0151 alkot\u00e1sai mindig nagy hat\u00e1ssal vannak r\u00e1m. De jelenleg a kedvenc festm\u00e9nyem Eugen Igor Prokopt\u00f3l az \u00c9let mindig sz\u00e9p c\u00edm\u0171 alkot\u00e1sa. Alapvet\u0151en minden benne van, amit szeretek \u00e9s maga az absztrakt m\u0171v\u00e9szet. Igor kor\u00e1bban biol\u00f3gus volt, tal\u00e1n ez\u00e9rt is tud a festm\u00e9nyeivel nagyon j\u00f3l mes\u00e9lni a term\u00e9szetr\u0151l. Min\u00e9l t\u00f6bbet n\u00e9zed, ann\u00e1l t\u00f6bb r\u00e9szletet fedezel fel, fantasztikusak a sz\u00edn\u00e1rnyalatok \u00e9s az apr\u00f3 r\u00e9szletek. Valah\u00e1nyszor r\u00e1n\u00e9zek mindig m\u00e1st l\u00e1tok. R\u00e1ad\u00e1sul a festm\u00e9ny \u00fczenete &#8211; az \u00e9let sz\u00e9p &#8211; szerintem ez egy nagyon j\u00f3 \u00fczenet ebben a jelenlegi vil\u00e1gban.<\/p>\n\n\n\n<h2 class=\"wp-block-heading\"><strong>A gal\u00e9ri\u00e1d \u00f6sszes festm\u00e9nye nagyon \u00e9lettel teli \u00e9s sz\u00ednes. Tudatosan keresed az ilyen sz\u00ednekkel teli alkot\u00e1sokat?<\/strong><\/h2>\n\n\n\n<p>Igen, nagyon szeretem a sz\u00edneket \u00e9s szeretn\u00e9m, ha Budapest is kicsit sz\u00ednesebb lenne ez\u00e1ltal. Eml\u00e9kszem, amikor el\u0151sz\u00f6r j\u00e1rtam a Nemzeti M\u00fazeumban leny\u0171g\u00f6z\u00f6tt a sok mesterm\u0171, mik\u00f6zben a t\u00e9m\u00e1k \u00e9s a sz\u00ednek nagyon s\u00f6t\u00e9tek \u00e9s borong\u00f3sak voltak. Azt\u00e1n t\u00f6bb gal\u00e9ri\u00e1t is megl\u00e1togattam \u00e9s azokban is azt tapasztaltam, hogy a s\u00f6t\u00e9tebb festm\u00e9nyek t\u00fals\u00falyban vannak. Tudom, hogy a magyar m\u00falt el\u00e9g neh\u00e9z \u00e9s sok minden t\u00f6rt\u00e9nt az orsz\u00e1gban, de a s\u00f6t\u00e9t sz\u00ednek kicsit depressz\u00edv hat\u00e1ssal voltak r\u00e1m. Arra gondoltam, ideje sz\u00edneket hozni.<\/p>\n\n\n\n<figure class=\"wp-block-image size-large\"><img loading=\"lazy\" decoding=\"async\" width=\"1024\" height=\"683\" src=\"https:\/\/www.francespiration.com\/wp-content\/uploads\/2023\/12\/Szvoboda_Peter_IMGL1114-1024x683.jpg\" alt=\"\" class=\"wp-image-1641\" srcset=\"https:\/\/www.francespiration.com\/wp-content\/uploads\/2023\/12\/Szvoboda_Peter_IMGL1114-1024x683.jpg 1024w, https:\/\/www.francespiration.com\/wp-content\/uploads\/2023\/12\/Szvoboda_Peter_IMGL1114-300x200.jpg 300w, https:\/\/www.francespiration.com\/wp-content\/uploads\/2023\/12\/Szvoboda_Peter_IMGL1114-768x512.jpg 768w, https:\/\/www.francespiration.com\/wp-content\/uploads\/2023\/12\/Szvoboda_Peter_IMGL1114-1536x1024.jpg 1536w, https:\/\/www.francespiration.com\/wp-content\/uploads\/2023\/12\/Szvoboda_Peter_IMGL1114-2048x1365.jpg 2048w\" sizes=\"auto, (max-width: 1024px) 100vw, 1024px\" \/><figcaption class=\"wp-element-caption\">Fot\u00f3: Szvoboda P\u00e9ter<\/figcaption><\/figure>\n\n\n\n<h2 class=\"wp-block-heading\"><strong>Milyen preferenci\u00e1k alapj\u00e1n v\u00e1lasztod ki azokat a m\u0171v\u00e9szeket, akiknek a m\u0171veit ki\u00e1ll\u00edtod a gal\u00e9ri\u00e1ban?<\/strong><\/h2>\n\n\n\n<p>A legt\u00f6bb m\u0171v\u00e9sz, akiknek foglalkozom a festm\u00e9nyeivel m\u00e1r eg\u00e9szen nagy m\u0171v\u00e9szi karriert tudhat maga m\u00f6g\u00f6tt. \u00c9desany\u00e1mnak k\u00f6sz\u00f6nhet\u0151en sokat m\u0171v\u00e9szt ismerek m\u00e1r gyerekkorom \u00f3ta \u00e9s t\u00f6bb m\u0171v\u00e9sszel dolgoztam m\u00e1r egy\u00fctt kor\u00e1bban is. Volt, akivel m\u0171v\u00e9szeti v\u00e1s\u00e1rokon tal\u00e1lkoztam, volt, akit teljesen v\u00e9letlenszer\u0171en ismertem meg. Nagyon szeretem a sz\u00edneket \u00e9s a r\u00e9szletgazdag alkot\u00e1sokat, ez\u00e9rt f\u0151leg ezeket keresem. Sok\u00e1ig figyelem a fest\u0151ket, k\u00f6vetem a p\u00e1lyafut\u00e1sukat \u00e9s ha \u00fagy l\u00e1tom illeszkedik a gal\u00e9ria \u00f6sszk\u00e9p\u00e9be, akkor ki\u00e1ll\u00edtom a m\u0171veiket. Sokszor azonban \u00f6szt\u00f6n\u00f6sen d\u00f6nt\u00f6k, \u00e9s ha kiv\u00e1lasztottam \u0151ket, az azt jelenti, hogy hiszek benn\u00fck. N\u00e9h\u00e1ny h\u00f3nap alatt kider\u00fcl, hogy l\u00e9trej\u00f6n-e kapcsolat a potenci\u00e1lis v\u00e1s\u00e1rl\u00f3kkal \u00e9s ilyenkor eld\u00f6nthetj\u00fck hogyan tov\u00e1bb. Mindig van egy id\u0151keret, ameddig maradnak a festm\u00e9nyek, \u00e9s \u00e9n mindent megteszek az\u00e9rt, hogy min\u00e9l tov\u00e1bb maradhassanak.<\/p>\n\n\n\n<h2 class=\"wp-block-heading\"><strong>T\u00f6bb helyen \u00e9lt\u00e9l a vil\u00e1gon. Mi\u00e9rt pont Budapesten nyitottad meg a gal\u00e9ri\u00e1t?<\/strong><\/h2>\n\n\n\n<p>Ez egy nagyon hossz\u00fa t\u00f6rt\u00e9net. H\u00e1rom \u00e9s f\u00e9l \u00e9ve k\u00f6lt\u00f6ztem Budapestre, de t\u00f6bbsz\u00f6r j\u00e1rtam itt kor\u00e1bban is, mint turista, \u00e9s sok bar\u00e1tom is \u00e9l itt. Miut\u00e1n visszak\u00f6lt\u00f6ztem \u00c1zsi\u00e1b\u00f3l Eur\u00f3p\u00e1ba, nem akartam Franciaorsz\u00e1gba menni, ink\u00e1bb Budapestre j\u00f6ttem. Jelentkeztem n\u00e9h\u00e1ny \u00e1ll\u00e1sra, de akkor kezd\u0151d\u00f6tt a COVID, \u00edgy term\u00e9szetesen az \u00f6sszes \u00e1ll\u00e1sinterj\u00fat t\u00f6r\u00f6lt\u00e9k. El kellett d\u00f6nteni, hogy tov\u00e1bbra is maradni akarok-e. V\u00e9g\u00fcl maradtam, mert elkezdett bennem motoszk\u00e1lni a gal\u00e9ria \u00f6tlete. V\u00e9g\u00fcl megtal\u00e1ltam ezt a helyet, ami nem t\u00fal nagy, de gy\u00f6ny\u00f6r\u0171 k\u00f6rny\u00e9ken van, \u00e9s id\u00e9n \u00e1prilisban megnyitottam a<a href=\"https:\/\/www.gziarts.com\/\"> gal\u00e9ri\u00e1mat. <\/a>Jelenleg a m\u00e1rka fel\u00e9p\u00edt\u00e9s\u00e9n\u00e9l tartok, amihez id\u0151 kell \u00e9s sokat dolgozom, hogy min\u00e9l t\u00f6bben megismerj\u00e9k a gal\u00e9ri\u00e1t.<\/p>\n\n\n\n<h2 class=\"wp-block-heading\"><strong>Hogyan \u00e9rzed magad h\u00e1rom \u00e9s f\u00e9l \u00e9v Budapesten elt\u00f6lt\u00f6tt id\u0151 ut\u00e1n?<\/strong><\/h2>\n\n\n\n<p>Nagyon j\u00f3l \u00e9rzem magam \u00e9s nagyon szeretem a v\u00e1rost. Kult\u00far\u00e1lisan nagyon akt\u00edv \u00e9s sz\u00ednes v\u00e1ros, rengeteg lehet\u0151s\u00e9g rejlik benne. El\u00e9g nagy ahhoz, hogy mindig legyen mit csin\u00e1lni, \u00e9s el\u00e9g kicsi, ha csak s\u00e9t\u00e1lni szeretn\u00e9k. N\u00e9ha \u00fagy \u00e9rzem magam, mintha egy kis faluban lenn\u00e9k, \u00e9s im\u00e1dom, hogy sok-sok park van itt. Kev\u00e9sb\u00e9 f\u00e1raszt\u00f3, mint P\u00e1rizsban \u00e9lni. &nbsp;<\/p>\n\n\n\n<figure class=\"wp-block-image size-large\"><img decoding=\"async\" src=\"https:\/\/www.francespiration.com\/wp-content\/uploads\/2023\/12\/gzi2-1024x768.jpg\" alt=\"\" class=\"wp-image-1640\"\/><\/figure>\n\n\n\n<h2 class=\"wp-block-heading\"><strong>Hogyan eml\u00e9kszel vissza, milyen volt a m\u0171v\u00e9szettel val\u00f3 els\u0151 tal\u00e1lkoz\u00e1sod?<\/strong><\/h2>\n\n\n\n<p>Bretagne-ban, a m\u0171v\u00e9szek v\u00e1ros\u00e1ban, Pont-Avenben n\u0151ttem fel, ahol t\u00f6bb a gal\u00e9ria, mint b\u00e1rmilyen m\u00e1s \u00fczlet. Az utc\u00e1n s\u00e9t\u00e1lva mindenhol gal\u00e9ri\u00e1kra bukkansz, a h\u00e1zunkban pedig ott volt \u00e9desany\u00e1m m\u0171terme \u00e9s gal\u00e9ri\u00e1ja is, ahol term\u00e9szetesen rengeteg id\u0151t t\u00f6lt\u00f6ttem el gyerekk\u00e9nt.<\/p>\n\n\n\n<h2 class=\"wp-block-heading\"><strong>Soha nem akart\u00e1l fest\u0151 lenni?<\/strong><\/h2>\n\n\n\n<p>Azt hiszem a csal\u00e1dunkban a tehets\u00e9g ugrott egy gener\u00e1ci\u00f3t, \u00e9s hogy \u0151szinte legyek, igaz\u00e1n soha nem akartam fest\u0151 lenni. Tudod, amikor gyerek vagy, soha nem akarod azt csin\u00e1lni, amit a sz\u00fcleid. Anyuk\u00e1mra mindig nagyon b\u00fcszke voltam, egy sikeres fest\u0151 anya nem mindennapi \u00e9lm\u00e9ny, ennek ellen\u00e9re soha nem festettem. A m\u0171v\u00e9szetet \u00e9s a festm\u00e9nyeket viszont mindig szerettem \u00e9s sz\u00edvesen terjesztem a kult\u00far\u00e1t, amennyire csak tudom.<\/p>\n\n\n\n<h2 class=\"wp-block-heading\"><strong>Melyik volt az a m\u0171v\u00e9szeti alkot\u00e1s, amely a legnagyobb volt nagy hat\u00e1ssal r\u00e1d?<\/strong><\/h2>\n\n\n\n<p>Soha nem szerettem a vall\u00e1sos t\u00e9m\u00e1j\u00fa festm\u00e9nyeket, de egyszer elmentem egy Velasquez ki\u00e1ll\u00edt\u00e1sra P\u00e1rizsban. Itt l\u00e1ttam meg egy festm\u00e9nyt Sz\u0171z M\u00e1ri\u00e1r\u00f3l, amit\u0151l nagyj\u00e1b\u00f3l t\u00edz percre elakadt a l\u00e9legzetem. Ez volt a legszebb dolog, amit valaha l\u00e1ttam az \u00e9letemben. Addigra m\u00e1r kicsit belef\u00e1radtam J\u00e9zus \u00e9s a M\u00e1ria \u00e1br\u00e1zol\u00e1sokba, de ez a festm\u00e9ny alapjaiban v\u00e1ltoztatta meg a v\u00e9lem\u00e9nyemet, maga volt a csoda. Nem olyan sz\u00ednes alkot\u00e1s volt, mint amilyeneket most l\u00e1thatunk a gal\u00e9ri\u00e1ban, sokkal-sokkal s\u00f6t\u00e9tebb volt. De abban a s\u00f6t\u00e9ts\u00e9gben volt valami, ami meg\u00e9rintett.<\/p>\n","protected":false},"excerpt":{"rendered":"<p>A n\u00e9h\u00e1ny \u00e9ve Budapesten \u00e9l\u0151 francia gal\u00e9riatulajdonos hisz a m\u0171v\u00e9szet erej\u00e9ben \u00e9s abban, hogy a festm\u00e9nyek sz\u00edness\u00e9 \u00e9s izgalmass\u00e1 var\u00e1zsolj\u00e1k a h\u00e9tk\u00f6znapokat. Benjamin Dr\u00e9an-Gu\u00e9na\u00efzia-val besz\u00e9lgett\u00fcnk.<\/p>\n","protected":false},"author":1,"featured_media":1650,"comment_status":"open","ping_status":"open","sticky":false,"template":"","format":"standard","meta":{"footnotes":""},"categories":[29],"tags":[],"class_list":["post-1637","post","type-post","status-publish","format-standard","has-post-thumbnail","hentry","category-kultura"],"yoast_head":"<!-- This site is optimized with the Yoast SEO plugin v20.13 - https:\/\/yoast.com\/wordpress\/plugins\/seo\/ -->\n<title>\u201eSzeretem a sz\u00edneket \u00e9s a r\u00e9szletgazdag alkot\u00e1sokat\u201d - Francespiration<\/title>\n<meta name=\"description\" content=\"A Budapesten \u00e9l\u0151 francia gal\u00e9riatulajdonossal Benjamin Dr\u00e9an-Gu\u00e9na\u00efzia-val besz\u00e9lgett\u00fcnk a sz\u00ednekr\u0151l \u00e9s az \u00e9letr\u0151l.\" \/>\n<meta name=\"robots\" content=\"index, follow, max-snippet:-1, max-image-preview:large, max-video-preview:-1\" \/>\n<link rel=\"canonical\" href=\"https:\/\/www.francespiration.com\/index.php\/2023\/12\/11\/szeretem-a-szineket-es-a-reszletgazdag-alkotasokat\/\" \/>\n<meta property=\"og:locale\" content=\"hu_HU\" \/>\n<meta property=\"og:type\" content=\"article\" \/>\n<meta property=\"og:title\" content=\"\u201eSzeretem a sz\u00edneket \u00e9s a r\u00e9szletgazdag alkot\u00e1sokat\u201d - Francespiration\" \/>\n<meta property=\"og:description\" content=\"A Budapesten \u00e9l\u0151 francia gal\u00e9riatulajdonossal Benjamin Dr\u00e9an-Gu\u00e9na\u00efzia-val besz\u00e9lgett\u00fcnk a sz\u00ednekr\u0151l \u00e9s az \u00e9letr\u0151l.\" \/>\n<meta property=\"og:url\" content=\"https:\/\/www.francespiration.com\/index.php\/2023\/12\/11\/szeretem-a-szineket-es-a-reszletgazdag-alkotasokat\/\" \/>\n<meta property=\"og:site_name\" content=\"Francespiration\" \/>\n<meta property=\"article:published_time\" content=\"2023-12-11T09:53:44+00:00\" \/>\n<meta property=\"article:modified_time\" content=\"2023-12-13T17:49:26+00:00\" \/>\n<meta property=\"og:image\" content=\"https:\/\/www.francespiration.com\/wp-content\/uploads\/2023\/12\/gzi-nyito-scaled-e1702489474747.jpg\" \/>\n\t<meta property=\"og:image:width\" content=\"2427\" \/>\n\t<meta property=\"og:image:height\" content=\"1080\" \/>\n\t<meta property=\"og:image:type\" content=\"image\/jpeg\" \/>\n<meta name=\"author\" content=\"Sz\u00f6ll\u0151si T\u00edmea\" \/>\n<meta name=\"twitter:card\" content=\"summary_large_image\" \/>\n<meta name=\"twitter:label1\" content=\"Szerz\u0151:\" \/>\n\t<meta name=\"twitter:data1\" content=\"Sz\u00f6ll\u0151si T\u00edmea\" \/>\n\t<meta name=\"twitter:label2\" content=\"Becs\u00fclt olvas\u00e1si id\u0151\" \/>\n\t<meta name=\"twitter:data2\" content=\"5 perc\" \/>\n<script type=\"application\/ld+json\" class=\"yoast-schema-graph\">{\"@context\":\"https:\/\/schema.org\",\"@graph\":[{\"@type\":\"Article\",\"@id\":\"https:\/\/www.francespiration.com\/index.php\/2023\/12\/11\/szeretem-a-szineket-es-a-reszletgazdag-alkotasokat\/#article\",\"isPartOf\":{\"@id\":\"https:\/\/www.francespiration.com\/index.php\/2023\/12\/11\/szeretem-a-szineket-es-a-reszletgazdag-alkotasokat\/\"},\"author\":{\"name\":\"Sz\u00f6ll\u0151si T\u00edmea\",\"@id\":\"https:\/\/www.francespiration.com\/#\/schema\/person\/83f3dc20d791bfb54664f7e0287501fa\"},\"headline\":\"\u201eSzeretem a sz\u00edneket \u00e9s a r\u00e9szletgazdag alkot\u00e1sokat\u201d\",\"datePublished\":\"2023-12-11T09:53:44+00:00\",\"dateModified\":\"2023-12-13T17:49:26+00:00\",\"mainEntityOfPage\":{\"@id\":\"https:\/\/www.francespiration.com\/index.php\/2023\/12\/11\/szeretem-a-szineket-es-a-reszletgazdag-alkotasokat\/\"},\"wordCount\":1207,\"commentCount\":1,\"publisher\":{\"@id\":\"https:\/\/www.francespiration.com\/#organization\"},\"articleSection\":[\"KULT\u00daRA\"],\"inLanguage\":\"hu\",\"potentialAction\":[{\"@type\":\"CommentAction\",\"name\":\"Comment\",\"target\":[\"https:\/\/www.francespiration.com\/index.php\/2023\/12\/11\/szeretem-a-szineket-es-a-reszletgazdag-alkotasokat\/#respond\"]}]},{\"@type\":\"WebPage\",\"@id\":\"https:\/\/www.francespiration.com\/index.php\/2023\/12\/11\/szeretem-a-szineket-es-a-reszletgazdag-alkotasokat\/\",\"url\":\"https:\/\/www.francespiration.com\/index.php\/2023\/12\/11\/szeretem-a-szineket-es-a-reszletgazdag-alkotasokat\/\",\"name\":\"\u201eSzeretem a sz\u00edneket \u00e9s a r\u00e9szletgazdag alkot\u00e1sokat\u201d - Francespiration\",\"isPartOf\":{\"@id\":\"https:\/\/www.francespiration.com\/#website\"},\"datePublished\":\"2023-12-11T09:53:44+00:00\",\"dateModified\":\"2023-12-13T17:49:26+00:00\",\"description\":\"A Budapesten \u00e9l\u0151 francia gal\u00e9riatulajdonossal Benjamin Dr\u00e9an-Gu\u00e9na\u00efzia-val besz\u00e9lgett\u00fcnk a sz\u00ednekr\u0151l \u00e9s az \u00e9letr\u0151l.\",\"breadcrumb\":{\"@id\":\"https:\/\/www.francespiration.com\/index.php\/2023\/12\/11\/szeretem-a-szineket-es-a-reszletgazdag-alkotasokat\/#breadcrumb\"},\"inLanguage\":\"hu\",\"potentialAction\":[{\"@type\":\"ReadAction\",\"target\":[\"https:\/\/www.francespiration.com\/index.php\/2023\/12\/11\/szeretem-a-szineket-es-a-reszletgazdag-alkotasokat\/\"]}]},{\"@type\":\"BreadcrumbList\",\"@id\":\"https:\/\/www.francespiration.com\/index.php\/2023\/12\/11\/szeretem-a-szineket-es-a-reszletgazdag-alkotasokat\/#breadcrumb\",\"itemListElement\":[{\"@type\":\"ListItem\",\"position\":1,\"name\":\"Kezd\u0151lap\",\"item\":\"https:\/\/www.francespiration.com\/\"},{\"@type\":\"ListItem\",\"position\":2,\"name\":\"\u201eSzeretem a sz\u00edneket \u00e9s a r\u00e9szletgazdag alkot\u00e1sokat\u201d\"}]},{\"@type\":\"WebSite\",\"@id\":\"https:\/\/www.francespiration.com\/#website\",\"url\":\"https:\/\/www.francespiration.com\/\",\"name\":\"Francespiration\",\"description\":\"Just another WordPress site\",\"publisher\":{\"@id\":\"https:\/\/www.francespiration.com\/#organization\"},\"potentialAction\":[{\"@type\":\"SearchAction\",\"target\":{\"@type\":\"EntryPoint\",\"urlTemplate\":\"https:\/\/www.francespiration.com\/?s={search_term_string}\"},\"query-input\":\"required name=search_term_string\"}],\"inLanguage\":\"hu\"},{\"@type\":\"Organization\",\"@id\":\"https:\/\/www.francespiration.com\/#organization\",\"name\":\"Francespiration\",\"url\":\"https:\/\/www.francespiration.com\/\",\"logo\":{\"@type\":\"ImageObject\",\"inLanguage\":\"hu\",\"@id\":\"https:\/\/www.francespiration.com\/#\/schema\/logo\/image\/\",\"url\":\"https:\/\/www.francespiration.com\/wp-content\/uploads\/2022\/09\/4d-also-scaled.jpg\",\"contentUrl\":\"https:\/\/www.francespiration.com\/wp-content\/uploads\/2022\/09\/4d-also-scaled.jpg\",\"width\":2560,\"height\":913,\"caption\":\"Francespiration\"},\"image\":{\"@id\":\"https:\/\/www.francespiration.com\/#\/schema\/logo\/image\/\"}},{\"@type\":\"Person\",\"@id\":\"https:\/\/www.francespiration.com\/#\/schema\/person\/83f3dc20d791bfb54664f7e0287501fa\",\"name\":\"Sz\u00f6ll\u0151si T\u00edmea\",\"image\":{\"@type\":\"ImageObject\",\"inLanguage\":\"hu\",\"@id\":\"https:\/\/www.francespiration.com\/#\/schema\/person\/image\/\",\"url\":\"https:\/\/secure.gravatar.com\/avatar\/1fd2e7bebd99ada3a170be066229da8dce9b7f9ba3748e0b659e39e5f31eb56a?s=96&d=mm&r=g\",\"contentUrl\":\"https:\/\/secure.gravatar.com\/avatar\/1fd2e7bebd99ada3a170be066229da8dce9b7f9ba3748e0b659e39e5f31eb56a?s=96&d=mm&r=g\",\"caption\":\"Sz\u00f6ll\u0151si T\u00edmea\"},\"sameAs\":[\"https:\/\/www.francespiration.com\"],\"url\":\"https:\/\/www.francespiration.com\/index.php\/author\/szollotimi\/\"}]}<\/script>\n<!-- \/ Yoast SEO plugin. -->","yoast_head_json":{"title":"\u201eSzeretem a sz\u00edneket \u00e9s a r\u00e9szletgazdag alkot\u00e1sokat\u201d - Francespiration","description":"A Budapesten \u00e9l\u0151 francia gal\u00e9riatulajdonossal Benjamin Dr\u00e9an-Gu\u00e9na\u00efzia-val besz\u00e9lgett\u00fcnk a sz\u00ednekr\u0151l \u00e9s az \u00e9letr\u0151l.","robots":{"index":"index","follow":"follow","max-snippet":"max-snippet:-1","max-image-preview":"max-image-preview:large","max-video-preview":"max-video-preview:-1"},"canonical":"https:\/\/www.francespiration.com\/index.php\/2023\/12\/11\/szeretem-a-szineket-es-a-reszletgazdag-alkotasokat\/","og_locale":"hu_HU","og_type":"article","og_title":"\u201eSzeretem a sz\u00edneket \u00e9s a r\u00e9szletgazdag alkot\u00e1sokat\u201d - Francespiration","og_description":"A Budapesten \u00e9l\u0151 francia gal\u00e9riatulajdonossal Benjamin Dr\u00e9an-Gu\u00e9na\u00efzia-val besz\u00e9lgett\u00fcnk a sz\u00ednekr\u0151l \u00e9s az \u00e9letr\u0151l.","og_url":"https:\/\/www.francespiration.com\/index.php\/2023\/12\/11\/szeretem-a-szineket-es-a-reszletgazdag-alkotasokat\/","og_site_name":"Francespiration","article_published_time":"2023-12-11T09:53:44+00:00","article_modified_time":"2023-12-13T17:49:26+00:00","og_image":[{"width":2427,"height":1080,"url":"https:\/\/www.francespiration.com\/wp-content\/uploads\/2023\/12\/gzi-nyito-scaled-e1702489474747.jpg","type":"image\/jpeg"}],"author":"Sz\u00f6ll\u0151si T\u00edmea","twitter_card":"summary_large_image","twitter_misc":{"Szerz\u0151:":"Sz\u00f6ll\u0151si T\u00edmea","Becs\u00fclt olvas\u00e1si id\u0151":"5 perc"},"schema":{"@context":"https:\/\/schema.org","@graph":[{"@type":"Article","@id":"https:\/\/www.francespiration.com\/index.php\/2023\/12\/11\/szeretem-a-szineket-es-a-reszletgazdag-alkotasokat\/#article","isPartOf":{"@id":"https:\/\/www.francespiration.com\/index.php\/2023\/12\/11\/szeretem-a-szineket-es-a-reszletgazdag-alkotasokat\/"},"author":{"name":"Sz\u00f6ll\u0151si T\u00edmea","@id":"https:\/\/www.francespiration.com\/#\/schema\/person\/83f3dc20d791bfb54664f7e0287501fa"},"headline":"\u201eSzeretem a sz\u00edneket \u00e9s a r\u00e9szletgazdag alkot\u00e1sokat\u201d","datePublished":"2023-12-11T09:53:44+00:00","dateModified":"2023-12-13T17:49:26+00:00","mainEntityOfPage":{"@id":"https:\/\/www.francespiration.com\/index.php\/2023\/12\/11\/szeretem-a-szineket-es-a-reszletgazdag-alkotasokat\/"},"wordCount":1207,"commentCount":1,"publisher":{"@id":"https:\/\/www.francespiration.com\/#organization"},"articleSection":["KULT\u00daRA"],"inLanguage":"hu","potentialAction":[{"@type":"CommentAction","name":"Comment","target":["https:\/\/www.francespiration.com\/index.php\/2023\/12\/11\/szeretem-a-szineket-es-a-reszletgazdag-alkotasokat\/#respond"]}]},{"@type":"WebPage","@id":"https:\/\/www.francespiration.com\/index.php\/2023\/12\/11\/szeretem-a-szineket-es-a-reszletgazdag-alkotasokat\/","url":"https:\/\/www.francespiration.com\/index.php\/2023\/12\/11\/szeretem-a-szineket-es-a-reszletgazdag-alkotasokat\/","name":"\u201eSzeretem a sz\u00edneket \u00e9s a r\u00e9szletgazdag alkot\u00e1sokat\u201d - Francespiration","isPartOf":{"@id":"https:\/\/www.francespiration.com\/#website"},"datePublished":"2023-12-11T09:53:44+00:00","dateModified":"2023-12-13T17:49:26+00:00","description":"A Budapesten \u00e9l\u0151 francia gal\u00e9riatulajdonossal Benjamin Dr\u00e9an-Gu\u00e9na\u00efzia-val besz\u00e9lgett\u00fcnk a sz\u00ednekr\u0151l \u00e9s az \u00e9letr\u0151l.","breadcrumb":{"@id":"https:\/\/www.francespiration.com\/index.php\/2023\/12\/11\/szeretem-a-szineket-es-a-reszletgazdag-alkotasokat\/#breadcrumb"},"inLanguage":"hu","potentialAction":[{"@type":"ReadAction","target":["https:\/\/www.francespiration.com\/index.php\/2023\/12\/11\/szeretem-a-szineket-es-a-reszletgazdag-alkotasokat\/"]}]},{"@type":"BreadcrumbList","@id":"https:\/\/www.francespiration.com\/index.php\/2023\/12\/11\/szeretem-a-szineket-es-a-reszletgazdag-alkotasokat\/#breadcrumb","itemListElement":[{"@type":"ListItem","position":1,"name":"Kezd\u0151lap","item":"https:\/\/www.francespiration.com\/"},{"@type":"ListItem","position":2,"name":"\u201eSzeretem a sz\u00edneket \u00e9s a r\u00e9szletgazdag alkot\u00e1sokat\u201d"}]},{"@type":"WebSite","@id":"https:\/\/www.francespiration.com\/#website","url":"https:\/\/www.francespiration.com\/","name":"Francespiration","description":"Just another WordPress site","publisher":{"@id":"https:\/\/www.francespiration.com\/#organization"},"potentialAction":[{"@type":"SearchAction","target":{"@type":"EntryPoint","urlTemplate":"https:\/\/www.francespiration.com\/?s={search_term_string}"},"query-input":"required name=search_term_string"}],"inLanguage":"hu"},{"@type":"Organization","@id":"https:\/\/www.francespiration.com\/#organization","name":"Francespiration","url":"https:\/\/www.francespiration.com\/","logo":{"@type":"ImageObject","inLanguage":"hu","@id":"https:\/\/www.francespiration.com\/#\/schema\/logo\/image\/","url":"https:\/\/www.francespiration.com\/wp-content\/uploads\/2022\/09\/4d-also-scaled.jpg","contentUrl":"https:\/\/www.francespiration.com\/wp-content\/uploads\/2022\/09\/4d-also-scaled.jpg","width":2560,"height":913,"caption":"Francespiration"},"image":{"@id":"https:\/\/www.francespiration.com\/#\/schema\/logo\/image\/"}},{"@type":"Person","@id":"https:\/\/www.francespiration.com\/#\/schema\/person\/83f3dc20d791bfb54664f7e0287501fa","name":"Sz\u00f6ll\u0151si T\u00edmea","image":{"@type":"ImageObject","inLanguage":"hu","@id":"https:\/\/www.francespiration.com\/#\/schema\/person\/image\/","url":"https:\/\/secure.gravatar.com\/avatar\/1fd2e7bebd99ada3a170be066229da8dce9b7f9ba3748e0b659e39e5f31eb56a?s=96&d=mm&r=g","contentUrl":"https:\/\/secure.gravatar.com\/avatar\/1fd2e7bebd99ada3a170be066229da8dce9b7f9ba3748e0b659e39e5f31eb56a?s=96&d=mm&r=g","caption":"Sz\u00f6ll\u0151si T\u00edmea"},"sameAs":["https:\/\/www.francespiration.com"],"url":"https:\/\/www.francespiration.com\/index.php\/author\/szollotimi\/"}]}},"_links":{"self":[{"href":"https:\/\/www.francespiration.com\/index.php\/wp-json\/wp\/v2\/posts\/1637","targetHints":{"allow":["GET"]}}],"collection":[{"href":"https:\/\/www.francespiration.com\/index.php\/wp-json\/wp\/v2\/posts"}],"about":[{"href":"https:\/\/www.francespiration.com\/index.php\/wp-json\/wp\/v2\/types\/post"}],"author":[{"embeddable":true,"href":"https:\/\/www.francespiration.com\/index.php\/wp-json\/wp\/v2\/users\/1"}],"replies":[{"embeddable":true,"href":"https:\/\/www.francespiration.com\/index.php\/wp-json\/wp\/v2\/comments?post=1637"}],"version-history":[{"count":6,"href":"https:\/\/www.francespiration.com\/index.php\/wp-json\/wp\/v2\/posts\/1637\/revisions"}],"predecessor-version":[{"id":1651,"href":"https:\/\/www.francespiration.com\/index.php\/wp-json\/wp\/v2\/posts\/1637\/revisions\/1651"}],"wp:featuredmedia":[{"embeddable":true,"href":"https:\/\/www.francespiration.com\/index.php\/wp-json\/wp\/v2\/media\/1650"}],"wp:attachment":[{"href":"https:\/\/www.francespiration.com\/index.php\/wp-json\/wp\/v2\/media?parent=1637"}],"wp:term":[{"taxonomy":"category","embeddable":true,"href":"https:\/\/www.francespiration.com\/index.php\/wp-json\/wp\/v2\/categories?post=1637"},{"taxonomy":"post_tag","embeddable":true,"href":"https:\/\/www.francespiration.com\/index.php\/wp-json\/wp\/v2\/tags?post=1637"}],"curies":[{"name":"wp","href":"https:\/\/api.w.org\/{rel}","templated":true}]}}