{"id":1662,"date":"2023-12-31T11:59:48","date_gmt":"2023-12-31T11:59:48","guid":{"rendered":"https:\/\/www.francespiration.com\/?p=1662"},"modified":"2024-01-02T20:40:18","modified_gmt":"2024-01-02T20:40:18","slug":"5-konyv-amelyekkel-azonnal-franciaorszagba-repulhetunk","status":"publish","type":"post","link":"https:\/\/www.francespiration.com\/index.php\/2023\/12\/31\/5-konyv-amelyekkel-azonnal-franciaorszagba-repulhetunk\/","title":{"rendered":"5 k\u00f6nyv, amelyekkel azonnal Franciaorsz\u00e1gba rep\u00fclhet\u00fcnk"},"content":{"rendered":"\n<p><strong>Franciaorsz\u00e1got nem lehet nem szeretni. Fantasztikus \u00e9telek \u00e9s borok, a feminizmushoz \u00e9s az \u00e9rdek\u00e9rv\u00e9nyes\u00edt\u00e9shez val\u00f3 harcias hozz\u00e1\u00e1ll\u00e1s, a j\u00f3 \u00e9let, az eleg\u00e1ns v\u00e1rosok, a v\u00e1ltozatos t\u00e1jak \u00e9s a mes\u00e9s tengerpartok azonnal rabul ejtenek. \u00c9s b\u00e1r &#8211; egyel\u0151re &#8211; nem \u00e9lek Franciaorsz\u00e1gban, az irodalom lapjain kereszt\u00fcl b\u00e1rmikor odarep\u00fclhetek. <\/strong><\/p>\n\n\n\n<!--more-->\n\n\n\n<p>\u00cdme teh\u00e1t az \u00e9n szem\u00e9lyes top \u00f6t reg\u00e9nyem, amelyek a csod\u00e1s franciahonban j\u00e1tsz\u00f3dnak:<\/p>\n\n\n\n<h2 class=\"wp-block-heading\">Francoise Sagan: J\u00f3 reggelt, b\u00fab\u00e1nat!<\/h2>\n\n\n\n<p>Egy kora\u00e9rett 18 \u00e9ves fi\u00fa 1954-es klasszikusa a naps\u00fct\u00f6tte Rivi\u00e9r\u00e1ra kalauzol el minket, ahol a lusta \u00e9s \u00f6nz\u0151 17 \u00e9ves C\u00e9cile \u00f6zvegy apj\u00e1val \u00e9s annak leg\u00fajabb bar\u00e1tn\u0151j\u00e9vel nyaral. A ny\u00e1r ragyog\u00f3 f\u00e9nye k\u00e9z a k\u00e9zben j\u00e1r az \u00e1rnyas erk\u00f6lcs\u00f6kkel, mik\u00f6zben C\u00e9cile minden igyekezet\u00e9vel azon van, hogy apja kapcsolat\u00e1t meghi\u00fas\u00edtsa.  Persze minden borzaszt\u00f3an rosszul s\u00fcl el, m\u00e9gis k\u00e9ts\u00e9geink vannak afel\u0151l, hogy az elk\u00e9nyezetett C\u00e9cile tanult-e valamit az eg\u00e9szb\u0151l. A sztori lehetne teljesen elcs\u00e9pelt, de nem az. Gy\u00f6ny\u00f6r\u0171ek a le\u00edr\u00e1sok \u00e9s a reg\u00e9nynek k\u00e9ts\u00e9gtelen\u00fcl nagybet\u0171s hangulata van. \u201eL\u00e1ttam egy gy\u00f6ny\u00f6r\u0171 r\u00f3zsasz\u00edn \u00e9s k\u00e9k kagyl\u00f3t a tenger fenek\u00e9n&#8230;. eg\u00e9sz d\u00e9lel\u0151tt sim\u00e1n \u00e9s \u00fcregesen a kezemben tartottam. \u00dagy d\u00f6nt\u00f6ttem, ez egy szerencs\u00e9s b\u0171b\u00e1j, \u00e9s megtartom. Meglep, hogy nem vesz\u00edtettem el, mert mindent elvesz\u00edtek. Ma m\u00e9g mindig r\u00f3zsasz\u00edn \u00e9s meleg, ahogy a tenyeremben fekszik, \u00e9s s\u00edrni t\u00e1mad kedvem.\u201d<\/p>\n\n\n\n<h2 class=\"wp-block-heading\">Marcel Pagnol: A dombok vize I.<\/h2>\n\n\n\n<p>Provence heves napsugara \u00e1tj\u00e1rja ezt a vid\u00e9ki \u00e9letr\u0151l \u00e9s intrik\u00e1kr\u00f3l sz\u00f3l\u00f3 reg\u00e9nyt. A ragyog\u00f3 k\u00e9k eget \u00e9s a felh\u0151tlen napokat &#8211; amelyek\u00e9rt manaps\u00e1g is egyre t\u00f6bben utaznak D\u00e9l-Franciaorsz\u00e1g eme csod\u00e1s vid\u00e9k\u00e9re &#8211; \u00e1tok a p\u00fapos Jean sz\u00e1m\u00e1ra, aki nyulakat szeretne teny\u00e9szteni a f\u00f6ldj\u00e9n, nem tudv\u00e1n, hogy a csal\u00f3 szomsz\u00e9dok elz\u00e1rj\u00e1k egyetlen v\u00edzforr\u00e1s\u00e1t. P\u00e1ratlan a provence-i gy\u00f3gyn\u00f6v\u00e9nyek illata \u00e9s a szikl\u00e1s kisz\u00f6gell\u00e9seken \u00fcl\u0151 paraszth\u00e1zak le\u00edr\u00e1sa, ahonnan sz\u00e9d\u00edt\u0151 kil\u00e1t\u00e1s ny\u00edlik a t\u00e1jra \u00e9s megid\u00e9zik a ny\u00e1ri forr\u00f3s\u00e1g eml\u00e9keit.<\/p>\n\n\n\n<h2 class=\"wp-block-heading\">Patrick S\u00fcskind: A parf\u00fcm<\/h2>\n\n\n\n<p>Ez az 1985-ben \u00edrt remekm\u0171 egy olyan P\u00e1rizsba kalauzol el benn\u00fcnket, amely nagyon k\u00fcl\u00f6nb\u00f6zik a mai F\u00e9nyek v\u00e1ros\u00e1t\u00f3l. A 18. sz\u00e1zadi Franciaorsz\u00e1gban \u201eolyan b\u0171z uralkodott a v\u00e1rosokban, amit nek\u00fcnk, modern f\u00e9rfiaknak \u00e9s n\u0151knek alig lehetett elk\u00e9pzelni\u2026 M\u00e9g maga a kir\u00e1ly is b\u0171zl\u00f6tt, b\u0171zl\u00f6tt, mint egy oroszl\u00e1n, a kir\u00e1lyn\u0151 pedig, mint egy v\u00e9n kecske, t\u00e9len-ny\u00e1ron\u201d. Ebben a rossz szag\u00fa vil\u00e1gban a tehets\u00e9ges \u00e9s f\u00f6rtelmes Jean-Baptiste Grenouille k\u00f3sz\u00e1l, \u201egyilkos\u201d szagl\u00f3\u00e9rz\u00e9k\u00e9vel. \u00c1m akik ismerik a v\u00e1ros els\u0151 ker\u00fclet\u00e9t, lelki szemeikkel nyomon k\u00f6vethetik, amint \u201eolyan alaposan megszagolta a Saint-Eustache \u00e9s a H\u00f4tel de Ville k\u00f6z\u00f6tti negyedet, hogy m\u00e1r a vaks\u00f6t\u00e9t \u00e9jszaka is eligazodhatott benne\u201d. Grenouille k\u00e9s\u0151bb elhagyja P\u00e1rizst, \u00e9s a hegyes-dombos vid\u00e9ken kereszt\u00fcl d\u00e9l fel\u00e9 halad. A k\u00f6nyv utols\u00f3 fejezetei n\u00e9h\u00e1ny m\u00e9rf\u00f6ldre a C\u00f4te d&#8217;Azurt\u00f3l \u2013 a vil\u00e1g parf\u00fcmf\u0151v\u00e1ros\u00e1nak, Grasse-nak a levendulamez\u0151i k\u00f6z\u00f6tt j\u00e1tsz\u00f3dnak.<\/p>\n\n\n\n<h2 class=\"wp-block-heading\">Budai Lotti: A parf\u00fcmk\u00e9sz\u00edt\u0151<\/h2>\n\n\n\n<p>A magyar \u00edr\u00f3 szint\u00e9n Grasse-ba kalauzol benn\u00fcnket. K\u00f6nyv\u00e9ben egy parf\u00fcmmestern\u0151 t\u00f6rt\u00e9net\u00e9t k\u00f6vethetj\u00fck nyomon, aki a XVIII. sz\u00e1zadi D\u00e9l-Franciaorsz\u00e1gban titokban gyakorolja mesters\u00e9g\u00e9t. Sophie \u00e9lete izgalmas fordulatot vesz, amikor kiv\u00e9teles parf\u00fcmj\u00e9nek k\u00f6sz\u00f6nhet\u0151en lehet\u0151s\u00e9ge ny\u00edlik bossz\u00fat \u00e1llni ellens\u00e9gein. Lotti reg\u00e9nyeiben mindig kiemelt szerepet kapnak a n\u0151k \u00e9s a n\u0151i sorsok. A reg\u00e9ny szerepl\u0151in kereszt\u00fcl ez\u00fattal is t\u00f6k\u00e9letesen belepillanthatunk a korabeli francia vil\u00e1gba, sz\u00f3haszn\u00e1lat\u00e1val zseni\u00e1lisan festi meg a korabeli n\u0151k helyzet\u00e9t \u00e9s \u00e1br\u00e1zolja a korra oly jellemz\u0151 korl\u00e1tokat, mik\u00f6zben megismerhetj\u00fck a parf\u00fcmk\u00e9sz\u00edt\u00e9s titkait is. Egyszerre kalandos, fordulatos, \u00e9rdekfesz\u00edt\u0151 t\u00f6rt\u00e9net&#8230; egy sz\u00f3val: letehetetlen.<\/p>\n\n\n\n<h2 class=\"wp-block-heading\">Muriel Barbery: A s\u00fcndiszn\u00f3 eleganci\u00e1ja<\/h2>\n\n\n\n<p>A mai P\u00e1rizsban j\u00e1tsz\u00f3d\u00f3 filoz\u00f3fiatan\u00e1r 2006-os reg\u00e9nye azoknak sz\u00f3l, akiknek sz\u00fcks\u00e9g\u00fck van egy adag hamis\u00edtatlan francia kult\u00far\u00e1ra egy val\u00f3sz\u00edn\u0171tlen h\u0151sn\u0151vel, az \u00e1ll\u00edt\u00f3lag r\u00e9m unalmas port\u00e1sn\u0151vel, Ren\u00e9e-vel. Jane Eyre \u201eszeg\u00e9ny, hom\u00e1lyos, egyszer\u0171 \u00e9s kicsi\u201d st\u00edlus\u00e1t visszhangozva Ren\u00e9e \u201e\u00f6zvegy, alacsony, cs\u00fanya \u00e9s k\u00f6v\u00e9rk\u00e9s\u201d, \u00e9s ez\u00e9rt \u00fagy \u00e9rzi, hogy a filoz\u00f3fia \u00e9s az irodalom ir\u00e1nti szenved\u00e9ly\u00e9t egy sz\u00far\u00f3s k\u00fcls\u0151 al\u00e1 kell rejtenie. \u00cdgy h\u00e1t, mik\u00f6zben \u00fagy tesz, mintha a gyors\u00e9teleket kedveln\u00e9, Proustot \u00e9s filoz\u00f3fiai k\u00f6teteket olvas, m\u0171v\u00e9szfilmeket n\u00e9z, \u00e9s kifinomult vacsor\u00e1kat f\u0151z bar\u00e1tj\u00e1nak, Manuel\u00e1nak. Az \u00edr\u00f3 k\u00fcl\u00f6nlegesen finom humorral mutatja be a francia sznobizmust, a gazdagok \u00e9s szeg\u00e9nyek gyarl\u00f3s\u00e1gait, a m\u0171v\u00e9szet c\u00e9lj\u00e1t, de emellett m\u00e9g sok minden m\u00e1st boncolgat&#8230;<\/p>\n","protected":false},"excerpt":{"rendered":"<p>Franciaorsz\u00e1got nem lehet nem szeretni. Fantasztikus \u00e9telek \u00e9s borok, a feminizmushoz \u00e9s az \u00e9rdek\u00e9rv\u00e9nyes\u00edt\u00e9shez val\u00f3 harcias hozz\u00e1\u00e1ll\u00e1s, a j\u00f3 \u00e9let, az eleg\u00e1ns v\u00e1rosok, a v\u00e1ltozatos t\u00e1jak \u00e9s a mes\u00e9s tengerpartok azonnal rabul ejtenek. \u00c9s b\u00e1r &#8211; egyel\u0151re &#8211; nem \u00e9lek Franciaorsz\u00e1gban, az irodalom lapjain kereszt\u00fcl b\u00e1rmikor odarep\u00fclhetek.<\/p>\n","protected":false},"author":1,"featured_media":1666,"comment_status":"open","ping_status":"open","sticky":false,"template":"","format":"standard","meta":{"footnotes":""},"categories":[27,29],"tags":[81,78,79,59,80],"class_list":["post-1662","post","type-post","status-publish","format-standard","has-post-thumbnail","hentry","category-elet","category-kultura","tag-budai-lotti","tag-konyvek","tag-olvasas","tag-parfum","tag-parfumkeszito"],"yoast_head":"<!-- This site is optimized with the Yoast SEO plugin v20.13 - https:\/\/yoast.com\/wordpress\/plugins\/seo\/ -->\n<title>5 k\u00f6nyv, amelyekkel azonnal Franciaorsz\u00e1gba rep\u00fclhet\u00fcnk - Francespiration<\/title>\n<meta name=\"description\" content=\"\u00cdme az \u00e9n szem\u00e9lyes top \u00f6t reg\u00e9nyem, amelyek a csod\u00e1s Franciaorsz\u00e1g m\u00e9g csod\u00e1sabb t\u00e1jaira \u00e9s v\u00e1rosaiban j\u00e1tsz\u00f3dnak \u00e9s oda rep\u00edtenek.\" \/>\n<meta name=\"robots\" content=\"index, follow, max-snippet:-1, max-image-preview:large, max-video-preview:-1\" \/>\n<link rel=\"canonical\" href=\"https:\/\/www.francespiration.com\/index.php\/2023\/12\/31\/5-konyv-amelyekkel-azonnal-franciaorszagba-repulhetunk\/\" \/>\n<meta property=\"og:locale\" content=\"hu_HU\" \/>\n<meta property=\"og:type\" content=\"article\" \/>\n<meta property=\"og:title\" content=\"5 k\u00f6nyv, amelyekkel azonnal Franciaorsz\u00e1gba rep\u00fclhet\u00fcnk - Francespiration\" \/>\n<meta property=\"og:description\" content=\"\u00cdme az \u00e9n szem\u00e9lyes top \u00f6t reg\u00e9nyem, amelyek a csod\u00e1s Franciaorsz\u00e1g m\u00e9g csod\u00e1sabb t\u00e1jaira \u00e9s v\u00e1rosaiban j\u00e1tsz\u00f3dnak \u00e9s oda rep\u00edtenek.\" \/>\n<meta property=\"og:url\" content=\"https:\/\/www.francespiration.com\/index.php\/2023\/12\/31\/5-konyv-amelyekkel-azonnal-franciaorszagba-repulhetunk\/\" \/>\n<meta property=\"og:site_name\" content=\"Francespiration\" \/>\n<meta property=\"article:published_time\" content=\"2023-12-31T11:59:48+00:00\" \/>\n<meta property=\"article:modified_time\" content=\"2024-01-02T20:40:18+00:00\" \/>\n<meta property=\"og:image\" content=\"https:\/\/www.francespiration.com\/wp-content\/uploads\/2023\/12\/konyvek-Franciaorszag.jpg\" \/>\n\t<meta property=\"og:image:width\" content=\"2120\" \/>\n\t<meta property=\"og:image:height\" content=\"1414\" \/>\n\t<meta property=\"og:image:type\" content=\"image\/jpeg\" \/>\n<meta name=\"author\" content=\"Sz\u00f6ll\u0151si T\u00edmea\" \/>\n<meta name=\"twitter:card\" content=\"summary_large_image\" \/>\n<meta name=\"twitter:label1\" content=\"Szerz\u0151:\" \/>\n\t<meta name=\"twitter:data1\" content=\"Sz\u00f6ll\u0151si T\u00edmea\" \/>\n\t<meta name=\"twitter:label2\" content=\"Becs\u00fclt olvas\u00e1si id\u0151\" \/>\n\t<meta name=\"twitter:data2\" content=\"4 perc\" \/>\n<script type=\"application\/ld+json\" class=\"yoast-schema-graph\">{\"@context\":\"https:\/\/schema.org\",\"@graph\":[{\"@type\":\"Article\",\"@id\":\"https:\/\/www.francespiration.com\/index.php\/2023\/12\/31\/5-konyv-amelyekkel-azonnal-franciaorszagba-repulhetunk\/#article\",\"isPartOf\":{\"@id\":\"https:\/\/www.francespiration.com\/index.php\/2023\/12\/31\/5-konyv-amelyekkel-azonnal-franciaorszagba-repulhetunk\/\"},\"author\":{\"name\":\"Sz\u00f6ll\u0151si T\u00edmea\",\"@id\":\"https:\/\/www.francespiration.com\/#\/schema\/person\/83f3dc20d791bfb54664f7e0287501fa\"},\"headline\":\"5 k\u00f6nyv, amelyekkel azonnal Franciaorsz\u00e1gba rep\u00fclhet\u00fcnk\",\"datePublished\":\"2023-12-31T11:59:48+00:00\",\"dateModified\":\"2024-01-02T20:40:18+00:00\",\"mainEntityOfPage\":{\"@id\":\"https:\/\/www.francespiration.com\/index.php\/2023\/12\/31\/5-konyv-amelyekkel-azonnal-franciaorszagba-repulhetunk\/\"},\"wordCount\":964,\"commentCount\":0,\"publisher\":{\"@id\":\"https:\/\/www.francespiration.com\/#organization\"},\"keywords\":[\"Budai Lotti\",\"k\u00f6nyvek\",\"olvas\u00e1s\",\"parf\u00fcm\",\"Parf\u00fcmk\u00e9sz\u00edt\u0151\"],\"articleSection\":[\"\u00c9LET\",\"KULT\u00daRA\"],\"inLanguage\":\"hu\",\"potentialAction\":[{\"@type\":\"CommentAction\",\"name\":\"Comment\",\"target\":[\"https:\/\/www.francespiration.com\/index.php\/2023\/12\/31\/5-konyv-amelyekkel-azonnal-franciaorszagba-repulhetunk\/#respond\"]}]},{\"@type\":\"WebPage\",\"@id\":\"https:\/\/www.francespiration.com\/index.php\/2023\/12\/31\/5-konyv-amelyekkel-azonnal-franciaorszagba-repulhetunk\/\",\"url\":\"https:\/\/www.francespiration.com\/index.php\/2023\/12\/31\/5-konyv-amelyekkel-azonnal-franciaorszagba-repulhetunk\/\",\"name\":\"5 k\u00f6nyv, amelyekkel azonnal Franciaorsz\u00e1gba rep\u00fclhet\u00fcnk - Francespiration\",\"isPartOf\":{\"@id\":\"https:\/\/www.francespiration.com\/#website\"},\"datePublished\":\"2023-12-31T11:59:48+00:00\",\"dateModified\":\"2024-01-02T20:40:18+00:00\",\"description\":\"\u00cdme az \u00e9n szem\u00e9lyes top \u00f6t reg\u00e9nyem, amelyek a csod\u00e1s Franciaorsz\u00e1g m\u00e9g csod\u00e1sabb t\u00e1jaira \u00e9s v\u00e1rosaiban j\u00e1tsz\u00f3dnak \u00e9s oda rep\u00edtenek.\",\"breadcrumb\":{\"@id\":\"https:\/\/www.francespiration.com\/index.php\/2023\/12\/31\/5-konyv-amelyekkel-azonnal-franciaorszagba-repulhetunk\/#breadcrumb\"},\"inLanguage\":\"hu\",\"potentialAction\":[{\"@type\":\"ReadAction\",\"target\":[\"https:\/\/www.francespiration.com\/index.php\/2023\/12\/31\/5-konyv-amelyekkel-azonnal-franciaorszagba-repulhetunk\/\"]}]},{\"@type\":\"BreadcrumbList\",\"@id\":\"https:\/\/www.francespiration.com\/index.php\/2023\/12\/31\/5-konyv-amelyekkel-azonnal-franciaorszagba-repulhetunk\/#breadcrumb\",\"itemListElement\":[{\"@type\":\"ListItem\",\"position\":1,\"name\":\"Kezd\u0151lap\",\"item\":\"https:\/\/www.francespiration.com\/\"},{\"@type\":\"ListItem\",\"position\":2,\"name\":\"5 k\u00f6nyv, amelyekkel azonnal Franciaorsz\u00e1gba rep\u00fclhet\u00fcnk\"}]},{\"@type\":\"WebSite\",\"@id\":\"https:\/\/www.francespiration.com\/#website\",\"url\":\"https:\/\/www.francespiration.com\/\",\"name\":\"Francespiration\",\"description\":\"Just another WordPress site\",\"publisher\":{\"@id\":\"https:\/\/www.francespiration.com\/#organization\"},\"potentialAction\":[{\"@type\":\"SearchAction\",\"target\":{\"@type\":\"EntryPoint\",\"urlTemplate\":\"https:\/\/www.francespiration.com\/?s={search_term_string}\"},\"query-input\":\"required name=search_term_string\"}],\"inLanguage\":\"hu\"},{\"@type\":\"Organization\",\"@id\":\"https:\/\/www.francespiration.com\/#organization\",\"name\":\"Francespiration\",\"url\":\"https:\/\/www.francespiration.com\/\",\"logo\":{\"@type\":\"ImageObject\",\"inLanguage\":\"hu\",\"@id\":\"https:\/\/www.francespiration.com\/#\/schema\/logo\/image\/\",\"url\":\"https:\/\/www.francespiration.com\/wp-content\/uploads\/2022\/09\/4d-also-scaled.jpg\",\"contentUrl\":\"https:\/\/www.francespiration.com\/wp-content\/uploads\/2022\/09\/4d-also-scaled.jpg\",\"width\":2560,\"height\":913,\"caption\":\"Francespiration\"},\"image\":{\"@id\":\"https:\/\/www.francespiration.com\/#\/schema\/logo\/image\/\"}},{\"@type\":\"Person\",\"@id\":\"https:\/\/www.francespiration.com\/#\/schema\/person\/83f3dc20d791bfb54664f7e0287501fa\",\"name\":\"Sz\u00f6ll\u0151si T\u00edmea\",\"image\":{\"@type\":\"ImageObject\",\"inLanguage\":\"hu\",\"@id\":\"https:\/\/www.francespiration.com\/#\/schema\/person\/image\/\",\"url\":\"https:\/\/secure.gravatar.com\/avatar\/1fd2e7bebd99ada3a170be066229da8dce9b7f9ba3748e0b659e39e5f31eb56a?s=96&d=mm&r=g\",\"contentUrl\":\"https:\/\/secure.gravatar.com\/avatar\/1fd2e7bebd99ada3a170be066229da8dce9b7f9ba3748e0b659e39e5f31eb56a?s=96&d=mm&r=g\",\"caption\":\"Sz\u00f6ll\u0151si T\u00edmea\"},\"sameAs\":[\"https:\/\/www.francespiration.com\"],\"url\":\"https:\/\/www.francespiration.com\/index.php\/author\/szollotimi\/\"}]}<\/script>\n<!-- \/ Yoast SEO plugin. -->","yoast_head_json":{"title":"5 k\u00f6nyv, amelyekkel azonnal Franciaorsz\u00e1gba rep\u00fclhet\u00fcnk - Francespiration","description":"\u00cdme az \u00e9n szem\u00e9lyes top \u00f6t reg\u00e9nyem, amelyek a csod\u00e1s Franciaorsz\u00e1g m\u00e9g csod\u00e1sabb t\u00e1jaira \u00e9s v\u00e1rosaiban j\u00e1tsz\u00f3dnak \u00e9s oda rep\u00edtenek.","robots":{"index":"index","follow":"follow","max-snippet":"max-snippet:-1","max-image-preview":"max-image-preview:large","max-video-preview":"max-video-preview:-1"},"canonical":"https:\/\/www.francespiration.com\/index.php\/2023\/12\/31\/5-konyv-amelyekkel-azonnal-franciaorszagba-repulhetunk\/","og_locale":"hu_HU","og_type":"article","og_title":"5 k\u00f6nyv, amelyekkel azonnal Franciaorsz\u00e1gba rep\u00fclhet\u00fcnk - Francespiration","og_description":"\u00cdme az \u00e9n szem\u00e9lyes top \u00f6t reg\u00e9nyem, amelyek a csod\u00e1s Franciaorsz\u00e1g m\u00e9g csod\u00e1sabb t\u00e1jaira \u00e9s v\u00e1rosaiban j\u00e1tsz\u00f3dnak \u00e9s oda rep\u00edtenek.","og_url":"https:\/\/www.francespiration.com\/index.php\/2023\/12\/31\/5-konyv-amelyekkel-azonnal-franciaorszagba-repulhetunk\/","og_site_name":"Francespiration","article_published_time":"2023-12-31T11:59:48+00:00","article_modified_time":"2024-01-02T20:40:18+00:00","og_image":[{"width":2120,"height":1414,"url":"https:\/\/www.francespiration.com\/wp-content\/uploads\/2023\/12\/konyvek-Franciaorszag.jpg","type":"image\/jpeg"}],"author":"Sz\u00f6ll\u0151si T\u00edmea","twitter_card":"summary_large_image","twitter_misc":{"Szerz\u0151:":"Sz\u00f6ll\u0151si T\u00edmea","Becs\u00fclt olvas\u00e1si id\u0151":"4 perc"},"schema":{"@context":"https:\/\/schema.org","@graph":[{"@type":"Article","@id":"https:\/\/www.francespiration.com\/index.php\/2023\/12\/31\/5-konyv-amelyekkel-azonnal-franciaorszagba-repulhetunk\/#article","isPartOf":{"@id":"https:\/\/www.francespiration.com\/index.php\/2023\/12\/31\/5-konyv-amelyekkel-azonnal-franciaorszagba-repulhetunk\/"},"author":{"name":"Sz\u00f6ll\u0151si T\u00edmea","@id":"https:\/\/www.francespiration.com\/#\/schema\/person\/83f3dc20d791bfb54664f7e0287501fa"},"headline":"5 k\u00f6nyv, amelyekkel azonnal Franciaorsz\u00e1gba rep\u00fclhet\u00fcnk","datePublished":"2023-12-31T11:59:48+00:00","dateModified":"2024-01-02T20:40:18+00:00","mainEntityOfPage":{"@id":"https:\/\/www.francespiration.com\/index.php\/2023\/12\/31\/5-konyv-amelyekkel-azonnal-franciaorszagba-repulhetunk\/"},"wordCount":964,"commentCount":0,"publisher":{"@id":"https:\/\/www.francespiration.com\/#organization"},"keywords":["Budai Lotti","k\u00f6nyvek","olvas\u00e1s","parf\u00fcm","Parf\u00fcmk\u00e9sz\u00edt\u0151"],"articleSection":["\u00c9LET","KULT\u00daRA"],"inLanguage":"hu","potentialAction":[{"@type":"CommentAction","name":"Comment","target":["https:\/\/www.francespiration.com\/index.php\/2023\/12\/31\/5-konyv-amelyekkel-azonnal-franciaorszagba-repulhetunk\/#respond"]}]},{"@type":"WebPage","@id":"https:\/\/www.francespiration.com\/index.php\/2023\/12\/31\/5-konyv-amelyekkel-azonnal-franciaorszagba-repulhetunk\/","url":"https:\/\/www.francespiration.com\/index.php\/2023\/12\/31\/5-konyv-amelyekkel-azonnal-franciaorszagba-repulhetunk\/","name":"5 k\u00f6nyv, amelyekkel azonnal Franciaorsz\u00e1gba rep\u00fclhet\u00fcnk - Francespiration","isPartOf":{"@id":"https:\/\/www.francespiration.com\/#website"},"datePublished":"2023-12-31T11:59:48+00:00","dateModified":"2024-01-02T20:40:18+00:00","description":"\u00cdme az \u00e9n szem\u00e9lyes top \u00f6t reg\u00e9nyem, amelyek a csod\u00e1s Franciaorsz\u00e1g m\u00e9g csod\u00e1sabb t\u00e1jaira \u00e9s v\u00e1rosaiban j\u00e1tsz\u00f3dnak \u00e9s oda rep\u00edtenek.","breadcrumb":{"@id":"https:\/\/www.francespiration.com\/index.php\/2023\/12\/31\/5-konyv-amelyekkel-azonnal-franciaorszagba-repulhetunk\/#breadcrumb"},"inLanguage":"hu","potentialAction":[{"@type":"ReadAction","target":["https:\/\/www.francespiration.com\/index.php\/2023\/12\/31\/5-konyv-amelyekkel-azonnal-franciaorszagba-repulhetunk\/"]}]},{"@type":"BreadcrumbList","@id":"https:\/\/www.francespiration.com\/index.php\/2023\/12\/31\/5-konyv-amelyekkel-azonnal-franciaorszagba-repulhetunk\/#breadcrumb","itemListElement":[{"@type":"ListItem","position":1,"name":"Kezd\u0151lap","item":"https:\/\/www.francespiration.com\/"},{"@type":"ListItem","position":2,"name":"5 k\u00f6nyv, amelyekkel azonnal Franciaorsz\u00e1gba rep\u00fclhet\u00fcnk"}]},{"@type":"WebSite","@id":"https:\/\/www.francespiration.com\/#website","url":"https:\/\/www.francespiration.com\/","name":"Francespiration","description":"Just another WordPress site","publisher":{"@id":"https:\/\/www.francespiration.com\/#organization"},"potentialAction":[{"@type":"SearchAction","target":{"@type":"EntryPoint","urlTemplate":"https:\/\/www.francespiration.com\/?s={search_term_string}"},"query-input":"required name=search_term_string"}],"inLanguage":"hu"},{"@type":"Organization","@id":"https:\/\/www.francespiration.com\/#organization","name":"Francespiration","url":"https:\/\/www.francespiration.com\/","logo":{"@type":"ImageObject","inLanguage":"hu","@id":"https:\/\/www.francespiration.com\/#\/schema\/logo\/image\/","url":"https:\/\/www.francespiration.com\/wp-content\/uploads\/2022\/09\/4d-also-scaled.jpg","contentUrl":"https:\/\/www.francespiration.com\/wp-content\/uploads\/2022\/09\/4d-also-scaled.jpg","width":2560,"height":913,"caption":"Francespiration"},"image":{"@id":"https:\/\/www.francespiration.com\/#\/schema\/logo\/image\/"}},{"@type":"Person","@id":"https:\/\/www.francespiration.com\/#\/schema\/person\/83f3dc20d791bfb54664f7e0287501fa","name":"Sz\u00f6ll\u0151si T\u00edmea","image":{"@type":"ImageObject","inLanguage":"hu","@id":"https:\/\/www.francespiration.com\/#\/schema\/person\/image\/","url":"https:\/\/secure.gravatar.com\/avatar\/1fd2e7bebd99ada3a170be066229da8dce9b7f9ba3748e0b659e39e5f31eb56a?s=96&d=mm&r=g","contentUrl":"https:\/\/secure.gravatar.com\/avatar\/1fd2e7bebd99ada3a170be066229da8dce9b7f9ba3748e0b659e39e5f31eb56a?s=96&d=mm&r=g","caption":"Sz\u00f6ll\u0151si T\u00edmea"},"sameAs":["https:\/\/www.francespiration.com"],"url":"https:\/\/www.francespiration.com\/index.php\/author\/szollotimi\/"}]}},"_links":{"self":[{"href":"https:\/\/www.francespiration.com\/index.php\/wp-json\/wp\/v2\/posts\/1662","targetHints":{"allow":["GET"]}}],"collection":[{"href":"https:\/\/www.francespiration.com\/index.php\/wp-json\/wp\/v2\/posts"}],"about":[{"href":"https:\/\/www.francespiration.com\/index.php\/wp-json\/wp\/v2\/types\/post"}],"author":[{"embeddable":true,"href":"https:\/\/www.francespiration.com\/index.php\/wp-json\/wp\/v2\/users\/1"}],"replies":[{"embeddable":true,"href":"https:\/\/www.francespiration.com\/index.php\/wp-json\/wp\/v2\/comments?post=1662"}],"version-history":[{"count":8,"href":"https:\/\/www.francespiration.com\/index.php\/wp-json\/wp\/v2\/posts\/1662\/revisions"}],"predecessor-version":[{"id":1673,"href":"https:\/\/www.francespiration.com\/index.php\/wp-json\/wp\/v2\/posts\/1662\/revisions\/1673"}],"wp:featuredmedia":[{"embeddable":true,"href":"https:\/\/www.francespiration.com\/index.php\/wp-json\/wp\/v2\/media\/1666"}],"wp:attachment":[{"href":"https:\/\/www.francespiration.com\/index.php\/wp-json\/wp\/v2\/media?parent=1662"}],"wp:term":[{"taxonomy":"category","embeddable":true,"href":"https:\/\/www.francespiration.com\/index.php\/wp-json\/wp\/v2\/categories?post=1662"},{"taxonomy":"post_tag","embeddable":true,"href":"https:\/\/www.francespiration.com\/index.php\/wp-json\/wp\/v2\/tags?post=1662"}],"curies":[{"name":"wp","href":"https:\/\/api.w.org\/{rel}","templated":true}]}}