{"id":1674,"date":"2024-01-03T14:55:53","date_gmt":"2024-01-03T14:55:53","guid":{"rendered":"https:\/\/www.francespiration.com\/?p=1674"},"modified":"2024-01-08T14:15:47","modified_gmt":"2024-01-08T14:15:47","slug":"miert-kulonleges-epitmeny-az-eiffel-torony","status":"publish","type":"post","link":"https:\/\/www.francespiration.com\/index.php\/2024\/01\/03\/miert-kulonleges-epitmeny-az-eiffel-torony\/","title":{"rendered":"Mi\u00e9rt k\u00fcl\u00f6nleges \u00e9p\u00edtm\u00e9ny az Eiffel-torony?"},"content":{"rendered":"\n<p><strong>Mi\u00e9rt k\u00fcl\u00f6nleges \u00e9s h\u00edres m\u0171eml\u00e9k az Eiffel-torony? Ez a k\u00e9rd\u00e9s els\u0151 pillant\u00e1sra nevets\u00e9gesnek t\u0171nhet, hiszen a v\u00e1lasz olyan k\u00e9zenfekv\u0151nek t\u0171nik. De hogy mi teszi eredetiv\u00e9, \u00e9s mi ad neki p\u00e1ratlan dics\u0151s\u00e9get az \u00e9p\u00edt\u00e9szet t\u00f6rt\u00e9net\u00e9ben, tov\u00e1bbra is kev\u00e9ss\u00e9 ismert. Az Eiffel-torony ugyanis k\u00e9t alkalommal forradalmas\u00edtotta a vil\u00e1g \u00e9p\u00edt\u00e9szet\u00e9t. <\/strong><\/p>\n\n\n\n<!--more-->\n\n\n\n<p>Az els\u0151 alkalommal a 300 m\u00e9teres (ezer l\u00e1b) magass\u00e1g el\u00e9r\u00e9s\u00e9vel. A m\u00e1sodik technikai jelleg\u0171, ami a vasat a modern \u00e9p\u00edt\u0151ipar egyik f\u0151 anyag\u00e1v\u00e1 tette. Egy kett\u0151s forradalom, amely megadja P\u00e1rizs szimb\u00f3lum\u00e1nak az \u00f6r\u00f6kk\u00e9val\u00f3s\u00e1g st\u00e1tusz\u00e1t.<\/p>\n\n\n\n<h2 class=\"wp-block-heading\">Mit\u0151l olyan nagy dolog az 1000 l\u00e1b?<\/h2>\n\n\n\n<p>A 19. sz\u00e1zad v\u00e9g\u00e9n tet\u0151z\u00f6tt az ipari forradalom \u00e1ltal gener\u00e1lt fejl\u0151d\u00e9sverseny. Franciaorsz\u00e1g megszervezte az 1889-es vil\u00e1gki\u00e1ll\u00edt\u00e1st, amellyel a francia forradalom sz\u00e1zadik \u00e9vfordul\u00f3j\u00e1t szerette volna meg\u00fcnnepelni, \u00e9s ezzel egyidej\u0171leg bemutatni az eg\u00e9sz vil\u00e1gnak az orsz\u00e1g gazdas\u00e1gi, ipari \u00e9s emberi fejl\u0151d\u00e9s\u00e9t. Ez az esem\u00e9ny arra k\u00e9sztetette a francia \u00e9p\u00edt\u00e9szeket \u00e9s m\u00e9rn\u00f6k\u00f6ket, hogy m\u00e9g \u00f6nmagukat is fel\u00fclm\u00falj\u00e1k az\u00e1ltal, hogy a t\u00f6rt\u00e9nelem sor\u00e1n el\u0151sz\u00f6r megpr\u00f3b\u00e1lnak l\u00e9trehozni egy 1000 l\u00e1b, vagyis 300 m\u00e9ter magas tornyot. <\/p>\n\n\n\n<p>Ez a szimbolikus magass\u00e1g az emberis\u00e9g \u0151si \u00e1lma volt, amelyet az egyiptomiak ind\u00edtottak el a Kheopsz-piramissal (vagy m\u00e1s n\u00e9ven a g\u00edzai nagy piramis), melynek cs\u00facsa 146 m\u00e9ter magasra ny\u00falik. Els\u0151k\u00e9nt Richard Trevithick angol feltal\u00e1l\u00f3,  akinek a nagynyom\u00e1s\u00fa g\u0151zg\u00e9pet \u00e9s az els\u0151 mozdony \u00e1ltal vontatott szerelv\u00e9nyt  k\u00f6sz\u00f6nhetj\u00fck, 1832-ben pr\u00f3b\u00e1lkozott egy 1000 l\u00e1b magas toronnyal, azonban t\u00fcd\u0151gyullad\u00e1st kapott, \u00e9s soha nem fejezte be projektj\u00e9t.  H\u00fasz \u00e9vvel k\u00e9s\u0151bb egy m\u00e1sik angol, Charles Burton is megpr\u00f3b\u00e1lkozott a kih\u00edv\u00e1ssal, ez volt az \u00dcvegtorony nev\u0171 \u00e9p\u00fclet terve, de v\u00e9g\u00fcl ez sem \u00e9p\u00fclt meg. A legsikeresebb projekt az amerikai Centennial Tower volt, amely a Clark \u00e9s Reeves vasgy\u00e1rt\u00f3 \u00e9s f\u00e9mhidakat \u00e9p\u00edt\u0151 c\u00e9g tervei alapj\u00e1n k\u00e9sz\u00fclt az 1876-os philadelphiai vil\u00e1gki\u00e1ll\u00edt\u00e1sra. Ez\u00fattal azonban a megval\u00f3s\u00edt\u00e1shoz sz\u00fcks\u00e9ges egymilli\u00f3 doll\u00e1r nem j\u00f6tt \u00f6ssze\u2026<\/p>\n\n\n\n<p>Ekkor j\u00f6tt <a href=\"https:\/\/hu.wikipedia.org\/wiki\/Gustave_Eiffel\" target=\"_blank\" rel=\"noreferrer noopener\">Gustave Eiffel<\/a>, az els\u0151, aki az emberis\u00e9g t\u00f6rt\u00e9net\u00e9ben el\u0151sz\u00f6r k\u00e9pzelt el, tervezett \u00e9s \u00e9p\u00edtett 1000 l\u00e1b magas tornyot. Micsoda rendk\u00edv\u00fcli brav\u00far!!<\/p>\n\n\n\n<figure class=\"wp-block-image size-full\"><img loading=\"lazy\" decoding=\"async\" width=\"805\" height=\"1024\" src=\"https:\/\/www.francespiration.com\/wp-content\/uploads\/2024\/01\/eiffel-torony-epitese.jpg\" alt=\"\" class=\"wp-image-1677\" srcset=\"https:\/\/www.francespiration.com\/wp-content\/uploads\/2024\/01\/eiffel-torony-epitese.jpg 805w, https:\/\/www.francespiration.com\/wp-content\/uploads\/2024\/01\/eiffel-torony-epitese-236x300.jpg 236w, https:\/\/www.francespiration.com\/wp-content\/uploads\/2024\/01\/eiffel-torony-epitese-768x977.jpg 768w\" sizes=\"auto, (max-width: 805px) 100vw, 805px\" \/><\/figure>\n\n\n\n<h2 class=\"wp-block-heading\">A vas<\/h2>\n\n\n\n<p>Az \u00e1lom soha nem val\u00f3sulhatott volna meg vas n\u00e9lk\u00fcl, amelynek a gy\u00e1rt\u00e1s\u00e1t az ipari forradalom tette lehet\u0151v\u00e9, mert addig csak kis mennyis\u00e9gben volt el\u0151\u00e1ll\u00edthat\u00f3. Olcs\u00f3bb volt, mint a falaz\u00e1s, ellen\u00e1llt a nyom\u00e1snak \u00e9s a tapad\u00e1snak, \u00f6sszeszerel\u00e9si technik\u00e1j\u00e1nak k\u00f6sz\u00f6nhet\u0151en pedig k\u00f6nnyen megmunk\u00e1lhat\u00f3. De b\u00e1rmilyen innovat\u00edv is volt, a francia elit \u00fagy gondolta, hogy nem helyettes\u00edtheti a k\u00f6vet, \u00e9s a terv hangos tiltakoz\u00e1st v\u00e1ltott ki. 1878-ig kellett v\u00e1rni arra, hogy a p\u00e1rizsi szab\u00e1lyoz\u00e1s enged\u00e9lyezze a l\u00e1that\u00f3 f\u00e9mkereteket. Gustave Eiffel fantasztikus torny\u00e1val lett az els\u0151, aki a f\u00e9met \u00e9s annak innovat\u00edv szerel\u00e9si technik\u00e1it \u00f6n\u00e1ll\u00f3 m\u0171k\u00e9nt \u00e1ll\u00edtotta a vil\u00e1g el\u00e9. A sok kritika ellen\u00e9re m\u00e9gis \u00f3ri\u00e1si sikere lett. A tr\u00f3nfoszt\u00f3k pedig csak n\u00e9gy \u00e9vtizeddel k\u00e9s\u0151bb t\u0171ntek fel: 1928-ban a 319 m\u00e9teres Chrysler Building, egy \u00e9vvel k\u00e9s\u0151bb pedig a 381 m\u00e9teres Empire State Building. <\/p>\n\n\n\n<p>Napjainkban 30 torony haladja meg az Eiffel-torony magass\u00e1g\u00e1t: a legmagasabb a dubai Burj Khalifa a maga 828 m\u00e9ter\u00e9vel. Gustave Eiffel \u00e9s az Eiffel-torony azonban \u00f6r\u00f6kre az els\u0151 lesz, aki megnyitotta az utat az \u00e9g \u00e9p\u00edt\u00e9szeti megh\u00f3d\u00edt\u00e1sa fel\u00e9.<\/p>\n","protected":false},"excerpt":{"rendered":"<p>Mi\u00e9rt k\u00fcl\u00f6nleges \u00e9s h\u00edres m\u0171eml\u00e9k az Eiffel-torony? Ez a k\u00e9rd\u00e9s els\u0151 pillant\u00e1sra nevets\u00e9gesnek t\u0171nhet, hiszen a v\u00e1lasz olyan k\u00e9zenfekv\u0151nek t\u0171nik. De hogy mi teszi eredetiv\u00e9, \u00e9s mi ad neki p\u00e1ratlan dics\u0151s\u00e9get az \u00e9p\u00edt\u00e9szet t\u00f6rt\u00e9net\u00e9ben, tov\u00e1bbra is kev\u00e9ss\u00e9 ismert. Az Eiffel-torony ugyanis k\u00e9t alkalommal forradalmas\u00edtotta a vil\u00e1g \u00e9p\u00edt\u00e9szet\u00e9t.<\/p>\n","protected":false},"author":1,"featured_media":1676,"comment_status":"open","ping_status":"open","sticky":false,"template":"","format":"standard","meta":{"footnotes":""},"categories":[28,29],"tags":[82,83,47,84],"class_list":["post-1674","post","type-post","status-publish","format-standard","has-post-thumbnail","hentry","category-helyek","category-kultura","tag-eiffel-torony","tag-gustave-eiffel","tag-parizs","tag-vilagkiallitas"],"yoast_head":"<!-- This site is optimized with the Yoast SEO plugin v20.13 - https:\/\/yoast.com\/wordpress\/plugins\/seo\/ -->\n<title>Mi\u00e9rt k\u00fcl\u00f6nleges \u00e9p\u00edtm\u00e9ny az Eiffel-torony? - Francespiration<\/title>\n<meta name=\"description\" content=\"Az Eiffel-torony ugyanis k\u00e9t alkalommal forradalmas\u00edtotta a vil\u00e1g \u00e9p\u00edt\u00e9szet\u00e9t, amivel Gustave Eiffel \u00f6r\u00f6kre az els\u0151 marad az \u00e9p\u00edt\u00e9szetben.\" \/>\n<meta name=\"robots\" content=\"index, follow, max-snippet:-1, max-image-preview:large, max-video-preview:-1\" \/>\n<link rel=\"canonical\" href=\"https:\/\/www.francespiration.com\/index.php\/2024\/01\/03\/miert-kulonleges-epitmeny-az-eiffel-torony\/\" \/>\n<meta property=\"og:locale\" content=\"hu_HU\" \/>\n<meta property=\"og:type\" content=\"article\" \/>\n<meta property=\"og:title\" content=\"Mi\u00e9rt k\u00fcl\u00f6nleges \u00e9p\u00edtm\u00e9ny az Eiffel-torony? - Francespiration\" \/>\n<meta property=\"og:description\" content=\"Az Eiffel-torony ugyanis k\u00e9t alkalommal forradalmas\u00edtotta a vil\u00e1g \u00e9p\u00edt\u00e9szet\u00e9t, amivel Gustave Eiffel \u00f6r\u00f6kre az els\u0151 marad az \u00e9p\u00edt\u00e9szetben.\" \/>\n<meta property=\"og:url\" content=\"https:\/\/www.francespiration.com\/index.php\/2024\/01\/03\/miert-kulonleges-epitmeny-az-eiffel-torony\/\" \/>\n<meta property=\"og:site_name\" content=\"Francespiration\" \/>\n<meta property=\"article:published_time\" content=\"2024-01-03T14:55:53+00:00\" \/>\n<meta property=\"article:modified_time\" content=\"2024-01-08T14:15:47+00:00\" \/>\n<meta property=\"og:image\" content=\"https:\/\/www.francespiration.com\/wp-content\/uploads\/2024\/01\/eiffel-torony-2-1024x699.jpg\" \/>\n\t<meta property=\"og:image:width\" content=\"1024\" \/>\n\t<meta property=\"og:image:height\" content=\"699\" \/>\n\t<meta property=\"og:image:type\" content=\"image\/jpeg\" \/>\n<meta name=\"author\" content=\"Sz\u00f6ll\u0151si T\u00edmea\" \/>\n<meta name=\"twitter:card\" content=\"summary_large_image\" \/>\n<meta name=\"twitter:label1\" content=\"Szerz\u0151:\" \/>\n\t<meta name=\"twitter:data1\" content=\"Sz\u00f6ll\u0151si T\u00edmea\" \/>\n\t<meta name=\"twitter:label2\" content=\"Becs\u00fclt olvas\u00e1si id\u0151\" \/>\n\t<meta name=\"twitter:data2\" content=\"3 perc\" \/>\n<script type=\"application\/ld+json\" class=\"yoast-schema-graph\">{\"@context\":\"https:\/\/schema.org\",\"@graph\":[{\"@type\":\"Article\",\"@id\":\"https:\/\/www.francespiration.com\/index.php\/2024\/01\/03\/miert-kulonleges-epitmeny-az-eiffel-torony\/#article\",\"isPartOf\":{\"@id\":\"https:\/\/www.francespiration.com\/index.php\/2024\/01\/03\/miert-kulonleges-epitmeny-az-eiffel-torony\/\"},\"author\":{\"name\":\"Sz\u00f6ll\u0151si T\u00edmea\",\"@id\":\"https:\/\/www.francespiration.com\/#\/schema\/person\/83f3dc20d791bfb54664f7e0287501fa\"},\"headline\":\"Mi\u00e9rt k\u00fcl\u00f6nleges \u00e9p\u00edtm\u00e9ny az Eiffel-torony?\",\"datePublished\":\"2024-01-03T14:55:53+00:00\",\"dateModified\":\"2024-01-08T14:15:47+00:00\",\"mainEntityOfPage\":{\"@id\":\"https:\/\/www.francespiration.com\/index.php\/2024\/01\/03\/miert-kulonleges-epitmeny-az-eiffel-torony\/\"},\"wordCount\":708,\"commentCount\":0,\"publisher\":{\"@id\":\"https:\/\/www.francespiration.com\/#organization\"},\"keywords\":[\"eiffel-torony\",\"gustave eiffel\",\"p\u00e1rizs\",\"vil\u00e1gki\u00e1ll\u00edt\u00e1s\"],\"articleSection\":[\"K\u00dcL\u00d6NLEGES HELYEK\",\"KULT\u00daRA\"],\"inLanguage\":\"hu\",\"potentialAction\":[{\"@type\":\"CommentAction\",\"name\":\"Comment\",\"target\":[\"https:\/\/www.francespiration.com\/index.php\/2024\/01\/03\/miert-kulonleges-epitmeny-az-eiffel-torony\/#respond\"]}]},{\"@type\":\"WebPage\",\"@id\":\"https:\/\/www.francespiration.com\/index.php\/2024\/01\/03\/miert-kulonleges-epitmeny-az-eiffel-torony\/\",\"url\":\"https:\/\/www.francespiration.com\/index.php\/2024\/01\/03\/miert-kulonleges-epitmeny-az-eiffel-torony\/\",\"name\":\"Mi\u00e9rt k\u00fcl\u00f6nleges \u00e9p\u00edtm\u00e9ny az Eiffel-torony? - Francespiration\",\"isPartOf\":{\"@id\":\"https:\/\/www.francespiration.com\/#website\"},\"datePublished\":\"2024-01-03T14:55:53+00:00\",\"dateModified\":\"2024-01-08T14:15:47+00:00\",\"description\":\"Az Eiffel-torony ugyanis k\u00e9t alkalommal forradalmas\u00edtotta a vil\u00e1g \u00e9p\u00edt\u00e9szet\u00e9t, amivel Gustave Eiffel \u00f6r\u00f6kre az els\u0151 marad az \u00e9p\u00edt\u00e9szetben.\",\"breadcrumb\":{\"@id\":\"https:\/\/www.francespiration.com\/index.php\/2024\/01\/03\/miert-kulonleges-epitmeny-az-eiffel-torony\/#breadcrumb\"},\"inLanguage\":\"hu\",\"potentialAction\":[{\"@type\":\"ReadAction\",\"target\":[\"https:\/\/www.francespiration.com\/index.php\/2024\/01\/03\/miert-kulonleges-epitmeny-az-eiffel-torony\/\"]}]},{\"@type\":\"BreadcrumbList\",\"@id\":\"https:\/\/www.francespiration.com\/index.php\/2024\/01\/03\/miert-kulonleges-epitmeny-az-eiffel-torony\/#breadcrumb\",\"itemListElement\":[{\"@type\":\"ListItem\",\"position\":1,\"name\":\"Kezd\u0151lap\",\"item\":\"https:\/\/www.francespiration.com\/\"},{\"@type\":\"ListItem\",\"position\":2,\"name\":\"Mi\u00e9rt k\u00fcl\u00f6nleges \u00e9p\u00edtm\u00e9ny az Eiffel-torony?\"}]},{\"@type\":\"WebSite\",\"@id\":\"https:\/\/www.francespiration.com\/#website\",\"url\":\"https:\/\/www.francespiration.com\/\",\"name\":\"Francespiration\",\"description\":\"Just another WordPress site\",\"publisher\":{\"@id\":\"https:\/\/www.francespiration.com\/#organization\"},\"potentialAction\":[{\"@type\":\"SearchAction\",\"target\":{\"@type\":\"EntryPoint\",\"urlTemplate\":\"https:\/\/www.francespiration.com\/?s={search_term_string}\"},\"query-input\":\"required name=search_term_string\"}],\"inLanguage\":\"hu\"},{\"@type\":\"Organization\",\"@id\":\"https:\/\/www.francespiration.com\/#organization\",\"name\":\"Francespiration\",\"url\":\"https:\/\/www.francespiration.com\/\",\"logo\":{\"@type\":\"ImageObject\",\"inLanguage\":\"hu\",\"@id\":\"https:\/\/www.francespiration.com\/#\/schema\/logo\/image\/\",\"url\":\"https:\/\/www.francespiration.com\/wp-content\/uploads\/2022\/09\/4d-also-scaled.jpg\",\"contentUrl\":\"https:\/\/www.francespiration.com\/wp-content\/uploads\/2022\/09\/4d-also-scaled.jpg\",\"width\":2560,\"height\":913,\"caption\":\"Francespiration\"},\"image\":{\"@id\":\"https:\/\/www.francespiration.com\/#\/schema\/logo\/image\/\"}},{\"@type\":\"Person\",\"@id\":\"https:\/\/www.francespiration.com\/#\/schema\/person\/83f3dc20d791bfb54664f7e0287501fa\",\"name\":\"Sz\u00f6ll\u0151si T\u00edmea\",\"image\":{\"@type\":\"ImageObject\",\"inLanguage\":\"hu\",\"@id\":\"https:\/\/www.francespiration.com\/#\/schema\/person\/image\/\",\"url\":\"https:\/\/secure.gravatar.com\/avatar\/1fd2e7bebd99ada3a170be066229da8dce9b7f9ba3748e0b659e39e5f31eb56a?s=96&d=mm&r=g\",\"contentUrl\":\"https:\/\/secure.gravatar.com\/avatar\/1fd2e7bebd99ada3a170be066229da8dce9b7f9ba3748e0b659e39e5f31eb56a?s=96&d=mm&r=g\",\"caption\":\"Sz\u00f6ll\u0151si T\u00edmea\"},\"sameAs\":[\"https:\/\/www.francespiration.com\"],\"url\":\"https:\/\/www.francespiration.com\/index.php\/author\/szollotimi\/\"}]}<\/script>\n<!-- \/ Yoast SEO plugin. -->","yoast_head_json":{"title":"Mi\u00e9rt k\u00fcl\u00f6nleges \u00e9p\u00edtm\u00e9ny az Eiffel-torony? - Francespiration","description":"Az Eiffel-torony ugyanis k\u00e9t alkalommal forradalmas\u00edtotta a vil\u00e1g \u00e9p\u00edt\u00e9szet\u00e9t, amivel Gustave Eiffel \u00f6r\u00f6kre az els\u0151 marad az \u00e9p\u00edt\u00e9szetben.","robots":{"index":"index","follow":"follow","max-snippet":"max-snippet:-1","max-image-preview":"max-image-preview:large","max-video-preview":"max-video-preview:-1"},"canonical":"https:\/\/www.francespiration.com\/index.php\/2024\/01\/03\/miert-kulonleges-epitmeny-az-eiffel-torony\/","og_locale":"hu_HU","og_type":"article","og_title":"Mi\u00e9rt k\u00fcl\u00f6nleges \u00e9p\u00edtm\u00e9ny az Eiffel-torony? - Francespiration","og_description":"Az Eiffel-torony ugyanis k\u00e9t alkalommal forradalmas\u00edtotta a vil\u00e1g \u00e9p\u00edt\u00e9szet\u00e9t, amivel Gustave Eiffel \u00f6r\u00f6kre az els\u0151 marad az \u00e9p\u00edt\u00e9szetben.","og_url":"https:\/\/www.francespiration.com\/index.php\/2024\/01\/03\/miert-kulonleges-epitmeny-az-eiffel-torony\/","og_site_name":"Francespiration","article_published_time":"2024-01-03T14:55:53+00:00","article_modified_time":"2024-01-08T14:15:47+00:00","og_image":[{"width":1024,"height":699,"url":"https:\/\/www.francespiration.com\/wp-content\/uploads\/2024\/01\/eiffel-torony-2-1024x699.jpg","type":"image\/jpeg"}],"author":"Sz\u00f6ll\u0151si T\u00edmea","twitter_card":"summary_large_image","twitter_misc":{"Szerz\u0151:":"Sz\u00f6ll\u0151si T\u00edmea","Becs\u00fclt olvas\u00e1si id\u0151":"3 perc"},"schema":{"@context":"https:\/\/schema.org","@graph":[{"@type":"Article","@id":"https:\/\/www.francespiration.com\/index.php\/2024\/01\/03\/miert-kulonleges-epitmeny-az-eiffel-torony\/#article","isPartOf":{"@id":"https:\/\/www.francespiration.com\/index.php\/2024\/01\/03\/miert-kulonleges-epitmeny-az-eiffel-torony\/"},"author":{"name":"Sz\u00f6ll\u0151si T\u00edmea","@id":"https:\/\/www.francespiration.com\/#\/schema\/person\/83f3dc20d791bfb54664f7e0287501fa"},"headline":"Mi\u00e9rt k\u00fcl\u00f6nleges \u00e9p\u00edtm\u00e9ny az Eiffel-torony?","datePublished":"2024-01-03T14:55:53+00:00","dateModified":"2024-01-08T14:15:47+00:00","mainEntityOfPage":{"@id":"https:\/\/www.francespiration.com\/index.php\/2024\/01\/03\/miert-kulonleges-epitmeny-az-eiffel-torony\/"},"wordCount":708,"commentCount":0,"publisher":{"@id":"https:\/\/www.francespiration.com\/#organization"},"keywords":["eiffel-torony","gustave eiffel","p\u00e1rizs","vil\u00e1gki\u00e1ll\u00edt\u00e1s"],"articleSection":["K\u00dcL\u00d6NLEGES HELYEK","KULT\u00daRA"],"inLanguage":"hu","potentialAction":[{"@type":"CommentAction","name":"Comment","target":["https:\/\/www.francespiration.com\/index.php\/2024\/01\/03\/miert-kulonleges-epitmeny-az-eiffel-torony\/#respond"]}]},{"@type":"WebPage","@id":"https:\/\/www.francespiration.com\/index.php\/2024\/01\/03\/miert-kulonleges-epitmeny-az-eiffel-torony\/","url":"https:\/\/www.francespiration.com\/index.php\/2024\/01\/03\/miert-kulonleges-epitmeny-az-eiffel-torony\/","name":"Mi\u00e9rt k\u00fcl\u00f6nleges \u00e9p\u00edtm\u00e9ny az Eiffel-torony? - Francespiration","isPartOf":{"@id":"https:\/\/www.francespiration.com\/#website"},"datePublished":"2024-01-03T14:55:53+00:00","dateModified":"2024-01-08T14:15:47+00:00","description":"Az Eiffel-torony ugyanis k\u00e9t alkalommal forradalmas\u00edtotta a vil\u00e1g \u00e9p\u00edt\u00e9szet\u00e9t, amivel Gustave Eiffel \u00f6r\u00f6kre az els\u0151 marad az \u00e9p\u00edt\u00e9szetben.","breadcrumb":{"@id":"https:\/\/www.francespiration.com\/index.php\/2024\/01\/03\/miert-kulonleges-epitmeny-az-eiffel-torony\/#breadcrumb"},"inLanguage":"hu","potentialAction":[{"@type":"ReadAction","target":["https:\/\/www.francespiration.com\/index.php\/2024\/01\/03\/miert-kulonleges-epitmeny-az-eiffel-torony\/"]}]},{"@type":"BreadcrumbList","@id":"https:\/\/www.francespiration.com\/index.php\/2024\/01\/03\/miert-kulonleges-epitmeny-az-eiffel-torony\/#breadcrumb","itemListElement":[{"@type":"ListItem","position":1,"name":"Kezd\u0151lap","item":"https:\/\/www.francespiration.com\/"},{"@type":"ListItem","position":2,"name":"Mi\u00e9rt k\u00fcl\u00f6nleges \u00e9p\u00edtm\u00e9ny az Eiffel-torony?"}]},{"@type":"WebSite","@id":"https:\/\/www.francespiration.com\/#website","url":"https:\/\/www.francespiration.com\/","name":"Francespiration","description":"Just another WordPress site","publisher":{"@id":"https:\/\/www.francespiration.com\/#organization"},"potentialAction":[{"@type":"SearchAction","target":{"@type":"EntryPoint","urlTemplate":"https:\/\/www.francespiration.com\/?s={search_term_string}"},"query-input":"required name=search_term_string"}],"inLanguage":"hu"},{"@type":"Organization","@id":"https:\/\/www.francespiration.com\/#organization","name":"Francespiration","url":"https:\/\/www.francespiration.com\/","logo":{"@type":"ImageObject","inLanguage":"hu","@id":"https:\/\/www.francespiration.com\/#\/schema\/logo\/image\/","url":"https:\/\/www.francespiration.com\/wp-content\/uploads\/2022\/09\/4d-also-scaled.jpg","contentUrl":"https:\/\/www.francespiration.com\/wp-content\/uploads\/2022\/09\/4d-also-scaled.jpg","width":2560,"height":913,"caption":"Francespiration"},"image":{"@id":"https:\/\/www.francespiration.com\/#\/schema\/logo\/image\/"}},{"@type":"Person","@id":"https:\/\/www.francespiration.com\/#\/schema\/person\/83f3dc20d791bfb54664f7e0287501fa","name":"Sz\u00f6ll\u0151si T\u00edmea","image":{"@type":"ImageObject","inLanguage":"hu","@id":"https:\/\/www.francespiration.com\/#\/schema\/person\/image\/","url":"https:\/\/secure.gravatar.com\/avatar\/1fd2e7bebd99ada3a170be066229da8dce9b7f9ba3748e0b659e39e5f31eb56a?s=96&d=mm&r=g","contentUrl":"https:\/\/secure.gravatar.com\/avatar\/1fd2e7bebd99ada3a170be066229da8dce9b7f9ba3748e0b659e39e5f31eb56a?s=96&d=mm&r=g","caption":"Sz\u00f6ll\u0151si T\u00edmea"},"sameAs":["https:\/\/www.francespiration.com"],"url":"https:\/\/www.francespiration.com\/index.php\/author\/szollotimi\/"}]}},"_links":{"self":[{"href":"https:\/\/www.francespiration.com\/index.php\/wp-json\/wp\/v2\/posts\/1674","targetHints":{"allow":["GET"]}}],"collection":[{"href":"https:\/\/www.francespiration.com\/index.php\/wp-json\/wp\/v2\/posts"}],"about":[{"href":"https:\/\/www.francespiration.com\/index.php\/wp-json\/wp\/v2\/types\/post"}],"author":[{"embeddable":true,"href":"https:\/\/www.francespiration.com\/index.php\/wp-json\/wp\/v2\/users\/1"}],"replies":[{"embeddable":true,"href":"https:\/\/www.francespiration.com\/index.php\/wp-json\/wp\/v2\/comments?post=1674"}],"version-history":[{"count":5,"href":"https:\/\/www.francespiration.com\/index.php\/wp-json\/wp\/v2\/posts\/1674\/revisions"}],"predecessor-version":[{"id":1697,"href":"https:\/\/www.francespiration.com\/index.php\/wp-json\/wp\/v2\/posts\/1674\/revisions\/1697"}],"wp:featuredmedia":[{"embeddable":true,"href":"https:\/\/www.francespiration.com\/index.php\/wp-json\/wp\/v2\/media\/1676"}],"wp:attachment":[{"href":"https:\/\/www.francespiration.com\/index.php\/wp-json\/wp\/v2\/media?parent=1674"}],"wp:term":[{"taxonomy":"category","embeddable":true,"href":"https:\/\/www.francespiration.com\/index.php\/wp-json\/wp\/v2\/categories?post=1674"},{"taxonomy":"post_tag","embeddable":true,"href":"https:\/\/www.francespiration.com\/index.php\/wp-json\/wp\/v2\/tags?post=1674"}],"curies":[{"name":"wp","href":"https:\/\/api.w.org\/{rel}","templated":true}]}}