{"id":1683,"date":"2024-01-05T09:18:43","date_gmt":"2024-01-05T09:18:43","guid":{"rendered":"https:\/\/www.francespiration.com\/?p=1683"},"modified":"2024-01-08T14:23:17","modified_gmt":"2024-01-08T14:23:17","slug":"igy-lett-parizs-a-szerelem-varosa","status":"publish","type":"post","link":"https:\/\/www.francespiration.com\/index.php\/2024\/01\/05\/igy-lett-parizs-a-szerelem-varosa\/","title":{"rendered":"\u00cdgy lett P\u00e1rizs a szerelem v\u00e1rosa"},"content":{"rendered":"\n<p>Ha v\u00e9gigs\u00e9t\u00e1lunk a Szajna partj\u00e1n, a Montmartre utc\u00e1in vagy az Eiffel-torony k\u00f6rny\u00e9k\u00e9n, mindenhol szerelmesp\u00e1rokat l\u00e1tunk. V\u00e9g\u00fcl is ez P\u00e1rizs, a szerelem v\u00e1rosa. Az utaz\u00e1si irod\u00e1k gondosan fenn is tartj\u00e1k P\u00e1rizs szerelmes k\u00e9p\u00e9t, \u00edgy h\u00e1t nem csoda, hogy a romantikus kiruccan\u00e1sok egyik legismertebb \u00fatic\u00e9lja &#8211; j\u00f3llehet egy \u00e9vsz\u00e1zaddal ezel\u0151tt P\u00e1rizs nem \u00e9ppen az \u0151szinte szerelemr\u0151l volt ismert&#8230;<\/p>\n\n\n\n<!--more-->\n\n\n\n<h2 class=\"wp-block-heading\">A romantikus aura<\/h2>\n\n\n\n<p>P\u00e1rizs m\u00e1r a 19. sz\u00e1zad v\u00e9g\u00e9re szerelem v\u00e1rosak\u00e9nt volt ismert. Persze egy kicsit m\u00e1s \u00e9rtelemben&#8230;. mert abban az id\u0151ben a p\u00e1rizsi t\u00e1rsadalom \u00e9s az erk\u00f6lcsi norm\u00e1k nagyon k\u00fcl\u00f6nb\u00f6ztek a maiakt\u00f3l, \u00e9s a h\u00e1zass\u00e1g \u00e9s a testi v\u00e1gy sem j\u00e1rt k\u00e9z a k\u00e9zben. Ha egy becs\u00fcletes feles\u00e9g megpr\u00f3b\u00e1lta f\u00e9rje v\u00e1gy\u00e1t maga fel\u00e9 ir\u00e1ny\u00edtani, k\u00f6nnyen mag\u00e1ra vonhatta annak el\u00e9gedetlens\u00e9g\u00e9t. Mert a p\u00e1rizsi f\u00e9rjek, ahelyett, hogy feles\u00e9g\u00fckkel \u00e9ltek volna szexu\u00e1lis \u00e9letet ink\u00e1bb sz\u00e9les k\u00f6rben a kokottok, vagy m\u00e1s sz\u00f3val a prostitu\u00e1ltak szolg\u00e1ltat\u00e1sait vett\u00e9k ig\u00e9nybe.<\/p>\n\n\n\n<h2 class=\"wp-block-heading\">Egy\u00e9rtelm\u0171 v\u00e1laszt\u00f3vonal volt a f\u00e9lvil\u00e1gi n\u0151k \u00e9s a feles\u00e9gek k\u00f6z\u00f6tt <\/h2>\n\n\n\n<p>Ut\u00f3bbiakat tisztelni kellett  \u00e9s csinos babak\u00e9nt kezelni, m\u00edg a prostitu\u00e1ltak voltak azok, akikkel a f\u00e9rfiak a szexu\u00e1lis \u00f6r\u00f6met kerest\u00e9k \u00e9s akik a szerelmi szenved\u00e9ly\u00fcket voltak hivatottak kiel\u00e9g\u00edteni. A burzso\u00e1 feles\u00e9gnek pedig sz\u00e9pen otthon kellett maradnia, \u00e9s gondoskodnia kellett a f\u00e9rfir\u00f3l, a csal\u00e1dr\u00f3l \u00e9s a h\u00e1ztart\u00e1sr\u00f3l. <\/p>\n\n\n\n<p>Abban az id\u0151ben a p\u00e1rizsi n\u0151k nem mehettek egyed\u00fcl k\u00e1v\u00e9z\u00f3ba vagy \u00e9tterembe an\u00e9lk\u00fcl, hogy ne kock\u00e1ztatt\u00e1k volna, hogy \u201efemme de petite vertu\u201d-nak (kis er\u00e9ny\u0171 n\u0151nek) tekints\u00e9k \u0151ket. Mindek\u00f6zben ezeken a helyeken gyakori volt a becs\u00fcletes f\u00e9rfiakat l\u00e1tv\u00e1nya kurtiz\u00e1nok t\u00e1rsas\u00e1g\u00e1ban, \u00e9s persze an\u00e9lk\u00fcl, hogy ez b\u00e1rkit kibillentett volna a lelki egyens\u00faly\u00e1b\u00f3l \u00e9s ez\u00e9rt titkolni kellett volna. De ez a jelens\u00e9g megfigyelhet\u0151 volt m\u00e1s nagyv\u00e1rosokban is, mint New York vagy Berlin&#8230; Akkor mi\u00e9rt pont P\u00e1rizs lett a szerelem f\u0151v\u00e1rosa?<\/p>\n\n\n\n<h2 class=\"wp-block-heading\">P\u00e1rizs \u00e9s a Haussmann-m\u0171vek <\/h2>\n\n\n\n<p>A 19. sz\u00e1zad v\u00e9g\u00e9re a francia f\u0151v\u00e1ros t\u00falzs\u00fafolt, piszkos, koszos volt \u00e9s hemzsegtek a betegs\u00e9gek \u00e9s a mindenf\u00e9le k\u00f3rs\u00e1gok. III.  Nap\u00f3leon cs\u00e1sz\u00e1r arra jutott, hogy P\u00e1rizsnak f\u00e9nyre, leveg\u0151re, tiszta v\u00edzre \u00e9s higi\u00e9ni\u00e1ra van sz\u00fcks\u00e9ge. Megb\u00edzta h\u00e1t Haussmann b\u00e1r\u00f3t, hogy tiszt\u00edtsa meg \u00e9s d\u00edsz\u00edtse fel P\u00e1rizst. Haussmann \u00e1trendezte a k\u00f6z\u00e9pkori P\u00e1rizsb\u00f3l megmaradt nyomornegyedek sz\u0171k utc\u00e1it \u00e9s kaotikus labirintus\u00e1t, led\u00f6nt\u00f6tt 12 000 \u00e9p\u00fcletet, helyet szabad\u00edtott fel az Opera Garnier \u00e9s a Les Halles piact\u00e9r sz\u00e1m\u00e1ra, \u00e9s \u00f6sszekapcsolta az \u00faj vas\u00fati termin\u00e1lokat hossz\u00fa, sz\u00e9les \u00e9s egyenes sug\u00e1r\u00fatakkal.  <\/p>\n\n\n\n<h2 class=\"wp-block-heading\"><strong>Ezek a sz\u00e9ps\u00e9ges \u00e9s l\u00e1tv\u00e1nyos sug\u00e1rutak remek helyeket k\u00edn\u00e1ltak a prostit\u00faci\u00f3ra v\u00e1gy\u00f3 f\u00e9rfin\u00e9pnek. <\/strong><\/h2>\n\n\n\n<p>A k\u00e1v\u00e9z\u00f3k \u00e9s \u00e9ttermek a kulin\u00e1ris turizmus \u00e9s a prostit\u00faci\u00f3 fontos helysz\u00ednei voltak. A prostit\u00faci\u00f3s tev\u00e9kenys\u00e9g az\u00e9rt is tudott feler\u0151s\u00f6dni, mert a kor P\u00e1rizs\u00e1ban nagy sz\u00e1mban \u00e9ltek egyed\u00fcl\u00e1ll\u00f3 f\u00e9rfiak: bev\u00e1ndorl\u00f3k, katon\u00e1k, di\u00e1kok \u00e9s egy\u00e9b munkav\u00e1llal\u00f3k. A Haussmann-terv a valaha volt legkiterjedtebb k\u00f6zmunkaprogram volt, amelynek k\u00f6vetkezt\u00e9ben P\u00e1rizs t\u00f6bb, mint 17 \u00e9vre egy hatalmas \u00e9p\u00edt\u00e9si ter\u00fclett\u00e9 v\u00e1ltozott. Ez pedig eg\u00e9sz Franciaorsz\u00e1gb\u00f3l \u00e9s Eur\u00f3p\u00e1b\u00f3l vonzotta a munk\u00e1sokat, akik f\u00e1raszt\u00f3 munkanapjuk ut\u00e1n sz\u00f3rakozni akartak. \u00c9s P\u00e1rizs k\u00e9pes volt kiel\u00e9g\u00edteni ezt a nagy \u201eszeretetig\u00e9nyt\u201d.<\/p>\n\n\n\n<figure class=\"wp-block-image size-full\"><img loading=\"lazy\" decoding=\"async\" width=\"622\" height=\"429\" src=\"https:\/\/www.francespiration.com\/wp-content\/uploads\/2024\/01\/kurizanok-parizs-szerelem-varosa.jpg\" alt=\"\" class=\"wp-image-1687\" srcset=\"https:\/\/www.francespiration.com\/wp-content\/uploads\/2024\/01\/kurizanok-parizs-szerelem-varosa.jpg 622w, https:\/\/www.francespiration.com\/wp-content\/uploads\/2024\/01\/kurizanok-parizs-szerelem-varosa-300x207.jpg 300w\" sizes=\"auto, (max-width: 622px) 100vw, 622px\" \/><figcaption class=\"wp-element-caption\">Fot\u00f3: Wikimedia<\/figcaption><\/figure>\n\n\n\n<h2 class=\"wp-block-heading\">Szexturizmus \u00fatik\u00f6nyvvel<\/h2>\n\n\n\n<p>A szexturizmus jelens\u00e9ge k\u00fcl\u00f6n\u00f6sen jelent\u0151s volt a vil\u00e1gki\u00e1ll\u00edt\u00e1sok \u00e9s m\u00e1s fontos p\u00e1rizsi v\u00e1s\u00e1rok idej\u00e9n, eg\u00e9szen addig a pontig, amikor a francia f\u0151v\u00e1rost m\u00e1r \u201eEur\u00f3pa bord\u00e9lyh\u00e1zak\u00e9nt\u201d ismert\u00e9k. A t\u00f6rt\u00e9n\u00e9szek 1878-ban 2650 hivatalos prostitu\u00e1ltat sz\u00e1molnak P\u00e1rizsban, 1900-ban pedig 6000 hivatalos prostitu\u00e1ltat! A vil\u00e1gki\u00e1ll\u00edt\u00e1sok k\u00f6rny\u00e9k\u00e9n jelentek meg P\u00e1rizs els\u0151 \u201eprostit\u00faci\u00f3s \u00fatik\u00f6nyvei\u201d, amelyeket k\u00fcl\u00f6nb\u00f6z\u0151 nyelvekre ford\u00edtottak le. Ezek a kis k\u00f6nyvek kiz\u00e1r\u00f3lag f\u00e9rfiak sz\u00e1m\u00e1ra k\u00e9sz\u00fcltek \u00e9s csak olyan sz\u00f3rakoz\u00e1si helyeket jel\u00f6ltek meg, ahov\u00e1 a f\u00e9rfi feles\u00e9g\u00e9vel \u00e9s gyermekeivel nem l\u00e1togathatott el. <\/p>\n\n\n\n<p>A h\u00edres p\u00e1rizsi bord\u00e9lyok, m\u00e1s n\u00e9ven \u201emaisons closes\u201d list\u00e1j\u00e1n szerepelt a Le Chabanais, a La Fleur Blanche (ami h\u00edres \u201ek\u00ednz\u00f3szob\u00e1j\u00e1r\u00f3l\u201d volt ismert), a L&#8217; \u00c9toile de Kl\u00e9ber, One-Two-Two, a Le Sphinx \u00e9s a Raspoutine. A \u201emaisons d&#8217;abattage\u201d (magyarul: v\u00e1g\u00f3hidak) becen\u00e9v szint\u00e9n egy n\u00e9pszer\u0171 bord\u00e9lyt\u00edpusra utalt.  Az \u00fcgyfelek itt sorsz\u00e1mozott jegyeket vettek \u00e9s sorba \u00e1lltak. A legh\u00edresebb maison d&#8217;abbattage a Le Fourcy, a Lanterne Verte \u00e9s a Le Moulin Galant volt. Ezeken a helyeken a prostitu\u00e1ltak naponta 60-100 \u00fcgyfelet szolg\u00e1ltak ki.  Term\u00e9szetesen a francia korm\u00e1ny tagjai is l\u00e1togat\u00e1st tettek n\u00e9ha a Le Chabanais-ba, s\u0151t olykor fontos k\u00fclf\u00f6ldi \u00e1llami vend\u00e9geket programj\u00e1ba is belefoglalt\u00e1k az ide t\u00f6rt\u00e9n\u0151 l\u00e1togat\u00e1st &#8211; persze gondosan m\u00e1s programnak \u00e1lc\u00e1zva. <\/p>\n\n\n\n<p>Szerencs\u00e9re id\u0151vel a p\u00e1rizsi n\u0151k t\u00e1rsadalmi felemelked\u00e9se lehet\u0151v\u00e9 tette, hogy a F\u00e9ny V\u00e1rosa az \u201eEur\u00f3pai bord\u00e9lyh\u00e1zb\u00f3l\u201d egyszercsak romantikus v\u00e1ross\u00e1 v\u00e1ljon. Ahogy a n\u0151k emancip\u00e1l\u00f3dni kezdtek, \u00e9s ben\u00e9pes\u00edtett\u00e9k a nyilv\u00e1nos helyeket, mint a k\u00e1v\u00e9z\u00f3k vagy \u00e9ttermek, \u00e9s m\u00e1r jogukban \u00e1llt szerelemb\u0151l h\u00e1zasodni a szexu\u00e1lis \u00e9let sz\u00edntere is \u00e1thelyez\u0151d\u00f6tt a h\u00e1l\u00f3szob\u00e1ba. <\/p>\n","protected":false},"excerpt":{"rendered":"<p>Ha v\u00e9gigs\u00e9t\u00e1lunk a Szajna partj\u00e1n, a Montmartre utc\u00e1in vagy az Eiffel-torony k\u00f6rny\u00e9k\u00e9n, mindenhol szerelmesp\u00e1rokat l\u00e1tunk. V\u00e9g\u00fcl is ez P\u00e1rizs, a szerelem v\u00e1rosa. Az utaz\u00e1si irod\u00e1k gondosan fenn is tartj\u00e1k P\u00e1rizs szerelmes k\u00e9p\u00e9t, \u00edgy h\u00e1t nem csoda, hogy a romantikus kiruccan\u00e1sok egyik legismertebb \u00fatic\u00e9lja &#8211; j\u00f3llehet egy \u00e9vsz\u00e1zaddal ezel\u0151tt P\u00e1rizs nem \u00e9ppen az \u0151szinte szerelemr\u0151l volt [&hellip;]<\/p>\n","protected":false},"author":1,"featured_media":1686,"comment_status":"open","ping_status":"open","sticky":false,"template":"","format":"standard","meta":{"footnotes":""},"categories":[27,29],"tags":[47,86,85],"class_list":["post-1683","post","type-post","status-publish","format-standard","has-post-thumbnail","hentry","category-elet","category-kultura","tag-parizs","tag-romantika","tag-szerelem"],"yoast_head":"<!-- This site is optimized with the Yoast SEO plugin v20.13 - https:\/\/yoast.com\/wordpress\/plugins\/seo\/ -->\n<title>\u00cdgy lett P\u00e1rizs a szerelem v\u00e1rosa - Francespiration<\/title>\n<meta name=\"description\" content=\"P\u00e1rizs r\u00e9g\u00f3ta viseli a szerelem v\u00e1rosa c\u00edmet, de hogyan kapta ezt a romantikus c\u00edmet \u00e9s hogyan lett a szerelem v\u00e1rosa az nagyon \u00e9rdekes.\" \/>\n<meta name=\"robots\" content=\"index, follow, max-snippet:-1, max-image-preview:large, max-video-preview:-1\" \/>\n<link rel=\"canonical\" href=\"https:\/\/www.francespiration.com\/index.php\/2024\/01\/05\/igy-lett-parizs-a-szerelem-varosa\/\" \/>\n<meta property=\"og:locale\" content=\"hu_HU\" \/>\n<meta property=\"og:type\" content=\"article\" \/>\n<meta property=\"og:title\" content=\"\u00cdgy lett P\u00e1rizs a szerelem v\u00e1rosa - Francespiration\" \/>\n<meta property=\"og:description\" content=\"P\u00e1rizs r\u00e9g\u00f3ta viseli a szerelem v\u00e1rosa c\u00edmet, de hogyan kapta ezt a romantikus c\u00edmet \u00e9s hogyan lett a szerelem v\u00e1rosa az nagyon \u00e9rdekes.\" \/>\n<meta property=\"og:url\" content=\"https:\/\/www.francespiration.com\/index.php\/2024\/01\/05\/igy-lett-parizs-a-szerelem-varosa\/\" \/>\n<meta property=\"og:site_name\" content=\"Francespiration\" \/>\n<meta property=\"article:published_time\" content=\"2024-01-05T09:18:43+00:00\" \/>\n<meta property=\"article:modified_time\" content=\"2024-01-08T14:23:17+00:00\" \/>\n<meta property=\"og:image\" content=\"https:\/\/www.francespiration.com\/wp-content\/uploads\/2024\/01\/parizs-szerelem-varosa.jpg\" \/>\n\t<meta property=\"og:image:width\" content=\"2121\" \/>\n\t<meta property=\"og:image:height\" content=\"1414\" \/>\n\t<meta property=\"og:image:type\" content=\"image\/jpeg\" \/>\n<meta name=\"author\" content=\"Sz\u00f6ll\u0151si T\u00edmea\" \/>\n<meta name=\"twitter:card\" content=\"summary_large_image\" \/>\n<meta name=\"twitter:label1\" content=\"Szerz\u0151:\" \/>\n\t<meta name=\"twitter:data1\" content=\"Sz\u00f6ll\u0151si T\u00edmea\" \/>\n\t<meta name=\"twitter:label2\" content=\"Becs\u00fclt olvas\u00e1si id\u0151\" \/>\n\t<meta name=\"twitter:data2\" content=\"4 perc\" \/>\n<script type=\"application\/ld+json\" class=\"yoast-schema-graph\">{\"@context\":\"https:\/\/schema.org\",\"@graph\":[{\"@type\":\"Article\",\"@id\":\"https:\/\/www.francespiration.com\/index.php\/2024\/01\/05\/igy-lett-parizs-a-szerelem-varosa\/#article\",\"isPartOf\":{\"@id\":\"https:\/\/www.francespiration.com\/index.php\/2024\/01\/05\/igy-lett-parizs-a-szerelem-varosa\/\"},\"author\":{\"name\":\"Sz\u00f6ll\u0151si T\u00edmea\",\"@id\":\"https:\/\/www.francespiration.com\/#\/schema\/person\/83f3dc20d791bfb54664f7e0287501fa\"},\"headline\":\"\u00cdgy lett P\u00e1rizs a szerelem v\u00e1rosa\",\"datePublished\":\"2024-01-05T09:18:43+00:00\",\"dateModified\":\"2024-01-08T14:23:17+00:00\",\"mainEntityOfPage\":{\"@id\":\"https:\/\/www.francespiration.com\/index.php\/2024\/01\/05\/igy-lett-parizs-a-szerelem-varosa\/\"},\"wordCount\":1095,\"commentCount\":0,\"publisher\":{\"@id\":\"https:\/\/www.francespiration.com\/#organization\"},\"keywords\":[\"p\u00e1rizs\",\"romantika\",\"szerelem\"],\"articleSection\":[\"\u00c9LET\",\"KULT\u00daRA\"],\"inLanguage\":\"hu\",\"potentialAction\":[{\"@type\":\"CommentAction\",\"name\":\"Comment\",\"target\":[\"https:\/\/www.francespiration.com\/index.php\/2024\/01\/05\/igy-lett-parizs-a-szerelem-varosa\/#respond\"]}]},{\"@type\":\"WebPage\",\"@id\":\"https:\/\/www.francespiration.com\/index.php\/2024\/01\/05\/igy-lett-parizs-a-szerelem-varosa\/\",\"url\":\"https:\/\/www.francespiration.com\/index.php\/2024\/01\/05\/igy-lett-parizs-a-szerelem-varosa\/\",\"name\":\"\u00cdgy lett P\u00e1rizs a szerelem v\u00e1rosa - Francespiration\",\"isPartOf\":{\"@id\":\"https:\/\/www.francespiration.com\/#website\"},\"datePublished\":\"2024-01-05T09:18:43+00:00\",\"dateModified\":\"2024-01-08T14:23:17+00:00\",\"description\":\"P\u00e1rizs r\u00e9g\u00f3ta viseli a szerelem v\u00e1rosa c\u00edmet, de hogyan kapta ezt a romantikus c\u00edmet \u00e9s hogyan lett a szerelem v\u00e1rosa az nagyon \u00e9rdekes.\",\"breadcrumb\":{\"@id\":\"https:\/\/www.francespiration.com\/index.php\/2024\/01\/05\/igy-lett-parizs-a-szerelem-varosa\/#breadcrumb\"},\"inLanguage\":\"hu\",\"potentialAction\":[{\"@type\":\"ReadAction\",\"target\":[\"https:\/\/www.francespiration.com\/index.php\/2024\/01\/05\/igy-lett-parizs-a-szerelem-varosa\/\"]}]},{\"@type\":\"BreadcrumbList\",\"@id\":\"https:\/\/www.francespiration.com\/index.php\/2024\/01\/05\/igy-lett-parizs-a-szerelem-varosa\/#breadcrumb\",\"itemListElement\":[{\"@type\":\"ListItem\",\"position\":1,\"name\":\"Kezd\u0151lap\",\"item\":\"https:\/\/www.francespiration.com\/\"},{\"@type\":\"ListItem\",\"position\":2,\"name\":\"\u00cdgy lett P\u00e1rizs a szerelem v\u00e1rosa\"}]},{\"@type\":\"WebSite\",\"@id\":\"https:\/\/www.francespiration.com\/#website\",\"url\":\"https:\/\/www.francespiration.com\/\",\"name\":\"Francespiration\",\"description\":\"Just another WordPress site\",\"publisher\":{\"@id\":\"https:\/\/www.francespiration.com\/#organization\"},\"potentialAction\":[{\"@type\":\"SearchAction\",\"target\":{\"@type\":\"EntryPoint\",\"urlTemplate\":\"https:\/\/www.francespiration.com\/?s={search_term_string}\"},\"query-input\":\"required name=search_term_string\"}],\"inLanguage\":\"hu\"},{\"@type\":\"Organization\",\"@id\":\"https:\/\/www.francespiration.com\/#organization\",\"name\":\"Francespiration\",\"url\":\"https:\/\/www.francespiration.com\/\",\"logo\":{\"@type\":\"ImageObject\",\"inLanguage\":\"hu\",\"@id\":\"https:\/\/www.francespiration.com\/#\/schema\/logo\/image\/\",\"url\":\"https:\/\/www.francespiration.com\/wp-content\/uploads\/2022\/09\/4d-also-scaled.jpg\",\"contentUrl\":\"https:\/\/www.francespiration.com\/wp-content\/uploads\/2022\/09\/4d-also-scaled.jpg\",\"width\":2560,\"height\":913,\"caption\":\"Francespiration\"},\"image\":{\"@id\":\"https:\/\/www.francespiration.com\/#\/schema\/logo\/image\/\"}},{\"@type\":\"Person\",\"@id\":\"https:\/\/www.francespiration.com\/#\/schema\/person\/83f3dc20d791bfb54664f7e0287501fa\",\"name\":\"Sz\u00f6ll\u0151si T\u00edmea\",\"image\":{\"@type\":\"ImageObject\",\"inLanguage\":\"hu\",\"@id\":\"https:\/\/www.francespiration.com\/#\/schema\/person\/image\/\",\"url\":\"https:\/\/secure.gravatar.com\/avatar\/1fd2e7bebd99ada3a170be066229da8dce9b7f9ba3748e0b659e39e5f31eb56a?s=96&d=mm&r=g\",\"contentUrl\":\"https:\/\/secure.gravatar.com\/avatar\/1fd2e7bebd99ada3a170be066229da8dce9b7f9ba3748e0b659e39e5f31eb56a?s=96&d=mm&r=g\",\"caption\":\"Sz\u00f6ll\u0151si T\u00edmea\"},\"sameAs\":[\"https:\/\/www.francespiration.com\"],\"url\":\"https:\/\/www.francespiration.com\/index.php\/author\/szollotimi\/\"}]}<\/script>\n<!-- \/ Yoast SEO plugin. -->","yoast_head_json":{"title":"\u00cdgy lett P\u00e1rizs a szerelem v\u00e1rosa - Francespiration","description":"P\u00e1rizs r\u00e9g\u00f3ta viseli a szerelem v\u00e1rosa c\u00edmet, de hogyan kapta ezt a romantikus c\u00edmet \u00e9s hogyan lett a szerelem v\u00e1rosa az nagyon \u00e9rdekes.","robots":{"index":"index","follow":"follow","max-snippet":"max-snippet:-1","max-image-preview":"max-image-preview:large","max-video-preview":"max-video-preview:-1"},"canonical":"https:\/\/www.francespiration.com\/index.php\/2024\/01\/05\/igy-lett-parizs-a-szerelem-varosa\/","og_locale":"hu_HU","og_type":"article","og_title":"\u00cdgy lett P\u00e1rizs a szerelem v\u00e1rosa - Francespiration","og_description":"P\u00e1rizs r\u00e9g\u00f3ta viseli a szerelem v\u00e1rosa c\u00edmet, de hogyan kapta ezt a romantikus c\u00edmet \u00e9s hogyan lett a szerelem v\u00e1rosa az nagyon \u00e9rdekes.","og_url":"https:\/\/www.francespiration.com\/index.php\/2024\/01\/05\/igy-lett-parizs-a-szerelem-varosa\/","og_site_name":"Francespiration","article_published_time":"2024-01-05T09:18:43+00:00","article_modified_time":"2024-01-08T14:23:17+00:00","og_image":[{"width":2121,"height":1414,"url":"https:\/\/www.francespiration.com\/wp-content\/uploads\/2024\/01\/parizs-szerelem-varosa.jpg","type":"image\/jpeg"}],"author":"Sz\u00f6ll\u0151si T\u00edmea","twitter_card":"summary_large_image","twitter_misc":{"Szerz\u0151:":"Sz\u00f6ll\u0151si T\u00edmea","Becs\u00fclt olvas\u00e1si id\u0151":"4 perc"},"schema":{"@context":"https:\/\/schema.org","@graph":[{"@type":"Article","@id":"https:\/\/www.francespiration.com\/index.php\/2024\/01\/05\/igy-lett-parizs-a-szerelem-varosa\/#article","isPartOf":{"@id":"https:\/\/www.francespiration.com\/index.php\/2024\/01\/05\/igy-lett-parizs-a-szerelem-varosa\/"},"author":{"name":"Sz\u00f6ll\u0151si T\u00edmea","@id":"https:\/\/www.francespiration.com\/#\/schema\/person\/83f3dc20d791bfb54664f7e0287501fa"},"headline":"\u00cdgy lett P\u00e1rizs a szerelem v\u00e1rosa","datePublished":"2024-01-05T09:18:43+00:00","dateModified":"2024-01-08T14:23:17+00:00","mainEntityOfPage":{"@id":"https:\/\/www.francespiration.com\/index.php\/2024\/01\/05\/igy-lett-parizs-a-szerelem-varosa\/"},"wordCount":1095,"commentCount":0,"publisher":{"@id":"https:\/\/www.francespiration.com\/#organization"},"keywords":["p\u00e1rizs","romantika","szerelem"],"articleSection":["\u00c9LET","KULT\u00daRA"],"inLanguage":"hu","potentialAction":[{"@type":"CommentAction","name":"Comment","target":["https:\/\/www.francespiration.com\/index.php\/2024\/01\/05\/igy-lett-parizs-a-szerelem-varosa\/#respond"]}]},{"@type":"WebPage","@id":"https:\/\/www.francespiration.com\/index.php\/2024\/01\/05\/igy-lett-parizs-a-szerelem-varosa\/","url":"https:\/\/www.francespiration.com\/index.php\/2024\/01\/05\/igy-lett-parizs-a-szerelem-varosa\/","name":"\u00cdgy lett P\u00e1rizs a szerelem v\u00e1rosa - Francespiration","isPartOf":{"@id":"https:\/\/www.francespiration.com\/#website"},"datePublished":"2024-01-05T09:18:43+00:00","dateModified":"2024-01-08T14:23:17+00:00","description":"P\u00e1rizs r\u00e9g\u00f3ta viseli a szerelem v\u00e1rosa c\u00edmet, de hogyan kapta ezt a romantikus c\u00edmet \u00e9s hogyan lett a szerelem v\u00e1rosa az nagyon \u00e9rdekes.","breadcrumb":{"@id":"https:\/\/www.francespiration.com\/index.php\/2024\/01\/05\/igy-lett-parizs-a-szerelem-varosa\/#breadcrumb"},"inLanguage":"hu","potentialAction":[{"@type":"ReadAction","target":["https:\/\/www.francespiration.com\/index.php\/2024\/01\/05\/igy-lett-parizs-a-szerelem-varosa\/"]}]},{"@type":"BreadcrumbList","@id":"https:\/\/www.francespiration.com\/index.php\/2024\/01\/05\/igy-lett-parizs-a-szerelem-varosa\/#breadcrumb","itemListElement":[{"@type":"ListItem","position":1,"name":"Kezd\u0151lap","item":"https:\/\/www.francespiration.com\/"},{"@type":"ListItem","position":2,"name":"\u00cdgy lett P\u00e1rizs a szerelem v\u00e1rosa"}]},{"@type":"WebSite","@id":"https:\/\/www.francespiration.com\/#website","url":"https:\/\/www.francespiration.com\/","name":"Francespiration","description":"Just another WordPress site","publisher":{"@id":"https:\/\/www.francespiration.com\/#organization"},"potentialAction":[{"@type":"SearchAction","target":{"@type":"EntryPoint","urlTemplate":"https:\/\/www.francespiration.com\/?s={search_term_string}"},"query-input":"required name=search_term_string"}],"inLanguage":"hu"},{"@type":"Organization","@id":"https:\/\/www.francespiration.com\/#organization","name":"Francespiration","url":"https:\/\/www.francespiration.com\/","logo":{"@type":"ImageObject","inLanguage":"hu","@id":"https:\/\/www.francespiration.com\/#\/schema\/logo\/image\/","url":"https:\/\/www.francespiration.com\/wp-content\/uploads\/2022\/09\/4d-also-scaled.jpg","contentUrl":"https:\/\/www.francespiration.com\/wp-content\/uploads\/2022\/09\/4d-also-scaled.jpg","width":2560,"height":913,"caption":"Francespiration"},"image":{"@id":"https:\/\/www.francespiration.com\/#\/schema\/logo\/image\/"}},{"@type":"Person","@id":"https:\/\/www.francespiration.com\/#\/schema\/person\/83f3dc20d791bfb54664f7e0287501fa","name":"Sz\u00f6ll\u0151si T\u00edmea","image":{"@type":"ImageObject","inLanguage":"hu","@id":"https:\/\/www.francespiration.com\/#\/schema\/person\/image\/","url":"https:\/\/secure.gravatar.com\/avatar\/1fd2e7bebd99ada3a170be066229da8dce9b7f9ba3748e0b659e39e5f31eb56a?s=96&d=mm&r=g","contentUrl":"https:\/\/secure.gravatar.com\/avatar\/1fd2e7bebd99ada3a170be066229da8dce9b7f9ba3748e0b659e39e5f31eb56a?s=96&d=mm&r=g","caption":"Sz\u00f6ll\u0151si T\u00edmea"},"sameAs":["https:\/\/www.francespiration.com"],"url":"https:\/\/www.francespiration.com\/index.php\/author\/szollotimi\/"}]}},"_links":{"self":[{"href":"https:\/\/www.francespiration.com\/index.php\/wp-json\/wp\/v2\/posts\/1683","targetHints":{"allow":["GET"]}}],"collection":[{"href":"https:\/\/www.francespiration.com\/index.php\/wp-json\/wp\/v2\/posts"}],"about":[{"href":"https:\/\/www.francespiration.com\/index.php\/wp-json\/wp\/v2\/types\/post"}],"author":[{"embeddable":true,"href":"https:\/\/www.francespiration.com\/index.php\/wp-json\/wp\/v2\/users\/1"}],"replies":[{"embeddable":true,"href":"https:\/\/www.francespiration.com\/index.php\/wp-json\/wp\/v2\/comments?post=1683"}],"version-history":[{"count":6,"href":"https:\/\/www.francespiration.com\/index.php\/wp-json\/wp\/v2\/posts\/1683\/revisions"}],"predecessor-version":[{"id":1699,"href":"https:\/\/www.francespiration.com\/index.php\/wp-json\/wp\/v2\/posts\/1683\/revisions\/1699"}],"wp:featuredmedia":[{"embeddable":true,"href":"https:\/\/www.francespiration.com\/index.php\/wp-json\/wp\/v2\/media\/1686"}],"wp:attachment":[{"href":"https:\/\/www.francespiration.com\/index.php\/wp-json\/wp\/v2\/media?parent=1683"}],"wp:term":[{"taxonomy":"category","embeddable":true,"href":"https:\/\/www.francespiration.com\/index.php\/wp-json\/wp\/v2\/categories?post=1683"},{"taxonomy":"post_tag","embeddable":true,"href":"https:\/\/www.francespiration.com\/index.php\/wp-json\/wp\/v2\/tags?post=1683"}],"curies":[{"name":"wp","href":"https:\/\/api.w.org\/{rel}","templated":true}]}}