{"id":1700,"date":"2024-01-09T15:34:35","date_gmt":"2024-01-09T15:34:35","guid":{"rendered":"https:\/\/www.francespiration.com\/?p=1700"},"modified":"2024-01-10T09:08:53","modified_gmt":"2024-01-10T09:08:53","slug":"6-tipp-hogyan-elj-ugy-mint-a-franciak","status":"publish","type":"post","link":"https:\/\/www.francespiration.com\/index.php\/2024\/01\/09\/6-tipp-hogyan-elj-ugy-mint-a-franciak\/","title":{"rendered":"6 tipp, hogyan \u00e9lj \u00fagy, mint a franci\u00e1k"},"content":{"rendered":"\n<p><strong>Franciaorsz\u00e1gban az \u00e9let nem a munka, a p\u00e9nz vagy a legszebb \u00e9s legdr\u00e1g\u00e1bb dolgok k\u00f6r\u00fcl forog. A francia \u00e9letst\u00edlus arr\u00f3l sz\u00f3l, hogy \u00e9lvezz\u00fck az \u00e9let legjobb pillanatait, legyen sz\u00f3 t\u00e1rsas\u00e1gi \u00f6sszej\u00f6vetelekr\u0151l (az \u201eap\u00e9rokkal\u201d), francia konyh\u00e1r\u00f3l, m\u0171v\u00e9szetr\u0151l vagy filoz\u00f3fi\u00e1r\u00f3l. Arr\u00f3l, hogy a jelen pillanatban \u00e9lj\u00fcnk, \u00e9s az \u00e9let legt\u00f6bb dolg\u00e1ban megtal\u00e1ljuk az el\u00e9gedetts\u00e9get.<\/strong><\/p>\n\n\n\n<!--more-->\n\n\n\n<p>Milyen a tipikus francia \u00e9letm\u00f3d? Hogyan \u00e9lvezik a franci\u00e1k az \u00e9letet? Ha a k\u00f6vetkez\u0151ket elolvasod, m\u00e1r tudni is fogod, hogyan \u00e9lj \u00fagy, mint a franci\u00e1k:<\/p>\n\n\n\n<h2 class=\"wp-block-heading\">Legy\u00e9l \u201efl\u00e2neur\u201d <\/h2>\n\n\n\n<p>\u201eFl\u00e2ner\u201d, amit szinte \u00fagy is lehetne ford\u00edtani, hogy \u201es\u00e9t\u00e1lni\u201d vagy \u201epihenni\u201d, annyira francia fogalom, hogy a sz\u00f3nak m\u00e1s nyelven nincs igazi megfelel\u0151je. A fl\u00e2neur az a valaki, aki a jelenben gy\u00f6kerezve v\u00e1ndorol egy v\u00e1roson kereszt\u00fcl an\u00e9lk\u00fcl, hogy c\u00e9lt t\u0171zne ki, de vil\u00e1gos c\u00e9lja van: filoz\u00f3fiai m\u00f3don megfigyelni a vil\u00e1got. Ezt a francia kifejez\u00e9st a 19. sz\u00e1zadi francia pr\u00f3zak\u00f6lt\u0151 \u00e9s essz\u00e9ista Charles Baudelaire haszn\u00e1lta, hogy \u00edgy jellemezte a modern v\u00e1rosi \u00e9letet megfigyel\u0151, szeml\u00e9l\u0151d\u0151 embert. <\/p>\n\n\n\n<p>Az 1863-ban megjelent \u201eLe Peintre de la vie moderne\u201d (A modern \u00e9let fest\u0151je) c\u00edm\u0171 m\u0171v\u00e9ben Charles Baudelaire ezt \u00edrta: \u201eA t\u00f6k\u00e9letes flaneur, a szenved\u00e9lyes n\u00e9z\u0151 sz\u00e1m\u00e1ra \u00f3ri\u00e1si \u00f6r\u00f6m h\u00e1zat \u00e1ll\u00edtani a sokas\u00e1g sz\u00edv\u00e9ben. , a mozg\u00e1s dag\u00e1lya \u00e9s dag\u00e1lya k\u00f6zepette, a sz\u00f6kev\u00e9ny \u00e9s a v\u00e9gtelen k\u00f6z\u00f6tt\u201d. P\u00e1rizs manaps\u00e1g ide\u00e1lis v\u00e1ros egy fl\u00e2neur sz\u00e1m\u00e1ra. K\u00e1v\u00e9z\u00f3teraszaival t\u00f6k\u00e9letes v\u00e1ros az emberek \u00e9s a minket k\u00f6r\u00fclvev\u0151 vil\u00e1g megfigyel\u00e9s\u00e9re.<\/p>\n\n\n\n<h2 class=\"wp-block-heading\">L\u00e9gy a diszkr\u00e9ci\u00f3 mestere <\/h2>\n\n\n\n<p>A franci\u00e1k nagyon visszafogottak; nem mosolyognak t\u00fal sokat, nem besz\u00e9lnek t\u00fal hangosan, \u00e9s nem mutatnak t\u00fal nagy izgalmat vagy lelkesed\u00e9st. Nem akarj\u00e1k, hogy a vil\u00e1g l\u00e1ssa \u00e9s hallja \u0151ket. \u00c9s azt hiszem, a francia \u00e9letm\u00f3d mantr\u00e1j\u00e1t \u00edgy lehetne \u00f6sszefoglalni Jean-Pierre Claris de Florian francia k\u00f6lt\u0151, reg\u00e9ny\u00edr\u00f3 szavaival: \u201ePour vivre heureux, vivons cach\u00e9s&#8221; vagyis \u201eAhogy, hogy boldogan \u00e9lj, \u00e9lj rejtve\u201d. Ez azt jelenti, hogy a boldogs\u00e1g az al\u00e1zatos \u00e9s szer\u00e9ny \u00e9letben rejlik, m\u00e9g akkor is, ha \u00e1t\u00fct\u0151 sikereket \u00e9r\u00fcnk el. A vil\u00e1gban val\u00f3 ragyog\u00e1snak vagy sikernek \u00e1ra van; gondoljunk csak azokra az \u00e9rzelmekre, amelyek m\u00e1sokban felmer\u00fclhetnek: f\u00e9lt\u00e9kenys\u00e9g, irigys\u00e9g&#8230; amelyek egy\u00e9bk\u00e9nt norm\u00e1lis emberi \u00e9rzelmek. Persze ez nem jelenti azt, hogy nem \u00e9lhetj\u00fck \u00fagy az \u00e9letet, ahogy szeretn\u00e9nk. De nem kell dicsekedni vagy t\u00fal sokat megosztani az \u00e9let\u00fcnkb\u0151l. Ink\u00e1bb azt jelenti, hogy tiszteletben tartjuk azokat, akiknek nincsenek olyan lehet\u0151s\u00e9geik \u00e9s es\u00e9lyeink, mint nek\u00fcnk.<\/p>\n\n\n\n<h2 class=\"wp-block-heading\">Mer\u00fclj el a filoz\u00f3fi\u00e1ban<\/h2>\n\n\n\n<p>A filoz\u00f3fia a kora \u00fajkor \u00f3ta jelent\u0151s szerepet j\u00e1tszik a francia kult\u00far\u00e1ban. A filoz\u00f3fusok form\u00e1lt\u00e1k a felvil\u00e1gosod\u00e1s eszm\u00e9it, Voltaire, Rousseau, Montesquieu \u00e9s Diderot jelent\u0151s szerepet j\u00e1tszottak az 1789-es francia forradalomban. Felfedt\u00e9k az uralkod\u00f3 \u00e9s korm\u00e1nya tehetetlens\u00e9g\u00e9t, \u00e9s arra \u00f6szt\u00f6n\u00f6zt\u00e9k az embereket, hogy harcoljanak az egyh\u00e1z kiv\u00e1lts\u00e1gai \u00e9s p\u00e9nz\u00fcgyei ellen. \u00dagy gondolt\u00e1k, hogy az ismeretek terjeszt\u00e9se az \u00e9let minden ter\u00fclet\u00e9n reformokra \u00f6szt\u00f6n\u00f6z. A francia filoz\u00f3fia alapvet\u0151 eleme az intellektu\u00e1lis szabads\u00e1g: a saj\u00e1t \u00e9sz haszn\u00e1lat\u00e1nak szabads\u00e1ga. Manaps\u00e1g a filoz\u00f3fia minden francia iskola di\u00e1kja sz\u00e1m\u00e1ra k\u00f6telez\u0151 tant\u00e1rgy.<\/p>\n\n\n\n<h2 class=\"wp-block-heading\">Legy\u00e9l a besz\u00e9lget\u00e9s m\u0171v\u00e9sze<\/h2>\n\n\n\n<p>Legyen sz\u00f3 egy vacsorapartir\u00f3l vagy egy k\u00e1v\u00e9z\u00f3r\u00f3l, a franci\u00e1k szeretnek vitatkozni \u2013 m\u00e9g akkor is, ha ez n\u00e9ha nagy vit\u00e1khoz vezet. Egyetlen k\u00e9rd\u00e9s sem lehet t\u00fal jelent\u00e9ktelen a megvitat\u00e1shoz. Franciaorsz\u00e1gban a vita minden t\u00edpus\u00fa t\u00e9m\u00e1t lefedhet kezdve a t\u00e1rsadalmi, politikai vagy vall\u00e1si t\u00e9m\u00e1kt\u00f3l. A vitatkoz\u00e1st m\u00e1r  az iskol\u00e1ban tanulj\u00e1k. A francia gyerekek essz\u00e9\u00edr\u00e1s sor\u00e1n megtanulnak \u00e9rvelni egy t\u00e9zis, antit\u00e9zis \u00e9s szint\u00e9zis mellett. Ez megtan\u00edtja \u0151ket arra, hogy \u00e9rveljenek \u00e1ll\u00e1spontjuk mellett \u00e9s saj\u00e1t \u00e9rvel\u00e9s\u00fck ellen. De nem el\u00e9g tudni, hogyan kell vitatkozni \u00e9s szembesz\u00e1llni a besz\u00e9lget\u0151partnerek gondolataival. K\u00f6nnyed\u00e9n \u00e9s karizmatikusan, gondosan megv\u00e1lasztott hangon \u00e9s testtart\u00e1son alapul\u00f3 sz\u00f3noki technik\u00e1kkal kell \u00e9lni, amelyeket \u201eaz \u00e9kessz\u00f3l\u00e1s m\u0171v\u00e9szet\u00e9nek\u201d neveznek. Ezeket a technik\u00e1kat az egyetemen \u00e9s a \u201egrandes \u00e9coles\u201d-ban (\u00fczleti iskol\u00e1kban) saj\u00e1t\u00edtj\u00e1k el. \u00c9vente sz\u00e1mos egyetem rendezi meg a \u201eConcours d&#8217;\u00e9loquence\u201d-t, amelyek k\u00f6z\u00fcl a legrangosabbak k\u00f6z\u00e9 tartozik a La Sorbonne-i Concours international d&#8217;\u00e9loquence \u00e9s a \u201eLe Prix Mirabeau\u201d, ami egy nyilv\u00e1nos besz\u00e9dverseny t\u00edz francia politikai tanulm\u00e1nyokat hallgat\u00f3 egyetem di\u00e1kjainak r\u00e9szv\u00e9tel\u00e9vel.<\/p>\n\n\n\n<h2 class=\"wp-block-heading\">Mondd min\u00e9l gyakrabban azt, hogy \u201eNon\u201d<\/h2>\n\n\n\n<p>A franci\u00e1knak t\u00f6bbf\u00e9le m\u00f3djuk van arra hogyan mondjanak nemet. N\u00e9ha egyenesen \u00fagy \u00e9rezhetj\u00fck,  hogy szinte minden k\u00e9rd\u00e9sre &#8222;nem&#8221; a v\u00e1laszuk. Mi\u00e9rt van ez? Mert a franci\u00e1k egy igazi tiltakoz\u00f3 n\u00e9p, gondoljunk csak az 1789-es francia forradalomra, az 1968. m\u00e1jusi esem\u00e9nyekre, vagy a k\u00fcl\u00f6nb\u00f6z\u0151 \u00e9s s\u0171r\u0171n el\u0151fordul\u00f3 sztr\u00e1jkokra. Egy tiltakoz\u00e1s is mindig \u201enem\u201d-el kezd\u0151dik. Ez azonban nem jelenti azt, hogy a franci\u00e1k alapvet\u0151en negat\u00edvak lenn\u00e9nek, \u00e9s nemet mondani valljuk be, egy\u00e1ltal\u00e1n nem rossz. A nemet mond\u00e1s elsaj\u00e1t\u00edt\u00e1sa hat\u00e9kony eszk\u00f6z lehet a tisztelet kiv\u00edv\u00e1s\u00e1ra, a sz\u00fcks\u00e9gletek rangsorol\u00e1s\u00e1ra \u00e9s a megfelel\u0151 hat\u00e1rok megh\u00faz\u00e1s\u00e1ra. Ha t\u00fal sok mindenre igent mondva pr\u00f3b\u00e1lunk mindenkinek a kedv\u00e9be j\u00e1rni, akkor hat\u00e1rozottan stresszesnek, t\u00falterheltnek \u00e9s neheztel\u0151nek \u00e9rezhetj\u00fck magunkat.<\/p>\n\n\n\n<h2 class=\"wp-block-heading\">Tanulm\u00e1nyozd a francia kulin\u00e1ri\u00e1t<\/h2>\n\n\n\n<p>A francia konyha sokak szerint a vil\u00e1g legrangosabb \u00e9s legtekint\u00e9lyesebb konyh\u00e1ja. A francia gasztron\u00f3mi\u00e1t m\u00e9g az UNESCO is az emberis\u00e9g szellemi \u00e9s kultur\u00e1lis \u00f6r\u00f6ks\u00e9gek\u00e9nt sorolta be. \u00c9s ez nem is csoda, hiszen a francia konyha ihlet\u0151je a k\u00f6z\u00e9pkorig vezethet\u0151 vissza, \u00e9s a fogalom XIV. Lajos uralkod\u00e1sa alatt v\u00e1lt meghat\u00e1roz\u00f3v\u00e1. Az els\u0151 francia szak\u00e1csk\u00f6nyvet Le Cuisinier Francois c\u00edmmel Francois Pierre La Varenne \u00edrta 1651-ben. Az \u00e9tkez\u00e9sek ekkoriban sz\u00ednpadiass\u00e1 v\u00e1ltak, egy \u201ema\u00eetre d&#8217;hotel\u201d rendez\u00e9s\u00e9ben, \u00e9s ez \u00e0 la fran\u00e7aise szolg\u00e1ltat\u00e1s a 18. sz\u00e1zadban \u00e9rte el cs\u00facs\u00e1t. Az 1789-es forradalom tov\u00e1bb seg\u00edtette a f\u0151z\u00e9s \u00e9s az \u00e9tteremben val\u00f3 felszolg\u00e1l\u00e1s tanulm\u00e1nyoz\u00e1s\u00e1nak elterjed\u00e9s\u00e9t. Az 1800-as \u00e9vekben a francia konyha a m\u00e9rt\u00e9kletess\u00e9get \u00e9s a min\u0151s\u00e9get hangs\u00falyoz\u00f3 \u201eHaute Cuisine\u201d-nak nevezett kifinomult m\u0171v\u00e9szett\u00e9 v\u00e1lt. A 20. sz\u00e1zad elej\u00e9n Georges Auguste Escoffier, akit a szak\u00e1csok kir\u00e1lyak\u00e9nt \u00e9s a kir\u00e1lyok s\u00e9fjek\u00e9nt is ismertek, moderniz\u00e1lta a francia konyh\u00e1t, k\u00e9s\u0151bb pedig sz\u00e1mos francia s\u00e9f v\u00e1lt ismertt\u00e9 vil\u00e1gszerte, mint Paul Bocuse, Alain Ducasse, Guy Savoy \u00e9s Jo\u00ebl Robuchon.<\/p>\n\n\n\n<h2 class=\"wp-block-heading\">Tarts hossz\u00fa eb\u00e9dsz\u00fcneteket <\/h2>\n\n\n\n<p>Az eb\u00e9dsz\u00fcnet Franciaorsz\u00e1gban szent dolog. Egy felm\u00e9r\u00e9s kimutatta, hogy a franci\u00e1k fele naponta t\u00f6bb mint 45 percet t\u00f6lt eb\u00e9del\u00e9ssel, h\u00e1romnegyed\u00fckpedig t\u00f6bb, mint 30 percet. A vizsg\u00e1lt 14 orsz\u00e1g k\u00f6z\u00fcl messze ez a legnagyobb sz\u00e1zal\u00e9kos ar\u00e1ny. A Le Parisien \u00fajs\u00e1gnak adott interj\u00faj\u00e1ban Jean-Pierre Corbeau \u00e9lelmiszerszociol\u00f3gus \u201enagyon fontos ritu\u00e1l\u00e9nak\u201d nevezte az eb\u00e9det, \u201eegy francia kultur\u00e1lis kiv\u00e9telnek, amely \u00e1mulatba ejti a k\u00fclf\u00f6ldieket. M\u00e9g turistak\u00e9nt is sz\u00e1mtalan alkalommal lehet\u00fcnk tan\u00fai, hogy 12:30 k\u00f6z\u00f6tt \u00e9s 14 \u00f3rakor az eg\u00e9sz orsz\u00e1g le\u00fcl enni. \u00c9s ezt fiatal korukt\u00f3l kezdve tanulj\u00e1k: nem nassolnak eg\u00e9sz nap, a megfelel\u0151 eb\u00e9d pedig azt jelenti, hogy \u00fclve, meghat\u00e1rozott id\u0151pontokban, bar\u00e1tokkal vagy koll\u00e9g\u00e1kkal esznek. A franci\u00e1k a nap egyik leg\u00e9lvezetesebb pillanat\u00e1nak tekintik az eb\u00e9det, amit a vil\u00e1gon semmi\u00e9rt nem hagyn\u00e1nak ki.<\/p>\n\n\n\n<h2 class=\"wp-block-heading\"> \u201eLaissez Faire\u201d <\/h2>\n\n\n\n<p>A franci\u00e1k sz\u00e1m\u00e1ra az \u00f6ngondoskod\u00e1s az \u00e9lettemp\u00f3 lelass\u00edt\u00e1s\u00e1r\u00f3l sz\u00f3l, hogy \u00e9lvezz\u00e9k azokat az apr\u00f3 dolgokat, amelyekr\u0151l tudj\u00e1k, hogy legbel\u00fcl boldogg\u00e1 teszi \u0151ket. Ahelyett, hogy vagyonokat k\u00f6lten\u00e9nek drasztikus eg\u00e9szs\u00e9g\u00fcgyi kezel\u00e9sekre, intenz\u00edv edz\u00e9sekre vagy a leg\u00fajabb, eg\u00e9szs\u00e9ges szak\u00e1csk\u00f6nyv bestsellerre, ink\u00e1bb minden nap tesznek valamit maguk\u00e9rt. Ez term\u00e9szetes m\u00f3don be\u00e9p\u00fclt a mindennapi rutinjukba, mint az olyan hagyom\u00e1nyok \u00e9s ritu\u00e1l\u00e9k, amelyeket nemzed\u00e9kr\u0151l nemzed\u00e9kre adnak \u00e1t. \u00cdme n\u00e9h\u00e1ny tipp, hogy mi is jobban vigy\u00e1zzhassunk magunkra: <\/p>\n\n\n\n<ul class=\"wp-block-list\">\n<li>Ne t\u00f6rekedj a t\u00f6k\u00e9letess\u00e9gre. <\/li>\n\n\n\n<li>Fogadd el a hib\u00e1idat \u2013 amelyek b\u00e1joss\u00e1 \u00e9s szokatlanul sz\u00e9pp\u00e9 tesznek \u2013 ahelyett, hogy megpr\u00f3b\u00e1ln\u00e1d kijav\u00edtani \u0151ket. <\/li>\n\n\n\n<li>\u00c9rt\u00e9keld az \u00e9let apr\u00f3 dolgait: ne foglalkozz t\u00fal sokat hogyan n\u00e9zel ki, vagy mit gondolhatnak r\u00f3lad, \u00e9s ne pr\u00f3b\u00e1lj t\u00fal kem\u00e9nyen eg\u00e9szs\u00e9ges lenni. <\/li>\n\n\n\n<li>Ne f\u00e9lj egyed\u00fcl t\u00f6lteni az id\u0151t, hogy jobban megismerd \u00f6nmagadat. <\/li>\n\n\n\n<li>\u00c1lmodj, tervezd a j\u00f6v\u0151t \u00e9s elm\u00e9lkedj az \u00e9letr\u0151l.<\/li>\n<\/ul>\n\n\n\n<p><\/p>\n","protected":false},"excerpt":{"rendered":"<p>Franciaorsz\u00e1gban az \u00e9let nem a munka, a p\u00e9nz vagy a legszebb \u00e9s legdr\u00e1g\u00e1bb dolgok k\u00f6r\u00fcl forog. A francia \u00e9letst\u00edlus arr\u00f3l sz\u00f3l, hogy \u00e9lvezz\u00fck az \u00e9let legjobb pillanatait, legyen sz\u00f3 t\u00e1rsas\u00e1gi \u00f6sszej\u00f6vetelekr\u0151l (az \u201eap\u00e9rokkal\u201d), francia konyh\u00e1r\u00f3l, m\u0171v\u00e9szetr\u0151l vagy filoz\u00f3fi\u00e1r\u00f3l. Arr\u00f3l, hogy a jelen pillanatban \u00e9lj\u00fcnk, \u00e9s az \u00e9let legt\u00f6bb dolg\u00e1ban megtal\u00e1ljuk az el\u00e9gedetts\u00e9get.<\/p>\n","protected":false},"author":1,"featured_media":1702,"comment_status":"open","ping_status":"open","sticky":false,"template":"","format":"standard","meta":{"footnotes":""},"categories":[27,30],"tags":[],"class_list":["post-1700","post","type-post","status-publish","format-standard","has-post-thumbnail","hentry","category-elet","category-stilus"],"yoast_head":"<!-- This site is optimized with the Yoast SEO plugin v20.13 - https:\/\/yoast.com\/wordpress\/plugins\/seo\/ -->\n<title>6 tipp, hogyan \u00e9lj \u00fagy, mint a franci\u00e1k - Francespiration<\/title>\n<meta name=\"description\" content=\"A francia \u00e9letst\u00edlus arr\u00f3l sz\u00f3l, hogy \u00e9lvezz\u00fck az \u00e9let legjobb pillanatait, t\u00e1rsas\u00e1gi \u00f6sszej\u00f6veteleket (az \u201eap\u00e9rokkal\u201d), \u00e9tkez\u00e9st, filoz\u00f3fi\u00e1t.\" \/>\n<meta name=\"robots\" content=\"index, follow, max-snippet:-1, max-image-preview:large, max-video-preview:-1\" \/>\n<link rel=\"canonical\" href=\"https:\/\/www.francespiration.com\/index.php\/2024\/01\/09\/6-tipp-hogyan-elj-ugy-mint-a-franciak\/\" \/>\n<meta property=\"og:locale\" content=\"hu_HU\" \/>\n<meta property=\"og:type\" content=\"article\" \/>\n<meta property=\"og:title\" content=\"6 tipp, hogyan \u00e9lj \u00fagy, mint a franci\u00e1k - Francespiration\" \/>\n<meta property=\"og:description\" content=\"A francia \u00e9letst\u00edlus arr\u00f3l sz\u00f3l, hogy \u00e9lvezz\u00fck az \u00e9let legjobb pillanatait, t\u00e1rsas\u00e1gi \u00f6sszej\u00f6veteleket (az \u201eap\u00e9rokkal\u201d), \u00e9tkez\u00e9st, filoz\u00f3fi\u00e1t.\" \/>\n<meta property=\"og:url\" content=\"https:\/\/www.francespiration.com\/index.php\/2024\/01\/09\/6-tipp-hogyan-elj-ugy-mint-a-franciak\/\" \/>\n<meta property=\"og:site_name\" content=\"Francespiration\" \/>\n<meta property=\"article:published_time\" content=\"2024-01-09T15:34:35+00:00\" \/>\n<meta property=\"article:modified_time\" content=\"2024-01-10T09:08:53+00:00\" \/>\n<meta property=\"og:image\" content=\"https:\/\/www.francespiration.com\/wp-content\/uploads\/2024\/01\/elvezd-az-eletet-mint-a-franciak-scaled.jpg\" \/>\n\t<meta property=\"og:image:width\" content=\"2560\" \/>\n\t<meta property=\"og:image:height\" content=\"1633\" \/>\n\t<meta property=\"og:image:type\" content=\"image\/jpeg\" \/>\n<meta name=\"author\" content=\"Sz\u00f6ll\u0151si T\u00edmea\" \/>\n<meta name=\"twitter:card\" content=\"summary_large_image\" \/>\n<meta name=\"twitter:label1\" content=\"Szerz\u0151:\" \/>\n\t<meta name=\"twitter:data1\" content=\"Sz\u00f6ll\u0151si T\u00edmea\" \/>\n\t<meta name=\"twitter:label2\" content=\"Becs\u00fclt olvas\u00e1si id\u0151\" \/>\n\t<meta name=\"twitter:data2\" content=\"7 perc\" \/>\n<script type=\"application\/ld+json\" class=\"yoast-schema-graph\">{\"@context\":\"https:\/\/schema.org\",\"@graph\":[{\"@type\":\"Article\",\"@id\":\"https:\/\/www.francespiration.com\/index.php\/2024\/01\/09\/6-tipp-hogyan-elj-ugy-mint-a-franciak\/#article\",\"isPartOf\":{\"@id\":\"https:\/\/www.francespiration.com\/index.php\/2024\/01\/09\/6-tipp-hogyan-elj-ugy-mint-a-franciak\/\"},\"author\":{\"name\":\"Sz\u00f6ll\u0151si T\u00edmea\",\"@id\":\"https:\/\/www.francespiration.com\/#\/schema\/person\/83f3dc20d791bfb54664f7e0287501fa\"},\"headline\":\"6 tipp, hogyan \u00e9lj \u00fagy, mint a franci\u00e1k\",\"datePublished\":\"2024-01-09T15:34:35+00:00\",\"dateModified\":\"2024-01-10T09:08:53+00:00\",\"mainEntityOfPage\":{\"@id\":\"https:\/\/www.francespiration.com\/index.php\/2024\/01\/09\/6-tipp-hogyan-elj-ugy-mint-a-franciak\/\"},\"wordCount\":1674,\"commentCount\":0,\"publisher\":{\"@id\":\"https:\/\/www.francespiration.com\/#organization\"},\"articleSection\":[\"\u00c9LET\",\"ST\u00cdLUS\"],\"inLanguage\":\"hu\",\"potentialAction\":[{\"@type\":\"CommentAction\",\"name\":\"Comment\",\"target\":[\"https:\/\/www.francespiration.com\/index.php\/2024\/01\/09\/6-tipp-hogyan-elj-ugy-mint-a-franciak\/#respond\"]}]},{\"@type\":\"WebPage\",\"@id\":\"https:\/\/www.francespiration.com\/index.php\/2024\/01\/09\/6-tipp-hogyan-elj-ugy-mint-a-franciak\/\",\"url\":\"https:\/\/www.francespiration.com\/index.php\/2024\/01\/09\/6-tipp-hogyan-elj-ugy-mint-a-franciak\/\",\"name\":\"6 tipp, hogyan \u00e9lj \u00fagy, mint a franci\u00e1k - Francespiration\",\"isPartOf\":{\"@id\":\"https:\/\/www.francespiration.com\/#website\"},\"datePublished\":\"2024-01-09T15:34:35+00:00\",\"dateModified\":\"2024-01-10T09:08:53+00:00\",\"description\":\"A francia \u00e9letst\u00edlus arr\u00f3l sz\u00f3l, hogy \u00e9lvezz\u00fck az \u00e9let legjobb pillanatait, t\u00e1rsas\u00e1gi \u00f6sszej\u00f6veteleket (az \u201eap\u00e9rokkal\u201d), \u00e9tkez\u00e9st, filoz\u00f3fi\u00e1t.\",\"breadcrumb\":{\"@id\":\"https:\/\/www.francespiration.com\/index.php\/2024\/01\/09\/6-tipp-hogyan-elj-ugy-mint-a-franciak\/#breadcrumb\"},\"inLanguage\":\"hu\",\"potentialAction\":[{\"@type\":\"ReadAction\",\"target\":[\"https:\/\/www.francespiration.com\/index.php\/2024\/01\/09\/6-tipp-hogyan-elj-ugy-mint-a-franciak\/\"]}]},{\"@type\":\"BreadcrumbList\",\"@id\":\"https:\/\/www.francespiration.com\/index.php\/2024\/01\/09\/6-tipp-hogyan-elj-ugy-mint-a-franciak\/#breadcrumb\",\"itemListElement\":[{\"@type\":\"ListItem\",\"position\":1,\"name\":\"Kezd\u0151lap\",\"item\":\"https:\/\/www.francespiration.com\/\"},{\"@type\":\"ListItem\",\"position\":2,\"name\":\"6 tipp, hogyan \u00e9lj \u00fagy, mint a franci\u00e1k\"}]},{\"@type\":\"WebSite\",\"@id\":\"https:\/\/www.francespiration.com\/#website\",\"url\":\"https:\/\/www.francespiration.com\/\",\"name\":\"Francespiration\",\"description\":\"Just another WordPress site\",\"publisher\":{\"@id\":\"https:\/\/www.francespiration.com\/#organization\"},\"potentialAction\":[{\"@type\":\"SearchAction\",\"target\":{\"@type\":\"EntryPoint\",\"urlTemplate\":\"https:\/\/www.francespiration.com\/?s={search_term_string}\"},\"query-input\":\"required name=search_term_string\"}],\"inLanguage\":\"hu\"},{\"@type\":\"Organization\",\"@id\":\"https:\/\/www.francespiration.com\/#organization\",\"name\":\"Francespiration\",\"url\":\"https:\/\/www.francespiration.com\/\",\"logo\":{\"@type\":\"ImageObject\",\"inLanguage\":\"hu\",\"@id\":\"https:\/\/www.francespiration.com\/#\/schema\/logo\/image\/\",\"url\":\"https:\/\/www.francespiration.com\/wp-content\/uploads\/2022\/09\/4d-also-scaled.jpg\",\"contentUrl\":\"https:\/\/www.francespiration.com\/wp-content\/uploads\/2022\/09\/4d-also-scaled.jpg\",\"width\":2560,\"height\":913,\"caption\":\"Francespiration\"},\"image\":{\"@id\":\"https:\/\/www.francespiration.com\/#\/schema\/logo\/image\/\"}},{\"@type\":\"Person\",\"@id\":\"https:\/\/www.francespiration.com\/#\/schema\/person\/83f3dc20d791bfb54664f7e0287501fa\",\"name\":\"Sz\u00f6ll\u0151si T\u00edmea\",\"image\":{\"@type\":\"ImageObject\",\"inLanguage\":\"hu\",\"@id\":\"https:\/\/www.francespiration.com\/#\/schema\/person\/image\/\",\"url\":\"https:\/\/secure.gravatar.com\/avatar\/1fd2e7bebd99ada3a170be066229da8dce9b7f9ba3748e0b659e39e5f31eb56a?s=96&d=mm&r=g\",\"contentUrl\":\"https:\/\/secure.gravatar.com\/avatar\/1fd2e7bebd99ada3a170be066229da8dce9b7f9ba3748e0b659e39e5f31eb56a?s=96&d=mm&r=g\",\"caption\":\"Sz\u00f6ll\u0151si T\u00edmea\"},\"sameAs\":[\"https:\/\/www.francespiration.com\"],\"url\":\"https:\/\/www.francespiration.com\/index.php\/author\/szollotimi\/\"}]}<\/script>\n<!-- \/ Yoast SEO plugin. -->","yoast_head_json":{"title":"6 tipp, hogyan \u00e9lj \u00fagy, mint a franci\u00e1k - Francespiration","description":"A francia \u00e9letst\u00edlus arr\u00f3l sz\u00f3l, hogy \u00e9lvezz\u00fck az \u00e9let legjobb pillanatait, t\u00e1rsas\u00e1gi \u00f6sszej\u00f6veteleket (az \u201eap\u00e9rokkal\u201d), \u00e9tkez\u00e9st, filoz\u00f3fi\u00e1t.","robots":{"index":"index","follow":"follow","max-snippet":"max-snippet:-1","max-image-preview":"max-image-preview:large","max-video-preview":"max-video-preview:-1"},"canonical":"https:\/\/www.francespiration.com\/index.php\/2024\/01\/09\/6-tipp-hogyan-elj-ugy-mint-a-franciak\/","og_locale":"hu_HU","og_type":"article","og_title":"6 tipp, hogyan \u00e9lj \u00fagy, mint a franci\u00e1k - Francespiration","og_description":"A francia \u00e9letst\u00edlus arr\u00f3l sz\u00f3l, hogy \u00e9lvezz\u00fck az \u00e9let legjobb pillanatait, t\u00e1rsas\u00e1gi \u00f6sszej\u00f6veteleket (az \u201eap\u00e9rokkal\u201d), \u00e9tkez\u00e9st, filoz\u00f3fi\u00e1t.","og_url":"https:\/\/www.francespiration.com\/index.php\/2024\/01\/09\/6-tipp-hogyan-elj-ugy-mint-a-franciak\/","og_site_name":"Francespiration","article_published_time":"2024-01-09T15:34:35+00:00","article_modified_time":"2024-01-10T09:08:53+00:00","og_image":[{"width":2560,"height":1633,"url":"https:\/\/www.francespiration.com\/wp-content\/uploads\/2024\/01\/elvezd-az-eletet-mint-a-franciak-scaled.jpg","type":"image\/jpeg"}],"author":"Sz\u00f6ll\u0151si T\u00edmea","twitter_card":"summary_large_image","twitter_misc":{"Szerz\u0151:":"Sz\u00f6ll\u0151si T\u00edmea","Becs\u00fclt olvas\u00e1si id\u0151":"7 perc"},"schema":{"@context":"https:\/\/schema.org","@graph":[{"@type":"Article","@id":"https:\/\/www.francespiration.com\/index.php\/2024\/01\/09\/6-tipp-hogyan-elj-ugy-mint-a-franciak\/#article","isPartOf":{"@id":"https:\/\/www.francespiration.com\/index.php\/2024\/01\/09\/6-tipp-hogyan-elj-ugy-mint-a-franciak\/"},"author":{"name":"Sz\u00f6ll\u0151si T\u00edmea","@id":"https:\/\/www.francespiration.com\/#\/schema\/person\/83f3dc20d791bfb54664f7e0287501fa"},"headline":"6 tipp, hogyan \u00e9lj \u00fagy, mint a franci\u00e1k","datePublished":"2024-01-09T15:34:35+00:00","dateModified":"2024-01-10T09:08:53+00:00","mainEntityOfPage":{"@id":"https:\/\/www.francespiration.com\/index.php\/2024\/01\/09\/6-tipp-hogyan-elj-ugy-mint-a-franciak\/"},"wordCount":1674,"commentCount":0,"publisher":{"@id":"https:\/\/www.francespiration.com\/#organization"},"articleSection":["\u00c9LET","ST\u00cdLUS"],"inLanguage":"hu","potentialAction":[{"@type":"CommentAction","name":"Comment","target":["https:\/\/www.francespiration.com\/index.php\/2024\/01\/09\/6-tipp-hogyan-elj-ugy-mint-a-franciak\/#respond"]}]},{"@type":"WebPage","@id":"https:\/\/www.francespiration.com\/index.php\/2024\/01\/09\/6-tipp-hogyan-elj-ugy-mint-a-franciak\/","url":"https:\/\/www.francespiration.com\/index.php\/2024\/01\/09\/6-tipp-hogyan-elj-ugy-mint-a-franciak\/","name":"6 tipp, hogyan \u00e9lj \u00fagy, mint a franci\u00e1k - Francespiration","isPartOf":{"@id":"https:\/\/www.francespiration.com\/#website"},"datePublished":"2024-01-09T15:34:35+00:00","dateModified":"2024-01-10T09:08:53+00:00","description":"A francia \u00e9letst\u00edlus arr\u00f3l sz\u00f3l, hogy \u00e9lvezz\u00fck az \u00e9let legjobb pillanatait, t\u00e1rsas\u00e1gi \u00f6sszej\u00f6veteleket (az \u201eap\u00e9rokkal\u201d), \u00e9tkez\u00e9st, filoz\u00f3fi\u00e1t.","breadcrumb":{"@id":"https:\/\/www.francespiration.com\/index.php\/2024\/01\/09\/6-tipp-hogyan-elj-ugy-mint-a-franciak\/#breadcrumb"},"inLanguage":"hu","potentialAction":[{"@type":"ReadAction","target":["https:\/\/www.francespiration.com\/index.php\/2024\/01\/09\/6-tipp-hogyan-elj-ugy-mint-a-franciak\/"]}]},{"@type":"BreadcrumbList","@id":"https:\/\/www.francespiration.com\/index.php\/2024\/01\/09\/6-tipp-hogyan-elj-ugy-mint-a-franciak\/#breadcrumb","itemListElement":[{"@type":"ListItem","position":1,"name":"Kezd\u0151lap","item":"https:\/\/www.francespiration.com\/"},{"@type":"ListItem","position":2,"name":"6 tipp, hogyan \u00e9lj \u00fagy, mint a franci\u00e1k"}]},{"@type":"WebSite","@id":"https:\/\/www.francespiration.com\/#website","url":"https:\/\/www.francespiration.com\/","name":"Francespiration","description":"Just another WordPress site","publisher":{"@id":"https:\/\/www.francespiration.com\/#organization"},"potentialAction":[{"@type":"SearchAction","target":{"@type":"EntryPoint","urlTemplate":"https:\/\/www.francespiration.com\/?s={search_term_string}"},"query-input":"required name=search_term_string"}],"inLanguage":"hu"},{"@type":"Organization","@id":"https:\/\/www.francespiration.com\/#organization","name":"Francespiration","url":"https:\/\/www.francespiration.com\/","logo":{"@type":"ImageObject","inLanguage":"hu","@id":"https:\/\/www.francespiration.com\/#\/schema\/logo\/image\/","url":"https:\/\/www.francespiration.com\/wp-content\/uploads\/2022\/09\/4d-also-scaled.jpg","contentUrl":"https:\/\/www.francespiration.com\/wp-content\/uploads\/2022\/09\/4d-also-scaled.jpg","width":2560,"height":913,"caption":"Francespiration"},"image":{"@id":"https:\/\/www.francespiration.com\/#\/schema\/logo\/image\/"}},{"@type":"Person","@id":"https:\/\/www.francespiration.com\/#\/schema\/person\/83f3dc20d791bfb54664f7e0287501fa","name":"Sz\u00f6ll\u0151si T\u00edmea","image":{"@type":"ImageObject","inLanguage":"hu","@id":"https:\/\/www.francespiration.com\/#\/schema\/person\/image\/","url":"https:\/\/secure.gravatar.com\/avatar\/1fd2e7bebd99ada3a170be066229da8dce9b7f9ba3748e0b659e39e5f31eb56a?s=96&d=mm&r=g","contentUrl":"https:\/\/secure.gravatar.com\/avatar\/1fd2e7bebd99ada3a170be066229da8dce9b7f9ba3748e0b659e39e5f31eb56a?s=96&d=mm&r=g","caption":"Sz\u00f6ll\u0151si T\u00edmea"},"sameAs":["https:\/\/www.francespiration.com"],"url":"https:\/\/www.francespiration.com\/index.php\/author\/szollotimi\/"}]}},"_links":{"self":[{"href":"https:\/\/www.francespiration.com\/index.php\/wp-json\/wp\/v2\/posts\/1700","targetHints":{"allow":["GET"]}}],"collection":[{"href":"https:\/\/www.francespiration.com\/index.php\/wp-json\/wp\/v2\/posts"}],"about":[{"href":"https:\/\/www.francespiration.com\/index.php\/wp-json\/wp\/v2\/types\/post"}],"author":[{"embeddable":true,"href":"https:\/\/www.francespiration.com\/index.php\/wp-json\/wp\/v2\/users\/1"}],"replies":[{"embeddable":true,"href":"https:\/\/www.francespiration.com\/index.php\/wp-json\/wp\/v2\/comments?post=1700"}],"version-history":[{"count":8,"href":"https:\/\/www.francespiration.com\/index.php\/wp-json\/wp\/v2\/posts\/1700\/revisions"}],"predecessor-version":[{"id":1723,"href":"https:\/\/www.francespiration.com\/index.php\/wp-json\/wp\/v2\/posts\/1700\/revisions\/1723"}],"wp:featuredmedia":[{"embeddable":true,"href":"https:\/\/www.francespiration.com\/index.php\/wp-json\/wp\/v2\/media\/1702"}],"wp:attachment":[{"href":"https:\/\/www.francespiration.com\/index.php\/wp-json\/wp\/v2\/media?parent=1700"}],"wp:term":[{"taxonomy":"category","embeddable":true,"href":"https:\/\/www.francespiration.com\/index.php\/wp-json\/wp\/v2\/categories?post=1700"},{"taxonomy":"post_tag","embeddable":true,"href":"https:\/\/www.francespiration.com\/index.php\/wp-json\/wp\/v2\/tags?post=1700"}],"curies":[{"name":"wp","href":"https:\/\/api.w.org\/{rel}","templated":true}]}}