{"id":1709,"date":"2024-02-19T21:13:38","date_gmt":"2024-02-19T21:13:38","guid":{"rendered":"https:\/\/www.francespiration.com\/?p=1709"},"modified":"2024-03-18T15:51:11","modified_gmt":"2024-03-18T15:51:11","slug":"parizsi-es-a-mozifilmek","status":"publish","type":"post","link":"https:\/\/www.francespiration.com\/index.php\/2024\/02\/19\/parizsi-es-a-mozifilmek\/","title":{"rendered":"P\u00e1rizs \u00e9s a mozifilmek"},"content":{"rendered":"\n<p><strong>Miel\u0151tt betenn\u00e9nk l\u00e1bunkat a francia f\u0151v\u00e1ros valamelyik rep\u00fcl\u0151ter\u00e9re, legt\u00f6bb\u00fcnknek m\u00e1r van egy v\u00edzi\u00f3ja P\u00e1rizsr\u00f3l, amelyet a filmek ihlettek. A v\u00e1ros hol az \u00e1lmodoz\u00f3k \u00e9s az \u00e9hez\u0151 m\u0171v\u00e9szek, hol a szenved\u00e9lyes szerelem \u00e9s az \u00f6r\u00f6k var\u00e1zslat helysz\u00edne,  amelyet ottj\u00e1rtunkban magunk is felfedezhet\u00fcnk.<\/strong><\/p>\n\n\n\n<!--more-->\n\n\n\n<p>De hogyan f\u00e9r \u00f6ssze a val\u00f3s P\u00e1rizs a filmekben ny\u00fajtott romantikus \u00e1br\u00e1zol\u00e1ssal? Gyertek vel\u00fcnk egy k\u00f6r\u00fatra, amely \u00f6t olyan p\u00e1rizsi helysz\u00ednre visz, amelyeket a filmek ut\u00e1n a val\u00f3 \u00e9letben is felfedezhet\u00fcnk.<\/p>\n\n\n\n<h2 class=\"wp-block-heading\">Caf\u00e9 des 2 Moulins \u00e9s &#8222;Am\u00e9lie csod\u00e1latos \u00e9lete&#8221;<\/h2>\n\n\n\n<figure class=\"wp-block-embed is-type-video is-provider-youtube wp-block-embed-youtube wp-embed-aspect-16-9 wp-has-aspect-ratio\"><div class=\"wp-block-embed__wrapper\">\n<iframe loading=\"lazy\" title=\"amelie cafe\" width=\"800\" height=\"450\" src=\"https:\/\/www.youtube.com\/embed\/AMUP2NyyIlU?feature=oembed\" frameborder=\"0\" allow=\"accelerometer; autoplay; clipboard-write; encrypted-media; gyroscope; picture-in-picture; web-share\" allowfullscreen><\/iframe>\n<\/div><\/figure>\n\n\n\n<p>A k\u00e1v\u00e9z\u00f3 az Am\u00e9lie csod\u00e1latos \u00e9lete c\u00edm\u0171 filmben v\u00e1lt h\u00edress\u00e9. Ez volt az a hely, ahol a f\u0151szerepl\u0151 dolgozott, \u00e9s meglep\u0151 m\u00f3don sok mindent meg\u0151rz\u00f6tt abb\u00f3l a var\u00e1zsb\u00f3l, ami gyan\u00edthat\u00f3an m\u00e1r a film el\u0151tt is l\u00e9tezett. H\u00e9tv\u00e9g\u00e9n a k\u00e1v\u00e9z\u00f3ban vid\u00e1m \u00e9l\u0151zenei el\u0151ad\u00e1soknak lehet\u00fcnk tan\u00fai mik\u00f6zben a helyiekkel egy\u00fctt egy j\u00f3 poh\u00e1r francia bort kortyolgatunk. A hely pont olyan var\u00e1zslatos, mint a filmben, ez\u00e9rt mindenk\u00e9ppen meg\u00e9ri felm\u00e1szni a Montmartre-ra.<\/p>\n\n\n\n<h2 class=\"wp-block-heading\">Faubourg Saint-Denis \u00e9s a &#8222;P\u00e1rizs, szeretlek&#8221;<\/h2>\n\n\n\n<p>A &#8222;P\u00e1rizs, szeretlek\u201d c\u00edm\u0171 filmmel eg\u00e9sz P\u00e1rizst bej\u00e1rhatjuk. A v\u00e1ros ker\u00fcleteiben (negyedeiben) j\u00e1tsz\u00f3d\u00f3 alkot\u00e1s 18 r\u00f6vidfilmen kereszt\u00fcl mutatja be a szerelem muland\u00f3s\u00e1g\u00e1t. A 10. ker\u00fcletben, Faubourg Saint-Denisben j\u00e1tsz\u00f3dik a Natalie Portman \u00e1ltal alak\u00edtott Francine \u00e9s a vak francia Thomas kapcsolata, ami az egyik kedvenc r\u00e9szem. <\/p>\n\n\n\n<h2 class=\"wp-block-heading\">Rue de la B\u00fbcherie \u00e9s az \u201eAz \u00f6rd\u00f6g Prad\u00e1t visel\u201d <\/h2>\n\n\n\n<p>Ki ne eml\u00e9kezne Anne Hathawayre, amint belevetette mag\u00e1t a divatiparba, \u00e9s akinek els\u0151 p\u00e1rizsi cs\u00f3kja \u00e9ppen itt, a Rue de la B\u00fbcherie egy csendes ter\u00e9n csattan el h\u00e1tt\u00e9rben a Notre Dame-sz\u00e9kesegyh\u00e1zzal. S\u00f6t\u00e9ted\u00e9s ut\u00e1n is \u00e9rdemes a csendes k\u00f6rny\u00e9ken s\u00e9t\u00e1lni. Az utcai l\u00e1mp\u00e1k f\u00e9ny\u00e9n\u00e9l a Szajn\u00e1val az oldalunkon igaz\u00e1n meghitten \u00e9rezhetj\u00fck magunkat. Pont ahogyan a filmben is l\u00e1that\u00f3&#8230;<\/p>\n\n\n\n<h2 class=\"wp-block-heading\">A Szajna part \u00e9s a &#8222;M\u00f3k\u00e1s arc&#8221;<\/h2>\n\n\n\n<figure class=\"wp-block-embed is-type-video is-provider-youtube wp-block-embed-youtube wp-embed-aspect-16-9 wp-has-aspect-ratio\"><div class=\"wp-block-embed__wrapper\">\n<iframe loading=\"lazy\" title=\"Funny Face (1957) - &quot;Bonjour Paris&quot; Song - Audrey Hepburn &amp; Fred Astaire (4 of 10)\" width=\"800\" height=\"450\" src=\"https:\/\/www.youtube.com\/embed\/J6t0ToAlyXQ?feature=oembed\" frameborder=\"0\" allow=\"accelerometer; autoplay; clipboard-write; encrypted-media; gyroscope; picture-in-picture; web-share\" allowfullscreen><\/iframe>\n<\/div><\/figure>\n\n\n\n<p>Az 1950-es \u00e9vekben k\u00e9sz\u00fclt M\u00f3k\u00e1s arc c\u00edm\u0171 musicalben a f\u0151szerepl\u0151ket, Audrey Hepburnt \u00e9s Fred Astaire-t P\u00e1rizsba sodorja az \u00e9let. Az egyik jelenetben Hepburn kimer\u00e9szkedik a Szajna partj\u00e1ra, \u00e9s f\u00e9ktelen lelkesed\u00e9ssel k\u00f6sz\u00f6nti a p\u00e1rizsiakat. M\u00edg az ilyen buzgalmat az igazi p\u00e1rizsiak ma tan\u00e1cstalanul fogadn\u00e1k, a Szajna, legyen sz\u00f3 piknikr\u0151l vagy s\u00e9t\u00e1r\u00f3l, k\u00f6nnyen cs\u00e1b\u00edt ilyen t\u00fal\u00e1rad\u00f3 \u00e9rzelmekre. <\/p>\n\n\n\n<h2 class=\"wp-block-heading\">\u00c9glise Saint-\u00c9tienne-du-Mont \u00e9s az &#8222;\u00c9jf\u00e9l P\u00e1rizsban&#8221;<\/h2>\n\n\n\n<p>A latin-negyedben tal\u00e1lhat\u00f3 annak a templomnak l\u00e9pcs\u0151je, ahol Owen Wilson karaktere, Gil v\u00e1rja, hogy \u00e9jf\u00e9lkor visszaker\u00fclj\u00f6n P\u00e1rizsba. A templom homlokzata \u00e9s belseje is egy \u00e9p\u00edt\u00e9szeti csoda, ahol ha szerencs\u00e9nk van egy-egy komolyzenei koncertet is kifoghatunk. Egy esti s\u00e9ta ezen a k\u00f6rny\u00e9ken szinte kisv\u00e1rosi hangulatot id\u00e9z.<\/p>\n\n\n\n<p>P\u00e1rizs a val\u00f3 \u00e9letben m\u00e9g messze csod\u00e1latosabb, mint a filmekben. \u00c9rdemes ell\u00e1togatni, hogy saj\u00e1t szem\u00e9vel is megbizonyosodhassunk err\u0151l. Ak\u00e1rh\u00e1nyszor csak tudunk.<\/p>\n","protected":false},"excerpt":{"rendered":"<p>Miel\u0151tt betenn\u00e9nk l\u00e1bunkat a francia f\u0151v\u00e1ros valamelyik rep\u00fcl\u0151ter\u00e9re, legt\u00f6bb\u00fcnknek m\u00e1r van egy v\u00edzi\u00f3ja P\u00e1rizsr\u00f3l, amelyet a filmek ihlettek. A v\u00e1ros hol az \u00e1lmodoz\u00f3k \u00e9s az \u00e9hez\u0151 m\u0171v\u00e9szek, hol a szenved\u00e9lyes szerelem \u00e9s az \u00f6r\u00f6k var\u00e1zslat helysz\u00edne, amelyet ottj\u00e1rtunkban magunk is felfedezhet\u00fcnk.<\/p>\n","protected":false},"author":1,"featured_media":1812,"comment_status":"open","ping_status":"open","sticky":false,"template":"","format":"standard","meta":{"footnotes":""},"categories":[28,29],"tags":[],"class_list":["post-1709","post","type-post","status-publish","format-standard","has-post-thumbnail","hentry","category-helyek","category-kultura"],"yoast_head":"<!-- This site is optimized with the Yoast SEO plugin v20.13 - https:\/\/yoast.com\/wordpress\/plugins\/seo\/ -->\n<title>P\u00e1rizs \u00e9s a mozifilmek - Francespiration<\/title>\n<meta name=\"description\" content=\"Gyertek vel\u00fcnk egy k\u00f6r\u00fatra, amely \u00f6t olyan p\u00e1rizsi helysz\u00ednre visz, amelyeket a mozifilmek ut\u00e1n a val\u00f3 \u00e9letben is felfedezhet\u00fcnk.\" \/>\n<meta name=\"robots\" content=\"index, follow, max-snippet:-1, max-image-preview:large, max-video-preview:-1\" \/>\n<link rel=\"canonical\" href=\"https:\/\/www.francespiration.com\/index.php\/2024\/02\/19\/parizsi-es-a-mozifilmek\/\" \/>\n<meta property=\"og:locale\" content=\"hu_HU\" \/>\n<meta property=\"og:type\" content=\"article\" \/>\n<meta property=\"og:title\" content=\"P\u00e1rizs \u00e9s a mozifilmek - Francespiration\" \/>\n<meta property=\"og:description\" content=\"Gyertek vel\u00fcnk egy k\u00f6r\u00fatra, amely \u00f6t olyan p\u00e1rizsi helysz\u00ednre visz, amelyeket a mozifilmek ut\u00e1n a val\u00f3 \u00e9letben is felfedezhet\u00fcnk.\" \/>\n<meta property=\"og:url\" content=\"https:\/\/www.francespiration.com\/index.php\/2024\/02\/19\/parizsi-es-a-mozifilmek\/\" \/>\n<meta property=\"og:site_name\" content=\"Francespiration\" \/>\n<meta property=\"article:published_time\" content=\"2024-02-19T21:13:38+00:00\" \/>\n<meta property=\"article:modified_time\" content=\"2024-03-18T15:51:11+00:00\" \/>\n<meta property=\"og:image\" content=\"https:\/\/www.francespiration.com\/wp-content\/uploads\/2024\/02\/audrey-paris.jpg\" \/>\n\t<meta property=\"og:image:width\" content=\"1816\" \/>\n\t<meta property=\"og:image:height\" content=\"1034\" \/>\n\t<meta property=\"og:image:type\" content=\"image\/jpeg\" \/>\n<meta name=\"author\" content=\"Sz\u00f6ll\u0151si T\u00edmea\" \/>\n<meta name=\"twitter:card\" content=\"summary_large_image\" \/>\n<meta name=\"twitter:label1\" content=\"Szerz\u0151:\" \/>\n\t<meta name=\"twitter:data1\" content=\"Sz\u00f6ll\u0151si T\u00edmea\" \/>\n\t<meta name=\"twitter:label2\" content=\"Becs\u00fclt olvas\u00e1si id\u0151\" \/>\n\t<meta name=\"twitter:data2\" content=\"3 perc\" \/>\n<script type=\"application\/ld+json\" class=\"yoast-schema-graph\">{\"@context\":\"https:\/\/schema.org\",\"@graph\":[{\"@type\":\"Article\",\"@id\":\"https:\/\/www.francespiration.com\/index.php\/2024\/02\/19\/parizsi-es-a-mozifilmek\/#article\",\"isPartOf\":{\"@id\":\"https:\/\/www.francespiration.com\/index.php\/2024\/02\/19\/parizsi-es-a-mozifilmek\/\"},\"author\":{\"name\":\"Sz\u00f6ll\u0151si T\u00edmea\",\"@id\":\"https:\/\/www.francespiration.com\/#\/schema\/person\/83f3dc20d791bfb54664f7e0287501fa\"},\"headline\":\"P\u00e1rizs \u00e9s a mozifilmek\",\"datePublished\":\"2024-02-19T21:13:38+00:00\",\"dateModified\":\"2024-03-18T15:51:11+00:00\",\"mainEntityOfPage\":{\"@id\":\"https:\/\/www.francespiration.com\/index.php\/2024\/02\/19\/parizsi-es-a-mozifilmek\/\"},\"wordCount\":607,\"commentCount\":0,\"publisher\":{\"@id\":\"https:\/\/www.francespiration.com\/#organization\"},\"articleSection\":[\"K\u00dcL\u00d6NLEGES HELYEK\",\"KULT\u00daRA\"],\"inLanguage\":\"hu\",\"potentialAction\":[{\"@type\":\"CommentAction\",\"name\":\"Comment\",\"target\":[\"https:\/\/www.francespiration.com\/index.php\/2024\/02\/19\/parizsi-es-a-mozifilmek\/#respond\"]}]},{\"@type\":\"WebPage\",\"@id\":\"https:\/\/www.francespiration.com\/index.php\/2024\/02\/19\/parizsi-es-a-mozifilmek\/\",\"url\":\"https:\/\/www.francespiration.com\/index.php\/2024\/02\/19\/parizsi-es-a-mozifilmek\/\",\"name\":\"P\u00e1rizs \u00e9s a mozifilmek - Francespiration\",\"isPartOf\":{\"@id\":\"https:\/\/www.francespiration.com\/#website\"},\"datePublished\":\"2024-02-19T21:13:38+00:00\",\"dateModified\":\"2024-03-18T15:51:11+00:00\",\"description\":\"Gyertek vel\u00fcnk egy k\u00f6r\u00fatra, amely \u00f6t olyan p\u00e1rizsi helysz\u00ednre visz, amelyeket a mozifilmek ut\u00e1n a val\u00f3 \u00e9letben is felfedezhet\u00fcnk.\",\"breadcrumb\":{\"@id\":\"https:\/\/www.francespiration.com\/index.php\/2024\/02\/19\/parizsi-es-a-mozifilmek\/#breadcrumb\"},\"inLanguage\":\"hu\",\"potentialAction\":[{\"@type\":\"ReadAction\",\"target\":[\"https:\/\/www.francespiration.com\/index.php\/2024\/02\/19\/parizsi-es-a-mozifilmek\/\"]}]},{\"@type\":\"BreadcrumbList\",\"@id\":\"https:\/\/www.francespiration.com\/index.php\/2024\/02\/19\/parizsi-es-a-mozifilmek\/#breadcrumb\",\"itemListElement\":[{\"@type\":\"ListItem\",\"position\":1,\"name\":\"Kezd\u0151lap\",\"item\":\"https:\/\/www.francespiration.com\/\"},{\"@type\":\"ListItem\",\"position\":2,\"name\":\"P\u00e1rizs \u00e9s a mozifilmek\"}]},{\"@type\":\"WebSite\",\"@id\":\"https:\/\/www.francespiration.com\/#website\",\"url\":\"https:\/\/www.francespiration.com\/\",\"name\":\"Francespiration\",\"description\":\"Just another WordPress site\",\"publisher\":{\"@id\":\"https:\/\/www.francespiration.com\/#organization\"},\"potentialAction\":[{\"@type\":\"SearchAction\",\"target\":{\"@type\":\"EntryPoint\",\"urlTemplate\":\"https:\/\/www.francespiration.com\/?s={search_term_string}\"},\"query-input\":\"required name=search_term_string\"}],\"inLanguage\":\"hu\"},{\"@type\":\"Organization\",\"@id\":\"https:\/\/www.francespiration.com\/#organization\",\"name\":\"Francespiration\",\"url\":\"https:\/\/www.francespiration.com\/\",\"logo\":{\"@type\":\"ImageObject\",\"inLanguage\":\"hu\",\"@id\":\"https:\/\/www.francespiration.com\/#\/schema\/logo\/image\/\",\"url\":\"https:\/\/www.francespiration.com\/wp-content\/uploads\/2022\/09\/4d-also-scaled.jpg\",\"contentUrl\":\"https:\/\/www.francespiration.com\/wp-content\/uploads\/2022\/09\/4d-also-scaled.jpg\",\"width\":2560,\"height\":913,\"caption\":\"Francespiration\"},\"image\":{\"@id\":\"https:\/\/www.francespiration.com\/#\/schema\/logo\/image\/\"}},{\"@type\":\"Person\",\"@id\":\"https:\/\/www.francespiration.com\/#\/schema\/person\/83f3dc20d791bfb54664f7e0287501fa\",\"name\":\"Sz\u00f6ll\u0151si T\u00edmea\",\"image\":{\"@type\":\"ImageObject\",\"inLanguage\":\"hu\",\"@id\":\"https:\/\/www.francespiration.com\/#\/schema\/person\/image\/\",\"url\":\"https:\/\/secure.gravatar.com\/avatar\/1fd2e7bebd99ada3a170be066229da8dce9b7f9ba3748e0b659e39e5f31eb56a?s=96&d=mm&r=g\",\"contentUrl\":\"https:\/\/secure.gravatar.com\/avatar\/1fd2e7bebd99ada3a170be066229da8dce9b7f9ba3748e0b659e39e5f31eb56a?s=96&d=mm&r=g\",\"caption\":\"Sz\u00f6ll\u0151si T\u00edmea\"},\"sameAs\":[\"https:\/\/www.francespiration.com\"],\"url\":\"https:\/\/www.francespiration.com\/index.php\/author\/szollotimi\/\"}]}<\/script>\n<!-- \/ Yoast SEO plugin. -->","yoast_head_json":{"title":"P\u00e1rizs \u00e9s a mozifilmek - Francespiration","description":"Gyertek vel\u00fcnk egy k\u00f6r\u00fatra, amely \u00f6t olyan p\u00e1rizsi helysz\u00ednre visz, amelyeket a mozifilmek ut\u00e1n a val\u00f3 \u00e9letben is felfedezhet\u00fcnk.","robots":{"index":"index","follow":"follow","max-snippet":"max-snippet:-1","max-image-preview":"max-image-preview:large","max-video-preview":"max-video-preview:-1"},"canonical":"https:\/\/www.francespiration.com\/index.php\/2024\/02\/19\/parizsi-es-a-mozifilmek\/","og_locale":"hu_HU","og_type":"article","og_title":"P\u00e1rizs \u00e9s a mozifilmek - Francespiration","og_description":"Gyertek vel\u00fcnk egy k\u00f6r\u00fatra, amely \u00f6t olyan p\u00e1rizsi helysz\u00ednre visz, amelyeket a mozifilmek ut\u00e1n a val\u00f3 \u00e9letben is felfedezhet\u00fcnk.","og_url":"https:\/\/www.francespiration.com\/index.php\/2024\/02\/19\/parizsi-es-a-mozifilmek\/","og_site_name":"Francespiration","article_published_time":"2024-02-19T21:13:38+00:00","article_modified_time":"2024-03-18T15:51:11+00:00","og_image":[{"width":1816,"height":1034,"url":"https:\/\/www.francespiration.com\/wp-content\/uploads\/2024\/02\/audrey-paris.jpg","type":"image\/jpeg"}],"author":"Sz\u00f6ll\u0151si T\u00edmea","twitter_card":"summary_large_image","twitter_misc":{"Szerz\u0151:":"Sz\u00f6ll\u0151si T\u00edmea","Becs\u00fclt olvas\u00e1si id\u0151":"3 perc"},"schema":{"@context":"https:\/\/schema.org","@graph":[{"@type":"Article","@id":"https:\/\/www.francespiration.com\/index.php\/2024\/02\/19\/parizsi-es-a-mozifilmek\/#article","isPartOf":{"@id":"https:\/\/www.francespiration.com\/index.php\/2024\/02\/19\/parizsi-es-a-mozifilmek\/"},"author":{"name":"Sz\u00f6ll\u0151si T\u00edmea","@id":"https:\/\/www.francespiration.com\/#\/schema\/person\/83f3dc20d791bfb54664f7e0287501fa"},"headline":"P\u00e1rizs \u00e9s a mozifilmek","datePublished":"2024-02-19T21:13:38+00:00","dateModified":"2024-03-18T15:51:11+00:00","mainEntityOfPage":{"@id":"https:\/\/www.francespiration.com\/index.php\/2024\/02\/19\/parizsi-es-a-mozifilmek\/"},"wordCount":607,"commentCount":0,"publisher":{"@id":"https:\/\/www.francespiration.com\/#organization"},"articleSection":["K\u00dcL\u00d6NLEGES HELYEK","KULT\u00daRA"],"inLanguage":"hu","potentialAction":[{"@type":"CommentAction","name":"Comment","target":["https:\/\/www.francespiration.com\/index.php\/2024\/02\/19\/parizsi-es-a-mozifilmek\/#respond"]}]},{"@type":"WebPage","@id":"https:\/\/www.francespiration.com\/index.php\/2024\/02\/19\/parizsi-es-a-mozifilmek\/","url":"https:\/\/www.francespiration.com\/index.php\/2024\/02\/19\/parizsi-es-a-mozifilmek\/","name":"P\u00e1rizs \u00e9s a mozifilmek - Francespiration","isPartOf":{"@id":"https:\/\/www.francespiration.com\/#website"},"datePublished":"2024-02-19T21:13:38+00:00","dateModified":"2024-03-18T15:51:11+00:00","description":"Gyertek vel\u00fcnk egy k\u00f6r\u00fatra, amely \u00f6t olyan p\u00e1rizsi helysz\u00ednre visz, amelyeket a mozifilmek ut\u00e1n a val\u00f3 \u00e9letben is felfedezhet\u00fcnk.","breadcrumb":{"@id":"https:\/\/www.francespiration.com\/index.php\/2024\/02\/19\/parizsi-es-a-mozifilmek\/#breadcrumb"},"inLanguage":"hu","potentialAction":[{"@type":"ReadAction","target":["https:\/\/www.francespiration.com\/index.php\/2024\/02\/19\/parizsi-es-a-mozifilmek\/"]}]},{"@type":"BreadcrumbList","@id":"https:\/\/www.francespiration.com\/index.php\/2024\/02\/19\/parizsi-es-a-mozifilmek\/#breadcrumb","itemListElement":[{"@type":"ListItem","position":1,"name":"Kezd\u0151lap","item":"https:\/\/www.francespiration.com\/"},{"@type":"ListItem","position":2,"name":"P\u00e1rizs \u00e9s a mozifilmek"}]},{"@type":"WebSite","@id":"https:\/\/www.francespiration.com\/#website","url":"https:\/\/www.francespiration.com\/","name":"Francespiration","description":"Just another WordPress site","publisher":{"@id":"https:\/\/www.francespiration.com\/#organization"},"potentialAction":[{"@type":"SearchAction","target":{"@type":"EntryPoint","urlTemplate":"https:\/\/www.francespiration.com\/?s={search_term_string}"},"query-input":"required name=search_term_string"}],"inLanguage":"hu"},{"@type":"Organization","@id":"https:\/\/www.francespiration.com\/#organization","name":"Francespiration","url":"https:\/\/www.francespiration.com\/","logo":{"@type":"ImageObject","inLanguage":"hu","@id":"https:\/\/www.francespiration.com\/#\/schema\/logo\/image\/","url":"https:\/\/www.francespiration.com\/wp-content\/uploads\/2022\/09\/4d-also-scaled.jpg","contentUrl":"https:\/\/www.francespiration.com\/wp-content\/uploads\/2022\/09\/4d-also-scaled.jpg","width":2560,"height":913,"caption":"Francespiration"},"image":{"@id":"https:\/\/www.francespiration.com\/#\/schema\/logo\/image\/"}},{"@type":"Person","@id":"https:\/\/www.francespiration.com\/#\/schema\/person\/83f3dc20d791bfb54664f7e0287501fa","name":"Sz\u00f6ll\u0151si T\u00edmea","image":{"@type":"ImageObject","inLanguage":"hu","@id":"https:\/\/www.francespiration.com\/#\/schema\/person\/image\/","url":"https:\/\/secure.gravatar.com\/avatar\/1fd2e7bebd99ada3a170be066229da8dce9b7f9ba3748e0b659e39e5f31eb56a?s=96&d=mm&r=g","contentUrl":"https:\/\/secure.gravatar.com\/avatar\/1fd2e7bebd99ada3a170be066229da8dce9b7f9ba3748e0b659e39e5f31eb56a?s=96&d=mm&r=g","caption":"Sz\u00f6ll\u0151si T\u00edmea"},"sameAs":["https:\/\/www.francespiration.com"],"url":"https:\/\/www.francespiration.com\/index.php\/author\/szollotimi\/"}]}},"_links":{"self":[{"href":"https:\/\/www.francespiration.com\/index.php\/wp-json\/wp\/v2\/posts\/1709","targetHints":{"allow":["GET"]}}],"collection":[{"href":"https:\/\/www.francespiration.com\/index.php\/wp-json\/wp\/v2\/posts"}],"about":[{"href":"https:\/\/www.francespiration.com\/index.php\/wp-json\/wp\/v2\/types\/post"}],"author":[{"embeddable":true,"href":"https:\/\/www.francespiration.com\/index.php\/wp-json\/wp\/v2\/users\/1"}],"replies":[{"embeddable":true,"href":"https:\/\/www.francespiration.com\/index.php\/wp-json\/wp\/v2\/comments?post=1709"}],"version-history":[{"count":9,"href":"https:\/\/www.francespiration.com\/index.php\/wp-json\/wp\/v2\/posts\/1709\/revisions"}],"predecessor-version":[{"id":1861,"href":"https:\/\/www.francespiration.com\/index.php\/wp-json\/wp\/v2\/posts\/1709\/revisions\/1861"}],"wp:featuredmedia":[{"embeddable":true,"href":"https:\/\/www.francespiration.com\/index.php\/wp-json\/wp\/v2\/media\/1812"}],"wp:attachment":[{"href":"https:\/\/www.francespiration.com\/index.php\/wp-json\/wp\/v2\/media?parent=1709"}],"wp:term":[{"taxonomy":"category","embeddable":true,"href":"https:\/\/www.francespiration.com\/index.php\/wp-json\/wp\/v2\/categories?post=1709"},{"taxonomy":"post_tag","embeddable":true,"href":"https:\/\/www.francespiration.com\/index.php\/wp-json\/wp\/v2\/tags?post=1709"}],"curies":[{"name":"wp","href":"https:\/\/api.w.org\/{rel}","templated":true}]}}