{"id":1711,"date":"2024-01-10T08:37:46","date_gmt":"2024-01-10T08:37:46","guid":{"rendered":"https:\/\/www.francespiration.com\/?p=1711"},"modified":"2024-01-10T09:05:51","modified_gmt":"2024-01-10T09:05:51","slug":"soha-nem-volt-meg-ilyen-fiatal-miniszterelnoke-franciaorszagnak","status":"publish","type":"post","link":"https:\/\/www.francespiration.com\/index.php\/2024\/01\/10\/soha-nem-volt-meg-ilyen-fiatal-miniszterelnoke-franciaorszagnak\/","title":{"rendered":"Ki Gabriel Attal, Franciaorsz\u00e1g legfiatalabb minisztereln\u00f6ke?"},"content":{"rendered":"\n<p><strong>Elisabeth Borne lemond\u00e1s\u00e1t k\u00f6vet\u0151en Emmanuel Macron eln\u00f6k Gabriel Attalt nevezte ki minisztereln\u00f6knek, \u00edgy 34 \u00e9vesen \u0151 a francia t\u00f6rt\u00e9nelem legfiatalabb minisztereln\u00f6ke. <\/strong><\/p>\n\n\n\n<!--more-->\n\n\n\n<p>Elisabeth Borne poz\u00edci\u00f3ja a vitatott bev\u00e1ndorl\u00e1si t\u00f6rv\u00e9ny miatt &#8211; amit Macron eln\u00f6k t\u00e1mogatott, \u00e9s amely meger\u0151s\u00edten\u00e9 a korm\u00e1ny azon hat\u00e1sk\u00f6r\u00e9t, hogy bizonyos k\u00fclf\u00f6ldi szem\u00e9lyeket kitoloncoljon &#8211; az elm\u00falt hetekben egyre tarthatatlanabb\u00e1 v\u00e1lt. \u00cdgy a hivatal\u00e1t 2022. m\u00e1jus \u00f3ta bet\u00f6lt\u0151 Borne 2024. janu\u00e1r 8-\u00e1n d\u00e9lut\u00e1n \u00e1tadta Emmanuel Macron eln\u00f6knek a lemond\u00e1s\u00e1t. Az eln\u00f6k megk\u00f6sz\u00f6nte a kor\u00e1bbi minisztereln\u00f6k \u201eaz orsz\u00e1g\u00e9rt v\u00e9gzett p\u00e9ldamutat\u00f3 szolg\u00e1lat\u00e1t\u201d \u00e9s elfogadta lemond\u00e1s\u00e1t. <\/p>\n\n\n\n<p>H\u00e9tf\u0151n este a k\u00f6zt\u00e1rsas\u00e1gi eln\u00f6k meger\u0151s\u00edtette, hogy Gabriel Attal lesz az \u00faj minisztereln\u00f6k &#8211; tudtuk meg a <a href=\"https:\/\/www.connexionfrance.com\/article\/French-news\/President-names-Gabriel-Attal-prime-minister-of-France?utm_source=Master+List&amp;utm_campaign=65f15c5d92-NON_SUBS_NEWSLETTER&amp;utm_medium=email&amp;utm_term=0_9b5fbe85b4-65f15c5d92-361175220\" target=\"_blank\" rel=\"noreferrer noopener\">The Connexion<\/a> c\u00edm\u0171 h\u00edrport\u00e1lt\u00f3l. <\/p>\n\n\n\n<h2 class=\"wp-block-heading\">A t\u00f6bbsz\u00f6r\u00f6sen els\u0151 minisztereln\u00f6k<\/h2>\n\n\n\n<p>Gabriel Attal 1989. m\u00e1rcius 16-\u00e1n sz\u00fcletett. \u0150 Franciaorsz\u00e1g els\u0151 minisztereln\u00f6ke, aki ny\u00edltan v\u00e1llalja melegs\u00e9g\u00e9t. A <a href=\"https:\/\/www.reuters.com\/world\/europe\/five-things-you-should-know-about-frances-young-openly-gay-prime-minister-2024-01-09\/\" target=\"_blank\" rel=\"noreferrer noopener\">Reuters<\/a> szerint ak\u00f6zelm\u00faltban Macron kor\u00e1bbi politikai tan\u00e1csad\u00f3j\u00e1val, Stephane Sejourne-nal \u00e1llt kapcsolatban.<\/p>\n\n\n\n<p>Attal 34 \u00e9vesen Franciaorsz\u00e1g legfiatalabb h\u00e1bor\u00fa ut\u00e1ni minisztereln\u00f6ke, ez a rekord kor\u00e1bban a baloldali Laurent Fabius\u00e9 volt, aki 37 \u00e9ves volt, amikor Francois Mitterrand 1984-ben minisztereln\u00f6kk\u00e9 nevezte ki.<\/p>\n\n\n\n<p>Gabriel Attal 2006-ban, 17 \u00e9vesen csatlakozott a szocialista p\u00e1rthoz, majd 2016-ban l\u00e9pett be Macron En Marche (ma Renessaince) p\u00e1rtj\u00e1ba. 2018-ban, mint akkori \u00e1llamtitk\u00e1r \u0151 lett az \u00d6t\u00f6dik K\u00f6zt\u00e1rsas\u00e1g t\u00f6rt\u00e9net\u00e9nek legfiatalabb korm\u00e1nytagja. <\/p>\n\n\n\n<p>A Covid-19 vil\u00e1gj\u00e1rv\u00e1ny idej\u00e9n korm\u00e1nysz\u00f3viv\u0151i szerep\u00e9ben keltette fel el\u0151sz\u00f6r a nyilv\u00e1noss\u00e1g figyelm\u00e9t, 2023. j\u00falius\u00e1t\u00f3l \u0151 volt a francia Oktat\u00e1si Miniszter. Annak ellen\u00e9re, hogy kevesebb mint egy \u00e9ve t\u00f6lt\u00f6tt miniszteri szerep\u00e9ben megmutatta azt a fajta politikai rugalmass\u00e1got \u00e9s pragmatizmust, amelyet a k\u00f6zt\u00e1rsas\u00e1gi eln\u00f6k \u00e9rt\u00e9kel munk\u00e1j\u00e1ban.<\/p>\n\n\n\n<p>Miniszteri munk\u00e1j\u00e1t azzal ind\u00edtotta, hogy &#8211; vitatott m\u00f3don &#8211; betiltotta a muszlim abaya-ruh\u00e1t az \u00e1llami oktat\u00e1si int\u00e9zm\u00e9nyekben \u00e9s ny\u00edltan t\u00e1mogatta az iskolai egyenruha bevezet\u00e9s\u00e9t.<\/p>\n\n\n\n<p>Nemr\u00e9g r\u00e9szt vett egy h\u00edres t\u00e9v\u00e9m\u0171sorban, hogy elmes\u00e9lje, hogyan zaklatta \u0151t a k\u00f6z\u00e9piskol\u00e1ban egy volt oszt\u00e1lyt\u00e1rsa.<\/p>\n\n\n\n<p><\/p>\n\n\n\n<p><\/p>\n","protected":false},"excerpt":{"rendered":"<p>Elisabeth Borne lemond\u00e1s\u00e1t k\u00f6vet\u0151en Emmanuel Macron eln\u00f6k Gabriel Attalt nevezte ki minisztereln\u00f6knek, \u00edgy 34 \u00e9vesen \u0151 a francia t\u00f6rt\u00e9nelem legfiatalabb minisztereln\u00f6ke.<\/p>\n","protected":false},"author":1,"featured_media":1712,"comment_status":"open","ping_status":"open","sticky":false,"template":"","format":"standard","meta":{"footnotes":""},"categories":[1],"tags":[],"class_list":["post-1711","post","type-post","status-publish","format-standard","has-post-thumbnail","hentry","category-hirek"],"yoast_head":"<!-- This site is optimized with the Yoast SEO plugin v20.13 - https:\/\/yoast.com\/wordpress\/plugins\/seo\/ -->\n<title>Ki Gabriel Attal, Franciaorsz\u00e1g legfiatalabb minisztereln\u00f6ke? - Francespiration<\/title>\n<meta name=\"description\" content=\"Borne lemond\u00e1s\u00e1t k\u00f6vet\u0151enMacron eln\u00f6k Gabriel Attalt nevezte ki minisztereln\u00f6knek, \u00edgy \u0151 a francia t\u00f6rt\u00e9nelem legfiatalabb minisztereln\u00f6ke.\" \/>\n<meta name=\"robots\" content=\"index, follow, max-snippet:-1, max-image-preview:large, max-video-preview:-1\" \/>\n<link rel=\"canonical\" href=\"https:\/\/www.francespiration.com\/index.php\/2024\/01\/10\/soha-nem-volt-meg-ilyen-fiatal-miniszterelnoke-franciaorszagnak\/\" \/>\n<meta property=\"og:locale\" content=\"hu_HU\" \/>\n<meta property=\"og:type\" content=\"article\" \/>\n<meta property=\"og:title\" content=\"Ki Gabriel Attal, Franciaorsz\u00e1g legfiatalabb minisztereln\u00f6ke? - Francespiration\" \/>\n<meta property=\"og:description\" content=\"Borne lemond\u00e1s\u00e1t k\u00f6vet\u0151enMacron eln\u00f6k Gabriel Attalt nevezte ki minisztereln\u00f6knek, \u00edgy \u0151 a francia t\u00f6rt\u00e9nelem legfiatalabb minisztereln\u00f6ke.\" \/>\n<meta property=\"og:url\" content=\"https:\/\/www.francespiration.com\/index.php\/2024\/01\/10\/soha-nem-volt-meg-ilyen-fiatal-miniszterelnoke-franciaorszagnak\/\" \/>\n<meta property=\"og:site_name\" content=\"Francespiration\" \/>\n<meta property=\"article:published_time\" content=\"2024-01-10T08:37:46+00:00\" \/>\n<meta property=\"article:modified_time\" content=\"2024-01-10T09:05:51+00:00\" \/>\n<meta property=\"og:image\" content=\"https:\/\/www.francespiration.com\/wp-content\/uploads\/2024\/01\/francia-miniszterelnok-gabriel-attal-e1704877177805.jpg\" \/>\n\t<meta property=\"og:image:width\" content=\"2048\" \/>\n\t<meta property=\"og:image:height\" content=\"856\" \/>\n\t<meta property=\"og:image:type\" content=\"image\/jpeg\" \/>\n<meta name=\"author\" content=\"Sz\u00f6ll\u0151si T\u00edmea\" \/>\n<meta name=\"twitter:card\" content=\"summary_large_image\" \/>\n<meta name=\"twitter:label1\" content=\"Szerz\u0151:\" \/>\n\t<meta name=\"twitter:data1\" content=\"Sz\u00f6ll\u0151si T\u00edmea\" \/>\n\t<meta name=\"twitter:label2\" content=\"Becs\u00fclt olvas\u00e1si id\u0151\" \/>\n\t<meta name=\"twitter:data2\" content=\"2 perc\" \/>\n<script type=\"application\/ld+json\" class=\"yoast-schema-graph\">{\"@context\":\"https:\/\/schema.org\",\"@graph\":[{\"@type\":\"Article\",\"@id\":\"https:\/\/www.francespiration.com\/index.php\/2024\/01\/10\/soha-nem-volt-meg-ilyen-fiatal-miniszterelnoke-franciaorszagnak\/#article\",\"isPartOf\":{\"@id\":\"https:\/\/www.francespiration.com\/index.php\/2024\/01\/10\/soha-nem-volt-meg-ilyen-fiatal-miniszterelnoke-franciaorszagnak\/\"},\"author\":{\"name\":\"Sz\u00f6ll\u0151si T\u00edmea\",\"@id\":\"https:\/\/www.francespiration.com\/#\/schema\/person\/83f3dc20d791bfb54664f7e0287501fa\"},\"headline\":\"Ki Gabriel Attal, Franciaorsz\u00e1g legfiatalabb minisztereln\u00f6ke?\",\"datePublished\":\"2024-01-10T08:37:46+00:00\",\"dateModified\":\"2024-01-10T09:05:51+00:00\",\"mainEntityOfPage\":{\"@id\":\"https:\/\/www.francespiration.com\/index.php\/2024\/01\/10\/soha-nem-volt-meg-ilyen-fiatal-miniszterelnoke-franciaorszagnak\/\"},\"wordCount\":430,\"commentCount\":0,\"publisher\":{\"@id\":\"https:\/\/www.francespiration.com\/#organization\"},\"articleSection\":[\"H\u00cdREK\"],\"inLanguage\":\"hu\",\"potentialAction\":[{\"@type\":\"CommentAction\",\"name\":\"Comment\",\"target\":[\"https:\/\/www.francespiration.com\/index.php\/2024\/01\/10\/soha-nem-volt-meg-ilyen-fiatal-miniszterelnoke-franciaorszagnak\/#respond\"]}]},{\"@type\":\"WebPage\",\"@id\":\"https:\/\/www.francespiration.com\/index.php\/2024\/01\/10\/soha-nem-volt-meg-ilyen-fiatal-miniszterelnoke-franciaorszagnak\/\",\"url\":\"https:\/\/www.francespiration.com\/index.php\/2024\/01\/10\/soha-nem-volt-meg-ilyen-fiatal-miniszterelnoke-franciaorszagnak\/\",\"name\":\"Ki Gabriel Attal, Franciaorsz\u00e1g legfiatalabb minisztereln\u00f6ke? - Francespiration\",\"isPartOf\":{\"@id\":\"https:\/\/www.francespiration.com\/#website\"},\"datePublished\":\"2024-01-10T08:37:46+00:00\",\"dateModified\":\"2024-01-10T09:05:51+00:00\",\"description\":\"Borne lemond\u00e1s\u00e1t k\u00f6vet\u0151enMacron eln\u00f6k Gabriel Attalt nevezte ki minisztereln\u00f6knek, \u00edgy \u0151 a francia t\u00f6rt\u00e9nelem legfiatalabb minisztereln\u00f6ke.\",\"breadcrumb\":{\"@id\":\"https:\/\/www.francespiration.com\/index.php\/2024\/01\/10\/soha-nem-volt-meg-ilyen-fiatal-miniszterelnoke-franciaorszagnak\/#breadcrumb\"},\"inLanguage\":\"hu\",\"potentialAction\":[{\"@type\":\"ReadAction\",\"target\":[\"https:\/\/www.francespiration.com\/index.php\/2024\/01\/10\/soha-nem-volt-meg-ilyen-fiatal-miniszterelnoke-franciaorszagnak\/\"]}]},{\"@type\":\"BreadcrumbList\",\"@id\":\"https:\/\/www.francespiration.com\/index.php\/2024\/01\/10\/soha-nem-volt-meg-ilyen-fiatal-miniszterelnoke-franciaorszagnak\/#breadcrumb\",\"itemListElement\":[{\"@type\":\"ListItem\",\"position\":1,\"name\":\"Kezd\u0151lap\",\"item\":\"https:\/\/www.francespiration.com\/\"},{\"@type\":\"ListItem\",\"position\":2,\"name\":\"Ki Gabriel Attal, Franciaorsz\u00e1g legfiatalabb minisztereln\u00f6ke?\"}]},{\"@type\":\"WebSite\",\"@id\":\"https:\/\/www.francespiration.com\/#website\",\"url\":\"https:\/\/www.francespiration.com\/\",\"name\":\"Francespiration\",\"description\":\"Just another WordPress site\",\"publisher\":{\"@id\":\"https:\/\/www.francespiration.com\/#organization\"},\"potentialAction\":[{\"@type\":\"SearchAction\",\"target\":{\"@type\":\"EntryPoint\",\"urlTemplate\":\"https:\/\/www.francespiration.com\/?s={search_term_string}\"},\"query-input\":\"required name=search_term_string\"}],\"inLanguage\":\"hu\"},{\"@type\":\"Organization\",\"@id\":\"https:\/\/www.francespiration.com\/#organization\",\"name\":\"Francespiration\",\"url\":\"https:\/\/www.francespiration.com\/\",\"logo\":{\"@type\":\"ImageObject\",\"inLanguage\":\"hu\",\"@id\":\"https:\/\/www.francespiration.com\/#\/schema\/logo\/image\/\",\"url\":\"https:\/\/www.francespiration.com\/wp-content\/uploads\/2022\/09\/4d-also-scaled.jpg\",\"contentUrl\":\"https:\/\/www.francespiration.com\/wp-content\/uploads\/2022\/09\/4d-also-scaled.jpg\",\"width\":2560,\"height\":913,\"caption\":\"Francespiration\"},\"image\":{\"@id\":\"https:\/\/www.francespiration.com\/#\/schema\/logo\/image\/\"}},{\"@type\":\"Person\",\"@id\":\"https:\/\/www.francespiration.com\/#\/schema\/person\/83f3dc20d791bfb54664f7e0287501fa\",\"name\":\"Sz\u00f6ll\u0151si T\u00edmea\",\"image\":{\"@type\":\"ImageObject\",\"inLanguage\":\"hu\",\"@id\":\"https:\/\/www.francespiration.com\/#\/schema\/person\/image\/\",\"url\":\"https:\/\/secure.gravatar.com\/avatar\/1fd2e7bebd99ada3a170be066229da8dce9b7f9ba3748e0b659e39e5f31eb56a?s=96&d=mm&r=g\",\"contentUrl\":\"https:\/\/secure.gravatar.com\/avatar\/1fd2e7bebd99ada3a170be066229da8dce9b7f9ba3748e0b659e39e5f31eb56a?s=96&d=mm&r=g\",\"caption\":\"Sz\u00f6ll\u0151si T\u00edmea\"},\"sameAs\":[\"https:\/\/www.francespiration.com\"],\"url\":\"https:\/\/www.francespiration.com\/index.php\/author\/szollotimi\/\"}]}<\/script>\n<!-- \/ Yoast SEO plugin. -->","yoast_head_json":{"title":"Ki Gabriel Attal, Franciaorsz\u00e1g legfiatalabb minisztereln\u00f6ke? - Francespiration","description":"Borne lemond\u00e1s\u00e1t k\u00f6vet\u0151enMacron eln\u00f6k Gabriel Attalt nevezte ki minisztereln\u00f6knek, \u00edgy \u0151 a francia t\u00f6rt\u00e9nelem legfiatalabb minisztereln\u00f6ke.","robots":{"index":"index","follow":"follow","max-snippet":"max-snippet:-1","max-image-preview":"max-image-preview:large","max-video-preview":"max-video-preview:-1"},"canonical":"https:\/\/www.francespiration.com\/index.php\/2024\/01\/10\/soha-nem-volt-meg-ilyen-fiatal-miniszterelnoke-franciaorszagnak\/","og_locale":"hu_HU","og_type":"article","og_title":"Ki Gabriel Attal, Franciaorsz\u00e1g legfiatalabb minisztereln\u00f6ke? - Francespiration","og_description":"Borne lemond\u00e1s\u00e1t k\u00f6vet\u0151enMacron eln\u00f6k Gabriel Attalt nevezte ki minisztereln\u00f6knek, \u00edgy \u0151 a francia t\u00f6rt\u00e9nelem legfiatalabb minisztereln\u00f6ke.","og_url":"https:\/\/www.francespiration.com\/index.php\/2024\/01\/10\/soha-nem-volt-meg-ilyen-fiatal-miniszterelnoke-franciaorszagnak\/","og_site_name":"Francespiration","article_published_time":"2024-01-10T08:37:46+00:00","article_modified_time":"2024-01-10T09:05:51+00:00","og_image":[{"width":2048,"height":856,"url":"https:\/\/www.francespiration.com\/wp-content\/uploads\/2024\/01\/francia-miniszterelnok-gabriel-attal-e1704877177805.jpg","type":"image\/jpeg"}],"author":"Sz\u00f6ll\u0151si T\u00edmea","twitter_card":"summary_large_image","twitter_misc":{"Szerz\u0151:":"Sz\u00f6ll\u0151si T\u00edmea","Becs\u00fclt olvas\u00e1si id\u0151":"2 perc"},"schema":{"@context":"https:\/\/schema.org","@graph":[{"@type":"Article","@id":"https:\/\/www.francespiration.com\/index.php\/2024\/01\/10\/soha-nem-volt-meg-ilyen-fiatal-miniszterelnoke-franciaorszagnak\/#article","isPartOf":{"@id":"https:\/\/www.francespiration.com\/index.php\/2024\/01\/10\/soha-nem-volt-meg-ilyen-fiatal-miniszterelnoke-franciaorszagnak\/"},"author":{"name":"Sz\u00f6ll\u0151si T\u00edmea","@id":"https:\/\/www.francespiration.com\/#\/schema\/person\/83f3dc20d791bfb54664f7e0287501fa"},"headline":"Ki Gabriel Attal, Franciaorsz\u00e1g legfiatalabb minisztereln\u00f6ke?","datePublished":"2024-01-10T08:37:46+00:00","dateModified":"2024-01-10T09:05:51+00:00","mainEntityOfPage":{"@id":"https:\/\/www.francespiration.com\/index.php\/2024\/01\/10\/soha-nem-volt-meg-ilyen-fiatal-miniszterelnoke-franciaorszagnak\/"},"wordCount":430,"commentCount":0,"publisher":{"@id":"https:\/\/www.francespiration.com\/#organization"},"articleSection":["H\u00cdREK"],"inLanguage":"hu","potentialAction":[{"@type":"CommentAction","name":"Comment","target":["https:\/\/www.francespiration.com\/index.php\/2024\/01\/10\/soha-nem-volt-meg-ilyen-fiatal-miniszterelnoke-franciaorszagnak\/#respond"]}]},{"@type":"WebPage","@id":"https:\/\/www.francespiration.com\/index.php\/2024\/01\/10\/soha-nem-volt-meg-ilyen-fiatal-miniszterelnoke-franciaorszagnak\/","url":"https:\/\/www.francespiration.com\/index.php\/2024\/01\/10\/soha-nem-volt-meg-ilyen-fiatal-miniszterelnoke-franciaorszagnak\/","name":"Ki Gabriel Attal, Franciaorsz\u00e1g legfiatalabb minisztereln\u00f6ke? - Francespiration","isPartOf":{"@id":"https:\/\/www.francespiration.com\/#website"},"datePublished":"2024-01-10T08:37:46+00:00","dateModified":"2024-01-10T09:05:51+00:00","description":"Borne lemond\u00e1s\u00e1t k\u00f6vet\u0151enMacron eln\u00f6k Gabriel Attalt nevezte ki minisztereln\u00f6knek, \u00edgy \u0151 a francia t\u00f6rt\u00e9nelem legfiatalabb minisztereln\u00f6ke.","breadcrumb":{"@id":"https:\/\/www.francespiration.com\/index.php\/2024\/01\/10\/soha-nem-volt-meg-ilyen-fiatal-miniszterelnoke-franciaorszagnak\/#breadcrumb"},"inLanguage":"hu","potentialAction":[{"@type":"ReadAction","target":["https:\/\/www.francespiration.com\/index.php\/2024\/01\/10\/soha-nem-volt-meg-ilyen-fiatal-miniszterelnoke-franciaorszagnak\/"]}]},{"@type":"BreadcrumbList","@id":"https:\/\/www.francespiration.com\/index.php\/2024\/01\/10\/soha-nem-volt-meg-ilyen-fiatal-miniszterelnoke-franciaorszagnak\/#breadcrumb","itemListElement":[{"@type":"ListItem","position":1,"name":"Kezd\u0151lap","item":"https:\/\/www.francespiration.com\/"},{"@type":"ListItem","position":2,"name":"Ki Gabriel Attal, Franciaorsz\u00e1g legfiatalabb minisztereln\u00f6ke?"}]},{"@type":"WebSite","@id":"https:\/\/www.francespiration.com\/#website","url":"https:\/\/www.francespiration.com\/","name":"Francespiration","description":"Just another WordPress site","publisher":{"@id":"https:\/\/www.francespiration.com\/#organization"},"potentialAction":[{"@type":"SearchAction","target":{"@type":"EntryPoint","urlTemplate":"https:\/\/www.francespiration.com\/?s={search_term_string}"},"query-input":"required name=search_term_string"}],"inLanguage":"hu"},{"@type":"Organization","@id":"https:\/\/www.francespiration.com\/#organization","name":"Francespiration","url":"https:\/\/www.francespiration.com\/","logo":{"@type":"ImageObject","inLanguage":"hu","@id":"https:\/\/www.francespiration.com\/#\/schema\/logo\/image\/","url":"https:\/\/www.francespiration.com\/wp-content\/uploads\/2022\/09\/4d-also-scaled.jpg","contentUrl":"https:\/\/www.francespiration.com\/wp-content\/uploads\/2022\/09\/4d-also-scaled.jpg","width":2560,"height":913,"caption":"Francespiration"},"image":{"@id":"https:\/\/www.francespiration.com\/#\/schema\/logo\/image\/"}},{"@type":"Person","@id":"https:\/\/www.francespiration.com\/#\/schema\/person\/83f3dc20d791bfb54664f7e0287501fa","name":"Sz\u00f6ll\u0151si T\u00edmea","image":{"@type":"ImageObject","inLanguage":"hu","@id":"https:\/\/www.francespiration.com\/#\/schema\/person\/image\/","url":"https:\/\/secure.gravatar.com\/avatar\/1fd2e7bebd99ada3a170be066229da8dce9b7f9ba3748e0b659e39e5f31eb56a?s=96&d=mm&r=g","contentUrl":"https:\/\/secure.gravatar.com\/avatar\/1fd2e7bebd99ada3a170be066229da8dce9b7f9ba3748e0b659e39e5f31eb56a?s=96&d=mm&r=g","caption":"Sz\u00f6ll\u0151si T\u00edmea"},"sameAs":["https:\/\/www.francespiration.com"],"url":"https:\/\/www.francespiration.com\/index.php\/author\/szollotimi\/"}]}},"_links":{"self":[{"href":"https:\/\/www.francespiration.com\/index.php\/wp-json\/wp\/v2\/posts\/1711","targetHints":{"allow":["GET"]}}],"collection":[{"href":"https:\/\/www.francespiration.com\/index.php\/wp-json\/wp\/v2\/posts"}],"about":[{"href":"https:\/\/www.francespiration.com\/index.php\/wp-json\/wp\/v2\/types\/post"}],"author":[{"embeddable":true,"href":"https:\/\/www.francespiration.com\/index.php\/wp-json\/wp\/v2\/users\/1"}],"replies":[{"embeddable":true,"href":"https:\/\/www.francespiration.com\/index.php\/wp-json\/wp\/v2\/comments?post=1711"}],"version-history":[{"count":7,"href":"https:\/\/www.francespiration.com\/index.php\/wp-json\/wp\/v2\/posts\/1711\/revisions"}],"predecessor-version":[{"id":1722,"href":"https:\/\/www.francespiration.com\/index.php\/wp-json\/wp\/v2\/posts\/1711\/revisions\/1722"}],"wp:featuredmedia":[{"embeddable":true,"href":"https:\/\/www.francespiration.com\/index.php\/wp-json\/wp\/v2\/media\/1712"}],"wp:attachment":[{"href":"https:\/\/www.francespiration.com\/index.php\/wp-json\/wp\/v2\/media?parent=1711"}],"wp:term":[{"taxonomy":"category","embeddable":true,"href":"https:\/\/www.francespiration.com\/index.php\/wp-json\/wp\/v2\/categories?post=1711"},{"taxonomy":"post_tag","embeddable":true,"href":"https:\/\/www.francespiration.com\/index.php\/wp-json\/wp\/v2\/tags?post=1711"}],"curies":[{"name":"wp","href":"https:\/\/api.w.org\/{rel}","templated":true}]}}