{"id":1725,"date":"2024-01-15T14:20:34","date_gmt":"2024-01-15T14:20:34","guid":{"rendered":"https:\/\/www.francespiration.com\/?p=1725"},"modified":"2024-01-15T20:05:24","modified_gmt":"2024-01-15T20:05:24","slug":"az-ot-legjobb-francia-hely-ahol-iden-sielhetunk","status":"publish","type":"post","link":"https:\/\/www.francespiration.com\/index.php\/2024\/01\/15\/az-ot-legjobb-francia-hely-ahol-iden-sielhetunk\/","title":{"rendered":"Az \u00f6t legjobb hely Franciaorsz\u00e1gban, ahol s\u00edelhet\u00fcnk"},"content":{"rendered":"\n<p>Ezek a b\u00e1jos franciaorsz\u00e1gi \u00fatic\u00e9lok friss h\u00f3t, hangulatos falvakat \u00e9s leny\u0171g\u00f6z\u0151 kil\u00e1t\u00e1sokat \u00edg\u00e9rnek az eg\u00e9sz szezonban.<\/p>\n\n\n\n<!--more-->\n\n\n\n<p>Vil\u00e1gsz\u00ednvonal\u00fa s\u00edterepek, l\u00e9legzetel\u00e1ll\u00edt\u00f3 alpesi t\u00e1jak \u00e9s b\u00e1jos falvak&#8230; Franciaorsz\u00e1g a t\u00e9li sportok szerelmeseinek csodaorsz\u00e1ga. S\u0151t, a p\u00e1ly\u00e1k a k\u00fcl\u00f6nb\u00f6z\u0151 szint\u0171 s\u00edel\u0151k \u00e9s snowboardosok ig\u00e9nyeit is kiel\u00e9g\u00edtik. Ha m\u00e9g mindig nem d\u00f6nt\u00f6tted el, hol s\u00edeln\u00e9l id\u00e9n, \u00edme n\u00e9h\u00e1ny nagyon aj\u00e1nlott francia \u00fatic\u00e9l, ahol garant\u00e1ltan \u00e9lvezheted a telet.<\/p>\n\n\n\n<h2 class=\"wp-block-heading\">Chamonix, Mont-Blanc<\/h2>\n\n\n\n<figure class=\"wp-block-image size-large\"><img loading=\"lazy\" decoding=\"async\" width=\"1024\" height=\"683\" src=\"https:\/\/www.francespiration.com\/wp-content\/uploads\/2024\/01\/chamonix-sieles-1024x683.jpg\" alt=\"\" class=\"wp-image-1731\" srcset=\"https:\/\/www.francespiration.com\/wp-content\/uploads\/2024\/01\/chamonix-sieles-1024x683.jpg 1024w, https:\/\/www.francespiration.com\/wp-content\/uploads\/2024\/01\/chamonix-sieles-300x200.jpg 300w, https:\/\/www.francespiration.com\/wp-content\/uploads\/2024\/01\/chamonix-sieles-768x512.jpg 768w, https:\/\/www.francespiration.com\/wp-content\/uploads\/2024\/01\/chamonix-sieles.jpg 1254w\" sizes=\"auto, (max-width: 1024px) 100vw, 1024px\" \/><figcaption class=\"wp-element-caption\">Fot\u00f3: iStock<\/figcaption><\/figure>\n\n\n\n<p>A lelkes s\u00edel\u0151k \u00e9s hegyi t\u00far\u00e1z\u00f3k sz\u00e1m\u00e1ra Chamonix-Mont-Blanc-ot nem sz\u00fcks\u00e9ges bemutatni, hiszen maga Chamonix eg\u00e9sz \u00e9vben n\u00e9pszer\u0171 a ny\u00e1ri t\u00far\u00e1z\u00e1st\u00f3l a t\u00e9li s\u00edel\u00e9sig. Noha a k\u00f6rny\u00e9k nagy kih\u00edv\u00e1s tud lenni a s\u00edel\u0151k \u00e9s a snowboardosok sz\u00e1m\u00e1ra, szerencs\u00e9re az\u00e9rt kezd\u0151 \u00e9s k\u00f6zepes neh\u00e9zs\u00e9g\u0171 p\u00e1ly\u00e1kat is k\u00edn\u00e1l. A Les Touches nev\u0171 ter\u00fclet p\u00e9ld\u00e1ul a kezd\u0151 s\u00edel\u0151k sz\u00e1m\u00e1ra t\u00f6k\u00e9letesen alkalmas, m\u00edg a halad\u00f3bbak a Le Brevent-re menjenek, ha fekete p\u00e1ly\u00e1kra v\u00e1gynak.<\/p>\n\n\n\n<h2 class=\"wp-block-heading\">Val d&#8217;Isere<\/h2>\n\n\n\n<figure class=\"wp-block-image size-large\"><img loading=\"lazy\" decoding=\"async\" width=\"1024\" height=\"684\" src=\"https:\/\/www.francespiration.com\/wp-content\/uploads\/2024\/01\/val-disere-sieles-1024x684.jpg\" alt=\"Val d'Is\u00e8re-s\u00edel\u00e9s\" class=\"wp-image-1730\" srcset=\"https:\/\/www.francespiration.com\/wp-content\/uploads\/2024\/01\/val-disere-sieles-1024x684.jpg 1024w, https:\/\/www.francespiration.com\/wp-content\/uploads\/2024\/01\/val-disere-sieles-300x200.jpg 300w, https:\/\/www.francespiration.com\/wp-content\/uploads\/2024\/01\/val-disere-sieles-768x513.jpg 768w, https:\/\/www.francespiration.com\/wp-content\/uploads\/2024\/01\/val-disere-sieles-1536x1026.jpg 1536w, https:\/\/www.francespiration.com\/wp-content\/uploads\/2024\/01\/val-disere-sieles-2048x1368.jpg 2048w\" sizes=\"auto, (max-width: 1024px) 100vw, 1024px\" \/><figcaption class=\"wp-element-caption\">Val d&#8217;Is\u00e8re Fot\u00f3: iStock<\/figcaption><\/figure>\n\n\n\n<p>A m\u00e9g mindig kih\u00edv\u00e1st keres\u0151 s\u00edel\u0151knek \u00e9s snowboardosoknak mindenk\u00e9pp \u00e9rdemes felvenni Val d&#8217;Isere-t az idei bakancslist\u00e1jukra. A tapasztalt s\u00edel\u0151k kipr\u00f3b\u00e1lhatj\u00e1k magukat ak\u00e1r egy vil\u00e1gkupa lesikl\u00f3p\u00e1ly\u00e1n, mik\u00f6zben a telep\u00fcl\u00e9s a kutyasz\u00e1noz\u00e1st\u00f3l a sikl\u00f3erny\u0151z\u00e9sig a lejt\u0151k\u00f6n k\u00edv\u00fcl is sz\u00e1mos egy\u00e9b izgalmas tev\u00e9kenys\u00e9get k\u00edn\u00e1l. \u00c9s persze ne feledkezz\u00fcnk meg a francia gasztron\u00f3mia remekeir\u0151l sem&#8230;<\/p>\n\n\n\n<h2 class=\"wp-block-heading\">Tignes<\/h2>\n\n\n\n<p>A Val d&#8217;Isere-hez egy libeg\u0151n kereszt\u00fcl kapcsol\u00f3d\u00f3 Tignes Franciaorsz\u00e1g egyik leghavasabb \u00fati c\u00e9lja. A telep\u00fcl\u00e9s t\u00f6bb sz\u00e1z kilom\u00e9ter hosszan k\u00edn\u00e1lja a jobbn\u00e1l-jobb p\u00e1ly\u00e1kat \u00e9s t\u00f6bb, mint 70 \u00fcl\u0151lift is van. Itt k\u00e9ts\u00e9gtelen\u00fcl gy\u00f6ny\u00f6r\u0171, \u00e9s szinte minden t\u00e9li sportra alkalmas terep v\u00e1r. <\/p>\n\n\n\n<h2 class=\"wp-block-heading\">Les 3 Vallees<\/h2>\n\n\n\n<figure class=\"wp-block-image size-large\"><img loading=\"lazy\" decoding=\"async\" width=\"1024\" height=\"576\" src=\"https:\/\/www.francespiration.com\/wp-content\/uploads\/2024\/01\/megeve-sieles-1024x576.jpg\" alt=\"Les 3 Vallee-s\u00edel\u00e9s\" class=\"wp-image-1729\" srcset=\"https:\/\/www.francespiration.com\/wp-content\/uploads\/2024\/01\/megeve-sieles-1024x576.jpg 1024w, https:\/\/www.francespiration.com\/wp-content\/uploads\/2024\/01\/megeve-sieles-300x169.jpg 300w, https:\/\/www.francespiration.com\/wp-content\/uploads\/2024\/01\/megeve-sieles-768x432.jpg 768w, https:\/\/www.francespiration.com\/wp-content\/uploads\/2024\/01\/megeve-sieles-1536x864.jpg 1536w, https:\/\/www.francespiration.com\/wp-content\/uploads\/2024\/01\/megeve-sieles-2048x1152.jpg 2048w\" sizes=\"auto, (max-width: 1024px) 100vw, 1024px\" \/><figcaption class=\"wp-element-caption\">Fot\u00f3: iStock<\/figcaption><\/figure>\n\n\n\n<p>180 s\u00edlifttel \u00e9s 600 kilom\u00e9ternyi p\u00e1ly\u00e1val a H\u00e1rom v\u00f6lgy a vil\u00e1g legnagyobb \u00f6sszekapcsolt s\u00edter\u00fclete, \u00e9s itt tal\u00e1lhat\u00f3 a Val Thorens, Eur\u00f3pa legmagasabb s\u00edk\u00f6zpontja. A r\u00e9gi\u00f3 kezd\u0151 \u00e9s halad\u00f3 p\u00e1ly\u00e1kban gazdag, a kezd\u0151 s\u00edel\u0151k 43 z\u00f6ld \u00e9s 129 k\u00e9k p\u00e1ly\u00e1ra sz\u00e1m\u00edthatnak, m\u00edg a k\u00f6z\u00e9phalad\u00f3 s\u00edel\u0151k 125 piros p\u00e1ly\u00e1t fedezhetnek fel! Ha pedig p\u00e1ly\u00e1n k\u00edv\u00fcl szeretn\u00e9nk pr\u00f3b\u00e1ra tenni magunkat, akkor pr\u00f3b\u00e1ljuk ki a Couloir Croix des Verdant \u00e9s a Creux Noirs s\u00edter\u00fcleteket, vagy menj\u00fcnk fel a Le Signal fel\u00e9, \u00e9s gy\u00f6ny\u00f6rk\u00f6dj\u00fcnk a leny\u0171g\u00f6z\u0151 kil\u00e1t\u00e1s\u00e1ban, vagy a La Saulire tetej\u00e9re, ahonnan az Alpokra ny\u00edlik l\u00e9legzetel\u00e1ll\u00edt\u00f3 kil\u00e1t\u00e1s.<\/p>\n\n\n\n<h2 class=\"wp-block-heading\">Meg\u00e8ve&nbsp;<\/h2>\n\n\n\n<figure class=\"wp-block-image size-large\"><img loading=\"lazy\" decoding=\"async\" width=\"1024\" height=\"682\" src=\"https:\/\/www.francespiration.com\/wp-content\/uploads\/2024\/01\/iStock-1219030091-1024x682.jpg\" alt=\"Meg\u00e8ve-s\u00edel\u00e9s\" class=\"wp-image-1728\" srcset=\"https:\/\/www.francespiration.com\/wp-content\/uploads\/2024\/01\/iStock-1219030091-1024x682.jpg 1024w, https:\/\/www.francespiration.com\/wp-content\/uploads\/2024\/01\/iStock-1219030091-300x200.jpg 300w, https:\/\/www.francespiration.com\/wp-content\/uploads\/2024\/01\/iStock-1219030091-768x512.jpg 768w, https:\/\/www.francespiration.com\/wp-content\/uploads\/2024\/01\/iStock-1219030091.jpg 1255w\" sizes=\"auto, (max-width: 1024px) 100vw, 1024px\" \/><figcaption class=\"wp-element-caption\">Fot\u00f3: iStock<\/figcaption><\/figure>\n\n\n\n<p>Ha nem szeretn\u00e9nk az eg\u00e9sz nyaral\u00e1s\u00e1t, akarom mondani telel\u00e9st a havas lejt\u0151k\u00f6n t\u00f6lteni, ez a kis telep\u00fcl\u00e9s k\u00e9ts\u00e9gtelen\u00fcl t\u00f6k\u00e9letes v\u00e1laszt\u00e1s. Sz\u00e1mos eleg\u00e1ns fah\u00e1zzal, egy mes\u00e9s k\u00f6z\u00e9pkori v\u00e1rosk\u00f6zponttal \u00e9s ny\u00fczsg\u0151 kulin\u00e1ris lehet\u0151s\u00e9gekkel b\u00fcszk\u00e9lkedhet. A k\u00f6r\u00fclbel\u00fcl 1110 m\u00e9teres tengerszint feletti magass\u00e1gban fekv\u0151 falub\u00f3l leny\u0171g\u00f6z\u0151 kil\u00e1t\u00e1s ny\u00edlik az Alpokra. \u00c9s ami a legjobb, hogy egy lejt\u0151n elt\u00f6lt\u00f6tt f\u00e1raszt\u00f3 nap ut\u00e1n tehet\u00fcnk egy kis kit\u00e9r\u0151t a szomsz\u00e9dos Saint Gervais f\u00fcrd\u0151v\u00e1rosba, hogy azt\u00e1n a melegv\u00edzben laz\u00edtsuk ki megf\u00e1radt tagjainkat.<\/p>\n","protected":false},"excerpt":{"rendered":"<p>Ezek a b\u00e1jos franciaorsz\u00e1gi \u00fatic\u00e9lok friss h\u00f3t, hangulatos falvakat \u00e9s leny\u0171g\u00f6z\u0151 kil\u00e1t\u00e1sokat \u00edg\u00e9rnek az eg\u00e9sz szezonban.<\/p>\n","protected":false},"author":1,"featured_media":1730,"comment_status":"open","ping_status":"open","sticky":false,"template":"","format":"standard","meta":{"footnotes":""},"categories":[28],"tags":[89,91,87,88,90],"class_list":["post-1725","post","type-post","status-publish","format-standard","has-post-thumbnail","hentry","category-helyek","tag-chamonix","tag-megeve","tag-sieles","tag-siparadicsom","tag-val-disere"],"yoast_head":"<!-- This site is optimized with the Yoast SEO plugin v20.13 - https:\/\/yoast.com\/wordpress\/plugins\/seo\/ -->\n<title>Az \u00f6t legjobb hely Franciaorsz\u00e1gban, ahol s\u00edelhet\u00fcnk - Francespiration<\/title>\n<meta name=\"description\" content=\"Vil\u00e1gsz\u00ednvonal\u00fa s\u00edterepek, l\u00e9legzetel\u00e1ll\u00edt\u00f3 alpesi t\u00e1jak \u00e9s b\u00e1jos falvak... a t\u00e9li sportok szerelmeseinek csodaorsz\u00e1ga, ahol j\u00f3t s\u00edelhet\u00fcnk\" \/>\n<meta name=\"robots\" content=\"index, follow, max-snippet:-1, max-image-preview:large, max-video-preview:-1\" \/>\n<link rel=\"canonical\" href=\"https:\/\/www.francespiration.com\/index.php\/2024\/01\/15\/az-ot-legjobb-francia-hely-ahol-iden-sielhetunk\/\" \/>\n<meta property=\"og:locale\" content=\"hu_HU\" \/>\n<meta property=\"og:type\" content=\"article\" \/>\n<meta property=\"og:title\" content=\"Az \u00f6t legjobb hely Franciaorsz\u00e1gban, ahol s\u00edelhet\u00fcnk - Francespiration\" \/>\n<meta property=\"og:description\" content=\"Vil\u00e1gsz\u00ednvonal\u00fa s\u00edterepek, l\u00e9legzetel\u00e1ll\u00edt\u00f3 alpesi t\u00e1jak \u00e9s b\u00e1jos falvak... a t\u00e9li sportok szerelmeseinek csodaorsz\u00e1ga, ahol j\u00f3t s\u00edelhet\u00fcnk\" \/>\n<meta property=\"og:url\" content=\"https:\/\/www.francespiration.com\/index.php\/2024\/01\/15\/az-ot-legjobb-francia-hely-ahol-iden-sielhetunk\/\" \/>\n<meta property=\"og:site_name\" content=\"Francespiration\" \/>\n<meta property=\"article:published_time\" content=\"2024-01-15T14:20:34+00:00\" \/>\n<meta property=\"article:modified_time\" content=\"2024-01-15T20:05:24+00:00\" \/>\n<meta property=\"og:image\" content=\"https:\/\/www.francespiration.com\/wp-content\/uploads\/2024\/01\/val-disere-sieles-1024x684.jpg\" \/>\n\t<meta property=\"og:image:width\" content=\"1024\" \/>\n\t<meta property=\"og:image:height\" content=\"684\" \/>\n\t<meta property=\"og:image:type\" content=\"image\/jpeg\" \/>\n<meta name=\"author\" content=\"Sz\u00f6ll\u0151si T\u00edmea\" \/>\n<meta name=\"twitter:card\" content=\"summary_large_image\" \/>\n<meta name=\"twitter:label1\" content=\"Szerz\u0151:\" \/>\n\t<meta name=\"twitter:data1\" content=\"Sz\u00f6ll\u0151si T\u00edmea\" \/>\n\t<meta name=\"twitter:label2\" content=\"Becs\u00fclt olvas\u00e1si id\u0151\" \/>\n\t<meta name=\"twitter:data2\" content=\"4 perc\" \/>\n<script type=\"application\/ld+json\" class=\"yoast-schema-graph\">{\"@context\":\"https:\/\/schema.org\",\"@graph\":[{\"@type\":\"Article\",\"@id\":\"https:\/\/www.francespiration.com\/index.php\/2024\/01\/15\/az-ot-legjobb-francia-hely-ahol-iden-sielhetunk\/#article\",\"isPartOf\":{\"@id\":\"https:\/\/www.francespiration.com\/index.php\/2024\/01\/15\/az-ot-legjobb-francia-hely-ahol-iden-sielhetunk\/\"},\"author\":{\"name\":\"Sz\u00f6ll\u0151si T\u00edmea\",\"@id\":\"https:\/\/www.francespiration.com\/#\/schema\/person\/83f3dc20d791bfb54664f7e0287501fa\"},\"headline\":\"Az \u00f6t legjobb hely Franciaorsz\u00e1gban, ahol s\u00edelhet\u00fcnk\",\"datePublished\":\"2024-01-15T14:20:34+00:00\",\"dateModified\":\"2024-01-15T20:05:24+00:00\",\"mainEntityOfPage\":{\"@id\":\"https:\/\/www.francespiration.com\/index.php\/2024\/01\/15\/az-ot-legjobb-francia-hely-ahol-iden-sielhetunk\/\"},\"wordCount\":690,\"commentCount\":0,\"publisher\":{\"@id\":\"https:\/\/www.francespiration.com\/#organization\"},\"keywords\":[\"chamonix\",\"megeve\",\"s\u00edel\u00e9s\",\"s\u00edparadicsom\",\"val d'isere\"],\"articleSection\":[\"K\u00dcL\u00d6NLEGES HELYEK\"],\"inLanguage\":\"hu\",\"potentialAction\":[{\"@type\":\"CommentAction\",\"name\":\"Comment\",\"target\":[\"https:\/\/www.francespiration.com\/index.php\/2024\/01\/15\/az-ot-legjobb-francia-hely-ahol-iden-sielhetunk\/#respond\"]}]},{\"@type\":\"WebPage\",\"@id\":\"https:\/\/www.francespiration.com\/index.php\/2024\/01\/15\/az-ot-legjobb-francia-hely-ahol-iden-sielhetunk\/\",\"url\":\"https:\/\/www.francespiration.com\/index.php\/2024\/01\/15\/az-ot-legjobb-francia-hely-ahol-iden-sielhetunk\/\",\"name\":\"Az \u00f6t legjobb hely Franciaorsz\u00e1gban, ahol s\u00edelhet\u00fcnk - Francespiration\",\"isPartOf\":{\"@id\":\"https:\/\/www.francespiration.com\/#website\"},\"datePublished\":\"2024-01-15T14:20:34+00:00\",\"dateModified\":\"2024-01-15T20:05:24+00:00\",\"description\":\"Vil\u00e1gsz\u00ednvonal\u00fa s\u00edterepek, l\u00e9legzetel\u00e1ll\u00edt\u00f3 alpesi t\u00e1jak \u00e9s b\u00e1jos falvak... a t\u00e9li sportok szerelmeseinek csodaorsz\u00e1ga, ahol j\u00f3t s\u00edelhet\u00fcnk\",\"breadcrumb\":{\"@id\":\"https:\/\/www.francespiration.com\/index.php\/2024\/01\/15\/az-ot-legjobb-francia-hely-ahol-iden-sielhetunk\/#breadcrumb\"},\"inLanguage\":\"hu\",\"potentialAction\":[{\"@type\":\"ReadAction\",\"target\":[\"https:\/\/www.francespiration.com\/index.php\/2024\/01\/15\/az-ot-legjobb-francia-hely-ahol-iden-sielhetunk\/\"]}]},{\"@type\":\"BreadcrumbList\",\"@id\":\"https:\/\/www.francespiration.com\/index.php\/2024\/01\/15\/az-ot-legjobb-francia-hely-ahol-iden-sielhetunk\/#breadcrumb\",\"itemListElement\":[{\"@type\":\"ListItem\",\"position\":1,\"name\":\"Kezd\u0151lap\",\"item\":\"https:\/\/www.francespiration.com\/\"},{\"@type\":\"ListItem\",\"position\":2,\"name\":\"Az \u00f6t legjobb hely Franciaorsz\u00e1gban, ahol s\u00edelhet\u00fcnk\"}]},{\"@type\":\"WebSite\",\"@id\":\"https:\/\/www.francespiration.com\/#website\",\"url\":\"https:\/\/www.francespiration.com\/\",\"name\":\"Francespiration\",\"description\":\"Just another WordPress site\",\"publisher\":{\"@id\":\"https:\/\/www.francespiration.com\/#organization\"},\"potentialAction\":[{\"@type\":\"SearchAction\",\"target\":{\"@type\":\"EntryPoint\",\"urlTemplate\":\"https:\/\/www.francespiration.com\/?s={search_term_string}\"},\"query-input\":\"required name=search_term_string\"}],\"inLanguage\":\"hu\"},{\"@type\":\"Organization\",\"@id\":\"https:\/\/www.francespiration.com\/#organization\",\"name\":\"Francespiration\",\"url\":\"https:\/\/www.francespiration.com\/\",\"logo\":{\"@type\":\"ImageObject\",\"inLanguage\":\"hu\",\"@id\":\"https:\/\/www.francespiration.com\/#\/schema\/logo\/image\/\",\"url\":\"https:\/\/www.francespiration.com\/wp-content\/uploads\/2022\/09\/4d-also-scaled.jpg\",\"contentUrl\":\"https:\/\/www.francespiration.com\/wp-content\/uploads\/2022\/09\/4d-also-scaled.jpg\",\"width\":2560,\"height\":913,\"caption\":\"Francespiration\"},\"image\":{\"@id\":\"https:\/\/www.francespiration.com\/#\/schema\/logo\/image\/\"}},{\"@type\":\"Person\",\"@id\":\"https:\/\/www.francespiration.com\/#\/schema\/person\/83f3dc20d791bfb54664f7e0287501fa\",\"name\":\"Sz\u00f6ll\u0151si T\u00edmea\",\"image\":{\"@type\":\"ImageObject\",\"inLanguage\":\"hu\",\"@id\":\"https:\/\/www.francespiration.com\/#\/schema\/person\/image\/\",\"url\":\"https:\/\/secure.gravatar.com\/avatar\/1fd2e7bebd99ada3a170be066229da8dce9b7f9ba3748e0b659e39e5f31eb56a?s=96&d=mm&r=g\",\"contentUrl\":\"https:\/\/secure.gravatar.com\/avatar\/1fd2e7bebd99ada3a170be066229da8dce9b7f9ba3748e0b659e39e5f31eb56a?s=96&d=mm&r=g\",\"caption\":\"Sz\u00f6ll\u0151si T\u00edmea\"},\"sameAs\":[\"https:\/\/www.francespiration.com\"],\"url\":\"https:\/\/www.francespiration.com\/index.php\/author\/szollotimi\/\"}]}<\/script>\n<!-- \/ Yoast SEO plugin. -->","yoast_head_json":{"title":"Az \u00f6t legjobb hely Franciaorsz\u00e1gban, ahol s\u00edelhet\u00fcnk - Francespiration","description":"Vil\u00e1gsz\u00ednvonal\u00fa s\u00edterepek, l\u00e9legzetel\u00e1ll\u00edt\u00f3 alpesi t\u00e1jak \u00e9s b\u00e1jos falvak... a t\u00e9li sportok szerelmeseinek csodaorsz\u00e1ga, ahol j\u00f3t s\u00edelhet\u00fcnk","robots":{"index":"index","follow":"follow","max-snippet":"max-snippet:-1","max-image-preview":"max-image-preview:large","max-video-preview":"max-video-preview:-1"},"canonical":"https:\/\/www.francespiration.com\/index.php\/2024\/01\/15\/az-ot-legjobb-francia-hely-ahol-iden-sielhetunk\/","og_locale":"hu_HU","og_type":"article","og_title":"Az \u00f6t legjobb hely Franciaorsz\u00e1gban, ahol s\u00edelhet\u00fcnk - Francespiration","og_description":"Vil\u00e1gsz\u00ednvonal\u00fa s\u00edterepek, l\u00e9legzetel\u00e1ll\u00edt\u00f3 alpesi t\u00e1jak \u00e9s b\u00e1jos falvak... a t\u00e9li sportok szerelmeseinek csodaorsz\u00e1ga, ahol j\u00f3t s\u00edelhet\u00fcnk","og_url":"https:\/\/www.francespiration.com\/index.php\/2024\/01\/15\/az-ot-legjobb-francia-hely-ahol-iden-sielhetunk\/","og_site_name":"Francespiration","article_published_time":"2024-01-15T14:20:34+00:00","article_modified_time":"2024-01-15T20:05:24+00:00","og_image":[{"width":1024,"height":684,"url":"https:\/\/www.francespiration.com\/wp-content\/uploads\/2024\/01\/val-disere-sieles-1024x684.jpg","type":"image\/jpeg"}],"author":"Sz\u00f6ll\u0151si T\u00edmea","twitter_card":"summary_large_image","twitter_misc":{"Szerz\u0151:":"Sz\u00f6ll\u0151si T\u00edmea","Becs\u00fclt olvas\u00e1si id\u0151":"4 perc"},"schema":{"@context":"https:\/\/schema.org","@graph":[{"@type":"Article","@id":"https:\/\/www.francespiration.com\/index.php\/2024\/01\/15\/az-ot-legjobb-francia-hely-ahol-iden-sielhetunk\/#article","isPartOf":{"@id":"https:\/\/www.francespiration.com\/index.php\/2024\/01\/15\/az-ot-legjobb-francia-hely-ahol-iden-sielhetunk\/"},"author":{"name":"Sz\u00f6ll\u0151si T\u00edmea","@id":"https:\/\/www.francespiration.com\/#\/schema\/person\/83f3dc20d791bfb54664f7e0287501fa"},"headline":"Az \u00f6t legjobb hely Franciaorsz\u00e1gban, ahol s\u00edelhet\u00fcnk","datePublished":"2024-01-15T14:20:34+00:00","dateModified":"2024-01-15T20:05:24+00:00","mainEntityOfPage":{"@id":"https:\/\/www.francespiration.com\/index.php\/2024\/01\/15\/az-ot-legjobb-francia-hely-ahol-iden-sielhetunk\/"},"wordCount":690,"commentCount":0,"publisher":{"@id":"https:\/\/www.francespiration.com\/#organization"},"keywords":["chamonix","megeve","s\u00edel\u00e9s","s\u00edparadicsom","val d'isere"],"articleSection":["K\u00dcL\u00d6NLEGES HELYEK"],"inLanguage":"hu","potentialAction":[{"@type":"CommentAction","name":"Comment","target":["https:\/\/www.francespiration.com\/index.php\/2024\/01\/15\/az-ot-legjobb-francia-hely-ahol-iden-sielhetunk\/#respond"]}]},{"@type":"WebPage","@id":"https:\/\/www.francespiration.com\/index.php\/2024\/01\/15\/az-ot-legjobb-francia-hely-ahol-iden-sielhetunk\/","url":"https:\/\/www.francespiration.com\/index.php\/2024\/01\/15\/az-ot-legjobb-francia-hely-ahol-iden-sielhetunk\/","name":"Az \u00f6t legjobb hely Franciaorsz\u00e1gban, ahol s\u00edelhet\u00fcnk - Francespiration","isPartOf":{"@id":"https:\/\/www.francespiration.com\/#website"},"datePublished":"2024-01-15T14:20:34+00:00","dateModified":"2024-01-15T20:05:24+00:00","description":"Vil\u00e1gsz\u00ednvonal\u00fa s\u00edterepek, l\u00e9legzetel\u00e1ll\u00edt\u00f3 alpesi t\u00e1jak \u00e9s b\u00e1jos falvak... a t\u00e9li sportok szerelmeseinek csodaorsz\u00e1ga, ahol j\u00f3t s\u00edelhet\u00fcnk","breadcrumb":{"@id":"https:\/\/www.francespiration.com\/index.php\/2024\/01\/15\/az-ot-legjobb-francia-hely-ahol-iden-sielhetunk\/#breadcrumb"},"inLanguage":"hu","potentialAction":[{"@type":"ReadAction","target":["https:\/\/www.francespiration.com\/index.php\/2024\/01\/15\/az-ot-legjobb-francia-hely-ahol-iden-sielhetunk\/"]}]},{"@type":"BreadcrumbList","@id":"https:\/\/www.francespiration.com\/index.php\/2024\/01\/15\/az-ot-legjobb-francia-hely-ahol-iden-sielhetunk\/#breadcrumb","itemListElement":[{"@type":"ListItem","position":1,"name":"Kezd\u0151lap","item":"https:\/\/www.francespiration.com\/"},{"@type":"ListItem","position":2,"name":"Az \u00f6t legjobb hely Franciaorsz\u00e1gban, ahol s\u00edelhet\u00fcnk"}]},{"@type":"WebSite","@id":"https:\/\/www.francespiration.com\/#website","url":"https:\/\/www.francespiration.com\/","name":"Francespiration","description":"Just another WordPress site","publisher":{"@id":"https:\/\/www.francespiration.com\/#organization"},"potentialAction":[{"@type":"SearchAction","target":{"@type":"EntryPoint","urlTemplate":"https:\/\/www.francespiration.com\/?s={search_term_string}"},"query-input":"required name=search_term_string"}],"inLanguage":"hu"},{"@type":"Organization","@id":"https:\/\/www.francespiration.com\/#organization","name":"Francespiration","url":"https:\/\/www.francespiration.com\/","logo":{"@type":"ImageObject","inLanguage":"hu","@id":"https:\/\/www.francespiration.com\/#\/schema\/logo\/image\/","url":"https:\/\/www.francespiration.com\/wp-content\/uploads\/2022\/09\/4d-also-scaled.jpg","contentUrl":"https:\/\/www.francespiration.com\/wp-content\/uploads\/2022\/09\/4d-also-scaled.jpg","width":2560,"height":913,"caption":"Francespiration"},"image":{"@id":"https:\/\/www.francespiration.com\/#\/schema\/logo\/image\/"}},{"@type":"Person","@id":"https:\/\/www.francespiration.com\/#\/schema\/person\/83f3dc20d791bfb54664f7e0287501fa","name":"Sz\u00f6ll\u0151si T\u00edmea","image":{"@type":"ImageObject","inLanguage":"hu","@id":"https:\/\/www.francespiration.com\/#\/schema\/person\/image\/","url":"https:\/\/secure.gravatar.com\/avatar\/1fd2e7bebd99ada3a170be066229da8dce9b7f9ba3748e0b659e39e5f31eb56a?s=96&d=mm&r=g","contentUrl":"https:\/\/secure.gravatar.com\/avatar\/1fd2e7bebd99ada3a170be066229da8dce9b7f9ba3748e0b659e39e5f31eb56a?s=96&d=mm&r=g","caption":"Sz\u00f6ll\u0151si T\u00edmea"},"sameAs":["https:\/\/www.francespiration.com"],"url":"https:\/\/www.francespiration.com\/index.php\/author\/szollotimi\/"}]}},"_links":{"self":[{"href":"https:\/\/www.francespiration.com\/index.php\/wp-json\/wp\/v2\/posts\/1725","targetHints":{"allow":["GET"]}}],"collection":[{"href":"https:\/\/www.francespiration.com\/index.php\/wp-json\/wp\/v2\/posts"}],"about":[{"href":"https:\/\/www.francespiration.com\/index.php\/wp-json\/wp\/v2\/types\/post"}],"author":[{"embeddable":true,"href":"https:\/\/www.francespiration.com\/index.php\/wp-json\/wp\/v2\/users\/1"}],"replies":[{"embeddable":true,"href":"https:\/\/www.francespiration.com\/index.php\/wp-json\/wp\/v2\/comments?post=1725"}],"version-history":[{"count":6,"href":"https:\/\/www.francespiration.com\/index.php\/wp-json\/wp\/v2\/posts\/1725\/revisions"}],"predecessor-version":[{"id":1737,"href":"https:\/\/www.francespiration.com\/index.php\/wp-json\/wp\/v2\/posts\/1725\/revisions\/1737"}],"wp:featuredmedia":[{"embeddable":true,"href":"https:\/\/www.francespiration.com\/index.php\/wp-json\/wp\/v2\/media\/1730"}],"wp:attachment":[{"href":"https:\/\/www.francespiration.com\/index.php\/wp-json\/wp\/v2\/media?parent=1725"}],"wp:term":[{"taxonomy":"category","embeddable":true,"href":"https:\/\/www.francespiration.com\/index.php\/wp-json\/wp\/v2\/categories?post=1725"},{"taxonomy":"post_tag","embeddable":true,"href":"https:\/\/www.francespiration.com\/index.php\/wp-json\/wp\/v2\/tags?post=1725"}],"curies":[{"name":"wp","href":"https:\/\/api.w.org\/{rel}","templated":true}]}}