{"id":1738,"date":"2024-01-28T13:50:21","date_gmt":"2024-01-28T13:50:21","guid":{"rendered":"https:\/\/www.francespiration.com\/?p=1738"},"modified":"2024-02-16T08:35:07","modified_gmt":"2024-02-16T08:35:07","slug":"10-vicces-teny-marie-antoinette-rol","status":"publish","type":"post","link":"https:\/\/www.francespiration.com\/index.php\/2024\/01\/28\/10-vicces-teny-marie-antoinette-rol\/","title":{"rendered":"10 vicces t\u00e9ny Marie-Antoinette-r\u0151l"},"content":{"rendered":"\n<p><strong>A t\u00f6rt\u00e9nelem legismertebb francia kir\u00e1lyn\u0151je k\u00e9ts\u00e9gtelen\u00fcl Marie-Antoinette<\/strong>, <strong>aki sok hamis pletyka \u00e9s felt\u00e9telez\u00e9s t\u00e1rgya lett, mik\u00f6zben az ut\u00f3kor elfeledkezett \u00e9let\u00e9nek n\u00e9h\u00e1ny apr\u00f3 r\u00e9szlet\u00e9r\u0151l. <\/strong><\/p>\n\n\n\n<!--more-->\n\n\n\n<p>XVI. Lajos feles\u00e9ge ellentmond\u00e1sos \u00e9letet \u00e9lt \u00e9s rajongott a luxus\u00e9rt a gazdas\u00e1gi v\u00e1ls\u00e1g \u00e9s a francia forradalom idej\u00e9n. Ez nem tett j\u00f3t a h\u00edrnev\u00e9nek, \u00e9s j\u00f3 okot adott a forradalm\u00e1roknak, hogy v\u00e1dat emeljenek a kir\u00e1lyi p\u00e1r \u00e9s a monarchia ellen. Marie Antoinette Jos\u00e8phe Jeanne 1755. november 2-\u00e1n B\u00e9csben l\u00e1tta meg a napvil\u00e1got a nagyhatalm\u00fa I. Ferenc r\u00f3mai cs\u00e1sz\u00e1r \u00e9s M\u00e1ria Ter\u00e9zia magyar kir\u00e1lyn\u00e9 \u00e9s kir\u00e1lyn\u0151 l\u00e1nyak\u00e9nt. F\u00e9ny\u0171z\u0151 \u00e9lete lefejez\u00e9ssel \u00e9rt v\u00e9get, miut\u00e1n egy sor ostoba dologgal v\u00e1dolt\u00e1k meg. A t\u00f6rt\u00e9nelembe, mint \u00e9sszer\u0171tlen uralkod\u00f3 \u00e9s a v\u00e9rszomjas forradalm\u00e1rok \u00e1ldozatak\u00e9nt vonult  be, pedig enn\u00e9l sokkal t\u00f6bb volt \u0151&#8230;<\/p>\n\n\n\n<h2 class=\"wp-block-heading\">14 \u00e9vesen adt\u00e1k f\u00e9rjhez.<\/h2>\n\n\n\n<p>Maga a kir\u00e1ly is mind\u00f6ssze 15 \u00e9ves volt, amikor Franciaorsz\u00e1g \u00e9s Ausztria ily m\u00f3don meger\u0151s\u00edtette sz\u00f6vets\u00e9g\u00e9t. B\u00e1r teljesen norm\u00e1lis volt, hogy a kir\u00e1lyi csal\u00e1dokban kor\u00e1n h\u00e1zasodnak a gyermekek, a 14 \u00e9v m\u00e9g \u00edgy is k\u00fcl\u00f6n\u00f6sen fiatalnak sz\u00e1m\u00edtott.<\/p>\n\n\n\n<h2 class=\"wp-block-heading\">B\u00e1lv\u00e1nyozt\u00e1k, m\u00e9g miel\u0151tt kir\u00e1lyn\u00e9 lett volna.<\/h2>\n\n\n\n<p>Amikor el\u0151sz\u00f6r mutatt\u00e1k be a franci\u00e1knak, \u00f3ri\u00e1si felfordul\u00e1st v\u00e1ltott ki a lakoss\u00e1g k\u00f6r\u00e9ben: \u00f6tvenezer ember gy\u0171lt \u00f6ssze a f\u0151v\u00e1rosban, \u00e9s mintegy harminc embert g\u00e1zoltak hal\u00e1lra a lovaskocsikkal. H\u00edrneve azonban gy\u00f6keresen megv\u00e1ltozott a tr\u00f3nra l\u00e9p\u00e9s\u00e9t k\u00f6vet\u0151 \u00e9vekben&#8230;<\/p>\n\n\n\n<h2 class=\"wp-block-heading\">H\u00e9t \u00e9vbe telt, mire elh\u00e1lt\u00e1k a h\u00e1zass\u00e1got.<\/h2>\n\n\n\n<p>Vajon mi lehetett az oka annak, hogy nem vonz\u00f3dott f\u00e9rj\u00e9hez: a fiatal kora, a kir\u00e1ly impotenci\u00e1ja vagy sz\u00e1mos m\u00e1s lehet\u0151s\u00e9g \u00e1llhatott a h\u00e1tt\u00e9rben? Senki sem tudja, de azt igen, hogy a kir\u00e1ly apja \u00fagy d\u00f6nt\u00f6tt, hogy hat \u00e9v ut\u00e1n int\u00e9zkedik. Egy unokatestv\u00e9rt vett ig\u00e9nybe, hogy megtan\u00edtsa az ifj\u00fa kir\u00e1lynak mit kell tennie a h\u00e1l\u00f3szob\u00e1ban. Ez a hadm\u0171velet olyannyira sikeresnek bizonyult, hogy hogy a kir\u00e1ly els\u0151 l\u00e1nya alig egy \u00e9v m\u00falva vil\u00e1gra is j\u00f6tt. Egy\u00fattal bizonyos pletyk\u00e1k is sz\u00e1rnyra kaptak a gyermek \u00e1ll\u00edt\u00f3lagos apj\u00e1t illet\u0151en, de nincs okunk azt hinni, hogy nem a kir\u00e1ly\u00e9 lett volna a gyermek.<\/p>\n\n\n\n<h2 class=\"wp-block-heading\">Nem volt annyira \u00e9sszer\u0171tlen a p\u00e9nz\u00fcgyek ter\u00e9n, mint ahogy az ut\u00f3kor gondolja.<\/h2>\n\n\n\n<p>B\u00e1r nagyon szerette a versailles-i \u00e9letm\u00f3dot, az ments\u00e9g\u00e9re legyen mondva, hogy m\u00e1r csak alkalmazkodott hozz\u00e1, amikor az udvarba ker\u00fclt. A kir\u00e1lyi csal\u00e1d t\u00f6bbi tagja, p\u00e9ld\u00e1ul a kir\u00e1ly b\u00e1tyja, val\u00f3j\u00e1ban sokkal t\u00f6bbet k\u00f6lt\u00f6tt ruh\u00e1kra \u00e9s sz\u00f3rakoz\u00e1sra, mint \u0151, de n\u0151 \u00e9s k\u00fclf\u00f6ldi l\u00e9v\u00e9n a forradalm\u00e1rok haragja jobban \u00e9rintette \u0151t, mint a csal\u00e1d t\u00f6bbi tagj\u00e1t.<\/p>\n\n\n\n<h2 class=\"wp-block-heading\">Val\u00f3sz\u00edn\u0171leg soha nem mondta ki azt a mondatot: &#8221; ha nincs kenyer\u00fck, egyenek kal\u00e1csot!\u201d<\/h2>\n\n\n\n<p>Ezt a h\u00edrhedt mond\u00e1st, amelyet Marie-Antoinette-nek tulajdon\u00edtottak, m\u00e1r sok m\u00e1s ember sz\u00e1j\u00e1b\u00f3l is elhangzott azokban az \u00e9vekben. De a forradalm\u00e1rok arra haszn\u00e1lt\u00e1k, hogy megd\u00f6bbent\u0151 r\u00f6piratokkal v\u00e1dolj\u00e1k a kir\u00e1lyt \u00e9s a kir\u00e1lyn\u00e9t.<\/p>\n\n\n\n<h2 class=\"wp-block-heading\">Fant\u00e1ziafalut \u00e9p\u00edttetett Versailles-ban.<\/h2>\n\n\n\n<p>Le Petit Hameau n\u00e9ven fel\u00e9p\u00edtett egy fant\u00e1ziafalut, amelyben \u0151 \u00e9s bar\u00e1tai \u00fagy tettek, mintha dolgozn\u00e1nak. Ennek a k\u00f6lts\u00e9ges kis mened\u00e9knek a fel\u00e9p\u00edt\u00e9se a m\u00e9ly gazdas\u00e1gi v\u00e1ls\u00e1g idej\u00e9n term\u00e9szetesen nem tetszett a lakoss\u00e1gnak, ami megint csak n\u00f6velte az ellen\u00e9rz\u00e9st vele szemben.<\/p>\n\n\n\n<h2 class=\"wp-block-heading\">Hihetetlen\u00fcl vigy\u00e1zott a haj\u00e1ra.<\/h2>\n\n\n\n<p>Marie-Antoinette haj\u00e1t \u00e9rdemes volt l\u00e1tni. A fodr\u00e1sza az egyik legk\u00f6zelebbi bar\u00e1tja volt, aki olykor k\u00f6zel egy m\u00e9ter magas hajk\u00f6ltem\u00e9nyt k\u00e9sz\u00edtett neki, amelyet tollakkal, \u00e9kszerekkel d\u00edsz\u00edtett, s\u0151t&#8230; egyszer m\u00e9g egy haj\u00f3j\u00e1nak m\u00e1solat\u00e1t is elhelyezte benne! <\/p>\n\n\n\n<h2 class=\"wp-block-heading\">Koholt v\u00e1dak alapj\u00e1n \u00edt\u00e9lt\u00e9k el.<\/h2>\n\n\n\n<p>K\u00f6lts\u00e9ges \u00e9lete mellett fels\u00e9g\u00e1rul\u00e1ssal, szexu\u00e1lis b\u0171ncselekm\u00e9nyekkel, f\u00e9rfi \u00e9s n\u0151i szeret\u0151vel val\u00f3 promiszkuit\u00e1ssal v\u00e1dolt\u00e1k. Fi\u00e1t, Lajos K\u00e1rolyt (k\u00e9s\u0151bbi XVII. Lajos francia kir\u00e1ly) is tan\u00faskod\u00e1sra k\u00e9nyszer\u00edtett\u00e9k ellene.<\/p>\n\n\n\n<p>Marie-Antoinette extravag\u00e1ns \u00e9lete sor\u00e1n megoszt\u00f3 t\u00f6rt\u00e9nelmi karakter volt, akit sokan gy\u0171l\u00f6ltek. De ahogy az \u00e9letben semmi nem puszt\u00e1n fekete vagy feh\u00e9r, az \u0151 \u00e9lete \u00e9s szem\u00e9lyis\u00e9ge is sokkal \u00f6sszetettebb volt enn\u00e9l&#8230;<\/p>\n","protected":false},"excerpt":{"rendered":"<p>A t\u00f6rt\u00e9nelem legismertebb francia kir\u00e1lyn\u0151je k\u00e9ts\u00e9gtelen\u00fcl Marie-Antoinette, aki sok hamis pletyka \u00e9s felt\u00e9telez\u00e9s t\u00e1rgya lett, mik\u00f6zben az ut\u00f3kor elfeledkezett \u00e9let\u00e9nek n\u00e9h\u00e1ny apr\u00f3 r\u00e9szlet\u00e9r\u0151l.<\/p>\n","protected":false},"author":1,"featured_media":1758,"comment_status":"open","ping_status":"open","sticky":false,"template":"","format":"standard","meta":{"footnotes":""},"categories":[29],"tags":[99,100],"class_list":["post-1738","post","type-post","status-publish","format-standard","has-post-thumbnail","hentry","category-kultura","tag-marie-antoinette","tag-xvi-lajos"],"yoast_head":"<!-- This site is optimized with the Yoast SEO plugin v20.13 - https:\/\/yoast.com\/wordpress\/plugins\/seo\/ -->\n<title>10 vicces t\u00e9ny Marie-Antoinette-r\u0151l - Francespiration<\/title>\n<meta name=\"description\" content=\"Marie-Antoinette, aki sok hamis pletyka \u00e9s felt\u00e9telez\u00e9s t\u00e1rgya lett, \u00e9s az ut\u00f3kor elfeledkezett \u00e9let\u00e9nek n\u00e9h\u00e1ny apr\u00f3 r\u00e9szlet\u00e9r\u0151l.\" \/>\n<meta name=\"robots\" content=\"index, follow, max-snippet:-1, max-image-preview:large, max-video-preview:-1\" \/>\n<link rel=\"canonical\" href=\"https:\/\/www.francespiration.com\/index.php\/2024\/01\/28\/10-vicces-teny-marie-antoinette-rol\/\" \/>\n<meta property=\"og:locale\" content=\"hu_HU\" \/>\n<meta property=\"og:type\" content=\"article\" \/>\n<meta property=\"og:title\" content=\"10 vicces t\u00e9ny Marie-Antoinette-r\u0151l - Francespiration\" \/>\n<meta property=\"og:description\" content=\"Marie-Antoinette, aki sok hamis pletyka \u00e9s felt\u00e9telez\u00e9s t\u00e1rgya lett, \u00e9s az ut\u00f3kor elfeledkezett \u00e9let\u00e9nek n\u00e9h\u00e1ny apr\u00f3 r\u00e9szlet\u00e9r\u0151l.\" \/>\n<meta property=\"og:url\" content=\"https:\/\/www.francespiration.com\/index.php\/2024\/01\/28\/10-vicces-teny-marie-antoinette-rol\/\" \/>\n<meta property=\"og:site_name\" content=\"Francespiration\" \/>\n<meta property=\"article:published_time\" content=\"2024-01-28T13:50:21+00:00\" \/>\n<meta property=\"article:modified_time\" content=\"2024-02-16T08:35:07+00:00\" \/>\n<meta property=\"og:image\" content=\"https:\/\/www.francespiration.com\/wp-content\/uploads\/2024\/01\/marie-antoinette.jpg\" \/>\n\t<meta property=\"og:image:width\" content=\"1200\" \/>\n\t<meta property=\"og:image:height\" content=\"900\" \/>\n\t<meta property=\"og:image:type\" content=\"image\/jpeg\" \/>\n<meta name=\"author\" content=\"Sz\u00f6ll\u0151si T\u00edmea\" \/>\n<meta name=\"twitter:card\" content=\"summary_large_image\" \/>\n<meta name=\"twitter:label1\" content=\"Szerz\u0151:\" \/>\n\t<meta name=\"twitter:data1\" content=\"Sz\u00f6ll\u0151si T\u00edmea\" \/>\n\t<meta name=\"twitter:label2\" content=\"Becs\u00fclt olvas\u00e1si id\u0151\" \/>\n\t<meta name=\"twitter:data2\" content=\"4 perc\" \/>\n<script type=\"application\/ld+json\" class=\"yoast-schema-graph\">{\"@context\":\"https:\/\/schema.org\",\"@graph\":[{\"@type\":\"Article\",\"@id\":\"https:\/\/www.francespiration.com\/index.php\/2024\/01\/28\/10-vicces-teny-marie-antoinette-rol\/#article\",\"isPartOf\":{\"@id\":\"https:\/\/www.francespiration.com\/index.php\/2024\/01\/28\/10-vicces-teny-marie-antoinette-rol\/\"},\"author\":{\"name\":\"Sz\u00f6ll\u0151si T\u00edmea\",\"@id\":\"https:\/\/www.francespiration.com\/#\/schema\/person\/83f3dc20d791bfb54664f7e0287501fa\"},\"headline\":\"10 vicces t\u00e9ny Marie-Antoinette-r\u0151l\",\"datePublished\":\"2024-01-28T13:50:21+00:00\",\"dateModified\":\"2024-02-16T08:35:07+00:00\",\"mainEntityOfPage\":{\"@id\":\"https:\/\/www.francespiration.com\/index.php\/2024\/01\/28\/10-vicces-teny-marie-antoinette-rol\/\"},\"wordCount\":851,\"commentCount\":0,\"publisher\":{\"@id\":\"https:\/\/www.francespiration.com\/#organization\"},\"keywords\":[\"marie-antoinette\",\"XVI.Lajos\"],\"articleSection\":[\"KULT\u00daRA\"],\"inLanguage\":\"hu\",\"potentialAction\":[{\"@type\":\"CommentAction\",\"name\":\"Comment\",\"target\":[\"https:\/\/www.francespiration.com\/index.php\/2024\/01\/28\/10-vicces-teny-marie-antoinette-rol\/#respond\"]}]},{\"@type\":\"WebPage\",\"@id\":\"https:\/\/www.francespiration.com\/index.php\/2024\/01\/28\/10-vicces-teny-marie-antoinette-rol\/\",\"url\":\"https:\/\/www.francespiration.com\/index.php\/2024\/01\/28\/10-vicces-teny-marie-antoinette-rol\/\",\"name\":\"10 vicces t\u00e9ny Marie-Antoinette-r\u0151l - Francespiration\",\"isPartOf\":{\"@id\":\"https:\/\/www.francespiration.com\/#website\"},\"datePublished\":\"2024-01-28T13:50:21+00:00\",\"dateModified\":\"2024-02-16T08:35:07+00:00\",\"description\":\"Marie-Antoinette, aki sok hamis pletyka \u00e9s felt\u00e9telez\u00e9s t\u00e1rgya lett, \u00e9s az ut\u00f3kor elfeledkezett \u00e9let\u00e9nek n\u00e9h\u00e1ny apr\u00f3 r\u00e9szlet\u00e9r\u0151l.\",\"breadcrumb\":{\"@id\":\"https:\/\/www.francespiration.com\/index.php\/2024\/01\/28\/10-vicces-teny-marie-antoinette-rol\/#breadcrumb\"},\"inLanguage\":\"hu\",\"potentialAction\":[{\"@type\":\"ReadAction\",\"target\":[\"https:\/\/www.francespiration.com\/index.php\/2024\/01\/28\/10-vicces-teny-marie-antoinette-rol\/\"]}]},{\"@type\":\"BreadcrumbList\",\"@id\":\"https:\/\/www.francespiration.com\/index.php\/2024\/01\/28\/10-vicces-teny-marie-antoinette-rol\/#breadcrumb\",\"itemListElement\":[{\"@type\":\"ListItem\",\"position\":1,\"name\":\"Kezd\u0151lap\",\"item\":\"https:\/\/www.francespiration.com\/\"},{\"@type\":\"ListItem\",\"position\":2,\"name\":\"10 vicces t\u00e9ny Marie-Antoinette-r\u0151l\"}]},{\"@type\":\"WebSite\",\"@id\":\"https:\/\/www.francespiration.com\/#website\",\"url\":\"https:\/\/www.francespiration.com\/\",\"name\":\"Francespiration\",\"description\":\"Just another WordPress site\",\"publisher\":{\"@id\":\"https:\/\/www.francespiration.com\/#organization\"},\"potentialAction\":[{\"@type\":\"SearchAction\",\"target\":{\"@type\":\"EntryPoint\",\"urlTemplate\":\"https:\/\/www.francespiration.com\/?s={search_term_string}\"},\"query-input\":\"required name=search_term_string\"}],\"inLanguage\":\"hu\"},{\"@type\":\"Organization\",\"@id\":\"https:\/\/www.francespiration.com\/#organization\",\"name\":\"Francespiration\",\"url\":\"https:\/\/www.francespiration.com\/\",\"logo\":{\"@type\":\"ImageObject\",\"inLanguage\":\"hu\",\"@id\":\"https:\/\/www.francespiration.com\/#\/schema\/logo\/image\/\",\"url\":\"https:\/\/www.francespiration.com\/wp-content\/uploads\/2022\/09\/4d-also-scaled.jpg\",\"contentUrl\":\"https:\/\/www.francespiration.com\/wp-content\/uploads\/2022\/09\/4d-also-scaled.jpg\",\"width\":2560,\"height\":913,\"caption\":\"Francespiration\"},\"image\":{\"@id\":\"https:\/\/www.francespiration.com\/#\/schema\/logo\/image\/\"}},{\"@type\":\"Person\",\"@id\":\"https:\/\/www.francespiration.com\/#\/schema\/person\/83f3dc20d791bfb54664f7e0287501fa\",\"name\":\"Sz\u00f6ll\u0151si T\u00edmea\",\"image\":{\"@type\":\"ImageObject\",\"inLanguage\":\"hu\",\"@id\":\"https:\/\/www.francespiration.com\/#\/schema\/person\/image\/\",\"url\":\"https:\/\/secure.gravatar.com\/avatar\/1fd2e7bebd99ada3a170be066229da8dce9b7f9ba3748e0b659e39e5f31eb56a?s=96&d=mm&r=g\",\"contentUrl\":\"https:\/\/secure.gravatar.com\/avatar\/1fd2e7bebd99ada3a170be066229da8dce9b7f9ba3748e0b659e39e5f31eb56a?s=96&d=mm&r=g\",\"caption\":\"Sz\u00f6ll\u0151si T\u00edmea\"},\"sameAs\":[\"https:\/\/www.francespiration.com\"],\"url\":\"https:\/\/www.francespiration.com\/index.php\/author\/szollotimi\/\"}]}<\/script>\n<!-- \/ Yoast SEO plugin. -->","yoast_head_json":{"title":"10 vicces t\u00e9ny Marie-Antoinette-r\u0151l - Francespiration","description":"Marie-Antoinette, aki sok hamis pletyka \u00e9s felt\u00e9telez\u00e9s t\u00e1rgya lett, \u00e9s az ut\u00f3kor elfeledkezett \u00e9let\u00e9nek n\u00e9h\u00e1ny apr\u00f3 r\u00e9szlet\u00e9r\u0151l.","robots":{"index":"index","follow":"follow","max-snippet":"max-snippet:-1","max-image-preview":"max-image-preview:large","max-video-preview":"max-video-preview:-1"},"canonical":"https:\/\/www.francespiration.com\/index.php\/2024\/01\/28\/10-vicces-teny-marie-antoinette-rol\/","og_locale":"hu_HU","og_type":"article","og_title":"10 vicces t\u00e9ny Marie-Antoinette-r\u0151l - Francespiration","og_description":"Marie-Antoinette, aki sok hamis pletyka \u00e9s felt\u00e9telez\u00e9s t\u00e1rgya lett, \u00e9s az ut\u00f3kor elfeledkezett \u00e9let\u00e9nek n\u00e9h\u00e1ny apr\u00f3 r\u00e9szlet\u00e9r\u0151l.","og_url":"https:\/\/www.francespiration.com\/index.php\/2024\/01\/28\/10-vicces-teny-marie-antoinette-rol\/","og_site_name":"Francespiration","article_published_time":"2024-01-28T13:50:21+00:00","article_modified_time":"2024-02-16T08:35:07+00:00","og_image":[{"width":1200,"height":900,"url":"https:\/\/www.francespiration.com\/wp-content\/uploads\/2024\/01\/marie-antoinette.jpg","type":"image\/jpeg"}],"author":"Sz\u00f6ll\u0151si T\u00edmea","twitter_card":"summary_large_image","twitter_misc":{"Szerz\u0151:":"Sz\u00f6ll\u0151si T\u00edmea","Becs\u00fclt olvas\u00e1si id\u0151":"4 perc"},"schema":{"@context":"https:\/\/schema.org","@graph":[{"@type":"Article","@id":"https:\/\/www.francespiration.com\/index.php\/2024\/01\/28\/10-vicces-teny-marie-antoinette-rol\/#article","isPartOf":{"@id":"https:\/\/www.francespiration.com\/index.php\/2024\/01\/28\/10-vicces-teny-marie-antoinette-rol\/"},"author":{"name":"Sz\u00f6ll\u0151si T\u00edmea","@id":"https:\/\/www.francespiration.com\/#\/schema\/person\/83f3dc20d791bfb54664f7e0287501fa"},"headline":"10 vicces t\u00e9ny Marie-Antoinette-r\u0151l","datePublished":"2024-01-28T13:50:21+00:00","dateModified":"2024-02-16T08:35:07+00:00","mainEntityOfPage":{"@id":"https:\/\/www.francespiration.com\/index.php\/2024\/01\/28\/10-vicces-teny-marie-antoinette-rol\/"},"wordCount":851,"commentCount":0,"publisher":{"@id":"https:\/\/www.francespiration.com\/#organization"},"keywords":["marie-antoinette","XVI.Lajos"],"articleSection":["KULT\u00daRA"],"inLanguage":"hu","potentialAction":[{"@type":"CommentAction","name":"Comment","target":["https:\/\/www.francespiration.com\/index.php\/2024\/01\/28\/10-vicces-teny-marie-antoinette-rol\/#respond"]}]},{"@type":"WebPage","@id":"https:\/\/www.francespiration.com\/index.php\/2024\/01\/28\/10-vicces-teny-marie-antoinette-rol\/","url":"https:\/\/www.francespiration.com\/index.php\/2024\/01\/28\/10-vicces-teny-marie-antoinette-rol\/","name":"10 vicces t\u00e9ny Marie-Antoinette-r\u0151l - Francespiration","isPartOf":{"@id":"https:\/\/www.francespiration.com\/#website"},"datePublished":"2024-01-28T13:50:21+00:00","dateModified":"2024-02-16T08:35:07+00:00","description":"Marie-Antoinette, aki sok hamis pletyka \u00e9s felt\u00e9telez\u00e9s t\u00e1rgya lett, \u00e9s az ut\u00f3kor elfeledkezett \u00e9let\u00e9nek n\u00e9h\u00e1ny apr\u00f3 r\u00e9szlet\u00e9r\u0151l.","breadcrumb":{"@id":"https:\/\/www.francespiration.com\/index.php\/2024\/01\/28\/10-vicces-teny-marie-antoinette-rol\/#breadcrumb"},"inLanguage":"hu","potentialAction":[{"@type":"ReadAction","target":["https:\/\/www.francespiration.com\/index.php\/2024\/01\/28\/10-vicces-teny-marie-antoinette-rol\/"]}]},{"@type":"BreadcrumbList","@id":"https:\/\/www.francespiration.com\/index.php\/2024\/01\/28\/10-vicces-teny-marie-antoinette-rol\/#breadcrumb","itemListElement":[{"@type":"ListItem","position":1,"name":"Kezd\u0151lap","item":"https:\/\/www.francespiration.com\/"},{"@type":"ListItem","position":2,"name":"10 vicces t\u00e9ny Marie-Antoinette-r\u0151l"}]},{"@type":"WebSite","@id":"https:\/\/www.francespiration.com\/#website","url":"https:\/\/www.francespiration.com\/","name":"Francespiration","description":"Just another WordPress site","publisher":{"@id":"https:\/\/www.francespiration.com\/#organization"},"potentialAction":[{"@type":"SearchAction","target":{"@type":"EntryPoint","urlTemplate":"https:\/\/www.francespiration.com\/?s={search_term_string}"},"query-input":"required name=search_term_string"}],"inLanguage":"hu"},{"@type":"Organization","@id":"https:\/\/www.francespiration.com\/#organization","name":"Francespiration","url":"https:\/\/www.francespiration.com\/","logo":{"@type":"ImageObject","inLanguage":"hu","@id":"https:\/\/www.francespiration.com\/#\/schema\/logo\/image\/","url":"https:\/\/www.francespiration.com\/wp-content\/uploads\/2022\/09\/4d-also-scaled.jpg","contentUrl":"https:\/\/www.francespiration.com\/wp-content\/uploads\/2022\/09\/4d-also-scaled.jpg","width":2560,"height":913,"caption":"Francespiration"},"image":{"@id":"https:\/\/www.francespiration.com\/#\/schema\/logo\/image\/"}},{"@type":"Person","@id":"https:\/\/www.francespiration.com\/#\/schema\/person\/83f3dc20d791bfb54664f7e0287501fa","name":"Sz\u00f6ll\u0151si T\u00edmea","image":{"@type":"ImageObject","inLanguage":"hu","@id":"https:\/\/www.francespiration.com\/#\/schema\/person\/image\/","url":"https:\/\/secure.gravatar.com\/avatar\/1fd2e7bebd99ada3a170be066229da8dce9b7f9ba3748e0b659e39e5f31eb56a?s=96&d=mm&r=g","contentUrl":"https:\/\/secure.gravatar.com\/avatar\/1fd2e7bebd99ada3a170be066229da8dce9b7f9ba3748e0b659e39e5f31eb56a?s=96&d=mm&r=g","caption":"Sz\u00f6ll\u0151si T\u00edmea"},"sameAs":["https:\/\/www.francespiration.com"],"url":"https:\/\/www.francespiration.com\/index.php\/author\/szollotimi\/"}]}},"_links":{"self":[{"href":"https:\/\/www.francespiration.com\/index.php\/wp-json\/wp\/v2\/posts\/1738","targetHints":{"allow":["GET"]}}],"collection":[{"href":"https:\/\/www.francespiration.com\/index.php\/wp-json\/wp\/v2\/posts"}],"about":[{"href":"https:\/\/www.francespiration.com\/index.php\/wp-json\/wp\/v2\/types\/post"}],"author":[{"embeddable":true,"href":"https:\/\/www.francespiration.com\/index.php\/wp-json\/wp\/v2\/users\/1"}],"replies":[{"embeddable":true,"href":"https:\/\/www.francespiration.com\/index.php\/wp-json\/wp\/v2\/comments?post=1738"}],"version-history":[{"count":6,"href":"https:\/\/www.francespiration.com\/index.php\/wp-json\/wp\/v2\/posts\/1738\/revisions"}],"predecessor-version":[{"id":1789,"href":"https:\/\/www.francespiration.com\/index.php\/wp-json\/wp\/v2\/posts\/1738\/revisions\/1789"}],"wp:featuredmedia":[{"embeddable":true,"href":"https:\/\/www.francespiration.com\/index.php\/wp-json\/wp\/v2\/media\/1758"}],"wp:attachment":[{"href":"https:\/\/www.francespiration.com\/index.php\/wp-json\/wp\/v2\/media?parent=1738"}],"wp:term":[{"taxonomy":"category","embeddable":true,"href":"https:\/\/www.francespiration.com\/index.php\/wp-json\/wp\/v2\/categories?post=1738"},{"taxonomy":"post_tag","embeddable":true,"href":"https:\/\/www.francespiration.com\/index.php\/wp-json\/wp\/v2\/tags?post=1738"}],"curies":[{"name":"wp","href":"https:\/\/api.w.org\/{rel}","templated":true}]}}