{"id":1751,"date":"2024-01-22T07:26:22","date_gmt":"2024-01-22T07:26:22","guid":{"rendered":"https:\/\/www.francespiration.com\/?p=1751"},"modified":"2024-01-22T07:27:47","modified_gmt":"2024-01-22T07:27:47","slug":"korosi-zsuzsa-minden-nonek-joga-van-eldonteni-akar-e-gyereket-kivel-es-mikor","status":"publish","type":"post","link":"https:\/\/www.francespiration.com\/index.php\/2024\/01\/22\/korosi-zsuzsa-minden-nonek-joga-van-eldonteni-akar-e-gyereket-kivel-es-mikor\/","title":{"rendered":"K\u00f6r\u00f6si Zsuzsa: \u201eMinden n\u0151nek joga van eld\u00f6nteni, akar-e gyereket, kivel \u00e9s mikor\u201d"},"content":{"rendered":"\n<p><strong>1973-ban egyetemist\u00e1k kis csoportja al\u00e1\u00edr\u00e1sgy\u0171jt\u00e9st szervezett a tervezett abortusz szigor\u00edt\u00e1s ellen, amely az akkori szocialista id\u0151szak egyetlen ismert feminista akci\u00f3ja volt. A pet\u00edci\u00f3 \u00e9s a mozgalom egyik 1975 \u00f3ta Franciaorsz\u00e1gban \u00e9l\u0151 szervez\u0151j\u00e9vel, K\u00f6r\u00f6si Zsuzs\u00e1val emberi jogi aktivist\u00e1val, dokumentumfilmes \u00e9s \u00fajs\u00e1g\u00edr\u00f3val besz\u00e9lgett\u00fcnk az 1973-as pet\u00edci\u00f3r\u00f3l, m\u00faltr\u00f3l \u00e9s jelenr\u0151l.<\/strong><\/p>\n\n\n\n<!--more-->\n\n\n\n<p>Az abortusz k\u00e9rd\u00e9se rendk\u00edv\u00fcl ellentmond\u00e1sos a vil\u00e1g sz\u00e1mos orsz\u00e1g\u00e1ban, mik\u00f6zben a biztons\u00e1gos, min\u0151s\u00e9gi terhess\u00e9gmegszak\u00edt\u00e1shoz val\u00f3 hozz\u00e1f\u00e9r\u00e9s biztos\u00edt\u00e1sa alapvet\u0151 felt\u00e9tele a n\u0151k testi auton\u00f3mi\u00e1j\u00e1nak. Haz\u00e1nkban is a jogalkot\u00e1s szigor\u00edt\u00e1sa figyelhet\u0151 meg, mik\u00f6zben a n\u0151k alapvet\u0151 emberi joga a saj\u00e1t teste feletti \u00f6nrendelkez\u00e9si jog \u00e9s annak eld\u00f6nt\u00e9se, hogy kivel, mikor, milyen k\u00f6r\u00fclm\u00e9nyek k\u00f6z\u00f6tt \u00e9s egy\u00e1ltal\u00e1n akar-e gyereket.<\/p>\n\n\n\n<p><strong>\u00d6n volt az 1973-as al\u00e1\u00edr\u00e1sgy\u0171jt\u00e9s egyik szervez\u0151je. Mi t\u00f6rt\u00e9nt akkor \u00e9s mi volt az \u00d6n szem\u00e9lyes ind\u00edttat\u00e1sa, ami\u00e9rt r\u00e9szt vett a mozgalomban?<\/strong><\/p>\n\n\n\n<p>Angol szakos egyetemistak\u00e9nt nagyon elm\u00e9ly\u00fcltem az angol \u00e9s amerikai irodalomban \u00e9s a francia szakos t\u00e1rsaimmal egy\u00fctt mindannyiunkat felpezsd\u00edtett az a sok felvil\u00e1gosult gondolat, amelyeket olvastunk. Amikor hozz\u00e1nk is eljutott a h\u00edr, hogy korl\u00e1tozni akarj\u00e1k az abortuszhoz val\u00f3 jogot, azonnal tudtuk, hogy valamit csin\u00e1lni kell. Megsz\u00fcletett az al\u00e1\u00edr\u00e1sgy\u0171jt\u00e9s gondolata, meg\u00edrtuk a sz\u00f6veget \u00e9s elkezdt\u00fck gy\u0171jteni az al\u00e1\u00edr\u00e1sokat. Sokan vett\u00fcnk r\u00e9szt benne. Az volt a terv, hogy az \u00f6sszegy\u0171jt\u00f6tt al\u00e1\u00edr\u00e1sokat beny\u00fajtjuk az orsz\u00e1ggy\u0171l\u00e9snek, mert t\u00e9vesen azt gondoltunk, hogy 1956-ban az abortusz szabads\u00e1g\u00e1t t\u00f6rv\u00e9ny r\u00f6gz\u00edtette \u00e9s \u00edgy az orsz\u00e1ggy\u0171l\u00e9si k\u00e9pvisel\u0151knek adhatjuk azt a nemes feladatot, hogy megv\u00e9dj\u00e9k ezt a t\u00f6rv\u00e9nyes jogot \u00e9s a <a href=\"https:\/\/www.facebook.com\/events\/888177933012882\" target=\"_blank\" rel=\"noreferrer noopener\">pet\u00edci\u00f3ban<\/a> kifejtett \u00e9rvek alapj\u00e1n ne v\u00e1ltoztass\u00e1k meg a jogszab\u00e1lyt. De kider\u00fclt, hogy nem t\u00f6rv\u00e9nyr\u0151l volt sz\u00f3, hanem minisztereln\u00f6ki d\u00f6nt\u00e9sr\u0151l, \u00e9s \u00edgy a parlamenti k\u00e9pvisel\u0151k nem szavazhattak r\u00f3la \u2013 igaz akkoriban nem is volt igazi parlament. V\u00e9g\u00fcl is csak egy fikci\u00f3 volt, de mi komolyan vett\u00fck a szab\u00e1lyokat, m\u00e9g ha nem is m\u0171k\u00f6dtek. Sajnos 1973-ban megszigor\u00edtott\u00e1k az abortuszhoz val\u00f3 jogot, ezzel egy\u00fctt m\u00e9gis sikeres volt az akci\u00f3, mert 1553-an \u00edrt\u00e1k al\u00e1 a pet\u00edci\u00f3t, ami 1973-ban az\u00e9rt is egyed\u00fcl\u00e1ll\u00f3 volt, mert azel\u0151tt semmilyen pet\u00edci\u00f3 nem volt a szocialista Magyarorsz\u00e1gon. 1553 ember kifejez\u00e9st tudott adni a v\u00e9lem\u00e9ny\u00e9nek, \u00e9s rajtuk kereszt\u00fcl m\u00e9g enn\u00e9l is t\u00f6bb emberhez eljutott.<\/p>\n\n\n\n<figure class=\"wp-block-image alignnone size-full wp-image-67212\"><img decoding=\"async\" src=\"https:\/\/bcoolmagazin.hu\/wp-content\/uploads\/2024\/01\/Korosi-Zsuzsa.jpg\" alt=\"\" class=\"wp-image-67212\"\/><figcaption class=\"wp-element-caption\">Fot\u00f3: K\u00f6r\u00f6si Zsuzsa<\/figcaption><\/figure>\n\n\n\n<p><strong>Az\u00f3ta eltelt 50 \u00e9v. Hogyan l\u00e1tja, mi v\u00e1ltozott ezalatt az id\u0151 alatt?<\/strong><\/p>\n\n\n\n<p>A mai rendszer az emberi jogok szempontj\u00e1b\u00f3l igen reakci\u00f3s, \u00e9s a n\u0151i \u00e9s \u00e1ltal\u00e1ban az emberi jogok ellens\u00e9ge. Ami az abortuszt illeti, mint az Eur\u00f3pai Uni\u00f3 tagja megtapasztalhatta, hogy b\u00e1r van olyan eur\u00f3pai orsz\u00e1g, amely megtiltja az abortuszt, mint Lengyelorsz\u00e1g, de m\u00e1s orsz\u00e1gokban err\u0151l sz\u00f3 sincs. Magyarorsz\u00e1gon, ahol lehet, ott megnehez\u00edti a korm\u00e1ny a terhess\u00e9gmegszak\u00edt\u00e1s k\u00f6r\u00fclm\u00e9nyeit. Minden tudom\u00e1nyos alapot n\u00e9lk\u00fcl\u00f6z d\u00f6nt\u00e9s, hogy az abortuszt k\u00e9r\u0151 n\u0151nek meg kell hallgatnia a magzat sz\u00edvver\u00e9s\u00e9t. Kegyetlen dolog, csak a n\u0151kre gyakorolt pszichol\u00f3giai nyom\u00e1s. Az abortusz tilt\u00e1s\u00e1val vagy megnehez\u00edt\u00e9s\u00e9vel a n\u0151k prokre\u00e1ci\u00f3s jog\u00e1t vonja nem meg a korm\u00e1ny, vagyis azt a jogot, hogy a n\u0151 eld\u00f6ntse akar-e gyereket, ha igen mikor, kivel \u00e9s milyen k\u00f6r\u00fclm\u00e9nyek k\u00f6z\u00f6tt, de nehez\u00edti az \u00e9rv\u00e9nyes\u00edt\u00e9s\u00e9t. Ehhez pedig minden n\u0151nek \u00e9s embernek joga van. Az abortusz \u00f6nmag\u00e1ban nem k\u00f6nny\u0171 egyetlen n\u0151 sz\u00e1m\u00e1ra sem, \u00e9s ha fogamz\u00e1sg\u00e1tl\u00e1s \u00fatj\u00e1n tudn\u00e1 rendezni a helyzetet, akkor \u00fagy oldan\u00e1 meg. Akiknek abortuszra van sz\u00fcks\u00e9g\u00fck, azok sz\u00e1m\u00e1ra a fogamz\u00e1sg\u00e1tl\u00e1s gyakran vagy nem el\u00e9rhet\u0151, vagy nem tud r\u00f3la, hogy milyen lehet\u0151s\u00e9gei vannak. Ilyen esetekben a szigor\u00edt\u00e1sok \u00e9s a pszichol\u00f3giai nyom\u00e1sok m\u00e9g t\u00f6bb neh\u00e9zs\u00e9get \u00e9s szenved\u00e9st okoznak.<\/p>\n\n\n\n<p><strong>Az abortuszt tilt\u00f3 vagy korl\u00e1toz\u00f3 szab\u00e1lyoz\u00e1ssal mi lehet a jogalkot\u00f3 c\u00e9lja?<\/strong><\/p>\n\n\n\n<p>Szerintem ez sz\u00e1z sz\u00e1zal\u00e9kosan ideol\u00f3giai k\u00e9rd\u00e9s. Magyarorsz\u00e1gon m\u00e1r a XIX-XX. sz\u00e1zad fordul\u00f3ja t\u00e1j\u00e1n is probl\u00e9ma volt az alacsony sz\u00fclet\u00e9si ar\u00e1ny \u00e9s ez akkor sem az abortusznak volt betudhat\u00f3. A Ratk\u00f3-korszakban az\u00e9rt tiltott\u00e1k meg az abortuszt teljes m\u00e9rt\u00e9kben, mert a szocialista gazdas\u00e1gnak munkaer\u0151re volt sz\u00fcks\u00e9ge. A n\u0151knek k\u00f6teless\u00e9ge lett gyereket sz\u00fclni, hogy legyen, aki fel\u00e9p\u00edti a szocializmust, abban a gazdas\u00e1gi id\u0151szakban az orsz\u00e1g vezet\u0151i szerint izomer\u0151re volt sz\u00fcks\u00e9g. Ma m\u00e1r ez az ideol\u00f3giai megfontol\u00e1s nem \u00e9rv\u00e9nyes, de m\u00e9g mindig ott tartunk, hogy a n\u0151ket al\u00e1 kell vetni a f\u00e9rfiaknak, \u00e9s lehet\u0151leg ne sz\u00f3ljanak bele, hogy a nemzetnek mekkora n\u00e9pess\u00e9ge legyen. Ugyan a hivatalos sz\u00f6vegekben sehol nem lehet m\u00e1r azt olvasni, hogy a n\u0151k csak sz\u00fcljenek \u00e9s neveljenek gyerekeket, de val\u00f3j\u00e1ban ez a gondolat tov\u00e1bbra is jelen van.<\/p>\n\n\n\n<p><strong>A t\u00f6rt\u00e9nelemb\u0151l tudjuk, milyen k\u00f6vetkezm\u00e9nyekkel j\u00e1rhat a n\u0151k eset\u00e9ben, ha ilyen szigor\u00fa a jogalkot\u00f3i sz\u00e1nd\u00e9k\u2026<\/strong><\/p>\n\n\n\n<p>Lengyelorsz\u00e1gban az egyh\u00e1z nyom\u00e1s\u00e1ra 1993-ban a parlament megszavazza az abortusz betilt\u00e1s\u00e1t kiv\u00e9ve ha a terhess\u00e9g meger\u0151szakol\u00e1s, v\u00e9rfert\u0151z\u00e9s k\u00f6vetkezm\u00e9nye. Ezzel az 1956-ban kiv\u00edvott abortuszjogt\u00f3l harminc \u00e9vre megfosztott\u00e1k a n\u0151ket. Az ez ellen fell\u00e9p\u0151 szervezetek t\u00f6bb f\u00f3rumon tiltakoztak azzal \u00e9rvelve, hogy nem csak a test\u00fckkel val\u00f3 \u00f6nrendelkez\u00e9s jog\u00e1t\u00f3l fosztott\u00e1k meg, hanem a tilt\u00e1s ahhoz fog vezetni, hogy ha egy n\u0151 \u00fagy \u00edt\u00e9li meg, hogy sz\u00fcks\u00e9ge van terhess\u00e9gmegszak\u00edt\u00e1sra, akkor meg fogja hozz\u00e1 tal\u00e1lni az eszk\u00f6z\u00f6ket csak sokkal rosszabb, vesz\u00e9lyesebb k\u00f6r\u00fclm\u00e9nyek k\u00f6z\u00f6tt. Ezt a helyzetet dolgozza fel a Vera Drake c\u00edm\u0171 angol film, amely 1950-ben j\u00e1tsz\u00f3dik \u00e9s&nbsp; egy munk\u00e1sn\u0151r\u0151l sz\u00f3l, aki munka ut\u00e1n feminista meggondol\u00e1sb\u00f3l ingyen illeg\u00e1lis abortuszokat v\u00e9gez.<\/p>\n\n\n\n<blockquote class=\"wp-block-quote is-layout-flow wp-block-quote-is-layout-flow\">\n<blockquote class=\"wp-block-quote is-layout-flow wp-block-quote-is-layout-flow\">\n<p>Ez a film nagyon j\u00f3l megmutatja, hogy mennyire rossz a nem biztons\u00e1gos k\u00f6r\u00fclm\u00e9nyek k\u00f6z\u00f6tt elv\u00e9gzett terhess\u00e9gmegszak\u00edt\u00e1s.<\/p>\n<\/blockquote>\n<\/blockquote>\n\n\n\n<p>Franciaorsz\u00e1gban 1975-ig tiltott volt az abortusz, de ez nem akad\u00e1lyozta meg az illeg\u00e1lisan v\u00e9grehajtott terhess\u00e9gmegszak\u00edt\u00e1sokat. A 70-es \u00e9vek feminista mozgalm\u00e1nak egyik \u00e1ga, amely az abortusz \u00e9s a fogamz\u00e1sg\u00e1tl\u00e1s szabads\u00e1g\u00e1t k\u00f6vetelte mintegy 300 illeg\u00e1lis abortuszk\u00f6zpontot hozott l\u00e9tre, ahol az \u0151ket t\u00e1mogat\u00f3 orvosok ingyen v\u00e1kuumos m\u00f3dszerrel szak\u00edtott\u00e1k meg a nem k\u00edv\u00e1nt terhess\u00e9geket. Ezen t\u00fal csoportos k\u00fclf\u00f6ldi utaz\u00e1sokat szerveztek Nagy-Britanni\u00e1ba, ahol leg\u00e1lis volt az abortusz. Ez persze sokba ker\u00fclt, minden n\u0151 nem engedhette meg mag\u00e1nak.<\/p>\n\n\n\n<p><strong>Amerik\u00e1ban tavaly egy s\u00falyos szigor\u00edt\u00e1s volt, ami 50 \u00e9vvel vetette vissza a n\u0151k \u00f6nrendelkez\u00e9si jog\u00e1t. Mi a helyzet Eur\u00f3pa t\u00f6bbi r\u00e9sz\u00e9n?<\/strong><\/p>\n\n\n\n<p>Az abortusz szabads\u00e1ga el\u00e9g labilis az eg\u00e9sz vil\u00e1gon, \u00e9s megfigyelhet\u0151, hogy minden\u00fctt a legreakci\u00f3sabb politikai er\u0151k k\u00f6vetelik az abortusz megtilt\u00e1s\u00e1t. 1973-ig az Egyes\u00fclt \u00c1llamokban a sz\u00f6vets\u00e9gi alkotm\u00e1ny r\u00e9sze volt az abortuszhoz val\u00f3 jog \u00e9s most, 50 \u00e9vvel k\u00e9s\u0151bb a Legfels\u0151bb B\u00edr\u00f3s\u00e1g ezt megv\u00e9t\u00f3zta. Sajnos a magyarorsz\u00e1gi szigor\u00edt\u00e1sok is ebbe az ir\u00e1nyba mutatnak \u00e9s ugyanez a helyzet Lengyelorsz\u00e1gban, b\u00e1r, j\u00f3 h\u00edr, ott nemr\u00e9g a halad\u00e1s&nbsp;&nbsp;&nbsp; ir\u00e1ny\u00e1ban mozdult el az abortusz k\u00e9rd\u00e9se. A 2023. okt\u00f3ber 15-i parlamenti v\u00e1laszt\u00e1sokon az ellenz\u00e9ki Demokratikus Koal\u00edci\u00f3 gy\u0151z\u00f6tt \u00e9s az \u00faj minisztereln\u00f6k, Donald Tusk, v\u00e1laszt\u00e1si programj\u00e1hoz h\u00edven, december 11-\u00e9n \u00edg\u00e9retet tett az abortusz ism\u00e9t szabadd\u00e1 t\u00e9tel\u00e9r\u0151l, amit a parlament az\u00f3ta megszavazott. Az egyetlen akad\u00e1ly egyenl\u0151re az Eln\u00f6k, aki tov\u00e1bbra is az el\u0151z\u0151 konzervat\u00edv rezsim k\u00e9pvisel\u0151je, \u00e9s az \u0151 hat\u00e1sk\u00f6r\u00e9be tartozik a t\u00f6rv\u00e9nyek hivatalos meghirdet\u00e9se, beiktat\u00e1sa. Mand\u00e1tuma 2025-ben j\u00e1r le, \u00edgy k\u00e9rd\u00e9s, hogy meddig fogj elh\u00faz\u00f3dni a t\u00f6rv\u00e9ny \u00e9letbe l\u00e9p\u00e9se. A v\u00e1laszt\u00e1sok el\u0151tt elv\u00e9gzett k\u00f6zv\u00e9lem\u00e9nykutat\u00e1sok szerint a megk\u00e9rdezettek 56,7%-a az abortusz legaliz\u00e1l\u00e1sa mellett volt,&nbsp;ami komoly t\u00e1rsadalmi t\u00e1mogat\u00e1st jelent, ez\u00e9rt azt hiszem, hogy a t\u00f6rv\u00e9ny hivatalos beiktat\u00e1s\u00e1ig tart\u00f3 id\u0151szakban a gyakorlatban m\u00e1r&nbsp; enyh\u00fclni fog az abortusztilalom, elkezd\u0151dik az abortusz &#8222;illeg\u00e1lis legaliz\u00e1l\u00e1sa&#8221;.<\/p>\n\n\n\n<p><strong>2024. febru\u00e1r 26-\u00e1n az 1973-as abortuszpet\u00edci\u00f3 eml\u00e9k\u00e9re t\u00f6bb szervezet \u00f6sszefog\u00e1s\u00e1val rendeznek konferenci\u00e1t. Mi lesz az esem\u00e9ny legf\u0151bb \u00fczenete?<\/strong><\/p>\n\n\n\n<p>Min\u00e9l sz\u00e9lesebb k\u00f6rben szeretn\u00e9nk besz\u00e9lni a t\u00e9m\u00e1r\u00f3l \u00e9s foglalkozni vele. A m\u00falton kereszt\u00fcl tal\u00e1n jobban meg\u00e9rthetj\u00fck a jelent \u00e9s fontos, hogy sz\u00f3 legyen arr\u00f3l, hogy 1973-ban t\u00f6rt\u00e9nt valami ebben az orsz\u00e1gban az abortuszhoz val\u00f3 jog megv\u00e9d\u00e9s\u00e9re. Nagyon fontos ez a <a href=\"https:\/\/www.facebook.com\/events\/888177933012882\" target=\"_blank\" rel=\"noreferrer noopener\">konferencia<\/a> az\u00e9rt is, mert \u00f3ri\u00e1si szakad\u00e9k van a fiatalok mai tud\u00e1s\u00e1ban a 70-es \u00e9vek \u201e\u00e1tkos\u201d id\u0151szak\u00e1t tekintve \u00e9s fontos, hogy ez a t\u00f6rt\u00e9nelmi tud\u00e1s ne pusztuljon el. Ha 1973-ban meg lehetett szervezni egy ilyen nagy jelent\u0151s\u00e9g\u0171 dolgot, \u00e9s voltak emberek, akik ebbe energi\u00e1t tettek, akkor ma is van rem\u00e9ny. Az abortusz els\u0151sorban a test\u00fcnkkel val\u00f3 \u00f6nrendelkez\u00e9si jog, de egyben \u00e1ltal\u00e1nos emberi jog is, ami a f\u00e9rfiakra ugyan\u00edgy vonatkozik. Ha a n\u00e9pess\u00e9g t\u00f6bb, mint 50%-\u00e1t megfosztj\u00e1k egy jogt\u00f3l, akkor mondhatjuk, az eg\u00e9sz t\u00e1rsadalom jogfosztott.<\/p>\n","protected":false},"excerpt":{"rendered":"<p>1973-ban egyetemist\u00e1k kis csoportja al\u00e1\u00edr\u00e1sgy\u0171jt\u00e9st szervezett a tervezett abortusz szigor\u00edt\u00e1s ellen, amely az akkori szocialista id\u0151szak egyetlen ismert feminista akci\u00f3ja volt. A pet\u00edci\u00f3 \u00e9s a mozgalom egyik 1975 \u00f3ta Franciaorsz\u00e1gban \u00e9l\u0151 szervez\u0151j\u00e9vel, K\u00f6r\u00f6si Zsuzs\u00e1val emberi jogi aktivist\u00e1val, dokumentumfilmes \u00e9s \u00fajs\u00e1g\u00edr\u00f3val besz\u00e9lgett\u00fcnk az 1973-as pet\u00edci\u00f3r\u00f3l, m\u00faltr\u00f3l \u00e9s jelenr\u0151l.<\/p>\n","protected":false},"author":1,"featured_media":1752,"comment_status":"open","ping_status":"open","sticky":false,"template":"","format":"standard","meta":{"footnotes":""},"categories":[27],"tags":[96,95,97,98],"class_list":["post-1751","post","type-post","status-publish","format-standard","has-post-thumbnail","hentry","category-elet","tag-abortusz","tag-gyerekszules","tag-terhesseg","tag-terhessegmegszakitas"],"yoast_head":"<!-- This site is optimized with the Yoast SEO plugin v20.13 - https:\/\/yoast.com\/wordpress\/plugins\/seo\/ -->\n<title>K\u00f6r\u00f6si Zsuzsa: \u201eMinden n\u0151nek joga van eld\u00f6nteni, akar-e gyereket, kivel \u00e9s mikor\u201d - Francespiration<\/title>\n<meta name=\"description\" content=\"Az abortusz k\u00e9rd\u00e9se rendk\u00edv\u00fcl ellentmond\u00e1sos a vil\u00e1g sz\u00e1mos orsz\u00e1g\u00e1ban pedig a terhess\u00e9gmegszak\u00edt\u00e1shoz val\u00f3 hozz\u00e1f\u00e9r\u00e9s biztos\u00edt\u00e1sa alapvet\u0151.\" \/>\n<meta name=\"robots\" content=\"index, follow, max-snippet:-1, max-image-preview:large, max-video-preview:-1\" \/>\n<link rel=\"canonical\" href=\"https:\/\/www.francespiration.com\/index.php\/2024\/01\/22\/korosi-zsuzsa-minden-nonek-joga-van-eldonteni-akar-e-gyereket-kivel-es-mikor\/\" \/>\n<meta property=\"og:locale\" content=\"hu_HU\" \/>\n<meta property=\"og:type\" content=\"article\" \/>\n<meta property=\"og:title\" content=\"K\u00f6r\u00f6si Zsuzsa: \u201eMinden n\u0151nek joga van eld\u00f6nteni, akar-e gyereket, kivel \u00e9s mikor\u201d - Francespiration\" \/>\n<meta property=\"og:description\" content=\"Az abortusz k\u00e9rd\u00e9se rendk\u00edv\u00fcl ellentmond\u00e1sos a vil\u00e1g sz\u00e1mos orsz\u00e1g\u00e1ban pedig a terhess\u00e9gmegszak\u00edt\u00e1shoz val\u00f3 hozz\u00e1f\u00e9r\u00e9s biztos\u00edt\u00e1sa alapvet\u0151.\" \/>\n<meta property=\"og:url\" content=\"https:\/\/www.francespiration.com\/index.php\/2024\/01\/22\/korosi-zsuzsa-minden-nonek-joga-van-eldonteni-akar-e-gyereket-kivel-es-mikor\/\" \/>\n<meta property=\"og:site_name\" content=\"Francespiration\" \/>\n<meta property=\"article:published_time\" content=\"2024-01-22T07:26:22+00:00\" \/>\n<meta property=\"article:modified_time\" content=\"2024-01-22T07:27:47+00:00\" \/>\n<meta property=\"og:image\" content=\"https:\/\/www.francespiration.com\/wp-content\/uploads\/2024\/01\/terhesseg-baba-gyerekszules.jpg\" \/>\n\t<meta property=\"og:image:width\" content=\"1254\" \/>\n\t<meta property=\"og:image:height\" content=\"836\" \/>\n\t<meta property=\"og:image:type\" content=\"image\/jpeg\" \/>\n<meta name=\"author\" content=\"Sz\u00f6ll\u0151si T\u00edmea\" \/>\n<meta name=\"twitter:card\" content=\"summary_large_image\" \/>\n<meta name=\"twitter:label1\" content=\"Szerz\u0151:\" \/>\n\t<meta name=\"twitter:data1\" content=\"Sz\u00f6ll\u0151si T\u00edmea\" \/>\n\t<meta name=\"twitter:label2\" content=\"Becs\u00fclt olvas\u00e1si id\u0151\" \/>\n\t<meta name=\"twitter:data2\" content=\"7 perc\" \/>\n<script type=\"application\/ld+json\" class=\"yoast-schema-graph\">{\"@context\":\"https:\/\/schema.org\",\"@graph\":[{\"@type\":\"Article\",\"@id\":\"https:\/\/www.francespiration.com\/index.php\/2024\/01\/22\/korosi-zsuzsa-minden-nonek-joga-van-eldonteni-akar-e-gyereket-kivel-es-mikor\/#article\",\"isPartOf\":{\"@id\":\"https:\/\/www.francespiration.com\/index.php\/2024\/01\/22\/korosi-zsuzsa-minden-nonek-joga-van-eldonteni-akar-e-gyereket-kivel-es-mikor\/\"},\"author\":{\"name\":\"Sz\u00f6ll\u0151si T\u00edmea\",\"@id\":\"https:\/\/www.francespiration.com\/#\/schema\/person\/83f3dc20d791bfb54664f7e0287501fa\"},\"headline\":\"K\u00f6r\u00f6si Zsuzsa: \u201eMinden n\u0151nek joga van eld\u00f6nteni, akar-e gyereket, kivel \u00e9s mikor\u201d\",\"datePublished\":\"2024-01-22T07:26:22+00:00\",\"dateModified\":\"2024-01-22T07:27:47+00:00\",\"mainEntityOfPage\":{\"@id\":\"https:\/\/www.francespiration.com\/index.php\/2024\/01\/22\/korosi-zsuzsa-minden-nonek-joga-van-eldonteni-akar-e-gyereket-kivel-es-mikor\/\"},\"wordCount\":1839,\"commentCount\":0,\"publisher\":{\"@id\":\"https:\/\/www.francespiration.com\/#organization\"},\"keywords\":[\"abortusz\",\"gyereksz\u00fcl\u00e9s\",\"terhess\u00e9g\",\"terhess\u00e9gmegszak\u00edt\u00e1s\"],\"articleSection\":[\"\u00c9LET\"],\"inLanguage\":\"hu\",\"potentialAction\":[{\"@type\":\"CommentAction\",\"name\":\"Comment\",\"target\":[\"https:\/\/www.francespiration.com\/index.php\/2024\/01\/22\/korosi-zsuzsa-minden-nonek-joga-van-eldonteni-akar-e-gyereket-kivel-es-mikor\/#respond\"]}]},{\"@type\":\"WebPage\",\"@id\":\"https:\/\/www.francespiration.com\/index.php\/2024\/01\/22\/korosi-zsuzsa-minden-nonek-joga-van-eldonteni-akar-e-gyereket-kivel-es-mikor\/\",\"url\":\"https:\/\/www.francespiration.com\/index.php\/2024\/01\/22\/korosi-zsuzsa-minden-nonek-joga-van-eldonteni-akar-e-gyereket-kivel-es-mikor\/\",\"name\":\"K\u00f6r\u00f6si Zsuzsa: \u201eMinden n\u0151nek joga van eld\u00f6nteni, akar-e gyereket, kivel \u00e9s mikor\u201d - Francespiration\",\"isPartOf\":{\"@id\":\"https:\/\/www.francespiration.com\/#website\"},\"datePublished\":\"2024-01-22T07:26:22+00:00\",\"dateModified\":\"2024-01-22T07:27:47+00:00\",\"description\":\"Az abortusz k\u00e9rd\u00e9se rendk\u00edv\u00fcl ellentmond\u00e1sos a vil\u00e1g sz\u00e1mos orsz\u00e1g\u00e1ban pedig a terhess\u00e9gmegszak\u00edt\u00e1shoz val\u00f3 hozz\u00e1f\u00e9r\u00e9s biztos\u00edt\u00e1sa alapvet\u0151.\",\"breadcrumb\":{\"@id\":\"https:\/\/www.francespiration.com\/index.php\/2024\/01\/22\/korosi-zsuzsa-minden-nonek-joga-van-eldonteni-akar-e-gyereket-kivel-es-mikor\/#breadcrumb\"},\"inLanguage\":\"hu\",\"potentialAction\":[{\"@type\":\"ReadAction\",\"target\":[\"https:\/\/www.francespiration.com\/index.php\/2024\/01\/22\/korosi-zsuzsa-minden-nonek-joga-van-eldonteni-akar-e-gyereket-kivel-es-mikor\/\"]}]},{\"@type\":\"BreadcrumbList\",\"@id\":\"https:\/\/www.francespiration.com\/index.php\/2024\/01\/22\/korosi-zsuzsa-minden-nonek-joga-van-eldonteni-akar-e-gyereket-kivel-es-mikor\/#breadcrumb\",\"itemListElement\":[{\"@type\":\"ListItem\",\"position\":1,\"name\":\"Kezd\u0151lap\",\"item\":\"https:\/\/www.francespiration.com\/\"},{\"@type\":\"ListItem\",\"position\":2,\"name\":\"K\u00f6r\u00f6si Zsuzsa: \u201eMinden n\u0151nek joga van eld\u00f6nteni, akar-e gyereket, kivel \u00e9s mikor\u201d\"}]},{\"@type\":\"WebSite\",\"@id\":\"https:\/\/www.francespiration.com\/#website\",\"url\":\"https:\/\/www.francespiration.com\/\",\"name\":\"Francespiration\",\"description\":\"Just another WordPress site\",\"publisher\":{\"@id\":\"https:\/\/www.francespiration.com\/#organization\"},\"potentialAction\":[{\"@type\":\"SearchAction\",\"target\":{\"@type\":\"EntryPoint\",\"urlTemplate\":\"https:\/\/www.francespiration.com\/?s={search_term_string}\"},\"query-input\":\"required name=search_term_string\"}],\"inLanguage\":\"hu\"},{\"@type\":\"Organization\",\"@id\":\"https:\/\/www.francespiration.com\/#organization\",\"name\":\"Francespiration\",\"url\":\"https:\/\/www.francespiration.com\/\",\"logo\":{\"@type\":\"ImageObject\",\"inLanguage\":\"hu\",\"@id\":\"https:\/\/www.francespiration.com\/#\/schema\/logo\/image\/\",\"url\":\"https:\/\/www.francespiration.com\/wp-content\/uploads\/2022\/09\/4d-also-scaled.jpg\",\"contentUrl\":\"https:\/\/www.francespiration.com\/wp-content\/uploads\/2022\/09\/4d-also-scaled.jpg\",\"width\":2560,\"height\":913,\"caption\":\"Francespiration\"},\"image\":{\"@id\":\"https:\/\/www.francespiration.com\/#\/schema\/logo\/image\/\"}},{\"@type\":\"Person\",\"@id\":\"https:\/\/www.francespiration.com\/#\/schema\/person\/83f3dc20d791bfb54664f7e0287501fa\",\"name\":\"Sz\u00f6ll\u0151si T\u00edmea\",\"image\":{\"@type\":\"ImageObject\",\"inLanguage\":\"hu\",\"@id\":\"https:\/\/www.francespiration.com\/#\/schema\/person\/image\/\",\"url\":\"https:\/\/secure.gravatar.com\/avatar\/1fd2e7bebd99ada3a170be066229da8dce9b7f9ba3748e0b659e39e5f31eb56a?s=96&d=mm&r=g\",\"contentUrl\":\"https:\/\/secure.gravatar.com\/avatar\/1fd2e7bebd99ada3a170be066229da8dce9b7f9ba3748e0b659e39e5f31eb56a?s=96&d=mm&r=g\",\"caption\":\"Sz\u00f6ll\u0151si T\u00edmea\"},\"sameAs\":[\"https:\/\/www.francespiration.com\"],\"url\":\"https:\/\/www.francespiration.com\/index.php\/author\/szollotimi\/\"}]}<\/script>\n<!-- \/ Yoast SEO plugin. -->","yoast_head_json":{"title":"K\u00f6r\u00f6si Zsuzsa: \u201eMinden n\u0151nek joga van eld\u00f6nteni, akar-e gyereket, kivel \u00e9s mikor\u201d - Francespiration","description":"Az abortusz k\u00e9rd\u00e9se rendk\u00edv\u00fcl ellentmond\u00e1sos a vil\u00e1g sz\u00e1mos orsz\u00e1g\u00e1ban pedig a terhess\u00e9gmegszak\u00edt\u00e1shoz val\u00f3 hozz\u00e1f\u00e9r\u00e9s biztos\u00edt\u00e1sa alapvet\u0151.","robots":{"index":"index","follow":"follow","max-snippet":"max-snippet:-1","max-image-preview":"max-image-preview:large","max-video-preview":"max-video-preview:-1"},"canonical":"https:\/\/www.francespiration.com\/index.php\/2024\/01\/22\/korosi-zsuzsa-minden-nonek-joga-van-eldonteni-akar-e-gyereket-kivel-es-mikor\/","og_locale":"hu_HU","og_type":"article","og_title":"K\u00f6r\u00f6si Zsuzsa: \u201eMinden n\u0151nek joga van eld\u00f6nteni, akar-e gyereket, kivel \u00e9s mikor\u201d - Francespiration","og_description":"Az abortusz k\u00e9rd\u00e9se rendk\u00edv\u00fcl ellentmond\u00e1sos a vil\u00e1g sz\u00e1mos orsz\u00e1g\u00e1ban pedig a terhess\u00e9gmegszak\u00edt\u00e1shoz val\u00f3 hozz\u00e1f\u00e9r\u00e9s biztos\u00edt\u00e1sa alapvet\u0151.","og_url":"https:\/\/www.francespiration.com\/index.php\/2024\/01\/22\/korosi-zsuzsa-minden-nonek-joga-van-eldonteni-akar-e-gyereket-kivel-es-mikor\/","og_site_name":"Francespiration","article_published_time":"2024-01-22T07:26:22+00:00","article_modified_time":"2024-01-22T07:27:47+00:00","og_image":[{"width":1254,"height":836,"url":"https:\/\/www.francespiration.com\/wp-content\/uploads\/2024\/01\/terhesseg-baba-gyerekszules.jpg","type":"image\/jpeg"}],"author":"Sz\u00f6ll\u0151si T\u00edmea","twitter_card":"summary_large_image","twitter_misc":{"Szerz\u0151:":"Sz\u00f6ll\u0151si T\u00edmea","Becs\u00fclt olvas\u00e1si id\u0151":"7 perc"},"schema":{"@context":"https:\/\/schema.org","@graph":[{"@type":"Article","@id":"https:\/\/www.francespiration.com\/index.php\/2024\/01\/22\/korosi-zsuzsa-minden-nonek-joga-van-eldonteni-akar-e-gyereket-kivel-es-mikor\/#article","isPartOf":{"@id":"https:\/\/www.francespiration.com\/index.php\/2024\/01\/22\/korosi-zsuzsa-minden-nonek-joga-van-eldonteni-akar-e-gyereket-kivel-es-mikor\/"},"author":{"name":"Sz\u00f6ll\u0151si T\u00edmea","@id":"https:\/\/www.francespiration.com\/#\/schema\/person\/83f3dc20d791bfb54664f7e0287501fa"},"headline":"K\u00f6r\u00f6si Zsuzsa: \u201eMinden n\u0151nek joga van eld\u00f6nteni, akar-e gyereket, kivel \u00e9s mikor\u201d","datePublished":"2024-01-22T07:26:22+00:00","dateModified":"2024-01-22T07:27:47+00:00","mainEntityOfPage":{"@id":"https:\/\/www.francespiration.com\/index.php\/2024\/01\/22\/korosi-zsuzsa-minden-nonek-joga-van-eldonteni-akar-e-gyereket-kivel-es-mikor\/"},"wordCount":1839,"commentCount":0,"publisher":{"@id":"https:\/\/www.francespiration.com\/#organization"},"keywords":["abortusz","gyereksz\u00fcl\u00e9s","terhess\u00e9g","terhess\u00e9gmegszak\u00edt\u00e1s"],"articleSection":["\u00c9LET"],"inLanguage":"hu","potentialAction":[{"@type":"CommentAction","name":"Comment","target":["https:\/\/www.francespiration.com\/index.php\/2024\/01\/22\/korosi-zsuzsa-minden-nonek-joga-van-eldonteni-akar-e-gyereket-kivel-es-mikor\/#respond"]}]},{"@type":"WebPage","@id":"https:\/\/www.francespiration.com\/index.php\/2024\/01\/22\/korosi-zsuzsa-minden-nonek-joga-van-eldonteni-akar-e-gyereket-kivel-es-mikor\/","url":"https:\/\/www.francespiration.com\/index.php\/2024\/01\/22\/korosi-zsuzsa-minden-nonek-joga-van-eldonteni-akar-e-gyereket-kivel-es-mikor\/","name":"K\u00f6r\u00f6si Zsuzsa: \u201eMinden n\u0151nek joga van eld\u00f6nteni, akar-e gyereket, kivel \u00e9s mikor\u201d - Francespiration","isPartOf":{"@id":"https:\/\/www.francespiration.com\/#website"},"datePublished":"2024-01-22T07:26:22+00:00","dateModified":"2024-01-22T07:27:47+00:00","description":"Az abortusz k\u00e9rd\u00e9se rendk\u00edv\u00fcl ellentmond\u00e1sos a vil\u00e1g sz\u00e1mos orsz\u00e1g\u00e1ban pedig a terhess\u00e9gmegszak\u00edt\u00e1shoz val\u00f3 hozz\u00e1f\u00e9r\u00e9s biztos\u00edt\u00e1sa alapvet\u0151.","breadcrumb":{"@id":"https:\/\/www.francespiration.com\/index.php\/2024\/01\/22\/korosi-zsuzsa-minden-nonek-joga-van-eldonteni-akar-e-gyereket-kivel-es-mikor\/#breadcrumb"},"inLanguage":"hu","potentialAction":[{"@type":"ReadAction","target":["https:\/\/www.francespiration.com\/index.php\/2024\/01\/22\/korosi-zsuzsa-minden-nonek-joga-van-eldonteni-akar-e-gyereket-kivel-es-mikor\/"]}]},{"@type":"BreadcrumbList","@id":"https:\/\/www.francespiration.com\/index.php\/2024\/01\/22\/korosi-zsuzsa-minden-nonek-joga-van-eldonteni-akar-e-gyereket-kivel-es-mikor\/#breadcrumb","itemListElement":[{"@type":"ListItem","position":1,"name":"Kezd\u0151lap","item":"https:\/\/www.francespiration.com\/"},{"@type":"ListItem","position":2,"name":"K\u00f6r\u00f6si Zsuzsa: \u201eMinden n\u0151nek joga van eld\u00f6nteni, akar-e gyereket, kivel \u00e9s mikor\u201d"}]},{"@type":"WebSite","@id":"https:\/\/www.francespiration.com\/#website","url":"https:\/\/www.francespiration.com\/","name":"Francespiration","description":"Just another WordPress site","publisher":{"@id":"https:\/\/www.francespiration.com\/#organization"},"potentialAction":[{"@type":"SearchAction","target":{"@type":"EntryPoint","urlTemplate":"https:\/\/www.francespiration.com\/?s={search_term_string}"},"query-input":"required name=search_term_string"}],"inLanguage":"hu"},{"@type":"Organization","@id":"https:\/\/www.francespiration.com\/#organization","name":"Francespiration","url":"https:\/\/www.francespiration.com\/","logo":{"@type":"ImageObject","inLanguage":"hu","@id":"https:\/\/www.francespiration.com\/#\/schema\/logo\/image\/","url":"https:\/\/www.francespiration.com\/wp-content\/uploads\/2022\/09\/4d-also-scaled.jpg","contentUrl":"https:\/\/www.francespiration.com\/wp-content\/uploads\/2022\/09\/4d-also-scaled.jpg","width":2560,"height":913,"caption":"Francespiration"},"image":{"@id":"https:\/\/www.francespiration.com\/#\/schema\/logo\/image\/"}},{"@type":"Person","@id":"https:\/\/www.francespiration.com\/#\/schema\/person\/83f3dc20d791bfb54664f7e0287501fa","name":"Sz\u00f6ll\u0151si T\u00edmea","image":{"@type":"ImageObject","inLanguage":"hu","@id":"https:\/\/www.francespiration.com\/#\/schema\/person\/image\/","url":"https:\/\/secure.gravatar.com\/avatar\/1fd2e7bebd99ada3a170be066229da8dce9b7f9ba3748e0b659e39e5f31eb56a?s=96&d=mm&r=g","contentUrl":"https:\/\/secure.gravatar.com\/avatar\/1fd2e7bebd99ada3a170be066229da8dce9b7f9ba3748e0b659e39e5f31eb56a?s=96&d=mm&r=g","caption":"Sz\u00f6ll\u0151si T\u00edmea"},"sameAs":["https:\/\/www.francespiration.com"],"url":"https:\/\/www.francespiration.com\/index.php\/author\/szollotimi\/"}]}},"_links":{"self":[{"href":"https:\/\/www.francespiration.com\/index.php\/wp-json\/wp\/v2\/posts\/1751","targetHints":{"allow":["GET"]}}],"collection":[{"href":"https:\/\/www.francespiration.com\/index.php\/wp-json\/wp\/v2\/posts"}],"about":[{"href":"https:\/\/www.francespiration.com\/index.php\/wp-json\/wp\/v2\/types\/post"}],"author":[{"embeddable":true,"href":"https:\/\/www.francespiration.com\/index.php\/wp-json\/wp\/v2\/users\/1"}],"replies":[{"embeddable":true,"href":"https:\/\/www.francespiration.com\/index.php\/wp-json\/wp\/v2\/comments?post=1751"}],"version-history":[{"count":1,"href":"https:\/\/www.francespiration.com\/index.php\/wp-json\/wp\/v2\/posts\/1751\/revisions"}],"predecessor-version":[{"id":1753,"href":"https:\/\/www.francespiration.com\/index.php\/wp-json\/wp\/v2\/posts\/1751\/revisions\/1753"}],"wp:featuredmedia":[{"embeddable":true,"href":"https:\/\/www.francespiration.com\/index.php\/wp-json\/wp\/v2\/media\/1752"}],"wp:attachment":[{"href":"https:\/\/www.francespiration.com\/index.php\/wp-json\/wp\/v2\/media?parent=1751"}],"wp:term":[{"taxonomy":"category","embeddable":true,"href":"https:\/\/www.francespiration.com\/index.php\/wp-json\/wp\/v2\/categories?post=1751"},{"taxonomy":"post_tag","embeddable":true,"href":"https:\/\/www.francespiration.com\/index.php\/wp-json\/wp\/v2\/tags?post=1751"}],"curies":[{"name":"wp","href":"https:\/\/api.w.org\/{rel}","templated":true}]}}