{"id":1760,"date":"2024-01-30T16:32:24","date_gmt":"2024-01-30T16:32:24","guid":{"rendered":"https:\/\/www.francespiration.com\/?p=1760"},"modified":"2024-02-15T12:18:13","modified_gmt":"2024-02-15T12:18:13","slug":"egy-honap-mulva-kezdodik-a-14-frankofon-filmnapok","status":"publish","type":"post","link":"https:\/\/www.francespiration.com\/index.php\/2024\/01\/30\/egy-honap-mulva-kezdodik-a-14-frankofon-filmnapok\/","title":{"rendered":"Fantasztikus filmekkel k\u00f6zeleg a 14. Frankof\u00f3n Filmnapok"},"content":{"rendered":"\n<p><strong>24 film \u00e9s benn\u00fck a legnagyobb francia szt\u00e1rok \u2013 Catherine Deneuve, L\u00e9a Seydoux, Virginie Efira, Romain Duris, Vincent Cassel, Guillaume Canet \u2013 lesznek l\u00e1that\u00f3ak a Francia Int\u00e9zet szervez\u00e9s\u00e9ben febru\u00e1r 28. \u00e9s m\u00e1rcius 10. k\u00f6z\u00f6tt a 14. Frankof\u00f3n Filmnapokon. <\/strong><\/p>\n\n\n\n<!--more-->\n\n\n\n<p>J\u00f6n az Oscar-jel\u00f6lt <em>Robot\u00e1lmok<\/em> \u00e9s az Oscar- \u00e9s C\u00e9sar- jel\u00f6lt <em>N\u00e9gy n\u0151v\u00e9r<\/em>. A k\u00f6z\u00f6ns\u00e9g tal\u00e1lkozhat a Cannes-ban deb\u00fct\u00e1lt <em>Salem, <\/em>\u00e9s a<em> Liv<\/em> <em>S. szerelmei <\/em>rendez\u0151j\u00e9vel, a 9 C\u00e9sar-d\u00edjra jel\u00f6lt<em> Az arcuk mindig el\u0151ttem lesz <\/em>c\u00edm\u0171 t\u00e1rsadalmi dr\u00e1ma kapcs\u00e1n pedig besz\u00e9lget\u00e9s lesz a helyre\u00e1ll\u00edt\u00f3 igazs\u00e1gszolg\u00e1ltat\u00e1sr\u00f3l. M\u00e1rcius 1. \u00e9s 31. k\u00f6z\u00f6tt 16 vid\u00e9ki v\u00e1rosban mutatnak be egy sz\u0171kebb v\u00e1logat\u00e1st a 14. Frankof\u00f3n Filmnapok programj\u00e1b\u00f3l.<\/p>\n\n\n\n<p>T\u00f6bb k\u00f6z\u00fcl\u00fck a vil\u00e1g legnagyobb fesztiv\u00e1ljain bizony\u00edtott m\u00e1r. A Cannes-i Filmfesztiv\u00e1lon n\u00e9gy d\u00edjat nyert a <em>N\u00e9gy n\u0151v\u00e9r<\/em>, ott volt a vil\u00e1gpremierje a <em>Mindent egy lapra<\/em> c\u00edm\u0171 filmnek Virginie Efira-val, ott deb\u00fct\u00e1lt a <em>Mut\u00e1nsok <\/em>Romain Duris-szel, a <em>Salem <\/em>\u00e9s a <em>Bonnard &#8211; Egy fest\u0151 szerelme<\/em> is. A tavalyi Velencei Nemzetk\u00f6zi Filmfesztiv\u00e1lon szerepelt a <em>Vad\u00e1llat<\/em> L\u00e9a Seydoux-val \u00e9s az <em>\u0150szi sanzon<\/em> Guillaume Canet-val, Toront\u00f3ban mutatt\u00e1k be a <em>Nemk\u00edv\u00e1natos szem\u00e9lyek<\/em>et, az Annecy Nemzetk\u00f6zi Anim\u00e1ci\u00f3s Fesztiv\u00e1lon a <em>Robot\u00e1lmok <\/em>pedig d\u00edjat is kapott<em>.<\/em> A Frankof\u00f3n Filmnapok nyit\u00f3filmje <em>A h\u00e1rom test\u0151r: Milady<\/em> lesz.<\/p>\n\n\n\n<p><strong>Romain Duris, Vincent Cassel, Eva Green <\/strong>\u00e9s<strong> Fran\u00e7ois Civil<\/strong> f\u0151szerepl\u00e9s\u00e9vel, Martin Bourboulon <strong>A h\u00e1rom test\u0151r: Milady<\/strong> c\u00edm\u0171 l\u00e1tv\u00e1nyos alkot\u00e1sa nyitja <strong>febru\u00e1r 28-\u00e1n 18 \u00f3rakor<\/strong> a budapesti Ur\u00e1nia Nemzeti Filmsz\u00ednh\u00e1zban a 14. Frankof\u00f3n Filmnapokat. A Dumas-reg\u00e9ny leg\u00fajabb filmes feldolgoz\u00e1s\u00e1nak m\u00e1sodik r\u00e9sze legal\u00e1bb olyan l\u00e1tv\u00e1nyosnak \u00edg\u00e9rkezik, mint a tavaly bemutatott els\u0151. En garde!<\/p>\n\n\n\n<figure class=\"wp-block-image size-large\"><img loading=\"lazy\" decoding=\"async\" width=\"1024\" height=\"683\" src=\"https:\/\/www.francespiration.com\/wp-content\/uploads\/2024\/01\/3M_V2_J71R_BK_00200c-Ben-King-1024x683.jpg\" alt=\"frankof\u00f3n filmnapok\" class=\"wp-image-1761\" srcset=\"https:\/\/www.francespiration.com\/wp-content\/uploads\/2024\/01\/3M_V2_J71R_BK_00200c-Ben-King-1024x683.jpg 1024w, https:\/\/www.francespiration.com\/wp-content\/uploads\/2024\/01\/3M_V2_J71R_BK_00200c-Ben-King-300x200.jpg 300w, https:\/\/www.francespiration.com\/wp-content\/uploads\/2024\/01\/3M_V2_J71R_BK_00200c-Ben-King-768x512.jpg 768w, https:\/\/www.francespiration.com\/wp-content\/uploads\/2024\/01\/3M_V2_J71R_BK_00200c-Ben-King-1536x1025.jpg 1536w, https:\/\/www.francespiration.com\/wp-content\/uploads\/2024\/01\/3M_V2_J71R_BK_00200c-Ben-King-2048x1366.jpg 2048w\" sizes=\"auto, (max-width: 1024px) 100vw, 1024px\" \/><figcaption class=\"wp-element-caption\">Fot\u00f3: Ben King<\/figcaption><\/figure>\n\n\n\n<h2 class=\"wp-block-heading\">A program<\/h2>\n\n\n\n<p><strong>Febru\u00e1r 28-\u00e1n 18.30 \u00f3rakor<\/strong> a budapesti Ur\u00e1nia Nemzeti Filmsz\u00ednh\u00e1zban <strong>a hat C\u00e9sar-d\u00edjra jel\u00f6lt<\/strong> <strong>A h\u00e1rom test\u0151r: Milady <\/strong>nyitja a 14. Frankof\u00f3n Filmnapokat. A Dumas-reg\u00e9ny leg\u00fajabb filmes feldolgoz\u00e1s\u00e1ban olyan nagyszer\u0171 sz\u00edn\u00e9szeket l\u00e1that a k\u00f6z\u00f6ns\u00e9g, mint <strong>Romain Duris, Vincent Cassel, Eva Green <\/strong>\u00e9s<strong> Fran\u00e7ois Civil.<\/strong><\/p>\n\n\n\n<p><strong>M\u00e1rcius 5-\u00e9n<\/strong> <strong>18<\/strong><strong> \u00f3rakor<\/strong> a Francia Int\u00e9zetben vet\u00edtik a <strong>kilenc C\u00e9sar-d\u00edj<\/strong>ra jel\u00f6lt<strong> Az arcuk mindig el\u0151ttem lesz <\/strong>c\u00edm\u0171 megr\u00e1z\u00f3 filmet. A helyre\u00e1ll\u00edt\u00f3 igazs\u00e1gszolg\u00e1ltat\u00e1s rendszere szak\u00e9rt\u0151k k\u00f6zrem\u0171k\u00f6d\u00e9s\u00e9vel igyekszik p\u00e1rbesz\u00e9dbe vonni elk\u00f6vet\u0151ket \u00e9s \u00e1ldozatokat. De ahhoz, hogy ez m\u0171k\u00f6dj\u00f6n, mindk\u00e9t f\u00e9lnek akarnia kell.&nbsp;A film vet\u00edt\u00e9s\u00e9t <strong>besz\u00e9lget\u00e9s<\/strong> k\u00f6veti <strong>Benjamin Sayous<\/strong>, a helyre\u00e1ll\u00edt\u00f3 igazs\u00e1gszolg\u00e1ltat\u00e1ssal foglalkoz\u00f3 francia int\u00e9zet igazgat\u00f3ja,&nbsp; <strong>Fellegi Borb\u00e1la<\/strong>, a Foresee Research Group \u00fcgyvezet\u0151 igazgat\u00f3ja \u00e9s <strong>A. Barab\u00e1s T\u00fcnde<\/strong>, az Orsz\u00e1gos Kriminol\u00f3giai Int\u00e9zet igazgat\u00f3ja r\u00e9szv\u00e9tel\u00e9vel, akik sz\u00e1mba veszik a k\u00e9t orsz\u00e1gban e ter\u00fcleten tett int\u00e9zked\u00e9seit \u00e9s megvizsg\u00e1lj\u00e1k a b\u00f6rt\u00f6nb\u00fcntet\u00e9sen k\u00edv\u00fcli b\u00fcntet\u00e9sek siker\u00e9t \u00e9s jelent\u0151s\u00e9g\u00e9t. A besz\u00e9lget\u00e9s moder\u00e1tora <strong>K\u00e1d\u00e1r Andr\u00e1s<\/strong> jog\u00e1sz, a Magyar Helsinki Bizotts\u00e1g t\u00e1rseln\u00f6ke.<\/p>\n\n\n\n<p><strong>M\u00e1rcius 6-\u00e1n, 20 \u00f3rakor <\/strong>az Ur\u00e1ni\u00e1ban vet\u00edtik majd a tavaly Cannes-ban az <em>Un certain regard<\/em> szekci\u00f3ban deb\u00fct\u00e1lt <strong>Salem<\/strong>c\u00edm\u0171 filmet. A hipnotikus erej\u0171, l\u00edrai alkot\u00e1s egy fekete fi\u00fa \u00e9s egy roma l\u00e1ny szerelm\u00e9t \u00e1br\u00e1zolja. De Marseille legvadabb k\u00f6rny\u00e9k\u00e9n a k\u00e9t riv\u00e1lis banda k\u00f6z\u00f6tt a h\u00e1bor\u00fa nem az\u00e9rt t\u00f6r ki, mert a l\u00e1ny teherbe esik, hanem egy gyilkoss\u00e1g miatt, amelynek a fi\u00fa szemtan\u00faja. A vet\u00edt\u00e9s ut\u00e1n a k\u00f6z\u00f6ns\u00e9g tal\u00e1lkozhat a film rendez\u0151j\u00e9vel, <strong>Jean-Bernard Marlin<\/strong>nel.<\/p>\n\n\n\n<p><strong>M\u00e1rcius 8-\u00e1n, 19.30 \u00f3rakor <\/strong>az Ur\u00e1ni\u00e1ban lesz l\u00e1that\u00f3 a <strong>Liv S. szerelmei<\/strong>c\u00edm\u0171 sv\u00e1jci romantikus film. A 38 \u00e9ves Liv felid\u00e9zi mag\u00e1ban a r\u00e9gi kapcsolatait, amelyekben valami valahogy mindig f\u00e9lrement. Kedves, \u00e1lmodoz\u00f3 h\u0151sn\u0151nknek ideje szemben\u00e9zni a d\u00e9monaival, \u00e9s elfogadni, hogy az \u00e9let egy hatalmas \u00e9rzelmi hull\u00e1mvas\u00fat. A vet\u00edt\u00e9s ut\u00e1n <strong>k\u00f6z\u00f6ns\u00e9gtal\u00e1lkoz\u00f3<\/strong> lesz <strong>a rendez\u0151vel, Anna Luif-fel<\/strong>.<\/p>\n\n\n\n<figure class=\"wp-block-image size-large is-resized\"><img loading=\"lazy\" decoding=\"async\" width=\"1024\" height=\"576\" src=\"https:\/\/www.francespiration.com\/wp-content\/uploads\/2024\/01\/negy-nover-frankofon-filmnapok-1024x576.png\" alt=\"n\u00e9gy n\u0151v\u00e9r-frankof\u00f3n filmnapok\" class=\"wp-image-1765\" style=\"width:840px;height:auto\" srcset=\"https:\/\/www.francespiration.com\/wp-content\/uploads\/2024\/01\/negy-nover-frankofon-filmnapok-1024x576.png 1024w, https:\/\/www.francespiration.com\/wp-content\/uploads\/2024\/01\/negy-nover-frankofon-filmnapok-300x169.png 300w, https:\/\/www.francespiration.com\/wp-content\/uploads\/2024\/01\/negy-nover-frankofon-filmnapok-768x432.png 768w, https:\/\/www.francespiration.com\/wp-content\/uploads\/2024\/01\/negy-nover-frankofon-filmnapok-1536x864.png 1536w, https:\/\/www.francespiration.com\/wp-content\/uploads\/2024\/01\/negy-nover-frankofon-filmnapok.png 1920w\" sizes=\"auto, (max-width: 1024px) 100vw, 1024px\" \/><figcaption class=\"wp-element-caption\">R\u00e9szlet a N\u00e9gy n\u0151v\u00e9r c\u00edm\u0171 filmb\u0151l. Fot\u00f3: Tanit Films<\/figcaption><\/figure>\n\n\n\n<p>A 14. Frankof\u00f3n Filmnapok 24 alkot\u00e1st hoz eredeti nyelven, magyar felirattal. A programban szerepel a tavalyi <strong>Cannes-i Filmfesztiv\u00e1lon<\/strong> deb\u00fct\u00e1lt a <strong>Mut\u00e1nsok<\/strong> c\u00edm\u0171 fantasztikus film <strong>Romain Duris<\/strong>-szel a f\u0151szerepben, melyet nemr\u00e9giben <strong>tizenk\u00e9t C\u00e9sar-d\u00edj<\/strong>ra jel\u00f6ltek. Szint\u00e9n <strong>Cannes-ban, <\/strong>versenyprogramban volt a vil\u00e1gpremiere az imm\u00e1r C\u00e9sar-d\u00edjra jel\u00f6lt <strong>Sav<\/strong> c\u00edm\u0171 francia katasztr\u00f3fafilmnek. K\u00e9t C\u00e9sar-jel\u00f6l\u00e9st kapott a <strong>Yannick <\/strong>c\u00edm\u0171 abszurd b\u0171n\u00fcgyi v\u00edgj\u00e1t\u00e9k. A sz\u00ednpadon egy olcs\u00f3 kom\u00e9di\u00e1t j\u00e1tszanak. Egy \u00f6ntudatos n\u00e9z\u0151 f\u00e9lbeszak\u00edtja az el\u0151ad\u00e1st. Szint\u00e9n kapott jel\u00f6l\u00e9st a <strong>Bernadette \u2013 A f\u0151n\u00f6kasszony<\/strong>, melysok humorral bizony\u00edtja, hogy minden sikeres f\u00e9rfi m\u00f6g\u00f6tt \u00e1ll egy n\u0151<strong>. <\/strong>Jacques Chirac k\u00f6zt\u00e1rsas\u00e1gi eln\u00f6k feles\u00e9g\u00e9t a csod\u00e1latos <strong>Catherine Deneuve<\/strong> alak\u00edtja. Az<strong> Annecy Nemzetk\u00f6zi Anim\u00e1ci\u00f3s Fesztiv\u00e1lon <\/strong>d\u00edjazott \u00e9s imm\u00e1r <strong>Oscar-jel\u00f6lt Robot\u00e1lmok <\/strong>vicces, ugyanakkor sz\u00edvhez sz\u00f3l\u00f3 csal\u00e1di film egy kutya \u00e9s egy robot k\u00fcl\u00f6n\u00f6s bar\u00e1ts\u00e1g\u00e1r\u00f3l. V\u00e9g\u00fcl a filmnapok egyik leg\u00fct\u0151sebb darabja a tavaly <strong>Cannes<\/strong>-ban n\u00e9gy d\u00edjat \u00e9s imm\u00e1r <strong>Oscar- \u00e9s C\u00e9sar- jel\u00f6lt<\/strong> is kapott a <strong>N\u00e9gy n\u0151v\u00e9r <\/strong>c\u00edm\u0171tun\u00e9ziai\u2013francia dokumentumfilm. Neh\u00e9z t\u00f6rt\u00e9net ez rem\u00e9nyr\u0151l, l\u00e1zad\u00e1sr\u00f3l, hagyom\u00e1nyr\u00f3l, er\u0151szakr\u00f3l, testv\u00e9ri szeretetr\u0151l \u00e9s mag\u00e1r\u00f3l a tun\u00e9ziai t\u00e1rsadalomr\u00f3l.<\/p>\n\n\n\n<figure class=\"wp-block-embed is-type-video is-provider-youtube wp-block-embed-youtube wp-embed-aspect-16-9 wp-has-aspect-ratio\"><div class=\"wp-block-embed__wrapper\">\n<iframe loading=\"lazy\" title=\"14. Frankof\u00f3n Filmnapok | 14\u00e8me Journ\u00e9es du Film Francophone\" width=\"800\" height=\"450\" src=\"https:\/\/www.youtube.com\/embed\/Q9Cmb1jwlsc?feature=oembed\" frameborder=\"0\" allow=\"accelerometer; autoplay; clipboard-write; encrypted-media; gyroscope; picture-in-picture; web-share\" allowfullscreen><\/iframe>\n<\/div><\/figure>\n\n\n\n<p><strong>M\u00e1rcius 1. \u00e9s 31. k\u00f6z\u00f6tt 16 v\u00e1rosban<\/strong> \u2013 Balatonf\u00fcreden, Debrecenben, Gy\u0151r\u00f6tt, J\u00e1szber\u00e9nyben, Kecskem\u00e9ten, Miskolcon, Ny\u00edregyh\u00e1z\u00e1n, \u00d3zdon, Pannonhalm\u00e1n, P\u00e9csett, Sopronban, Szegeden, Sz\u00e9kesfeh\u00e9rv\u00e1rott, Szolnokon, Szombathelyen \u00e9s Veszpr\u00e9mben mutatnak be egy sz\u0171kebb v\u00e1logat\u00e1st a 14. Frankof\u00f3n Filmnapok programj\u00e1b\u00f3l.<\/p>\n","protected":false},"excerpt":{"rendered":"<p>24 film \u00e9s benn\u00fck a legnagyobb francia szt\u00e1rok \u2013 Catherine Deneuve, L\u00e9a Seydoux, Virginie Efira, Romain Duris, Vincent Cassel, Guillaume Canet \u2013 lesznek l\u00e1that\u00f3ak a Francia Int\u00e9zet szervez\u00e9s\u00e9ben febru\u00e1r 28. \u00e9s m\u00e1rcius 10. k\u00f6z\u00f6tt a 14. Frankof\u00f3n Filmnapokon.<\/p>\n","protected":false},"author":1,"featured_media":1762,"comment_status":"open","ping_status":"open","sticky":false,"template":"","format":"standard","meta":{"footnotes":""},"categories":[1,29],"tags":[102,104,101,105,106,103],"class_list":["post-1760","post","type-post","status-publish","format-standard","has-post-thumbnail","hentry","category-hirek","category-kultura","tag-a-harom-testor","tag-eva-green","tag-frankofon-filmnapok","tag-milady","tag-negy-nover","tag-vincent-cassel"],"yoast_head":"<!-- This site is optimized with the Yoast SEO plugin v20.13 - https:\/\/yoast.com\/wordpress\/plugins\/seo\/ -->\n<title>Fantasztikus filmekkel k\u00f6zeleg a 14. Frankof\u00f3n Filmnapok - Francespiration<\/title>\n<meta name=\"description\" content=\"24 film \u00e9s a legnagyobb francia szt\u00e1rok lesznek l\u00e1that\u00f3ak a febru\u00e1r 28. \u00e9s m\u00e1rcius 10. k\u00f6z\u00f6tt a 14. Frankof\u00f3n Filmnapokon.\" \/>\n<meta name=\"robots\" content=\"index, follow, max-snippet:-1, max-image-preview:large, max-video-preview:-1\" \/>\n<link rel=\"canonical\" href=\"https:\/\/www.francespiration.com\/index.php\/2024\/01\/30\/egy-honap-mulva-kezdodik-a-14-frankofon-filmnapok\/\" \/>\n<meta property=\"og:locale\" content=\"hu_HU\" \/>\n<meta property=\"og:type\" content=\"article\" \/>\n<meta property=\"og:title\" content=\"Fantasztikus filmekkel k\u00f6zeleg a 14. Frankof\u00f3n Filmnapok - Francespiration\" \/>\n<meta property=\"og:description\" content=\"24 film \u00e9s a legnagyobb francia szt\u00e1rok lesznek l\u00e1that\u00f3ak a febru\u00e1r 28. \u00e9s m\u00e1rcius 10. k\u00f6z\u00f6tt a 14. Frankof\u00f3n Filmnapokon.\" \/>\n<meta property=\"og:url\" content=\"https:\/\/www.francespiration.com\/index.php\/2024\/01\/30\/egy-honap-mulva-kezdodik-a-14-frankofon-filmnapok\/\" \/>\n<meta property=\"og:site_name\" content=\"Francespiration\" \/>\n<meta property=\"article:published_time\" content=\"2024-01-30T16:32:24+00:00\" \/>\n<meta property=\"article:modified_time\" content=\"2024-02-15T12:18:13+00:00\" \/>\n<meta property=\"og:image\" content=\"https:\/\/www.francespiration.com\/wp-content\/uploads\/2024\/01\/3M_V2_J99_BK_00421c-Ben-King-scaled.jpg\" \/>\n\t<meta property=\"og:image:width\" content=\"2560\" \/>\n\t<meta property=\"og:image:height\" content=\"1707\" \/>\n\t<meta property=\"og:image:type\" content=\"image\/jpeg\" \/>\n<meta name=\"author\" content=\"Sz\u00f6ll\u0151si T\u00edmea\" \/>\n<meta name=\"twitter:card\" content=\"summary_large_image\" \/>\n<meta name=\"twitter:label1\" content=\"Szerz\u0151:\" \/>\n\t<meta name=\"twitter:data1\" content=\"Sz\u00f6ll\u0151si T\u00edmea\" \/>\n\t<meta name=\"twitter:label2\" content=\"Becs\u00fclt olvas\u00e1si id\u0151\" \/>\n\t<meta name=\"twitter:data2\" content=\"5 perc\" \/>\n<script type=\"application\/ld+json\" class=\"yoast-schema-graph\">{\"@context\":\"https:\/\/schema.org\",\"@graph\":[{\"@type\":\"Article\",\"@id\":\"https:\/\/www.francespiration.com\/index.php\/2024\/01\/30\/egy-honap-mulva-kezdodik-a-14-frankofon-filmnapok\/#article\",\"isPartOf\":{\"@id\":\"https:\/\/www.francespiration.com\/index.php\/2024\/01\/30\/egy-honap-mulva-kezdodik-a-14-frankofon-filmnapok\/\"},\"author\":{\"name\":\"Sz\u00f6ll\u0151si T\u00edmea\",\"@id\":\"https:\/\/www.francespiration.com\/#\/schema\/person\/83f3dc20d791bfb54664f7e0287501fa\"},\"headline\":\"Fantasztikus filmekkel k\u00f6zeleg a 14. Frankof\u00f3n Filmnapok\",\"datePublished\":\"2024-01-30T16:32:24+00:00\",\"dateModified\":\"2024-02-15T12:18:13+00:00\",\"mainEntityOfPage\":{\"@id\":\"https:\/\/www.francespiration.com\/index.php\/2024\/01\/30\/egy-honap-mulva-kezdodik-a-14-frankofon-filmnapok\/\"},\"wordCount\":1138,\"commentCount\":0,\"publisher\":{\"@id\":\"https:\/\/www.francespiration.com\/#organization\"},\"keywords\":[\"a h\u00e1rom test\u0151r\",\"eva green\",\"frankof\u00f3n filmnapok\",\"milady\",\"n\u00e9gy n\u0151v\u00e9r\",\"vincent cassel\"],\"articleSection\":[\"H\u00cdREK\",\"KULT\u00daRA\"],\"inLanguage\":\"hu\",\"potentialAction\":[{\"@type\":\"CommentAction\",\"name\":\"Comment\",\"target\":[\"https:\/\/www.francespiration.com\/index.php\/2024\/01\/30\/egy-honap-mulva-kezdodik-a-14-frankofon-filmnapok\/#respond\"]}]},{\"@type\":\"WebPage\",\"@id\":\"https:\/\/www.francespiration.com\/index.php\/2024\/01\/30\/egy-honap-mulva-kezdodik-a-14-frankofon-filmnapok\/\",\"url\":\"https:\/\/www.francespiration.com\/index.php\/2024\/01\/30\/egy-honap-mulva-kezdodik-a-14-frankofon-filmnapok\/\",\"name\":\"Fantasztikus filmekkel k\u00f6zeleg a 14. Frankof\u00f3n Filmnapok - Francespiration\",\"isPartOf\":{\"@id\":\"https:\/\/www.francespiration.com\/#website\"},\"datePublished\":\"2024-01-30T16:32:24+00:00\",\"dateModified\":\"2024-02-15T12:18:13+00:00\",\"description\":\"24 film \u00e9s a legnagyobb francia szt\u00e1rok lesznek l\u00e1that\u00f3ak a febru\u00e1r 28. \u00e9s m\u00e1rcius 10. k\u00f6z\u00f6tt a 14. Frankof\u00f3n Filmnapokon.\",\"breadcrumb\":{\"@id\":\"https:\/\/www.francespiration.com\/index.php\/2024\/01\/30\/egy-honap-mulva-kezdodik-a-14-frankofon-filmnapok\/#breadcrumb\"},\"inLanguage\":\"hu\",\"potentialAction\":[{\"@type\":\"ReadAction\",\"target\":[\"https:\/\/www.francespiration.com\/index.php\/2024\/01\/30\/egy-honap-mulva-kezdodik-a-14-frankofon-filmnapok\/\"]}]},{\"@type\":\"BreadcrumbList\",\"@id\":\"https:\/\/www.francespiration.com\/index.php\/2024\/01\/30\/egy-honap-mulva-kezdodik-a-14-frankofon-filmnapok\/#breadcrumb\",\"itemListElement\":[{\"@type\":\"ListItem\",\"position\":1,\"name\":\"Kezd\u0151lap\",\"item\":\"https:\/\/www.francespiration.com\/\"},{\"@type\":\"ListItem\",\"position\":2,\"name\":\"Fantasztikus filmekkel k\u00f6zeleg a 14. Frankof\u00f3n Filmnapok\"}]},{\"@type\":\"WebSite\",\"@id\":\"https:\/\/www.francespiration.com\/#website\",\"url\":\"https:\/\/www.francespiration.com\/\",\"name\":\"Francespiration\",\"description\":\"Just another WordPress site\",\"publisher\":{\"@id\":\"https:\/\/www.francespiration.com\/#organization\"},\"potentialAction\":[{\"@type\":\"SearchAction\",\"target\":{\"@type\":\"EntryPoint\",\"urlTemplate\":\"https:\/\/www.francespiration.com\/?s={search_term_string}\"},\"query-input\":\"required name=search_term_string\"}],\"inLanguage\":\"hu\"},{\"@type\":\"Organization\",\"@id\":\"https:\/\/www.francespiration.com\/#organization\",\"name\":\"Francespiration\",\"url\":\"https:\/\/www.francespiration.com\/\",\"logo\":{\"@type\":\"ImageObject\",\"inLanguage\":\"hu\",\"@id\":\"https:\/\/www.francespiration.com\/#\/schema\/logo\/image\/\",\"url\":\"https:\/\/www.francespiration.com\/wp-content\/uploads\/2022\/09\/4d-also-scaled.jpg\",\"contentUrl\":\"https:\/\/www.francespiration.com\/wp-content\/uploads\/2022\/09\/4d-also-scaled.jpg\",\"width\":2560,\"height\":913,\"caption\":\"Francespiration\"},\"image\":{\"@id\":\"https:\/\/www.francespiration.com\/#\/schema\/logo\/image\/\"}},{\"@type\":\"Person\",\"@id\":\"https:\/\/www.francespiration.com\/#\/schema\/person\/83f3dc20d791bfb54664f7e0287501fa\",\"name\":\"Sz\u00f6ll\u0151si T\u00edmea\",\"image\":{\"@type\":\"ImageObject\",\"inLanguage\":\"hu\",\"@id\":\"https:\/\/www.francespiration.com\/#\/schema\/person\/image\/\",\"url\":\"https:\/\/secure.gravatar.com\/avatar\/1fd2e7bebd99ada3a170be066229da8dce9b7f9ba3748e0b659e39e5f31eb56a?s=96&d=mm&r=g\",\"contentUrl\":\"https:\/\/secure.gravatar.com\/avatar\/1fd2e7bebd99ada3a170be066229da8dce9b7f9ba3748e0b659e39e5f31eb56a?s=96&d=mm&r=g\",\"caption\":\"Sz\u00f6ll\u0151si T\u00edmea\"},\"sameAs\":[\"https:\/\/www.francespiration.com\"],\"url\":\"https:\/\/www.francespiration.com\/index.php\/author\/szollotimi\/\"}]}<\/script>\n<!-- \/ Yoast SEO plugin. -->","yoast_head_json":{"title":"Fantasztikus filmekkel k\u00f6zeleg a 14. Frankof\u00f3n Filmnapok - Francespiration","description":"24 film \u00e9s a legnagyobb francia szt\u00e1rok lesznek l\u00e1that\u00f3ak a febru\u00e1r 28. \u00e9s m\u00e1rcius 10. k\u00f6z\u00f6tt a 14. Frankof\u00f3n Filmnapokon.","robots":{"index":"index","follow":"follow","max-snippet":"max-snippet:-1","max-image-preview":"max-image-preview:large","max-video-preview":"max-video-preview:-1"},"canonical":"https:\/\/www.francespiration.com\/index.php\/2024\/01\/30\/egy-honap-mulva-kezdodik-a-14-frankofon-filmnapok\/","og_locale":"hu_HU","og_type":"article","og_title":"Fantasztikus filmekkel k\u00f6zeleg a 14. Frankof\u00f3n Filmnapok - Francespiration","og_description":"24 film \u00e9s a legnagyobb francia szt\u00e1rok lesznek l\u00e1that\u00f3ak a febru\u00e1r 28. \u00e9s m\u00e1rcius 10. k\u00f6z\u00f6tt a 14. Frankof\u00f3n Filmnapokon.","og_url":"https:\/\/www.francespiration.com\/index.php\/2024\/01\/30\/egy-honap-mulva-kezdodik-a-14-frankofon-filmnapok\/","og_site_name":"Francespiration","article_published_time":"2024-01-30T16:32:24+00:00","article_modified_time":"2024-02-15T12:18:13+00:00","og_image":[{"width":2560,"height":1707,"url":"https:\/\/www.francespiration.com\/wp-content\/uploads\/2024\/01\/3M_V2_J99_BK_00421c-Ben-King-scaled.jpg","type":"image\/jpeg"}],"author":"Sz\u00f6ll\u0151si T\u00edmea","twitter_card":"summary_large_image","twitter_misc":{"Szerz\u0151:":"Sz\u00f6ll\u0151si T\u00edmea","Becs\u00fclt olvas\u00e1si id\u0151":"5 perc"},"schema":{"@context":"https:\/\/schema.org","@graph":[{"@type":"Article","@id":"https:\/\/www.francespiration.com\/index.php\/2024\/01\/30\/egy-honap-mulva-kezdodik-a-14-frankofon-filmnapok\/#article","isPartOf":{"@id":"https:\/\/www.francespiration.com\/index.php\/2024\/01\/30\/egy-honap-mulva-kezdodik-a-14-frankofon-filmnapok\/"},"author":{"name":"Sz\u00f6ll\u0151si T\u00edmea","@id":"https:\/\/www.francespiration.com\/#\/schema\/person\/83f3dc20d791bfb54664f7e0287501fa"},"headline":"Fantasztikus filmekkel k\u00f6zeleg a 14. Frankof\u00f3n Filmnapok","datePublished":"2024-01-30T16:32:24+00:00","dateModified":"2024-02-15T12:18:13+00:00","mainEntityOfPage":{"@id":"https:\/\/www.francespiration.com\/index.php\/2024\/01\/30\/egy-honap-mulva-kezdodik-a-14-frankofon-filmnapok\/"},"wordCount":1138,"commentCount":0,"publisher":{"@id":"https:\/\/www.francespiration.com\/#organization"},"keywords":["a h\u00e1rom test\u0151r","eva green","frankof\u00f3n filmnapok","milady","n\u00e9gy n\u0151v\u00e9r","vincent cassel"],"articleSection":["H\u00cdREK","KULT\u00daRA"],"inLanguage":"hu","potentialAction":[{"@type":"CommentAction","name":"Comment","target":["https:\/\/www.francespiration.com\/index.php\/2024\/01\/30\/egy-honap-mulva-kezdodik-a-14-frankofon-filmnapok\/#respond"]}]},{"@type":"WebPage","@id":"https:\/\/www.francespiration.com\/index.php\/2024\/01\/30\/egy-honap-mulva-kezdodik-a-14-frankofon-filmnapok\/","url":"https:\/\/www.francespiration.com\/index.php\/2024\/01\/30\/egy-honap-mulva-kezdodik-a-14-frankofon-filmnapok\/","name":"Fantasztikus filmekkel k\u00f6zeleg a 14. Frankof\u00f3n Filmnapok - Francespiration","isPartOf":{"@id":"https:\/\/www.francespiration.com\/#website"},"datePublished":"2024-01-30T16:32:24+00:00","dateModified":"2024-02-15T12:18:13+00:00","description":"24 film \u00e9s a legnagyobb francia szt\u00e1rok lesznek l\u00e1that\u00f3ak a febru\u00e1r 28. \u00e9s m\u00e1rcius 10. k\u00f6z\u00f6tt a 14. Frankof\u00f3n Filmnapokon.","breadcrumb":{"@id":"https:\/\/www.francespiration.com\/index.php\/2024\/01\/30\/egy-honap-mulva-kezdodik-a-14-frankofon-filmnapok\/#breadcrumb"},"inLanguage":"hu","potentialAction":[{"@type":"ReadAction","target":["https:\/\/www.francespiration.com\/index.php\/2024\/01\/30\/egy-honap-mulva-kezdodik-a-14-frankofon-filmnapok\/"]}]},{"@type":"BreadcrumbList","@id":"https:\/\/www.francespiration.com\/index.php\/2024\/01\/30\/egy-honap-mulva-kezdodik-a-14-frankofon-filmnapok\/#breadcrumb","itemListElement":[{"@type":"ListItem","position":1,"name":"Kezd\u0151lap","item":"https:\/\/www.francespiration.com\/"},{"@type":"ListItem","position":2,"name":"Fantasztikus filmekkel k\u00f6zeleg a 14. Frankof\u00f3n Filmnapok"}]},{"@type":"WebSite","@id":"https:\/\/www.francespiration.com\/#website","url":"https:\/\/www.francespiration.com\/","name":"Francespiration","description":"Just another WordPress site","publisher":{"@id":"https:\/\/www.francespiration.com\/#organization"},"potentialAction":[{"@type":"SearchAction","target":{"@type":"EntryPoint","urlTemplate":"https:\/\/www.francespiration.com\/?s={search_term_string}"},"query-input":"required name=search_term_string"}],"inLanguage":"hu"},{"@type":"Organization","@id":"https:\/\/www.francespiration.com\/#organization","name":"Francespiration","url":"https:\/\/www.francespiration.com\/","logo":{"@type":"ImageObject","inLanguage":"hu","@id":"https:\/\/www.francespiration.com\/#\/schema\/logo\/image\/","url":"https:\/\/www.francespiration.com\/wp-content\/uploads\/2022\/09\/4d-also-scaled.jpg","contentUrl":"https:\/\/www.francespiration.com\/wp-content\/uploads\/2022\/09\/4d-also-scaled.jpg","width":2560,"height":913,"caption":"Francespiration"},"image":{"@id":"https:\/\/www.francespiration.com\/#\/schema\/logo\/image\/"}},{"@type":"Person","@id":"https:\/\/www.francespiration.com\/#\/schema\/person\/83f3dc20d791bfb54664f7e0287501fa","name":"Sz\u00f6ll\u0151si T\u00edmea","image":{"@type":"ImageObject","inLanguage":"hu","@id":"https:\/\/www.francespiration.com\/#\/schema\/person\/image\/","url":"https:\/\/secure.gravatar.com\/avatar\/1fd2e7bebd99ada3a170be066229da8dce9b7f9ba3748e0b659e39e5f31eb56a?s=96&d=mm&r=g","contentUrl":"https:\/\/secure.gravatar.com\/avatar\/1fd2e7bebd99ada3a170be066229da8dce9b7f9ba3748e0b659e39e5f31eb56a?s=96&d=mm&r=g","caption":"Sz\u00f6ll\u0151si T\u00edmea"},"sameAs":["https:\/\/www.francespiration.com"],"url":"https:\/\/www.francespiration.com\/index.php\/author\/szollotimi\/"}]}},"_links":{"self":[{"href":"https:\/\/www.francespiration.com\/index.php\/wp-json\/wp\/v2\/posts\/1760","targetHints":{"allow":["GET"]}}],"collection":[{"href":"https:\/\/www.francespiration.com\/index.php\/wp-json\/wp\/v2\/posts"}],"about":[{"href":"https:\/\/www.francespiration.com\/index.php\/wp-json\/wp\/v2\/types\/post"}],"author":[{"embeddable":true,"href":"https:\/\/www.francespiration.com\/index.php\/wp-json\/wp\/v2\/users\/1"}],"replies":[{"embeddable":true,"href":"https:\/\/www.francespiration.com\/index.php\/wp-json\/wp\/v2\/comments?post=1760"}],"version-history":[{"count":3,"href":"https:\/\/www.francespiration.com\/index.php\/wp-json\/wp\/v2\/posts\/1760\/revisions"}],"predecessor-version":[{"id":1777,"href":"https:\/\/www.francespiration.com\/index.php\/wp-json\/wp\/v2\/posts\/1760\/revisions\/1777"}],"wp:featuredmedia":[{"embeddable":true,"href":"https:\/\/www.francespiration.com\/index.php\/wp-json\/wp\/v2\/media\/1762"}],"wp:attachment":[{"href":"https:\/\/www.francespiration.com\/index.php\/wp-json\/wp\/v2\/media?parent=1760"}],"wp:term":[{"taxonomy":"category","embeddable":true,"href":"https:\/\/www.francespiration.com\/index.php\/wp-json\/wp\/v2\/categories?post=1760"},{"taxonomy":"post_tag","embeddable":true,"href":"https:\/\/www.francespiration.com\/index.php\/wp-json\/wp\/v2\/tags?post=1760"}],"curies":[{"name":"wp","href":"https:\/\/api.w.org\/{rel}","templated":true}]}}