{"id":1768,"date":"2024-02-13T12:03:07","date_gmt":"2024-02-13T12:03:07","guid":{"rendered":"https:\/\/www.francespiration.com\/?p=1768"},"modified":"2024-02-13T12:03:55","modified_gmt":"2024-02-13T12:03:55","slug":"hogyan-fogyasszuk-vincent-van-gogh-muveszetet","status":"publish","type":"post","link":"https:\/\/www.francespiration.com\/index.php\/2024\/02\/13\/hogyan-fogyasszuk-vincent-van-gogh-muveszetet\/","title":{"rendered":"Hogyan fogyasszuk Vincent van Gogh m\u0171v\u00e9szet\u00e9t?"},"content":{"rendered":"\n<p><strong>A nagyj\u00e1b\u00f3l egy-m\u00e1sf\u00e9l \u00f3r\u00e1s ki\u00e1ll\u00edt\u00e1son \u00fajraalkotott audiovizu\u00e1lis install\u00e1ci\u00f3kon, reproduk\u00e1lt alkot\u00e1sokon \u00e9s egy VR szem\u00fcvegen kereszt\u00fcl elmer\u00fclhet\u00fcnk Vincent van Gogh furcsa \u00e9let\u00e9ben \u00e9s ellentmond\u00e1sos vil\u00e1g\u00e1ban. De vajon t\u00e9nyleg ez a j\u00f6v\u0151 \u00e9s a m\u00fazeumok ideje le\u00e1ldozott?<\/strong><\/p>\n\n\n\n<!--more-->\n\n\n\n<p>Vincent van Gogh posztimpresszionista fest\u0151, akinek m\u0171v\u00e9szi teljes\u00edtm\u00e9nye egyetlen \u00e9vtizedre korl\u00e1toz\u00f3dott, kit\u00f6r\u00f6lhetetlen nyomot hagyott a k\u00e9pz\u0151m\u0171v\u00e9szet vil\u00e1g\u00e1ban, \u00e9s ilyen vagy olyan m\u00f3don az\u00f3ta is hat\u00e1ssal van a m\u0171v\u00e9szetekre. M\u0171vei napjainkban ikonikus alkot\u00e1sok. Azonnal felismerhet\u0151 st\u00edlusa ellen\u00e9re Van Gogh nem szerzett h\u00edrnevet \u00e9lete sor\u00e1n, \u00e9s abban a hitben halt meg, hogy m\u0171v\u00e9szete egy nagy kudarc. B\u00e1r neh\u00e9z elhinni, Van Gogh \u00e9lete sor\u00e1n mind\u00f6ssze egyetlen m\u0171alkot\u00e1st adott el. Annyira szeg\u00e9ny volt, hogy parasztokat haszn\u00e1lt modellnek, mert m\u00e1s modellt nem tudott megfizetni. Ez az oka annak, hogy munk\u00e1inak nagy r\u00e9sze a vir\u00e1gokb\u00f3l, t\u00e1jk\u00e9pekb\u0151l \u00e9s term\u00e9szetesen az \u00f6narck\u00e9pekb\u0151l \u00e1ll, de annak is, hogy a Van Gogh-reprodukci\u00f3k hihetetlen\u00fcl n\u00e9pszer\u0171ek lettek. Van Gogh \u00e9lete \u00e9s karrierje annyira egyedi volt, hogy t\u00f6bb mint egy \u00e9vsz\u00e1zaddal hal\u00e1la ut\u00e1n is milli\u00f3kat mozgat meg.<\/p>\n\n\n\n<p>Manaps\u00e1g k\u00f6nnyed\u00e9n \u00e9s viszonylag gyorsan eljutunk a p\u00e1rizsi Mus\u00e9e d\u2019Orsayba, a londoni National Gallerybe vagy new yorki Metropolitan Museum of Artba, ahol k\u00f6zvetlen k\u00f6zelr\u0151l mer\u00fclhet\u00fcnk el festm\u00e9nyeinek izgalmas l\u00e1tv\u00e1ny\u00e1ban. De ez nem mindenkinek adatik meg &#8211; \u00e9s valljuk be nem mindenki szeret m\u00fazeumba j\u00e1rni. A <a href=\"https:\/\/vangoghbudapest.hu\/?gclid=Cj0KCQiAw6yuBhDrARIsACf94RUaPM2E5SWkbn3rxf2mzvFq44DLylADD91SMNzNA0rBF43y-DrKos0aAqBQEALw_wcB\" target=\"_blank\" rel=\"noreferrer noopener\">Van Gogh The Immersive Experience<\/a> ki\u00e1ll\u00edt\u00e1s, amely febru\u00e1r elej\u00e9t\u0151l eg\u00e9szen szeptember elsej\u00e9ig l\u00e1togathat\u00f3 a budapesti BOK csarnokban, lehet\u0151s\u00e9get k\u00edn\u00e1lva arra, hogy megismerj\u00fck a holland fest\u0151zseni munk\u00e1ss\u00e1g\u00e1t.<\/p>\n\n\n\n<figure class=\"wp-block-image size-large\"><img loading=\"lazy\" decoding=\"async\" width=\"1024\" height=\"683\" src=\"https:\/\/www.francespiration.com\/wp-content\/uploads\/2024\/02\/megnyito_VanGogh_2-1024x683.jpg\" alt=\"\" class=\"wp-image-1770\" srcset=\"https:\/\/www.francespiration.com\/wp-content\/uploads\/2024\/02\/megnyito_VanGogh_2-1024x683.jpg 1024w, https:\/\/www.francespiration.com\/wp-content\/uploads\/2024\/02\/megnyito_VanGogh_2-300x200.jpg 300w, https:\/\/www.francespiration.com\/wp-content\/uploads\/2024\/02\/megnyito_VanGogh_2-768x512.jpg 768w, https:\/\/www.francespiration.com\/wp-content\/uploads\/2024\/02\/megnyito_VanGogh_2-1536x1024.jpg 1536w, https:\/\/www.francespiration.com\/wp-content\/uploads\/2024\/02\/megnyito_VanGogh_2-2048x1365.jpg 2048w\" sizes=\"auto, (max-width: 1024px) 100vw, 1024px\" \/><figcaption class=\"wp-element-caption\">Fot\u00f3: Van Gogh The Immersive Exprerience<\/figcaption><\/figure>\n\n\n\n<h2 class=\"wp-block-heading\">M\u00fazeum vagy extravag\u00e1ns \u00e9lm\u00e9ny?<\/h2>\n\n\n\n<p>A ki\u00e1ll\u00edt\u00e1s k\u00e9ts\u00e9gtelen\u00fcl mag\u00e1val ragad\u00f3, tele leny\u0171g\u00f6z\u0151en l\u00e1tv\u00e1nyos r\u00e9sszel. Falra festett install\u00e1ci\u00f3kon \u00e9s audiovizu\u00e1lis elemeken kereszt\u00fcl csod\u00e1lhatjuk, ahogy \u00e9letre kelnek a m\u0171v\u00e9sz alkot\u00e1sai, de mind k\u00f6z\u00fcl a k\u00e9t utols\u00f3 r\u00e9sz tartogatja a legt\u00f6bb \u00e9lm\u00e9nyt. Az utols\u00f3 el\u0151tti hatalmas teremben &#8211; ha tal\u00e1lunk egy szabad strandsz\u00e9ket &#8211; k\u00e9nyelmesen lust\u00e1lkodva ak\u00e1r f\u00e9l\u00f3r\u00e1n kereszt\u00fcl is \u00e9lvezhetj\u00fck a Van Gogh-\u00e9lm\u00e9nyt a n\u00e9gy falon folyamatosan v\u00e1ltakoz\u00f3 m\u0171alkot\u00e1sok k\u00e9p\u00e9ben.<\/p>\n\n\n\n<p>Mik\u00f6zben a teljes relax\u00e1ci\u00f3 \u00e1llapot\u00e1ban elmer\u00fcltem a vet\u00edt\u00e9sben, azon gondolkoztam, hab\u00e1r ez a ki\u00e1ll\u00edt\u00e1s nagyon m\u00e1s, mintha p\u00e9ld\u00e1ul a Mus\u00e9e d\u2019Orsayban n\u00e9zn\u00e9nk m\u00e9g, de tal\u00e1n m\u00e9g ha felsz\u00ednes \u00e9s XXI. sz\u00e1zadi m\u00f3don is, de k\u00f6zelebb hozza a m\u0171v\u00e9szetet az emberekhez. Ez kell ahhoz, hogy az impulzusokkal teli vil\u00e1gunkban fenntartsuk a m\u0171v\u00e9szetet \u00e9s az emberek \u00e9rdekl\u0151d\u00e9s\u00e9t. Ki tudja, tal\u00e1n m\u00e1shogy m\u00e1r nem is menne\u2026 Hiszen ma m\u00e1r ahhoz vagyunk hozz\u00e1szokva, hogy mindenb\u0151l az \u00fct\u0151s \u00e9s min\u00e9l extravag\u00e1nsabb l\u00e1tv\u00e1ny kell. Mindenre r\u00e1 kell tenni egy lap\u00e1ttal, m\u00e9g egyet fokozni rajta. Nem el\u00e9g m\u00e1r csak egy festm\u00e9ny \u00e9s n\u00e9h\u00e1ny sor, amelyen elt\u00f6prenghet\u00fcnk, kell hozz\u00e1 m\u00e9g t\u00f6bb izgalom: kell a plusz zene, kell a plusz f\u00e9ny, kell m\u00e9g mozg\u00e1s. De t\u00e9nyleg minden \u00e9rz\u00e9k\u00fcnket meg kell mozgatni, hogy elmer\u00fclj\u00fcnk Van Gogh l\u00e1tv\u00e1nyos posztimpresszionista vil\u00e1g\u00e1ban?<\/p>\n\n\n\n<h2 class=\"wp-block-heading\">VR szem\u00fcveggel van Gogh festm\u00e9nyeiben<\/h2>\n\n\n\n<p>Val\u00f3sz\u00edn\u0171leg igen \u2013 legal\u00e1bbis a Van Gogh Immersive Experience erre t\u00f6rekszik. Az k\u00e9ts\u00e9gtelen, hogy \u00e9rdekes volt m\u00e9g t\u00f6bbet megtudni Van Gogh \u00e9let\u00e9r\u0151l \u00e9s festm\u00e9nyeir\u0151l, a mag\u00e1val ragad\u00f3 multim\u00e9di\u00e1s ter\u00fcletek pedig sz\u00f3rakoztat\u00f3ak, Minden bizonnyal az idel\u00e1togat\u00f3k legnagyobb r\u00e9sze nagyszer\u0171 k\u00f6z\u00f6ss\u00e9gim\u00e9dia-fot\u00f3kat k\u00e9sz\u00edt. P\u00e1ratlan \u00e9s l\u00e1tv\u00e1nyos \u00e9lm\u00e9ny a VR szem\u00fcveggel bej\u00e1rhat\u00f3 vil\u00e1g, amelyet \u00e9n szem\u00e9ly szerint sz\u00e1jt\u00e1tva n\u00e9ztem v\u00e9gig. Bel\u00e9pve egy kicsit \u00e9n is Vincent van Gogh-nak \u00e9reztem magam. Elvar\u00e1zsolt a l\u00e1tv\u00e1ny, ide-oda forogtam, hogy min\u00e9l t\u00f6bbet l\u00e1ssak, \u00e9s szinte f\u00e1jt, amikor a v\u00e9g\u00e9re \u00e9rtem \u00e9s ki kellett l\u00e9pnem ebb\u0151l a mesterk\u00e9lten megid\u00e9zett m\u0171vi vil\u00e1gb\u00f3l, ami annyira mag\u00e1val ragadott. B\u00e9nultan tettem vissza a hely\u00e9re a szem\u00fcveget, Szellemk\u00e9nt bolyongtam ki, lassan \u00e1thaladva azon a r\u00e9szen, ahol \u00e9n is megalkothattam volna egy kis saj\u00e1t mini Van Gogh festm\u00e9nyt.<\/p>\n\n\n\n<p>Hazafele m\u00e9g mindig az \u00e9lm\u00e9ny hat\u00e1sa alatt voltam, de nem tudtam elengedni a gondolatot, amely folyamatosan az el\u0151tt\u00fcnk \u00e1ll\u00f3 j\u00f6v\u0151 fele hajtott. Annak ellen\u00e9re, hogy szerettem ezt a ki\u00e1ll\u00edt\u00e1st &#8211; \u00e9s ha nem lenne ilyen eszeveszett\u00fcl dr\u00e1ga, akkor megn\u00e9zn\u00e9m m\u00e9g j\u00f3 n\u00e9h\u00e1nyszor &#8211; egyre csak azok a m\u00fazeumi \u00e9lm\u00e9nyek j\u00e1rtak a fejemben, amelyek gyerekkorom \u00f3ta \u00e9letem r\u00e9szei. Nem tudom megmondani, melyik kapcsolt \u00f6ssze jobban Vincent van Gogh-al, de legbel\u00fcl azt \u00e9rzem, hogy t\u00f6rv\u00e9nyszer\u0171, hogy efel\u00e9 az impulzusokkal teli instant \u00e9lm\u00e9ny fel\u00e9 megy\u00fcnk. A nagy k\u00e9rd\u00e9s azonban az, hogy ez j\u00f3 lesz-e ez nek\u00fcnk?<\/p>\n","protected":false},"excerpt":{"rendered":"<p>A nagyj\u00e1b\u00f3l egy-m\u00e1sf\u00e9l \u00f3r\u00e1s ki\u00e1ll\u00edt\u00e1son \u00fajraalkotott audiovizu\u00e1lis install\u00e1ci\u00f3kon, reproduk\u00e1lt alkot\u00e1sokon \u00e9s egy VR szem\u00fcvegen kereszt\u00fcl elmer\u00fclhet\u00fcnk Vincent van Gogh furcsa \u00e9let\u00e9ben \u00e9s ellentmond\u00e1sos vil\u00e1g\u00e1ban. De vajon t\u00e9nyleg ez a j\u00f6v\u0151 \u00e9s a m\u00fazeumok ideje le\u00e1ldozott?<\/p>\n","protected":false},"author":1,"featured_media":1772,"comment_status":"open","ping_status":"open","sticky":false,"template":"","format":"standard","meta":{"footnotes":""},"categories":[29],"tags":[107,109,108],"class_list":["post-1768","post","type-post","status-publish","format-standard","has-post-thumbnail","hentry","category-kultura","tag-kiallitas","tag-posztimpresszionizmus","tag-vincent-van-gogh"],"yoast_head":"<!-- This site is optimized with the Yoast SEO plugin v20.13 - https:\/\/yoast.com\/wordpress\/plugins\/seo\/ -->\n<title>Hogyan fogyasszuk Vincent van Gogh m\u0171v\u00e9szet\u00e9t? - Francespiration<\/title>\n<meta name=\"description\" content=\"Van Gogh furcsa \u00e9let\u00e9be pillanthatunk be a nagyj\u00e1b\u00f3l egy\u00f3r\u00e1s ki\u00e1ll\u00edt\u00e1son \u00fajraalkotott audiovizu\u00e1lis install\u00e1ci\u00f3kon, reproduk\u00e1lt alkot\u00e1sokon.\" \/>\n<meta name=\"robots\" content=\"index, follow, max-snippet:-1, max-image-preview:large, max-video-preview:-1\" \/>\n<link rel=\"canonical\" href=\"https:\/\/www.francespiration.com\/index.php\/2024\/02\/13\/hogyan-fogyasszuk-vincent-van-gogh-muveszetet\/\" \/>\n<meta property=\"og:locale\" content=\"hu_HU\" \/>\n<meta property=\"og:type\" content=\"article\" \/>\n<meta property=\"og:title\" content=\"Hogyan fogyasszuk Vincent van Gogh m\u0171v\u00e9szet\u00e9t? - Francespiration\" \/>\n<meta property=\"og:description\" content=\"Van Gogh furcsa \u00e9let\u00e9be pillanthatunk be a nagyj\u00e1b\u00f3l egy\u00f3r\u00e1s ki\u00e1ll\u00edt\u00e1son \u00fajraalkotott audiovizu\u00e1lis install\u00e1ci\u00f3kon, reproduk\u00e1lt alkot\u00e1sokon.\" \/>\n<meta property=\"og:url\" content=\"https:\/\/www.francespiration.com\/index.php\/2024\/02\/13\/hogyan-fogyasszuk-vincent-van-gogh-muveszetet\/\" \/>\n<meta property=\"og:site_name\" content=\"Francespiration\" \/>\n<meta property=\"article:published_time\" content=\"2024-02-13T12:03:07+00:00\" \/>\n<meta property=\"article:modified_time\" content=\"2024-02-13T12:03:55+00:00\" \/>\n<meta property=\"og:image\" content=\"https:\/\/www.francespiration.com\/wp-content\/uploads\/2024\/02\/megnyito_VanGogh_6-1-scaled.jpg\" \/>\n\t<meta property=\"og:image:width\" content=\"2560\" \/>\n\t<meta property=\"og:image:height\" content=\"1707\" \/>\n\t<meta property=\"og:image:type\" content=\"image\/jpeg\" \/>\n<meta name=\"author\" content=\"Sz\u00f6ll\u0151si T\u00edmea\" \/>\n<meta name=\"twitter:card\" content=\"summary_large_image\" \/>\n<meta name=\"twitter:label1\" content=\"Szerz\u0151:\" \/>\n\t<meta name=\"twitter:data1\" content=\"Sz\u00f6ll\u0151si T\u00edmea\" \/>\n\t<meta name=\"twitter:label2\" content=\"Becs\u00fclt olvas\u00e1si id\u0151\" \/>\n\t<meta name=\"twitter:data2\" content=\"4 perc\" \/>\n<script type=\"application\/ld+json\" class=\"yoast-schema-graph\">{\"@context\":\"https:\/\/schema.org\",\"@graph\":[{\"@type\":\"Article\",\"@id\":\"https:\/\/www.francespiration.com\/index.php\/2024\/02\/13\/hogyan-fogyasszuk-vincent-van-gogh-muveszetet\/#article\",\"isPartOf\":{\"@id\":\"https:\/\/www.francespiration.com\/index.php\/2024\/02\/13\/hogyan-fogyasszuk-vincent-van-gogh-muveszetet\/\"},\"author\":{\"name\":\"Sz\u00f6ll\u0151si T\u00edmea\",\"@id\":\"https:\/\/www.francespiration.com\/#\/schema\/person\/83f3dc20d791bfb54664f7e0287501fa\"},\"headline\":\"Hogyan fogyasszuk Vincent van Gogh m\u0171v\u00e9szet\u00e9t?\",\"datePublished\":\"2024-02-13T12:03:07+00:00\",\"dateModified\":\"2024-02-13T12:03:55+00:00\",\"mainEntityOfPage\":{\"@id\":\"https:\/\/www.francespiration.com\/index.php\/2024\/02\/13\/hogyan-fogyasszuk-vincent-van-gogh-muveszetet\/\"},\"wordCount\":988,\"commentCount\":0,\"publisher\":{\"@id\":\"https:\/\/www.francespiration.com\/#organization\"},\"keywords\":[\"ki\u00e1ll\u00edt\u00e1s\",\"posztimpresszionizmus\",\"Vincent van Gogh\"],\"articleSection\":[\"KULT\u00daRA\"],\"inLanguage\":\"hu\",\"potentialAction\":[{\"@type\":\"CommentAction\",\"name\":\"Comment\",\"target\":[\"https:\/\/www.francespiration.com\/index.php\/2024\/02\/13\/hogyan-fogyasszuk-vincent-van-gogh-muveszetet\/#respond\"]}]},{\"@type\":\"WebPage\",\"@id\":\"https:\/\/www.francespiration.com\/index.php\/2024\/02\/13\/hogyan-fogyasszuk-vincent-van-gogh-muveszetet\/\",\"url\":\"https:\/\/www.francespiration.com\/index.php\/2024\/02\/13\/hogyan-fogyasszuk-vincent-van-gogh-muveszetet\/\",\"name\":\"Hogyan fogyasszuk Vincent van Gogh m\u0171v\u00e9szet\u00e9t? - Francespiration\",\"isPartOf\":{\"@id\":\"https:\/\/www.francespiration.com\/#website\"},\"datePublished\":\"2024-02-13T12:03:07+00:00\",\"dateModified\":\"2024-02-13T12:03:55+00:00\",\"description\":\"Van Gogh furcsa \u00e9let\u00e9be pillanthatunk be a nagyj\u00e1b\u00f3l egy\u00f3r\u00e1s ki\u00e1ll\u00edt\u00e1son \u00fajraalkotott audiovizu\u00e1lis install\u00e1ci\u00f3kon, reproduk\u00e1lt alkot\u00e1sokon.\",\"breadcrumb\":{\"@id\":\"https:\/\/www.francespiration.com\/index.php\/2024\/02\/13\/hogyan-fogyasszuk-vincent-van-gogh-muveszetet\/#breadcrumb\"},\"inLanguage\":\"hu\",\"potentialAction\":[{\"@type\":\"ReadAction\",\"target\":[\"https:\/\/www.francespiration.com\/index.php\/2024\/02\/13\/hogyan-fogyasszuk-vincent-van-gogh-muveszetet\/\"]}]},{\"@type\":\"BreadcrumbList\",\"@id\":\"https:\/\/www.francespiration.com\/index.php\/2024\/02\/13\/hogyan-fogyasszuk-vincent-van-gogh-muveszetet\/#breadcrumb\",\"itemListElement\":[{\"@type\":\"ListItem\",\"position\":1,\"name\":\"Kezd\u0151lap\",\"item\":\"https:\/\/www.francespiration.com\/\"},{\"@type\":\"ListItem\",\"position\":2,\"name\":\"Hogyan fogyasszuk Vincent van Gogh m\u0171v\u00e9szet\u00e9t?\"}]},{\"@type\":\"WebSite\",\"@id\":\"https:\/\/www.francespiration.com\/#website\",\"url\":\"https:\/\/www.francespiration.com\/\",\"name\":\"Francespiration\",\"description\":\"Just another WordPress site\",\"publisher\":{\"@id\":\"https:\/\/www.francespiration.com\/#organization\"},\"potentialAction\":[{\"@type\":\"SearchAction\",\"target\":{\"@type\":\"EntryPoint\",\"urlTemplate\":\"https:\/\/www.francespiration.com\/?s={search_term_string}\"},\"query-input\":\"required name=search_term_string\"}],\"inLanguage\":\"hu\"},{\"@type\":\"Organization\",\"@id\":\"https:\/\/www.francespiration.com\/#organization\",\"name\":\"Francespiration\",\"url\":\"https:\/\/www.francespiration.com\/\",\"logo\":{\"@type\":\"ImageObject\",\"inLanguage\":\"hu\",\"@id\":\"https:\/\/www.francespiration.com\/#\/schema\/logo\/image\/\",\"url\":\"https:\/\/www.francespiration.com\/wp-content\/uploads\/2022\/09\/4d-also-scaled.jpg\",\"contentUrl\":\"https:\/\/www.francespiration.com\/wp-content\/uploads\/2022\/09\/4d-also-scaled.jpg\",\"width\":2560,\"height\":913,\"caption\":\"Francespiration\"},\"image\":{\"@id\":\"https:\/\/www.francespiration.com\/#\/schema\/logo\/image\/\"}},{\"@type\":\"Person\",\"@id\":\"https:\/\/www.francespiration.com\/#\/schema\/person\/83f3dc20d791bfb54664f7e0287501fa\",\"name\":\"Sz\u00f6ll\u0151si T\u00edmea\",\"image\":{\"@type\":\"ImageObject\",\"inLanguage\":\"hu\",\"@id\":\"https:\/\/www.francespiration.com\/#\/schema\/person\/image\/\",\"url\":\"https:\/\/secure.gravatar.com\/avatar\/1fd2e7bebd99ada3a170be066229da8dce9b7f9ba3748e0b659e39e5f31eb56a?s=96&d=mm&r=g\",\"contentUrl\":\"https:\/\/secure.gravatar.com\/avatar\/1fd2e7bebd99ada3a170be066229da8dce9b7f9ba3748e0b659e39e5f31eb56a?s=96&d=mm&r=g\",\"caption\":\"Sz\u00f6ll\u0151si T\u00edmea\"},\"sameAs\":[\"https:\/\/www.francespiration.com\"],\"url\":\"https:\/\/www.francespiration.com\/index.php\/author\/szollotimi\/\"}]}<\/script>\n<!-- \/ Yoast SEO plugin. -->","yoast_head_json":{"title":"Hogyan fogyasszuk Vincent van Gogh m\u0171v\u00e9szet\u00e9t? - Francespiration","description":"Van Gogh furcsa \u00e9let\u00e9be pillanthatunk be a nagyj\u00e1b\u00f3l egy\u00f3r\u00e1s ki\u00e1ll\u00edt\u00e1son \u00fajraalkotott audiovizu\u00e1lis install\u00e1ci\u00f3kon, reproduk\u00e1lt alkot\u00e1sokon.","robots":{"index":"index","follow":"follow","max-snippet":"max-snippet:-1","max-image-preview":"max-image-preview:large","max-video-preview":"max-video-preview:-1"},"canonical":"https:\/\/www.francespiration.com\/index.php\/2024\/02\/13\/hogyan-fogyasszuk-vincent-van-gogh-muveszetet\/","og_locale":"hu_HU","og_type":"article","og_title":"Hogyan fogyasszuk Vincent van Gogh m\u0171v\u00e9szet\u00e9t? - Francespiration","og_description":"Van Gogh furcsa \u00e9let\u00e9be pillanthatunk be a nagyj\u00e1b\u00f3l egy\u00f3r\u00e1s ki\u00e1ll\u00edt\u00e1son \u00fajraalkotott audiovizu\u00e1lis install\u00e1ci\u00f3kon, reproduk\u00e1lt alkot\u00e1sokon.","og_url":"https:\/\/www.francespiration.com\/index.php\/2024\/02\/13\/hogyan-fogyasszuk-vincent-van-gogh-muveszetet\/","og_site_name":"Francespiration","article_published_time":"2024-02-13T12:03:07+00:00","article_modified_time":"2024-02-13T12:03:55+00:00","og_image":[{"width":2560,"height":1707,"url":"https:\/\/www.francespiration.com\/wp-content\/uploads\/2024\/02\/megnyito_VanGogh_6-1-scaled.jpg","type":"image\/jpeg"}],"author":"Sz\u00f6ll\u0151si T\u00edmea","twitter_card":"summary_large_image","twitter_misc":{"Szerz\u0151:":"Sz\u00f6ll\u0151si T\u00edmea","Becs\u00fclt olvas\u00e1si id\u0151":"4 perc"},"schema":{"@context":"https:\/\/schema.org","@graph":[{"@type":"Article","@id":"https:\/\/www.francespiration.com\/index.php\/2024\/02\/13\/hogyan-fogyasszuk-vincent-van-gogh-muveszetet\/#article","isPartOf":{"@id":"https:\/\/www.francespiration.com\/index.php\/2024\/02\/13\/hogyan-fogyasszuk-vincent-van-gogh-muveszetet\/"},"author":{"name":"Sz\u00f6ll\u0151si T\u00edmea","@id":"https:\/\/www.francespiration.com\/#\/schema\/person\/83f3dc20d791bfb54664f7e0287501fa"},"headline":"Hogyan fogyasszuk Vincent van Gogh m\u0171v\u00e9szet\u00e9t?","datePublished":"2024-02-13T12:03:07+00:00","dateModified":"2024-02-13T12:03:55+00:00","mainEntityOfPage":{"@id":"https:\/\/www.francespiration.com\/index.php\/2024\/02\/13\/hogyan-fogyasszuk-vincent-van-gogh-muveszetet\/"},"wordCount":988,"commentCount":0,"publisher":{"@id":"https:\/\/www.francespiration.com\/#organization"},"keywords":["ki\u00e1ll\u00edt\u00e1s","posztimpresszionizmus","Vincent van Gogh"],"articleSection":["KULT\u00daRA"],"inLanguage":"hu","potentialAction":[{"@type":"CommentAction","name":"Comment","target":["https:\/\/www.francespiration.com\/index.php\/2024\/02\/13\/hogyan-fogyasszuk-vincent-van-gogh-muveszetet\/#respond"]}]},{"@type":"WebPage","@id":"https:\/\/www.francespiration.com\/index.php\/2024\/02\/13\/hogyan-fogyasszuk-vincent-van-gogh-muveszetet\/","url":"https:\/\/www.francespiration.com\/index.php\/2024\/02\/13\/hogyan-fogyasszuk-vincent-van-gogh-muveszetet\/","name":"Hogyan fogyasszuk Vincent van Gogh m\u0171v\u00e9szet\u00e9t? - Francespiration","isPartOf":{"@id":"https:\/\/www.francespiration.com\/#website"},"datePublished":"2024-02-13T12:03:07+00:00","dateModified":"2024-02-13T12:03:55+00:00","description":"Van Gogh furcsa \u00e9let\u00e9be pillanthatunk be a nagyj\u00e1b\u00f3l egy\u00f3r\u00e1s ki\u00e1ll\u00edt\u00e1son \u00fajraalkotott audiovizu\u00e1lis install\u00e1ci\u00f3kon, reproduk\u00e1lt alkot\u00e1sokon.","breadcrumb":{"@id":"https:\/\/www.francespiration.com\/index.php\/2024\/02\/13\/hogyan-fogyasszuk-vincent-van-gogh-muveszetet\/#breadcrumb"},"inLanguage":"hu","potentialAction":[{"@type":"ReadAction","target":["https:\/\/www.francespiration.com\/index.php\/2024\/02\/13\/hogyan-fogyasszuk-vincent-van-gogh-muveszetet\/"]}]},{"@type":"BreadcrumbList","@id":"https:\/\/www.francespiration.com\/index.php\/2024\/02\/13\/hogyan-fogyasszuk-vincent-van-gogh-muveszetet\/#breadcrumb","itemListElement":[{"@type":"ListItem","position":1,"name":"Kezd\u0151lap","item":"https:\/\/www.francespiration.com\/"},{"@type":"ListItem","position":2,"name":"Hogyan fogyasszuk Vincent van Gogh m\u0171v\u00e9szet\u00e9t?"}]},{"@type":"WebSite","@id":"https:\/\/www.francespiration.com\/#website","url":"https:\/\/www.francespiration.com\/","name":"Francespiration","description":"Just another WordPress site","publisher":{"@id":"https:\/\/www.francespiration.com\/#organization"},"potentialAction":[{"@type":"SearchAction","target":{"@type":"EntryPoint","urlTemplate":"https:\/\/www.francespiration.com\/?s={search_term_string}"},"query-input":"required name=search_term_string"}],"inLanguage":"hu"},{"@type":"Organization","@id":"https:\/\/www.francespiration.com\/#organization","name":"Francespiration","url":"https:\/\/www.francespiration.com\/","logo":{"@type":"ImageObject","inLanguage":"hu","@id":"https:\/\/www.francespiration.com\/#\/schema\/logo\/image\/","url":"https:\/\/www.francespiration.com\/wp-content\/uploads\/2022\/09\/4d-also-scaled.jpg","contentUrl":"https:\/\/www.francespiration.com\/wp-content\/uploads\/2022\/09\/4d-also-scaled.jpg","width":2560,"height":913,"caption":"Francespiration"},"image":{"@id":"https:\/\/www.francespiration.com\/#\/schema\/logo\/image\/"}},{"@type":"Person","@id":"https:\/\/www.francespiration.com\/#\/schema\/person\/83f3dc20d791bfb54664f7e0287501fa","name":"Sz\u00f6ll\u0151si T\u00edmea","image":{"@type":"ImageObject","inLanguage":"hu","@id":"https:\/\/www.francespiration.com\/#\/schema\/person\/image\/","url":"https:\/\/secure.gravatar.com\/avatar\/1fd2e7bebd99ada3a170be066229da8dce9b7f9ba3748e0b659e39e5f31eb56a?s=96&d=mm&r=g","contentUrl":"https:\/\/secure.gravatar.com\/avatar\/1fd2e7bebd99ada3a170be066229da8dce9b7f9ba3748e0b659e39e5f31eb56a?s=96&d=mm&r=g","caption":"Sz\u00f6ll\u0151si T\u00edmea"},"sameAs":["https:\/\/www.francespiration.com"],"url":"https:\/\/www.francespiration.com\/index.php\/author\/szollotimi\/"}]}},"_links":{"self":[{"href":"https:\/\/www.francespiration.com\/index.php\/wp-json\/wp\/v2\/posts\/1768","targetHints":{"allow":["GET"]}}],"collection":[{"href":"https:\/\/www.francespiration.com\/index.php\/wp-json\/wp\/v2\/posts"}],"about":[{"href":"https:\/\/www.francespiration.com\/index.php\/wp-json\/wp\/v2\/types\/post"}],"author":[{"embeddable":true,"href":"https:\/\/www.francespiration.com\/index.php\/wp-json\/wp\/v2\/users\/1"}],"replies":[{"embeddable":true,"href":"https:\/\/www.francespiration.com\/index.php\/wp-json\/wp\/v2\/comments?post=1768"}],"version-history":[{"count":2,"href":"https:\/\/www.francespiration.com\/index.php\/wp-json\/wp\/v2\/posts\/1768\/revisions"}],"predecessor-version":[{"id":1775,"href":"https:\/\/www.francespiration.com\/index.php\/wp-json\/wp\/v2\/posts\/1768\/revisions\/1775"}],"wp:featuredmedia":[{"embeddable":true,"href":"https:\/\/www.francespiration.com\/index.php\/wp-json\/wp\/v2\/media\/1772"}],"wp:attachment":[{"href":"https:\/\/www.francespiration.com\/index.php\/wp-json\/wp\/v2\/media?parent=1768"}],"wp:term":[{"taxonomy":"category","embeddable":true,"href":"https:\/\/www.francespiration.com\/index.php\/wp-json\/wp\/v2\/categories?post=1768"},{"taxonomy":"post_tag","embeddable":true,"href":"https:\/\/www.francespiration.com\/index.php\/wp-json\/wp\/v2\/tags?post=1768"}],"curies":[{"name":"wp","href":"https:\/\/api.w.org\/{rel}","templated":true}]}}