{"id":1778,"date":"2024-02-16T07:59:43","date_gmt":"2024-02-16T07:59:43","guid":{"rendered":"https:\/\/www.francespiration.com\/?p=1778"},"modified":"2024-02-16T08:04:07","modified_gmt":"2024-02-16T08:04:07","slug":"itt-a-mimoza-szezon-franciaorszagban","status":"publish","type":"post","link":"https:\/\/www.francespiration.com\/index.php\/2024\/02\/16\/itt-a-mimoza-szezon-franciaorszagban\/","title":{"rendered":"Itt a mim\u00f3za szezon Franciaorsz\u00e1gban"},"content":{"rendered":"\n<p><strong>Minden \u00e9vben janu\u00e1rt\u00f3l m\u00e1rciusig D\u00e9l-Franciaorsz\u00e1gban vir\u00e1gba borulnak a mim\u00f3za cserj\u00e9k. \u00c9l\u00e9nk aranysz\u00edn\u0171 vir\u00e1ga csod\u00e1latos eml\u00e9keztet\u0151\u00fcl szolg\u00e1l arra, hogy Franciaorsz\u00e1gban m\u00e1r tavasz van a leveg\u0151ben. B\u00e1r a mim\u00f3z\u00e1t els\u0151sorban a Provence-Alpes-C\u00f4te d&#8217;Azur r\u00e9gi\u00f3ban termesztik, \u00e9s nem csak a vil\u00e1g minden t\u00e1j\u00e1ra sz\u00e1ll\u00edtj\u00e1k, de megt\u00f6ltik P\u00e1rizs vir\u00e1gboltjait is.<\/strong><\/p>\n\n\n\n<!--more-->\n\n\n\n<h2 class=\"wp-block-heading\">Legend\u00e1s t\u00f6rt\u00e9net<\/h2>\n\n\n\n<p>Az egyik legenda szerint a mim\u00f3za a 19. sz\u00e1zadban a francia d\u00e9li naps\u00fct\u00e9s meleg sugaraira \u00e1h\u00edtoz\u00f3 angol arisztrokrat\u00e1inak k\u00f6sz\u00f6nhet\u0151en Ausztr\u00e1li\u00e1b\u00f3l \u00e9rkezett a vid\u00e9kre, akik a t\u00e1voli gyarmatr\u00f3l t\u00e1sk\u00e1jukban hozt\u00e1k magukkal a vir\u00e1gokat. A m\u00e1sik legenda szerint III. Nap\u00f3leon honos\u00edtotta meg, aki1867-ben Mexik\u00f3b\u00f3l hozta mag\u00e1val a mim\u00f3za f\u00e1kat.<\/p>\n\n\n\n<p>A m\u00e9rs\u00e9kelt \u00e9ghajlat, a gazdag talaj \u00e9s a hegyoldalak t\u00f6k\u00e9letesnek bizonyultak a n\u00f6v\u00e9ny elszaporod\u00e1s\u00e1hoz. Ma m\u00e1r a r\u00e9gi\u00f3 kelk\u00e9p\u00e9v\u00e9 v\u00e1lt, \u00e9s sz\u00e1mtalan term\u00e9kben haszn\u00e1lj\u00e1k \u00e9des, j\u00e1zmin \u00e9s m\u00e9z illata miatt. A parf\u00fcmiparban mind\u00f6ssze h\u00e1romf\u00e9le mim\u00f3z\u00e1t haszn\u00e1lnak, egyik k\u00f6z\u00fcl\u00fck az Acacia Farnesiana, amelynek arom\u00e1s olaja olyan j\u00f3l ismert parf\u00fcm\u00f6kben is megtal\u00e1lhat\u00f3, mint az Amarige a Givenchyt\u0151l \u00e9s a Paris Yves Saint-Laurent-t\u0151l.<\/p>\n\n\n\n<h2 class=\"wp-block-heading\">Egy egyszer\u0171 csokorban is kit\u0171n\u0151 v\u00e1laszt\u00e1s sz\u00e9ps\u00e9ge \u00e9s pomp\u00e1s sz\u00edne miatt.<\/h2>\n\n\n\n<p>A mim\u00f3za csod\u00e1latos illat\u00e1r\u00f3l \u00e9s k\u00e1pr\u00e1zatos s\u00e1rga sz\u00edn\u00e9r\u0151l ismert. Ezen a k\u00f6rny\u00e9ken k\u00f6r\u00f6lbel\u00fcl 90 faja \u00e9l, de a vil\u00e1gon nagyj\u00e1b\u00f3l 800 \u00e9s 1200 k\u00fcl\u00f6nb\u00f6z\u0151 p\u00e9ld\u00e1nya l\u00e9tezik. A d\u00e9l-francia r\u00e9gi\u00f3ban leggyakrabban janu\u00e1r \u00e9s febru\u00e1r t\u00e1j\u00e1n vir\u00e1gzik, de a fajok sokf\u00e9les\u00e9ge miatt l\u00e9nyeg\u00e9ben eg\u00e9sz \u00e9vben tal\u00e1lkozhatunk vele.<\/p>\n\n\n\n<figure class=\"wp-block-image size-large\"><img loading=\"lazy\" decoding=\"async\" width=\"768\" height=\"1024\" src=\"https:\/\/www.francespiration.com\/wp-content\/uploads\/2024\/02\/mimoza-franciaorszag-tavasz-1-768x1024.jpg\" alt=\"mim\u00f3za-franciaorsz\u00e1g-tavasz\" class=\"wp-image-1782\" srcset=\"https:\/\/www.francespiration.com\/wp-content\/uploads\/2024\/02\/mimoza-franciaorszag-tavasz-1-768x1024.jpg 768w, https:\/\/www.francespiration.com\/wp-content\/uploads\/2024\/02\/mimoza-franciaorszag-tavasz-1-225x300.jpg 225w, https:\/\/www.francespiration.com\/wp-content\/uploads\/2024\/02\/mimoza-franciaorszag-tavasz-1-1152x1536.jpg 1152w, https:\/\/www.francespiration.com\/wp-content\/uploads\/2024\/02\/mimoza-franciaorszag-tavasz-1-1536x2048.jpg 1536w, https:\/\/www.francespiration.com\/wp-content\/uploads\/2024\/02\/mimoza-franciaorszag-tavasz-1-scaled.jpg 1920w\" sizes=\"auto, (max-width: 768px) 100vw, 768px\" \/><\/figure>\n\n\n\n<p>A Route de Mimosa, vagyis a \u201eMimi\u00f3za \u00fat\u201d 130 kilom\u00e9ter hossz\u00fa Bormes-Les-Mimosast\u00f3l a parf\u00fcmk\u00e9sz\u00edt\u00e9s f\u0151v\u00e1ros\u00e1ig, Grasse-ig tart. Ha \u00fat elej\u00e9n tal\u00e1lhat\u00fc <a href=\"https:\/\/www.domainedurayol.org\/en\/the-garden\/\" target=\"_blank\" rel=\"noreferrer noopener\">Domaine du Rayol-i mediterr\u00e1n kertet<\/a> is \u00fatba ejtj\u00fck, a t\u00f6bb, mint harminc fajb\u00f3l \u00e1ll\u00f3 gy\u0171jtem\u00e9nyt is megtekinthetj\u00fck. Febru\u00e1r elej\u00e9n pedig Mandelieu-La Napoule \u2013 az \u00f6njel\u00f6lt mim\u00f3za f\u0151v\u00e1ros \u2013 ad otthont a t\u00edznapos \u201eMim\u00f3za fesztiv\u00e1lnak\u201d, a La F\u00eate du Mimos\u00e1nak, ami a helyiek \u00e9s az idel\u00e1togat\u00f3k nagy kedvence.<\/p>\n\n\n\n<p>Annak ellen\u00e9re, hogy m\u00e9g soha nem j\u00e1rtam a Route de Mimosa-n, \u00e9s nem vettem r\u00e9szt a fesztiv\u00e1lon sem, Franciaorsz\u00e1gban j\u00e1rva, amikor csak tehetem v\u00e1s\u00e1rolok egy illatos permetet. T\u00f6k\u00e9letesen eml\u00e9keztet\u0151, hogy a tavasz m\u00e1r t\u00e9nyleg itt van a leveg\u0151ben.<\/p>\n","protected":false},"excerpt":{"rendered":"<p>Minden \u00e9vben janu\u00e1rt\u00f3l m\u00e1rciusig D\u00e9l-Franciaorsz\u00e1gban vir\u00e1gba borulnak a mim\u00f3za cserj\u00e9k. \u00c9l\u00e9nk aranysz\u00edn\u0171 vir\u00e1ga csod\u00e1latos eml\u00e9keztet\u0151\u00fcl szolg\u00e1l arra, hogy Franciaorsz\u00e1gban m\u00e1r tavasz van a leveg\u0151ben. B\u00e1r a mim\u00f3z\u00e1t els\u0151sorban a Provence-Alpes-C\u00f4te d&#8217;Azur r\u00e9gi\u00f3ban termesztik, \u00e9s nem csak a vil\u00e1g minden t\u00e1j\u00e1ra sz\u00e1ll\u00edtj\u00e1k, de megt\u00f6ltik P\u00e1rizs vir\u00e1gboltjait is.<\/p>\n","protected":false},"author":1,"featured_media":1781,"comment_status":"open","ping_status":"open","sticky":false,"template":"","format":"standard","meta":{"footnotes":""},"categories":[27,28,30],"tags":[113,112,56,110,114,59,47,111],"class_list":["post-1778","post","type-post","status-publish","format-standard","has-post-thumbnail","hentry","category-elet","category-helyek","category-stilus","tag-del-franciaorszag","tag-franciaorszag","tag-grasse","tag-mimoza","tag-mimoza-ut","tag-parfum","tag-parizs","tag-tavasz"],"yoast_head":"<!-- This site is optimized with the Yoast SEO plugin v20.13 - https:\/\/yoast.com\/wordpress\/plugins\/seo\/ -->\n<title>Itt a mim\u00f3za szezon Franciaorsz\u00e1gban - Francespiration<\/title>\n<meta name=\"description\" content=\"Minden \u00e9vben janu\u00e1rt\u00f3l m\u00e1rciusig D\u00e9l-Franciaorsz\u00e1gban vir\u00e1gba borulnak a mim\u00f3za cserj\u00e9k, eml\u00e9keztet\u0151\u00fcl arra, hogy lassan itt a tavasz.\" \/>\n<meta name=\"robots\" content=\"index, follow, max-snippet:-1, max-image-preview:large, max-video-preview:-1\" \/>\n<link rel=\"canonical\" href=\"https:\/\/www.francespiration.com\/index.php\/2024\/02\/16\/itt-a-mimoza-szezon-franciaorszagban\/\" \/>\n<meta property=\"og:locale\" content=\"hu_HU\" \/>\n<meta property=\"og:type\" content=\"article\" \/>\n<meta property=\"og:title\" content=\"Itt a mim\u00f3za szezon Franciaorsz\u00e1gban - Francespiration\" \/>\n<meta property=\"og:description\" content=\"Minden \u00e9vben janu\u00e1rt\u00f3l m\u00e1rciusig D\u00e9l-Franciaorsz\u00e1gban vir\u00e1gba borulnak a mim\u00f3za cserj\u00e9k, eml\u00e9keztet\u0151\u00fcl arra, hogy lassan itt a tavasz.\" \/>\n<meta property=\"og:url\" content=\"https:\/\/www.francespiration.com\/index.php\/2024\/02\/16\/itt-a-mimoza-szezon-franciaorszagban\/\" \/>\n<meta property=\"og:site_name\" content=\"Francespiration\" \/>\n<meta property=\"article:published_time\" content=\"2024-02-16T07:59:43+00:00\" \/>\n<meta property=\"article:modified_time\" content=\"2024-02-16T08:04:07+00:00\" \/>\n<meta property=\"og:image\" content=\"https:\/\/www.francespiration.com\/wp-content\/uploads\/2024\/02\/mimoza-no-franciaorszag-tavasz.jpg\" \/>\n\t<meta property=\"og:image:width\" content=\"1254\" \/>\n\t<meta property=\"og:image:height\" content=\"836\" \/>\n\t<meta property=\"og:image:type\" content=\"image\/jpeg\" \/>\n<meta name=\"author\" content=\"Sz\u00f6ll\u0151si T\u00edmea\" \/>\n<meta name=\"twitter:card\" content=\"summary_large_image\" \/>\n<meta name=\"twitter:label1\" content=\"Szerz\u0151:\" \/>\n\t<meta name=\"twitter:data1\" content=\"Sz\u00f6ll\u0151si T\u00edmea\" \/>\n\t<meta name=\"twitter:label2\" content=\"Becs\u00fclt olvas\u00e1si id\u0151\" \/>\n\t<meta name=\"twitter:data2\" content=\"2 perc\" \/>\n<script type=\"application\/ld+json\" class=\"yoast-schema-graph\">{\"@context\":\"https:\/\/schema.org\",\"@graph\":[{\"@type\":\"Article\",\"@id\":\"https:\/\/www.francespiration.com\/index.php\/2024\/02\/16\/itt-a-mimoza-szezon-franciaorszagban\/#article\",\"isPartOf\":{\"@id\":\"https:\/\/www.francespiration.com\/index.php\/2024\/02\/16\/itt-a-mimoza-szezon-franciaorszagban\/\"},\"author\":{\"name\":\"Sz\u00f6ll\u0151si T\u00edmea\",\"@id\":\"https:\/\/www.francespiration.com\/#\/schema\/person\/83f3dc20d791bfb54664f7e0287501fa\"},\"headline\":\"Itt a mim\u00f3za szezon Franciaorsz\u00e1gban\",\"datePublished\":\"2024-02-16T07:59:43+00:00\",\"dateModified\":\"2024-02-16T08:04:07+00:00\",\"mainEntityOfPage\":{\"@id\":\"https:\/\/www.francespiration.com\/index.php\/2024\/02\/16\/itt-a-mimoza-szezon-franciaorszagban\/\"},\"wordCount\":512,\"commentCount\":0,\"publisher\":{\"@id\":\"https:\/\/www.francespiration.com\/#organization\"},\"keywords\":[\"D\u00e9l-Franciaorsz\u00e1g\",\"Franciaorsz\u00e1g\",\"grasse\",\"mim\u00f3za\",\"mim\u00f3za-\u00fat\",\"parf\u00fcm\",\"p\u00e1rizs\",\"tavasz\"],\"articleSection\":[\"\u00c9LET\",\"K\u00dcL\u00d6NLEGES HELYEK\",\"ST\u00cdLUS\"],\"inLanguage\":\"hu\",\"potentialAction\":[{\"@type\":\"CommentAction\",\"name\":\"Comment\",\"target\":[\"https:\/\/www.francespiration.com\/index.php\/2024\/02\/16\/itt-a-mimoza-szezon-franciaorszagban\/#respond\"]}]},{\"@type\":\"WebPage\",\"@id\":\"https:\/\/www.francespiration.com\/index.php\/2024\/02\/16\/itt-a-mimoza-szezon-franciaorszagban\/\",\"url\":\"https:\/\/www.francespiration.com\/index.php\/2024\/02\/16\/itt-a-mimoza-szezon-franciaorszagban\/\",\"name\":\"Itt a mim\u00f3za szezon Franciaorsz\u00e1gban - Francespiration\",\"isPartOf\":{\"@id\":\"https:\/\/www.francespiration.com\/#website\"},\"datePublished\":\"2024-02-16T07:59:43+00:00\",\"dateModified\":\"2024-02-16T08:04:07+00:00\",\"description\":\"Minden \u00e9vben janu\u00e1rt\u00f3l m\u00e1rciusig D\u00e9l-Franciaorsz\u00e1gban vir\u00e1gba borulnak a mim\u00f3za cserj\u00e9k, eml\u00e9keztet\u0151\u00fcl arra, hogy lassan itt a tavasz.\",\"breadcrumb\":{\"@id\":\"https:\/\/www.francespiration.com\/index.php\/2024\/02\/16\/itt-a-mimoza-szezon-franciaorszagban\/#breadcrumb\"},\"inLanguage\":\"hu\",\"potentialAction\":[{\"@type\":\"ReadAction\",\"target\":[\"https:\/\/www.francespiration.com\/index.php\/2024\/02\/16\/itt-a-mimoza-szezon-franciaorszagban\/\"]}]},{\"@type\":\"BreadcrumbList\",\"@id\":\"https:\/\/www.francespiration.com\/index.php\/2024\/02\/16\/itt-a-mimoza-szezon-franciaorszagban\/#breadcrumb\",\"itemListElement\":[{\"@type\":\"ListItem\",\"position\":1,\"name\":\"Kezd\u0151lap\",\"item\":\"https:\/\/www.francespiration.com\/\"},{\"@type\":\"ListItem\",\"position\":2,\"name\":\"Itt a mim\u00f3za szezon Franciaorsz\u00e1gban\"}]},{\"@type\":\"WebSite\",\"@id\":\"https:\/\/www.francespiration.com\/#website\",\"url\":\"https:\/\/www.francespiration.com\/\",\"name\":\"Francespiration\",\"description\":\"Just another WordPress site\",\"publisher\":{\"@id\":\"https:\/\/www.francespiration.com\/#organization\"},\"potentialAction\":[{\"@type\":\"SearchAction\",\"target\":{\"@type\":\"EntryPoint\",\"urlTemplate\":\"https:\/\/www.francespiration.com\/?s={search_term_string}\"},\"query-input\":\"required name=search_term_string\"}],\"inLanguage\":\"hu\"},{\"@type\":\"Organization\",\"@id\":\"https:\/\/www.francespiration.com\/#organization\",\"name\":\"Francespiration\",\"url\":\"https:\/\/www.francespiration.com\/\",\"logo\":{\"@type\":\"ImageObject\",\"inLanguage\":\"hu\",\"@id\":\"https:\/\/www.francespiration.com\/#\/schema\/logo\/image\/\",\"url\":\"https:\/\/www.francespiration.com\/wp-content\/uploads\/2022\/09\/4d-also-scaled.jpg\",\"contentUrl\":\"https:\/\/www.francespiration.com\/wp-content\/uploads\/2022\/09\/4d-also-scaled.jpg\",\"width\":2560,\"height\":913,\"caption\":\"Francespiration\"},\"image\":{\"@id\":\"https:\/\/www.francespiration.com\/#\/schema\/logo\/image\/\"}},{\"@type\":\"Person\",\"@id\":\"https:\/\/www.francespiration.com\/#\/schema\/person\/83f3dc20d791bfb54664f7e0287501fa\",\"name\":\"Sz\u00f6ll\u0151si T\u00edmea\",\"image\":{\"@type\":\"ImageObject\",\"inLanguage\":\"hu\",\"@id\":\"https:\/\/www.francespiration.com\/#\/schema\/person\/image\/\",\"url\":\"https:\/\/secure.gravatar.com\/avatar\/1fd2e7bebd99ada3a170be066229da8dce9b7f9ba3748e0b659e39e5f31eb56a?s=96&d=mm&r=g\",\"contentUrl\":\"https:\/\/secure.gravatar.com\/avatar\/1fd2e7bebd99ada3a170be066229da8dce9b7f9ba3748e0b659e39e5f31eb56a?s=96&d=mm&r=g\",\"caption\":\"Sz\u00f6ll\u0151si T\u00edmea\"},\"sameAs\":[\"https:\/\/www.francespiration.com\"],\"url\":\"https:\/\/www.francespiration.com\/index.php\/author\/szollotimi\/\"}]}<\/script>\n<!-- \/ Yoast SEO plugin. -->","yoast_head_json":{"title":"Itt a mim\u00f3za szezon Franciaorsz\u00e1gban - Francespiration","description":"Minden \u00e9vben janu\u00e1rt\u00f3l m\u00e1rciusig D\u00e9l-Franciaorsz\u00e1gban vir\u00e1gba borulnak a mim\u00f3za cserj\u00e9k, eml\u00e9keztet\u0151\u00fcl arra, hogy lassan itt a tavasz.","robots":{"index":"index","follow":"follow","max-snippet":"max-snippet:-1","max-image-preview":"max-image-preview:large","max-video-preview":"max-video-preview:-1"},"canonical":"https:\/\/www.francespiration.com\/index.php\/2024\/02\/16\/itt-a-mimoza-szezon-franciaorszagban\/","og_locale":"hu_HU","og_type":"article","og_title":"Itt a mim\u00f3za szezon Franciaorsz\u00e1gban - Francespiration","og_description":"Minden \u00e9vben janu\u00e1rt\u00f3l m\u00e1rciusig D\u00e9l-Franciaorsz\u00e1gban vir\u00e1gba borulnak a mim\u00f3za cserj\u00e9k, eml\u00e9keztet\u0151\u00fcl arra, hogy lassan itt a tavasz.","og_url":"https:\/\/www.francespiration.com\/index.php\/2024\/02\/16\/itt-a-mimoza-szezon-franciaorszagban\/","og_site_name":"Francespiration","article_published_time":"2024-02-16T07:59:43+00:00","article_modified_time":"2024-02-16T08:04:07+00:00","og_image":[{"width":1254,"height":836,"url":"https:\/\/www.francespiration.com\/wp-content\/uploads\/2024\/02\/mimoza-no-franciaorszag-tavasz.jpg","type":"image\/jpeg"}],"author":"Sz\u00f6ll\u0151si T\u00edmea","twitter_card":"summary_large_image","twitter_misc":{"Szerz\u0151:":"Sz\u00f6ll\u0151si T\u00edmea","Becs\u00fclt olvas\u00e1si id\u0151":"2 perc"},"schema":{"@context":"https:\/\/schema.org","@graph":[{"@type":"Article","@id":"https:\/\/www.francespiration.com\/index.php\/2024\/02\/16\/itt-a-mimoza-szezon-franciaorszagban\/#article","isPartOf":{"@id":"https:\/\/www.francespiration.com\/index.php\/2024\/02\/16\/itt-a-mimoza-szezon-franciaorszagban\/"},"author":{"name":"Sz\u00f6ll\u0151si T\u00edmea","@id":"https:\/\/www.francespiration.com\/#\/schema\/person\/83f3dc20d791bfb54664f7e0287501fa"},"headline":"Itt a mim\u00f3za szezon Franciaorsz\u00e1gban","datePublished":"2024-02-16T07:59:43+00:00","dateModified":"2024-02-16T08:04:07+00:00","mainEntityOfPage":{"@id":"https:\/\/www.francespiration.com\/index.php\/2024\/02\/16\/itt-a-mimoza-szezon-franciaorszagban\/"},"wordCount":512,"commentCount":0,"publisher":{"@id":"https:\/\/www.francespiration.com\/#organization"},"keywords":["D\u00e9l-Franciaorsz\u00e1g","Franciaorsz\u00e1g","grasse","mim\u00f3za","mim\u00f3za-\u00fat","parf\u00fcm","p\u00e1rizs","tavasz"],"articleSection":["\u00c9LET","K\u00dcL\u00d6NLEGES HELYEK","ST\u00cdLUS"],"inLanguage":"hu","potentialAction":[{"@type":"CommentAction","name":"Comment","target":["https:\/\/www.francespiration.com\/index.php\/2024\/02\/16\/itt-a-mimoza-szezon-franciaorszagban\/#respond"]}]},{"@type":"WebPage","@id":"https:\/\/www.francespiration.com\/index.php\/2024\/02\/16\/itt-a-mimoza-szezon-franciaorszagban\/","url":"https:\/\/www.francespiration.com\/index.php\/2024\/02\/16\/itt-a-mimoza-szezon-franciaorszagban\/","name":"Itt a mim\u00f3za szezon Franciaorsz\u00e1gban - Francespiration","isPartOf":{"@id":"https:\/\/www.francespiration.com\/#website"},"datePublished":"2024-02-16T07:59:43+00:00","dateModified":"2024-02-16T08:04:07+00:00","description":"Minden \u00e9vben janu\u00e1rt\u00f3l m\u00e1rciusig D\u00e9l-Franciaorsz\u00e1gban vir\u00e1gba borulnak a mim\u00f3za cserj\u00e9k, eml\u00e9keztet\u0151\u00fcl arra, hogy lassan itt a tavasz.","breadcrumb":{"@id":"https:\/\/www.francespiration.com\/index.php\/2024\/02\/16\/itt-a-mimoza-szezon-franciaorszagban\/#breadcrumb"},"inLanguage":"hu","potentialAction":[{"@type":"ReadAction","target":["https:\/\/www.francespiration.com\/index.php\/2024\/02\/16\/itt-a-mimoza-szezon-franciaorszagban\/"]}]},{"@type":"BreadcrumbList","@id":"https:\/\/www.francespiration.com\/index.php\/2024\/02\/16\/itt-a-mimoza-szezon-franciaorszagban\/#breadcrumb","itemListElement":[{"@type":"ListItem","position":1,"name":"Kezd\u0151lap","item":"https:\/\/www.francespiration.com\/"},{"@type":"ListItem","position":2,"name":"Itt a mim\u00f3za szezon Franciaorsz\u00e1gban"}]},{"@type":"WebSite","@id":"https:\/\/www.francespiration.com\/#website","url":"https:\/\/www.francespiration.com\/","name":"Francespiration","description":"Just another WordPress site","publisher":{"@id":"https:\/\/www.francespiration.com\/#organization"},"potentialAction":[{"@type":"SearchAction","target":{"@type":"EntryPoint","urlTemplate":"https:\/\/www.francespiration.com\/?s={search_term_string}"},"query-input":"required name=search_term_string"}],"inLanguage":"hu"},{"@type":"Organization","@id":"https:\/\/www.francespiration.com\/#organization","name":"Francespiration","url":"https:\/\/www.francespiration.com\/","logo":{"@type":"ImageObject","inLanguage":"hu","@id":"https:\/\/www.francespiration.com\/#\/schema\/logo\/image\/","url":"https:\/\/www.francespiration.com\/wp-content\/uploads\/2022\/09\/4d-also-scaled.jpg","contentUrl":"https:\/\/www.francespiration.com\/wp-content\/uploads\/2022\/09\/4d-also-scaled.jpg","width":2560,"height":913,"caption":"Francespiration"},"image":{"@id":"https:\/\/www.francespiration.com\/#\/schema\/logo\/image\/"}},{"@type":"Person","@id":"https:\/\/www.francespiration.com\/#\/schema\/person\/83f3dc20d791bfb54664f7e0287501fa","name":"Sz\u00f6ll\u0151si T\u00edmea","image":{"@type":"ImageObject","inLanguage":"hu","@id":"https:\/\/www.francespiration.com\/#\/schema\/person\/image\/","url":"https:\/\/secure.gravatar.com\/avatar\/1fd2e7bebd99ada3a170be066229da8dce9b7f9ba3748e0b659e39e5f31eb56a?s=96&d=mm&r=g","contentUrl":"https:\/\/secure.gravatar.com\/avatar\/1fd2e7bebd99ada3a170be066229da8dce9b7f9ba3748e0b659e39e5f31eb56a?s=96&d=mm&r=g","caption":"Sz\u00f6ll\u0151si T\u00edmea"},"sameAs":["https:\/\/www.francespiration.com"],"url":"https:\/\/www.francespiration.com\/index.php\/author\/szollotimi\/"}]}},"_links":{"self":[{"href":"https:\/\/www.francespiration.com\/index.php\/wp-json\/wp\/v2\/posts\/1778","targetHints":{"allow":["GET"]}}],"collection":[{"href":"https:\/\/www.francespiration.com\/index.php\/wp-json\/wp\/v2\/posts"}],"about":[{"href":"https:\/\/www.francespiration.com\/index.php\/wp-json\/wp\/v2\/types\/post"}],"author":[{"embeddable":true,"href":"https:\/\/www.francespiration.com\/index.php\/wp-json\/wp\/v2\/users\/1"}],"replies":[{"embeddable":true,"href":"https:\/\/www.francespiration.com\/index.php\/wp-json\/wp\/v2\/comments?post=1778"}],"version-history":[{"count":3,"href":"https:\/\/www.francespiration.com\/index.php\/wp-json\/wp\/v2\/posts\/1778\/revisions"}],"predecessor-version":[{"id":1784,"href":"https:\/\/www.francespiration.com\/index.php\/wp-json\/wp\/v2\/posts\/1778\/revisions\/1784"}],"wp:featuredmedia":[{"embeddable":true,"href":"https:\/\/www.francespiration.com\/index.php\/wp-json\/wp\/v2\/media\/1781"}],"wp:attachment":[{"href":"https:\/\/www.francespiration.com\/index.php\/wp-json\/wp\/v2\/media?parent=1778"}],"wp:term":[{"taxonomy":"category","embeddable":true,"href":"https:\/\/www.francespiration.com\/index.php\/wp-json\/wp\/v2\/categories?post=1778"},{"taxonomy":"post_tag","embeddable":true,"href":"https:\/\/www.francespiration.com\/index.php\/wp-json\/wp\/v2\/tags?post=1778"}],"curies":[{"name":"wp","href":"https:\/\/api.w.org\/{rel}","templated":true}]}}