{"id":1787,"date":"2024-02-16T11:19:40","date_gmt":"2024-02-16T11:19:40","guid":{"rendered":"https:\/\/www.francespiration.com\/?p=1787"},"modified":"2024-02-19T14:09:04","modified_gmt":"2024-02-19T14:09:04","slug":"parizs-5-legkulonlegesebb-muzeuma-legalabbis-szerintunk","status":"publish","type":"post","link":"https:\/\/www.francespiration.com\/index.php\/2024\/02\/16\/parizs-5-legkulonlegesebb-muzeuma-legalabbis-szerintunk\/","title":{"rendered":"5 k\u00fcl\u00f6nleges m\u00fazeum P\u00e1rizsban, ahov\u00e1 el kell menni"},"content":{"rendered":"\n<p><strong>B\u00e1r k\u00e9ts\u00e9gtelen\u00fcl csod\u00e1latosak, a Louvre \u00e9s a Pompidou K\u00f6zpont messze nem az egyetlen m\u00fazeum P\u00e1rizsban. A v\u00e1rosban sz\u00e1mos kev\u00e9sb\u00e9 ismert m\u00fazeum tal\u00e1lhat\u00f3, amelyeket \u00e9rdemes megl\u00e1togatni. <\/strong><\/p>\n\n\n\n<!--more-->\n\n\n\n<p>Egyik ilyen furcsa hely a Mus\u00e9e des Egouts, amely nemcsak a vil\u00e1g legnagyobb csatornah\u00e1l\u00f3zat\u00e1t mutatja be, hanem azt is, hogyan n\u00e9z ki P\u00e1rizs a f\u00f6ld alatt. Azt\u00e1n egy m\u00e1sik jelent\u0151s f\u00f6ldalatti l\u00e1tv\u00e1nyoss\u00e1g, a r\u00f3mai korb\u00f3l sz\u00e1rmaz\u00f3 p\u00e1rizsi katakomb\u00e1k labirintusszer\u0171 h\u00e1l\u00f3zata, amely a v\u00e1ros temet\u0151ib\u0151l ide sz\u00e1ll\u00edtott t\u00f6bb, mint hatmilli\u00f3 p\u00e1rizsi maradv\u00e1nyait tartalmazza. Eg\u00e9szen m\u00e1s hangulat uralkodik a Mus\u00e9e des Arts Forains-ban, ahol \u00fajra \u00e1t\u00e9lhetj\u00fck egy 19. sz\u00e1zadi vid\u00e1mpark \u00e9lm\u00e9ny\u00e9t, vagy a Galerie Dior, ahol az ikonikus divattervez\u0151 munk\u00e1ss\u00e1g\u00e1ban mer\u00fclhet\u00fcnk el.  <\/p>\n\n\n\n<h2 class=\"wp-block-heading\">A romantikus \u00e9let m\u00fazeuma<\/h2>\n\n\n\n<p>A La Mus\u00e9e de la Vie Romantique vagy a p\u00e1rizsi Romantikus \u00c9let M\u00fazeuma nem az, aminek els\u0151re gondoln\u00e1nk!  Ary Scheffer fest\u0151m\u0171v\u00e9sz egykori lak\u00f3helye \u00e9s m\u0171terme sokkal ink\u00e1bb a 19. sz\u00e1zad romantikus m\u0171v\u00e9szeti mozgalm\u00e1r\u00f3l sz\u00f3l. Amellett, hogy m\u00e1r saj\u00e1t kor\u00e1ban is nagyrabecs\u00fclt m\u0171v\u00e9sz volt, Scheffer l\u00e9tfontoss\u00e1g\u00fa szerepet j\u00e1tszott Franciaorsz\u00e1g politik\u00e1j\u00e1ban, \u00e9s itt megtekintj\u00fck figyelemre m\u00e9lt\u00f3 \u00e9let\u00e9t \u00e9s alkot\u00e1sait. <\/p>\n\n\n\n<h2 class=\"wp-block-heading\">Galerie Dior<\/h2>\n\n\n<blockquote class=\"instagram-media\" style=\"background: #FFF; border: 0; border-radius: 3px; box-shadow: 0 0 1px 0 rgba(0,0,0,0.5),0 1px 10px 0 rgba(0,0,0,0.15); margin: 1px; max-width: 540px; min-width: 326px; padding: 0; width: calc(100% - 2px);\" data-instgrm-permalink=\"https:\/\/www.instagram.com\/p\/C2tJ-1bLwWa\/?utm_source=ig_embed&amp;utm_campaign=loading\" data-instgrm-version=\"14\">\n<div style=\"padding: 16px;\">\n<div style=\"display: flex; flex-direction: row; align-items: center;\">\n<div style=\"background-color: #f4f4f4; border-radius: 50%; flex-grow: 0; height: 40px; margin-right: 14px; width: 40px;\">\u00a0<\/div>\n<div style=\"display: flex; flex-direction: column; flex-grow: 1; justify-content: center;\">\n<div style=\"background-color: #f4f4f4; border-radius: 4px; flex-grow: 0; height: 14px; margin-bottom: 6px; width: 100px;\">\u00a0<\/div>\n<div style=\"background-color: #f4f4f4; border-radius: 4px; flex-grow: 0; height: 14px; width: 60px;\">\u00a0<\/div>\n<\/div>\n<\/div>\n<div style=\"padding: 19% 0;\">\u00a0<\/div>\n<div style=\"display: block; height: 50px; margin: 0 auto 12px; width: 50px;\">\u00a0<\/div>\n<div style=\"padding-top: 8px;\">\n<div style=\"color: #3897f0; font-family: Arial,sans-serif; font-size: 14px; font-style: normal; font-weight: 550; line-height: 18px;\">A bejegyz\u00e9s megtekint\u00e9se az Instagramon<\/div>\n<\/div>\n<div style=\"padding: 12.5% 0;\">\u00a0<\/div>\n<div style=\"display: flex; flex-direction: row; margin-bottom: 14px; align-items: center;\">\n<div>\n<div style=\"background-color: #f4f4f4; border-radius: 50%; height: 12.5px; width: 12.5px; transform: translateX(0px) translateY(7px);\">\u00a0<\/div>\n<div style=\"background-color: #f4f4f4; height: 12.5px; transform: rotate(-45deg) translateX(3px) translateY(1px); width: 12.5px; flex-grow: 0; margin-right: 14px; margin-left: 2px;\">\u00a0<\/div>\n<div style=\"background-color: #f4f4f4; border-radius: 50%; height: 12.5px; width: 12.5px; transform: translateX(9px) translateY(-18px);\">\u00a0<\/div>\n<\/div>\n<div style=\"margin-left: 8px;\">\n<div style=\"background-color: #f4f4f4; border-radius: 50%; flex-grow: 0; height: 20px; width: 20px;\">\u00a0<\/div>\n<div style=\"width: 0; height: 0; border-top: 2px solid transparent; border-left: 6px solid #f4f4f4; border-bottom: 2px solid transparent; transform: translateX(16px) translateY(-4px) rotate(30deg);\">\u00a0<\/div>\n<\/div>\n<div style=\"margin-left: auto;\">\n<div style=\"width: 0px; border-top: 8px solid #F4F4F4; border-right: 8px solid transparent; transform: translateY(16px);\">\u00a0<\/div>\n<div style=\"background-color: #f4f4f4; flex-grow: 0; height: 12px; width: 16px; transform: translateY(-4px);\">\u00a0<\/div>\n<div style=\"width: 0; height: 0; border-top: 8px solid #F4F4F4; border-left: 8px solid transparent; transform: translateY(-4px) translateX(8px);\">\u00a0<\/div>\n<\/div>\n<\/div>\n<div style=\"display: flex; flex-direction: column; flex-grow: 1; justify-content: center; margin-bottom: 24px;\">\n<div style=\"background-color: #f4f4f4; border-radius: 4px; flex-grow: 0; height: 14px; margin-bottom: 6px; width: 224px;\">\u00a0<\/div>\n<div style=\"background-color: #f4f4f4; border-radius: 4px; flex-grow: 0; height: 14px; width: 144px;\">\u00a0<\/div>\n<\/div>\n<p style=\"color: #c9c8cd; font-family: Arial,sans-serif; font-size: 14px; line-height: 17px; margin-bottom: 0; margin-top: 8px; overflow: hidden; padding: 8px 0 7px; text-align: center; text-overflow: ellipsis; white-space: nowrap;\"><a style=\"color: #c9c8cd; font-family: Arial,sans-serif; font-size: 14px; font-style: normal; font-weight: normal; line-height: 17px; text-decoration: none;\" href=\"https:\/\/www.instagram.com\/p\/C2tJ-1bLwWa\/?utm_source=ig_embed&amp;utm_campaign=loading\" target=\"_blank\" rel=\"noopener\">GalerieDior (@galeriediorparis) \u00e1ltal megosztott bejegyz\u00e9s<\/a><\/p>\n<\/div>\n<\/blockquote>\n<p><script async src=\"\/\/www.instagram.com\/embed.js\"><\/script><\/p>\n\n\n<p>P\u00e1rizs sz\u00edv\u00e9ben, a Champs-\u00c9lys\u00e9es-t\u0151l nem messze tal\u00e1lhat\u00f3, a <a href=\"https:\/\/www.galeriedior.com\/en\/galleries\/la-galerie-dior\" target=\"_blank\" rel=\"noreferrer noopener\">La Galerie Dior<\/a>, a p\u00e1rizsi divath\u00e1z legels\u0151 m\u00fazeuma t\u00f6bb, mint hetven \u00e9v kollekci\u00f3j\u00e1val. Bel\u00e9pve az \u00e9p\u00fcletbe, a brit m\u0171v\u00e9sz, Marc Quin kort\u00e1rs alkot\u00e1sa fogad, majd miut\u00e1n megm\u00e1sztuk a csod\u00e1latos l\u00e9pcs\u0151t, amelyet a Dior vil\u00e1g\u00e1nak mintegy 1500 miniat\u0171r t\u00e1rgya vesz k\u00f6r\u00fcl,  felfedezhetj\u00fck eme ikonikus m\u00e1rka legh\u00edresebb modelljeit, amelyek \u00fagy t\u0171nik, mintha a leveg\u0151ben lebegn\u00e9nek egy 2000 m\u00b2-es ter\u00fcleten. A New Lookt\u00f3l az ikonikus Corolla szokny\u00e1iig, a fiatal Yves Saint Laurent-t\u0151l az extravag\u00e1ns John Gallian\u00f3ig, Raf Simonst\u00f3l Marc Bohanig, Gianfranco Ferr\u00e9ig \u00e9s Maria Grazia Chiuriig a h\u00e1z teljes t\u00f6rt\u00e9nete felt\u00e1rul a Gal\u00e9ria tematikus szob\u00e1iban.  Ez val\u00f3ban egy l\u00e9legzetel\u00e1ll\u00edt\u00f3 l\u00e1togat\u00e1s!<\/p>\n\n\n\n<h2 class=\"wp-block-heading\">Borm\u00fazeum &#8211; Mus\u00e9e de Vin Paris<\/h2>\n\n\n\n<p>Az <a href=\"https:\/\/www.francespiration.com\/index.php\/2024\/01\/03\/miert-kulonleges-epitmeny-az-eiffel-torony\/\" target=\"_blank\" rel=\"noreferrer noopener\">Eiffel-torony<\/a> k\u00f6zel\u00e9ben tal\u00e1lhat\u00f3 P\u00e1rizsi Borm\u00fazeum kiv\u00e9teles k\u00f6rnyezetben, a Passy-ap\u00e1ts\u00e1g XV. sz\u00e1zadi r\u00e9gi pinc\u00e9j\u00e9ben tal\u00e1lhat\u00f3 \u00e9s sz\u00e1mos kultur\u00e1lis tev\u00e9kenys\u00e9get k\u00edn\u00e1l.&nbsp;A Conseil des \u00c9chansons de France tulajdon\u00e1ban l\u00e9v\u0151 \u00e1lland\u00f3 gy\u0171jtem\u00e9ny mindazok el\u0151tt tiszteleg, akik \u00e9vsz\u00e1zadok \u00f3ta dolgoznak a vil\u00e1gh\u00edr\u0171 francia borok el\u0151\u00e1ll\u00edt\u00e1s\u00e1n.&nbsp;Szakm\u00e1kat \u00e9s hagyom\u00e1nyokat id\u00e9zhet\u00fcnk fel, mik\u00f6zben megismerhetj\u00fck a francia &#8222;terroir&#8221; legjobb borait. <\/p>\n\n\n\n<h2 class=\"wp-block-heading\">Edith Piaf m\u00fazeum &#8211; Mus\u00e9e Edith Piaf<\/h2>\n\n\n\n<p>L\u00e9pj\u00fcnk be Edith Piaf m\u00fazeum\u00e1ba \u00e9s Menilmontant ker\u00fcleti egykori priv\u00e1t lak\u00e1s\u00e1ba, ahol a h\u00edres \u00e9nekesn\u0151  p\u00e1lyafut\u00e1sa kezdet\u00e9n \u00e9lt. Megtekinthetj\u00fck a m\u0171v\u00e9szn\u0151 sz\u00e1mos szem\u00e9lyes t\u00e1rgy\u00e1t, az ed\u00e9nygy\u0171jtem\u00e9ny\u00e9t \u00e9s term\u00e9szetesen h\u00edres fekete ruh\u00e1j\u00e1t, amely annyira \u00f6sszefort vele, \u00e9s amely hozz\u00e1j\u00e1rult ahhoz, hogy megkapta a &#8222;ver\u00e9b&#8221; becenevet. Az \u00fczlet egy r\u00e9sz\u00e9ben k\u00f6nyveket \u00e9s hanganyagokat \u00e1rulnak, \u00edgy egy kis Edith Piafot haza is vihet\u00fcnk magunkkal.<\/p>\n\n\n\n<h2 class=\"wp-block-heading\">Karnev\u00e1li j\u00e1t\u00e9kok m\u00fazeuma &#8211; Mus\u00e9e des Arts Forains<\/h2>\n\n\n\n<figure class=\"wp-block-image size-full\"><img loading=\"lazy\" decoding=\"async\" width=\"924\" height=\"600\" src=\"https:\/\/www.francespiration.com\/wp-content\/uploads\/2024\/02\/musee-des-art-forains.jpg\" alt=\"\" class=\"wp-image-1794\" srcset=\"https:\/\/www.francespiration.com\/wp-content\/uploads\/2024\/02\/musee-des-art-forains.jpg 924w, https:\/\/www.francespiration.com\/wp-content\/uploads\/2024\/02\/musee-des-art-forains-300x195.jpg 300w, https:\/\/www.francespiration.com\/wp-content\/uploads\/2024\/02\/musee-des-art-forains-768x499.jpg 768w\" sizes=\"auto, (max-width: 924px) 100vw, 924px\" \/><figcaption class=\"wp-element-caption\">Fot\u00f3: <a href=\"https:\/\/www.facebook.com\/MuseeArtForain\/photos\" target=\"_blank\" rel=\"noreferrer noopener\">Mus\u00e9e des Arts Forains &#8211; Pavillons de Bercy&nbsp;Facebook oldala<\/a><\/figcaption><\/figure>\n\n\n\n<p>Ez a szokatlan hely P\u00e1rizs turist\u00e1k \u00e1ltal bej\u00e1rt \u00fatjair\u00f3l egy teljes \u00faj vil\u00e1gba kalauzol. A XIX. sz\u00e1zadi v\u00e1s\u00e1ri \u00e9s ki\u00e1ll\u00edt\u00e1si t\u00e1rgyak gy\u0171jtem\u00e9ny\u00e9nek otthont ad\u00f3 m\u00fazeum meglep\u0151 k\u00f6rnyezetben, egy egykori borrakt\u00e1rban tal\u00e1lhat\u00f3. A m\u00fazeumot Jean Paul Favand sz\u00edn\u00e9sz \u00e9s r\u00e9gis\u00e9gkeresked\u0151 hozta l\u00e9tre mag\u00e1ngy\u0171jtem\u00e9ny\u00e9b\u0151l. Kapuit 1996-ban nyitott\u00e1k meg a nagyk\u00f6z\u00f6ns\u00e9g el\u0151tt, \u00e9s jelenleg sz\u00e1mos, 1850-1950 k\u00f6z\u00f6tti t\u00e1rgyat tartalmaz, k\u00f6zt\u00fck 14 vid\u00e1mparkot, 16 v\u00e1s\u00e1ri standot \u00e9s t\u00f6bb fel\u00faj\u00edtott l\u00e1tv\u00e1nyoss\u00e1got. A gy\u0171jtem\u00e9nyekben francia  k\u00f6rhint\u00e1k, n\u00e9met hint\u00e1k, sz\u00e1z\u00e9ves ker\u00e9kp\u00e1rok, jap\u00e1n bili\u00e1rd, \u00e9s egy Hooghuys orgona is megtal\u00e1lhat\u00f3. A szok\u00e1sos inform\u00e1ci\u00f3s t\u00e1bl\u00e1kt\u00f3l \u00e9s vitrinekt\u0151l mentes m\u00fazeum csak vezetett t\u00far\u00e1kon kereszt\u00fcl l\u00e1togathat\u00f3 el\u0151zetes foglal\u00e1s alapj\u00e1n, de lehet\u0151s\u00e9g van egy\u00e9ni l\u00e1togat\u00f3k\u00e9nt is regisztr\u00e1lni. <\/p>\n\n\n\n<p>Itt tov\u00e1bbi \u00e9rdekes olvasnival\u00f3t tal\u00e1lsz:<\/p>\n\n\n\n<figure class=\"wp-block-embed is-type-wp-embed is-provider-francespiration wp-block-embed-francespiration\"><div class=\"wp-block-embed__wrapper\">\n<blockquote class=\"wp-embedded-content\" data-secret=\"CSSI1IHY9a\"><a href=\"https:\/\/www.francespiration.com\/index.php\/2023\/11\/04\/fragonard-az-illat-love-story\/\">Fragonard: az illat love story<\/a><\/blockquote><iframe loading=\"lazy\" class=\"wp-embedded-content\" sandbox=\"allow-scripts\" security=\"restricted\" style=\"position: absolute; clip: rect(1px, 1px, 1px, 1px);\" title=\"&#8220;Fragonard: az illat love story&#8221; &#8212; Francespiration\" src=\"https:\/\/www.francespiration.com\/index.php\/2023\/11\/04\/fragonard-az-illat-love-story\/embed\/#?secret=MlyTlf2IrJ#?secret=CSSI1IHY9a\" data-secret=\"CSSI1IHY9a\" width=\"600\" height=\"338\" frameborder=\"0\" marginwidth=\"0\" marginheight=\"0\" scrolling=\"no\"><\/iframe>\n<\/div><\/figure>\n","protected":false},"excerpt":{"rendered":"<p>B\u00e1r k\u00e9ts\u00e9gtelen\u00fcl csod\u00e1latosak, a Louvre \u00e9s a Pompidou K\u00f6zpont messze nem az egyetlen m\u00fazeum P\u00e1rizsban. A v\u00e1rosban sz\u00e1mos kev\u00e9sb\u00e9 ismert m\u00fazeum tal\u00e1lhat\u00f3, amelyeket \u00e9rdemes megl\u00e1togatni.<\/p>\n","protected":false},"author":1,"featured_media":1796,"comment_status":"open","ping_status":"open","sticky":false,"template":"","format":"standard","meta":{"footnotes":""},"categories":[28,29],"tags":[116,115,47,117],"class_list":["post-1787","post","type-post","status-publish","format-standard","has-post-thumbnail","hentry","category-helyek","category-kultura","tag-dior","tag-muzeum","tag-parizs","tag-romantikus-elet"],"yoast_head":"<!-- This site is optimized with the Yoast SEO plugin v20.13 - https:\/\/yoast.com\/wordpress\/plugins\/seo\/ -->\n<title>5 k\u00fcl\u00f6nleges m\u00fazeum P\u00e1rizsban, ahov\u00e1 el kell menni - Francespiration<\/title>\n<meta name=\"description\" content=\"P\u00e1rizs nem csak a Louvre \u00e9s a Pompidou k\u00f6zpont, sz\u00e1mos kev\u00e9sb\u00e9 ismert m\u00fazeum tal\u00e1lhat\u00f3, amelyeket \u00e9rdemes megl\u00e1togatni.\" \/>\n<meta name=\"robots\" content=\"index, follow, max-snippet:-1, max-image-preview:large, max-video-preview:-1\" \/>\n<link rel=\"canonical\" href=\"https:\/\/www.francespiration.com\/index.php\/2024\/02\/16\/parizs-5-legkulonlegesebb-muzeuma-legalabbis-szerintunk\/\" \/>\n<meta property=\"og:locale\" content=\"hu_HU\" \/>\n<meta property=\"og:type\" content=\"article\" \/>\n<meta property=\"og:title\" content=\"5 k\u00fcl\u00f6nleges m\u00fazeum P\u00e1rizsban, ahov\u00e1 el kell menni - Francespiration\" \/>\n<meta property=\"og:description\" content=\"P\u00e1rizs nem csak a Louvre \u00e9s a Pompidou k\u00f6zpont, sz\u00e1mos kev\u00e9sb\u00e9 ismert m\u00fazeum tal\u00e1lhat\u00f3, amelyeket \u00e9rdemes megl\u00e1togatni.\" \/>\n<meta property=\"og:url\" content=\"https:\/\/www.francespiration.com\/index.php\/2024\/02\/16\/parizs-5-legkulonlegesebb-muzeuma-legalabbis-szerintunk\/\" \/>\n<meta property=\"og:site_name\" content=\"Francespiration\" \/>\n<meta property=\"article:published_time\" content=\"2024-02-16T11:19:40+00:00\" \/>\n<meta property=\"article:modified_time\" content=\"2024-02-19T14:09:04+00:00\" \/>\n<meta property=\"og:image\" content=\"https:\/\/www.francespiration.com\/wp-content\/uploads\/2024\/02\/dior-muzeum-parizs-scaled.jpg\" \/>\n\t<meta property=\"og:image:width\" content=\"2560\" \/>\n\t<meta property=\"og:image:height\" content=\"1707\" \/>\n\t<meta property=\"og:image:type\" content=\"image\/jpeg\" \/>\n<meta name=\"author\" content=\"Sz\u00f6ll\u0151si T\u00edmea\" \/>\n<meta name=\"twitter:card\" content=\"summary_large_image\" \/>\n<meta name=\"twitter:label1\" content=\"Szerz\u0151:\" \/>\n\t<meta name=\"twitter:data1\" content=\"Sz\u00f6ll\u0151si T\u00edmea\" \/>\n\t<meta name=\"twitter:label2\" content=\"Becs\u00fclt olvas\u00e1si id\u0151\" \/>\n\t<meta name=\"twitter:data2\" content=\"4 perc\" \/>\n<script type=\"application\/ld+json\" class=\"yoast-schema-graph\">{\"@context\":\"https:\/\/schema.org\",\"@graph\":[{\"@type\":\"Article\",\"@id\":\"https:\/\/www.francespiration.com\/index.php\/2024\/02\/16\/parizs-5-legkulonlegesebb-muzeuma-legalabbis-szerintunk\/#article\",\"isPartOf\":{\"@id\":\"https:\/\/www.francespiration.com\/index.php\/2024\/02\/16\/parizs-5-legkulonlegesebb-muzeuma-legalabbis-szerintunk\/\"},\"author\":{\"name\":\"Sz\u00f6ll\u0151si T\u00edmea\",\"@id\":\"https:\/\/www.francespiration.com\/#\/schema\/person\/83f3dc20d791bfb54664f7e0287501fa\"},\"headline\":\"5 k\u00fcl\u00f6nleges m\u00fazeum P\u00e1rizsban, ahov\u00e1 el kell menni\",\"datePublished\":\"2024-02-16T11:19:40+00:00\",\"dateModified\":\"2024-02-19T14:09:04+00:00\",\"mainEntityOfPage\":{\"@id\":\"https:\/\/www.francespiration.com\/index.php\/2024\/02\/16\/parizs-5-legkulonlegesebb-muzeuma-legalabbis-szerintunk\/\"},\"wordCount\":877,\"commentCount\":0,\"publisher\":{\"@id\":\"https:\/\/www.francespiration.com\/#organization\"},\"keywords\":[\"dior\",\"m\u00fazeum\",\"p\u00e1rizs\",\"romantikus \u00e9let\"],\"articleSection\":[\"K\u00dcL\u00d6NLEGES HELYEK\",\"KULT\u00daRA\"],\"inLanguage\":\"hu\",\"potentialAction\":[{\"@type\":\"CommentAction\",\"name\":\"Comment\",\"target\":[\"https:\/\/www.francespiration.com\/index.php\/2024\/02\/16\/parizs-5-legkulonlegesebb-muzeuma-legalabbis-szerintunk\/#respond\"]}]},{\"@type\":\"WebPage\",\"@id\":\"https:\/\/www.francespiration.com\/index.php\/2024\/02\/16\/parizs-5-legkulonlegesebb-muzeuma-legalabbis-szerintunk\/\",\"url\":\"https:\/\/www.francespiration.com\/index.php\/2024\/02\/16\/parizs-5-legkulonlegesebb-muzeuma-legalabbis-szerintunk\/\",\"name\":\"5 k\u00fcl\u00f6nleges m\u00fazeum P\u00e1rizsban, ahov\u00e1 el kell menni - Francespiration\",\"isPartOf\":{\"@id\":\"https:\/\/www.francespiration.com\/#website\"},\"datePublished\":\"2024-02-16T11:19:40+00:00\",\"dateModified\":\"2024-02-19T14:09:04+00:00\",\"description\":\"P\u00e1rizs nem csak a Louvre \u00e9s a Pompidou k\u00f6zpont, sz\u00e1mos kev\u00e9sb\u00e9 ismert m\u00fazeum tal\u00e1lhat\u00f3, amelyeket \u00e9rdemes megl\u00e1togatni.\",\"breadcrumb\":{\"@id\":\"https:\/\/www.francespiration.com\/index.php\/2024\/02\/16\/parizs-5-legkulonlegesebb-muzeuma-legalabbis-szerintunk\/#breadcrumb\"},\"inLanguage\":\"hu\",\"potentialAction\":[{\"@type\":\"ReadAction\",\"target\":[\"https:\/\/www.francespiration.com\/index.php\/2024\/02\/16\/parizs-5-legkulonlegesebb-muzeuma-legalabbis-szerintunk\/\"]}]},{\"@type\":\"BreadcrumbList\",\"@id\":\"https:\/\/www.francespiration.com\/index.php\/2024\/02\/16\/parizs-5-legkulonlegesebb-muzeuma-legalabbis-szerintunk\/#breadcrumb\",\"itemListElement\":[{\"@type\":\"ListItem\",\"position\":1,\"name\":\"Kezd\u0151lap\",\"item\":\"https:\/\/www.francespiration.com\/\"},{\"@type\":\"ListItem\",\"position\":2,\"name\":\"5 k\u00fcl\u00f6nleges m\u00fazeum P\u00e1rizsban, ahov\u00e1 el kell menni\"}]},{\"@type\":\"WebSite\",\"@id\":\"https:\/\/www.francespiration.com\/#website\",\"url\":\"https:\/\/www.francespiration.com\/\",\"name\":\"Francespiration\",\"description\":\"Just another WordPress site\",\"publisher\":{\"@id\":\"https:\/\/www.francespiration.com\/#organization\"},\"potentialAction\":[{\"@type\":\"SearchAction\",\"target\":{\"@type\":\"EntryPoint\",\"urlTemplate\":\"https:\/\/www.francespiration.com\/?s={search_term_string}\"},\"query-input\":\"required name=search_term_string\"}],\"inLanguage\":\"hu\"},{\"@type\":\"Organization\",\"@id\":\"https:\/\/www.francespiration.com\/#organization\",\"name\":\"Francespiration\",\"url\":\"https:\/\/www.francespiration.com\/\",\"logo\":{\"@type\":\"ImageObject\",\"inLanguage\":\"hu\",\"@id\":\"https:\/\/www.francespiration.com\/#\/schema\/logo\/image\/\",\"url\":\"https:\/\/www.francespiration.com\/wp-content\/uploads\/2022\/09\/4d-also-scaled.jpg\",\"contentUrl\":\"https:\/\/www.francespiration.com\/wp-content\/uploads\/2022\/09\/4d-also-scaled.jpg\",\"width\":2560,\"height\":913,\"caption\":\"Francespiration\"},\"image\":{\"@id\":\"https:\/\/www.francespiration.com\/#\/schema\/logo\/image\/\"}},{\"@type\":\"Person\",\"@id\":\"https:\/\/www.francespiration.com\/#\/schema\/person\/83f3dc20d791bfb54664f7e0287501fa\",\"name\":\"Sz\u00f6ll\u0151si T\u00edmea\",\"image\":{\"@type\":\"ImageObject\",\"inLanguage\":\"hu\",\"@id\":\"https:\/\/www.francespiration.com\/#\/schema\/person\/image\/\",\"url\":\"https:\/\/secure.gravatar.com\/avatar\/1fd2e7bebd99ada3a170be066229da8dce9b7f9ba3748e0b659e39e5f31eb56a?s=96&d=mm&r=g\",\"contentUrl\":\"https:\/\/secure.gravatar.com\/avatar\/1fd2e7bebd99ada3a170be066229da8dce9b7f9ba3748e0b659e39e5f31eb56a?s=96&d=mm&r=g\",\"caption\":\"Sz\u00f6ll\u0151si T\u00edmea\"},\"sameAs\":[\"https:\/\/www.francespiration.com\"],\"url\":\"https:\/\/www.francespiration.com\/index.php\/author\/szollotimi\/\"}]}<\/script>\n<!-- \/ Yoast SEO plugin. -->","yoast_head_json":{"title":"5 k\u00fcl\u00f6nleges m\u00fazeum P\u00e1rizsban, ahov\u00e1 el kell menni - Francespiration","description":"P\u00e1rizs nem csak a Louvre \u00e9s a Pompidou k\u00f6zpont, sz\u00e1mos kev\u00e9sb\u00e9 ismert m\u00fazeum tal\u00e1lhat\u00f3, amelyeket \u00e9rdemes megl\u00e1togatni.","robots":{"index":"index","follow":"follow","max-snippet":"max-snippet:-1","max-image-preview":"max-image-preview:large","max-video-preview":"max-video-preview:-1"},"canonical":"https:\/\/www.francespiration.com\/index.php\/2024\/02\/16\/parizs-5-legkulonlegesebb-muzeuma-legalabbis-szerintunk\/","og_locale":"hu_HU","og_type":"article","og_title":"5 k\u00fcl\u00f6nleges m\u00fazeum P\u00e1rizsban, ahov\u00e1 el kell menni - Francespiration","og_description":"P\u00e1rizs nem csak a Louvre \u00e9s a Pompidou k\u00f6zpont, sz\u00e1mos kev\u00e9sb\u00e9 ismert m\u00fazeum tal\u00e1lhat\u00f3, amelyeket \u00e9rdemes megl\u00e1togatni.","og_url":"https:\/\/www.francespiration.com\/index.php\/2024\/02\/16\/parizs-5-legkulonlegesebb-muzeuma-legalabbis-szerintunk\/","og_site_name":"Francespiration","article_published_time":"2024-02-16T11:19:40+00:00","article_modified_time":"2024-02-19T14:09:04+00:00","og_image":[{"width":2560,"height":1707,"url":"https:\/\/www.francespiration.com\/wp-content\/uploads\/2024\/02\/dior-muzeum-parizs-scaled.jpg","type":"image\/jpeg"}],"author":"Sz\u00f6ll\u0151si T\u00edmea","twitter_card":"summary_large_image","twitter_misc":{"Szerz\u0151:":"Sz\u00f6ll\u0151si T\u00edmea","Becs\u00fclt olvas\u00e1si id\u0151":"4 perc"},"schema":{"@context":"https:\/\/schema.org","@graph":[{"@type":"Article","@id":"https:\/\/www.francespiration.com\/index.php\/2024\/02\/16\/parizs-5-legkulonlegesebb-muzeuma-legalabbis-szerintunk\/#article","isPartOf":{"@id":"https:\/\/www.francespiration.com\/index.php\/2024\/02\/16\/parizs-5-legkulonlegesebb-muzeuma-legalabbis-szerintunk\/"},"author":{"name":"Sz\u00f6ll\u0151si T\u00edmea","@id":"https:\/\/www.francespiration.com\/#\/schema\/person\/83f3dc20d791bfb54664f7e0287501fa"},"headline":"5 k\u00fcl\u00f6nleges m\u00fazeum P\u00e1rizsban, ahov\u00e1 el kell menni","datePublished":"2024-02-16T11:19:40+00:00","dateModified":"2024-02-19T14:09:04+00:00","mainEntityOfPage":{"@id":"https:\/\/www.francespiration.com\/index.php\/2024\/02\/16\/parizs-5-legkulonlegesebb-muzeuma-legalabbis-szerintunk\/"},"wordCount":877,"commentCount":0,"publisher":{"@id":"https:\/\/www.francespiration.com\/#organization"},"keywords":["dior","m\u00fazeum","p\u00e1rizs","romantikus \u00e9let"],"articleSection":["K\u00dcL\u00d6NLEGES HELYEK","KULT\u00daRA"],"inLanguage":"hu","potentialAction":[{"@type":"CommentAction","name":"Comment","target":["https:\/\/www.francespiration.com\/index.php\/2024\/02\/16\/parizs-5-legkulonlegesebb-muzeuma-legalabbis-szerintunk\/#respond"]}]},{"@type":"WebPage","@id":"https:\/\/www.francespiration.com\/index.php\/2024\/02\/16\/parizs-5-legkulonlegesebb-muzeuma-legalabbis-szerintunk\/","url":"https:\/\/www.francespiration.com\/index.php\/2024\/02\/16\/parizs-5-legkulonlegesebb-muzeuma-legalabbis-szerintunk\/","name":"5 k\u00fcl\u00f6nleges m\u00fazeum P\u00e1rizsban, ahov\u00e1 el kell menni - Francespiration","isPartOf":{"@id":"https:\/\/www.francespiration.com\/#website"},"datePublished":"2024-02-16T11:19:40+00:00","dateModified":"2024-02-19T14:09:04+00:00","description":"P\u00e1rizs nem csak a Louvre \u00e9s a Pompidou k\u00f6zpont, sz\u00e1mos kev\u00e9sb\u00e9 ismert m\u00fazeum tal\u00e1lhat\u00f3, amelyeket \u00e9rdemes megl\u00e1togatni.","breadcrumb":{"@id":"https:\/\/www.francespiration.com\/index.php\/2024\/02\/16\/parizs-5-legkulonlegesebb-muzeuma-legalabbis-szerintunk\/#breadcrumb"},"inLanguage":"hu","potentialAction":[{"@type":"ReadAction","target":["https:\/\/www.francespiration.com\/index.php\/2024\/02\/16\/parizs-5-legkulonlegesebb-muzeuma-legalabbis-szerintunk\/"]}]},{"@type":"BreadcrumbList","@id":"https:\/\/www.francespiration.com\/index.php\/2024\/02\/16\/parizs-5-legkulonlegesebb-muzeuma-legalabbis-szerintunk\/#breadcrumb","itemListElement":[{"@type":"ListItem","position":1,"name":"Kezd\u0151lap","item":"https:\/\/www.francespiration.com\/"},{"@type":"ListItem","position":2,"name":"5 k\u00fcl\u00f6nleges m\u00fazeum P\u00e1rizsban, ahov\u00e1 el kell menni"}]},{"@type":"WebSite","@id":"https:\/\/www.francespiration.com\/#website","url":"https:\/\/www.francespiration.com\/","name":"Francespiration","description":"Just another WordPress site","publisher":{"@id":"https:\/\/www.francespiration.com\/#organization"},"potentialAction":[{"@type":"SearchAction","target":{"@type":"EntryPoint","urlTemplate":"https:\/\/www.francespiration.com\/?s={search_term_string}"},"query-input":"required name=search_term_string"}],"inLanguage":"hu"},{"@type":"Organization","@id":"https:\/\/www.francespiration.com\/#organization","name":"Francespiration","url":"https:\/\/www.francespiration.com\/","logo":{"@type":"ImageObject","inLanguage":"hu","@id":"https:\/\/www.francespiration.com\/#\/schema\/logo\/image\/","url":"https:\/\/www.francespiration.com\/wp-content\/uploads\/2022\/09\/4d-also-scaled.jpg","contentUrl":"https:\/\/www.francespiration.com\/wp-content\/uploads\/2022\/09\/4d-also-scaled.jpg","width":2560,"height":913,"caption":"Francespiration"},"image":{"@id":"https:\/\/www.francespiration.com\/#\/schema\/logo\/image\/"}},{"@type":"Person","@id":"https:\/\/www.francespiration.com\/#\/schema\/person\/83f3dc20d791bfb54664f7e0287501fa","name":"Sz\u00f6ll\u0151si T\u00edmea","image":{"@type":"ImageObject","inLanguage":"hu","@id":"https:\/\/www.francespiration.com\/#\/schema\/person\/image\/","url":"https:\/\/secure.gravatar.com\/avatar\/1fd2e7bebd99ada3a170be066229da8dce9b7f9ba3748e0b659e39e5f31eb56a?s=96&d=mm&r=g","contentUrl":"https:\/\/secure.gravatar.com\/avatar\/1fd2e7bebd99ada3a170be066229da8dce9b7f9ba3748e0b659e39e5f31eb56a?s=96&d=mm&r=g","caption":"Sz\u00f6ll\u0151si T\u00edmea"},"sameAs":["https:\/\/www.francespiration.com"],"url":"https:\/\/www.francespiration.com\/index.php\/author\/szollotimi\/"}]}},"_links":{"self":[{"href":"https:\/\/www.francespiration.com\/index.php\/wp-json\/wp\/v2\/posts\/1787","targetHints":{"allow":["GET"]}}],"collection":[{"href":"https:\/\/www.francespiration.com\/index.php\/wp-json\/wp\/v2\/posts"}],"about":[{"href":"https:\/\/www.francespiration.com\/index.php\/wp-json\/wp\/v2\/types\/post"}],"author":[{"embeddable":true,"href":"https:\/\/www.francespiration.com\/index.php\/wp-json\/wp\/v2\/users\/1"}],"replies":[{"embeddable":true,"href":"https:\/\/www.francespiration.com\/index.php\/wp-json\/wp\/v2\/comments?post=1787"}],"version-history":[{"count":10,"href":"https:\/\/www.francespiration.com\/index.php\/wp-json\/wp\/v2\/posts\/1787\/revisions"}],"predecessor-version":[{"id":1808,"href":"https:\/\/www.francespiration.com\/index.php\/wp-json\/wp\/v2\/posts\/1787\/revisions\/1808"}],"wp:featuredmedia":[{"embeddable":true,"href":"https:\/\/www.francespiration.com\/index.php\/wp-json\/wp\/v2\/media\/1796"}],"wp:attachment":[{"href":"https:\/\/www.francespiration.com\/index.php\/wp-json\/wp\/v2\/media?parent=1787"}],"wp:term":[{"taxonomy":"category","embeddable":true,"href":"https:\/\/www.francespiration.com\/index.php\/wp-json\/wp\/v2\/categories?post=1787"},{"taxonomy":"post_tag","embeddable":true,"href":"https:\/\/www.francespiration.com\/index.php\/wp-json\/wp\/v2\/tags?post=1787"}],"curies":[{"name":"wp","href":"https:\/\/api.w.org\/{rel}","templated":true}]}}