{"id":1818,"date":"2024-02-28T16:04:07","date_gmt":"2024-02-28T16:04:07","guid":{"rendered":"https:\/\/www.francespiration.com\/?p=1818"},"modified":"2024-02-28T16:10:17","modified_gmt":"2024-02-28T16:10:17","slug":"filmek-amelyben-magunkra-ismerhetunk","status":"publish","type":"post","link":"https:\/\/www.francespiration.com\/index.php\/2024\/02\/28\/filmek-amelyben-magunkra-ismerhetunk\/","title":{"rendered":"Filmek, amelyekben magunkra ismerhet\u00fcnk"},"content":{"rendered":"\n<p><strong>A 14. Frankof\u00f3n Filmnapok remek alkalom arra, hogy megn\u00e9zz\u00fck a leg\u00fajabb francia filmeket, amelyek <br>t\u00f6bbs\u00e9ge a legrangosabb filmfesztiv\u00e1lokon szerepelt. Id\u00e9n is sz\u00e1mos fantasztikus alkot\u00e1s ker\u00fcl<br>bemutat\u00e1sra, amelyekr\u0151l a Francia Int\u00e9zet kommunik\u00e1ci\u00f3s munkat\u00e1rs\u00e1val, Uzs\u00e1k Zolt\u00e1nnal<br>besz\u00e9lgett\u00fcnk.<\/strong><\/p>\n\n\n\n<!--more-->\n\n\n\n<p><br>A francia filmek m\u00e9lt\u00e1n olyan n\u00e9pszer\u0171ek: st\u00edlusosak, tele vannak filoz\u00f3fi\u00e1val \u00e9s \u00e9rzelmes<br>karakterekkel. Van benn\u00fck valami, ami ellen\u00e1llhatatlann\u00e1 \u00e9s nagyon szerethet\u0151v\u00e9 teszi a legt\u00f6bb<br>alkot\u00e1st. 2024. febru\u00e1r 28. \u00e9s m\u00e1rcius 31. k\u00f6z\u00f6tt ennek magunk is ut\u00e1naj\u00e1rhatunk, m\u00edg elmer\u00fcl\u00fcnk a<br>frankof\u00f3n filmek var\u00e1zs\u00e1ban.<\/p>\n\n\n\n<h2 class=\"wp-block-heading\">Miben lesz m\u00e1s ez az idei fesztiv\u00e1l, mint a kor\u00e1bbi \u00e9vekben?<\/h2>\n\n\n\n<p>Ahogy a fesztiv\u00e1l neve is utal r\u00e1, a Frankof\u00f3n Filmnapokon nem csak Franciaorsz\u00e1gban k\u00e9sz\u00fcl\u0151<br>filmeket mutatunk be. Id\u00e9n nyolc orsz\u00e1gb\u00f3l \u00e9rkeztek filmek, amelyek k\u00f6z\u00fcl az egyik \u00fajdons\u00e1g, hogy<br>G\u00f6r\u00f6gorsz\u00e1g is helyet kapott a filmnapokon, amelynek keret\u00e9ben egy g\u00f6r\u00f6g film is bemutat\u00e1sra<br>ker\u00fcl. Id\u00e9n k\u00e9t anim\u00e1ci\u00f3s filmet is hoztunk, amelyek olyan j\u00f3 min\u0151s\u00e9g\u0171 \u00e9s annyira j\u00f3 kritik\u00e1t kap\u00f3<br>alkot\u00e1sok, hogy a magyar k\u00f6z\u00f6ns\u00e9gnek is l\u00e1tnia kell. Az egyik a Robot\u00e1lmok, amely m\u00e1r az Oscar d\u00edj<br>fel\u00e9 kacsingat, a m\u00e1sik pedig a Sirocco \u00e9s a szelek kir\u00e1lys\u00e1ga.<\/p>\n\n\n\n<h2 class=\"wp-block-heading\">Mi alapj\u00e1n ker\u00fcltek kiv\u00e1laszt\u00e1sra az idei fesztiv\u00e1l filmjei?<\/h2>\n\n\n\n<p>Az elm\u00falt tizenn\u00e9gy \u00e9vben egyre tudatosabban v\u00e1logatjuk a filmeket, \u00e9s egyre jobban ismerj\u00fck a<br>k\u00f6z\u00f6ns\u00e9get, a magyar moziba j\u00e1r\u00f3kat \u00e9s tudjuk mi az, ami Magyarorsz\u00e1gon n\u00e9pszer\u0171 lehet. Azt<br>hiszem siker\u00fclt egy nagyon j\u00f3 gyakorlatot kialak\u00edtanunk. <a href=\"https:\/\/www.franciaintezet.hu\/articles\/programme\/cinema\/jff2024\/14eme-journees-du-film-francophone.html\" target=\"_blank\" rel=\"noreferrer noopener\">Sokf\u00e9le filmet<\/a> mutatunk be sokf\u00e9le m\u0171fajb\u00f3l<br>\u00e9s sokf\u00e9le orsz\u00e1gb\u00f3l: v\u00edgj\u00e1t\u00e9kokat, dr\u00e1m\u00e1kat, anim\u00e1ci\u00f3s filmeket, \u00e9s v\u00e1logatunk a k\u00f6ztes m\u0171fajokb\u00f3l<br>is. Nem el\u00e9g a nemzetk\u00f6zi fesztiv\u00e1lokon d\u00edjazott filmeket elhozni, az is fontos, hogy v\u00e1ltozatos legyen<br>a k\u00edn\u00e1lat \u00e9s megfeleljen a magyar k\u00f6z\u00f6ns\u00e9g \u00edzl\u00e9s\u00e9nek. Ennek sor\u00e1n nagyon odafigyel\u00fcnk arra, hogy<br>melyek azok a filmek, amelyek filmfesztiv\u00e1lokon bemutat\u00e1sra ker\u00fclnek \u00e9s folyamatosan szond\u00e1zzuk,<br>hogy melyik filmeknek van nagy visszhangja Franciaorsz\u00e1gban, m\u00e9g ha m\u00e1shol nem is ker\u00fclnek<br>bemutat\u00e1sra. Egy\u00fcttm\u0171k\u00f6d\u00fcnk a frankof\u00f3n orsz\u00e1gokkal is \u00e9s egy k\u00f6z\u00f6s d\u00f6nt\u00e9s eredm\u00e9nyek\u00e9nt<br>sz\u00fcletik meg, hogy melyik film k\u00e9pviselje az adott orsz\u00e1got.<\/p>\n\n\n\n<h2 class=\"wp-block-heading\">Mi az, amir\u0151l biztosan tudni lehet, hogy tetszik majd a magyar k\u00f6z\u00f6ns\u00e9gnek?<\/h2>\n\n\n\n<p>A nagy klasszikusokat, mint Catherine Deneuve nagyon kedveli a magyar k\u00f6z\u00f6ns\u00e9g, de nem<br>szeretn\u00e9nk beleesni abba a csap\u00e1dba, hogy elhozzuk a nagy neveket, de k\u00f6zben megfeledkez\u00fcnk a<br>fiatal m\u0171v\u00e9szekr\u0151l. Erre nagyon j\u00f3 p\u00e9lda az idei nyit\u00f3film, amelyben olyan felt\u00f6rekv\u0151 fiatal sz\u00edn\u00e9szek<br>is vannak, mint Fran\u00e7ois Civil, vagy a Mut\u00e1nsokban Ad\u00e9le Exparchopoulos, aki<br>abszol\u00fat a fiatal gener\u00e1ci\u00f3t k\u00e9pviseli \u00e9s akit minden alkalommal egyre jobb filmekben l\u00e1thatunk<br>viszont.<\/p>\n\n\n\n<figure class=\"wp-block-embed is-type-video is-provider-youtube wp-block-embed-youtube wp-embed-aspect-16-9 wp-has-aspect-ratio\"><div class=\"wp-block-embed__wrapper\">\n<iframe loading=\"lazy\" title=\"14. Frankof\u00f3n Filmnapok | 14\u00e8me Journ\u00e9es du Film Francophone\" width=\"800\" height=\"450\" src=\"https:\/\/www.youtube.com\/embed\/Q9Cmb1jwlsc?feature=oembed\" frameborder=\"0\" allow=\"accelerometer; autoplay; clipboard-write; encrypted-media; gyroscope; picture-in-picture; web-share\" allowfullscreen><\/iframe>\n<\/div><\/figure>\n\n\n\n<h2 class=\"wp-block-heading\">Id\u00e9n melyik az a film, amelyik a legnagyobb hat\u00e1ssal volt r\u00e1d?<\/h2>\n\n\n\n<p>A Mindent egy lapra c\u00edm\u0171 film \u00e9s benne Virginie Efira, aki a frankof\u00f3nia megtestes\u00edt\u0151je. K\u00fcl\u00f6n\u00f6sen<br>\u00e9rdekess\u00e9 teszi a szememben, hogy viszonylag k\u00e9s\u0151n kezdte a sz\u00edn\u00e9szi p\u00e1ly\u00e1t \u00e9s k\u00f6zel negyven\u00e9ves<br>volt, amikor az els\u0151 filmje megsz\u00fcletett. A Mindent egy lapra c\u00edm\u0171 alkot\u00e1sban nagyon izgalmas a<br>karaktere \u00e9s eg\u00e9szen elk\u00e9peszt\u0151 a j\u00e1t\u00e9ka. Az a fajta ember, akivel azonnal szimpatiz\u00e1lunk \u00e9s vele<br>egy\u00fctt izgulunk, hogy n\u00e1la maradhasson a gyermeke, annak ellen\u00e9re, hogy sok butas\u00e1got csin\u00e1l.<br>Nagyon er\u0151s film, tele remek jelenetekkel \u00e9s er\u0151s \u00e9rzelmekkel.<\/p>\n\n\n\n<figure class=\"wp-block-gallery has-nested-images columns-default is-cropped wp-block-gallery-1 is-layout-flex wp-block-gallery-is-layout-flex\">\n<figure class=\"wp-block-image size-large\"><img loading=\"lazy\" decoding=\"async\" width=\"1024\" height=\"683\" data-id=\"1821\" src=\"https:\/\/www.francespiration.com\/wp-content\/uploads\/2024\/02\/1-RIEN-A-PERDRE-Visuel-1-\u00a9David-Koskas-1024x683.jpg\" alt=\"\" class=\"wp-image-1821\" srcset=\"https:\/\/www.francespiration.com\/wp-content\/uploads\/2024\/02\/1-RIEN-A-PERDRE-Visuel-1-\u00a9David-Koskas-1024x683.jpg 1024w, https:\/\/www.francespiration.com\/wp-content\/uploads\/2024\/02\/1-RIEN-A-PERDRE-Visuel-1-\u00a9David-Koskas-300x200.jpg 300w, https:\/\/www.francespiration.com\/wp-content\/uploads\/2024\/02\/1-RIEN-A-PERDRE-Visuel-1-\u00a9David-Koskas-768x512.jpg 768w, https:\/\/www.francespiration.com\/wp-content\/uploads\/2024\/02\/1-RIEN-A-PERDRE-Visuel-1-\u00a9David-Koskas-1536x1024.jpg 1536w, https:\/\/www.francespiration.com\/wp-content\/uploads\/2024\/02\/1-RIEN-A-PERDRE-Visuel-1-\u00a9David-Koskas-2048x1365.jpg 2048w\" sizes=\"auto, (max-width: 1024px) 100vw, 1024px\" \/><\/figure>\n<figcaption class=\"blocks-gallery-caption wp-element-caption\">Fot\u00f3: David Koskas<\/figcaption><\/figure>\n\n\n\n<h2 class=\"wp-block-heading\">Mi magyarok nagyon szeretj\u00fck a francia filmeket. Mit gondolsz, mit\u0151l olyan szerethet\u0151ek?<\/h2>\n\n\n\n<p>Tal\u00e1n az\u00e9rt, mert nem szuperh\u0151s\u00f6kr\u0151l sz\u00f3lnak, nem a val\u00f3s\u00e1gt\u00f3l teljesen elrugaszkodott karaktereket<br>mutatnak be, hanem olyan embereket, akik ak\u00e1r mi is lehetn\u00e9nk, \u00e9s akikkel ez\u00e1ltal sokkal k\u00f6nnyebb<br>azonosulni. Ezekben az emberekben magunkra ismer\u00fcnk, \u00e9s olyan, mintha a saj\u00e1t szem\u00e9lyis\u00e9g\u00fcnk<br>egy r\u00e9sz\u00e9t l\u00e1tn\u00e1nk vissza a filmv\u00e1sznon.<\/p>\n\n\n\n<h2 class=\"wp-block-heading\">A Frankof\u00f3n H\u00f3nap keret\u00e9ben filmeken k\u00edv\u00fcl id\u00e9n is t\u00f6bb kultur\u00e1lis program lesz. Mire sz\u00e1m\u00edthatnak m\u00e9g az \u00e9rdekl\u0151d\u0151k?<\/h2>\n\n\n\n<p>A filmek mellett id\u00e9n legink\u00e1bb a zen\u00e9n lesz a hangs\u00faly \u00e9s sz\u00e1mos kapcsol\u00f3d\u00f3 zenei esem\u00e9nnyel<br>k\u00e9sz\u00fcl\u00fcnk: francia popzene, zongorakoncertek, jazz koncert, illetve a frankof\u00f3n h\u00f3nap v\u00e9g\u00e9n a<br>fesztiv\u00e1l egyik utols\u00f3 esem\u00e9nyek\u00e9nt kort\u00e1rs kamaradarabokat l\u00e1thatunk \u00e9s hallhatunk. M\u00e1rcius<br>m\u00e1sodik fel\u00e9ben pedig mintegy \u00f6tven afrikai szerz\u0151 k\u00e9preg\u00e9nyalkot\u00e1sait ismerhetj\u00fck meg egy<br>izgalmas ki\u00e1ll\u00edt\u00e1s keretein bel\u00fcl.<\/p>\n","protected":false},"excerpt":{"rendered":"<p>A 14. Frankof\u00f3n Filmnapok remek alkalom arra, hogy megn\u00e9zz\u00fck a leg\u00fajabb francia filmeket, amelyek t\u00f6bbs\u00e9ge a legrangosabb filmfesztiv\u00e1lokon szerepelt. Id\u00e9n is sz\u00e1mos fantasztikus alkot\u00e1s ker\u00fclbemutat\u00e1sra, amelyekr\u0151l a Francia Int\u00e9zet kommunik\u00e1ci\u00f3s munkat\u00e1rs\u00e1val, Uzs\u00e1k Zolt\u00e1nnalbesz\u00e9lgett\u00fcnk.<\/p>\n","protected":false},"author":1,"featured_media":1820,"comment_status":"open","ping_status":"open","sticky":false,"template":"","format":"standard","meta":{"footnotes":""},"categories":[1,29],"tags":[122,123,124],"class_list":["post-1818","post","type-post","status-publish","format-standard","has-post-thumbnail","hentry","category-hirek","category-kultura","tag-film","tag-francia-filmnapok","tag-frankofon-filmfesztival"],"yoast_head":"<!-- This site is optimized with the Yoast SEO plugin v20.13 - https:\/\/yoast.com\/wordpress\/plugins\/seo\/ -->\n<title>Filmek, amelyekben magunkra ismerhet\u00fcnk - Francespiration<\/title>\n<meta name=\"description\" content=\"A 14. Frankof\u00f3n Filmnapok remek alkalom arra, hogy megn\u00e9zz\u00fck a leg\u00fajabb francia filmeket, amelyek t\u00f6bbs\u00e9ge filmfesztiv\u00e1lon szerepelt.\" \/>\n<meta name=\"robots\" content=\"index, follow, max-snippet:-1, max-image-preview:large, max-video-preview:-1\" \/>\n<link rel=\"canonical\" href=\"https:\/\/www.francespiration.com\/index.php\/2024\/02\/28\/filmek-amelyben-magunkra-ismerhetunk\/\" \/>\n<meta property=\"og:locale\" content=\"hu_HU\" \/>\n<meta property=\"og:type\" content=\"article\" \/>\n<meta property=\"og:title\" content=\"Filmek, amelyekben magunkra ismerhet\u00fcnk - Francespiration\" \/>\n<meta property=\"og:description\" content=\"A 14. Frankof\u00f3n Filmnapok remek alkalom arra, hogy megn\u00e9zz\u00fck a leg\u00fajabb francia filmeket, amelyek t\u00f6bbs\u00e9ge filmfesztiv\u00e1lon szerepelt.\" \/>\n<meta property=\"og:url\" content=\"https:\/\/www.francespiration.com\/index.php\/2024\/02\/28\/filmek-amelyben-magunkra-ismerhetunk\/\" \/>\n<meta property=\"og:site_name\" content=\"Francespiration\" \/>\n<meta property=\"article:published_time\" content=\"2024-02-28T16:04:07+00:00\" \/>\n<meta property=\"article:modified_time\" content=\"2024-02-28T16:10:17+00:00\" \/>\n<meta property=\"og:image\" content=\"https:\/\/www.francespiration.com\/wp-content\/uploads\/2024\/02\/ODM6000R-1024x683.jpg\" \/>\n\t<meta property=\"og:image:width\" content=\"1024\" \/>\n\t<meta property=\"og:image:height\" content=\"683\" \/>\n\t<meta property=\"og:image:type\" content=\"image\/jpeg\" \/>\n<meta name=\"author\" content=\"Sz\u00f6ll\u0151si T\u00edmea\" \/>\n<meta name=\"twitter:card\" content=\"summary_large_image\" \/>\n<meta name=\"twitter:label1\" content=\"Szerz\u0151:\" \/>\n\t<meta name=\"twitter:data1\" content=\"Sz\u00f6ll\u0151si T\u00edmea\" \/>\n\t<meta name=\"twitter:label2\" content=\"Becs\u00fclt olvas\u00e1si id\u0151\" \/>\n\t<meta name=\"twitter:data2\" content=\"4 perc\" \/>\n<script type=\"application\/ld+json\" class=\"yoast-schema-graph\">{\"@context\":\"https:\/\/schema.org\",\"@graph\":[{\"@type\":\"Article\",\"@id\":\"https:\/\/www.francespiration.com\/index.php\/2024\/02\/28\/filmek-amelyben-magunkra-ismerhetunk\/#article\",\"isPartOf\":{\"@id\":\"https:\/\/www.francespiration.com\/index.php\/2024\/02\/28\/filmek-amelyben-magunkra-ismerhetunk\/\"},\"author\":{\"name\":\"Sz\u00f6ll\u0151si T\u00edmea\",\"@id\":\"https:\/\/www.francespiration.com\/#\/schema\/person\/83f3dc20d791bfb54664f7e0287501fa\"},\"headline\":\"Filmek, amelyekben magunkra ismerhet\u00fcnk\",\"datePublished\":\"2024-02-28T16:04:07+00:00\",\"dateModified\":\"2024-02-28T16:10:17+00:00\",\"mainEntityOfPage\":{\"@id\":\"https:\/\/www.francespiration.com\/index.php\/2024\/02\/28\/filmek-amelyben-magunkra-ismerhetunk\/\"},\"wordCount\":883,\"commentCount\":0,\"publisher\":{\"@id\":\"https:\/\/www.francespiration.com\/#organization\"},\"keywords\":[\"film\",\"francia filmnapok\",\"frankof\u00f3n filmfesztiv\u00e1l\"],\"articleSection\":[\"H\u00cdREK\",\"KULT\u00daRA\"],\"inLanguage\":\"hu\",\"potentialAction\":[{\"@type\":\"CommentAction\",\"name\":\"Comment\",\"target\":[\"https:\/\/www.francespiration.com\/index.php\/2024\/02\/28\/filmek-amelyben-magunkra-ismerhetunk\/#respond\"]}]},{\"@type\":\"WebPage\",\"@id\":\"https:\/\/www.francespiration.com\/index.php\/2024\/02\/28\/filmek-amelyben-magunkra-ismerhetunk\/\",\"url\":\"https:\/\/www.francespiration.com\/index.php\/2024\/02\/28\/filmek-amelyben-magunkra-ismerhetunk\/\",\"name\":\"Filmek, amelyekben magunkra ismerhet\u00fcnk - Francespiration\",\"isPartOf\":{\"@id\":\"https:\/\/www.francespiration.com\/#website\"},\"datePublished\":\"2024-02-28T16:04:07+00:00\",\"dateModified\":\"2024-02-28T16:10:17+00:00\",\"description\":\"A 14. Frankof\u00f3n Filmnapok remek alkalom arra, hogy megn\u00e9zz\u00fck a leg\u00fajabb francia filmeket, amelyek t\u00f6bbs\u00e9ge filmfesztiv\u00e1lon szerepelt.\",\"breadcrumb\":{\"@id\":\"https:\/\/www.francespiration.com\/index.php\/2024\/02\/28\/filmek-amelyben-magunkra-ismerhetunk\/#breadcrumb\"},\"inLanguage\":\"hu\",\"potentialAction\":[{\"@type\":\"ReadAction\",\"target\":[\"https:\/\/www.francespiration.com\/index.php\/2024\/02\/28\/filmek-amelyben-magunkra-ismerhetunk\/\"]}]},{\"@type\":\"BreadcrumbList\",\"@id\":\"https:\/\/www.francespiration.com\/index.php\/2024\/02\/28\/filmek-amelyben-magunkra-ismerhetunk\/#breadcrumb\",\"itemListElement\":[{\"@type\":\"ListItem\",\"position\":1,\"name\":\"Kezd\u0151lap\",\"item\":\"https:\/\/www.francespiration.com\/\"},{\"@type\":\"ListItem\",\"position\":2,\"name\":\"Filmek, amelyekben magunkra ismerhet\u00fcnk\"}]},{\"@type\":\"WebSite\",\"@id\":\"https:\/\/www.francespiration.com\/#website\",\"url\":\"https:\/\/www.francespiration.com\/\",\"name\":\"Francespiration\",\"description\":\"Just another WordPress site\",\"publisher\":{\"@id\":\"https:\/\/www.francespiration.com\/#organization\"},\"potentialAction\":[{\"@type\":\"SearchAction\",\"target\":{\"@type\":\"EntryPoint\",\"urlTemplate\":\"https:\/\/www.francespiration.com\/?s={search_term_string}\"},\"query-input\":\"required name=search_term_string\"}],\"inLanguage\":\"hu\"},{\"@type\":\"Organization\",\"@id\":\"https:\/\/www.francespiration.com\/#organization\",\"name\":\"Francespiration\",\"url\":\"https:\/\/www.francespiration.com\/\",\"logo\":{\"@type\":\"ImageObject\",\"inLanguage\":\"hu\",\"@id\":\"https:\/\/www.francespiration.com\/#\/schema\/logo\/image\/\",\"url\":\"https:\/\/www.francespiration.com\/wp-content\/uploads\/2022\/09\/4d-also-scaled.jpg\",\"contentUrl\":\"https:\/\/www.francespiration.com\/wp-content\/uploads\/2022\/09\/4d-also-scaled.jpg\",\"width\":2560,\"height\":913,\"caption\":\"Francespiration\"},\"image\":{\"@id\":\"https:\/\/www.francespiration.com\/#\/schema\/logo\/image\/\"}},{\"@type\":\"Person\",\"@id\":\"https:\/\/www.francespiration.com\/#\/schema\/person\/83f3dc20d791bfb54664f7e0287501fa\",\"name\":\"Sz\u00f6ll\u0151si T\u00edmea\",\"image\":{\"@type\":\"ImageObject\",\"inLanguage\":\"hu\",\"@id\":\"https:\/\/www.francespiration.com\/#\/schema\/person\/image\/\",\"url\":\"https:\/\/secure.gravatar.com\/avatar\/1fd2e7bebd99ada3a170be066229da8dce9b7f9ba3748e0b659e39e5f31eb56a?s=96&d=mm&r=g\",\"contentUrl\":\"https:\/\/secure.gravatar.com\/avatar\/1fd2e7bebd99ada3a170be066229da8dce9b7f9ba3748e0b659e39e5f31eb56a?s=96&d=mm&r=g\",\"caption\":\"Sz\u00f6ll\u0151si T\u00edmea\"},\"sameAs\":[\"https:\/\/www.francespiration.com\"],\"url\":\"https:\/\/www.francespiration.com\/index.php\/author\/szollotimi\/\"}]}<\/script>\n<!-- \/ Yoast SEO plugin. -->","yoast_head_json":{"title":"Filmek, amelyekben magunkra ismerhet\u00fcnk - Francespiration","description":"A 14. Frankof\u00f3n Filmnapok remek alkalom arra, hogy megn\u00e9zz\u00fck a leg\u00fajabb francia filmeket, amelyek t\u00f6bbs\u00e9ge filmfesztiv\u00e1lon szerepelt.","robots":{"index":"index","follow":"follow","max-snippet":"max-snippet:-1","max-image-preview":"max-image-preview:large","max-video-preview":"max-video-preview:-1"},"canonical":"https:\/\/www.francespiration.com\/index.php\/2024\/02\/28\/filmek-amelyben-magunkra-ismerhetunk\/","og_locale":"hu_HU","og_type":"article","og_title":"Filmek, amelyekben magunkra ismerhet\u00fcnk - Francespiration","og_description":"A 14. Frankof\u00f3n Filmnapok remek alkalom arra, hogy megn\u00e9zz\u00fck a leg\u00fajabb francia filmeket, amelyek t\u00f6bbs\u00e9ge filmfesztiv\u00e1lon szerepelt.","og_url":"https:\/\/www.francespiration.com\/index.php\/2024\/02\/28\/filmek-amelyben-magunkra-ismerhetunk\/","og_site_name":"Francespiration","article_published_time":"2024-02-28T16:04:07+00:00","article_modified_time":"2024-02-28T16:10:17+00:00","og_image":[{"width":1024,"height":683,"url":"https:\/\/www.francespiration.com\/wp-content\/uploads\/2024\/02\/ODM6000R-1024x683.jpg","type":"image\/jpeg"}],"author":"Sz\u00f6ll\u0151si T\u00edmea","twitter_card":"summary_large_image","twitter_misc":{"Szerz\u0151:":"Sz\u00f6ll\u0151si T\u00edmea","Becs\u00fclt olvas\u00e1si id\u0151":"4 perc"},"schema":{"@context":"https:\/\/schema.org","@graph":[{"@type":"Article","@id":"https:\/\/www.francespiration.com\/index.php\/2024\/02\/28\/filmek-amelyben-magunkra-ismerhetunk\/#article","isPartOf":{"@id":"https:\/\/www.francespiration.com\/index.php\/2024\/02\/28\/filmek-amelyben-magunkra-ismerhetunk\/"},"author":{"name":"Sz\u00f6ll\u0151si T\u00edmea","@id":"https:\/\/www.francespiration.com\/#\/schema\/person\/83f3dc20d791bfb54664f7e0287501fa"},"headline":"Filmek, amelyekben magunkra ismerhet\u00fcnk","datePublished":"2024-02-28T16:04:07+00:00","dateModified":"2024-02-28T16:10:17+00:00","mainEntityOfPage":{"@id":"https:\/\/www.francespiration.com\/index.php\/2024\/02\/28\/filmek-amelyben-magunkra-ismerhetunk\/"},"wordCount":883,"commentCount":0,"publisher":{"@id":"https:\/\/www.francespiration.com\/#organization"},"keywords":["film","francia filmnapok","frankof\u00f3n filmfesztiv\u00e1l"],"articleSection":["H\u00cdREK","KULT\u00daRA"],"inLanguage":"hu","potentialAction":[{"@type":"CommentAction","name":"Comment","target":["https:\/\/www.francespiration.com\/index.php\/2024\/02\/28\/filmek-amelyben-magunkra-ismerhetunk\/#respond"]}]},{"@type":"WebPage","@id":"https:\/\/www.francespiration.com\/index.php\/2024\/02\/28\/filmek-amelyben-magunkra-ismerhetunk\/","url":"https:\/\/www.francespiration.com\/index.php\/2024\/02\/28\/filmek-amelyben-magunkra-ismerhetunk\/","name":"Filmek, amelyekben magunkra ismerhet\u00fcnk - Francespiration","isPartOf":{"@id":"https:\/\/www.francespiration.com\/#website"},"datePublished":"2024-02-28T16:04:07+00:00","dateModified":"2024-02-28T16:10:17+00:00","description":"A 14. Frankof\u00f3n Filmnapok remek alkalom arra, hogy megn\u00e9zz\u00fck a leg\u00fajabb francia filmeket, amelyek t\u00f6bbs\u00e9ge filmfesztiv\u00e1lon szerepelt.","breadcrumb":{"@id":"https:\/\/www.francespiration.com\/index.php\/2024\/02\/28\/filmek-amelyben-magunkra-ismerhetunk\/#breadcrumb"},"inLanguage":"hu","potentialAction":[{"@type":"ReadAction","target":["https:\/\/www.francespiration.com\/index.php\/2024\/02\/28\/filmek-amelyben-magunkra-ismerhetunk\/"]}]},{"@type":"BreadcrumbList","@id":"https:\/\/www.francespiration.com\/index.php\/2024\/02\/28\/filmek-amelyben-magunkra-ismerhetunk\/#breadcrumb","itemListElement":[{"@type":"ListItem","position":1,"name":"Kezd\u0151lap","item":"https:\/\/www.francespiration.com\/"},{"@type":"ListItem","position":2,"name":"Filmek, amelyekben magunkra ismerhet\u00fcnk"}]},{"@type":"WebSite","@id":"https:\/\/www.francespiration.com\/#website","url":"https:\/\/www.francespiration.com\/","name":"Francespiration","description":"Just another WordPress site","publisher":{"@id":"https:\/\/www.francespiration.com\/#organization"},"potentialAction":[{"@type":"SearchAction","target":{"@type":"EntryPoint","urlTemplate":"https:\/\/www.francespiration.com\/?s={search_term_string}"},"query-input":"required name=search_term_string"}],"inLanguage":"hu"},{"@type":"Organization","@id":"https:\/\/www.francespiration.com\/#organization","name":"Francespiration","url":"https:\/\/www.francespiration.com\/","logo":{"@type":"ImageObject","inLanguage":"hu","@id":"https:\/\/www.francespiration.com\/#\/schema\/logo\/image\/","url":"https:\/\/www.francespiration.com\/wp-content\/uploads\/2022\/09\/4d-also-scaled.jpg","contentUrl":"https:\/\/www.francespiration.com\/wp-content\/uploads\/2022\/09\/4d-also-scaled.jpg","width":2560,"height":913,"caption":"Francespiration"},"image":{"@id":"https:\/\/www.francespiration.com\/#\/schema\/logo\/image\/"}},{"@type":"Person","@id":"https:\/\/www.francespiration.com\/#\/schema\/person\/83f3dc20d791bfb54664f7e0287501fa","name":"Sz\u00f6ll\u0151si T\u00edmea","image":{"@type":"ImageObject","inLanguage":"hu","@id":"https:\/\/www.francespiration.com\/#\/schema\/person\/image\/","url":"https:\/\/secure.gravatar.com\/avatar\/1fd2e7bebd99ada3a170be066229da8dce9b7f9ba3748e0b659e39e5f31eb56a?s=96&d=mm&r=g","contentUrl":"https:\/\/secure.gravatar.com\/avatar\/1fd2e7bebd99ada3a170be066229da8dce9b7f9ba3748e0b659e39e5f31eb56a?s=96&d=mm&r=g","caption":"Sz\u00f6ll\u0151si T\u00edmea"},"sameAs":["https:\/\/www.francespiration.com"],"url":"https:\/\/www.francespiration.com\/index.php\/author\/szollotimi\/"}]}},"_links":{"self":[{"href":"https:\/\/www.francespiration.com\/index.php\/wp-json\/wp\/v2\/posts\/1818","targetHints":{"allow":["GET"]}}],"collection":[{"href":"https:\/\/www.francespiration.com\/index.php\/wp-json\/wp\/v2\/posts"}],"about":[{"href":"https:\/\/www.francespiration.com\/index.php\/wp-json\/wp\/v2\/types\/post"}],"author":[{"embeddable":true,"href":"https:\/\/www.francespiration.com\/index.php\/wp-json\/wp\/v2\/users\/1"}],"replies":[{"embeddable":true,"href":"https:\/\/www.francespiration.com\/index.php\/wp-json\/wp\/v2\/comments?post=1818"}],"version-history":[{"count":5,"href":"https:\/\/www.francespiration.com\/index.php\/wp-json\/wp\/v2\/posts\/1818\/revisions"}],"predecessor-version":[{"id":1825,"href":"https:\/\/www.francespiration.com\/index.php\/wp-json\/wp\/v2\/posts\/1818\/revisions\/1825"}],"wp:featuredmedia":[{"embeddable":true,"href":"https:\/\/www.francespiration.com\/index.php\/wp-json\/wp\/v2\/media\/1820"}],"wp:attachment":[{"href":"https:\/\/www.francespiration.com\/index.php\/wp-json\/wp\/v2\/media?parent=1818"}],"wp:term":[{"taxonomy":"category","embeddable":true,"href":"https:\/\/www.francespiration.com\/index.php\/wp-json\/wp\/v2\/categories?post=1818"},{"taxonomy":"post_tag","embeddable":true,"href":"https:\/\/www.francespiration.com\/index.php\/wp-json\/wp\/v2\/tags?post=1818"}],"curies":[{"name":"wp","href":"https:\/\/api.w.org\/{rel}","templated":true}]}}