{"id":1826,"date":"2024-03-05T07:57:42","date_gmt":"2024-03-05T07:57:42","guid":{"rendered":"https:\/\/www.francespiration.com\/?p=1826"},"modified":"2024-03-05T08:02:03","modified_gmt":"2024-03-05T08:02:03","slug":"franciaorszag-a-vilag-elso-orszaga-amely-alkotmanyba-foglalja-az-abortusz-jogat","status":"publish","type":"post","link":"https:\/\/www.francespiration.com\/index.php\/2024\/03\/05\/franciaorszag-a-vilag-elso-orszaga-amely-alkotmanyba-foglalja-az-abortusz-jogat\/","title":{"rendered":"Franciaorsz\u00e1g a vil\u00e1g els\u0151 orsz\u00e1ga, amely alkotm\u00e1nyba foglalja az abortusz jog\u00e1t"},"content":{"rendered":"\n<p><strong>Franciaorsz\u00e1gban 2024. m\u00e1rcius 4-\u00e9n Versaille-ban a Szen\u00e1tus \u00e9s a Nemzetgy\u0171l\u00e9s \u00fcnnep\u00e9lyesen j\u00f3v\u00e1hagyta az els\u00f6pr\u0151 t\u00f6bbs\u00e9ggel megszavazott t\u00f6rv\u00e9nyt, amely a terhess\u00e9gmegszak\u00edt\u00e1shoz val\u00f3 jogot r\u00f6gz\u00edtette az Alkotm\u00e1nyban. <\/strong><\/p>\n\n\n\n<!--more-->\n\n\n\n<p>A h\u00e9tf\u0151i szavaz\u00e1s, amelyet a p\u00e1rizsit\u00f3l d\u00e9lnyugatra fekv\u0151 Versailles-i palot\u00e1ban tartottak a k\u00e9pvisel\u0151k rendk\u00edv\u00fcli \u00f6sszej\u00f6vetel\u00e9n, a jogalkot\u00e1si folyamat utols\u00f3 l\u00e9p\u00e9se volt. A francia szen\u00e1tus \u00e9s a nemzetgy\u0171l\u00e9s els\u00f6potr\u0151 t\u00f6bbs\u00e9ggel hagyta j\u00f3v\u00e1 a t\u00f6rv\u00e9nyt, amely kimondja, hogy Franciaorsz\u00e1gban a\u201egarant\u00e1lt szabads\u00e1g\u201d a terhess\u00e9gmegszak\u00edt\u00e1sok eset\u00e9ben.<\/p>\n\n\n\n<p> Egyes csoportok \u00e9s t\u00f6rv\u00e9nyhoz\u00f3k hat\u00e1rozottabb megfogalmaz\u00e1st szorgalmaztak, hogy kifejezetten \u201ejognak\u201d nevezz\u00e9k el az abortuszhoz val\u00f3 jogot. A t\u00f6rv\u00e9nyhoz\u00f3k ezt a l\u00e9p\u00e9st a reprodukt\u00edv jogok t\u00e1mogat\u00e1s\u00e1nak egy\u00e9rtelm\u0171 jelz\u00e9sek\u00e9nt \u00fcdv\u00f6z\u00f6lt\u00e9k, mik\u00f6zben az Egyes\u00fclt \u00c1llamokban, valamint Eur\u00f3pa bizonyos orsz\u00e1gaiuban, \u00edgy Magyarorsz\u00e1gon is \u00e9ppen az abortuszhoz val\u00f3 jogot szigor\u00edtan\u00e1k.<\/p>\n\n\n\n<h2 class=\"wp-block-heading\"> A szavaz\u00e1st k\u00f6vet\u0151en az Eiffel-torony a \u201etestem, az \u00e9n v\u00e1laszt\u00e1som\u201d felirattal vil\u00e1g\u00edtott.<\/h2>\n\n\n\n<p>Gabriel Attal minisztereln\u00f6k a szavaz\u00e1s el\u0151tt kijelentette, hogy a t\u00f6rv\u00e9nyhoz\u00f3knak \u201eerk\u00f6lcsi ad\u00f3ss\u00e1ga\u201d van azok fel\u00e9 a n\u0151k fel\u00e9, akik a m\u00faltban illeg\u00e1lis abortuszokat k\u00e9nyszer\u00fcltek elviselni. \u201eMindenekel\u0151tt azt \u00fczenj\u00fck minden n\u0151nek: a tested az ti\u00e9d. \u201d \u2013 mondta Attal. <\/p>\n\n\n\n<p>Emmanuel Macron francia eln\u00f6k azt mondta, hogy a korm\u00e1ny hivatalos \u00fcnneps\u00e9get tart a m\u00f3dos\u00edt\u00e1s elfogad\u00e1s\u00e1nak meg\u00fcnnepl\u00e9s\u00e9re p\u00e9nteken, a Nemzetk\u00f6zi N\u0151napon.<\/p>\n\n\n\n<p>Franciaorsz\u00e1g el\u0151sz\u00f6r 1975-ben legaliz\u00e1lta az abortuszt, az akkori eg\u00e9szs\u00e9g\u00fcgyi miniszter, Simone Veil, Auschwitz t\u00fal\u00e9l\u0151j\u00e9nek kamp\u00e1nya ut\u00e1n, aki az orsz\u00e1g egyik legh\u00edresebb feminista ikonj\u00e1v\u00e1 v\u00e1lt. M\u00edg az abortusz rendk\u00edv\u00fcl megoszt\u00f3 k\u00e9rd\u00e9s az Egyes\u00fclt \u00c1llamok politik\u00e1j\u00e1ban, Franciaorsz\u00e1gban sz\u00e9les k\u00f6rben t\u00e1mogatott. A m\u00f3dos\u00edt\u00e1s ellen szavaz\u00f3 k\u00e9pvisel\u0151k k\u00f6z\u00fcl sokan nem az\u00e9rt tett\u00e9k ezt, mert ellenezt\u00e9k az abortuszt, hanem az\u00e9rt, mert sz\u00fcks\u00e9gtelennek tartott\u00e1k az int\u00e9zked\u00e9st, tekintettel a reprodukt\u00edv jogok sz\u00e9les k\u00f6r\u0171 t\u00e1mogatotts\u00e1g\u00e1ra. Az int\u00e9zked\u00e9s elfogad\u00e1sa, vagyis hogy az alkotm\u00e1nyban garant\u00e1lj\u00e1k az abortuszjogokat a francia baloldal egy\u00e9rtelm\u0171 gy\u0151zelm\u00e9t jelenti. <\/p>\n\n\n\n<p>2022 el\u0151tt Emmanuel Macron eln\u00f6k korm\u00e1nya \u2013 a m\u00f3dos\u00edt\u00e1s jelenlegi ellenz\u0151ihez hasonl\u00f3an \u2013 m\u00e9g azzal \u00e9rvelt, hogy a l\u00e9p\u00e9s sz\u00fcks\u00e9gtelen volt. Azonban, amikor az Egyes\u00fclt \u00c1llamok Legfels\u0151bb B\u00edr\u00f3s\u00e1ga Roe kontra Wade ellen hozott \u00edt\u00e9letet, \u00e9s lehet\u0151v\u00e9 tette az \u00e1llamok egy\u00e9ni d\u00f6nt\u00e9s\u00e9t a k\u00e9rd\u00e9sben, Franciaorsz\u00e1got cselekv\u00e9sre sz\u00e1nta el mag\u00e1t. &#8211; oplvashat\u00f3 a <a href=\"https:\/\/edition.cnn.com\/2024\/03\/04\/europe\/france-abortion-constitution-intl\/index.html\" target=\"_blank\" rel=\"noreferrer noopener\">CNN <\/a>tudos\u00edt\u00e1s\u00e1ban. Eric Dupond-Moretti francia igazs\u00e1g\u00fcgy-miniszter m\u00e9g miel\u0151tt az err\u0151l sz\u00f3l\u00f3 vita megkezd\u0151d\u00f6tt volna janu\u00e1rban, hangs\u00falyozta, hogy a t\u00f6rt\u00e9nelem tele van olyan p\u00e9ld\u00e1kkal, amikor az \u201ealapvet\u0151 jogokat\u201d biztons\u00e1gosnak hitt\u00e9k, de azt\u00e1n elvett\u00e9k azokat \u201eamint arra a k\u00f6zelm\u00faltban az Egyes\u00fclt \u00c1llamok Legfels\u0151bb B\u00edr\u00f3s\u00e1g\u00e1nak d\u00f6nt\u00e9se eml\u00e9keztetett minket.\u201d <\/p>\n\n\n\n<p>Ez a mostani szavaz\u00e1s a 25. alkalom, amikor a francia korm\u00e1ny m\u00f3dos\u00edtotta alkotm\u00e1ny\u00e1t az \u00d6t\u00f6dik K\u00f6zt\u00e1rsas\u00e1g 1958-as megalap\u00edt\u00e1sa \u00f3ta. <\/p>\n\n\n\n<p>A Franciaorsz\u00e1gban \u00e9l\u0151 K\u00f6r\u00f6si Zsuzs\u00e1val k\u00e9sz\u00edtett interj\u00fankat itt olvashatj\u00e1tok:<\/p>\n\n\n\n<figure class=\"wp-block-embed is-type-wp-embed is-provider-francespiration wp-block-embed-francespiration\"><div class=\"wp-block-embed__wrapper\">\n<blockquote class=\"wp-embedded-content\" data-secret=\"EE0IqZQcjL\"><a href=\"https:\/\/www.francespiration.com\/index.php\/2024\/01\/22\/korosi-zsuzsa-minden-nonek-joga-van-eldonteni-akar-e-gyereket-kivel-es-mikor\/\">K\u00f6r\u00f6si Zsuzsa: \u201eMinden n\u0151nek joga van eld\u00f6nteni, akar-e gyereket, kivel \u00e9s mikor\u201d<\/a><\/blockquote><iframe loading=\"lazy\" class=\"wp-embedded-content\" sandbox=\"allow-scripts\" security=\"restricted\" style=\"position: absolute; clip: rect(1px, 1px, 1px, 1px);\" title=\"&#8220;K\u00f6r\u00f6si Zsuzsa: \u201eMinden n\u0151nek joga van eld\u00f6nteni, akar-e gyereket, kivel \u00e9s mikor\u201d&#8221; &#8212; Francespiration\" src=\"https:\/\/www.francespiration.com\/index.php\/2024\/01\/22\/korosi-zsuzsa-minden-nonek-joga-van-eldonteni-akar-e-gyereket-kivel-es-mikor\/embed\/#?secret=nyJ58URhGo#?secret=EE0IqZQcjL\" data-secret=\"EE0IqZQcjL\" width=\"600\" height=\"338\" frameborder=\"0\" marginwidth=\"0\" marginheight=\"0\" scrolling=\"no\"><\/iframe>\n<\/div><\/figure>\n","protected":false},"excerpt":{"rendered":"<p>Franciaorsz\u00e1gban 2024. m\u00e1rcius 4-\u00e9n Versaille-ban a Szen\u00e1tus \u00e9s a Nemzetgy\u0171l\u00e9s \u00fcnnep\u00e9lyesen j\u00f3v\u00e1hagyta az els\u00f6pr\u0151 t\u00f6bbs\u00e9ggel megszavazott t\u00f6rv\u00e9nyt, amely a terhess\u00e9gmegszak\u00edt\u00e1shoz val\u00f3 jogot r\u00f6gz\u00edtette az Alkotm\u00e1nyban.<\/p>\n","protected":false},"author":1,"featured_media":1827,"comment_status":"open","ping_status":"open","sticky":false,"template":"","format":"standard","meta":{"footnotes":""},"categories":[1],"tags":[96,125,98],"class_list":["post-1826","post","type-post","status-publish","format-standard","has-post-thumbnail","hentry","category-hirek","tag-abortusz","tag-abortuszhozvalojog","tag-terhessegmegszakitas"],"yoast_head":"<!-- This site is optimized with the Yoast SEO plugin v20.13 - https:\/\/yoast.com\/wordpress\/plugins\/seo\/ -->\n<title>Franciaorsz\u00e1g a vil\u00e1g els\u0151 orsz\u00e1ga, amely alkotm\u00e1nyba foglalja az abortusz jog\u00e1t - Francespiration<\/title>\n<meta name=\"robots\" content=\"index, follow, max-snippet:-1, max-image-preview:large, max-video-preview:-1\" \/>\n<link rel=\"canonical\" href=\"https:\/\/www.francespiration.com\/index.php\/2024\/03\/05\/franciaorszag-a-vilag-elso-orszaga-amely-alkotmanyba-foglalja-az-abortusz-jogat\/\" \/>\n<meta property=\"og:locale\" content=\"hu_HU\" \/>\n<meta property=\"og:type\" content=\"article\" \/>\n<meta property=\"og:title\" content=\"Franciaorsz\u00e1g a vil\u00e1g els\u0151 orsz\u00e1ga, amely alkotm\u00e1nyba foglalja az abortusz jog\u00e1t - Francespiration\" \/>\n<meta property=\"og:description\" content=\"Franciaorsz\u00e1gban 2024. m\u00e1rcius 4-\u00e9n Versaille-ban a Szen\u00e1tus \u00e9s a Nemzetgy\u0171l\u00e9s \u00fcnnep\u00e9lyesen j\u00f3v\u00e1hagyta az els\u00f6pr\u0151 t\u00f6bbs\u00e9ggel megszavazott t\u00f6rv\u00e9nyt, amely a terhess\u00e9gmegszak\u00edt\u00e1shoz val\u00f3 jogot r\u00f6gz\u00edtette az Alkotm\u00e1nyban.\" \/>\n<meta property=\"og:url\" content=\"https:\/\/www.francespiration.com\/index.php\/2024\/03\/05\/franciaorszag-a-vilag-elso-orszaga-amely-alkotmanyba-foglalja-az-abortusz-jogat\/\" \/>\n<meta property=\"og:site_name\" content=\"Francespiration\" \/>\n<meta property=\"article:published_time\" content=\"2024-03-05T07:57:42+00:00\" \/>\n<meta property=\"article:modified_time\" content=\"2024-03-05T08:02:03+00:00\" \/>\n<meta property=\"og:image\" content=\"https:\/\/www.francespiration.com\/wp-content\/uploads\/2024\/03\/francia-alkotmany-abortuszhoz-valo-jog.jpg\" \/>\n\t<meta property=\"og:image:width\" content=\"1254\" \/>\n\t<meta property=\"og:image:height\" content=\"836\" \/>\n\t<meta property=\"og:image:type\" content=\"image\/jpeg\" \/>\n<meta name=\"author\" content=\"Sz\u00f6ll\u0151si T\u00edmea\" \/>\n<meta name=\"twitter:card\" content=\"summary_large_image\" \/>\n<meta name=\"twitter:label1\" content=\"Szerz\u0151:\" \/>\n\t<meta name=\"twitter:data1\" content=\"Sz\u00f6ll\u0151si T\u00edmea\" \/>\n\t<meta name=\"twitter:label2\" content=\"Becs\u00fclt olvas\u00e1si id\u0151\" \/>\n\t<meta name=\"twitter:data2\" content=\"3 perc\" \/>\n<script type=\"application\/ld+json\" class=\"yoast-schema-graph\">{\"@context\":\"https:\/\/schema.org\",\"@graph\":[{\"@type\":\"Article\",\"@id\":\"https:\/\/www.francespiration.com\/index.php\/2024\/03\/05\/franciaorszag-a-vilag-elso-orszaga-amely-alkotmanyba-foglalja-az-abortusz-jogat\/#article\",\"isPartOf\":{\"@id\":\"https:\/\/www.francespiration.com\/index.php\/2024\/03\/05\/franciaorszag-a-vilag-elso-orszaga-amely-alkotmanyba-foglalja-az-abortusz-jogat\/\"},\"author\":{\"name\":\"Sz\u00f6ll\u0151si T\u00edmea\",\"@id\":\"https:\/\/www.francespiration.com\/#\/schema\/person\/83f3dc20d791bfb54664f7e0287501fa\"},\"headline\":\"Franciaorsz\u00e1g a vil\u00e1g els\u0151 orsz\u00e1ga, amely alkotm\u00e1nyba foglalja az abortusz jog\u00e1t\",\"datePublished\":\"2024-03-05T07:57:42+00:00\",\"dateModified\":\"2024-03-05T08:02:03+00:00\",\"mainEntityOfPage\":{\"@id\":\"https:\/\/www.francespiration.com\/index.php\/2024\/03\/05\/franciaorszag-a-vilag-elso-orszaga-amely-alkotmanyba-foglalja-az-abortusz-jogat\/\"},\"wordCount\":667,\"commentCount\":0,\"publisher\":{\"@id\":\"https:\/\/www.francespiration.com\/#organization\"},\"keywords\":[\"abortusz\",\"abortuszhozval\u00f3jog\",\"terhess\u00e9gmegszak\u00edt\u00e1s\"],\"articleSection\":[\"H\u00cdREK\"],\"inLanguage\":\"hu\",\"potentialAction\":[{\"@type\":\"CommentAction\",\"name\":\"Comment\",\"target\":[\"https:\/\/www.francespiration.com\/index.php\/2024\/03\/05\/franciaorszag-a-vilag-elso-orszaga-amely-alkotmanyba-foglalja-az-abortusz-jogat\/#respond\"]}]},{\"@type\":\"WebPage\",\"@id\":\"https:\/\/www.francespiration.com\/index.php\/2024\/03\/05\/franciaorszag-a-vilag-elso-orszaga-amely-alkotmanyba-foglalja-az-abortusz-jogat\/\",\"url\":\"https:\/\/www.francespiration.com\/index.php\/2024\/03\/05\/franciaorszag-a-vilag-elso-orszaga-amely-alkotmanyba-foglalja-az-abortusz-jogat\/\",\"name\":\"Franciaorsz\u00e1g a vil\u00e1g els\u0151 orsz\u00e1ga, amely alkotm\u00e1nyba foglalja az abortusz jog\u00e1t - Francespiration\",\"isPartOf\":{\"@id\":\"https:\/\/www.francespiration.com\/#website\"},\"datePublished\":\"2024-03-05T07:57:42+00:00\",\"dateModified\":\"2024-03-05T08:02:03+00:00\",\"breadcrumb\":{\"@id\":\"https:\/\/www.francespiration.com\/index.php\/2024\/03\/05\/franciaorszag-a-vilag-elso-orszaga-amely-alkotmanyba-foglalja-az-abortusz-jogat\/#breadcrumb\"},\"inLanguage\":\"hu\",\"potentialAction\":[{\"@type\":\"ReadAction\",\"target\":[\"https:\/\/www.francespiration.com\/index.php\/2024\/03\/05\/franciaorszag-a-vilag-elso-orszaga-amely-alkotmanyba-foglalja-az-abortusz-jogat\/\"]}]},{\"@type\":\"BreadcrumbList\",\"@id\":\"https:\/\/www.francespiration.com\/index.php\/2024\/03\/05\/franciaorszag-a-vilag-elso-orszaga-amely-alkotmanyba-foglalja-az-abortusz-jogat\/#breadcrumb\",\"itemListElement\":[{\"@type\":\"ListItem\",\"position\":1,\"name\":\"Kezd\u0151lap\",\"item\":\"https:\/\/www.francespiration.com\/\"},{\"@type\":\"ListItem\",\"position\":2,\"name\":\"Franciaorsz\u00e1g a vil\u00e1g els\u0151 orsz\u00e1ga, amely alkotm\u00e1nyba foglalja az abortusz jog\u00e1t\"}]},{\"@type\":\"WebSite\",\"@id\":\"https:\/\/www.francespiration.com\/#website\",\"url\":\"https:\/\/www.francespiration.com\/\",\"name\":\"Francespiration\",\"description\":\"Just another WordPress site\",\"publisher\":{\"@id\":\"https:\/\/www.francespiration.com\/#organization\"},\"potentialAction\":[{\"@type\":\"SearchAction\",\"target\":{\"@type\":\"EntryPoint\",\"urlTemplate\":\"https:\/\/www.francespiration.com\/?s={search_term_string}\"},\"query-input\":\"required name=search_term_string\"}],\"inLanguage\":\"hu\"},{\"@type\":\"Organization\",\"@id\":\"https:\/\/www.francespiration.com\/#organization\",\"name\":\"Francespiration\",\"url\":\"https:\/\/www.francespiration.com\/\",\"logo\":{\"@type\":\"ImageObject\",\"inLanguage\":\"hu\",\"@id\":\"https:\/\/www.francespiration.com\/#\/schema\/logo\/image\/\",\"url\":\"https:\/\/www.francespiration.com\/wp-content\/uploads\/2022\/09\/4d-also-scaled.jpg\",\"contentUrl\":\"https:\/\/www.francespiration.com\/wp-content\/uploads\/2022\/09\/4d-also-scaled.jpg\",\"width\":2560,\"height\":913,\"caption\":\"Francespiration\"},\"image\":{\"@id\":\"https:\/\/www.francespiration.com\/#\/schema\/logo\/image\/\"}},{\"@type\":\"Person\",\"@id\":\"https:\/\/www.francespiration.com\/#\/schema\/person\/83f3dc20d791bfb54664f7e0287501fa\",\"name\":\"Sz\u00f6ll\u0151si T\u00edmea\",\"image\":{\"@type\":\"ImageObject\",\"inLanguage\":\"hu\",\"@id\":\"https:\/\/www.francespiration.com\/#\/schema\/person\/image\/\",\"url\":\"https:\/\/secure.gravatar.com\/avatar\/1fd2e7bebd99ada3a170be066229da8dce9b7f9ba3748e0b659e39e5f31eb56a?s=96&d=mm&r=g\",\"contentUrl\":\"https:\/\/secure.gravatar.com\/avatar\/1fd2e7bebd99ada3a170be066229da8dce9b7f9ba3748e0b659e39e5f31eb56a?s=96&d=mm&r=g\",\"caption\":\"Sz\u00f6ll\u0151si T\u00edmea\"},\"sameAs\":[\"https:\/\/www.francespiration.com\"],\"url\":\"https:\/\/www.francespiration.com\/index.php\/author\/szollotimi\/\"}]}<\/script>\n<!-- \/ Yoast SEO plugin. -->","yoast_head_json":{"title":"Franciaorsz\u00e1g a vil\u00e1g els\u0151 orsz\u00e1ga, amely alkotm\u00e1nyba foglalja az abortusz jog\u00e1t - Francespiration","robots":{"index":"index","follow":"follow","max-snippet":"max-snippet:-1","max-image-preview":"max-image-preview:large","max-video-preview":"max-video-preview:-1"},"canonical":"https:\/\/www.francespiration.com\/index.php\/2024\/03\/05\/franciaorszag-a-vilag-elso-orszaga-amely-alkotmanyba-foglalja-az-abortusz-jogat\/","og_locale":"hu_HU","og_type":"article","og_title":"Franciaorsz\u00e1g a vil\u00e1g els\u0151 orsz\u00e1ga, amely alkotm\u00e1nyba foglalja az abortusz jog\u00e1t - Francespiration","og_description":"Franciaorsz\u00e1gban 2024. m\u00e1rcius 4-\u00e9n Versaille-ban a Szen\u00e1tus \u00e9s a Nemzetgy\u0171l\u00e9s \u00fcnnep\u00e9lyesen j\u00f3v\u00e1hagyta az els\u00f6pr\u0151 t\u00f6bbs\u00e9ggel megszavazott t\u00f6rv\u00e9nyt, amely a terhess\u00e9gmegszak\u00edt\u00e1shoz val\u00f3 jogot r\u00f6gz\u00edtette az Alkotm\u00e1nyban.","og_url":"https:\/\/www.francespiration.com\/index.php\/2024\/03\/05\/franciaorszag-a-vilag-elso-orszaga-amely-alkotmanyba-foglalja-az-abortusz-jogat\/","og_site_name":"Francespiration","article_published_time":"2024-03-05T07:57:42+00:00","article_modified_time":"2024-03-05T08:02:03+00:00","og_image":[{"width":1254,"height":836,"url":"https:\/\/www.francespiration.com\/wp-content\/uploads\/2024\/03\/francia-alkotmany-abortuszhoz-valo-jog.jpg","type":"image\/jpeg"}],"author":"Sz\u00f6ll\u0151si T\u00edmea","twitter_card":"summary_large_image","twitter_misc":{"Szerz\u0151:":"Sz\u00f6ll\u0151si T\u00edmea","Becs\u00fclt olvas\u00e1si id\u0151":"3 perc"},"schema":{"@context":"https:\/\/schema.org","@graph":[{"@type":"Article","@id":"https:\/\/www.francespiration.com\/index.php\/2024\/03\/05\/franciaorszag-a-vilag-elso-orszaga-amely-alkotmanyba-foglalja-az-abortusz-jogat\/#article","isPartOf":{"@id":"https:\/\/www.francespiration.com\/index.php\/2024\/03\/05\/franciaorszag-a-vilag-elso-orszaga-amely-alkotmanyba-foglalja-az-abortusz-jogat\/"},"author":{"name":"Sz\u00f6ll\u0151si T\u00edmea","@id":"https:\/\/www.francespiration.com\/#\/schema\/person\/83f3dc20d791bfb54664f7e0287501fa"},"headline":"Franciaorsz\u00e1g a vil\u00e1g els\u0151 orsz\u00e1ga, amely alkotm\u00e1nyba foglalja az abortusz jog\u00e1t","datePublished":"2024-03-05T07:57:42+00:00","dateModified":"2024-03-05T08:02:03+00:00","mainEntityOfPage":{"@id":"https:\/\/www.francespiration.com\/index.php\/2024\/03\/05\/franciaorszag-a-vilag-elso-orszaga-amely-alkotmanyba-foglalja-az-abortusz-jogat\/"},"wordCount":667,"commentCount":0,"publisher":{"@id":"https:\/\/www.francespiration.com\/#organization"},"keywords":["abortusz","abortuszhozval\u00f3jog","terhess\u00e9gmegszak\u00edt\u00e1s"],"articleSection":["H\u00cdREK"],"inLanguage":"hu","potentialAction":[{"@type":"CommentAction","name":"Comment","target":["https:\/\/www.francespiration.com\/index.php\/2024\/03\/05\/franciaorszag-a-vilag-elso-orszaga-amely-alkotmanyba-foglalja-az-abortusz-jogat\/#respond"]}]},{"@type":"WebPage","@id":"https:\/\/www.francespiration.com\/index.php\/2024\/03\/05\/franciaorszag-a-vilag-elso-orszaga-amely-alkotmanyba-foglalja-az-abortusz-jogat\/","url":"https:\/\/www.francespiration.com\/index.php\/2024\/03\/05\/franciaorszag-a-vilag-elso-orszaga-amely-alkotmanyba-foglalja-az-abortusz-jogat\/","name":"Franciaorsz\u00e1g a vil\u00e1g els\u0151 orsz\u00e1ga, amely alkotm\u00e1nyba foglalja az abortusz jog\u00e1t - Francespiration","isPartOf":{"@id":"https:\/\/www.francespiration.com\/#website"},"datePublished":"2024-03-05T07:57:42+00:00","dateModified":"2024-03-05T08:02:03+00:00","breadcrumb":{"@id":"https:\/\/www.francespiration.com\/index.php\/2024\/03\/05\/franciaorszag-a-vilag-elso-orszaga-amely-alkotmanyba-foglalja-az-abortusz-jogat\/#breadcrumb"},"inLanguage":"hu","potentialAction":[{"@type":"ReadAction","target":["https:\/\/www.francespiration.com\/index.php\/2024\/03\/05\/franciaorszag-a-vilag-elso-orszaga-amely-alkotmanyba-foglalja-az-abortusz-jogat\/"]}]},{"@type":"BreadcrumbList","@id":"https:\/\/www.francespiration.com\/index.php\/2024\/03\/05\/franciaorszag-a-vilag-elso-orszaga-amely-alkotmanyba-foglalja-az-abortusz-jogat\/#breadcrumb","itemListElement":[{"@type":"ListItem","position":1,"name":"Kezd\u0151lap","item":"https:\/\/www.francespiration.com\/"},{"@type":"ListItem","position":2,"name":"Franciaorsz\u00e1g a vil\u00e1g els\u0151 orsz\u00e1ga, amely alkotm\u00e1nyba foglalja az abortusz jog\u00e1t"}]},{"@type":"WebSite","@id":"https:\/\/www.francespiration.com\/#website","url":"https:\/\/www.francespiration.com\/","name":"Francespiration","description":"Just another WordPress site","publisher":{"@id":"https:\/\/www.francespiration.com\/#organization"},"potentialAction":[{"@type":"SearchAction","target":{"@type":"EntryPoint","urlTemplate":"https:\/\/www.francespiration.com\/?s={search_term_string}"},"query-input":"required name=search_term_string"}],"inLanguage":"hu"},{"@type":"Organization","@id":"https:\/\/www.francespiration.com\/#organization","name":"Francespiration","url":"https:\/\/www.francespiration.com\/","logo":{"@type":"ImageObject","inLanguage":"hu","@id":"https:\/\/www.francespiration.com\/#\/schema\/logo\/image\/","url":"https:\/\/www.francespiration.com\/wp-content\/uploads\/2022\/09\/4d-also-scaled.jpg","contentUrl":"https:\/\/www.francespiration.com\/wp-content\/uploads\/2022\/09\/4d-also-scaled.jpg","width":2560,"height":913,"caption":"Francespiration"},"image":{"@id":"https:\/\/www.francespiration.com\/#\/schema\/logo\/image\/"}},{"@type":"Person","@id":"https:\/\/www.francespiration.com\/#\/schema\/person\/83f3dc20d791bfb54664f7e0287501fa","name":"Sz\u00f6ll\u0151si T\u00edmea","image":{"@type":"ImageObject","inLanguage":"hu","@id":"https:\/\/www.francespiration.com\/#\/schema\/person\/image\/","url":"https:\/\/secure.gravatar.com\/avatar\/1fd2e7bebd99ada3a170be066229da8dce9b7f9ba3748e0b659e39e5f31eb56a?s=96&d=mm&r=g","contentUrl":"https:\/\/secure.gravatar.com\/avatar\/1fd2e7bebd99ada3a170be066229da8dce9b7f9ba3748e0b659e39e5f31eb56a?s=96&d=mm&r=g","caption":"Sz\u00f6ll\u0151si T\u00edmea"},"sameAs":["https:\/\/www.francespiration.com"],"url":"https:\/\/www.francespiration.com\/index.php\/author\/szollotimi\/"}]}},"_links":{"self":[{"href":"https:\/\/www.francespiration.com\/index.php\/wp-json\/wp\/v2\/posts\/1826","targetHints":{"allow":["GET"]}}],"collection":[{"href":"https:\/\/www.francespiration.com\/index.php\/wp-json\/wp\/v2\/posts"}],"about":[{"href":"https:\/\/www.francespiration.com\/index.php\/wp-json\/wp\/v2\/types\/post"}],"author":[{"embeddable":true,"href":"https:\/\/www.francespiration.com\/index.php\/wp-json\/wp\/v2\/users\/1"}],"replies":[{"embeddable":true,"href":"https:\/\/www.francespiration.com\/index.php\/wp-json\/wp\/v2\/comments?post=1826"}],"version-history":[{"count":2,"href":"https:\/\/www.francespiration.com\/index.php\/wp-json\/wp\/v2\/posts\/1826\/revisions"}],"predecessor-version":[{"id":1830,"href":"https:\/\/www.francespiration.com\/index.php\/wp-json\/wp\/v2\/posts\/1826\/revisions\/1830"}],"wp:featuredmedia":[{"embeddable":true,"href":"https:\/\/www.francespiration.com\/index.php\/wp-json\/wp\/v2\/media\/1827"}],"wp:attachment":[{"href":"https:\/\/www.francespiration.com\/index.php\/wp-json\/wp\/v2\/media?parent=1826"}],"wp:term":[{"taxonomy":"category","embeddable":true,"href":"https:\/\/www.francespiration.com\/index.php\/wp-json\/wp\/v2\/categories?post=1826"},{"taxonomy":"post_tag","embeddable":true,"href":"https:\/\/www.francespiration.com\/index.php\/wp-json\/wp\/v2\/tags?post=1826"}],"curies":[{"name":"wp","href":"https:\/\/api.w.org\/{rel}","templated":true}]}}