{"id":1831,"date":"2024-03-14T08:51:15","date_gmt":"2024-03-14T08:51:15","guid":{"rendered":"https:\/\/www.francespiration.com\/?p=1831"},"modified":"2024-03-14T08:53:21","modified_gmt":"2024-03-14T08:53:21","slug":"vilagkoruli-stafetaatadas-avagy-egy-nap-alatt-a-vilag-korul","status":"publish","type":"post","link":"https:\/\/www.francespiration.com\/index.php\/2024\/03\/14\/vilagkoruli-stafetaatadas-avagy-egy-nap-alatt-a-vilag-korul\/","title":{"rendered":"Vil\u00e1gk\u00f6r\u00fcli staf\u00e9ta\u00e1tad\u00e1s avagy egy nap alatt a vil\u00e1g k\u00f6r\u00fcl"},"content":{"rendered":"\n<p><strong>A 2024-es p\u00e1rizsi olimpiai \u00e9s paralimpiai j\u00e1t\u00e9kok el\u0151tt az Eur\u00f3pa- \u00e9s K\u00fcl\u00fcgyminiszt\u00e9rium \u00e9s a P\u00e1rizs 2024 egy 24 \u00f3r\u00e1s staf\u00e9t\u00e1t szervez a F\u00f6ld k\u00f6r\u00fcl, amely keret\u00e9ben a &#8222;Terre de Jeux 2024&#8221; c\u00edmet elnyert nagyk\u00f6vets\u00e9gek mozg\u00f3s\u00edtj\u00e1k a sportvil\u00e1got \u00e9s a nagyk\u00f6z\u00f6ns\u00e9get.<\/strong><\/p>\n\n\n\n<!--more-->\n\n\n\n<p>2024. m\u00e1rcius 14-\u00e9n \u201eA vil\u00e1g k\u00f6r\u00fcli staf\u00e9ta\u201d c\u00e9lja, hogy \u00f6sszehozza a sportol\u00f3kat \u00e9s a helyi sportvil\u00e1g k\u00e9pvisel\u0151it, hogy min\u00e9l t\u00f6bb emberhez eljuttassa a j\u00e1t\u00e9kokat.<\/p>\n\n\n\n<h2 class=\"wp-block-heading\"><strong>A staf\u00e9ta \u00d3ce\u00e1ni\u00e1b\u00f3l indul<\/strong>, \u00e1tszeli az \u00f6sszes kontinenst, \u00e9s Francia Polin\u00e9zi\u00e1ban \u00e9r v\u00e9get. <\/h2>\n\n\n\n<p>Minden nagyk\u00f6vets\u00e9g virtu\u00e1lisan fogadja a staf\u00e9t\u00e1t, majd tov\u00e1bbadja egy k\u00f6vetkez\u0151 nagyk\u00f6vets\u00e9gnek. \u00cdgy az online staf\u00e9ta bej\u00e1rja a sport\u00e9rt\u00e9kek vil\u00e1gk\u00f6r\u00fcli \u00fatj\u00e1t.\u00a0<strong>K\u00f6zel 150 nagyk\u00f6vets\u00e9g<\/strong>, mintegy 40 sport\u00e1ggal, amelyeket a vil\u00e1g legemblematikusabb helysz\u00ednein mutatnak be, kiv\u00e9teles k\u00e9pekkel \u00e9s egy nagyszer\u0171 sport\u00fcnneppel, n\u00e9h\u00e1ny h\u00f3nappal a j\u00e1t\u00e9kok nyit\u00f3\u00fcnneps\u00e9ge el\u0151tt.<\/p>\n\n\n\n<p>Magyarorsz\u00e1gon a vil\u00e1g k\u00f6r\u00fcli staf\u00e9ta esem\u00e9nyeit a Francia Int\u00e9zet szervezi sz\u00e1mos partnerrel egy\u00fcttm\u0171k\u00f6dve: Magyar Olimpiai Bizotts\u00e1g, Magyar Paralimpiai Bizotts\u00e1g, ELTE, magyar sportsz\u00f6vets\u00e9gek, k\u00fcl\u00f6n\u00f6sen a V\u00edv\u00f3 \u00e9s a Judosz\u00f6vets\u00e9g \u00e9s az Asztalitenisz Sz\u00f6vets\u00e9g. B\u00fcszk\u00e9k vagyunk arra, hogy mozg\u00f3s\u00edtjuk az embereket azzal a c\u00e9llal, hogy ez a k\u00fcl\u00f6nleges \u00fcnnep m\u00e9g nagyobb visszhangra tal\u00e1ljon, \u00e9s a magyar sportol\u00f3k mellett mi is k\u00f6zvet\u00edts\u00fck az olimpiai \u00e9s paralimpiai \u00e9rt\u00e9keket.<\/p>\n\n\n\n<figure class=\"wp-block-image size-full\"><img loading=\"lazy\" decoding=\"async\" width=\"874\" height=\"292\" src=\"https:\/\/www.francespiration.com\/wp-content\/uploads\/2024\/03\/parizs-olimpia-jatekok-stafeta.jpg\" alt=\"\" class=\"wp-image-1832\" srcset=\"https:\/\/www.francespiration.com\/wp-content\/uploads\/2024\/03\/parizs-olimpia-jatekok-stafeta.jpg 874w, https:\/\/www.francespiration.com\/wp-content\/uploads\/2024\/03\/parizs-olimpia-jatekok-stafeta-300x100.jpg 300w, https:\/\/www.francespiration.com\/wp-content\/uploads\/2024\/03\/parizs-olimpia-jatekok-stafeta-768x257.jpg 768w\" sizes=\"auto, (max-width: 874px) 100vw, 874px\" \/><\/figure>\n\n\n\n<h2 class=\"wp-block-heading\">A program<\/h2>\n\n\n\n<ol class=\"wp-block-list\" start=\"1\">\n<li><strong>Egyed\u00fcl\u00e1ll\u00f3 esem\u00e9ny<\/strong>&nbsp;az olimpiai \u00e9s paralimpiai sport\u00e1gak \u00f6sszehoz\u00e1s\u00e1ra: Franciaorsz\u00e1gon&nbsp;<strong>a judo, a v\u00edv\u00e1s, asztali tenisz sport\u00e1gakkal k\u00e9pviselteti mag\u00e1t&nbsp;<\/strong>Magyarorsz\u00e1gon.<\/li>\n\n\n\n<li><strong>A staf\u00e9t\u00e1t<\/strong>&nbsp;virtu\u00e1lisan fogadjuk 9:00 \u00f3rakor Libi\u00e1b\u00f3l \u00e9s 10:00 \u00f3rakor adjuk tov\u00e1bb Maurit\u00e1ni\u00e1nak, \u0150exc. Claire Legras Franciaorsz\u00e1g magyarorsz\u00e1gi nagyk\u00f6vet\u00e9nek tweetj\u00e9vel.<\/li>\n\n\n\n<li><strong>11 \u00f3rakor&nbsp;<\/strong>sajt\u00f3t\u00e1j\u00e9koztat\u00f3t tartunk a Francia Int\u00e9zet sz\u00ednh\u00e1zterm\u00e9ben. R\u00e9sztvev\u0151k: Claire Legras Franciaorsz\u00e1g magyarorsz\u00e1gi nagyk\u00f6vete, a Magyar Olimpiai Bizotts\u00e1g, a Magyar Paralimpiai Bizotts\u00e1g Nemzetk\u00f6zi Fair-Play Bizotts\u00e1g. P\u00f3diumbesz\u00e9lget\u00e9s a Magyar V\u00edv\u00f3, Judo \u00e9s Asztalitenisz Sz\u00f6vets\u00e9g, az ELTE k\u00e9pvisel\u0151ivel, valamint olimpiai \u00e9s paralimpiai sportol\u00f3k r\u00e9szv\u00e9tel\u00e9vel.<\/li>\n\n\n\n<li><strong>Tapasztalatcser\u00e9k, besz\u00e9lget\u00e9sek \u00e9s bemutat\u00f3k magyar \u00e9lvonalbeli v\u00edv\u00f3, judo \u00e9s asztalitenisz sportol\u00f3kkal.<\/strong><\/li>\n\n\n\n<li>Iskol\u00e1soknak sz\u00f3l\u00f3\u00a0<strong>bemutat\u00f3 foglalkoz\u00e1sok<\/strong>\u00a0judo, v\u00edv\u00e1s \u00e9s asztalitenisz sport\u00e1gakban, a verseny- \u00e9s a csapatszellem gyakorl\u00e1sa \u00e9rdek\u00e9ben.<\/li>\n<\/ol>\n\n\n\n<p><\/p>\n\n\n\n<p>Nyit\u00f3k\u00e9p: unsplash.com<\/p>\n","protected":false},"excerpt":{"rendered":"<p>A 2024-es p\u00e1rizsi olimpiai \u00e9s paralimpiai j\u00e1t\u00e9kok el\u0151tt az Eur\u00f3pa- \u00e9s K\u00fcl\u00fcgyminiszt\u00e9rium \u00e9s a P\u00e1rizs 2024 egy 24 \u00f3r\u00e1s staf\u00e9t\u00e1t szervez a F\u00f6ld k\u00f6r\u00fcl, amely keret\u00e9ben a &#8222;Terre de Jeux 2024&#8221; c\u00edmet elnyert nagyk\u00f6vets\u00e9gek mozg\u00f3s\u00edtj\u00e1k a sportvil\u00e1got \u00e9s a nagyk\u00f6z\u00f6ns\u00e9get.<\/p>\n","protected":false},"author":1,"featured_media":1835,"comment_status":"open","ping_status":"open","sticky":false,"template":"","format":"standard","meta":{"footnotes":""},"categories":[1],"tags":[126,127,128,129],"class_list":["post-1831","post","type-post","status-publish","format-standard","has-post-thumbnail","hentry","category-hirek","tag-olimpiai-jatekok","tag-parizsi-olimpia","tag-sport","tag-terre-de-jeux"],"yoast_head":"<!-- This site is optimized with the Yoast SEO plugin v20.13 - https:\/\/yoast.com\/wordpress\/plugins\/seo\/ -->\n<title>Vil\u00e1gk\u00f6r\u00fcli staf\u00e9ta\u00e1tad\u00e1s avagy egy nap alatt a vil\u00e1g k\u00f6r\u00fcl - Francespiration<\/title>\n<meta name=\"description\" content=\"A 2024-es p\u00e1rizsi olimpiai \u00e9s paralimpiai j\u00e1t\u00e9kok el\u0151tt az Eur\u00f3pa- \u00e9s K\u00fcl\u00fcgyminiszt\u00e9rium \u00e9s a P\u00e1rizs 2024 egy 24 \u00f3r\u00e1s staf\u00e9t\u00e1t szervez a F\u00f6ld k\u00f6r\u00fcl\" \/>\n<meta name=\"robots\" content=\"index, follow, max-snippet:-1, max-image-preview:large, max-video-preview:-1\" \/>\n<link rel=\"canonical\" href=\"https:\/\/www.francespiration.com\/index.php\/2024\/03\/14\/vilagkoruli-stafetaatadas-avagy-egy-nap-alatt-a-vilag-korul\/\" \/>\n<meta property=\"og:locale\" content=\"hu_HU\" \/>\n<meta property=\"og:type\" content=\"article\" \/>\n<meta property=\"og:title\" content=\"Vil\u00e1gk\u00f6r\u00fcli staf\u00e9ta\u00e1tad\u00e1s avagy egy nap alatt a vil\u00e1g k\u00f6r\u00fcl - Francespiration\" \/>\n<meta property=\"og:description\" content=\"A 2024-es p\u00e1rizsi olimpiai \u00e9s paralimpiai j\u00e1t\u00e9kok el\u0151tt az Eur\u00f3pa- \u00e9s K\u00fcl\u00fcgyminiszt\u00e9rium \u00e9s a P\u00e1rizs 2024 egy 24 \u00f3r\u00e1s staf\u00e9t\u00e1t szervez a F\u00f6ld k\u00f6r\u00fcl\" \/>\n<meta property=\"og:url\" content=\"https:\/\/www.francespiration.com\/index.php\/2024\/03\/14\/vilagkoruli-stafetaatadas-avagy-egy-nap-alatt-a-vilag-korul\/\" \/>\n<meta property=\"og:site_name\" content=\"Francespiration\" \/>\n<meta property=\"article:published_time\" content=\"2024-03-14T08:51:15+00:00\" \/>\n<meta property=\"article:modified_time\" content=\"2024-03-14T08:53:21+00:00\" \/>\n<meta property=\"og:image\" content=\"https:\/\/www.francespiration.com\/wp-content\/uploads\/2024\/03\/parizs-olimpiai-jatekok-scaled.jpg\" \/>\n\t<meta property=\"og:image:width\" content=\"2560\" \/>\n\t<meta property=\"og:image:height\" content=\"1538\" \/>\n\t<meta property=\"og:image:type\" content=\"image\/jpeg\" \/>\n<meta name=\"author\" content=\"Sz\u00f6ll\u0151si T\u00edmea\" \/>\n<meta name=\"twitter:card\" content=\"summary_large_image\" \/>\n<meta name=\"twitter:label1\" content=\"Szerz\u0151:\" \/>\n\t<meta name=\"twitter:data1\" content=\"Sz\u00f6ll\u0151si T\u00edmea\" \/>\n\t<meta name=\"twitter:label2\" content=\"Becs\u00fclt olvas\u00e1si id\u0151\" \/>\n\t<meta name=\"twitter:data2\" content=\"2 perc\" \/>\n<script type=\"application\/ld+json\" class=\"yoast-schema-graph\">{\"@context\":\"https:\/\/schema.org\",\"@graph\":[{\"@type\":\"Article\",\"@id\":\"https:\/\/www.francespiration.com\/index.php\/2024\/03\/14\/vilagkoruli-stafetaatadas-avagy-egy-nap-alatt-a-vilag-korul\/#article\",\"isPartOf\":{\"@id\":\"https:\/\/www.francespiration.com\/index.php\/2024\/03\/14\/vilagkoruli-stafetaatadas-avagy-egy-nap-alatt-a-vilag-korul\/\"},\"author\":{\"name\":\"Sz\u00f6ll\u0151si T\u00edmea\",\"@id\":\"https:\/\/www.francespiration.com\/#\/schema\/person\/83f3dc20d791bfb54664f7e0287501fa\"},\"headline\":\"Vil\u00e1gk\u00f6r\u00fcli staf\u00e9ta\u00e1tad\u00e1s avagy egy nap alatt a vil\u00e1g k\u00f6r\u00fcl\",\"datePublished\":\"2024-03-14T08:51:15+00:00\",\"dateModified\":\"2024-03-14T08:53:21+00:00\",\"mainEntityOfPage\":{\"@id\":\"https:\/\/www.francespiration.com\/index.php\/2024\/03\/14\/vilagkoruli-stafetaatadas-avagy-egy-nap-alatt-a-vilag-korul\/\"},\"wordCount\":503,\"commentCount\":0,\"publisher\":{\"@id\":\"https:\/\/www.francespiration.com\/#organization\"},\"keywords\":[\"olimpiai j\u00e1t\u00e9kok\",\"p\u00e1rizsi olimpia\",\"sport\",\"Terre de Jeux\"],\"articleSection\":[\"H\u00cdREK\"],\"inLanguage\":\"hu\",\"potentialAction\":[{\"@type\":\"CommentAction\",\"name\":\"Comment\",\"target\":[\"https:\/\/www.francespiration.com\/index.php\/2024\/03\/14\/vilagkoruli-stafetaatadas-avagy-egy-nap-alatt-a-vilag-korul\/#respond\"]}]},{\"@type\":\"WebPage\",\"@id\":\"https:\/\/www.francespiration.com\/index.php\/2024\/03\/14\/vilagkoruli-stafetaatadas-avagy-egy-nap-alatt-a-vilag-korul\/\",\"url\":\"https:\/\/www.francespiration.com\/index.php\/2024\/03\/14\/vilagkoruli-stafetaatadas-avagy-egy-nap-alatt-a-vilag-korul\/\",\"name\":\"Vil\u00e1gk\u00f6r\u00fcli staf\u00e9ta\u00e1tad\u00e1s avagy egy nap alatt a vil\u00e1g k\u00f6r\u00fcl - Francespiration\",\"isPartOf\":{\"@id\":\"https:\/\/www.francespiration.com\/#website\"},\"datePublished\":\"2024-03-14T08:51:15+00:00\",\"dateModified\":\"2024-03-14T08:53:21+00:00\",\"description\":\"A 2024-es p\u00e1rizsi olimpiai \u00e9s paralimpiai j\u00e1t\u00e9kok el\u0151tt az Eur\u00f3pa- \u00e9s K\u00fcl\u00fcgyminiszt\u00e9rium \u00e9s a P\u00e1rizs 2024 egy 24 \u00f3r\u00e1s staf\u00e9t\u00e1t szervez a F\u00f6ld k\u00f6r\u00fcl\",\"breadcrumb\":{\"@id\":\"https:\/\/www.francespiration.com\/index.php\/2024\/03\/14\/vilagkoruli-stafetaatadas-avagy-egy-nap-alatt-a-vilag-korul\/#breadcrumb\"},\"inLanguage\":\"hu\",\"potentialAction\":[{\"@type\":\"ReadAction\",\"target\":[\"https:\/\/www.francespiration.com\/index.php\/2024\/03\/14\/vilagkoruli-stafetaatadas-avagy-egy-nap-alatt-a-vilag-korul\/\"]}]},{\"@type\":\"BreadcrumbList\",\"@id\":\"https:\/\/www.francespiration.com\/index.php\/2024\/03\/14\/vilagkoruli-stafetaatadas-avagy-egy-nap-alatt-a-vilag-korul\/#breadcrumb\",\"itemListElement\":[{\"@type\":\"ListItem\",\"position\":1,\"name\":\"Kezd\u0151lap\",\"item\":\"https:\/\/www.francespiration.com\/\"},{\"@type\":\"ListItem\",\"position\":2,\"name\":\"Vil\u00e1gk\u00f6r\u00fcli staf\u00e9ta\u00e1tad\u00e1s avagy egy nap alatt a vil\u00e1g k\u00f6r\u00fcl\"}]},{\"@type\":\"WebSite\",\"@id\":\"https:\/\/www.francespiration.com\/#website\",\"url\":\"https:\/\/www.francespiration.com\/\",\"name\":\"Francespiration\",\"description\":\"Just another WordPress site\",\"publisher\":{\"@id\":\"https:\/\/www.francespiration.com\/#organization\"},\"potentialAction\":[{\"@type\":\"SearchAction\",\"target\":{\"@type\":\"EntryPoint\",\"urlTemplate\":\"https:\/\/www.francespiration.com\/?s={search_term_string}\"},\"query-input\":\"required name=search_term_string\"}],\"inLanguage\":\"hu\"},{\"@type\":\"Organization\",\"@id\":\"https:\/\/www.francespiration.com\/#organization\",\"name\":\"Francespiration\",\"url\":\"https:\/\/www.francespiration.com\/\",\"logo\":{\"@type\":\"ImageObject\",\"inLanguage\":\"hu\",\"@id\":\"https:\/\/www.francespiration.com\/#\/schema\/logo\/image\/\",\"url\":\"https:\/\/www.francespiration.com\/wp-content\/uploads\/2022\/09\/4d-also-scaled.jpg\",\"contentUrl\":\"https:\/\/www.francespiration.com\/wp-content\/uploads\/2022\/09\/4d-also-scaled.jpg\",\"width\":2560,\"height\":913,\"caption\":\"Francespiration\"},\"image\":{\"@id\":\"https:\/\/www.francespiration.com\/#\/schema\/logo\/image\/\"}},{\"@type\":\"Person\",\"@id\":\"https:\/\/www.francespiration.com\/#\/schema\/person\/83f3dc20d791bfb54664f7e0287501fa\",\"name\":\"Sz\u00f6ll\u0151si T\u00edmea\",\"image\":{\"@type\":\"ImageObject\",\"inLanguage\":\"hu\",\"@id\":\"https:\/\/www.francespiration.com\/#\/schema\/person\/image\/\",\"url\":\"https:\/\/secure.gravatar.com\/avatar\/1fd2e7bebd99ada3a170be066229da8dce9b7f9ba3748e0b659e39e5f31eb56a?s=96&d=mm&r=g\",\"contentUrl\":\"https:\/\/secure.gravatar.com\/avatar\/1fd2e7bebd99ada3a170be066229da8dce9b7f9ba3748e0b659e39e5f31eb56a?s=96&d=mm&r=g\",\"caption\":\"Sz\u00f6ll\u0151si T\u00edmea\"},\"sameAs\":[\"https:\/\/www.francespiration.com\"],\"url\":\"https:\/\/www.francespiration.com\/index.php\/author\/szollotimi\/\"}]}<\/script>\n<!-- \/ Yoast SEO plugin. -->","yoast_head_json":{"title":"Vil\u00e1gk\u00f6r\u00fcli staf\u00e9ta\u00e1tad\u00e1s avagy egy nap alatt a vil\u00e1g k\u00f6r\u00fcl - Francespiration","description":"A 2024-es p\u00e1rizsi olimpiai \u00e9s paralimpiai j\u00e1t\u00e9kok el\u0151tt az Eur\u00f3pa- \u00e9s K\u00fcl\u00fcgyminiszt\u00e9rium \u00e9s a P\u00e1rizs 2024 egy 24 \u00f3r\u00e1s staf\u00e9t\u00e1t szervez a F\u00f6ld k\u00f6r\u00fcl","robots":{"index":"index","follow":"follow","max-snippet":"max-snippet:-1","max-image-preview":"max-image-preview:large","max-video-preview":"max-video-preview:-1"},"canonical":"https:\/\/www.francespiration.com\/index.php\/2024\/03\/14\/vilagkoruli-stafetaatadas-avagy-egy-nap-alatt-a-vilag-korul\/","og_locale":"hu_HU","og_type":"article","og_title":"Vil\u00e1gk\u00f6r\u00fcli staf\u00e9ta\u00e1tad\u00e1s avagy egy nap alatt a vil\u00e1g k\u00f6r\u00fcl - Francespiration","og_description":"A 2024-es p\u00e1rizsi olimpiai \u00e9s paralimpiai j\u00e1t\u00e9kok el\u0151tt az Eur\u00f3pa- \u00e9s K\u00fcl\u00fcgyminiszt\u00e9rium \u00e9s a P\u00e1rizs 2024 egy 24 \u00f3r\u00e1s staf\u00e9t\u00e1t szervez a F\u00f6ld k\u00f6r\u00fcl","og_url":"https:\/\/www.francespiration.com\/index.php\/2024\/03\/14\/vilagkoruli-stafetaatadas-avagy-egy-nap-alatt-a-vilag-korul\/","og_site_name":"Francespiration","article_published_time":"2024-03-14T08:51:15+00:00","article_modified_time":"2024-03-14T08:53:21+00:00","og_image":[{"width":2560,"height":1538,"url":"https:\/\/www.francespiration.com\/wp-content\/uploads\/2024\/03\/parizs-olimpiai-jatekok-scaled.jpg","type":"image\/jpeg"}],"author":"Sz\u00f6ll\u0151si T\u00edmea","twitter_card":"summary_large_image","twitter_misc":{"Szerz\u0151:":"Sz\u00f6ll\u0151si T\u00edmea","Becs\u00fclt olvas\u00e1si id\u0151":"2 perc"},"schema":{"@context":"https:\/\/schema.org","@graph":[{"@type":"Article","@id":"https:\/\/www.francespiration.com\/index.php\/2024\/03\/14\/vilagkoruli-stafetaatadas-avagy-egy-nap-alatt-a-vilag-korul\/#article","isPartOf":{"@id":"https:\/\/www.francespiration.com\/index.php\/2024\/03\/14\/vilagkoruli-stafetaatadas-avagy-egy-nap-alatt-a-vilag-korul\/"},"author":{"name":"Sz\u00f6ll\u0151si T\u00edmea","@id":"https:\/\/www.francespiration.com\/#\/schema\/person\/83f3dc20d791bfb54664f7e0287501fa"},"headline":"Vil\u00e1gk\u00f6r\u00fcli staf\u00e9ta\u00e1tad\u00e1s avagy egy nap alatt a vil\u00e1g k\u00f6r\u00fcl","datePublished":"2024-03-14T08:51:15+00:00","dateModified":"2024-03-14T08:53:21+00:00","mainEntityOfPage":{"@id":"https:\/\/www.francespiration.com\/index.php\/2024\/03\/14\/vilagkoruli-stafetaatadas-avagy-egy-nap-alatt-a-vilag-korul\/"},"wordCount":503,"commentCount":0,"publisher":{"@id":"https:\/\/www.francespiration.com\/#organization"},"keywords":["olimpiai j\u00e1t\u00e9kok","p\u00e1rizsi olimpia","sport","Terre de Jeux"],"articleSection":["H\u00cdREK"],"inLanguage":"hu","potentialAction":[{"@type":"CommentAction","name":"Comment","target":["https:\/\/www.francespiration.com\/index.php\/2024\/03\/14\/vilagkoruli-stafetaatadas-avagy-egy-nap-alatt-a-vilag-korul\/#respond"]}]},{"@type":"WebPage","@id":"https:\/\/www.francespiration.com\/index.php\/2024\/03\/14\/vilagkoruli-stafetaatadas-avagy-egy-nap-alatt-a-vilag-korul\/","url":"https:\/\/www.francespiration.com\/index.php\/2024\/03\/14\/vilagkoruli-stafetaatadas-avagy-egy-nap-alatt-a-vilag-korul\/","name":"Vil\u00e1gk\u00f6r\u00fcli staf\u00e9ta\u00e1tad\u00e1s avagy egy nap alatt a vil\u00e1g k\u00f6r\u00fcl - Francespiration","isPartOf":{"@id":"https:\/\/www.francespiration.com\/#website"},"datePublished":"2024-03-14T08:51:15+00:00","dateModified":"2024-03-14T08:53:21+00:00","description":"A 2024-es p\u00e1rizsi olimpiai \u00e9s paralimpiai j\u00e1t\u00e9kok el\u0151tt az Eur\u00f3pa- \u00e9s K\u00fcl\u00fcgyminiszt\u00e9rium \u00e9s a P\u00e1rizs 2024 egy 24 \u00f3r\u00e1s staf\u00e9t\u00e1t szervez a F\u00f6ld k\u00f6r\u00fcl","breadcrumb":{"@id":"https:\/\/www.francespiration.com\/index.php\/2024\/03\/14\/vilagkoruli-stafetaatadas-avagy-egy-nap-alatt-a-vilag-korul\/#breadcrumb"},"inLanguage":"hu","potentialAction":[{"@type":"ReadAction","target":["https:\/\/www.francespiration.com\/index.php\/2024\/03\/14\/vilagkoruli-stafetaatadas-avagy-egy-nap-alatt-a-vilag-korul\/"]}]},{"@type":"BreadcrumbList","@id":"https:\/\/www.francespiration.com\/index.php\/2024\/03\/14\/vilagkoruli-stafetaatadas-avagy-egy-nap-alatt-a-vilag-korul\/#breadcrumb","itemListElement":[{"@type":"ListItem","position":1,"name":"Kezd\u0151lap","item":"https:\/\/www.francespiration.com\/"},{"@type":"ListItem","position":2,"name":"Vil\u00e1gk\u00f6r\u00fcli staf\u00e9ta\u00e1tad\u00e1s avagy egy nap alatt a vil\u00e1g k\u00f6r\u00fcl"}]},{"@type":"WebSite","@id":"https:\/\/www.francespiration.com\/#website","url":"https:\/\/www.francespiration.com\/","name":"Francespiration","description":"Just another WordPress site","publisher":{"@id":"https:\/\/www.francespiration.com\/#organization"},"potentialAction":[{"@type":"SearchAction","target":{"@type":"EntryPoint","urlTemplate":"https:\/\/www.francespiration.com\/?s={search_term_string}"},"query-input":"required name=search_term_string"}],"inLanguage":"hu"},{"@type":"Organization","@id":"https:\/\/www.francespiration.com\/#organization","name":"Francespiration","url":"https:\/\/www.francespiration.com\/","logo":{"@type":"ImageObject","inLanguage":"hu","@id":"https:\/\/www.francespiration.com\/#\/schema\/logo\/image\/","url":"https:\/\/www.francespiration.com\/wp-content\/uploads\/2022\/09\/4d-also-scaled.jpg","contentUrl":"https:\/\/www.francespiration.com\/wp-content\/uploads\/2022\/09\/4d-also-scaled.jpg","width":2560,"height":913,"caption":"Francespiration"},"image":{"@id":"https:\/\/www.francespiration.com\/#\/schema\/logo\/image\/"}},{"@type":"Person","@id":"https:\/\/www.francespiration.com\/#\/schema\/person\/83f3dc20d791bfb54664f7e0287501fa","name":"Sz\u00f6ll\u0151si T\u00edmea","image":{"@type":"ImageObject","inLanguage":"hu","@id":"https:\/\/www.francespiration.com\/#\/schema\/person\/image\/","url":"https:\/\/secure.gravatar.com\/avatar\/1fd2e7bebd99ada3a170be066229da8dce9b7f9ba3748e0b659e39e5f31eb56a?s=96&d=mm&r=g","contentUrl":"https:\/\/secure.gravatar.com\/avatar\/1fd2e7bebd99ada3a170be066229da8dce9b7f9ba3748e0b659e39e5f31eb56a?s=96&d=mm&r=g","caption":"Sz\u00f6ll\u0151si T\u00edmea"},"sameAs":["https:\/\/www.francespiration.com"],"url":"https:\/\/www.francespiration.com\/index.php\/author\/szollotimi\/"}]}},"_links":{"self":[{"href":"https:\/\/www.francespiration.com\/index.php\/wp-json\/wp\/v2\/posts\/1831","targetHints":{"allow":["GET"]}}],"collection":[{"href":"https:\/\/www.francespiration.com\/index.php\/wp-json\/wp\/v2\/posts"}],"about":[{"href":"https:\/\/www.francespiration.com\/index.php\/wp-json\/wp\/v2\/types\/post"}],"author":[{"embeddable":true,"href":"https:\/\/www.francespiration.com\/index.php\/wp-json\/wp\/v2\/users\/1"}],"replies":[{"embeddable":true,"href":"https:\/\/www.francespiration.com\/index.php\/wp-json\/wp\/v2\/comments?post=1831"}],"version-history":[{"count":2,"href":"https:\/\/www.francespiration.com\/index.php\/wp-json\/wp\/v2\/posts\/1831\/revisions"}],"predecessor-version":[{"id":1836,"href":"https:\/\/www.francespiration.com\/index.php\/wp-json\/wp\/v2\/posts\/1831\/revisions\/1836"}],"wp:featuredmedia":[{"embeddable":true,"href":"https:\/\/www.francespiration.com\/index.php\/wp-json\/wp\/v2\/media\/1835"}],"wp:attachment":[{"href":"https:\/\/www.francespiration.com\/index.php\/wp-json\/wp\/v2\/media?parent=1831"}],"wp:term":[{"taxonomy":"category","embeddable":true,"href":"https:\/\/www.francespiration.com\/index.php\/wp-json\/wp\/v2\/categories?post=1831"},{"taxonomy":"post_tag","embeddable":true,"href":"https:\/\/www.francespiration.com\/index.php\/wp-json\/wp\/v2\/tags?post=1831"}],"curies":[{"name":"wp","href":"https:\/\/api.w.org\/{rel}","templated":true}]}}