{"id":1838,"date":"2024-03-20T11:46:37","date_gmt":"2024-03-20T11:46:37","guid":{"rendered":"https:\/\/www.francespiration.com\/?p=1838"},"modified":"2024-03-20T11:46:39","modified_gmt":"2024-03-20T11:46:39","slug":"5-felfedeznivalo-hely-bretagne-ban","status":"publish","type":"post","link":"https:\/\/www.francespiration.com\/index.php\/2024\/03\/20\/5-felfedeznivalo-hely-bretagne-ban\/","title":{"rendered":"5 felfedeznival\u00f3 hely Bretagne-ban"},"content":{"rendered":"\n<p><strong>Bretagne egyed\u00fcl\u00e1ll\u00f3 hely, amelynek sz\u00e1mos arc\u00e1t fedezhetj\u00fck fel. Sz\u00e1mos izgalmas \u00fatic\u00e9l tal\u00e1lhat\u00f3 itt a \u201eTerres Oc\u00e9anes\u201d nyugati cs\u00facs\u00e1t\u00f3l, a Broceliande-erd\u0151 z\u00f6ld csod\u00e1j\u00e1n \u00e1t Cornouaille (Bretagne-i Cornwall) kis kik\u00f6t\u0151j\u00e9ig. Ak\u00e1rhov\u00e1 is megy\u00fcnk, hamar megtapasztaljuk, hogy Bretagne az \u00f6bl\u00f6kt\u0151l, \u00f6bl\u00f6kt\u0151l, fokokt\u00f3l \u00e9s s\u00f3s mocsarakt\u00f3l a f\u0151v\u00e1ros\u00e1ig maga a csoda.<\/strong><\/p>\n\n\n\n<!--more-->\n\n\n\n<p>Ha csak egy maroknyi csod\u00e1latos helyet kellene kiv\u00e1lasztani, amelyek megmutatj\u00e1k a r\u00e9gi\u00f3 lelk\u00e9t, akkor term\u00e9szetesen a k\u00f6vetkez\u0151 helyek lenn\u00e9nek azok:<\/p>\n\n\n\n<h2 class=\"wp-block-heading\">Morbihan-\u00f6b\u00f6l<\/h2>\n\n\n\n<figure class=\"wp-block-image size-large\"><img loading=\"lazy\" decoding=\"async\" width=\"1024\" height=\"640\" src=\"https:\/\/www.francespiration.com\/wp-content\/uploads\/2024\/03\/bretagne-groix-sziget-1024x640.jpg\" alt=\"\" class=\"wp-image-1872\" srcset=\"https:\/\/www.francespiration.com\/wp-content\/uploads\/2024\/03\/bretagne-groix-sziget-1024x640.jpg 1024w, https:\/\/www.francespiration.com\/wp-content\/uploads\/2024\/03\/bretagne-groix-sziget-300x188.jpg 300w, https:\/\/www.francespiration.com\/wp-content\/uploads\/2024\/03\/bretagne-groix-sziget-768x480.jpg 768w, https:\/\/www.francespiration.com\/wp-content\/uploads\/2024\/03\/bretagne-groix-sziget-1536x960.jpg 1536w, https:\/\/www.francespiration.com\/wp-content\/uploads\/2024\/03\/bretagne-groix-sziget.jpg 1600w\" sizes=\"auto, (max-width: 1024px) 100vw, 1024px\" \/><figcaption class=\"wp-element-caption\">Groix szigete. Fot\u00f3: flickr.com<\/figcaption><\/figure>\n\n\n\n<p>Az \u00f6b\u00f6lben \u00e9s a k\u00f6rnyez\u0151 szigeteken ki\u00e9lvezhetj\u00fck a b\u00e9k\u00e9s \u00e9letet, felfedezhetj\u00fck a r\u00e9gi t\u00f6rt\u00e9nelmi titkokat \u00e9s a fav\u00e1zas h\u00e1zakat, \u00e1t\u00e9lhetj\u00fck egy \u00f3ce\u00e1ni verseny izgalmait, piknikezhet\u00fcnk Groix sziget\u00e9n vagy csak \u00fagy egyszer\u0171en tegy\u00fcnk egy s\u00e9t\u00e1t a tengerparton. A d\u00e9l-Bretagne-ban tal\u00e1lhat\u00f3 Morbihan-\u00f6b\u00f6l sz\u00e1mos olyan \u00e9lm\u00e9nyt k\u00edn\u00e1l, amelyeket soha nem felejt\u00fcnk el. Port Louis-ban p\u00e9ld\u00e1ul megl\u00e1togathatjuk a citadell\u00e1t, amely \u00e9vsz\u00e1zadok \u00f3ta vigy\u00e1zza a v\u00e1rost \u00e9s a Lorient-\u00f6b\u00f6l gy\u00f6ngyh\u00e1zviz\u00e9t. Az id\u0151 nem hagyott nyomot az \u00e9rintetlen t\u00e1ncon, ahol a Compagnie des Indes pomp\u00e1ja \u00e9s egy hal\u00e1szkik\u00f6t\u0151 fest\u0151i var\u00e1zsa fon\u00f3dik \u00f6ssze. <\/p>\n\n\n\n<h2 class=\"wp-block-heading\">Mont-Saint Michel \u00e9s Saint Malo k\u00f6rny\u00e9ke<\/h2>\n\n\n\n<figure class=\"wp-block-image size-large\"><img loading=\"lazy\" decoding=\"async\" width=\"768\" height=\"1024\" src=\"https:\/\/www.francespiration.com\/wp-content\/uploads\/2024\/03\/bretagne-mont-dol-768x1024.jpg\" alt=\"\" class=\"wp-image-1874\" srcset=\"https:\/\/www.francespiration.com\/wp-content\/uploads\/2024\/03\/bretagne-mont-dol-768x1024.jpg 768w, https:\/\/www.francespiration.com\/wp-content\/uploads\/2024\/03\/bretagne-mont-dol-225x300.jpg 225w, https:\/\/www.francespiration.com\/wp-content\/uploads\/2024\/03\/bretagne-mont-dol-1152x1536.jpg 1152w, https:\/\/www.francespiration.com\/wp-content\/uploads\/2024\/03\/bretagne-mont-dol-1536x2048.jpg 1536w, https:\/\/www.francespiration.com\/wp-content\/uploads\/2024\/03\/bretagne-mont-dol-scaled.jpg 1920w\" sizes=\"auto, (max-width: 768px) 100vw, 768px\" \/><figcaption class=\"wp-element-caption\">Mont Dol. Fot\u00f3: unsplash.com<\/figcaption><\/figure>\n\n\n\n<p>A Mont Saint Michelt\u0151l \u2013 amelyet gyakran egyszer\u0171en csak \u201eLa Merveille-nek\u201d vagyis \u201ea csod\u00e1nak\u201d h\u00edvnak \u2013 Saint Mal\u00f3ig h\u00faz\u00f3dik a Smaragd-part, amely t\u00f6bbek k\u00f6z\u00f6tt Eur\u00f3pa legmagasabb \u00e1rap\u00e1ly\u00e1val b\u00fcszk\u00e9lkedhet. Ezeknek az \u00e1rap\u00e1lyoknak k\u00f6sz\u00f6nhetj\u00fck, hogy hossz\u00fa s\u00e9t\u00e1kat tehet\u00fcnk olyan partszakaszon, amelynek kiemelked\u0151 \u00f6r\u00f6ks\u00e9g\u00e9t osztrig\u00e1val, kagyl\u00f3val \u00e9s v\u00e1rer\u0151d\u00f6kkel d\u00edsz\u00edtve k\u00edn\u00e1lja a r\u00e9gi\u00f3. Dol-de-Bretagne \u00e9s Mont Dol t\u00f6rt\u00e9nelmi v\u00e1rosai tele vannak k\u00f6z\u00e9pkori b\u00e1jjal, m\u00edg a Bretagne sz\u00e9l\u00e9n tal\u00e1lhat\u00f3 t\u00f6rt\u00e9nelmi p\u00fcsp\u00f6ki v\u00e1ros, Dol a Petite Cit\u00e9 de Caract\u00e8re gazdag \u00e9p\u00edt\u00e9szeti gy\u00f6ngyszemei \u200b\u200bmiatt  m\u0171eml\u00e9ki v\u00e9detts\u00e9get \u00e9lvez. <\/p>\n\n\n\n<h2 class=\"wp-block-heading\">Broceliande-erd\u0151<\/h2>\n\n\n\n<p>A Broc\u00e9liande-ben bel\u00e9phet\u00fcnk a legend\u00e1k orsz\u00e1g\u00e1ba, \u00e9s izgalmas kalandokat \u00e9lhet\u00fcnk \u00e1t, mik\u00f6zben egy fens\u00e9ges erd\u0151ben barangolunk. Ezen a t\u00f6rt\u00e9nelmi helyen minden var\u00e1zslatos, ahogy a leny\u0171g\u00f6z\u0151 kast\u00e9lyair\u00f3l h\u00edres Josseline-ban is. Itt tal\u00e1lhat\u00f3 a Rohanok &#8211; Bretagne egyik legr\u00e9gebbi csal\u00e1dja &#8211; tulajdon\u00e1ban l\u00e9v\u0151 kast\u00e9ly, amely ennek a csodasz\u00e9p v\u00e1rosnak a szimb\u00f3luma. A Tr\u00e9melin-t\u00f3 \u00e9s Chambre aux Loups (vagyis farkaskamra) l\u00e1pvid\u00e9ke megragadja Bretagne term\u00e9szeti k\u00f6rnyezet\u00e9nek esszenci\u00e1j\u00e1t: eme b\u0171v\u00f6letekkel teli helysz\u00ednek \u00e1lmodoz\u00e1sra \u00e9s felfedez\u00e9sre invit\u00e1lnak.<\/p>\n\n\n\n<h2 class=\"wp-block-heading\">Cornouaille<\/h2>\n\n\n\n<figure class=\"wp-block-image size-large\"><img loading=\"lazy\" decoding=\"async\" width=\"1024\" height=\"683\" src=\"https:\/\/www.francespiration.com\/wp-content\/uploads\/2024\/03\/bretagne-pont-aven-1024x683.jpg\" alt=\"\" class=\"wp-image-1847\" srcset=\"https:\/\/www.francespiration.com\/wp-content\/uploads\/2024\/03\/bretagne-pont-aven-1024x683.jpg 1024w, https:\/\/www.francespiration.com\/wp-content\/uploads\/2024\/03\/bretagne-pont-aven-300x200.jpg 300w, https:\/\/www.francespiration.com\/wp-content\/uploads\/2024\/03\/bretagne-pont-aven-768x512.jpg 768w, https:\/\/www.francespiration.com\/wp-content\/uploads\/2024\/03\/bretagne-pont-aven-1536x1024.jpg 1536w, https:\/\/www.francespiration.com\/wp-content\/uploads\/2024\/03\/bretagne-pont-aven-2048x1365.jpg 2048w\" sizes=\"auto, (max-width: 1024px) 100vw, 1024px\" \/><figcaption class=\"wp-element-caption\">Az inspir\u00e1l\u00f3 Pont-Aven. Fot\u00f3: iStock.com<\/figcaption><\/figure>\n\n\n\n<p>A breton Cornwall egy vad, \u00e9rintetlen ter\u00fclet, hatalmas term\u00e9szeti ter\u00fcletekkel, amelyek csak arra v\u00e1rnak, hogy felfedezz\u00fck. A tenger melletti \u00e9s napf\u00e9nyben f\u00fcrd\u0151 nyugat-breton r\u00e9gi\u00f3 olyan, mint egy apr\u00f3 mennyorsz\u00e1g a m\u0171v\u00e9szetek, a sportok \u00e9s mindazok sz\u00e1m\u00e1ra, akik szeretik a gy\u00f6ny\u00f6r\u0171 t\u00e1jat \u00e9s szeretnek j\u00f3kat enni. A csillog\u00f3 \u00e9p\u00edt\u00e9szeti remekekben gazdag Locronant \u201eFranciaorsz\u00e1g legszebb falvai\u201d k\u00f6z\u00e9 v\u00e1logatt\u00e1k, \u00e9s ennek j\u00f3 oka van, amit a gy\u00f6ny\u00f6r\u0171 k\u00f6zponti t\u00e9r \u00e9s k\u00fatja k\u00f6r\u00fcli nagyszer\u0171 rezidenci\u00e1k el\u0151tt s\u00e9t\u00e1lva hamarosan magunk is meg\u00e9rt\u00fcnk. A k\u00f6rny\u00e9k egyik leginspir\u00e1l\u00f3bb telep\u00fcl\u00e9se a buja Aven foly\u00f3 torkolat\u00e1ban megb\u00fav\u00f3 kisv\u00e1ros, Pont-Aven, amely a fest\u0151iskol\u00e1j\u00e1nak k\u00f6sz\u00f6nheti h\u00edrnev\u00e9t, amelynek egyik mestere maga Gauguin volt. A foly\u00f3parton s\u00e9t\u00e1lva, a gyaloghidakon \u00e1t, k\u00f6nnyen \u00e1t\u00e9rezz\u00fck, mi\u00e9rt ny\u0171g\u00f6zte le annyira a m\u0171v\u00e9szeket a t\u00e1j \u00e9s az apr\u00f3 kik\u00f6t\u0151.<\/p>\n\n\n\n<h2 class=\"wp-block-heading\">Rennes<\/h2>\n\n\n\n<figure class=\"wp-block-image size-large\"><img loading=\"lazy\" decoding=\"async\" width=\"1024\" height=\"753\" src=\"https:\/\/www.francespiration.com\/wp-content\/uploads\/2024\/03\/bretagne-rennes-1024x753.jpg\" alt=\"rennes-bretagne\" class=\"wp-image-1848\" srcset=\"https:\/\/www.francespiration.com\/wp-content\/uploads\/2024\/03\/bretagne-rennes-1024x753.jpg 1024w, https:\/\/www.francespiration.com\/wp-content\/uploads\/2024\/03\/bretagne-rennes-300x221.jpg 300w, https:\/\/www.francespiration.com\/wp-content\/uploads\/2024\/03\/bretagne-rennes-768x565.jpg 768w, https:\/\/www.francespiration.com\/wp-content\/uploads\/2024\/03\/bretagne-rennes-1536x1129.jpg 1536w, https:\/\/www.francespiration.com\/wp-content\/uploads\/2024\/03\/bretagne-rennes-2048x1506.jpg 2048w\" sizes=\"auto, (max-width: 1024px) 100vw, 1024px\" \/><figcaption class=\"wp-element-caption\">Fot\u00f3: iStock.com<\/figcaption><\/figure>\n\n\n\n<p>Bretagne f\u0151v\u00e1ros\u00e1t egyszer\u0171en im\u00e1dni kell! Tele van vid\u00e1m hangulattal \u00e9s kreativit\u00e1ssal, mik\u00f6zben egy sor mes\u00e9l\u0151 t\u00f6rt\u00e9nelmi v\u00e1r is tal\u00e1lhat\u00f3 itt, amelyek kor\u00e1bban a r\u00e9gi\u00f3 v\u00e9delmi vonal\u00e1t alkott\u00e1k. TGV-vel P\u00e1rizst\u00f3l mind\u00f6ssze m\u00e1sf\u00e9l \u00f3r\u00e1ra fekszik, ez\u00e9rt Rennes k\u00f6nnyen \u00e9s gyorsan el\u00e9rhet\u0151. \u00c9s ha m\u00e1r itt j\u00e1runk nem \u00e9rdemes kihagyni Vitr\u00e9 mes\u00e9s k\u00f6z\u00e9pkori v\u00e1ros\u00e1t sem, amely mint a k\u00f6rny\u00e9k oly sok m\u00e1sik v\u00e1rosa ez is ezer \u00e9ves t\u00f6rt\u00e9nelemmel b\u00fcszk\u00e9lkedik. <\/p>\n\n\n\n<p>Itt m\u00e9g tov\u00e1bbi <a href=\"https:\/\/www.francespiration.com\/index.php\/2024\/03\/17\/mesebeli-bretagne-a-legendak-es-a-buszkeseg-foldje\/\" target=\"_blank\" rel=\"noreferrer noopener\">\u00e9rdekes olvasnival\u00f3t<\/a> tal\u00e1ltok a t\u00e9m\u00e1ban<\/p>\n\n\n\n<p><\/p>\n","protected":false},"excerpt":{"rendered":"<p>Bretagne egyed\u00fcl\u00e1ll\u00f3 hely, amelynek sz\u00e1mos arc\u00e1t fedezhetj\u00fck fel. Sz\u00e1mos izgalmas \u00fatic\u00e9l tal\u00e1lhat\u00f3 itt a \u201eTerres Oc\u00e9anes\u201d nyugati cs\u00facs\u00e1t\u00f3l, a Broceliande-erd\u0151 z\u00f6ld csod\u00e1j\u00e1n \u00e1t Cornouaille (Bretagne-i Cornwall) kis kik\u00f6t\u0151j\u00e9ig. Ak\u00e1rhov\u00e1 is megy\u00fcnk, hamar megtapasztaljuk, hogy Bretagne az \u00f6bl\u00f6kt\u0151l, \u00f6bl\u00f6kt\u0151l, fokokt\u00f3l \u00e9s s\u00f3s mocsarakt\u00f3l a f\u0151v\u00e1ros\u00e1ig maga a csoda.<\/p>\n","protected":false},"author":1,"featured_media":1873,"comment_status":"open","ping_status":"open","sticky":false,"template":"","format":"standard","meta":{"footnotes":""},"categories":[1],"tags":[],"class_list":["post-1838","post","type-post","status-publish","format-standard","has-post-thumbnail","hentry","category-hirek"],"yoast_head":"<!-- This site is optimized with the Yoast SEO plugin v20.13 - https:\/\/yoast.com\/wordpress\/plugins\/seo\/ -->\n<title>5 felfedeznival\u00f3 hely Bretagne-ban - Francespiration<\/title>\n<meta name=\"description\" content=\"Ak\u00e1rhov\u00e1 is megy\u00fcnk, hamar megtapasztaljuk, hogy Bretagne az \u00f6bl\u00f6kt\u0151l, \u00f6bl\u00f6kt\u0151l, fokokt\u00f3l \u00e9s s\u00f3s mocsarakt\u00f3l a f\u0151v\u00e1ros\u00e1ig maga a csoda.\" \/>\n<meta name=\"robots\" content=\"index, follow, max-snippet:-1, max-image-preview:large, max-video-preview:-1\" \/>\n<link rel=\"canonical\" href=\"https:\/\/www.francespiration.com\/index.php\/2024\/03\/20\/5-felfedeznivalo-hely-bretagne-ban\/\" \/>\n<meta property=\"og:locale\" content=\"hu_HU\" \/>\n<meta property=\"og:type\" content=\"article\" \/>\n<meta property=\"og:title\" content=\"5 felfedeznival\u00f3 hely Bretagne-ban - Francespiration\" \/>\n<meta property=\"og:description\" content=\"Ak\u00e1rhov\u00e1 is megy\u00fcnk, hamar megtapasztaljuk, hogy Bretagne az \u00f6bl\u00f6kt\u0151l, \u00f6bl\u00f6kt\u0151l, fokokt\u00f3l \u00e9s s\u00f3s mocsarakt\u00f3l a f\u0151v\u00e1ros\u00e1ig maga a csoda.\" \/>\n<meta property=\"og:url\" content=\"https:\/\/www.francespiration.com\/index.php\/2024\/03\/20\/5-felfedeznivalo-hely-bretagne-ban\/\" \/>\n<meta property=\"og:site_name\" content=\"Francespiration\" \/>\n<meta property=\"article:published_time\" content=\"2024-03-20T11:46:37+00:00\" \/>\n<meta property=\"article:modified_time\" content=\"2024-03-20T11:46:39+00:00\" \/>\n<meta property=\"og:image\" content=\"https:\/\/www.francespiration.com\/wp-content\/uploads\/2024\/03\/bretagne-mont-saint-michel-scaled.jpg\" \/>\n\t<meta property=\"og:image:width\" content=\"2560\" \/>\n\t<meta property=\"og:image:height\" content=\"1728\" \/>\n\t<meta property=\"og:image:type\" content=\"image\/jpeg\" \/>\n<meta name=\"author\" content=\"Sz\u00f6ll\u0151si T\u00edmea\" \/>\n<meta name=\"twitter:card\" content=\"summary_large_image\" \/>\n<meta name=\"twitter:label1\" content=\"Szerz\u0151:\" \/>\n\t<meta name=\"twitter:data1\" content=\"Sz\u00f6ll\u0151si T\u00edmea\" \/>\n\t<meta name=\"twitter:label2\" content=\"Becs\u00fclt olvas\u00e1si id\u0151\" \/>\n\t<meta name=\"twitter:data2\" content=\"4 perc\" \/>\n<script type=\"application\/ld+json\" class=\"yoast-schema-graph\">{\"@context\":\"https:\/\/schema.org\",\"@graph\":[{\"@type\":\"Article\",\"@id\":\"https:\/\/www.francespiration.com\/index.php\/2024\/03\/20\/5-felfedeznivalo-hely-bretagne-ban\/#article\",\"isPartOf\":{\"@id\":\"https:\/\/www.francespiration.com\/index.php\/2024\/03\/20\/5-felfedeznivalo-hely-bretagne-ban\/\"},\"author\":{\"name\":\"Sz\u00f6ll\u0151si T\u00edmea\",\"@id\":\"https:\/\/www.francespiration.com\/#\/schema\/person\/83f3dc20d791bfb54664f7e0287501fa\"},\"headline\":\"5 felfedeznival\u00f3 hely Bretagne-ban\",\"datePublished\":\"2024-03-20T11:46:37+00:00\",\"dateModified\":\"2024-03-20T11:46:39+00:00\",\"mainEntityOfPage\":{\"@id\":\"https:\/\/www.francespiration.com\/index.php\/2024\/03\/20\/5-felfedeznivalo-hely-bretagne-ban\/\"},\"wordCount\":833,\"commentCount\":0,\"publisher\":{\"@id\":\"https:\/\/www.francespiration.com\/#organization\"},\"articleSection\":[\"H\u00cdREK\"],\"inLanguage\":\"hu\",\"potentialAction\":[{\"@type\":\"CommentAction\",\"name\":\"Comment\",\"target\":[\"https:\/\/www.francespiration.com\/index.php\/2024\/03\/20\/5-felfedeznivalo-hely-bretagne-ban\/#respond\"]}]},{\"@type\":\"WebPage\",\"@id\":\"https:\/\/www.francespiration.com\/index.php\/2024\/03\/20\/5-felfedeznivalo-hely-bretagne-ban\/\",\"url\":\"https:\/\/www.francespiration.com\/index.php\/2024\/03\/20\/5-felfedeznivalo-hely-bretagne-ban\/\",\"name\":\"5 felfedeznival\u00f3 hely Bretagne-ban - Francespiration\",\"isPartOf\":{\"@id\":\"https:\/\/www.francespiration.com\/#website\"},\"datePublished\":\"2024-03-20T11:46:37+00:00\",\"dateModified\":\"2024-03-20T11:46:39+00:00\",\"description\":\"Ak\u00e1rhov\u00e1 is megy\u00fcnk, hamar megtapasztaljuk, hogy Bretagne az \u00f6bl\u00f6kt\u0151l, \u00f6bl\u00f6kt\u0151l, fokokt\u00f3l \u00e9s s\u00f3s mocsarakt\u00f3l a f\u0151v\u00e1ros\u00e1ig maga a csoda.\",\"breadcrumb\":{\"@id\":\"https:\/\/www.francespiration.com\/index.php\/2024\/03\/20\/5-felfedeznivalo-hely-bretagne-ban\/#breadcrumb\"},\"inLanguage\":\"hu\",\"potentialAction\":[{\"@type\":\"ReadAction\",\"target\":[\"https:\/\/www.francespiration.com\/index.php\/2024\/03\/20\/5-felfedeznivalo-hely-bretagne-ban\/\"]}]},{\"@type\":\"BreadcrumbList\",\"@id\":\"https:\/\/www.francespiration.com\/index.php\/2024\/03\/20\/5-felfedeznivalo-hely-bretagne-ban\/#breadcrumb\",\"itemListElement\":[{\"@type\":\"ListItem\",\"position\":1,\"name\":\"Kezd\u0151lap\",\"item\":\"https:\/\/www.francespiration.com\/\"},{\"@type\":\"ListItem\",\"position\":2,\"name\":\"5 felfedeznival\u00f3 hely Bretagne-ban\"}]},{\"@type\":\"WebSite\",\"@id\":\"https:\/\/www.francespiration.com\/#website\",\"url\":\"https:\/\/www.francespiration.com\/\",\"name\":\"Francespiration\",\"description\":\"Just another WordPress site\",\"publisher\":{\"@id\":\"https:\/\/www.francespiration.com\/#organization\"},\"potentialAction\":[{\"@type\":\"SearchAction\",\"target\":{\"@type\":\"EntryPoint\",\"urlTemplate\":\"https:\/\/www.francespiration.com\/?s={search_term_string}\"},\"query-input\":\"required name=search_term_string\"}],\"inLanguage\":\"hu\"},{\"@type\":\"Organization\",\"@id\":\"https:\/\/www.francespiration.com\/#organization\",\"name\":\"Francespiration\",\"url\":\"https:\/\/www.francespiration.com\/\",\"logo\":{\"@type\":\"ImageObject\",\"inLanguage\":\"hu\",\"@id\":\"https:\/\/www.francespiration.com\/#\/schema\/logo\/image\/\",\"url\":\"https:\/\/www.francespiration.com\/wp-content\/uploads\/2022\/09\/4d-also-scaled.jpg\",\"contentUrl\":\"https:\/\/www.francespiration.com\/wp-content\/uploads\/2022\/09\/4d-also-scaled.jpg\",\"width\":2560,\"height\":913,\"caption\":\"Francespiration\"},\"image\":{\"@id\":\"https:\/\/www.francespiration.com\/#\/schema\/logo\/image\/\"}},{\"@type\":\"Person\",\"@id\":\"https:\/\/www.francespiration.com\/#\/schema\/person\/83f3dc20d791bfb54664f7e0287501fa\",\"name\":\"Sz\u00f6ll\u0151si T\u00edmea\",\"image\":{\"@type\":\"ImageObject\",\"inLanguage\":\"hu\",\"@id\":\"https:\/\/www.francespiration.com\/#\/schema\/person\/image\/\",\"url\":\"https:\/\/secure.gravatar.com\/avatar\/1fd2e7bebd99ada3a170be066229da8dce9b7f9ba3748e0b659e39e5f31eb56a?s=96&d=mm&r=g\",\"contentUrl\":\"https:\/\/secure.gravatar.com\/avatar\/1fd2e7bebd99ada3a170be066229da8dce9b7f9ba3748e0b659e39e5f31eb56a?s=96&d=mm&r=g\",\"caption\":\"Sz\u00f6ll\u0151si T\u00edmea\"},\"sameAs\":[\"https:\/\/www.francespiration.com\"],\"url\":\"https:\/\/www.francespiration.com\/index.php\/author\/szollotimi\/\"}]}<\/script>\n<!-- \/ Yoast SEO plugin. -->","yoast_head_json":{"title":"5 felfedeznival\u00f3 hely Bretagne-ban - Francespiration","description":"Ak\u00e1rhov\u00e1 is megy\u00fcnk, hamar megtapasztaljuk, hogy Bretagne az \u00f6bl\u00f6kt\u0151l, \u00f6bl\u00f6kt\u0151l, fokokt\u00f3l \u00e9s s\u00f3s mocsarakt\u00f3l a f\u0151v\u00e1ros\u00e1ig maga a csoda.","robots":{"index":"index","follow":"follow","max-snippet":"max-snippet:-1","max-image-preview":"max-image-preview:large","max-video-preview":"max-video-preview:-1"},"canonical":"https:\/\/www.francespiration.com\/index.php\/2024\/03\/20\/5-felfedeznivalo-hely-bretagne-ban\/","og_locale":"hu_HU","og_type":"article","og_title":"5 felfedeznival\u00f3 hely Bretagne-ban - Francespiration","og_description":"Ak\u00e1rhov\u00e1 is megy\u00fcnk, hamar megtapasztaljuk, hogy Bretagne az \u00f6bl\u00f6kt\u0151l, \u00f6bl\u00f6kt\u0151l, fokokt\u00f3l \u00e9s s\u00f3s mocsarakt\u00f3l a f\u0151v\u00e1ros\u00e1ig maga a csoda.","og_url":"https:\/\/www.francespiration.com\/index.php\/2024\/03\/20\/5-felfedeznivalo-hely-bretagne-ban\/","og_site_name":"Francespiration","article_published_time":"2024-03-20T11:46:37+00:00","article_modified_time":"2024-03-20T11:46:39+00:00","og_image":[{"width":2560,"height":1728,"url":"https:\/\/www.francespiration.com\/wp-content\/uploads\/2024\/03\/bretagne-mont-saint-michel-scaled.jpg","type":"image\/jpeg"}],"author":"Sz\u00f6ll\u0151si T\u00edmea","twitter_card":"summary_large_image","twitter_misc":{"Szerz\u0151:":"Sz\u00f6ll\u0151si T\u00edmea","Becs\u00fclt olvas\u00e1si id\u0151":"4 perc"},"schema":{"@context":"https:\/\/schema.org","@graph":[{"@type":"Article","@id":"https:\/\/www.francespiration.com\/index.php\/2024\/03\/20\/5-felfedeznivalo-hely-bretagne-ban\/#article","isPartOf":{"@id":"https:\/\/www.francespiration.com\/index.php\/2024\/03\/20\/5-felfedeznivalo-hely-bretagne-ban\/"},"author":{"name":"Sz\u00f6ll\u0151si T\u00edmea","@id":"https:\/\/www.francespiration.com\/#\/schema\/person\/83f3dc20d791bfb54664f7e0287501fa"},"headline":"5 felfedeznival\u00f3 hely Bretagne-ban","datePublished":"2024-03-20T11:46:37+00:00","dateModified":"2024-03-20T11:46:39+00:00","mainEntityOfPage":{"@id":"https:\/\/www.francespiration.com\/index.php\/2024\/03\/20\/5-felfedeznivalo-hely-bretagne-ban\/"},"wordCount":833,"commentCount":0,"publisher":{"@id":"https:\/\/www.francespiration.com\/#organization"},"articleSection":["H\u00cdREK"],"inLanguage":"hu","potentialAction":[{"@type":"CommentAction","name":"Comment","target":["https:\/\/www.francespiration.com\/index.php\/2024\/03\/20\/5-felfedeznivalo-hely-bretagne-ban\/#respond"]}]},{"@type":"WebPage","@id":"https:\/\/www.francespiration.com\/index.php\/2024\/03\/20\/5-felfedeznivalo-hely-bretagne-ban\/","url":"https:\/\/www.francespiration.com\/index.php\/2024\/03\/20\/5-felfedeznivalo-hely-bretagne-ban\/","name":"5 felfedeznival\u00f3 hely Bretagne-ban - Francespiration","isPartOf":{"@id":"https:\/\/www.francespiration.com\/#website"},"datePublished":"2024-03-20T11:46:37+00:00","dateModified":"2024-03-20T11:46:39+00:00","description":"Ak\u00e1rhov\u00e1 is megy\u00fcnk, hamar megtapasztaljuk, hogy Bretagne az \u00f6bl\u00f6kt\u0151l, \u00f6bl\u00f6kt\u0151l, fokokt\u00f3l \u00e9s s\u00f3s mocsarakt\u00f3l a f\u0151v\u00e1ros\u00e1ig maga a csoda.","breadcrumb":{"@id":"https:\/\/www.francespiration.com\/index.php\/2024\/03\/20\/5-felfedeznivalo-hely-bretagne-ban\/#breadcrumb"},"inLanguage":"hu","potentialAction":[{"@type":"ReadAction","target":["https:\/\/www.francespiration.com\/index.php\/2024\/03\/20\/5-felfedeznivalo-hely-bretagne-ban\/"]}]},{"@type":"BreadcrumbList","@id":"https:\/\/www.francespiration.com\/index.php\/2024\/03\/20\/5-felfedeznivalo-hely-bretagne-ban\/#breadcrumb","itemListElement":[{"@type":"ListItem","position":1,"name":"Kezd\u0151lap","item":"https:\/\/www.francespiration.com\/"},{"@type":"ListItem","position":2,"name":"5 felfedeznival\u00f3 hely Bretagne-ban"}]},{"@type":"WebSite","@id":"https:\/\/www.francespiration.com\/#website","url":"https:\/\/www.francespiration.com\/","name":"Francespiration","description":"Just another WordPress site","publisher":{"@id":"https:\/\/www.francespiration.com\/#organization"},"potentialAction":[{"@type":"SearchAction","target":{"@type":"EntryPoint","urlTemplate":"https:\/\/www.francespiration.com\/?s={search_term_string}"},"query-input":"required name=search_term_string"}],"inLanguage":"hu"},{"@type":"Organization","@id":"https:\/\/www.francespiration.com\/#organization","name":"Francespiration","url":"https:\/\/www.francespiration.com\/","logo":{"@type":"ImageObject","inLanguage":"hu","@id":"https:\/\/www.francespiration.com\/#\/schema\/logo\/image\/","url":"https:\/\/www.francespiration.com\/wp-content\/uploads\/2022\/09\/4d-also-scaled.jpg","contentUrl":"https:\/\/www.francespiration.com\/wp-content\/uploads\/2022\/09\/4d-also-scaled.jpg","width":2560,"height":913,"caption":"Francespiration"},"image":{"@id":"https:\/\/www.francespiration.com\/#\/schema\/logo\/image\/"}},{"@type":"Person","@id":"https:\/\/www.francespiration.com\/#\/schema\/person\/83f3dc20d791bfb54664f7e0287501fa","name":"Sz\u00f6ll\u0151si T\u00edmea","image":{"@type":"ImageObject","inLanguage":"hu","@id":"https:\/\/www.francespiration.com\/#\/schema\/person\/image\/","url":"https:\/\/secure.gravatar.com\/avatar\/1fd2e7bebd99ada3a170be066229da8dce9b7f9ba3748e0b659e39e5f31eb56a?s=96&d=mm&r=g","contentUrl":"https:\/\/secure.gravatar.com\/avatar\/1fd2e7bebd99ada3a170be066229da8dce9b7f9ba3748e0b659e39e5f31eb56a?s=96&d=mm&r=g","caption":"Sz\u00f6ll\u0151si T\u00edmea"},"sameAs":["https:\/\/www.francespiration.com"],"url":"https:\/\/www.francespiration.com\/index.php\/author\/szollotimi\/"}]}},"_links":{"self":[{"href":"https:\/\/www.francespiration.com\/index.php\/wp-json\/wp\/v2\/posts\/1838","targetHints":{"allow":["GET"]}}],"collection":[{"href":"https:\/\/www.francespiration.com\/index.php\/wp-json\/wp\/v2\/posts"}],"about":[{"href":"https:\/\/www.francespiration.com\/index.php\/wp-json\/wp\/v2\/types\/post"}],"author":[{"embeddable":true,"href":"https:\/\/www.francespiration.com\/index.php\/wp-json\/wp\/v2\/users\/1"}],"replies":[{"embeddable":true,"href":"https:\/\/www.francespiration.com\/index.php\/wp-json\/wp\/v2\/comments?post=1838"}],"version-history":[{"count":4,"href":"https:\/\/www.francespiration.com\/index.php\/wp-json\/wp\/v2\/posts\/1838\/revisions"}],"predecessor-version":[{"id":1875,"href":"https:\/\/www.francespiration.com\/index.php\/wp-json\/wp\/v2\/posts\/1838\/revisions\/1875"}],"wp:featuredmedia":[{"embeddable":true,"href":"https:\/\/www.francespiration.com\/index.php\/wp-json\/wp\/v2\/media\/1873"}],"wp:attachment":[{"href":"https:\/\/www.francespiration.com\/index.php\/wp-json\/wp\/v2\/media?parent=1838"}],"wp:term":[{"taxonomy":"category","embeddable":true,"href":"https:\/\/www.francespiration.com\/index.php\/wp-json\/wp\/v2\/categories?post=1838"},{"taxonomy":"post_tag","embeddable":true,"href":"https:\/\/www.francespiration.com\/index.php\/wp-json\/wp\/v2\/tags?post=1838"}],"curies":[{"name":"wp","href":"https:\/\/api.w.org\/{rel}","templated":true}]}}