{"id":1841,"date":"2024-03-17T08:39:57","date_gmt":"2024-03-17T08:39:57","guid":{"rendered":"https:\/\/www.francespiration.com\/?p=1841"},"modified":"2024-03-17T08:41:12","modified_gmt":"2024-03-17T08:41:12","slug":"mesebeli-bretagne-a-legendak-es-a-buszkeseg-foldje","status":"publish","type":"post","link":"https:\/\/www.francespiration.com\/index.php\/2024\/03\/17\/mesebeli-bretagne-a-legendak-es-a-buszkeseg-foldje\/","title":{"rendered":"Mesebeli Bretagne: a legend\u00e1k \u00e9s a b\u00fcszkes\u00e9g f\u00f6ldje"},"content":{"rendered":"\n<p><strong>Hull\u00e1mz\u00f3 tenger, sir\u00e1lyok, vil\u00e1g\u00edt\u00f3tornyok\u2026 valahonnan l\u00e1gyan cseng\u0151 zene k\u00faszik fel\u00e9nk \u00e9s mindez a vil\u00e1g v\u00e9g\u00e9n, valahol Franciaorsz\u00e1g egyik szeglet\u00e9ben&#8230; Bretagne-ban \u00e1ll\u00edt\u00f3lag mindig esik az es\u0151 \u00e9s f\u00faj a sz\u00e9l, de ha kis\u00fct a nap, a sz\u00edved \u00f6r\u00f6kre ell\u00e1gyul \u00e9s soha nem szabadulhatsz a F\u00f6ld ezen mesebeli r\u00e9gi\u00f3j\u00e1b\u00f3l, ahol az emberek, a zene \u00e9s a term\u00e9szet var\u00e1zslatos \u00f6sszhangban \u00e9lnek egy\u00fctt.<\/strong><\/p>\n\n\n\n<!--more-->\n\n\n\n<p>Franciaorsz\u00e1g nagyon soksz\u00edn\u0171 orsz\u00e1g \u00e9s nem csak a term\u00e9szeti csod\u00e1i miatt. &nbsp;A k\u00fcl\u00f6nb\u00f6z\u0151 ter\u00fcleteken k\u00fcl\u00f6nb\u00f6z\u0151 n\u00e9pcsoportok \u00e9lnek \u00e9s mindegyiknek megvan a saj\u00e1t hagyom\u00e1nya. A breton kult\u00fara m\u00e1ig nagyon er\u0151s, aminek az az oka, hogy hossz\u00fa id\u0151n kereszt\u00fcl elnyom\u00e1s alatt \u00e9ltek. Tilos volt a nyelv\u00fck\u00f6n besz\u00e9lni, tanulni, zen\u00e9t hallgatni. Napjainkban a gyerekek k\u00e9ttannyelv\u0171 iskol\u00e1kba j\u00e1rthatnak \u00e9s nagyj\u00e1b\u00f3l k\u00e9tsz\u00e1zezer ember besz\u00e9l bretonul a r\u00e9gi\u00f3ban.&nbsp;<\/p>\n\n\n\n<p>A kor\u00e1bban P\u00e1rizs mellett \u00e9l\u0151 B\u00e1r\u00e1ny Brigitta franciatan\u00e1r, a <a href=\"https:\/\/francomania.hu\/\" target=\"_blank\" rel=\"noreferrer noopener\">francomania.hu<\/a> alap\u00edt\u00f3ja, aki annak idej\u00e9n b\u00e9biszitterk\u00e9nt dolgozott egy csal\u00e1dn\u00e1l. Eleinte esze \u00e1g\u00e1ban sem volt Bretagne-ba utazni, de v\u00e9g\u00fcl m\u00e9gis a csal\u00e1ddal tartott, \u00e9s ezzel egy \u00e9lethosszig tart\u00f3 szerelem vette kezdet\u00e9t. \u201eA hal\u00e1szfalu els\u0151 tipikus, k\u0151b\u0151l \u00e9p\u00fclt kis boltj\u00e1nak kirakat\u00e1t megl\u00e1tva azonnal mag\u00e1val ragadott a hely var\u00e1zsa.\u201d \u2013 eml\u00e9kezik vissza \u2013 \u201eAzonnal beleszerettem a t\u00e1jba, a faluba, az emberekbe, \u00e9s soha nem felejtem el, amikor a nagymam\u00e1val egyik reggel elment\u00fcnk a piacra, hogy az esti vacsor\u00e1hoz megvegy\u00fck a halat a tengerr\u0151l alig n\u00e9h\u00e1ny \u00f3r\u00e1val vissza\u00e9rkez\u0151 hal\u00e1szokt\u00f3l.\u201d<\/p>\n\n\n\n<figure class=\"wp-block-image size-large\"><img loading=\"lazy\" decoding=\"async\" width=\"768\" height=\"1024\" src=\"https:\/\/www.francespiration.com\/wp-content\/uploads\/2024\/03\/Brgi-bretagne-768x1024.jpg\" alt=\"\" class=\"wp-image-1851\" srcset=\"https:\/\/www.francespiration.com\/wp-content\/uploads\/2024\/03\/Brgi-bretagne-768x1024.jpg 768w, https:\/\/www.francespiration.com\/wp-content\/uploads\/2024\/03\/Brgi-bretagne-225x300.jpg 225w, https:\/\/www.francespiration.com\/wp-content\/uploads\/2024\/03\/Brgi-bretagne-1152x1536.jpg 1152w, https:\/\/www.francespiration.com\/wp-content\/uploads\/2024\/03\/Brgi-bretagne-1536x2048.jpg 1536w, https:\/\/www.francespiration.com\/wp-content\/uploads\/2024\/03\/Brgi-bretagne-scaled.jpg 1920w\" sizes=\"auto, (max-width: 768px) 100vw, 768px\" \/><\/figure>\n\n\n\n<p><strong>A breton konyha az breton konyha<\/strong><\/p>\n\n\n\n<p>Bretagne-ban teljesen m\u00e1s a konyha, mint Franciaorsz\u00e1g t\u00f6bbi r\u00e9gi\u00f3j\u00e1ban. A vaj alapvet\u0151en s\u00f3s, ami nagyon k\u00fcl\u00f6nlegess\u00e9g teszi az \u00e9teleket. Rengeteg halat esznek, de ami a leg\u00e9rdekesebb, az a palacsinta, amelybe mindenf\u00e9le finoms\u00e1got t\u00f6ltenek a szal\u00e1mit\u00f3l kezdve a kolb\u00e1szon \u00e1t a sajtig. \u00a0Bretagne k\u00e9t nagy r\u00e9sz\u00e9ben, fels\u0151 \u00e9s als\u00f3 Bretagne-ban is m\u00e1shogy h\u00edvj\u00e1k \u00e9s m\u00e1shogy k\u00e9sz\u00edtik a palacsint\u00e1t. Als\u00f3-Bretagne-ban a palacsint\u00e1t b\u00fazalisztb\u0151l vagy hajdin\u00e1b\u00f3l k\u00e9sz\u00edtik \u00e9s cr\u00eape n\u00e9vre hallgat, m\u00edg Fels\u0151-Bretagne-ban a palacsinta hajdinalisztb\u0151l k\u00e9sz\u00fcl, s\u00f3s \u00e9s galette-nek h\u00edvj\u00e1k. Minden a t\u00e9szta vastags\u00e1g\u00e1t\u00f3l, a lisztt\u0151l, \u00e9s term\u00e9szetesen a szak\u00e1cs szak\u00e9rtelm\u00e9t\u0151l \u00e9s n\u00e9h\u00e1ny nagyon j\u00f3l \u0151rz\u00f6tt titk\u00e1t\u00f3l f\u00fcgg. Ebb\u0151l a szempontb\u00f3l mondhatni, hogy mindenkinek megvan a legjobb receptje. \u201eBretagne-ban vannak a legjobb palacsint\u00e1z\u00f3k, sz\u00e1mos cr\u00eaperie \u00e9s brasserie (s\u00f6r\u00f6z\u0151) van, ahol alaposan belakm\u00e1rozhatunk a sok-sok a palacsint\u00e1b\u00f3l \u00e9s az olyan k\u00fcl\u00f6nleges helyi s\u00f6r\u00f6ket is v\u00e9gig k\u00f3stolhatjuk, mint a Kerisac, a breton cidre, vagy a Chouchen.\u201d<\/p>\n\n\n\n<figure class=\"wp-block-image size-large\"><img loading=\"lazy\" decoding=\"async\" width=\"1024\" height=\"683\" src=\"https:\/\/www.francespiration.com\/wp-content\/uploads\/2024\/03\/galette-bretagne-1024x683.jpg\" alt=\"galette-bretgne\" class=\"wp-image-1849\" srcset=\"https:\/\/www.francespiration.com\/wp-content\/uploads\/2024\/03\/galette-bretagne-1024x683.jpg 1024w, https:\/\/www.francespiration.com\/wp-content\/uploads\/2024\/03\/galette-bretagne-300x200.jpg 300w, https:\/\/www.francespiration.com\/wp-content\/uploads\/2024\/03\/galette-bretagne-768x512.jpg 768w, https:\/\/www.francespiration.com\/wp-content\/uploads\/2024\/03\/galette-bretagne-1536x1024.jpg 1536w, https:\/\/www.francespiration.com\/wp-content\/uploads\/2024\/03\/galette-bretagne-2048x1365.jpg 2048w\" sizes=\"auto, (max-width: 1024px) 100vw, 1024px\" \/><figcaption class=\"wp-element-caption\">Fot\u00f3: iStock.com<\/figcaption><\/figure>\n\n\n\n<p>A palacsint\u00e1k mellett rengeteg tenger gy\u00fcm\u00f6lcseit fogyasztanak \u00e9s van egy jellegzetes helyi kolb\u00e1sz, az Andouille de Gu\u00e9men\u00e9, ami sert\u00e9sh\u00fasb\u00f3l k\u00e9sz\u00fclt borssal, hagym\u00e1val, borral \u00e9s m\u00e1s f\u0171szerekkel, \u00e9s amely melegen \u00e9s hidegen egyar\u00e1nt felszolg\u00e1lhat\u00f3. A galette-saucisse egy tipikus breton street food, amely hagyom\u00e1nyosan grillezett forr\u00f3 kolb\u00e1sszal k\u00e9sz\u00fcl, amelyet galette de sarrasinnak vagy breton galette-nek nevezett palacsint\u00e1ba csomagolnak. A Fels\u0151-Bretagne n\u00e9ven ismert francia r\u00e9gi\u00f3 a galette-saucisse hagyom\u00e1nyos haz\u00e1ja, k\u00fcl\u00f6n\u00f6sen Ille-et-Vilaine megye \u00e9s a vele hat\u00e1ros megy\u00e9k egyes r\u00e9szei, mint p\u00e9ld\u00e1ul C\u00f4tes-d&#8217;Armor, Morbihan, Loire-Atlantique, Mayenne \u00e9s Manche.<\/p>\n\n\n\n<p><strong>Az elnyomott breton kult\u00fara<\/strong><\/p>\n\n\n\n<figure class=\"wp-block-image size-large\"><img loading=\"lazy\" decoding=\"async\" width=\"1024\" height=\"683\" src=\"https:\/\/www.francespiration.com\/wp-content\/uploads\/2024\/03\/bretagne-pont-aven-1024x683.jpg\" alt=\"\" class=\"wp-image-1847\" srcset=\"https:\/\/www.francespiration.com\/wp-content\/uploads\/2024\/03\/bretagne-pont-aven-1024x683.jpg 1024w, https:\/\/www.francespiration.com\/wp-content\/uploads\/2024\/03\/bretagne-pont-aven-300x200.jpg 300w, https:\/\/www.francespiration.com\/wp-content\/uploads\/2024\/03\/bretagne-pont-aven-768x512.jpg 768w, https:\/\/www.francespiration.com\/wp-content\/uploads\/2024\/03\/bretagne-pont-aven-1536x1024.jpg 1536w, https:\/\/www.francespiration.com\/wp-content\/uploads\/2024\/03\/bretagne-pont-aven-2048x1365.jpg 2048w\" sizes=\"auto, (max-width: 1024px) 100vw, 1024px\" \/><figcaption class=\"wp-element-caption\">Az inspir\u00e1l\u00f3 Pont-Aven. Fot\u00f3: iStock.com<\/figcaption><\/figure>\n\n\n\n<p>\u201eAki Bretagne-ba megy nyaralni m\u00e9g mindig tal\u00e1lkozhat olyanokkal, akik a francia nyelvet akcentussal besz\u00e9lik, hiszen az itteniek anyanyelve r\u00e9gen a breton volt, nem a francia!\u201d \u2013 mondja Brigi, majd elmes\u00e9li, hogy a breton nyelv b\u00e1r kelta eredet\u0171, de a t\u00f6rt\u00e9nelm\u00fck el\u00e9gg\u00e9 elt\u00e9r\u0151 az \u00edrekt\u0151l, vagy a sk\u00f3tok\u00e9t\u00f3l. Bretagne h\u00e1romnyelv\u0171 r\u00e9gi\u00f3: a t\u00f6bbs\u00e9g franci\u00e1ul besz\u00e9l, ma is mintegy 150-200&nbsp;000 ember besz\u00e9li \u00e9s tanulja is a breton nyelvet, \u00e9s van egy kisebbs\u00e9g, akik gallul besz\u00e9lnek. \u201eA r\u00e9gi \u00f6regekn\u00e9l m\u00e9g nagyon hallatszik, hogy a dallamos breton nyelv az anyanyelv\u00fck, \u00e9s csak k\u00e9s\u0151bb, m\u00e1sodik nyelvk\u00e9nt tanult\u00e1k a franci\u00e1t.\u201d &#8211; teszi hozz\u00e1.<\/p>\n\n\n\n<p>A sokat szenvedett \u00e9s elnyomott breton n\u00e9p zen\u00e9vel \u00e9s t\u00e1nccal, \u00e9s a vil\u00e1gh\u00edres fest-noz-ok seg\u00edts\u00e9g\u00e9vel sz\u00fcletett \u00fajj\u00e1. \u201eA fest\u2013noz egyed\u00fcl\u00e1ll\u00f3 esem\u00e9ny, amelyen \u00f6nfeledt zen\u00e9szek tipikus breton \u00e9s mai hangszereken j\u00e1tszanak, r\u00e9gi hal\u00e1sz \u00e9nekeket \u00e9nekelnek, \u00e9s az utc\u00e1n fel\u00e1ll\u00edtott sz\u00ednpadok el\u0151tt t\u00e1ncol\u00f3 hatalmas t\u00f6meg \u00fcnnepli az \u00e9letet. \u201eIlyenkor megtapasztalhatod ennek a n\u00e9pnek az egyedis\u00e9g\u00e9t: befogad\u00f3, vid\u00e1m, b\u00fcszke, a tr\u00e9f\u00e1t igencsak kedvel\u0151 emberek a bretonok.\u201d \u2013 mes\u00e9li mosolyogva B\u00e1r\u00e1ny Brigi \u2013 \u201eMenj el egy fest\u2013noz -ra \u00e9s t\u00e1ncolj egy\u00fctt a vadidegenekkel, akik ugyan\u00fagy nem tudnak t\u00e1ncolni, mint te, de Bretagne-ban ez \u00edgy term\u00e9szetes. Hidd el, rengeteg nevet\u00e9sben lesz r\u00e9szed!\u201d<\/p>\n\n\n\n<p><strong>Breton hercegs\u00e9gek \u00e9s mes\u00e9s kast\u00e9lyok<\/strong><\/p>\n\n\n\n<p>Breton hercegs\u00e9gek nyom\u00e1n mes\u00e9s kast\u00e9lyokat, templomokat, katedr\u00e1lisokat, szobrokat fedezhet\u00fcnk fel. De Bretagne az \u00f3ri\u00e1si menhirek, dolmenek, legend\u00e1k, m\u00edtoszok f\u00f6ldje is.<\/p>\n\n\n\n<p>\u201eA tenger \u00e9s a sz\u00e9l illata visszah\u00faz majd: nemcsak a p\u00e1rizsiak j\u00e1rnak ide nyaralni, rengeteg angol rendelkezik saj\u00e1t nyaral\u00f3val. A tengerpartok hatalmas d\u0171n\u00e9i, a tengerparti h\u00e1zak el\u0151tt vir\u00e1gz\u00f3 \u00f3ri\u00e1si hortenzia bokrok, a kis hal\u00e1szb\u00e1rk\u00e1k, a tengerparti falvak reggeli piaca, a sz\u00e9lben lobog\u00f3 breton z\u00e1szl\u00f3, a Broc\u00e9liande, az elvar\u00e1zsolt erd\u0151 tele legend\u00e1kkal, a nagyv\u00e1rosok k\u00f6z\u00e9pkori hangulata, ahol a kelta gy\u00f6kereket l\u00e9pten- nyomon megtal\u00e1lhatjuk, \u00f6r\u00f6kre fogs\u00e1gba ejtenek.\u201d \u2013 eml\u00e9kezik vissza.<\/p>\n\n\n\n<figure class=\"wp-block-image size-large\"><img loading=\"lazy\" decoding=\"async\" width=\"1024\" height=\"753\" src=\"https:\/\/www.francespiration.com\/wp-content\/uploads\/2024\/03\/bretagne-rennes-1024x753.jpg\" alt=\"rennes-bretagne\" class=\"wp-image-1848\" srcset=\"https:\/\/www.francespiration.com\/wp-content\/uploads\/2024\/03\/bretagne-rennes-1024x753.jpg 1024w, https:\/\/www.francespiration.com\/wp-content\/uploads\/2024\/03\/bretagne-rennes-300x221.jpg 300w, https:\/\/www.francespiration.com\/wp-content\/uploads\/2024\/03\/bretagne-rennes-768x565.jpg 768w, https:\/\/www.francespiration.com\/wp-content\/uploads\/2024\/03\/bretagne-rennes-1536x1129.jpg 1536w, https:\/\/www.francespiration.com\/wp-content\/uploads\/2024\/03\/bretagne-rennes-2048x1506.jpg 2048w\" sizes=\"auto, (max-width: 1024px) 100vw, 1024px\" \/><figcaption class=\"wp-element-caption\">R\u00e9gi h\u00e1zak Rennes-ben. Fot\u00f3: iStock.com<\/figcaption><\/figure>\n\n\n\n<p><strong>Breton v\u00e1rosok, amiket l\u00e1tni kell<\/strong><\/p>\n\n\n\n<p>Bretagne legfontosabb v\u00e1rosa Rennes, ahol kihagyhatatlan a breton m\u00fazeum. De annyi izgalmas kisv\u00e1ros tal\u00e1lhat\u00f3 erre, hogy n\u00e9ha azt sem tudja az ember, merre induljon. \u00c9szakon Brest \u00e9s St. Malo, gy\u00f6ny\u00f6r\u0171 tengerparton h\u00faz\u00f3d\u00f3 v\u00e1rfallal k\u00f6r\u00fclvett v\u00e1rosai, amelyek k\u00f6zpontja \u00e9ppen olyan, ahogy az Asterix \u00e9s Obelix-ben l\u00e1thattuk. Egyszerre vannak jelen a tipikus fagerend\u00e1s h\u00e1zak \u00e9s a modern TGV, amely lehet\u0151v\u00e9 teszi, hogy P\u00e1rizsb\u00f3l alig n\u00e9h\u00e1ny \u00f3ra alatt ide l\u00e1togassunk.<\/p>\n\n\n\n<p>\u201eA kedvenc v\u00e1rosom a d\u00e9lnyugat Bretagne-ban fekv\u0151 Qimper, ahol a bigoudenek laknak. Ez egy kicsi n\u00e9pcsoport, akik a mai napig jellegzetes magas f\u0151k\u00f6t\u0151kben j\u00e1rnak.\u201d \u2013 magyar\u00e1zza Brigi. \u201eAz itteni katedr\u00e1lisn\u00e1l szerintem nincs szebb a vil\u00e1gon. Eml\u00e9kszem, eg\u00e9szen meghat\u00f3dtam, amikor el\u0151sz\u00f6r betettem a l\u00e1bam! <\/p>\n\n\n\n<figure class=\"wp-block-image size-large\"><img loading=\"lazy\" decoding=\"async\" width=\"1024\" height=\"680\" src=\"https:\/\/www.francespiration.com\/wp-content\/uploads\/2024\/03\/bretagne-nepviselet-1024x680.jpg\" alt=\"bretagne-n\u00e9pviselet\" class=\"wp-image-1846\" srcset=\"https:\/\/www.francespiration.com\/wp-content\/uploads\/2024\/03\/bretagne-nepviselet-1024x680.jpg 1024w, https:\/\/www.francespiration.com\/wp-content\/uploads\/2024\/03\/bretagne-nepviselet-300x199.jpg 300w, https:\/\/www.francespiration.com\/wp-content\/uploads\/2024\/03\/bretagne-nepviselet-768x510.jpg 768w, https:\/\/www.francespiration.com\/wp-content\/uploads\/2024\/03\/bretagne-nepviselet-1536x1020.jpg 1536w, https:\/\/www.francespiration.com\/wp-content\/uploads\/2024\/03\/bretagne-nepviselet-2048x1360.jpg 2048w\" sizes=\"auto, (max-width: 1024px) 100vw, 1024px\" \/><figcaption class=\"wp-element-caption\">Fot\u00f3: iStock.com<\/figcaption><\/figure>\n\n\n\n<p>Lorient kik\u00f6t\u0151v\u00e1rosa \u00e9s a k\u00f6z\u00f6ss\u00e9gi m\u00e9di\u00e1kb\u00f3l megismert Mont St. Michel is olyan gy\u00f6ngyszemek, ahov\u00e1 rengeteg turista \u00e9rkezik.\u201d \u2013 folytatja mik\u00f6zben felid\u00e9zi a r\u00e9gi \u00f3don k\u00f6vekb\u0151l \u00e9p\u00fclt gy\u00f6ny\u00f6r\u0171 kast\u00e9lyokat, amelyeknek a d\u00edsz\u00edt\u00e9seiben m\u00e9g mindig felfedezhet\u0151k a kelta hagyom\u00e1nyok.<\/p>\n\n\n\n<p>A tengerparton s\u00e9t\u00e1lva a sz\u00ednes vil\u00e1g\u00edt\u00f3tornyok \u00e9s a vijjog\u00f3 sir\u00e1lyok l\u00e1tv\u00e1nya sok\u00e1ig nem engednek el, \u00e9s b\u00e1r a tenger fel\u0151l f\u00faj\u00f3 sz\u00e9l folyamatosan hajunkba kap, soha nem feledj\u00fck ezt az egyszerre zord \u00e9s b\u00e1jos vid\u00e9ket, ahol ilyen er\u0151sen jelen van ez a soksz\u00edn\u0171, t\u00f6bbsz\u00e1z\u00e9ves, de nagyon is pezsg\u0151 kult\u00fara.<\/p>\n","protected":false},"excerpt":{"rendered":"<p>Hull\u00e1mz\u00f3 tenger, sir\u00e1lyok, vil\u00e1g\u00edt\u00f3tornyok\u2026 valahonnan l\u00e1gyan cseng\u0151 zene k\u00faszik fel\u00e9nk \u00e9s mindez a vil\u00e1g v\u00e9g\u00e9n, valahol Franciaorsz\u00e1g egyik szeglet\u00e9ben&#8230; Bretagne-ban \u00e1ll\u00edt\u00f3lag mindig esik az es\u0151 \u00e9s f\u00faj a sz\u00e9l, de ha kis\u00fct a nap, a sz\u00edved \u00f6r\u00f6kre ell\u00e1gyul \u00e9s soha nem szabadulhatsz a F\u00f6ld ezen mesebeli r\u00e9gi\u00f3j\u00e1b\u00f3l, ahol az emberek, a zene \u00e9s a term\u00e9szet [&hellip;]<\/p>\n","protected":false},"author":1,"featured_media":1850,"comment_status":"open","ping_status":"open","sticky":false,"template":"","format":"standard","meta":{"footnotes":""},"categories":[27,28,29],"tags":[],"class_list":["post-1841","post","type-post","status-publish","format-standard","has-post-thumbnail","hentry","category-elet","category-helyek","category-kultura"],"yoast_head":"<!-- This site is optimized with the Yoast SEO plugin v20.13 - https:\/\/yoast.com\/wordpress\/plugins\/seo\/ -->\n<title>Mesebeli Bretagne: a legend\u00e1k \u00e9s a b\u00fcszkes\u00e9g f\u00f6ldje - Francespiration<\/title>\n<meta name=\"robots\" content=\"index, follow, max-snippet:-1, max-image-preview:large, max-video-preview:-1\" \/>\n<link rel=\"canonical\" href=\"https:\/\/www.francespiration.com\/index.php\/2024\/03\/17\/mesebeli-bretagne-a-legendak-es-a-buszkeseg-foldje\/\" \/>\n<meta property=\"og:locale\" content=\"hu_HU\" \/>\n<meta property=\"og:type\" content=\"article\" \/>\n<meta property=\"og:title\" content=\"Mesebeli Bretagne: a legend\u00e1k \u00e9s a b\u00fcszkes\u00e9g f\u00f6ldje - Francespiration\" \/>\n<meta property=\"og:description\" content=\"Hull\u00e1mz\u00f3 tenger, sir\u00e1lyok, vil\u00e1g\u00edt\u00f3tornyok\u2026 valahonnan l\u00e1gyan cseng\u0151 zene k\u00faszik fel\u00e9nk \u00e9s mindez a vil\u00e1g v\u00e9g\u00e9n, valahol Franciaorsz\u00e1g egyik szeglet\u00e9ben&#8230; Bretagne-ban \u00e1ll\u00edt\u00f3lag mindig esik az es\u0151 \u00e9s f\u00faj a sz\u00e9l, de ha kis\u00fct a nap, a sz\u00edved \u00f6r\u00f6kre ell\u00e1gyul \u00e9s soha nem szabadulhatsz a F\u00f6ld ezen mesebeli r\u00e9gi\u00f3j\u00e1b\u00f3l, ahol az emberek, a zene \u00e9s a term\u00e9szet [&hellip;]\" \/>\n<meta property=\"og:url\" content=\"https:\/\/www.francespiration.com\/index.php\/2024\/03\/17\/mesebeli-bretagne-a-legendak-es-a-buszkeseg-foldje\/\" \/>\n<meta property=\"og:site_name\" content=\"Francespiration\" \/>\n<meta property=\"article:published_time\" content=\"2024-03-17T08:39:57+00:00\" \/>\n<meta property=\"article:modified_time\" content=\"2024-03-17T08:41:12+00:00\" \/>\n<meta property=\"og:image\" content=\"https:\/\/www.francespiration.com\/wp-content\/uploads\/2024\/03\/vitre-scaled.jpg\" \/>\n\t<meta property=\"og:image:width\" content=\"2560\" \/>\n\t<meta property=\"og:image:height\" content=\"1837\" \/>\n\t<meta property=\"og:image:type\" content=\"image\/jpeg\" \/>\n<meta name=\"author\" content=\"Sz\u00f6ll\u0151si T\u00edmea\" \/>\n<meta name=\"twitter:card\" content=\"summary_large_image\" \/>\n<meta name=\"twitter:label1\" content=\"Szerz\u0151:\" \/>\n\t<meta name=\"twitter:data1\" content=\"Sz\u00f6ll\u0151si T\u00edmea\" \/>\n\t<meta name=\"twitter:label2\" content=\"Becs\u00fclt olvas\u00e1si id\u0151\" \/>\n\t<meta name=\"twitter:data2\" content=\"7 perc\" \/>\n<script type=\"application\/ld+json\" class=\"yoast-schema-graph\">{\"@context\":\"https:\/\/schema.org\",\"@graph\":[{\"@type\":\"Article\",\"@id\":\"https:\/\/www.francespiration.com\/index.php\/2024\/03\/17\/mesebeli-bretagne-a-legendak-es-a-buszkeseg-foldje\/#article\",\"isPartOf\":{\"@id\":\"https:\/\/www.francespiration.com\/index.php\/2024\/03\/17\/mesebeli-bretagne-a-legendak-es-a-buszkeseg-foldje\/\"},\"author\":{\"name\":\"Sz\u00f6ll\u0151si T\u00edmea\",\"@id\":\"https:\/\/www.francespiration.com\/#\/schema\/person\/83f3dc20d791bfb54664f7e0287501fa\"},\"headline\":\"Mesebeli Bretagne: a legend\u00e1k \u00e9s a b\u00fcszkes\u00e9g f\u00f6ldje\",\"datePublished\":\"2024-03-17T08:39:57+00:00\",\"dateModified\":\"2024-03-17T08:41:12+00:00\",\"mainEntityOfPage\":{\"@id\":\"https:\/\/www.francespiration.com\/index.php\/2024\/03\/17\/mesebeli-bretagne-a-legendak-es-a-buszkeseg-foldje\/\"},\"wordCount\":1396,\"commentCount\":0,\"publisher\":{\"@id\":\"https:\/\/www.francespiration.com\/#organization\"},\"articleSection\":[\"\u00c9LET\",\"K\u00dcL\u00d6NLEGES HELYEK\",\"KULT\u00daRA\"],\"inLanguage\":\"hu\",\"potentialAction\":[{\"@type\":\"CommentAction\",\"name\":\"Comment\",\"target\":[\"https:\/\/www.francespiration.com\/index.php\/2024\/03\/17\/mesebeli-bretagne-a-legendak-es-a-buszkeseg-foldje\/#respond\"]}]},{\"@type\":\"WebPage\",\"@id\":\"https:\/\/www.francespiration.com\/index.php\/2024\/03\/17\/mesebeli-bretagne-a-legendak-es-a-buszkeseg-foldje\/\",\"url\":\"https:\/\/www.francespiration.com\/index.php\/2024\/03\/17\/mesebeli-bretagne-a-legendak-es-a-buszkeseg-foldje\/\",\"name\":\"Mesebeli Bretagne: a legend\u00e1k \u00e9s a b\u00fcszkes\u00e9g f\u00f6ldje - Francespiration\",\"isPartOf\":{\"@id\":\"https:\/\/www.francespiration.com\/#website\"},\"datePublished\":\"2024-03-17T08:39:57+00:00\",\"dateModified\":\"2024-03-17T08:41:12+00:00\",\"breadcrumb\":{\"@id\":\"https:\/\/www.francespiration.com\/index.php\/2024\/03\/17\/mesebeli-bretagne-a-legendak-es-a-buszkeseg-foldje\/#breadcrumb\"},\"inLanguage\":\"hu\",\"potentialAction\":[{\"@type\":\"ReadAction\",\"target\":[\"https:\/\/www.francespiration.com\/index.php\/2024\/03\/17\/mesebeli-bretagne-a-legendak-es-a-buszkeseg-foldje\/\"]}]},{\"@type\":\"BreadcrumbList\",\"@id\":\"https:\/\/www.francespiration.com\/index.php\/2024\/03\/17\/mesebeli-bretagne-a-legendak-es-a-buszkeseg-foldje\/#breadcrumb\",\"itemListElement\":[{\"@type\":\"ListItem\",\"position\":1,\"name\":\"Kezd\u0151lap\",\"item\":\"https:\/\/www.francespiration.com\/\"},{\"@type\":\"ListItem\",\"position\":2,\"name\":\"Mesebeli Bretagne: a legend\u00e1k \u00e9s a b\u00fcszkes\u00e9g f\u00f6ldje\"}]},{\"@type\":\"WebSite\",\"@id\":\"https:\/\/www.francespiration.com\/#website\",\"url\":\"https:\/\/www.francespiration.com\/\",\"name\":\"Francespiration\",\"description\":\"Just another WordPress site\",\"publisher\":{\"@id\":\"https:\/\/www.francespiration.com\/#organization\"},\"potentialAction\":[{\"@type\":\"SearchAction\",\"target\":{\"@type\":\"EntryPoint\",\"urlTemplate\":\"https:\/\/www.francespiration.com\/?s={search_term_string}\"},\"query-input\":\"required name=search_term_string\"}],\"inLanguage\":\"hu\"},{\"@type\":\"Organization\",\"@id\":\"https:\/\/www.francespiration.com\/#organization\",\"name\":\"Francespiration\",\"url\":\"https:\/\/www.francespiration.com\/\",\"logo\":{\"@type\":\"ImageObject\",\"inLanguage\":\"hu\",\"@id\":\"https:\/\/www.francespiration.com\/#\/schema\/logo\/image\/\",\"url\":\"https:\/\/www.francespiration.com\/wp-content\/uploads\/2022\/09\/4d-also-scaled.jpg\",\"contentUrl\":\"https:\/\/www.francespiration.com\/wp-content\/uploads\/2022\/09\/4d-also-scaled.jpg\",\"width\":2560,\"height\":913,\"caption\":\"Francespiration\"},\"image\":{\"@id\":\"https:\/\/www.francespiration.com\/#\/schema\/logo\/image\/\"}},{\"@type\":\"Person\",\"@id\":\"https:\/\/www.francespiration.com\/#\/schema\/person\/83f3dc20d791bfb54664f7e0287501fa\",\"name\":\"Sz\u00f6ll\u0151si T\u00edmea\",\"image\":{\"@type\":\"ImageObject\",\"inLanguage\":\"hu\",\"@id\":\"https:\/\/www.francespiration.com\/#\/schema\/person\/image\/\",\"url\":\"https:\/\/secure.gravatar.com\/avatar\/1fd2e7bebd99ada3a170be066229da8dce9b7f9ba3748e0b659e39e5f31eb56a?s=96&d=mm&r=g\",\"contentUrl\":\"https:\/\/secure.gravatar.com\/avatar\/1fd2e7bebd99ada3a170be066229da8dce9b7f9ba3748e0b659e39e5f31eb56a?s=96&d=mm&r=g\",\"caption\":\"Sz\u00f6ll\u0151si T\u00edmea\"},\"sameAs\":[\"https:\/\/www.francespiration.com\"],\"url\":\"https:\/\/www.francespiration.com\/index.php\/author\/szollotimi\/\"}]}<\/script>\n<!-- \/ Yoast SEO plugin. -->","yoast_head_json":{"title":"Mesebeli Bretagne: a legend\u00e1k \u00e9s a b\u00fcszkes\u00e9g f\u00f6ldje - Francespiration","robots":{"index":"index","follow":"follow","max-snippet":"max-snippet:-1","max-image-preview":"max-image-preview:large","max-video-preview":"max-video-preview:-1"},"canonical":"https:\/\/www.francespiration.com\/index.php\/2024\/03\/17\/mesebeli-bretagne-a-legendak-es-a-buszkeseg-foldje\/","og_locale":"hu_HU","og_type":"article","og_title":"Mesebeli Bretagne: a legend\u00e1k \u00e9s a b\u00fcszkes\u00e9g f\u00f6ldje - Francespiration","og_description":"Hull\u00e1mz\u00f3 tenger, sir\u00e1lyok, vil\u00e1g\u00edt\u00f3tornyok\u2026 valahonnan l\u00e1gyan cseng\u0151 zene k\u00faszik fel\u00e9nk \u00e9s mindez a vil\u00e1g v\u00e9g\u00e9n, valahol Franciaorsz\u00e1g egyik szeglet\u00e9ben&#8230; Bretagne-ban \u00e1ll\u00edt\u00f3lag mindig esik az es\u0151 \u00e9s f\u00faj a sz\u00e9l, de ha kis\u00fct a nap, a sz\u00edved \u00f6r\u00f6kre ell\u00e1gyul \u00e9s soha nem szabadulhatsz a F\u00f6ld ezen mesebeli r\u00e9gi\u00f3j\u00e1b\u00f3l, ahol az emberek, a zene \u00e9s a term\u00e9szet [&hellip;]","og_url":"https:\/\/www.francespiration.com\/index.php\/2024\/03\/17\/mesebeli-bretagne-a-legendak-es-a-buszkeseg-foldje\/","og_site_name":"Francespiration","article_published_time":"2024-03-17T08:39:57+00:00","article_modified_time":"2024-03-17T08:41:12+00:00","og_image":[{"width":2560,"height":1837,"url":"https:\/\/www.francespiration.com\/wp-content\/uploads\/2024\/03\/vitre-scaled.jpg","type":"image\/jpeg"}],"author":"Sz\u00f6ll\u0151si T\u00edmea","twitter_card":"summary_large_image","twitter_misc":{"Szerz\u0151:":"Sz\u00f6ll\u0151si T\u00edmea","Becs\u00fclt olvas\u00e1si id\u0151":"7 perc"},"schema":{"@context":"https:\/\/schema.org","@graph":[{"@type":"Article","@id":"https:\/\/www.francespiration.com\/index.php\/2024\/03\/17\/mesebeli-bretagne-a-legendak-es-a-buszkeseg-foldje\/#article","isPartOf":{"@id":"https:\/\/www.francespiration.com\/index.php\/2024\/03\/17\/mesebeli-bretagne-a-legendak-es-a-buszkeseg-foldje\/"},"author":{"name":"Sz\u00f6ll\u0151si T\u00edmea","@id":"https:\/\/www.francespiration.com\/#\/schema\/person\/83f3dc20d791bfb54664f7e0287501fa"},"headline":"Mesebeli Bretagne: a legend\u00e1k \u00e9s a b\u00fcszkes\u00e9g f\u00f6ldje","datePublished":"2024-03-17T08:39:57+00:00","dateModified":"2024-03-17T08:41:12+00:00","mainEntityOfPage":{"@id":"https:\/\/www.francespiration.com\/index.php\/2024\/03\/17\/mesebeli-bretagne-a-legendak-es-a-buszkeseg-foldje\/"},"wordCount":1396,"commentCount":0,"publisher":{"@id":"https:\/\/www.francespiration.com\/#organization"},"articleSection":["\u00c9LET","K\u00dcL\u00d6NLEGES HELYEK","KULT\u00daRA"],"inLanguage":"hu","potentialAction":[{"@type":"CommentAction","name":"Comment","target":["https:\/\/www.francespiration.com\/index.php\/2024\/03\/17\/mesebeli-bretagne-a-legendak-es-a-buszkeseg-foldje\/#respond"]}]},{"@type":"WebPage","@id":"https:\/\/www.francespiration.com\/index.php\/2024\/03\/17\/mesebeli-bretagne-a-legendak-es-a-buszkeseg-foldje\/","url":"https:\/\/www.francespiration.com\/index.php\/2024\/03\/17\/mesebeli-bretagne-a-legendak-es-a-buszkeseg-foldje\/","name":"Mesebeli Bretagne: a legend\u00e1k \u00e9s a b\u00fcszkes\u00e9g f\u00f6ldje - Francespiration","isPartOf":{"@id":"https:\/\/www.francespiration.com\/#website"},"datePublished":"2024-03-17T08:39:57+00:00","dateModified":"2024-03-17T08:41:12+00:00","breadcrumb":{"@id":"https:\/\/www.francespiration.com\/index.php\/2024\/03\/17\/mesebeli-bretagne-a-legendak-es-a-buszkeseg-foldje\/#breadcrumb"},"inLanguage":"hu","potentialAction":[{"@type":"ReadAction","target":["https:\/\/www.francespiration.com\/index.php\/2024\/03\/17\/mesebeli-bretagne-a-legendak-es-a-buszkeseg-foldje\/"]}]},{"@type":"BreadcrumbList","@id":"https:\/\/www.francespiration.com\/index.php\/2024\/03\/17\/mesebeli-bretagne-a-legendak-es-a-buszkeseg-foldje\/#breadcrumb","itemListElement":[{"@type":"ListItem","position":1,"name":"Kezd\u0151lap","item":"https:\/\/www.francespiration.com\/"},{"@type":"ListItem","position":2,"name":"Mesebeli Bretagne: a legend\u00e1k \u00e9s a b\u00fcszkes\u00e9g f\u00f6ldje"}]},{"@type":"WebSite","@id":"https:\/\/www.francespiration.com\/#website","url":"https:\/\/www.francespiration.com\/","name":"Francespiration","description":"Just another WordPress site","publisher":{"@id":"https:\/\/www.francespiration.com\/#organization"},"potentialAction":[{"@type":"SearchAction","target":{"@type":"EntryPoint","urlTemplate":"https:\/\/www.francespiration.com\/?s={search_term_string}"},"query-input":"required name=search_term_string"}],"inLanguage":"hu"},{"@type":"Organization","@id":"https:\/\/www.francespiration.com\/#organization","name":"Francespiration","url":"https:\/\/www.francespiration.com\/","logo":{"@type":"ImageObject","inLanguage":"hu","@id":"https:\/\/www.francespiration.com\/#\/schema\/logo\/image\/","url":"https:\/\/www.francespiration.com\/wp-content\/uploads\/2022\/09\/4d-also-scaled.jpg","contentUrl":"https:\/\/www.francespiration.com\/wp-content\/uploads\/2022\/09\/4d-also-scaled.jpg","width":2560,"height":913,"caption":"Francespiration"},"image":{"@id":"https:\/\/www.francespiration.com\/#\/schema\/logo\/image\/"}},{"@type":"Person","@id":"https:\/\/www.francespiration.com\/#\/schema\/person\/83f3dc20d791bfb54664f7e0287501fa","name":"Sz\u00f6ll\u0151si T\u00edmea","image":{"@type":"ImageObject","inLanguage":"hu","@id":"https:\/\/www.francespiration.com\/#\/schema\/person\/image\/","url":"https:\/\/secure.gravatar.com\/avatar\/1fd2e7bebd99ada3a170be066229da8dce9b7f9ba3748e0b659e39e5f31eb56a?s=96&d=mm&r=g","contentUrl":"https:\/\/secure.gravatar.com\/avatar\/1fd2e7bebd99ada3a170be066229da8dce9b7f9ba3748e0b659e39e5f31eb56a?s=96&d=mm&r=g","caption":"Sz\u00f6ll\u0151si T\u00edmea"},"sameAs":["https:\/\/www.francespiration.com"],"url":"https:\/\/www.francespiration.com\/index.php\/author\/szollotimi\/"}]}},"_links":{"self":[{"href":"https:\/\/www.francespiration.com\/index.php\/wp-json\/wp\/v2\/posts\/1841","targetHints":{"allow":["GET"]}}],"collection":[{"href":"https:\/\/www.francespiration.com\/index.php\/wp-json\/wp\/v2\/posts"}],"about":[{"href":"https:\/\/www.francespiration.com\/index.php\/wp-json\/wp\/v2\/types\/post"}],"author":[{"embeddable":true,"href":"https:\/\/www.francespiration.com\/index.php\/wp-json\/wp\/v2\/users\/1"}],"replies":[{"embeddable":true,"href":"https:\/\/www.francespiration.com\/index.php\/wp-json\/wp\/v2\/comments?post=1841"}],"version-history":[{"count":4,"href":"https:\/\/www.francespiration.com\/index.php\/wp-json\/wp\/v2\/posts\/1841\/revisions"}],"predecessor-version":[{"id":1854,"href":"https:\/\/www.francespiration.com\/index.php\/wp-json\/wp\/v2\/posts\/1841\/revisions\/1854"}],"wp:featuredmedia":[{"embeddable":true,"href":"https:\/\/www.francespiration.com\/index.php\/wp-json\/wp\/v2\/media\/1850"}],"wp:attachment":[{"href":"https:\/\/www.francespiration.com\/index.php\/wp-json\/wp\/v2\/media?parent=1841"}],"wp:term":[{"taxonomy":"category","embeddable":true,"href":"https:\/\/www.francespiration.com\/index.php\/wp-json\/wp\/v2\/categories?post=1841"},{"taxonomy":"post_tag","embeddable":true,"href":"https:\/\/www.francespiration.com\/index.php\/wp-json\/wp\/v2\/tags?post=1841"}],"curies":[{"name":"wp","href":"https:\/\/api.w.org\/{rel}","templated":true}]}}