{"id":1855,"date":"2024-03-18T15:50:52","date_gmt":"2024-03-18T15:50:52","guid":{"rendered":"https:\/\/www.francespiration.com\/?p=1855"},"modified":"2024-03-18T15:50:53","modified_gmt":"2024-03-18T15:50:53","slug":"juliette-binoche-az-europai-filmakademia-uj-elnoke","status":"publish","type":"post","link":"https:\/\/www.francespiration.com\/index.php\/2024\/03\/18\/juliette-binoche-az-europai-filmakademia-uj-elnoke\/","title":{"rendered":"Juliette Binoche az Eur\u00f3pai Filmakad\u00e9mia \u00faj eln\u00f6ke"},"content":{"rendered":"\n<p><strong>Az Oscar-d\u00edjas francia sz\u00edn\u00e9szn\u0151<\/strong> <strong>Agnieszka Holland lengyel filmrendez\u0151t\u0151l<\/strong> <strong>veszi \u00e1t az Eur\u00f3pai Filmakad\u00e9mia eln\u00f6ks\u00e9g\u00e9t.  <\/strong><\/p>\n\n\n\n<!--more-->\n\n\n\n<p><strong>Ingmar Bergmant, a szervezet els\u0151 eln\u00f6k\u00e9t az Akad\u00e9mia negyven alap\u00edt\u00f3 tagja v\u00e1lasztotta meg 1989-ben<\/strong>. \u0150t k\u00f6vette Wim Wenders, aki 1996-2020 k\u00f6z\u00f6tt t\u00f6lt\u00f6tte be e megtisztel\u0151 posztot. Az els\u0151 n\u0151i eln\u00f6k a 2021-ben megv\u00e1lasztott Agnieszka Holland volt, aki most \u00fagy d\u00f6nt\u00f6tt: lemond posztj\u00e1r\u00f3l.  <\/p>\n\n\n\n<p>Juliette Binoche \u00e9vek \u00f3ta akt\u00edv tagja az Eur\u00f3pai Filmakad\u00e9mi\u00e1nak, \u00e9s hivatalosan 2024. m\u00e1jus 1-j\u00e9n kezdi meg \u00faj szerep\u00e9t, miut\u00e1n az Akad\u00e9mia tagjainak t\u00f6bbs\u00e9ge hivatalosan is j\u00f3v\u00e1hagyta eln\u00f6ki jel\u00f6l\u00e9s\u00e9t. <\/p>\n\n\n\n<p>Juliette Binoche &#8211; aki a Csokol\u00e1d\u00e9 c\u00edm\u0171 filmben ny\u00fajtott alak\u00edt\u00e1s\u00e1\u00e9rt Oscar-jel\u00f6l\u00e9st, \u00e9s az Angol beteg c\u00edm\u0171 film\u00e9rt elnyerte a legjobb n\u0151i mell\u00e9kszerepl\u0151nek j\u00e1r\u00f3 Oscar d\u00edjat &#8211; az egyetlen n\u0151, aki elnyerte a legjobb n\u0151i f\u0151szerepl\u0151 d\u00edjat mindh\u00e1rom f\u0151 eur\u00f3pai filmfesztiv\u00e1lon: az Arany P\u00e1lm\u00e1t Cannes-ban a \u201eHiteles m\u00e1solat\u201d-\u00e9rt (2010), a Volpi-kup\u00e1t \u00e9s a velencei Pasinetti-d\u00edjat a \u201eH\u00e1rom sz\u00edn: K\u00e9k\u201d c\u00edm\u0171 filmben ny\u00fajtott alak\u00edt\u00e1s\u00e1\u00e9rt (1993), valamint a berlini Ez\u00fcst Medv\u00e9t az \u201eAngol beteg\u201d-ben ny\u00fajtott j\u00e1t\u00e9k\u00e1\u00e9rt (1996).<\/p>\n\n\n\n<p>Legut\u00f3bb  A szenved\u00e9ly \u00edze (The Taste of Things) c\u00edm\u0171 <a href=\"https:\/\/www.francespiration.com\/index.php\/2024\/02\/19\/parizsi-es-a-mozifilmek\/\" target=\"_blank\" rel=\"noreferrer noopener\">filmben<\/a> l\u00e1thattuk amely Cannes-i Filmfesztiv\u00e1lon is versenyzett, illetve \u00e9s az AppleTV limit\u00e1lt \u201eThe New Look\u201d c\u00edm\u0171 sorozat\u00e1ban, amelyben Coco Chanelt alak\u00edtja Ben Mendelsohn oldal\u00e1n.<\/p>\n","protected":false},"excerpt":{"rendered":"<p>Az Oscar-d\u00edjas francia sz\u00edn\u00e9szn\u0151 Agnieszka Holland lengyel filmrendez\u0151t\u0151l veszi \u00e1t az Eur\u00f3pai Filmakad\u00e9mia eln\u00f6ks\u00e9g\u00e9t.<\/p>\n","protected":false},"author":1,"featured_media":1859,"comment_status":"open","ping_status":"open","sticky":false,"template":"","format":"standard","meta":{"footnotes":""},"categories":[1,29],"tags":[131,122,130],"class_list":["post-1855","post","type-post","status-publish","format-standard","has-post-thumbnail","hentry","category-hirek","category-kultura","tag-europai-filmakademia","tag-film","tag-juliette-binoche"],"yoast_head":"<!-- This site is optimized with the Yoast SEO plugin v20.13 - https:\/\/yoast.com\/wordpress\/plugins\/seo\/ -->\n<title>Juliette Binoche az Eur\u00f3pai Filmakad\u00e9mia \u00faj eln\u00f6ke - Francespiration<\/title>\n<meta name=\"description\" content=\"Juliette Binoche Oscar-d\u00edjas francia sz\u00edn\u00e9szn\u0151 Agnieszka Holland lengyel filmrendez\u0151t\u0151l veszi \u00e1t az Eur\u00f3pai Filmakad\u00e9mia eln\u00f6ks\u00e9g\u00e9t.\" \/>\n<meta name=\"robots\" content=\"index, follow, max-snippet:-1, max-image-preview:large, max-video-preview:-1\" \/>\n<link rel=\"canonical\" href=\"https:\/\/www.francespiration.com\/index.php\/2024\/03\/18\/juliette-binoche-az-europai-filmakademia-uj-elnoke\/\" \/>\n<meta property=\"og:locale\" content=\"hu_HU\" \/>\n<meta property=\"og:type\" content=\"article\" \/>\n<meta property=\"og:title\" content=\"Juliette Binoche az Eur\u00f3pai Filmakad\u00e9mia \u00faj eln\u00f6ke - Francespiration\" \/>\n<meta property=\"og:description\" content=\"Juliette Binoche Oscar-d\u00edjas francia sz\u00edn\u00e9szn\u0151 Agnieszka Holland lengyel filmrendez\u0151t\u0151l veszi \u00e1t az Eur\u00f3pai Filmakad\u00e9mia eln\u00f6ks\u00e9g\u00e9t.\" \/>\n<meta property=\"og:url\" content=\"https:\/\/www.francespiration.com\/index.php\/2024\/03\/18\/juliette-binoche-az-europai-filmakademia-uj-elnoke\/\" \/>\n<meta property=\"og:site_name\" content=\"Francespiration\" \/>\n<meta property=\"article:published_time\" content=\"2024-03-18T15:50:52+00:00\" \/>\n<meta property=\"article:modified_time\" content=\"2024-03-18T15:50:53+00:00\" \/>\n<meta property=\"og:image\" content=\"https:\/\/www.francespiration.com\/wp-content\/uploads\/2024\/03\/juliette-binoche.jpg\" \/>\n\t<meta property=\"og:image:width\" content=\"2000\" \/>\n\t<meta property=\"og:image:height\" content=\"1638\" \/>\n\t<meta property=\"og:image:type\" content=\"image\/jpeg\" \/>\n<meta name=\"author\" content=\"Sz\u00f6ll\u0151si T\u00edmea\" \/>\n<meta name=\"twitter:card\" content=\"summary_large_image\" \/>\n<meta name=\"twitter:label1\" content=\"Szerz\u0151:\" \/>\n\t<meta name=\"twitter:data1\" content=\"Sz\u00f6ll\u0151si T\u00edmea\" \/>\n\t<meta name=\"twitter:label2\" content=\"Becs\u00fclt olvas\u00e1si id\u0151\" \/>\n\t<meta name=\"twitter:data2\" content=\"2 perc\" \/>\n<script type=\"application\/ld+json\" class=\"yoast-schema-graph\">{\"@context\":\"https:\/\/schema.org\",\"@graph\":[{\"@type\":\"Article\",\"@id\":\"https:\/\/www.francespiration.com\/index.php\/2024\/03\/18\/juliette-binoche-az-europai-filmakademia-uj-elnoke\/#article\",\"isPartOf\":{\"@id\":\"https:\/\/www.francespiration.com\/index.php\/2024\/03\/18\/juliette-binoche-az-europai-filmakademia-uj-elnoke\/\"},\"author\":{\"name\":\"Sz\u00f6ll\u0151si T\u00edmea\",\"@id\":\"https:\/\/www.francespiration.com\/#\/schema\/person\/83f3dc20d791bfb54664f7e0287501fa\"},\"headline\":\"Juliette Binoche az Eur\u00f3pai Filmakad\u00e9mia \u00faj eln\u00f6ke\",\"datePublished\":\"2024-03-18T15:50:52+00:00\",\"dateModified\":\"2024-03-18T15:50:53+00:00\",\"mainEntityOfPage\":{\"@id\":\"https:\/\/www.francespiration.com\/index.php\/2024\/03\/18\/juliette-binoche-az-europai-filmakademia-uj-elnoke\/\"},\"wordCount\":294,\"commentCount\":0,\"publisher\":{\"@id\":\"https:\/\/www.francespiration.com\/#organization\"},\"keywords\":[\"Eur\u00f3pai Filmakad\u00e9mia\",\"film\",\"Juliette Binoche\"],\"articleSection\":[\"H\u00cdREK\",\"KULT\u00daRA\"],\"inLanguage\":\"hu\",\"potentialAction\":[{\"@type\":\"CommentAction\",\"name\":\"Comment\",\"target\":[\"https:\/\/www.francespiration.com\/index.php\/2024\/03\/18\/juliette-binoche-az-europai-filmakademia-uj-elnoke\/#respond\"]}]},{\"@type\":\"WebPage\",\"@id\":\"https:\/\/www.francespiration.com\/index.php\/2024\/03\/18\/juliette-binoche-az-europai-filmakademia-uj-elnoke\/\",\"url\":\"https:\/\/www.francespiration.com\/index.php\/2024\/03\/18\/juliette-binoche-az-europai-filmakademia-uj-elnoke\/\",\"name\":\"Juliette Binoche az Eur\u00f3pai Filmakad\u00e9mia \u00faj eln\u00f6ke - Francespiration\",\"isPartOf\":{\"@id\":\"https:\/\/www.francespiration.com\/#website\"},\"datePublished\":\"2024-03-18T15:50:52+00:00\",\"dateModified\":\"2024-03-18T15:50:53+00:00\",\"description\":\"Juliette Binoche Oscar-d\u00edjas francia sz\u00edn\u00e9szn\u0151 Agnieszka Holland lengyel filmrendez\u0151t\u0151l veszi \u00e1t az Eur\u00f3pai Filmakad\u00e9mia eln\u00f6ks\u00e9g\u00e9t.\",\"breadcrumb\":{\"@id\":\"https:\/\/www.francespiration.com\/index.php\/2024\/03\/18\/juliette-binoche-az-europai-filmakademia-uj-elnoke\/#breadcrumb\"},\"inLanguage\":\"hu\",\"potentialAction\":[{\"@type\":\"ReadAction\",\"target\":[\"https:\/\/www.francespiration.com\/index.php\/2024\/03\/18\/juliette-binoche-az-europai-filmakademia-uj-elnoke\/\"]}]},{\"@type\":\"BreadcrumbList\",\"@id\":\"https:\/\/www.francespiration.com\/index.php\/2024\/03\/18\/juliette-binoche-az-europai-filmakademia-uj-elnoke\/#breadcrumb\",\"itemListElement\":[{\"@type\":\"ListItem\",\"position\":1,\"name\":\"Kezd\u0151lap\",\"item\":\"https:\/\/www.francespiration.com\/\"},{\"@type\":\"ListItem\",\"position\":2,\"name\":\"Juliette Binoche az Eur\u00f3pai Filmakad\u00e9mia \u00faj eln\u00f6ke\"}]},{\"@type\":\"WebSite\",\"@id\":\"https:\/\/www.francespiration.com\/#website\",\"url\":\"https:\/\/www.francespiration.com\/\",\"name\":\"Francespiration\",\"description\":\"Just another WordPress site\",\"publisher\":{\"@id\":\"https:\/\/www.francespiration.com\/#organization\"},\"potentialAction\":[{\"@type\":\"SearchAction\",\"target\":{\"@type\":\"EntryPoint\",\"urlTemplate\":\"https:\/\/www.francespiration.com\/?s={search_term_string}\"},\"query-input\":\"required name=search_term_string\"}],\"inLanguage\":\"hu\"},{\"@type\":\"Organization\",\"@id\":\"https:\/\/www.francespiration.com\/#organization\",\"name\":\"Francespiration\",\"url\":\"https:\/\/www.francespiration.com\/\",\"logo\":{\"@type\":\"ImageObject\",\"inLanguage\":\"hu\",\"@id\":\"https:\/\/www.francespiration.com\/#\/schema\/logo\/image\/\",\"url\":\"https:\/\/www.francespiration.com\/wp-content\/uploads\/2022\/09\/4d-also-scaled.jpg\",\"contentUrl\":\"https:\/\/www.francespiration.com\/wp-content\/uploads\/2022\/09\/4d-also-scaled.jpg\",\"width\":2560,\"height\":913,\"caption\":\"Francespiration\"},\"image\":{\"@id\":\"https:\/\/www.francespiration.com\/#\/schema\/logo\/image\/\"}},{\"@type\":\"Person\",\"@id\":\"https:\/\/www.francespiration.com\/#\/schema\/person\/83f3dc20d791bfb54664f7e0287501fa\",\"name\":\"Sz\u00f6ll\u0151si T\u00edmea\",\"image\":{\"@type\":\"ImageObject\",\"inLanguage\":\"hu\",\"@id\":\"https:\/\/www.francespiration.com\/#\/schema\/person\/image\/\",\"url\":\"https:\/\/secure.gravatar.com\/avatar\/1fd2e7bebd99ada3a170be066229da8dce9b7f9ba3748e0b659e39e5f31eb56a?s=96&d=mm&r=g\",\"contentUrl\":\"https:\/\/secure.gravatar.com\/avatar\/1fd2e7bebd99ada3a170be066229da8dce9b7f9ba3748e0b659e39e5f31eb56a?s=96&d=mm&r=g\",\"caption\":\"Sz\u00f6ll\u0151si T\u00edmea\"},\"sameAs\":[\"https:\/\/www.francespiration.com\"],\"url\":\"https:\/\/www.francespiration.com\/index.php\/author\/szollotimi\/\"}]}<\/script>\n<!-- \/ Yoast SEO plugin. -->","yoast_head_json":{"title":"Juliette Binoche az Eur\u00f3pai Filmakad\u00e9mia \u00faj eln\u00f6ke - Francespiration","description":"Juliette Binoche Oscar-d\u00edjas francia sz\u00edn\u00e9szn\u0151 Agnieszka Holland lengyel filmrendez\u0151t\u0151l veszi \u00e1t az Eur\u00f3pai Filmakad\u00e9mia eln\u00f6ks\u00e9g\u00e9t.","robots":{"index":"index","follow":"follow","max-snippet":"max-snippet:-1","max-image-preview":"max-image-preview:large","max-video-preview":"max-video-preview:-1"},"canonical":"https:\/\/www.francespiration.com\/index.php\/2024\/03\/18\/juliette-binoche-az-europai-filmakademia-uj-elnoke\/","og_locale":"hu_HU","og_type":"article","og_title":"Juliette Binoche az Eur\u00f3pai Filmakad\u00e9mia \u00faj eln\u00f6ke - Francespiration","og_description":"Juliette Binoche Oscar-d\u00edjas francia sz\u00edn\u00e9szn\u0151 Agnieszka Holland lengyel filmrendez\u0151t\u0151l veszi \u00e1t az Eur\u00f3pai Filmakad\u00e9mia eln\u00f6ks\u00e9g\u00e9t.","og_url":"https:\/\/www.francespiration.com\/index.php\/2024\/03\/18\/juliette-binoche-az-europai-filmakademia-uj-elnoke\/","og_site_name":"Francespiration","article_published_time":"2024-03-18T15:50:52+00:00","article_modified_time":"2024-03-18T15:50:53+00:00","og_image":[{"width":2000,"height":1638,"url":"https:\/\/www.francespiration.com\/wp-content\/uploads\/2024\/03\/juliette-binoche.jpg","type":"image\/jpeg"}],"author":"Sz\u00f6ll\u0151si T\u00edmea","twitter_card":"summary_large_image","twitter_misc":{"Szerz\u0151:":"Sz\u00f6ll\u0151si T\u00edmea","Becs\u00fclt olvas\u00e1si id\u0151":"2 perc"},"schema":{"@context":"https:\/\/schema.org","@graph":[{"@type":"Article","@id":"https:\/\/www.francespiration.com\/index.php\/2024\/03\/18\/juliette-binoche-az-europai-filmakademia-uj-elnoke\/#article","isPartOf":{"@id":"https:\/\/www.francespiration.com\/index.php\/2024\/03\/18\/juliette-binoche-az-europai-filmakademia-uj-elnoke\/"},"author":{"name":"Sz\u00f6ll\u0151si T\u00edmea","@id":"https:\/\/www.francespiration.com\/#\/schema\/person\/83f3dc20d791bfb54664f7e0287501fa"},"headline":"Juliette Binoche az Eur\u00f3pai Filmakad\u00e9mia \u00faj eln\u00f6ke","datePublished":"2024-03-18T15:50:52+00:00","dateModified":"2024-03-18T15:50:53+00:00","mainEntityOfPage":{"@id":"https:\/\/www.francespiration.com\/index.php\/2024\/03\/18\/juliette-binoche-az-europai-filmakademia-uj-elnoke\/"},"wordCount":294,"commentCount":0,"publisher":{"@id":"https:\/\/www.francespiration.com\/#organization"},"keywords":["Eur\u00f3pai Filmakad\u00e9mia","film","Juliette Binoche"],"articleSection":["H\u00cdREK","KULT\u00daRA"],"inLanguage":"hu","potentialAction":[{"@type":"CommentAction","name":"Comment","target":["https:\/\/www.francespiration.com\/index.php\/2024\/03\/18\/juliette-binoche-az-europai-filmakademia-uj-elnoke\/#respond"]}]},{"@type":"WebPage","@id":"https:\/\/www.francespiration.com\/index.php\/2024\/03\/18\/juliette-binoche-az-europai-filmakademia-uj-elnoke\/","url":"https:\/\/www.francespiration.com\/index.php\/2024\/03\/18\/juliette-binoche-az-europai-filmakademia-uj-elnoke\/","name":"Juliette Binoche az Eur\u00f3pai Filmakad\u00e9mia \u00faj eln\u00f6ke - Francespiration","isPartOf":{"@id":"https:\/\/www.francespiration.com\/#website"},"datePublished":"2024-03-18T15:50:52+00:00","dateModified":"2024-03-18T15:50:53+00:00","description":"Juliette Binoche Oscar-d\u00edjas francia sz\u00edn\u00e9szn\u0151 Agnieszka Holland lengyel filmrendez\u0151t\u0151l veszi \u00e1t az Eur\u00f3pai Filmakad\u00e9mia eln\u00f6ks\u00e9g\u00e9t.","breadcrumb":{"@id":"https:\/\/www.francespiration.com\/index.php\/2024\/03\/18\/juliette-binoche-az-europai-filmakademia-uj-elnoke\/#breadcrumb"},"inLanguage":"hu","potentialAction":[{"@type":"ReadAction","target":["https:\/\/www.francespiration.com\/index.php\/2024\/03\/18\/juliette-binoche-az-europai-filmakademia-uj-elnoke\/"]}]},{"@type":"BreadcrumbList","@id":"https:\/\/www.francespiration.com\/index.php\/2024\/03\/18\/juliette-binoche-az-europai-filmakademia-uj-elnoke\/#breadcrumb","itemListElement":[{"@type":"ListItem","position":1,"name":"Kezd\u0151lap","item":"https:\/\/www.francespiration.com\/"},{"@type":"ListItem","position":2,"name":"Juliette Binoche az Eur\u00f3pai Filmakad\u00e9mia \u00faj eln\u00f6ke"}]},{"@type":"WebSite","@id":"https:\/\/www.francespiration.com\/#website","url":"https:\/\/www.francespiration.com\/","name":"Francespiration","description":"Just another WordPress site","publisher":{"@id":"https:\/\/www.francespiration.com\/#organization"},"potentialAction":[{"@type":"SearchAction","target":{"@type":"EntryPoint","urlTemplate":"https:\/\/www.francespiration.com\/?s={search_term_string}"},"query-input":"required name=search_term_string"}],"inLanguage":"hu"},{"@type":"Organization","@id":"https:\/\/www.francespiration.com\/#organization","name":"Francespiration","url":"https:\/\/www.francespiration.com\/","logo":{"@type":"ImageObject","inLanguage":"hu","@id":"https:\/\/www.francespiration.com\/#\/schema\/logo\/image\/","url":"https:\/\/www.francespiration.com\/wp-content\/uploads\/2022\/09\/4d-also-scaled.jpg","contentUrl":"https:\/\/www.francespiration.com\/wp-content\/uploads\/2022\/09\/4d-also-scaled.jpg","width":2560,"height":913,"caption":"Francespiration"},"image":{"@id":"https:\/\/www.francespiration.com\/#\/schema\/logo\/image\/"}},{"@type":"Person","@id":"https:\/\/www.francespiration.com\/#\/schema\/person\/83f3dc20d791bfb54664f7e0287501fa","name":"Sz\u00f6ll\u0151si T\u00edmea","image":{"@type":"ImageObject","inLanguage":"hu","@id":"https:\/\/www.francespiration.com\/#\/schema\/person\/image\/","url":"https:\/\/secure.gravatar.com\/avatar\/1fd2e7bebd99ada3a170be066229da8dce9b7f9ba3748e0b659e39e5f31eb56a?s=96&d=mm&r=g","contentUrl":"https:\/\/secure.gravatar.com\/avatar\/1fd2e7bebd99ada3a170be066229da8dce9b7f9ba3748e0b659e39e5f31eb56a?s=96&d=mm&r=g","caption":"Sz\u00f6ll\u0151si T\u00edmea"},"sameAs":["https:\/\/www.francespiration.com"],"url":"https:\/\/www.francespiration.com\/index.php\/author\/szollotimi\/"}]}},"_links":{"self":[{"href":"https:\/\/www.francespiration.com\/index.php\/wp-json\/wp\/v2\/posts\/1855","targetHints":{"allow":["GET"]}}],"collection":[{"href":"https:\/\/www.francespiration.com\/index.php\/wp-json\/wp\/v2\/posts"}],"about":[{"href":"https:\/\/www.francespiration.com\/index.php\/wp-json\/wp\/v2\/types\/post"}],"author":[{"embeddable":true,"href":"https:\/\/www.francespiration.com\/index.php\/wp-json\/wp\/v2\/users\/1"}],"replies":[{"embeddable":true,"href":"https:\/\/www.francespiration.com\/index.php\/wp-json\/wp\/v2\/comments?post=1855"}],"version-history":[{"count":3,"href":"https:\/\/www.francespiration.com\/index.php\/wp-json\/wp\/v2\/posts\/1855\/revisions"}],"predecessor-version":[{"id":1860,"href":"https:\/\/www.francespiration.com\/index.php\/wp-json\/wp\/v2\/posts\/1855\/revisions\/1860"}],"wp:featuredmedia":[{"embeddable":true,"href":"https:\/\/www.francespiration.com\/index.php\/wp-json\/wp\/v2\/media\/1859"}],"wp:attachment":[{"href":"https:\/\/www.francespiration.com\/index.php\/wp-json\/wp\/v2\/media?parent=1855"}],"wp:term":[{"taxonomy":"category","embeddable":true,"href":"https:\/\/www.francespiration.com\/index.php\/wp-json\/wp\/v2\/categories?post=1855"},{"taxonomy":"post_tag","embeddable":true,"href":"https:\/\/www.francespiration.com\/index.php\/wp-json\/wp\/v2\/tags?post=1855"}],"curies":[{"name":"wp","href":"https:\/\/api.w.org\/{rel}","templated":true}]}}