{"id":1878,"date":"2024-03-25T20:07:09","date_gmt":"2024-03-25T20:07:09","guid":{"rendered":"https:\/\/www.francespiration.com\/?p=1878"},"modified":"2024-03-25T20:07:10","modified_gmt":"2024-03-25T20:07:10","slug":"la-course-des-cafes-avagy-ujra-pincerverseny-parizs-utcain","status":"publish","type":"post","link":"https:\/\/www.francespiration.com\/index.php\/2024\/03\/25\/la-course-des-cafes-avagy-ujra-pincerverseny-parizs-utcain\/","title":{"rendered":"La Course des Caf\u00e9s, avagy \u00fajra pinc\u00e9rverseny P\u00e1rizs utc\u00e1in"},"content":{"rendered":"\n<p><strong>A P\u00e1rizs k\u00f6zpontj\u00e1ba l\u00e1togat\u00f3kat 2024. m\u00e1rcius 24-\u00e9n, vas\u00e1rnap az utc\u00e1kon \u0151r\u00fclt temp\u00f3ban szaladg\u00e1l\u00f3 k\u00f6t\u00e9nyes pinc\u00e9rek sz\u00e1zai v\u00e1rt\u00e1k. Az egyed\u00fcl\u00e1ll\u00f3 verseny, a La Course des Caf\u00e9s hossz\u00fa id\u0151 eltelt\u00e9vel v\u00e9gre visszat\u00e9rt a francia f\u0151v\u00e1ros utc\u00e1ira, \u00e9s nem v\u00e9letlen\u00fcl&#8230;<\/strong><\/p>\n\n\n\n<!--more-->\n\n\n\n<p>A La Course des Caf\u00e9s sor\u00e1n a pinc\u00e9reket azt a nemes feladatot kapt\u00e1k, hogy 2 km-en kereszt\u00fcl egy t\u00e1lca \u00e9telt sz\u00e1ll\u00edtsanak el egyik helyr\u0151l a m\u00e1sikig. A \u201eVil\u00e1g leggyorsabb k\u00e1v\u00e9fut\u00e1s\u00e1nak\u201d nevezett versenyt el\u0151sz\u00f6r 110 \u00e9ve, 1914-ben rendezt\u00e9k meg, \u00e9s egyike a 2024-es olimpiai j\u00e1t\u00e9kok el\u0151tti sok esem\u00e9nynek. <\/p>\n\n\n\n<p>Tegnap Samy Lamroust nyerte el a v\u00e1ros poh\u00e1rk\u00f6sz\u00f6nt\u0151j\u00e9nek j\u00e1r\u00f3 nemes c\u00edm\u00e9t t\u00f6k\u00e9letes feladatsor\u00e1nak bemutat\u00e1s\u00e1val, melynek sor\u00e1n egy croissant, egy k\u00e1v\u00e9t \u00e9s egy poh\u00e1r v\u00edz 13 perc, 30 m\u00e1sodperc alatt jutatott c\u00e9lba. A n\u0151i mez\u0151nyben Pauline Van Wymeersch a szint\u00e9n leny\u0171g\u00f6z\u0151, 14 perc 12 m\u00e1sodperces id\u0151vel szerv\u00edrozott. <\/p>\n\n\n\n<p>A Course des Cafes t\u00f6rt\u00e9nete t\u00f6bb, mint 100 \u00e9vvel ezel\u0151tt, 1914-ben kezd\u0151d\u00f6tt. A pinc\u00e9rek ekkor m\u00e9g mind f\u00e9rfiak voltak, \u00e9s egy 8 km-es p\u00e1ly\u00e1n vettek r\u00e9szt \u201ea sport \u00e9rt\u00e9keinek, a francia kiszolg\u00e1l\u00e1s kiv\u00e1l\u00f3s\u00e1g\u00e1nak tiszteletben tart\u00e1sa \u00e9rdek\u00e9ben\u201d. Ez\u00fattal k\u00e9tsz\u00e1z pinc\u00e9r \u00e9s pinc\u00e9rn\u0151 \u00f6lt\u00f6z\u00f6tt egyenruh\u00e1ba \u2013 sportjelleggel csokornyakkend\u0151ket \u00f6ltve \u2013 \u00e9s megpakolt\u00e1k t\u00e1lc\u00e1ikat n\u00e9mi friss p\u00e9k\u00e1ruval, egy kicsi (de \u00fcres) k\u00e1v\u00e9scs\u00e9sz\u00e9vel \u00e9s egy teli poh\u00e1r v\u00edzzel. A 2 km-es k\u00f6r a V\u00e1rosh\u00e1za el\u0151tt indult \u00e9s ott is \u00e9rt c\u00e9lba.<\/p>\n\n\n\n<p>A P\u00e1rizs k\u00f6zpontj\u00e1ban val\u00f3 rohang\u00e1l\u00e1s a franci\u00e1k saj\u00e1t bevall\u00e1sa szerint azokat a f\u00e9rfiakat \u00e9s n\u0151ket \u00fcnnepelte, akik n\u00e9lk\u00fcl Franciaorsz\u00e1g nem lenne Franciaorsz\u00e1g. Mert \u0151k azok, akik az orsz\u00e1g azon k\u00e1v\u00e9z\u00f3iban \u00e9s \u00e9ttermeiben dolgoznak, ahol a franci\u00e1k oly sok id\u0151t t\u00f6ltenek romantikus l\u00e9gyottokkal, munka k\u00f6zbeni \u00e9s munka ut\u00e1ni lazul\u00e1ssal, ahol elm\u00e9lkednek \u00e9s verseket \u00edrnak, \u00e9s ahol gener\u00e1ci\u00f3k \u00e9s gener\u00e1ci\u00f3k \u00f3ta t\u00e1pl\u00e1lj\u00e1k test\u00fcket \u00e9s lelk\u00fcket&#8230; <\/p>\n\n\n\n<p><\/p>\n\n\n\n<p><\/p>\n\n\n\n<p><\/p>\n\n\n\n<p><\/p>\n","protected":false},"excerpt":{"rendered":"<p>A P\u00e1rizs k\u00f6zpontj\u00e1ba l\u00e1togat\u00f3kat 2024. m\u00e1rcius 24-\u00e9n, vas\u00e1rnap az utc\u00e1kon \u0151r\u00fclt temp\u00f3ban szaladg\u00e1l\u00f3 k\u00f6t\u00e9nyes pinc\u00e9rek sz\u00e1zai v\u00e1rt\u00e1k. Az egyed\u00fcl\u00e1ll\u00f3 verseny, a La Course des Caf\u00e9s hossz\u00fa id\u0151 eltelt\u00e9vel v\u00e9gre visszat\u00e9rt a francia f\u0151v\u00e1ros utc\u00e1ira, \u00e9s nem v\u00e9letlen\u00fcl&#8230;<\/p>\n","protected":false},"author":1,"featured_media":1879,"comment_status":"open","ping_status":"open","sticky":false,"template":"","format":"standard","meta":{"footnotes":""},"categories":[1,31],"tags":[],"class_list":["post-1878","post","type-post","status-publish","format-standard","has-post-thumbnail","hentry","category-hirek","category-konyha"],"yoast_head":"<!-- This site is optimized with the Yoast SEO plugin v20.13 - https:\/\/yoast.com\/wordpress\/plugins\/seo\/ -->\n<title>La Course des Caf\u00e9s, avagy \u00fajra pinc\u00e9rverseny P\u00e1rizs utc\u00e1in - Francespiration<\/title>\n<meta name=\"description\" content=\"Az egyed\u00fcl\u00e1ll\u00f3 verseny, a La Course des Caf\u00e9s hossz\u00fa id\u0151 eltelt\u00e9vel v\u00e9gre visszat\u00e9rt a francia f\u0151v\u00e1ros utc\u00e1ira, \u00e9s nem v\u00e9letlen\u00fcl.\" \/>\n<meta name=\"robots\" content=\"index, follow, max-snippet:-1, max-image-preview:large, max-video-preview:-1\" \/>\n<link rel=\"canonical\" href=\"https:\/\/www.francespiration.com\/index.php\/2024\/03\/25\/la-course-des-cafes-avagy-ujra-pincerverseny-parizs-utcain\/\" \/>\n<meta property=\"og:locale\" content=\"hu_HU\" \/>\n<meta property=\"og:type\" content=\"article\" \/>\n<meta property=\"og:title\" content=\"La Course des Caf\u00e9s, avagy \u00fajra pinc\u00e9rverseny P\u00e1rizs utc\u00e1in - Francespiration\" \/>\n<meta property=\"og:description\" content=\"Az egyed\u00fcl\u00e1ll\u00f3 verseny, a La Course des Caf\u00e9s hossz\u00fa id\u0151 eltelt\u00e9vel v\u00e9gre visszat\u00e9rt a francia f\u0151v\u00e1ros utc\u00e1ira, \u00e9s nem v\u00e9letlen\u00fcl.\" \/>\n<meta property=\"og:url\" content=\"https:\/\/www.francespiration.com\/index.php\/2024\/03\/25\/la-course-des-cafes-avagy-ujra-pincerverseny-parizs-utcain\/\" \/>\n<meta property=\"og:site_name\" content=\"Francespiration\" \/>\n<meta property=\"article:published_time\" content=\"2024-03-25T20:07:09+00:00\" \/>\n<meta property=\"article:modified_time\" content=\"2024-03-25T20:07:10+00:00\" \/>\n<meta property=\"og:image\" content=\"https:\/\/www.francespiration.com\/wp-content\/uploads\/2024\/03\/kaveverseny.jpg\" \/>\n\t<meta property=\"og:image:width\" content=\"1024\" \/>\n\t<meta property=\"og:image:height\" content=\"755\" \/>\n\t<meta property=\"og:image:type\" content=\"image\/jpeg\" \/>\n<meta name=\"author\" content=\"Sz\u00f6ll\u0151si T\u00edmea\" \/>\n<meta name=\"twitter:card\" content=\"summary_large_image\" \/>\n<meta name=\"twitter:label1\" content=\"Szerz\u0151:\" \/>\n\t<meta name=\"twitter:data1\" content=\"Sz\u00f6ll\u0151si T\u00edmea\" \/>\n\t<meta name=\"twitter:label2\" content=\"Becs\u00fclt olvas\u00e1si id\u0151\" \/>\n\t<meta name=\"twitter:data2\" content=\"2 perc\" \/>\n<script type=\"application\/ld+json\" class=\"yoast-schema-graph\">{\"@context\":\"https:\/\/schema.org\",\"@graph\":[{\"@type\":\"Article\",\"@id\":\"https:\/\/www.francespiration.com\/index.php\/2024\/03\/25\/la-course-des-cafes-avagy-ujra-pincerverseny-parizs-utcain\/#article\",\"isPartOf\":{\"@id\":\"https:\/\/www.francespiration.com\/index.php\/2024\/03\/25\/la-course-des-cafes-avagy-ujra-pincerverseny-parizs-utcain\/\"},\"author\":{\"name\":\"Sz\u00f6ll\u0151si T\u00edmea\",\"@id\":\"https:\/\/www.francespiration.com\/#\/schema\/person\/83f3dc20d791bfb54664f7e0287501fa\"},\"headline\":\"La Course des Caf\u00e9s, avagy \u00fajra pinc\u00e9rverseny P\u00e1rizs utc\u00e1in\",\"datePublished\":\"2024-03-25T20:07:09+00:00\",\"dateModified\":\"2024-03-25T20:07:10+00:00\",\"mainEntityOfPage\":{\"@id\":\"https:\/\/www.francespiration.com\/index.php\/2024\/03\/25\/la-course-des-cafes-avagy-ujra-pincerverseny-parizs-utcain\/\"},\"wordCount\":433,\"commentCount\":0,\"publisher\":{\"@id\":\"https:\/\/www.francespiration.com\/#organization\"},\"articleSection\":[\"H\u00cdREK\",\"KONYHA\"],\"inLanguage\":\"hu\",\"potentialAction\":[{\"@type\":\"CommentAction\",\"name\":\"Comment\",\"target\":[\"https:\/\/www.francespiration.com\/index.php\/2024\/03\/25\/la-course-des-cafes-avagy-ujra-pincerverseny-parizs-utcain\/#respond\"]}]},{\"@type\":\"WebPage\",\"@id\":\"https:\/\/www.francespiration.com\/index.php\/2024\/03\/25\/la-course-des-cafes-avagy-ujra-pincerverseny-parizs-utcain\/\",\"url\":\"https:\/\/www.francespiration.com\/index.php\/2024\/03\/25\/la-course-des-cafes-avagy-ujra-pincerverseny-parizs-utcain\/\",\"name\":\"La Course des Caf\u00e9s, avagy \u00fajra pinc\u00e9rverseny P\u00e1rizs utc\u00e1in - Francespiration\",\"isPartOf\":{\"@id\":\"https:\/\/www.francespiration.com\/#website\"},\"datePublished\":\"2024-03-25T20:07:09+00:00\",\"dateModified\":\"2024-03-25T20:07:10+00:00\",\"description\":\"Az egyed\u00fcl\u00e1ll\u00f3 verseny, a La Course des Caf\u00e9s hossz\u00fa id\u0151 eltelt\u00e9vel v\u00e9gre visszat\u00e9rt a francia f\u0151v\u00e1ros utc\u00e1ira, \u00e9s nem v\u00e9letlen\u00fcl.\",\"breadcrumb\":{\"@id\":\"https:\/\/www.francespiration.com\/index.php\/2024\/03\/25\/la-course-des-cafes-avagy-ujra-pincerverseny-parizs-utcain\/#breadcrumb\"},\"inLanguage\":\"hu\",\"potentialAction\":[{\"@type\":\"ReadAction\",\"target\":[\"https:\/\/www.francespiration.com\/index.php\/2024\/03\/25\/la-course-des-cafes-avagy-ujra-pincerverseny-parizs-utcain\/\"]}]},{\"@type\":\"BreadcrumbList\",\"@id\":\"https:\/\/www.francespiration.com\/index.php\/2024\/03\/25\/la-course-des-cafes-avagy-ujra-pincerverseny-parizs-utcain\/#breadcrumb\",\"itemListElement\":[{\"@type\":\"ListItem\",\"position\":1,\"name\":\"Kezd\u0151lap\",\"item\":\"https:\/\/www.francespiration.com\/\"},{\"@type\":\"ListItem\",\"position\":2,\"name\":\"La Course des Caf\u00e9s, avagy \u00fajra pinc\u00e9rverseny P\u00e1rizs utc\u00e1in\"}]},{\"@type\":\"WebSite\",\"@id\":\"https:\/\/www.francespiration.com\/#website\",\"url\":\"https:\/\/www.francespiration.com\/\",\"name\":\"Francespiration\",\"description\":\"Just another WordPress site\",\"publisher\":{\"@id\":\"https:\/\/www.francespiration.com\/#organization\"},\"potentialAction\":[{\"@type\":\"SearchAction\",\"target\":{\"@type\":\"EntryPoint\",\"urlTemplate\":\"https:\/\/www.francespiration.com\/?s={search_term_string}\"},\"query-input\":\"required name=search_term_string\"}],\"inLanguage\":\"hu\"},{\"@type\":\"Organization\",\"@id\":\"https:\/\/www.francespiration.com\/#organization\",\"name\":\"Francespiration\",\"url\":\"https:\/\/www.francespiration.com\/\",\"logo\":{\"@type\":\"ImageObject\",\"inLanguage\":\"hu\",\"@id\":\"https:\/\/www.francespiration.com\/#\/schema\/logo\/image\/\",\"url\":\"https:\/\/www.francespiration.com\/wp-content\/uploads\/2022\/09\/4d-also-scaled.jpg\",\"contentUrl\":\"https:\/\/www.francespiration.com\/wp-content\/uploads\/2022\/09\/4d-also-scaled.jpg\",\"width\":2560,\"height\":913,\"caption\":\"Francespiration\"},\"image\":{\"@id\":\"https:\/\/www.francespiration.com\/#\/schema\/logo\/image\/\"}},{\"@type\":\"Person\",\"@id\":\"https:\/\/www.francespiration.com\/#\/schema\/person\/83f3dc20d791bfb54664f7e0287501fa\",\"name\":\"Sz\u00f6ll\u0151si T\u00edmea\",\"image\":{\"@type\":\"ImageObject\",\"inLanguage\":\"hu\",\"@id\":\"https:\/\/www.francespiration.com\/#\/schema\/person\/image\/\",\"url\":\"https:\/\/secure.gravatar.com\/avatar\/1fd2e7bebd99ada3a170be066229da8dce9b7f9ba3748e0b659e39e5f31eb56a?s=96&d=mm&r=g\",\"contentUrl\":\"https:\/\/secure.gravatar.com\/avatar\/1fd2e7bebd99ada3a170be066229da8dce9b7f9ba3748e0b659e39e5f31eb56a?s=96&d=mm&r=g\",\"caption\":\"Sz\u00f6ll\u0151si T\u00edmea\"},\"sameAs\":[\"https:\/\/www.francespiration.com\"],\"url\":\"https:\/\/www.francespiration.com\/index.php\/author\/szollotimi\/\"}]}<\/script>\n<!-- \/ Yoast SEO plugin. -->","yoast_head_json":{"title":"La Course des Caf\u00e9s, avagy \u00fajra pinc\u00e9rverseny P\u00e1rizs utc\u00e1in - Francespiration","description":"Az egyed\u00fcl\u00e1ll\u00f3 verseny, a La Course des Caf\u00e9s hossz\u00fa id\u0151 eltelt\u00e9vel v\u00e9gre visszat\u00e9rt a francia f\u0151v\u00e1ros utc\u00e1ira, \u00e9s nem v\u00e9letlen\u00fcl.","robots":{"index":"index","follow":"follow","max-snippet":"max-snippet:-1","max-image-preview":"max-image-preview:large","max-video-preview":"max-video-preview:-1"},"canonical":"https:\/\/www.francespiration.com\/index.php\/2024\/03\/25\/la-course-des-cafes-avagy-ujra-pincerverseny-parizs-utcain\/","og_locale":"hu_HU","og_type":"article","og_title":"La Course des Caf\u00e9s, avagy \u00fajra pinc\u00e9rverseny P\u00e1rizs utc\u00e1in - Francespiration","og_description":"Az egyed\u00fcl\u00e1ll\u00f3 verseny, a La Course des Caf\u00e9s hossz\u00fa id\u0151 eltelt\u00e9vel v\u00e9gre visszat\u00e9rt a francia f\u0151v\u00e1ros utc\u00e1ira, \u00e9s nem v\u00e9letlen\u00fcl.","og_url":"https:\/\/www.francespiration.com\/index.php\/2024\/03\/25\/la-course-des-cafes-avagy-ujra-pincerverseny-parizs-utcain\/","og_site_name":"Francespiration","article_published_time":"2024-03-25T20:07:09+00:00","article_modified_time":"2024-03-25T20:07:10+00:00","og_image":[{"width":1024,"height":755,"url":"https:\/\/www.francespiration.com\/wp-content\/uploads\/2024\/03\/kaveverseny.jpg","type":"image\/jpeg"}],"author":"Sz\u00f6ll\u0151si T\u00edmea","twitter_card":"summary_large_image","twitter_misc":{"Szerz\u0151:":"Sz\u00f6ll\u0151si T\u00edmea","Becs\u00fclt olvas\u00e1si id\u0151":"2 perc"},"schema":{"@context":"https:\/\/schema.org","@graph":[{"@type":"Article","@id":"https:\/\/www.francespiration.com\/index.php\/2024\/03\/25\/la-course-des-cafes-avagy-ujra-pincerverseny-parizs-utcain\/#article","isPartOf":{"@id":"https:\/\/www.francespiration.com\/index.php\/2024\/03\/25\/la-course-des-cafes-avagy-ujra-pincerverseny-parizs-utcain\/"},"author":{"name":"Sz\u00f6ll\u0151si T\u00edmea","@id":"https:\/\/www.francespiration.com\/#\/schema\/person\/83f3dc20d791bfb54664f7e0287501fa"},"headline":"La Course des Caf\u00e9s, avagy \u00fajra pinc\u00e9rverseny P\u00e1rizs utc\u00e1in","datePublished":"2024-03-25T20:07:09+00:00","dateModified":"2024-03-25T20:07:10+00:00","mainEntityOfPage":{"@id":"https:\/\/www.francespiration.com\/index.php\/2024\/03\/25\/la-course-des-cafes-avagy-ujra-pincerverseny-parizs-utcain\/"},"wordCount":433,"commentCount":0,"publisher":{"@id":"https:\/\/www.francespiration.com\/#organization"},"articleSection":["H\u00cdREK","KONYHA"],"inLanguage":"hu","potentialAction":[{"@type":"CommentAction","name":"Comment","target":["https:\/\/www.francespiration.com\/index.php\/2024\/03\/25\/la-course-des-cafes-avagy-ujra-pincerverseny-parizs-utcain\/#respond"]}]},{"@type":"WebPage","@id":"https:\/\/www.francespiration.com\/index.php\/2024\/03\/25\/la-course-des-cafes-avagy-ujra-pincerverseny-parizs-utcain\/","url":"https:\/\/www.francespiration.com\/index.php\/2024\/03\/25\/la-course-des-cafes-avagy-ujra-pincerverseny-parizs-utcain\/","name":"La Course des Caf\u00e9s, avagy \u00fajra pinc\u00e9rverseny P\u00e1rizs utc\u00e1in - Francespiration","isPartOf":{"@id":"https:\/\/www.francespiration.com\/#website"},"datePublished":"2024-03-25T20:07:09+00:00","dateModified":"2024-03-25T20:07:10+00:00","description":"Az egyed\u00fcl\u00e1ll\u00f3 verseny, a La Course des Caf\u00e9s hossz\u00fa id\u0151 eltelt\u00e9vel v\u00e9gre visszat\u00e9rt a francia f\u0151v\u00e1ros utc\u00e1ira, \u00e9s nem v\u00e9letlen\u00fcl.","breadcrumb":{"@id":"https:\/\/www.francespiration.com\/index.php\/2024\/03\/25\/la-course-des-cafes-avagy-ujra-pincerverseny-parizs-utcain\/#breadcrumb"},"inLanguage":"hu","potentialAction":[{"@type":"ReadAction","target":["https:\/\/www.francespiration.com\/index.php\/2024\/03\/25\/la-course-des-cafes-avagy-ujra-pincerverseny-parizs-utcain\/"]}]},{"@type":"BreadcrumbList","@id":"https:\/\/www.francespiration.com\/index.php\/2024\/03\/25\/la-course-des-cafes-avagy-ujra-pincerverseny-parizs-utcain\/#breadcrumb","itemListElement":[{"@type":"ListItem","position":1,"name":"Kezd\u0151lap","item":"https:\/\/www.francespiration.com\/"},{"@type":"ListItem","position":2,"name":"La Course des Caf\u00e9s, avagy \u00fajra pinc\u00e9rverseny P\u00e1rizs utc\u00e1in"}]},{"@type":"WebSite","@id":"https:\/\/www.francespiration.com\/#website","url":"https:\/\/www.francespiration.com\/","name":"Francespiration","description":"Just another WordPress site","publisher":{"@id":"https:\/\/www.francespiration.com\/#organization"},"potentialAction":[{"@type":"SearchAction","target":{"@type":"EntryPoint","urlTemplate":"https:\/\/www.francespiration.com\/?s={search_term_string}"},"query-input":"required name=search_term_string"}],"inLanguage":"hu"},{"@type":"Organization","@id":"https:\/\/www.francespiration.com\/#organization","name":"Francespiration","url":"https:\/\/www.francespiration.com\/","logo":{"@type":"ImageObject","inLanguage":"hu","@id":"https:\/\/www.francespiration.com\/#\/schema\/logo\/image\/","url":"https:\/\/www.francespiration.com\/wp-content\/uploads\/2022\/09\/4d-also-scaled.jpg","contentUrl":"https:\/\/www.francespiration.com\/wp-content\/uploads\/2022\/09\/4d-also-scaled.jpg","width":2560,"height":913,"caption":"Francespiration"},"image":{"@id":"https:\/\/www.francespiration.com\/#\/schema\/logo\/image\/"}},{"@type":"Person","@id":"https:\/\/www.francespiration.com\/#\/schema\/person\/83f3dc20d791bfb54664f7e0287501fa","name":"Sz\u00f6ll\u0151si T\u00edmea","image":{"@type":"ImageObject","inLanguage":"hu","@id":"https:\/\/www.francespiration.com\/#\/schema\/person\/image\/","url":"https:\/\/secure.gravatar.com\/avatar\/1fd2e7bebd99ada3a170be066229da8dce9b7f9ba3748e0b659e39e5f31eb56a?s=96&d=mm&r=g","contentUrl":"https:\/\/secure.gravatar.com\/avatar\/1fd2e7bebd99ada3a170be066229da8dce9b7f9ba3748e0b659e39e5f31eb56a?s=96&d=mm&r=g","caption":"Sz\u00f6ll\u0151si T\u00edmea"},"sameAs":["https:\/\/www.francespiration.com"],"url":"https:\/\/www.francespiration.com\/index.php\/author\/szollotimi\/"}]}},"_links":{"self":[{"href":"https:\/\/www.francespiration.com\/index.php\/wp-json\/wp\/v2\/posts\/1878","targetHints":{"allow":["GET"]}}],"collection":[{"href":"https:\/\/www.francespiration.com\/index.php\/wp-json\/wp\/v2\/posts"}],"about":[{"href":"https:\/\/www.francespiration.com\/index.php\/wp-json\/wp\/v2\/types\/post"}],"author":[{"embeddable":true,"href":"https:\/\/www.francespiration.com\/index.php\/wp-json\/wp\/v2\/users\/1"}],"replies":[{"embeddable":true,"href":"https:\/\/www.francespiration.com\/index.php\/wp-json\/wp\/v2\/comments?post=1878"}],"version-history":[{"count":2,"href":"https:\/\/www.francespiration.com\/index.php\/wp-json\/wp\/v2\/posts\/1878\/revisions"}],"predecessor-version":[{"id":1881,"href":"https:\/\/www.francespiration.com\/index.php\/wp-json\/wp\/v2\/posts\/1878\/revisions\/1881"}],"wp:featuredmedia":[{"embeddable":true,"href":"https:\/\/www.francespiration.com\/index.php\/wp-json\/wp\/v2\/media\/1879"}],"wp:attachment":[{"href":"https:\/\/www.francespiration.com\/index.php\/wp-json\/wp\/v2\/media?parent=1878"}],"wp:term":[{"taxonomy":"category","embeddable":true,"href":"https:\/\/www.francespiration.com\/index.php\/wp-json\/wp\/v2\/categories?post=1878"},{"taxonomy":"post_tag","embeddable":true,"href":"https:\/\/www.francespiration.com\/index.php\/wp-json\/wp\/v2\/tags?post=1878"}],"curies":[{"name":"wp","href":"https:\/\/api.w.org\/{rel}","templated":true}]}}