{"id":1882,"date":"2024-04-01T12:57:42","date_gmt":"2024-04-01T12:57:42","guid":{"rendered":"https:\/\/www.francespiration.com\/?p=1882"},"modified":"2024-04-02T14:20:07","modified_gmt":"2024-04-02T14:20:07","slug":"francia-sutemenyek-sorozat-a-madeleine","status":"publish","type":"post","link":"https:\/\/www.francespiration.com\/index.php\/2024\/04\/01\/francia-sutemenyek-sorozat-a-madeleine\/","title":{"rendered":"Francia s\u00fctem\u00e9nyek sorozat: a madeleine"},"content":{"rendered":"\n<p><strong>A legfinomabb francia \u00e9dess\u00e9g t\u00f6rt\u00e9nete a 17. sz\u00e1zadba rep\u00edt vissza. A kir\u00e1lyok \u00e9s a szeg\u00e9nyek kedvence az 1920-as \u00e9vek elej\u00e9n \u00e9p\u00fclt be a francia sz\u00edvekbe \u00e9s kult\u00far\u00e1ba Marcel Proust francia \u00edr\u00f3nak k\u00f6sz\u00f6nhet\u0151en. A madeleine az\u00f3ta egyet jelent Franciaorsz\u00e1ggal, \u00e9pp\u00fagy, mint a bagett vagy a fens\u00e9ges sajtok. <\/strong><\/p>\n\n\n\n<!--more-->\n\n\n\n<p>Az egyik legikonikusabb francia desszert sz\u00e1mos p\u00e9ks\u00e9gben megtal\u00e1lhat\u00f3 Franciaorsz\u00e1gban, \u00e9s igen izgalmas \u00e9s titokzatos t\u00f6rt\u00e9nete van.<\/p>\n\n\n\n<p>A franci\u00e1k rendszeresen fogyasztj\u00e1k ezeket a puha \u00e9s kicsi s\u00fctem\u00e9nyeket, amely toj\u00e1sb\u00f3l, lisztb\u0151l, cukorb\u00f3l \u00e9s vajb\u00f3l k\u00e9sz\u00fcl, \u00e9s amelyet jellegzetes kagyl\u00f3 alakj\u00e1r\u00f3l k\u00f6nny\u0171 megismerni. <\/p>\n\n\n\n<h2 class=\"wp-block-heading\">Legend\u00e1k a madeleine \u201emegsz\u00fclet\u00e9s\u00e9vel\u201d kapcsolatban<\/h2>\n\n\n\n<p>A legend\u00e1k k\u00f6z\u00e9ppontj\u00e1ban \u00e1ltal\u00e1ban egy Madeleine nev\u0171 n\u0151 \u00e1ll. A s\u00fctem\u00e9nyt el\u0151sz\u00f6r megs\u00fct\u0151 p\u00e9k vezet\u00e9knev\u00e9t illet\u0151en soha nem volt konszenzus, de bizonyos t\u00f6rt\u00e9netek szerint egy Madeleine Paulmier nev\u0171 n\u0151 volt, aki Stanislaw Leszczynski, a tr\u00f3nj\u00e1t\u00f3l megfosztott lengyel kir\u00e1ly \u00e9s Lotharingia hercege szolg\u00e1lat\u00e1ban \u00e1llott a 18. sz\u00e1zadban. A legenda szerint a herceg l\u00e1nya Maria Leszczy\u0144ska (aki XV. Lajos feles\u00e9ge volt) annyira szerette ezeket a kis s\u00fctem\u00e9nyeket, hogy k\u00edv\u00e1ns\u00e1g\u00e1ra a udvari esem\u00e9nyeken is felszolg\u00e1lt\u00e1k. Nem csoda, hogy a madeleine ir\u00e1nti szeretet az eg\u00e9sz r\u00e9gi\u00f3ban elterjedt&#8230;<\/p>\n\n\n\n<p>L\u00e9tezik egy m\u00e1sik legenda is, amely a spanyolorsz\u00e1gi Santiago de Compostell\u00e1ba tart\u00f3 zar\u00e1ndok\u00fathoz kapcsol\u00f3dik. E szerint egy Madeline nev\u0171 l\u00e1ny zar\u00e1ndok\u00fatja sor\u00e1n kapott ilyen kis s\u00fctem\u00e9nyeket, majd a receptet hazavitte mag\u00e1val Franciaorsz\u00e1gba, m\u00edg  egy m\u00e1sik legenda Talleyrand herceg s\u00e9fj\u00e9nek, Jean Avice-nek tulajdon\u00edtja a madeleine feltal\u00e1l\u00e1s\u00e1t. <\/p>\n\n\n\n<p>Mindenesetre a madeleine sz\u00fclet\u00e9s\u00e9nek legval\u00f3sz\u00edn\u0171bb \u00e9s leggyakrabban elfogadott verzi\u00f3ja Madeleine Paulmier t\u00f6rt\u00e9nete, aki 1755-ben Paulmier Perrotin de Baumont m\u00e1rkin\u0151 szolg\u00e1l\u00f3ja volt. T\u00f6rt\u00e9nt egyszer, hogy Stanislaw Leszczynski herceg fogad\u00e1s\u00e1n szemtan\u00faja lett egy veszeked\u00e9snek a konyh\u00e1ban az int\u00e9z\u0151 \u00e9s a szak\u00e1cs k\u00f6z\u00f6tt. Mivel az eredetileg tervezett desszertet nem tudt\u00e1k felszolg\u00e1lni, felaj\u00e1nlotta, hogy a nagymam\u00e1ja receptje alapj\u00e1n k\u00e9sz\u00edt egyet. A vend\u00e9geknek annyira \u00edzlett az eredm\u00e9ny, hogy a herceg szem\u00e9lyesen mondott k\u00f6sz\u00f6netet a l\u00e1nynak, aki megmentette az est\u00e9lyt, \u00e9s \u00fagy d\u00f6nt\u00f6tt, h\u00e1l\u00e1ja jel\u00e9\u00fcl Madeleine n\u00e9vre kereszteli a s\u00fctem\u00e9nyt. <\/p>\n\n\n\n<h2 class=\"wp-block-heading\">A eml\u00e9kezet s\u00fctem\u00e9nye<\/h2>\n\n\n\n<p>Az 1920-as \u00e9vekben Marcel Proust francia \u00edr\u00f3 \u00edrt a madeleine-r\u0151l Az elt\u0171nt id\u0151 nyom\u00e1ban c\u00edm\u0171 reg\u00e9ny\u00e9ben. Aki olvasta, soha nem felejti el, hogyan evett az \u00edr\u00f3 egy te\u00e1ba m\u00e1rtott madeleine-t, amelynek hat\u00e1s\u00e1ra egy szempillant\u00e1s alatt felid\u00e9z\u0151dtek gyermekkor\u00e1nak legszebb eml\u00e9kei. Az \u00edr\u00f3 szerint mindenkinek megvan a maga madeleine-eml\u00e9kezete, \u00e9s ahogy megszagolunk vagy meg\u00edzlel\u00fcnk valamit a jelenben, \u00e9letre kelnek a m\u00falt eml\u00e9kei. Ezek a Proust-memoire-ok ma m\u00e1r a francia kult\u00fara kulcsfontoss\u00e1g\u00fa r\u00e9sz\u00e9t k\u00e9pezik.<\/p>\n\n\n\n<p>A madeleine az\u00f3ta beleiv\u00f3dott a francia kult\u00far\u00e1ba \u00e9s mindennapi \u00e9let\u00e9be. Ha P\u00e1rizsban j\u00e1runk \u00e9s egyik reggel eleg\u00e1nsan beugrunk egy p\u00e9ks\u00e9gbe vagy egy <a href=\"https:\/\/www.francespiration.com\/index.php\/2024\/02\/19\/stohrer-parizs-legidosebb-cukraszdaja\/\" target=\"_blank\" rel=\"noreferrer noopener\">cukr\u00e1szd\u00e1ba<\/a> a reggelink\u00e9rt, mindenk\u00e9ppen meg kell k\u00f3stolni&#8230; de otthon is k\u00f6nnyen elk\u00e9sz\u00edthetj\u00fck &#8211; p\u00e9ld\u00e1ul ezt a csokis madeleine-t:<\/p>\n\n\n\n<figure class=\"wp-block-image size-large\"><img loading=\"lazy\" decoding=\"async\" width=\"1024\" height=\"640\" src=\"https:\/\/www.francespiration.com\/wp-content\/uploads\/2024\/04\/csokis-madeleine-1024x640.jpg\" alt=\"\" class=\"wp-image-1890\" srcset=\"https:\/\/www.francespiration.com\/wp-content\/uploads\/2024\/04\/csokis-madeleine-1024x640.jpg 1024w, https:\/\/www.francespiration.com\/wp-content\/uploads\/2024\/04\/csokis-madeleine-300x188.jpg 300w, https:\/\/www.francespiration.com\/wp-content\/uploads\/2024\/04\/csokis-madeleine-768x480.jpg 768w, https:\/\/www.francespiration.com\/wp-content\/uploads\/2024\/04\/csokis-madeleine.jpg 1295w\" sizes=\"auto, (max-width: 1024px) 100vw, 1024px\" \/><figcaption class=\"wp-element-caption\">Fot\u00f3: Elena Danileiko\/iStock<\/figcaption><\/figure>\n\n\n\n<h2 class=\"wp-block-heading\">Hozz\u00e1val\u00f3k:<\/h2>\n\n\n\n<ul class=\"wp-block-list\">\n<li>115 g l\u00e1gy vaj<\/li>\n\n\n\n<li>3 toj\u00e1s<\/li>\n\n\n\n<li>110 g cukor<\/li>\n\n\n\n<li>128 g liszt<\/li>\n\n\n\n<li>32 g kaka\u00f3por<\/li>\n\n\n\n<li>1,5 tk s\u00fct\u0151por<\/li>\n\n\n\n<li>csipet s\u00f3<\/li>\n\n\n\n<li>1 kk van\u00edliaaroma<\/li>\n<\/ul>\n\n\n\n<h2 class=\"wp-block-heading\">Elk\u00e9sz\u00edt\u00e9s:<\/h2>\n\n\n\n<p>A cukrot a toj\u00e1ssal habosra keverj\u00fck, majd hozz\u00e1adjuk a toj\u00e1sokat \u00e9s addig keverj\u00fck, am\u00edg sz\u00e9p habos nem lesz, a v\u00e9g\u00e9n bele\u00f6ntj\u00fck a van\u00edliaarom\u00e1t. \u00d6sszekeverj\u00fck a sz\u00e1raz hozz\u00e1val\u00f3kat, majd a cukros, vajas, toj\u00e1sos habhoz adjuk, \u00e9s alaposan \u00f6sszedolgozzuk. A t\u00e9szt\u00e1nkat kivajazott, kilisztezett madeleine form\u00e1ba kanalazzuk \u00e9s 160 fokon 10-12 percig s\u00fctj\u00fck. <\/p>\n","protected":false},"excerpt":{"rendered":"<p>A legfinomabb francia \u00e9dess\u00e9g t\u00f6rt\u00e9nete a 17. sz\u00e1zadba rep\u00edt vissza. A kir\u00e1lyok \u00e9s a szeg\u00e9nyek kedvence az 1920-as \u00e9vek elej\u00e9n \u00e9p\u00fclt be a francia sz\u00edvekbe \u00e9s kult\u00far\u00e1ba Marcel Proust francia \u00edr\u00f3nak k\u00f6sz\u00f6nhet\u0151en. A madeleine az\u00f3ta egyet jelent Franciaorsz\u00e1ggal, \u00e9pp\u00fagy, mint a bagett vagy a fens\u00e9ges sajtok.<\/p>\n","protected":false},"author":1,"featured_media":1886,"comment_status":"open","ping_status":"open","sticky":false,"template":"","format":"standard","meta":{"footnotes":""},"categories":[31],"tags":[137,135,136,119],"class_list":["post-1882","post","type-post","status-publish","format-standard","has-post-thumbnail","hentry","category-konyha","tag-edesseg","tag-madeleine","tag-marcel-proust","tag-sutemeny"],"yoast_head":"<!-- This site is optimized with the Yoast SEO plugin v20.13 - https:\/\/yoast.com\/wordpress\/plugins\/seo\/ -->\n<title>Francia s\u00fctem\u00e9nyek sorozat: a madeleine - Francespiration<\/title>\n<meta name=\"description\" content=\"Ami\u00f3ta megsz\u00fcletett ez a s\u00fctem\u00e9ny, a madeleine egyet jelent Franciaorsz\u00e1ggal, \u00e9pp\u00fagy, mint a bagett vagy a fens\u00e9ges sajtok.\" \/>\n<meta name=\"robots\" content=\"index, follow, max-snippet:-1, max-image-preview:large, max-video-preview:-1\" \/>\n<link rel=\"canonical\" href=\"https:\/\/www.francespiration.com\/index.php\/2024\/04\/01\/francia-sutemenyek-sorozat-a-madeleine\/\" \/>\n<meta property=\"og:locale\" content=\"hu_HU\" \/>\n<meta property=\"og:type\" content=\"article\" \/>\n<meta property=\"og:title\" content=\"Francia s\u00fctem\u00e9nyek sorozat: a madeleine - Francespiration\" \/>\n<meta property=\"og:description\" content=\"Ami\u00f3ta megsz\u00fcletett ez a s\u00fctem\u00e9ny, a madeleine egyet jelent Franciaorsz\u00e1ggal, \u00e9pp\u00fagy, mint a bagett vagy a fens\u00e9ges sajtok.\" \/>\n<meta property=\"og:url\" content=\"https:\/\/www.francespiration.com\/index.php\/2024\/04\/01\/francia-sutemenyek-sorozat-a-madeleine\/\" \/>\n<meta property=\"og:site_name\" content=\"Francespiration\" \/>\n<meta property=\"article:published_time\" content=\"2024-04-01T12:57:42+00:00\" \/>\n<meta property=\"article:modified_time\" content=\"2024-04-02T14:20:07+00:00\" \/>\n<meta property=\"og:image\" content=\"https:\/\/www.francespiration.com\/wp-content\/uploads\/2024\/04\/madeleine.jpg\" \/>\n\t<meta property=\"og:image:width\" content=\"1254\" \/>\n\t<meta property=\"og:image:height\" content=\"836\" \/>\n\t<meta property=\"og:image:type\" content=\"image\/jpeg\" \/>\n<meta name=\"author\" content=\"Sz\u00f6ll\u0151si T\u00edmea\" \/>\n<meta name=\"twitter:card\" content=\"summary_large_image\" \/>\n<meta name=\"twitter:label1\" content=\"Szerz\u0151:\" \/>\n\t<meta name=\"twitter:data1\" content=\"Sz\u00f6ll\u0151si T\u00edmea\" \/>\n\t<meta name=\"twitter:label2\" content=\"Becs\u00fclt olvas\u00e1si id\u0151\" \/>\n\t<meta name=\"twitter:data2\" content=\"3 perc\" \/>\n<script type=\"application\/ld+json\" class=\"yoast-schema-graph\">{\"@context\":\"https:\/\/schema.org\",\"@graph\":[{\"@type\":\"Article\",\"@id\":\"https:\/\/www.francespiration.com\/index.php\/2024\/04\/01\/francia-sutemenyek-sorozat-a-madeleine\/#article\",\"isPartOf\":{\"@id\":\"https:\/\/www.francespiration.com\/index.php\/2024\/04\/01\/francia-sutemenyek-sorozat-a-madeleine\/\"},\"author\":{\"name\":\"Sz\u00f6ll\u0151si T\u00edmea\",\"@id\":\"https:\/\/www.francespiration.com\/#\/schema\/person\/83f3dc20d791bfb54664f7e0287501fa\"},\"headline\":\"Francia s\u00fctem\u00e9nyek sorozat: a madeleine\",\"datePublished\":\"2024-04-01T12:57:42+00:00\",\"dateModified\":\"2024-04-02T14:20:07+00:00\",\"mainEntityOfPage\":{\"@id\":\"https:\/\/www.francespiration.com\/index.php\/2024\/04\/01\/francia-sutemenyek-sorozat-a-madeleine\/\"},\"wordCount\":729,\"commentCount\":0,\"publisher\":{\"@id\":\"https:\/\/www.francespiration.com\/#organization\"},\"keywords\":[\"\u00e9dess\u00e9g\",\"madeleine\",\"marcel proust\",\"s\u00fctem\u00e9ny\"],\"articleSection\":[\"KONYHA\"],\"inLanguage\":\"hu\",\"potentialAction\":[{\"@type\":\"CommentAction\",\"name\":\"Comment\",\"target\":[\"https:\/\/www.francespiration.com\/index.php\/2024\/04\/01\/francia-sutemenyek-sorozat-a-madeleine\/#respond\"]}]},{\"@type\":\"WebPage\",\"@id\":\"https:\/\/www.francespiration.com\/index.php\/2024\/04\/01\/francia-sutemenyek-sorozat-a-madeleine\/\",\"url\":\"https:\/\/www.francespiration.com\/index.php\/2024\/04\/01\/francia-sutemenyek-sorozat-a-madeleine\/\",\"name\":\"Francia s\u00fctem\u00e9nyek sorozat: a madeleine - Francespiration\",\"isPartOf\":{\"@id\":\"https:\/\/www.francespiration.com\/#website\"},\"datePublished\":\"2024-04-01T12:57:42+00:00\",\"dateModified\":\"2024-04-02T14:20:07+00:00\",\"description\":\"Ami\u00f3ta megsz\u00fcletett ez a s\u00fctem\u00e9ny, a madeleine egyet jelent Franciaorsz\u00e1ggal, \u00e9pp\u00fagy, mint a bagett vagy a fens\u00e9ges sajtok.\",\"breadcrumb\":{\"@id\":\"https:\/\/www.francespiration.com\/index.php\/2024\/04\/01\/francia-sutemenyek-sorozat-a-madeleine\/#breadcrumb\"},\"inLanguage\":\"hu\",\"potentialAction\":[{\"@type\":\"ReadAction\",\"target\":[\"https:\/\/www.francespiration.com\/index.php\/2024\/04\/01\/francia-sutemenyek-sorozat-a-madeleine\/\"]}]},{\"@type\":\"BreadcrumbList\",\"@id\":\"https:\/\/www.francespiration.com\/index.php\/2024\/04\/01\/francia-sutemenyek-sorozat-a-madeleine\/#breadcrumb\",\"itemListElement\":[{\"@type\":\"ListItem\",\"position\":1,\"name\":\"Kezd\u0151lap\",\"item\":\"https:\/\/www.francespiration.com\/\"},{\"@type\":\"ListItem\",\"position\":2,\"name\":\"Francia s\u00fctem\u00e9nyek sorozat: a madeleine\"}]},{\"@type\":\"WebSite\",\"@id\":\"https:\/\/www.francespiration.com\/#website\",\"url\":\"https:\/\/www.francespiration.com\/\",\"name\":\"Francespiration\",\"description\":\"Just another WordPress site\",\"publisher\":{\"@id\":\"https:\/\/www.francespiration.com\/#organization\"},\"potentialAction\":[{\"@type\":\"SearchAction\",\"target\":{\"@type\":\"EntryPoint\",\"urlTemplate\":\"https:\/\/www.francespiration.com\/?s={search_term_string}\"},\"query-input\":\"required name=search_term_string\"}],\"inLanguage\":\"hu\"},{\"@type\":\"Organization\",\"@id\":\"https:\/\/www.francespiration.com\/#organization\",\"name\":\"Francespiration\",\"url\":\"https:\/\/www.francespiration.com\/\",\"logo\":{\"@type\":\"ImageObject\",\"inLanguage\":\"hu\",\"@id\":\"https:\/\/www.francespiration.com\/#\/schema\/logo\/image\/\",\"url\":\"https:\/\/www.francespiration.com\/wp-content\/uploads\/2022\/09\/4d-also-scaled.jpg\",\"contentUrl\":\"https:\/\/www.francespiration.com\/wp-content\/uploads\/2022\/09\/4d-also-scaled.jpg\",\"width\":2560,\"height\":913,\"caption\":\"Francespiration\"},\"image\":{\"@id\":\"https:\/\/www.francespiration.com\/#\/schema\/logo\/image\/\"}},{\"@type\":\"Person\",\"@id\":\"https:\/\/www.francespiration.com\/#\/schema\/person\/83f3dc20d791bfb54664f7e0287501fa\",\"name\":\"Sz\u00f6ll\u0151si T\u00edmea\",\"image\":{\"@type\":\"ImageObject\",\"inLanguage\":\"hu\",\"@id\":\"https:\/\/www.francespiration.com\/#\/schema\/person\/image\/\",\"url\":\"https:\/\/secure.gravatar.com\/avatar\/1fd2e7bebd99ada3a170be066229da8dce9b7f9ba3748e0b659e39e5f31eb56a?s=96&d=mm&r=g\",\"contentUrl\":\"https:\/\/secure.gravatar.com\/avatar\/1fd2e7bebd99ada3a170be066229da8dce9b7f9ba3748e0b659e39e5f31eb56a?s=96&d=mm&r=g\",\"caption\":\"Sz\u00f6ll\u0151si T\u00edmea\"},\"sameAs\":[\"https:\/\/www.francespiration.com\"],\"url\":\"https:\/\/www.francespiration.com\/index.php\/author\/szollotimi\/\"}]}<\/script>\n<!-- \/ Yoast SEO plugin. -->","yoast_head_json":{"title":"Francia s\u00fctem\u00e9nyek sorozat: a madeleine - Francespiration","description":"Ami\u00f3ta megsz\u00fcletett ez a s\u00fctem\u00e9ny, a madeleine egyet jelent Franciaorsz\u00e1ggal, \u00e9pp\u00fagy, mint a bagett vagy a fens\u00e9ges sajtok.","robots":{"index":"index","follow":"follow","max-snippet":"max-snippet:-1","max-image-preview":"max-image-preview:large","max-video-preview":"max-video-preview:-1"},"canonical":"https:\/\/www.francespiration.com\/index.php\/2024\/04\/01\/francia-sutemenyek-sorozat-a-madeleine\/","og_locale":"hu_HU","og_type":"article","og_title":"Francia s\u00fctem\u00e9nyek sorozat: a madeleine - Francespiration","og_description":"Ami\u00f3ta megsz\u00fcletett ez a s\u00fctem\u00e9ny, a madeleine egyet jelent Franciaorsz\u00e1ggal, \u00e9pp\u00fagy, mint a bagett vagy a fens\u00e9ges sajtok.","og_url":"https:\/\/www.francespiration.com\/index.php\/2024\/04\/01\/francia-sutemenyek-sorozat-a-madeleine\/","og_site_name":"Francespiration","article_published_time":"2024-04-01T12:57:42+00:00","article_modified_time":"2024-04-02T14:20:07+00:00","og_image":[{"width":1254,"height":836,"url":"https:\/\/www.francespiration.com\/wp-content\/uploads\/2024\/04\/madeleine.jpg","type":"image\/jpeg"}],"author":"Sz\u00f6ll\u0151si T\u00edmea","twitter_card":"summary_large_image","twitter_misc":{"Szerz\u0151:":"Sz\u00f6ll\u0151si T\u00edmea","Becs\u00fclt olvas\u00e1si id\u0151":"3 perc"},"schema":{"@context":"https:\/\/schema.org","@graph":[{"@type":"Article","@id":"https:\/\/www.francespiration.com\/index.php\/2024\/04\/01\/francia-sutemenyek-sorozat-a-madeleine\/#article","isPartOf":{"@id":"https:\/\/www.francespiration.com\/index.php\/2024\/04\/01\/francia-sutemenyek-sorozat-a-madeleine\/"},"author":{"name":"Sz\u00f6ll\u0151si T\u00edmea","@id":"https:\/\/www.francespiration.com\/#\/schema\/person\/83f3dc20d791bfb54664f7e0287501fa"},"headline":"Francia s\u00fctem\u00e9nyek sorozat: a madeleine","datePublished":"2024-04-01T12:57:42+00:00","dateModified":"2024-04-02T14:20:07+00:00","mainEntityOfPage":{"@id":"https:\/\/www.francespiration.com\/index.php\/2024\/04\/01\/francia-sutemenyek-sorozat-a-madeleine\/"},"wordCount":729,"commentCount":0,"publisher":{"@id":"https:\/\/www.francespiration.com\/#organization"},"keywords":["\u00e9dess\u00e9g","madeleine","marcel proust","s\u00fctem\u00e9ny"],"articleSection":["KONYHA"],"inLanguage":"hu","potentialAction":[{"@type":"CommentAction","name":"Comment","target":["https:\/\/www.francespiration.com\/index.php\/2024\/04\/01\/francia-sutemenyek-sorozat-a-madeleine\/#respond"]}]},{"@type":"WebPage","@id":"https:\/\/www.francespiration.com\/index.php\/2024\/04\/01\/francia-sutemenyek-sorozat-a-madeleine\/","url":"https:\/\/www.francespiration.com\/index.php\/2024\/04\/01\/francia-sutemenyek-sorozat-a-madeleine\/","name":"Francia s\u00fctem\u00e9nyek sorozat: a madeleine - Francespiration","isPartOf":{"@id":"https:\/\/www.francespiration.com\/#website"},"datePublished":"2024-04-01T12:57:42+00:00","dateModified":"2024-04-02T14:20:07+00:00","description":"Ami\u00f3ta megsz\u00fcletett ez a s\u00fctem\u00e9ny, a madeleine egyet jelent Franciaorsz\u00e1ggal, \u00e9pp\u00fagy, mint a bagett vagy a fens\u00e9ges sajtok.","breadcrumb":{"@id":"https:\/\/www.francespiration.com\/index.php\/2024\/04\/01\/francia-sutemenyek-sorozat-a-madeleine\/#breadcrumb"},"inLanguage":"hu","potentialAction":[{"@type":"ReadAction","target":["https:\/\/www.francespiration.com\/index.php\/2024\/04\/01\/francia-sutemenyek-sorozat-a-madeleine\/"]}]},{"@type":"BreadcrumbList","@id":"https:\/\/www.francespiration.com\/index.php\/2024\/04\/01\/francia-sutemenyek-sorozat-a-madeleine\/#breadcrumb","itemListElement":[{"@type":"ListItem","position":1,"name":"Kezd\u0151lap","item":"https:\/\/www.francespiration.com\/"},{"@type":"ListItem","position":2,"name":"Francia s\u00fctem\u00e9nyek sorozat: a madeleine"}]},{"@type":"WebSite","@id":"https:\/\/www.francespiration.com\/#website","url":"https:\/\/www.francespiration.com\/","name":"Francespiration","description":"Just another WordPress site","publisher":{"@id":"https:\/\/www.francespiration.com\/#organization"},"potentialAction":[{"@type":"SearchAction","target":{"@type":"EntryPoint","urlTemplate":"https:\/\/www.francespiration.com\/?s={search_term_string}"},"query-input":"required name=search_term_string"}],"inLanguage":"hu"},{"@type":"Organization","@id":"https:\/\/www.francespiration.com\/#organization","name":"Francespiration","url":"https:\/\/www.francespiration.com\/","logo":{"@type":"ImageObject","inLanguage":"hu","@id":"https:\/\/www.francespiration.com\/#\/schema\/logo\/image\/","url":"https:\/\/www.francespiration.com\/wp-content\/uploads\/2022\/09\/4d-also-scaled.jpg","contentUrl":"https:\/\/www.francespiration.com\/wp-content\/uploads\/2022\/09\/4d-also-scaled.jpg","width":2560,"height":913,"caption":"Francespiration"},"image":{"@id":"https:\/\/www.francespiration.com\/#\/schema\/logo\/image\/"}},{"@type":"Person","@id":"https:\/\/www.francespiration.com\/#\/schema\/person\/83f3dc20d791bfb54664f7e0287501fa","name":"Sz\u00f6ll\u0151si T\u00edmea","image":{"@type":"ImageObject","inLanguage":"hu","@id":"https:\/\/www.francespiration.com\/#\/schema\/person\/image\/","url":"https:\/\/secure.gravatar.com\/avatar\/1fd2e7bebd99ada3a170be066229da8dce9b7f9ba3748e0b659e39e5f31eb56a?s=96&d=mm&r=g","contentUrl":"https:\/\/secure.gravatar.com\/avatar\/1fd2e7bebd99ada3a170be066229da8dce9b7f9ba3748e0b659e39e5f31eb56a?s=96&d=mm&r=g","caption":"Sz\u00f6ll\u0151si T\u00edmea"},"sameAs":["https:\/\/www.francespiration.com"],"url":"https:\/\/www.francespiration.com\/index.php\/author\/szollotimi\/"}]}},"_links":{"self":[{"href":"https:\/\/www.francespiration.com\/index.php\/wp-json\/wp\/v2\/posts\/1882","targetHints":{"allow":["GET"]}}],"collection":[{"href":"https:\/\/www.francespiration.com\/index.php\/wp-json\/wp\/v2\/posts"}],"about":[{"href":"https:\/\/www.francespiration.com\/index.php\/wp-json\/wp\/v2\/types\/post"}],"author":[{"embeddable":true,"href":"https:\/\/www.francespiration.com\/index.php\/wp-json\/wp\/v2\/users\/1"}],"replies":[{"embeddable":true,"href":"https:\/\/www.francespiration.com\/index.php\/wp-json\/wp\/v2\/comments?post=1882"}],"version-history":[{"count":6,"href":"https:\/\/www.francespiration.com\/index.php\/wp-json\/wp\/v2\/posts\/1882\/revisions"}],"predecessor-version":[{"id":1896,"href":"https:\/\/www.francespiration.com\/index.php\/wp-json\/wp\/v2\/posts\/1882\/revisions\/1896"}],"wp:featuredmedia":[{"embeddable":true,"href":"https:\/\/www.francespiration.com\/index.php\/wp-json\/wp\/v2\/media\/1886"}],"wp:attachment":[{"href":"https:\/\/www.francespiration.com\/index.php\/wp-json\/wp\/v2\/media?parent=1882"}],"wp:term":[{"taxonomy":"category","embeddable":true,"href":"https:\/\/www.francespiration.com\/index.php\/wp-json\/wp\/v2\/categories?post=1882"},{"taxonomy":"post_tag","embeddable":true,"href":"https:\/\/www.francespiration.com\/index.php\/wp-json\/wp\/v2\/tags?post=1882"}],"curies":[{"name":"wp","href":"https:\/\/api.w.org\/{rel}","templated":true}]}}