{"id":1892,"date":"2024-04-02T15:00:04","date_gmt":"2024-04-02T15:00:04","guid":{"rendered":"https:\/\/www.francespiration.com\/?p=1892"},"modified":"2024-04-02T17:35:35","modified_gmt":"2024-04-02T17:35:35","slug":"5-bakancslistas-tipp-ha-aprilisban-epp-parizsba-utaznal","status":"publish","type":"post","link":"https:\/\/www.francespiration.com\/index.php\/2024\/04\/02\/5-bakancslistas-tipp-ha-aprilisban-epp-parizsba-utaznal\/","title":{"rendered":"5 bakancslist\u00e1s tipp, ha \u00e1prilisban \u00e9pp P\u00e1rizsba utazn\u00e1l"},"content":{"rendered":"\n<p><strong>Azt mondj\u00e1k, P\u00e1rizsba l\u00e1togatni b\u00e1rmikor j\u00f3 \u00f6tlet, de tal\u00e1n a tavasz a legt\u00f6k\u00e9letesebb alkalom a francia f\u0151v\u00e1ros megl\u00e1togat\u00e1s\u00e1ra. Adunk n\u00e9h\u00e1ny tippet, hogy mi\u00e9rt<\/strong>&#8230;<\/p>\n\n\n\n<!--more-->\n\n\n\n<p>B\u00e1r es\u0151ben is im\u00e1dnival\u00f3, de a tavaszi naps\u00fct\u00e9sben, m\u00e9g viszonylag kev\u00e9s turist\u00e1val, mindenhol sz\u00ednesen rik\u00edt\u00f3 vir\u00e1gokkal \u00e1prilis a legjobb a F\u00e9ny f\u0151v\u00e1ros\u00e1nak megannyi hihetetlen\u00fcl fantasztikus helysz\u00edn\u00e9nek felfedez\u00e9s\u00e9re. <\/p>\n\n\n\n<p>Ilyenkor m\u00e9g j\u00f3 es\u00e9llyel elker\u00fclhetj\u00fck a k\u00edgy\u00f3z\u00f3 sorokat \u00e9s a n\u00e9pszer\u0171 l\u00e1tnival\u00f3k is kev\u00e9sb\u00e9 zs\u00fafoltak, mint ny\u00e1ron. Fedezz\u00fck fel most egy\u00fctt, hogy milyen k\u00fcl\u00f6nlegess\u00e9geket k\u00edn\u00e1l a v\u00e1ros, ha \u00e9pp \u00e1prilisban l\u00e1togatunk ide. <\/p>\n\n\n\n<h2 class=\"wp-block-heading\">Kora reggeli fut\u00e1s<\/h2>\n\n\n\n<p>Nem vit\u00e1s, P\u00e1rizs a fut\u00f3k v\u00e1rosa, mert ak\u00e1rhov\u00e1 is n\u00e9z\u00fcnk az utc\u00e1kat j\u00e1rva, mindenhol fut\u00f3kat l\u00e1thatunk. Ak\u00e1rhol is legyen a sz\u00e1ll\u00e1sunk, a Latin-negyedben vagy az Opera k\u00f6rny\u00e9k\u00e9n, futva k\u00f6nnyen felfedezhetj\u00fck a v\u00e1rost. A Luxemburg-kertben, a Tuli\u00e9ri\u00e1k hatalmas parkj\u00e1ban vagy a Szajna-parton egy\u00fctt futhatunk P\u00e1rizs f\u00e9l lakoss\u00e1g\u00e1val, akik hidegben, melegben, es\u0151ben, sz\u00e9lben, naps\u00fct\u00e9sben szeml\u00e1tom\u00e1st \u00e1lland\u00f3an futnak.  <\/p>\n\n\n\n<h2 class=\"wp-block-heading\">R\u00f3zs\u00e1k, cseresznyevir\u00e1gz\u00e1s \u00e9s magn\u00f3li\u00e1k minden mennyis\u00e9gben<\/h2>\n\n\n\n<p>P\u00e1rizs h\u00edres gy\u00f6ny\u00f6r\u0171 kertjeir\u0151l, \u00e9s \u00e1prilis a legjobb id\u0151szak a tavasz sz\u00edneinek megtekint\u00e9s\u00e9re, amikor egym\u00e1s ut\u00e1n borulnak vir\u00e1gba a cseresznyef\u00e1k, a r\u00f3zs\u00e1k, a magn\u00f3li\u00e1k \u00e9s az illatos lilaak\u00e1cok. Cseresznyevir\u00e1gz\u00e1s\u00e9rt l\u00e1togass el a Jardin des Plantes, vagy a Shakespeare and Company k\u00f6nyvesbolthoz,  a magn\u00f3li\u00e1k\u00e9rt a  Palais Royal kertj\u00e9be, a Tuli\u00e9ri\u00e1khoz, a Luxembourg-kertbe, vagy a H\u00f4tel de Ville, azaz a V\u00e1rosh\u00e1za oldal\u00e1hoz. Ha pedig lilaak\u00e1cban gy\u00f6ny\u00f6rk\u00f6dn\u00e9l, akkor ir\u00e1ny a Grande Mosquee de Paris \u00e9s a Rue de l&#8217;Abreuvoir. <\/p>\n\n\n\n<figure class=\"wp-block-image size-large\"><img loading=\"lazy\" decoding=\"async\" width=\"768\" height=\"1024\" src=\"https:\/\/www.francespiration.com\/wp-content\/uploads\/2024\/04\/parizs-rozsak-tipp-768x1024.jpg\" alt=\"\" class=\"wp-image-1898\" srcset=\"https:\/\/www.francespiration.com\/wp-content\/uploads\/2024\/04\/parizs-rozsak-tipp-768x1024.jpg 768w, https:\/\/www.francespiration.com\/wp-content\/uploads\/2024\/04\/parizs-rozsak-tipp-225x300.jpg 225w, https:\/\/www.francespiration.com\/wp-content\/uploads\/2024\/04\/parizs-rozsak-tipp-1152x1536.jpg 1152w, https:\/\/www.francespiration.com\/wp-content\/uploads\/2024\/04\/parizs-rozsak-tipp-1536x2048.jpg 1536w, https:\/\/www.francespiration.com\/wp-content\/uploads\/2024\/04\/parizs-rozsak-tipp-scaled.jpg 1920w\" sizes=\"auto, (max-width: 768px) 100vw, 768px\" \/><\/figure>\n\n\n\n<h2 class=\"wp-block-heading\">K\u00f6nyvfesztiv\u00e1l<\/h2>\n\n\n\n<p>\u00c1prilis 12-14. k\u00f6z\u00f6tt ker\u00fcl megrendez\u00e9sre a Festival du Livre de Paris, vagyis a P\u00e1rizsi K\u00f6nyvfesztiv\u00e1l a 7. ker\u00fcleti Grand Palais \u00c9ph\u00e9m\u00e8re-ben.  A fesztiv\u00e1l t\u00f6bb ezer k\u00f6nyvet \u00e9s sz\u00e1mos programot k\u00edn\u00e1l eg\u00e9sz h\u00e9tv\u00e9g\u00e9re. Feln\u0151tteknek \u00e9s gyerekeknek sz\u00e1mos workshop, \u00edr\u00f3 \u00e9s szerz\u0151, \u00e9s rengeteg lehet\u0151s\u00e9g v\u00e1rja a k\u00fcl\u00f6nb\u00f6z\u0151 m\u0171fajokkal \u00e9s st\u00edlusokkal val\u00f3 ismerked\u00e9sre. T\u00f6k\u00e9letes rendezv\u00e9ny k\u00f6nyvmolyoknak.<\/p>\n\n\n\n<h2 class=\"wp-block-heading\">Az aut\u00f3k szerelmeseinek<\/h2>\n\n\n\n<p>Igazi csemege az \u00e1prilis 21-27. k\u00f6z\u00f6tt megrendez\u00e9sre ker\u00fcl\u0151 Tour Auto elnevez\u00e9s\u0171 esem\u00e9ny. A t\u00f6rt\u00e9nete 1989-ig ny\u00falik vissza, amikor a Tour de France Automobile n\u00e9vre hallgat\u00f3 esem\u00e9ny sor\u00e1n a versenyz\u0151k P\u00e1rizsb\u00f3l Biarritzba vezettek. Az neves alkalom id\u00e9n \u00e1prilis 21-\u00e9n kezd\u0151dik a versenyz\u0151 j\u00e1rm\u0171vek ki\u00e1ll\u00edt\u00e1s\u00e1val szint\u00e9n a Grand Palais \u00c9ph\u00e9m\u00e8re-ben.<\/p>\n\n\n\n<h2 class=\"wp-block-heading\">V\u00e9g\u00fcl, de nem utols\u00f3sorban:<\/h2>\n\n\n\n<figure class=\"wp-block-image size-large\"><img loading=\"lazy\" decoding=\"async\" width=\"768\" height=\"1024\" src=\"https:\/\/www.francespiration.com\/wp-content\/uploads\/2024\/04\/parizs-musee-dorsay-768x1024.jpg\" alt=\"p\u00e1rizs-mus\u00e9e d'orsay\" class=\"wp-image-1899\" srcset=\"https:\/\/www.francespiration.com\/wp-content\/uploads\/2024\/04\/parizs-musee-dorsay-768x1024.jpg 768w, https:\/\/www.francespiration.com\/wp-content\/uploads\/2024\/04\/parizs-musee-dorsay-225x300.jpg 225w, https:\/\/www.francespiration.com\/wp-content\/uploads\/2024\/04\/parizs-musee-dorsay-1152x1536.jpg 1152w, https:\/\/www.francespiration.com\/wp-content\/uploads\/2024\/04\/parizs-musee-dorsay-1536x2048.jpg 1536w, https:\/\/www.francespiration.com\/wp-content\/uploads\/2024\/04\/parizs-musee-dorsay-scaled.jpg 1920w\" sizes=\"auto, (max-width: 768px) 100vw, 768px\" \/><\/figure>\n\n\n\n<p><strong>P\u00e1rizs 1874 \u2013 Az impresszionizmus feltal\u00e1l\u00e1sa <\/strong>c\u00edmmel j\u00falius 14-ig tekinthet\u0151 meg Mus\u00e9e d&#8217;Orsay zseni\u00e1lis ki\u00e1ll\u00edt\u00e1sa. A ki\u00e1ll\u00edt\u00e1s gondosan \u00f6sszev\u00e1logatott impresszionista m\u0171alkot\u00e1sokat \u00e1ll\u00edt p\u00e1rhuzamba az 1874-es hivatalos Szalon darabjaival.  A retrospekt\u00edv t\u00e1rlat az impresszionista mozgalom \u00e9s az 1874-es hagyom\u00e1nyos Szalon k\u00f6z\u00f6tti kontrasztos dinamik\u00e1t t\u00e1rja fel.<\/p>\n","protected":false},"excerpt":{"rendered":"<p>Azt mondj\u00e1k, P\u00e1rizsba l\u00e1togatni b\u00e1rmikor j\u00f3 \u00f6tlet, de tal\u00e1n a tavasz a legt\u00f6k\u00e9letesebb alkalom a francia f\u0151v\u00e1ros megl\u00e1togat\u00e1s\u00e1ra. Adunk n\u00e9h\u00e1ny tippet, hogy mi\u00e9rt&#8230;<\/p>\n","protected":false},"author":1,"featured_media":1897,"comment_status":"open","ping_status":"open","sticky":false,"template":"","format":"standard","meta":{"footnotes":""},"categories":[27,29],"tags":[138,139,47],"class_list":["post-1892","post","type-post","status-publish","format-standard","has-post-thumbnail","hentry","category-elet","category-kultura","tag-futas","tag-musee-dorsay","tag-parizs"],"yoast_head":"<!-- This site is optimized with the Yoast SEO plugin v20.13 - https:\/\/yoast.com\/wordpress\/plugins\/seo\/ -->\n<title>5 bakancslist\u00e1s tipp, ha \u00e1prilisban \u00e9pp P\u00e1rizsba utazn\u00e1l - Francespiration<\/title>\n<meta name=\"description\" content=\"P\u00e1rizs b\u00e1rmikor j\u00f3 \u00f6tlet, de tal\u00e1n a tavasz a legt\u00f6k\u00e9letesebb alkalom a francia f\u0151v\u00e1ros megl\u00e1togat\u00e1s\u00e1ra. N\u00e9h\u00e1ny P\u00e1rizs tipp k\u00f6vetkezik\" \/>\n<meta name=\"robots\" content=\"index, follow, max-snippet:-1, max-image-preview:large, max-video-preview:-1\" \/>\n<link rel=\"canonical\" href=\"https:\/\/www.francespiration.com\/index.php\/2024\/04\/02\/5-bakancslistas-tipp-ha-aprilisban-epp-parizsba-utaznal\/\" \/>\n<meta property=\"og:locale\" content=\"hu_HU\" \/>\n<meta property=\"og:type\" content=\"article\" \/>\n<meta property=\"og:title\" content=\"5 bakancslist\u00e1s tipp, ha \u00e1prilisban \u00e9pp P\u00e1rizsba utazn\u00e1l - Francespiration\" \/>\n<meta property=\"og:description\" content=\"P\u00e1rizs b\u00e1rmikor j\u00f3 \u00f6tlet, de tal\u00e1n a tavasz a legt\u00f6k\u00e9letesebb alkalom a francia f\u0151v\u00e1ros megl\u00e1togat\u00e1s\u00e1ra. N\u00e9h\u00e1ny P\u00e1rizs tipp k\u00f6vetkezik\" \/>\n<meta property=\"og:url\" content=\"https:\/\/www.francespiration.com\/index.php\/2024\/04\/02\/5-bakancslistas-tipp-ha-aprilisban-epp-parizsba-utaznal\/\" \/>\n<meta property=\"og:site_name\" content=\"Francespiration\" \/>\n<meta property=\"article:published_time\" content=\"2024-04-02T15:00:04+00:00\" \/>\n<meta property=\"article:modified_time\" content=\"2024-04-02T17:35:35+00:00\" \/>\n<meta property=\"og:image\" content=\"https:\/\/www.francespiration.com\/wp-content\/uploads\/2024\/04\/magnolia-parizs-petit-palace-scaled.jpg\" \/>\n\t<meta property=\"og:image:width\" content=\"2560\" \/>\n\t<meta property=\"og:image:height\" content=\"1709\" \/>\n\t<meta property=\"og:image:type\" content=\"image\/jpeg\" \/>\n<meta name=\"author\" content=\"Sz\u00f6ll\u0151si T\u00edmea\" \/>\n<meta name=\"twitter:card\" content=\"summary_large_image\" \/>\n<meta name=\"twitter:label1\" content=\"Szerz\u0151:\" \/>\n\t<meta name=\"twitter:data1\" content=\"Sz\u00f6ll\u0151si T\u00edmea\" \/>\n\t<meta name=\"twitter:label2\" content=\"Becs\u00fclt olvas\u00e1si id\u0151\" \/>\n\t<meta name=\"twitter:data2\" content=\"3 perc\" \/>\n<script type=\"application\/ld+json\" class=\"yoast-schema-graph\">{\"@context\":\"https:\/\/schema.org\",\"@graph\":[{\"@type\":\"Article\",\"@id\":\"https:\/\/www.francespiration.com\/index.php\/2024\/04\/02\/5-bakancslistas-tipp-ha-aprilisban-epp-parizsba-utaznal\/#article\",\"isPartOf\":{\"@id\":\"https:\/\/www.francespiration.com\/index.php\/2024\/04\/02\/5-bakancslistas-tipp-ha-aprilisban-epp-parizsba-utaznal\/\"},\"author\":{\"name\":\"Sz\u00f6ll\u0151si T\u00edmea\",\"@id\":\"https:\/\/www.francespiration.com\/#\/schema\/person\/83f3dc20d791bfb54664f7e0287501fa\"},\"headline\":\"5 bakancslist\u00e1s tipp, ha \u00e1prilisban \u00e9pp P\u00e1rizsba utazn\u00e1l\",\"datePublished\":\"2024-04-02T15:00:04+00:00\",\"dateModified\":\"2024-04-02T17:35:35+00:00\",\"mainEntityOfPage\":{\"@id\":\"https:\/\/www.francespiration.com\/index.php\/2024\/04\/02\/5-bakancslistas-tipp-ha-aprilisban-epp-parizsba-utaznal\/\"},\"wordCount\":616,\"commentCount\":0,\"publisher\":{\"@id\":\"https:\/\/www.francespiration.com\/#organization\"},\"keywords\":[\"fut\u00e1s\",\"mus\u00e9e d'orsay\",\"p\u00e1rizs\"],\"articleSection\":[\"\u00c9LET\",\"KULT\u00daRA\"],\"inLanguage\":\"hu\",\"potentialAction\":[{\"@type\":\"CommentAction\",\"name\":\"Comment\",\"target\":[\"https:\/\/www.francespiration.com\/index.php\/2024\/04\/02\/5-bakancslistas-tipp-ha-aprilisban-epp-parizsba-utaznal\/#respond\"]}]},{\"@type\":\"WebPage\",\"@id\":\"https:\/\/www.francespiration.com\/index.php\/2024\/04\/02\/5-bakancslistas-tipp-ha-aprilisban-epp-parizsba-utaznal\/\",\"url\":\"https:\/\/www.francespiration.com\/index.php\/2024\/04\/02\/5-bakancslistas-tipp-ha-aprilisban-epp-parizsba-utaznal\/\",\"name\":\"5 bakancslist\u00e1s tipp, ha \u00e1prilisban \u00e9pp P\u00e1rizsba utazn\u00e1l - Francespiration\",\"isPartOf\":{\"@id\":\"https:\/\/www.francespiration.com\/#website\"},\"datePublished\":\"2024-04-02T15:00:04+00:00\",\"dateModified\":\"2024-04-02T17:35:35+00:00\",\"description\":\"P\u00e1rizs b\u00e1rmikor j\u00f3 \u00f6tlet, de tal\u00e1n a tavasz a legt\u00f6k\u00e9letesebb alkalom a francia f\u0151v\u00e1ros megl\u00e1togat\u00e1s\u00e1ra. N\u00e9h\u00e1ny P\u00e1rizs tipp k\u00f6vetkezik\",\"breadcrumb\":{\"@id\":\"https:\/\/www.francespiration.com\/index.php\/2024\/04\/02\/5-bakancslistas-tipp-ha-aprilisban-epp-parizsba-utaznal\/#breadcrumb\"},\"inLanguage\":\"hu\",\"potentialAction\":[{\"@type\":\"ReadAction\",\"target\":[\"https:\/\/www.francespiration.com\/index.php\/2024\/04\/02\/5-bakancslistas-tipp-ha-aprilisban-epp-parizsba-utaznal\/\"]}]},{\"@type\":\"BreadcrumbList\",\"@id\":\"https:\/\/www.francespiration.com\/index.php\/2024\/04\/02\/5-bakancslistas-tipp-ha-aprilisban-epp-parizsba-utaznal\/#breadcrumb\",\"itemListElement\":[{\"@type\":\"ListItem\",\"position\":1,\"name\":\"Kezd\u0151lap\",\"item\":\"https:\/\/www.francespiration.com\/\"},{\"@type\":\"ListItem\",\"position\":2,\"name\":\"5 bakancslist\u00e1s tipp, ha \u00e1prilisban \u00e9pp P\u00e1rizsba utazn\u00e1l\"}]},{\"@type\":\"WebSite\",\"@id\":\"https:\/\/www.francespiration.com\/#website\",\"url\":\"https:\/\/www.francespiration.com\/\",\"name\":\"Francespiration\",\"description\":\"Just another WordPress site\",\"publisher\":{\"@id\":\"https:\/\/www.francespiration.com\/#organization\"},\"potentialAction\":[{\"@type\":\"SearchAction\",\"target\":{\"@type\":\"EntryPoint\",\"urlTemplate\":\"https:\/\/www.francespiration.com\/?s={search_term_string}\"},\"query-input\":\"required name=search_term_string\"}],\"inLanguage\":\"hu\"},{\"@type\":\"Organization\",\"@id\":\"https:\/\/www.francespiration.com\/#organization\",\"name\":\"Francespiration\",\"url\":\"https:\/\/www.francespiration.com\/\",\"logo\":{\"@type\":\"ImageObject\",\"inLanguage\":\"hu\",\"@id\":\"https:\/\/www.francespiration.com\/#\/schema\/logo\/image\/\",\"url\":\"https:\/\/www.francespiration.com\/wp-content\/uploads\/2022\/09\/4d-also-scaled.jpg\",\"contentUrl\":\"https:\/\/www.francespiration.com\/wp-content\/uploads\/2022\/09\/4d-also-scaled.jpg\",\"width\":2560,\"height\":913,\"caption\":\"Francespiration\"},\"image\":{\"@id\":\"https:\/\/www.francespiration.com\/#\/schema\/logo\/image\/\"}},{\"@type\":\"Person\",\"@id\":\"https:\/\/www.francespiration.com\/#\/schema\/person\/83f3dc20d791bfb54664f7e0287501fa\",\"name\":\"Sz\u00f6ll\u0151si T\u00edmea\",\"image\":{\"@type\":\"ImageObject\",\"inLanguage\":\"hu\",\"@id\":\"https:\/\/www.francespiration.com\/#\/schema\/person\/image\/\",\"url\":\"https:\/\/secure.gravatar.com\/avatar\/1fd2e7bebd99ada3a170be066229da8dce9b7f9ba3748e0b659e39e5f31eb56a?s=96&d=mm&r=g\",\"contentUrl\":\"https:\/\/secure.gravatar.com\/avatar\/1fd2e7bebd99ada3a170be066229da8dce9b7f9ba3748e0b659e39e5f31eb56a?s=96&d=mm&r=g\",\"caption\":\"Sz\u00f6ll\u0151si T\u00edmea\"},\"sameAs\":[\"https:\/\/www.francespiration.com\"],\"url\":\"https:\/\/www.francespiration.com\/index.php\/author\/szollotimi\/\"}]}<\/script>\n<!-- \/ Yoast SEO plugin. -->","yoast_head_json":{"title":"5 bakancslist\u00e1s tipp, ha \u00e1prilisban \u00e9pp P\u00e1rizsba utazn\u00e1l - Francespiration","description":"P\u00e1rizs b\u00e1rmikor j\u00f3 \u00f6tlet, de tal\u00e1n a tavasz a legt\u00f6k\u00e9letesebb alkalom a francia f\u0151v\u00e1ros megl\u00e1togat\u00e1s\u00e1ra. N\u00e9h\u00e1ny P\u00e1rizs tipp k\u00f6vetkezik","robots":{"index":"index","follow":"follow","max-snippet":"max-snippet:-1","max-image-preview":"max-image-preview:large","max-video-preview":"max-video-preview:-1"},"canonical":"https:\/\/www.francespiration.com\/index.php\/2024\/04\/02\/5-bakancslistas-tipp-ha-aprilisban-epp-parizsba-utaznal\/","og_locale":"hu_HU","og_type":"article","og_title":"5 bakancslist\u00e1s tipp, ha \u00e1prilisban \u00e9pp P\u00e1rizsba utazn\u00e1l - Francespiration","og_description":"P\u00e1rizs b\u00e1rmikor j\u00f3 \u00f6tlet, de tal\u00e1n a tavasz a legt\u00f6k\u00e9letesebb alkalom a francia f\u0151v\u00e1ros megl\u00e1togat\u00e1s\u00e1ra. N\u00e9h\u00e1ny P\u00e1rizs tipp k\u00f6vetkezik","og_url":"https:\/\/www.francespiration.com\/index.php\/2024\/04\/02\/5-bakancslistas-tipp-ha-aprilisban-epp-parizsba-utaznal\/","og_site_name":"Francespiration","article_published_time":"2024-04-02T15:00:04+00:00","article_modified_time":"2024-04-02T17:35:35+00:00","og_image":[{"width":2560,"height":1709,"url":"https:\/\/www.francespiration.com\/wp-content\/uploads\/2024\/04\/magnolia-parizs-petit-palace-scaled.jpg","type":"image\/jpeg"}],"author":"Sz\u00f6ll\u0151si T\u00edmea","twitter_card":"summary_large_image","twitter_misc":{"Szerz\u0151:":"Sz\u00f6ll\u0151si T\u00edmea","Becs\u00fclt olvas\u00e1si id\u0151":"3 perc"},"schema":{"@context":"https:\/\/schema.org","@graph":[{"@type":"Article","@id":"https:\/\/www.francespiration.com\/index.php\/2024\/04\/02\/5-bakancslistas-tipp-ha-aprilisban-epp-parizsba-utaznal\/#article","isPartOf":{"@id":"https:\/\/www.francespiration.com\/index.php\/2024\/04\/02\/5-bakancslistas-tipp-ha-aprilisban-epp-parizsba-utaznal\/"},"author":{"name":"Sz\u00f6ll\u0151si T\u00edmea","@id":"https:\/\/www.francespiration.com\/#\/schema\/person\/83f3dc20d791bfb54664f7e0287501fa"},"headline":"5 bakancslist\u00e1s tipp, ha \u00e1prilisban \u00e9pp P\u00e1rizsba utazn\u00e1l","datePublished":"2024-04-02T15:00:04+00:00","dateModified":"2024-04-02T17:35:35+00:00","mainEntityOfPage":{"@id":"https:\/\/www.francespiration.com\/index.php\/2024\/04\/02\/5-bakancslistas-tipp-ha-aprilisban-epp-parizsba-utaznal\/"},"wordCount":616,"commentCount":0,"publisher":{"@id":"https:\/\/www.francespiration.com\/#organization"},"keywords":["fut\u00e1s","mus\u00e9e d'orsay","p\u00e1rizs"],"articleSection":["\u00c9LET","KULT\u00daRA"],"inLanguage":"hu","potentialAction":[{"@type":"CommentAction","name":"Comment","target":["https:\/\/www.francespiration.com\/index.php\/2024\/04\/02\/5-bakancslistas-tipp-ha-aprilisban-epp-parizsba-utaznal\/#respond"]}]},{"@type":"WebPage","@id":"https:\/\/www.francespiration.com\/index.php\/2024\/04\/02\/5-bakancslistas-tipp-ha-aprilisban-epp-parizsba-utaznal\/","url":"https:\/\/www.francespiration.com\/index.php\/2024\/04\/02\/5-bakancslistas-tipp-ha-aprilisban-epp-parizsba-utaznal\/","name":"5 bakancslist\u00e1s tipp, ha \u00e1prilisban \u00e9pp P\u00e1rizsba utazn\u00e1l - Francespiration","isPartOf":{"@id":"https:\/\/www.francespiration.com\/#website"},"datePublished":"2024-04-02T15:00:04+00:00","dateModified":"2024-04-02T17:35:35+00:00","description":"P\u00e1rizs b\u00e1rmikor j\u00f3 \u00f6tlet, de tal\u00e1n a tavasz a legt\u00f6k\u00e9letesebb alkalom a francia f\u0151v\u00e1ros megl\u00e1togat\u00e1s\u00e1ra. N\u00e9h\u00e1ny P\u00e1rizs tipp k\u00f6vetkezik","breadcrumb":{"@id":"https:\/\/www.francespiration.com\/index.php\/2024\/04\/02\/5-bakancslistas-tipp-ha-aprilisban-epp-parizsba-utaznal\/#breadcrumb"},"inLanguage":"hu","potentialAction":[{"@type":"ReadAction","target":["https:\/\/www.francespiration.com\/index.php\/2024\/04\/02\/5-bakancslistas-tipp-ha-aprilisban-epp-parizsba-utaznal\/"]}]},{"@type":"BreadcrumbList","@id":"https:\/\/www.francespiration.com\/index.php\/2024\/04\/02\/5-bakancslistas-tipp-ha-aprilisban-epp-parizsba-utaznal\/#breadcrumb","itemListElement":[{"@type":"ListItem","position":1,"name":"Kezd\u0151lap","item":"https:\/\/www.francespiration.com\/"},{"@type":"ListItem","position":2,"name":"5 bakancslist\u00e1s tipp, ha \u00e1prilisban \u00e9pp P\u00e1rizsba utazn\u00e1l"}]},{"@type":"WebSite","@id":"https:\/\/www.francespiration.com\/#website","url":"https:\/\/www.francespiration.com\/","name":"Francespiration","description":"Just another WordPress site","publisher":{"@id":"https:\/\/www.francespiration.com\/#organization"},"potentialAction":[{"@type":"SearchAction","target":{"@type":"EntryPoint","urlTemplate":"https:\/\/www.francespiration.com\/?s={search_term_string}"},"query-input":"required name=search_term_string"}],"inLanguage":"hu"},{"@type":"Organization","@id":"https:\/\/www.francespiration.com\/#organization","name":"Francespiration","url":"https:\/\/www.francespiration.com\/","logo":{"@type":"ImageObject","inLanguage":"hu","@id":"https:\/\/www.francespiration.com\/#\/schema\/logo\/image\/","url":"https:\/\/www.francespiration.com\/wp-content\/uploads\/2022\/09\/4d-also-scaled.jpg","contentUrl":"https:\/\/www.francespiration.com\/wp-content\/uploads\/2022\/09\/4d-also-scaled.jpg","width":2560,"height":913,"caption":"Francespiration"},"image":{"@id":"https:\/\/www.francespiration.com\/#\/schema\/logo\/image\/"}},{"@type":"Person","@id":"https:\/\/www.francespiration.com\/#\/schema\/person\/83f3dc20d791bfb54664f7e0287501fa","name":"Sz\u00f6ll\u0151si T\u00edmea","image":{"@type":"ImageObject","inLanguage":"hu","@id":"https:\/\/www.francespiration.com\/#\/schema\/person\/image\/","url":"https:\/\/secure.gravatar.com\/avatar\/1fd2e7bebd99ada3a170be066229da8dce9b7f9ba3748e0b659e39e5f31eb56a?s=96&d=mm&r=g","contentUrl":"https:\/\/secure.gravatar.com\/avatar\/1fd2e7bebd99ada3a170be066229da8dce9b7f9ba3748e0b659e39e5f31eb56a?s=96&d=mm&r=g","caption":"Sz\u00f6ll\u0151si T\u00edmea"},"sameAs":["https:\/\/www.francespiration.com"],"url":"https:\/\/www.francespiration.com\/index.php\/author\/szollotimi\/"}]}},"_links":{"self":[{"href":"https:\/\/www.francespiration.com\/index.php\/wp-json\/wp\/v2\/posts\/1892","targetHints":{"allow":["GET"]}}],"collection":[{"href":"https:\/\/www.francespiration.com\/index.php\/wp-json\/wp\/v2\/posts"}],"about":[{"href":"https:\/\/www.francespiration.com\/index.php\/wp-json\/wp\/v2\/types\/post"}],"author":[{"embeddable":true,"href":"https:\/\/www.francespiration.com\/index.php\/wp-json\/wp\/v2\/users\/1"}],"replies":[{"embeddable":true,"href":"https:\/\/www.francespiration.com\/index.php\/wp-json\/wp\/v2\/comments?post=1892"}],"version-history":[{"count":5,"href":"https:\/\/www.francespiration.com\/index.php\/wp-json\/wp\/v2\/posts\/1892\/revisions"}],"predecessor-version":[{"id":1905,"href":"https:\/\/www.francespiration.com\/index.php\/wp-json\/wp\/v2\/posts\/1892\/revisions\/1905"}],"wp:featuredmedia":[{"embeddable":true,"href":"https:\/\/www.francespiration.com\/index.php\/wp-json\/wp\/v2\/media\/1897"}],"wp:attachment":[{"href":"https:\/\/www.francespiration.com\/index.php\/wp-json\/wp\/v2\/media?parent=1892"}],"wp:term":[{"taxonomy":"category","embeddable":true,"href":"https:\/\/www.francespiration.com\/index.php\/wp-json\/wp\/v2\/categories?post=1892"},{"taxonomy":"post_tag","embeddable":true,"href":"https:\/\/www.francespiration.com\/index.php\/wp-json\/wp\/v2\/tags?post=1892"}],"curies":[{"name":"wp","href":"https:\/\/api.w.org\/{rel}","templated":true}]}}