{"id":1907,"date":"2024-04-11T15:01:21","date_gmt":"2024-04-11T15:01:21","guid":{"rendered":"https:\/\/www.francespiration.com\/?p=1907"},"modified":"2024-04-11T15:03:22","modified_gmt":"2024-04-11T15:03:22","slug":"hamarosan-a-mozikban-a-cannes-i-filmfesztival-nyitofilmje","status":"publish","type":"post","link":"https:\/\/www.francespiration.com\/index.php\/2024\/04\/11\/hamarosan-a-mozikban-a-cannes-i-filmfesztival-nyitofilmje\/","title":{"rendered":"Hamarosan a mozikban a Cannes-i Filmfesztiv\u00e1l nyit\u00f3filmje"},"content":{"rendered":"\n<p><strong>A 2024-es cannes-i nyit\u00f3filmet a Cirko Film mutatja be a magyar mozikban<\/strong>.<\/p>\n\n\n\n<!--more-->\n\n\n\n<p>A fesztiv\u00e1l nyit\u00f3filmje, Quentin Dupieux A m\u00e1sodik felvon\u00e1s (Le Deuxi\u00e8me Acte) c\u00edm\u0171 v\u00edgj\u00e1t\u00e9ka \u00e9s az En fanfare c\u00edm\u0171 francia v\u00edgj\u00e1t\u00e9k is a Cirko Film forgalmaz\u00e1s\u00e1ban lesz majd l\u00e1that\u00f3 Magyarorsz\u00e1gon.<\/p>\n\n\n\n<h2 class=\"wp-block-heading\">A fesztiv\u00e1l 77. kiad\u00e1s\u00e1nak nyit\u00f3filmje a mer\u00e9sz \u00e9s kisz\u00e1m\u00edthatatlan m\u0171v\u00e9sz, Quentin Dupieux<em> <\/em><a href=\"https:\/\/www.imdb.com\/title\/tt30784256\/?ref_=nm_flmg_unrel_1_wr\"><em>A m\u00e1sodik felvon\u00e1s<\/em><\/a><em> (Le Deuxi\u00e8me Acte) <\/em>c\u00edm\u0171 alkot\u00e1sa lesz. <\/h2>\n\n\n\n<p>A hangnemben, form\u00e1ban \u00e9s t\u00e9m\u00e1ban egyar\u00e1nt a szabads\u00e1got el\u0151t\u00e9rbe helyez\u0151 rendez\u0151 az elm\u00falt 17 \u00e9v alatt 13 filmet k\u00e9sz\u00edtett, amelyekben az k\u00f6z\u00f6s, hogy mindenf\u00e9le konvenci\u00f3t\u00f3l mentesek.\u00a0<\/p>\n\n\n\n<figure class=\"wp-block-image size-full\"><img loading=\"lazy\" decoding=\"async\" width=\"556\" height=\"277\" src=\"https:\/\/www.francespiration.com\/wp-content\/uploads\/2024\/04\/cirko.png\" alt=\"\" class=\"wp-image-1909\" srcset=\"https:\/\/www.francespiration.com\/wp-content\/uploads\/2024\/04\/cirko.png 556w, https:\/\/www.francespiration.com\/wp-content\/uploads\/2024\/04\/cirko-300x149.png 300w\" sizes=\"auto, (max-width: 556px) 100vw, 556px\" \/><figcaption class=\"wp-element-caption\">A m\u00e1sodik felvon\u00e1s c\u00edm\u0171 film Fot\u00f3: Cirko Film<\/figcaption><\/figure>\n\n\n\n<p>Az abszurd film r\u00f6vid t\u00f6rt\u00e9nete: Florence \u0151r\u00fclten szerelmes Davidba, akit be akar mutatni az apj\u00e1nak. David azonban nem vonz\u00f3dik hozz\u00e1, \u00e9s jobban szeretn\u00e9 a bar\u00e1tja, Willy oldal\u00e1n l\u00e1tni a n\u0151t. A szerepl\u0151k egy \u00e9tteremben tal\u00e1lkoznak a semmi k\u00f6zep\u00e9n.<\/p>\n\n\n\n<p>Velenc\u00e9ben bemutatott, nagy siker\u0171 v\u00edgj\u00e1t\u00e9ka, a <em>Daaaaaali!<\/em> ut\u00e1n a meg\u00e1ll\u00edthatatlan Quentin Dupieux egy \u00faj, provokat\u00edv, abszurd, m\u00e9gis vicces kom\u00e9di\u00e1val t\u00e9r vissza, amely szerelmeslev\u00e9l a sz\u00f6rny\u0171 filmekhez \u00e9s a rossz sz\u00edn\u00e9szekhez. A sz\u00fcrre\u00e1lis film f\u0151szerepl\u0151i A list\u00e1s francia szt\u00e1rok: t\u00f6bbek k\u00f6z\u00f6tt <strong>L\u00e9a Seydoux, Vincent Lindon<\/strong> \u00e9s <strong>Louis Garrel.<\/strong><\/p>\n\n\n\n<h2 class=\"wp-block-heading\">A t\u00e1rsadalmi k\u00e9rd\u00e9seket gyakran feelgood v\u00edgj\u00e1t\u00e9kokban vizsg\u00e1l\u00f3 <strong>Emmanuel Courcol<\/strong> a Cannes Premiere programban mutatja be <a href=\"https:\/\/m.imdb.com\/title\/tt30327451\/\">En fanfare<\/a> c\u00edm\u0171 filmj\u00e9t.\u00a0<\/h2>\n\n\n\n<p>A h\u00edres karmester, Thibaut (<strong>Benjamin Lavernhe<\/strong>) leuk\u00e9mi\u00e1ban szenved, \u00e9s csontvel\u0151donort kell tal\u00e1lnia. Amikor megtudja, hogy annak idej\u00e9n \u00f6r\u00f6kbe fogadt\u00e1k, felfedezi, hogy van egy id\u0151sebb testv\u00e9re \u00c9szak-Franciaorsz\u00e1gban, aki szint\u00e9n zen\u00e9sz: harson\u00e1s egy feloszlat\u00e1s el\u0151tt \u00e1ll\u00f3 v\u00e1rosi f\u00fav\u00f3szenekarban. A fiv\u00e9rek tal\u00e1lkoz\u00e1sa egy testv\u00e9ri, t\u00e1rsadalmi \u00e9s zenei kaland kezdet\u00e9t jelenti&#8230;<br>A<em> <\/em>filmeket el\u0151rel\u00e1that\u00f3lag az \u00e9v m\u00e1sodik fel\u00e9ben mutatj\u00e1k be a magyar mozik.<\/p>\n","protected":false},"excerpt":{"rendered":"<p>A 2024-es cannes-i nyit\u00f3filmet a Cirko Film mutatja be a magyar mozikban.<\/p>\n","protected":false},"author":1,"featured_media":1908,"comment_status":"open","ping_status":"open","sticky":false,"template":"","format":"standard","meta":{"footnotes":""},"categories":[1,29],"tags":[140,122,142,141],"class_list":["post-1907","post","type-post","status-publish","format-standard","has-post-thumbnail","hentry","category-hirek","category-kultura","tag-cannes-i-filmesztival","tag-film","tag-filmfesztival","tag-nyitofilm"],"yoast_head":"<!-- This site is optimized with the Yoast SEO plugin v20.13 - https:\/\/yoast.com\/wordpress\/plugins\/seo\/ -->\n<title>Hamarosan a mozikban a Cannes-i Filmfesztiv\u00e1l nyit\u00f3filmje - Francespiration<\/title>\n<meta name=\"description\" content=\"A fesztiv\u00e1l nyit\u00f3filmje A m\u00e1sodik felvon\u00e1s c\u00edm\u0171 v\u00edgj\u00e1t\u00e9k \u00e9s az En fanfare c\u00edm\u0171 francia v\u00edgj\u00e1t\u00e9k is a Cirko Film forgalmaz\u00e1s\u00e1ban lesz l\u00e1that\u00f3.\" \/>\n<meta name=\"robots\" content=\"index, follow, max-snippet:-1, max-image-preview:large, max-video-preview:-1\" \/>\n<link rel=\"canonical\" href=\"https:\/\/www.francespiration.com\/index.php\/2024\/04\/11\/hamarosan-a-mozikban-a-cannes-i-filmfesztival-nyitofilmje\/\" \/>\n<meta property=\"og:locale\" content=\"hu_HU\" \/>\n<meta property=\"og:type\" content=\"article\" \/>\n<meta property=\"og:title\" content=\"Hamarosan a mozikban a Cannes-i Filmfesztiv\u00e1l nyit\u00f3filmje - Francespiration\" \/>\n<meta property=\"og:description\" content=\"A fesztiv\u00e1l nyit\u00f3filmje A m\u00e1sodik felvon\u00e1s c\u00edm\u0171 v\u00edgj\u00e1t\u00e9k \u00e9s az En fanfare c\u00edm\u0171 francia v\u00edgj\u00e1t\u00e9k is a Cirko Film forgalmaz\u00e1s\u00e1ban lesz l\u00e1that\u00f3.\" \/>\n<meta property=\"og:url\" content=\"https:\/\/www.francespiration.com\/index.php\/2024\/04\/11\/hamarosan-a-mozikban-a-cannes-i-filmfesztival-nyitofilmje\/\" \/>\n<meta property=\"og:site_name\" content=\"Francespiration\" \/>\n<meta property=\"article:published_time\" content=\"2024-04-11T15:01:21+00:00\" \/>\n<meta property=\"article:modified_time\" content=\"2024-04-11T15:03:22+00:00\" \/>\n<meta property=\"og:image\" content=\"https:\/\/www.francespiration.com\/wp-content\/uploads\/2024\/04\/A-megoldasok-konyve.jpg\" \/>\n\t<meta property=\"og:image:width\" content=\"1920\" \/>\n\t<meta property=\"og:image:height\" content=\"1080\" \/>\n\t<meta property=\"og:image:type\" content=\"image\/jpeg\" \/>\n<meta name=\"author\" content=\"Sz\u00f6ll\u0151si T\u00edmea\" \/>\n<meta name=\"twitter:card\" content=\"summary_large_image\" \/>\n<meta name=\"twitter:label1\" content=\"Szerz\u0151:\" \/>\n\t<meta name=\"twitter:data1\" content=\"Sz\u00f6ll\u0151si T\u00edmea\" \/>\n\t<meta name=\"twitter:label2\" content=\"Becs\u00fclt olvas\u00e1si id\u0151\" \/>\n\t<meta name=\"twitter:data2\" content=\"2 perc\" \/>\n<script type=\"application\/ld+json\" class=\"yoast-schema-graph\">{\"@context\":\"https:\/\/schema.org\",\"@graph\":[{\"@type\":\"Article\",\"@id\":\"https:\/\/www.francespiration.com\/index.php\/2024\/04\/11\/hamarosan-a-mozikban-a-cannes-i-filmfesztival-nyitofilmje\/#article\",\"isPartOf\":{\"@id\":\"https:\/\/www.francespiration.com\/index.php\/2024\/04\/11\/hamarosan-a-mozikban-a-cannes-i-filmfesztival-nyitofilmje\/\"},\"author\":{\"name\":\"Sz\u00f6ll\u0151si T\u00edmea\",\"@id\":\"https:\/\/www.francespiration.com\/#\/schema\/person\/83f3dc20d791bfb54664f7e0287501fa\"},\"headline\":\"Hamarosan a mozikban a Cannes-i Filmfesztiv\u00e1l nyit\u00f3filmje\",\"datePublished\":\"2024-04-11T15:01:21+00:00\",\"dateModified\":\"2024-04-11T15:03:22+00:00\",\"mainEntityOfPage\":{\"@id\":\"https:\/\/www.francespiration.com\/index.php\/2024\/04\/11\/hamarosan-a-mozikban-a-cannes-i-filmfesztival-nyitofilmje\/\"},\"wordCount\":395,\"commentCount\":0,\"publisher\":{\"@id\":\"https:\/\/www.francespiration.com\/#organization\"},\"keywords\":[\"Cannes-i Filmesztiv\u00e1l\",\"film\",\"filmfesztiv\u00e1l\",\"nyit\u00f3film\"],\"articleSection\":[\"H\u00cdREK\",\"KULT\u00daRA\"],\"inLanguage\":\"hu\",\"potentialAction\":[{\"@type\":\"CommentAction\",\"name\":\"Comment\",\"target\":[\"https:\/\/www.francespiration.com\/index.php\/2024\/04\/11\/hamarosan-a-mozikban-a-cannes-i-filmfesztival-nyitofilmje\/#respond\"]}]},{\"@type\":\"WebPage\",\"@id\":\"https:\/\/www.francespiration.com\/index.php\/2024\/04\/11\/hamarosan-a-mozikban-a-cannes-i-filmfesztival-nyitofilmje\/\",\"url\":\"https:\/\/www.francespiration.com\/index.php\/2024\/04\/11\/hamarosan-a-mozikban-a-cannes-i-filmfesztival-nyitofilmje\/\",\"name\":\"Hamarosan a mozikban a Cannes-i Filmfesztiv\u00e1l nyit\u00f3filmje - Francespiration\",\"isPartOf\":{\"@id\":\"https:\/\/www.francespiration.com\/#website\"},\"datePublished\":\"2024-04-11T15:01:21+00:00\",\"dateModified\":\"2024-04-11T15:03:22+00:00\",\"description\":\"A fesztiv\u00e1l nyit\u00f3filmje A m\u00e1sodik felvon\u00e1s c\u00edm\u0171 v\u00edgj\u00e1t\u00e9k \u00e9s az En fanfare c\u00edm\u0171 francia v\u00edgj\u00e1t\u00e9k is a Cirko Film forgalmaz\u00e1s\u00e1ban lesz l\u00e1that\u00f3.\",\"breadcrumb\":{\"@id\":\"https:\/\/www.francespiration.com\/index.php\/2024\/04\/11\/hamarosan-a-mozikban-a-cannes-i-filmfesztival-nyitofilmje\/#breadcrumb\"},\"inLanguage\":\"hu\",\"potentialAction\":[{\"@type\":\"ReadAction\",\"target\":[\"https:\/\/www.francespiration.com\/index.php\/2024\/04\/11\/hamarosan-a-mozikban-a-cannes-i-filmfesztival-nyitofilmje\/\"]}]},{\"@type\":\"BreadcrumbList\",\"@id\":\"https:\/\/www.francespiration.com\/index.php\/2024\/04\/11\/hamarosan-a-mozikban-a-cannes-i-filmfesztival-nyitofilmje\/#breadcrumb\",\"itemListElement\":[{\"@type\":\"ListItem\",\"position\":1,\"name\":\"Kezd\u0151lap\",\"item\":\"https:\/\/www.francespiration.com\/\"},{\"@type\":\"ListItem\",\"position\":2,\"name\":\"Hamarosan a mozikban a Cannes-i Filmfesztiv\u00e1l nyit\u00f3filmje\"}]},{\"@type\":\"WebSite\",\"@id\":\"https:\/\/www.francespiration.com\/#website\",\"url\":\"https:\/\/www.francespiration.com\/\",\"name\":\"Francespiration\",\"description\":\"Just another WordPress site\",\"publisher\":{\"@id\":\"https:\/\/www.francespiration.com\/#organization\"},\"potentialAction\":[{\"@type\":\"SearchAction\",\"target\":{\"@type\":\"EntryPoint\",\"urlTemplate\":\"https:\/\/www.francespiration.com\/?s={search_term_string}\"},\"query-input\":\"required name=search_term_string\"}],\"inLanguage\":\"hu\"},{\"@type\":\"Organization\",\"@id\":\"https:\/\/www.francespiration.com\/#organization\",\"name\":\"Francespiration\",\"url\":\"https:\/\/www.francespiration.com\/\",\"logo\":{\"@type\":\"ImageObject\",\"inLanguage\":\"hu\",\"@id\":\"https:\/\/www.francespiration.com\/#\/schema\/logo\/image\/\",\"url\":\"https:\/\/www.francespiration.com\/wp-content\/uploads\/2022\/09\/4d-also-scaled.jpg\",\"contentUrl\":\"https:\/\/www.francespiration.com\/wp-content\/uploads\/2022\/09\/4d-also-scaled.jpg\",\"width\":2560,\"height\":913,\"caption\":\"Francespiration\"},\"image\":{\"@id\":\"https:\/\/www.francespiration.com\/#\/schema\/logo\/image\/\"}},{\"@type\":\"Person\",\"@id\":\"https:\/\/www.francespiration.com\/#\/schema\/person\/83f3dc20d791bfb54664f7e0287501fa\",\"name\":\"Sz\u00f6ll\u0151si T\u00edmea\",\"image\":{\"@type\":\"ImageObject\",\"inLanguage\":\"hu\",\"@id\":\"https:\/\/www.francespiration.com\/#\/schema\/person\/image\/\",\"url\":\"https:\/\/secure.gravatar.com\/avatar\/1fd2e7bebd99ada3a170be066229da8dce9b7f9ba3748e0b659e39e5f31eb56a?s=96&d=mm&r=g\",\"contentUrl\":\"https:\/\/secure.gravatar.com\/avatar\/1fd2e7bebd99ada3a170be066229da8dce9b7f9ba3748e0b659e39e5f31eb56a?s=96&d=mm&r=g\",\"caption\":\"Sz\u00f6ll\u0151si T\u00edmea\"},\"sameAs\":[\"https:\/\/www.francespiration.com\"],\"url\":\"https:\/\/www.francespiration.com\/index.php\/author\/szollotimi\/\"}]}<\/script>\n<!-- \/ Yoast SEO plugin. -->","yoast_head_json":{"title":"Hamarosan a mozikban a Cannes-i Filmfesztiv\u00e1l nyit\u00f3filmje - Francespiration","description":"A fesztiv\u00e1l nyit\u00f3filmje A m\u00e1sodik felvon\u00e1s c\u00edm\u0171 v\u00edgj\u00e1t\u00e9k \u00e9s az En fanfare c\u00edm\u0171 francia v\u00edgj\u00e1t\u00e9k is a Cirko Film forgalmaz\u00e1s\u00e1ban lesz l\u00e1that\u00f3.","robots":{"index":"index","follow":"follow","max-snippet":"max-snippet:-1","max-image-preview":"max-image-preview:large","max-video-preview":"max-video-preview:-1"},"canonical":"https:\/\/www.francespiration.com\/index.php\/2024\/04\/11\/hamarosan-a-mozikban-a-cannes-i-filmfesztival-nyitofilmje\/","og_locale":"hu_HU","og_type":"article","og_title":"Hamarosan a mozikban a Cannes-i Filmfesztiv\u00e1l nyit\u00f3filmje - Francespiration","og_description":"A fesztiv\u00e1l nyit\u00f3filmje A m\u00e1sodik felvon\u00e1s c\u00edm\u0171 v\u00edgj\u00e1t\u00e9k \u00e9s az En fanfare c\u00edm\u0171 francia v\u00edgj\u00e1t\u00e9k is a Cirko Film forgalmaz\u00e1s\u00e1ban lesz l\u00e1that\u00f3.","og_url":"https:\/\/www.francespiration.com\/index.php\/2024\/04\/11\/hamarosan-a-mozikban-a-cannes-i-filmfesztival-nyitofilmje\/","og_site_name":"Francespiration","article_published_time":"2024-04-11T15:01:21+00:00","article_modified_time":"2024-04-11T15:03:22+00:00","og_image":[{"width":1920,"height":1080,"url":"https:\/\/www.francespiration.com\/wp-content\/uploads\/2024\/04\/A-megoldasok-konyve.jpg","type":"image\/jpeg"}],"author":"Sz\u00f6ll\u0151si T\u00edmea","twitter_card":"summary_large_image","twitter_misc":{"Szerz\u0151:":"Sz\u00f6ll\u0151si T\u00edmea","Becs\u00fclt olvas\u00e1si id\u0151":"2 perc"},"schema":{"@context":"https:\/\/schema.org","@graph":[{"@type":"Article","@id":"https:\/\/www.francespiration.com\/index.php\/2024\/04\/11\/hamarosan-a-mozikban-a-cannes-i-filmfesztival-nyitofilmje\/#article","isPartOf":{"@id":"https:\/\/www.francespiration.com\/index.php\/2024\/04\/11\/hamarosan-a-mozikban-a-cannes-i-filmfesztival-nyitofilmje\/"},"author":{"name":"Sz\u00f6ll\u0151si T\u00edmea","@id":"https:\/\/www.francespiration.com\/#\/schema\/person\/83f3dc20d791bfb54664f7e0287501fa"},"headline":"Hamarosan a mozikban a Cannes-i Filmfesztiv\u00e1l nyit\u00f3filmje","datePublished":"2024-04-11T15:01:21+00:00","dateModified":"2024-04-11T15:03:22+00:00","mainEntityOfPage":{"@id":"https:\/\/www.francespiration.com\/index.php\/2024\/04\/11\/hamarosan-a-mozikban-a-cannes-i-filmfesztival-nyitofilmje\/"},"wordCount":395,"commentCount":0,"publisher":{"@id":"https:\/\/www.francespiration.com\/#organization"},"keywords":["Cannes-i Filmesztiv\u00e1l","film","filmfesztiv\u00e1l","nyit\u00f3film"],"articleSection":["H\u00cdREK","KULT\u00daRA"],"inLanguage":"hu","potentialAction":[{"@type":"CommentAction","name":"Comment","target":["https:\/\/www.francespiration.com\/index.php\/2024\/04\/11\/hamarosan-a-mozikban-a-cannes-i-filmfesztival-nyitofilmje\/#respond"]}]},{"@type":"WebPage","@id":"https:\/\/www.francespiration.com\/index.php\/2024\/04\/11\/hamarosan-a-mozikban-a-cannes-i-filmfesztival-nyitofilmje\/","url":"https:\/\/www.francespiration.com\/index.php\/2024\/04\/11\/hamarosan-a-mozikban-a-cannes-i-filmfesztival-nyitofilmje\/","name":"Hamarosan a mozikban a Cannes-i Filmfesztiv\u00e1l nyit\u00f3filmje - Francespiration","isPartOf":{"@id":"https:\/\/www.francespiration.com\/#website"},"datePublished":"2024-04-11T15:01:21+00:00","dateModified":"2024-04-11T15:03:22+00:00","description":"A fesztiv\u00e1l nyit\u00f3filmje A m\u00e1sodik felvon\u00e1s c\u00edm\u0171 v\u00edgj\u00e1t\u00e9k \u00e9s az En fanfare c\u00edm\u0171 francia v\u00edgj\u00e1t\u00e9k is a Cirko Film forgalmaz\u00e1s\u00e1ban lesz l\u00e1that\u00f3.","breadcrumb":{"@id":"https:\/\/www.francespiration.com\/index.php\/2024\/04\/11\/hamarosan-a-mozikban-a-cannes-i-filmfesztival-nyitofilmje\/#breadcrumb"},"inLanguage":"hu","potentialAction":[{"@type":"ReadAction","target":["https:\/\/www.francespiration.com\/index.php\/2024\/04\/11\/hamarosan-a-mozikban-a-cannes-i-filmfesztival-nyitofilmje\/"]}]},{"@type":"BreadcrumbList","@id":"https:\/\/www.francespiration.com\/index.php\/2024\/04\/11\/hamarosan-a-mozikban-a-cannes-i-filmfesztival-nyitofilmje\/#breadcrumb","itemListElement":[{"@type":"ListItem","position":1,"name":"Kezd\u0151lap","item":"https:\/\/www.francespiration.com\/"},{"@type":"ListItem","position":2,"name":"Hamarosan a mozikban a Cannes-i Filmfesztiv\u00e1l nyit\u00f3filmje"}]},{"@type":"WebSite","@id":"https:\/\/www.francespiration.com\/#website","url":"https:\/\/www.francespiration.com\/","name":"Francespiration","description":"Just another WordPress site","publisher":{"@id":"https:\/\/www.francespiration.com\/#organization"},"potentialAction":[{"@type":"SearchAction","target":{"@type":"EntryPoint","urlTemplate":"https:\/\/www.francespiration.com\/?s={search_term_string}"},"query-input":"required name=search_term_string"}],"inLanguage":"hu"},{"@type":"Organization","@id":"https:\/\/www.francespiration.com\/#organization","name":"Francespiration","url":"https:\/\/www.francespiration.com\/","logo":{"@type":"ImageObject","inLanguage":"hu","@id":"https:\/\/www.francespiration.com\/#\/schema\/logo\/image\/","url":"https:\/\/www.francespiration.com\/wp-content\/uploads\/2022\/09\/4d-also-scaled.jpg","contentUrl":"https:\/\/www.francespiration.com\/wp-content\/uploads\/2022\/09\/4d-also-scaled.jpg","width":2560,"height":913,"caption":"Francespiration"},"image":{"@id":"https:\/\/www.francespiration.com\/#\/schema\/logo\/image\/"}},{"@type":"Person","@id":"https:\/\/www.francespiration.com\/#\/schema\/person\/83f3dc20d791bfb54664f7e0287501fa","name":"Sz\u00f6ll\u0151si T\u00edmea","image":{"@type":"ImageObject","inLanguage":"hu","@id":"https:\/\/www.francespiration.com\/#\/schema\/person\/image\/","url":"https:\/\/secure.gravatar.com\/avatar\/1fd2e7bebd99ada3a170be066229da8dce9b7f9ba3748e0b659e39e5f31eb56a?s=96&d=mm&r=g","contentUrl":"https:\/\/secure.gravatar.com\/avatar\/1fd2e7bebd99ada3a170be066229da8dce9b7f9ba3748e0b659e39e5f31eb56a?s=96&d=mm&r=g","caption":"Sz\u00f6ll\u0151si T\u00edmea"},"sameAs":["https:\/\/www.francespiration.com"],"url":"https:\/\/www.francespiration.com\/index.php\/author\/szollotimi\/"}]}},"_links":{"self":[{"href":"https:\/\/www.francespiration.com\/index.php\/wp-json\/wp\/v2\/posts\/1907","targetHints":{"allow":["GET"]}}],"collection":[{"href":"https:\/\/www.francespiration.com\/index.php\/wp-json\/wp\/v2\/posts"}],"about":[{"href":"https:\/\/www.francespiration.com\/index.php\/wp-json\/wp\/v2\/types\/post"}],"author":[{"embeddable":true,"href":"https:\/\/www.francespiration.com\/index.php\/wp-json\/wp\/v2\/users\/1"}],"replies":[{"embeddable":true,"href":"https:\/\/www.francespiration.com\/index.php\/wp-json\/wp\/v2\/comments?post=1907"}],"version-history":[{"count":2,"href":"https:\/\/www.francespiration.com\/index.php\/wp-json\/wp\/v2\/posts\/1907\/revisions"}],"predecessor-version":[{"id":1912,"href":"https:\/\/www.francespiration.com\/index.php\/wp-json\/wp\/v2\/posts\/1907\/revisions\/1912"}],"wp:featuredmedia":[{"embeddable":true,"href":"https:\/\/www.francespiration.com\/index.php\/wp-json\/wp\/v2\/media\/1908"}],"wp:attachment":[{"href":"https:\/\/www.francespiration.com\/index.php\/wp-json\/wp\/v2\/media?parent=1907"}],"wp:term":[{"taxonomy":"category","embeddable":true,"href":"https:\/\/www.francespiration.com\/index.php\/wp-json\/wp\/v2\/categories?post=1907"},{"taxonomy":"post_tag","embeddable":true,"href":"https:\/\/www.francespiration.com\/index.php\/wp-json\/wp\/v2\/tags?post=1907"}],"curies":[{"name":"wp","href":"https:\/\/api.w.org\/{rel}","templated":true}]}}