{"id":1913,"date":"2024-04-23T19:13:33","date_gmt":"2024-04-23T19:13:33","guid":{"rendered":"https:\/\/www.francespiration.com\/?p=1913"},"modified":"2024-04-23T19:17:48","modified_gmt":"2024-04-23T19:17:48","slug":"megneztuk-a-bolero-cimu-filmet","status":"publish","type":"post","link":"https:\/\/www.francespiration.com\/index.php\/2024\/04\/23\/megneztuk-a-bolero-cimu-filmet\/","title":{"rendered":"Megn\u00e9zt\u00fck a Bol\u00e9ro c\u00edm\u0171 filmet"},"content":{"rendered":"\n<p><strong>Az 1920-as \u00e9vek P\u00e1rizs\u00e1ban j\u00e1runk, ahol a d\u00fasgazdag, orosz sz\u00e1rmaz\u00e1s\u00fa balerina, a legend\u00e1s Ida Rubinstein t\u00e1rsulata botr\u00e1nyos, hat\u00e1rokat feszeget\u0151 el\u0151ad\u00e1sokkal borzolja a polg\u00e1rs\u00e1g ked\u00e9lyeit. A balerina a k\u00f6vetkez\u0151 leg\u00fajabb el\u0151ad\u00e1s\u00e1ra k\u00e9sz\u00fcl, \u00e9s Maurice Ravelt b\u00edzza meg azzal, hogy a baletthez zen\u00e9t kompon\u00e1ljon. Ravel pedig \u2013 b\u00e1r maga nem hisz benne &#8211; megalkotja \u00e9lete legnagyobb siker\u00e9t, a Boler\u00f3t.<\/strong><\/p>\n\n\n\n<!--more-->\n\n\n\n<p>A v\u00e9gtelens\u00e9gig fesz\u00edtett film egy bens\u0151s\u00e9ges utaz\u00e1sra h\u00edv Ravel lelk\u00e9nek legm\u00e9ly\u00e9re. <\/p>\n\n\n\n<p>Mik\u00f6zben fesz\u00fclt figyelemmel v\u00e1rjuk, hogy v\u00e9gre meg\u00edrja remekm\u0171v\u00e9t annyi k\u00e9rd\u00e9s mer\u00fcl fel. Honnan j\u00f6n a m\u0171v\u00e9szi ihlet \u00e9s mi adja az inspir\u00e1ci\u00f3t? Ki volt ez a zseni\u00e1lis zeneszerz\u0151, \u00e9s vajon hogyan sz\u00fcletett meg a vil\u00e1g legt\u00f6bbet j\u00e1tszott remekm\u0171ve? \u00c9s mi\u00e9rt nem volt el\u00e9gedett soha a m\u0171v\u00e9vel?<\/p>\n\n\n\n<h2 class=\"wp-block-heading\">\u201eNem hiszek a m\u00fazs\u00e1kban, a zen\u00e9ben hiszek. Tisztelem \u00e9s im\u00e1dkozom \u00e9rte, de nem mindig v\u00e1laszol\u201d<\/h2>\n\n\n\n<p>A Bolero c\u00edm\u0171 filmben a rendez\u0151, Anne Fontaine felid\u00e9zi a h\u00edres balettkompoz\u00edci\u00f3 bonyolult, olykor neh\u00e9zkes keletkez\u00e9s t\u00f6rt\u00e9net\u00e9t, amelybe a Rapha\u00ebl Personnaz \u00e1ltal \u00e9letre keltett Maurice Ravel \u00e9rzelmeibe \u00e1gyazva pillanthatunk bele. A film a tehets\u00e9g, a szem\u00e9lyes \u00fatkeres\u00e9s \u00e9s az ihletett m\u0171v\u00e9szi \u00e1llapot izgalmas tal\u00e1lkoz\u00e1sa. A t\u00f6rt\u00e9net nagy r\u00e9sze abban a hat \u00e9vnyi halogat\u00e1sban \u00e9s t\u00e9pel\u0151d\u00e9sben j\u00e1tsz\u00f3dik, amelynek v\u00e9geredm\u00e9nye minden id\u0151k legt\u00f6bbet j\u00e1tszott zenem\u0171ve lett. Elfojtott \u00e9s a v\u00e9gtelens\u00e9gig fesz\u00edtett, ugyanakkor m\u00e9lyen \u00e9rzelmes alkot\u00e1s ez.<\/p>\n\n\n\n<figure class=\"wp-block-image size-large\"><img loading=\"lazy\" decoding=\"async\" width=\"1024\" height=\"576\" src=\"https:\/\/www.francespiration.com\/wp-content\/uploads\/2024\/04\/Bolero_J3_PC_211-\u00a9Pascal-Chantier-1024x576.jpg\" alt=\"Bolero\" class=\"wp-image-1921\" srcset=\"https:\/\/www.francespiration.com\/wp-content\/uploads\/2024\/04\/Bolero_J3_PC_211-\u00a9Pascal-Chantier-1024x576.jpg 1024w, https:\/\/www.francespiration.com\/wp-content\/uploads\/2024\/04\/Bolero_J3_PC_211-\u00a9Pascal-Chantier-300x169.jpg 300w, https:\/\/www.francespiration.com\/wp-content\/uploads\/2024\/04\/Bolero_J3_PC_211-\u00a9Pascal-Chantier-768x432.jpg 768w, https:\/\/www.francespiration.com\/wp-content\/uploads\/2024\/04\/Bolero_J3_PC_211-\u00a9Pascal-Chantier.jpg 1500w\" sizes=\"auto, (max-width: 1024px) 100vw, 1024px\" \/><figcaption class=\"wp-element-caption\">Fot\u00f3: Cirko Film \/Pascal Chantier<\/figcaption><\/figure>\n\n\n\n<p>A t\u00f6rt\u00e9net 1927-ben j\u00e1tsz\u00f3dik, amikor az \u00e1lmatlans\u00e1gban szenved\u0151 Maurice Ravel, a m\u00e1r h\u00edres, de egyesek szerint \u00e9rzelmileg siv\u00e1r st\u00edlusa miatt sokszor kritiz\u00e1lt zeneszerz\u0151t a szenved\u00e9lyes balettm\u0171v\u00e9sz, Ida Rubinstein megb\u00edzza, hogy k\u00e9sz\u00fcl\u0151 el\u0151ad\u00e1s\u00e1hoz \u00edrjon zen\u00e9t.<\/p>\n\n\n\n<figure class=\"wp-block-image size-large\"><img loading=\"lazy\" decoding=\"async\" width=\"1024\" height=\"683\" src=\"https:\/\/www.francespiration.com\/wp-content\/uploads\/2024\/04\/Bolero_J3_PC_07-\u00a9Pascal-Chantier-1024x683.jpg\" alt=\"Bol\u00e9ro\" class=\"wp-image-1915\" srcset=\"https:\/\/www.francespiration.com\/wp-content\/uploads\/2024\/04\/Bolero_J3_PC_07-\u00a9Pascal-Chantier-1024x683.jpg 1024w, https:\/\/www.francespiration.com\/wp-content\/uploads\/2024\/04\/Bolero_J3_PC_07-\u00a9Pascal-Chantier-300x200.jpg 300w, https:\/\/www.francespiration.com\/wp-content\/uploads\/2024\/04\/Bolero_J3_PC_07-\u00a9Pascal-Chantier-768x512.jpg 768w, https:\/\/www.francespiration.com\/wp-content\/uploads\/2024\/04\/Bolero_J3_PC_07-\u00a9Pascal-Chantier-1536x1024.jpg 1536w, https:\/\/www.francespiration.com\/wp-content\/uploads\/2024\/04\/Bolero_J3_PC_07-\u00a9Pascal-Chantier-2048x1365.jpg 2048w\" sizes=\"auto, (max-width: 1024px) 100vw, 1024px\" \/><figcaption class=\"wp-element-caption\">r\u00e9szlet a Bol\u00e9ro c\u00edm\u0171 filmb\u0151l. Fot\u00f3: Cirko Film\/Pascal Chantier<\/figcaption><\/figure>\n\n\n\n<p>Az alkot\u00f3i folyamatban teljesen blokkolt \u00e9s szigor\u00fa \u00f6nkritik\u00e1ra hajlamos Ravelt t\u00f6bben t\u00e1mogatj\u00e1k v\u00e1llalkoz\u00e1s\u00e1ban: m\u00fazs\u00e1ja, Misia, akibe vadul szerelmes, a zongoram\u0171v\u00e9sz Marguerite, a m\u0171v\u00e9szetek mec\u00e9n\u00e1sa, Cipa, \u00e9s Madame Revelot. A sok\u00e1ig alkot\u00f3i v\u00e1ls\u00e1gban szenved\u0151 Ravel v\u00e9g\u00fcl sikerrel j\u00e1r, \u00e9s kompon\u00e1lni kezd, de ahogy munk\u00e1ja is egyre csak ism\u00e9tli \u00f6nmag\u00e1t, azt\u00e1n \u00fajra kezd\u0151dik, azt\u00e1n megint \u00fajra \u00e9s megint\u2026. v\u00e9g\u00fcl egy bizonyos ponton minden felrobban. <\/p>\n\n\n\n<figure class=\"wp-block-image size-large\"><img loading=\"lazy\" decoding=\"async\" width=\"1024\" height=\"517\" src=\"https:\/\/www.francespiration.com\/wp-content\/uploads\/2024\/04\/Bolero_J23_PC131-\u00a9Pascal-Chantier-1024x517.jpg\" alt=\"Bol\u00e9ro\" class=\"wp-image-1916\" srcset=\"https:\/\/www.francespiration.com\/wp-content\/uploads\/2024\/04\/Bolero_J23_PC131-\u00a9Pascal-Chantier-1024x517.jpg 1024w, https:\/\/www.francespiration.com\/wp-content\/uploads\/2024\/04\/Bolero_J23_PC131-\u00a9Pascal-Chantier-300x152.jpg 300w, https:\/\/www.francespiration.com\/wp-content\/uploads\/2024\/04\/Bolero_J23_PC131-\u00a9Pascal-Chantier-768x388.jpg 768w, https:\/\/www.francespiration.com\/wp-content\/uploads\/2024\/04\/Bolero_J23_PC131-\u00a9Pascal-Chantier-1536x776.jpg 1536w, https:\/\/www.francespiration.com\/wp-content\/uploads\/2024\/04\/Bolero_J23_PC131-\u00a9Pascal-Chantier-2048x1034.jpg 2048w\" sizes=\"auto, (max-width: 1024px) 100vw, 1024px\" \/><figcaption class=\"wp-element-caption\">Rapha\u00ebl Personnaz \u00e9s Doria Tillier. Fot\u00f3: Cirko Film\/Pascal Chantier<\/figcaption><\/figure>\n\n\n\n<p>Ahogyan a film sor\u00e1n fel-felbukkan\u00f3 visszaeml\u00e9kez\u00e9sekb\u0151l kider\u00fcl, hogy m\u0171v\u00e9sz \u00e9lete is sokszor kibillent egyens\u00faly\u00e1b\u00f3l. \u00a0A Bol\u00e9ro k\u00e9ts\u00e9gtelen\u00fcl egy olyan film, amely tele van a m\u00faltban ered\u0151 elfojtott f\u00e1jdalommal, mik\u00f6zben egy olyan zsenit \u00e9s annak nehezen megsz\u00fclet\u0151 munk\u00e1j\u00e1t csod\u00e1lhatjuk, aki olykor elveszett saj\u00e1t zen\u00e9j\u00e9ben, de telve van hangokkal.<\/p>\n\n\n\n<p>A film egy mag\u00e1val ragad\u00f3 portr\u00e9, ahol megismerhetj\u00fck ezt az egyszerre k\u00fcl\u00f6nc \u00e9s k\u00fcl\u00f6nleges karaktert, aki az ut\u00f3korra egy par\u00e1zsl\u00f3, szenved\u00e9lyes zen\u00e9t \u00e9s a kor legmodernebb szimf\u00f3ni\u00e1j\u00e1t hagyta h\u00e1tra.<\/p>\n","protected":false},"excerpt":{"rendered":"<p>Az 1920-as \u00e9vek P\u00e1rizs\u00e1ban j\u00e1runk, ahol a d\u00fasgazdag, orosz sz\u00e1rmaz\u00e1s\u00fa balerina, a legend\u00e1s Ida Rubinstein t\u00e1rsulata botr\u00e1nyos, hat\u00e1rokat feszeget\u0151 el\u0151ad\u00e1sokkal borzolja a polg\u00e1rs\u00e1g ked\u00e9lyeit. A balerina a k\u00f6vetkez\u0151 leg\u00fajabb el\u0151ad\u00e1s\u00e1ra k\u00e9sz\u00fcl, \u00e9s Maurice Ravelt b\u00edzza meg azzal, hogy a baletthez zen\u00e9t kompon\u00e1ljon. Ravel pedig \u2013 b\u00e1r maga nem hisz benne &#8211; megalkotja \u00e9lete legnagyobb siker\u00e9t, [&hellip;]<\/p>\n","protected":false},"author":1,"featured_media":1914,"comment_status":"open","ping_status":"open","sticky":false,"template":"","format":"standard","meta":{"footnotes":""},"categories":[1,29],"tags":[122,47,143],"class_list":["post-1913","post","type-post","status-publish","format-standard","has-post-thumbnail","hentry","category-hirek","category-kultura","tag-film","tag-parizs","tag-ravel"],"yoast_head":"<!-- This site is optimized with the Yoast SEO plugin v20.13 - https:\/\/yoast.com\/wordpress\/plugins\/seo\/ -->\n<title>Megn\u00e9zt\u00fck a Bol\u00e9ro c\u00edm\u0171 filmet - Francespiration<\/title>\n<meta name=\"description\" content=\"A Bol\u00e9ro c\u00edm\u0171 filmben a Rapha\u00ebl Personnaz \u00e1ltal \u00e9letre keltett Maurice Ravel \u00e9rzelmeibe \u00e1gyazva pillanthatunk bele Anne Fontiane rendez\u00e9s\u00e9ben\" \/>\n<meta name=\"robots\" content=\"index, follow, max-snippet:-1, max-image-preview:large, max-video-preview:-1\" \/>\n<link rel=\"canonical\" href=\"https:\/\/www.francespiration.com\/index.php\/2024\/04\/23\/megneztuk-a-bolero-cimu-filmet\/\" \/>\n<meta property=\"og:locale\" content=\"hu_HU\" \/>\n<meta property=\"og:type\" content=\"article\" \/>\n<meta property=\"og:title\" content=\"Megn\u00e9zt\u00fck a Bol\u00e9ro c\u00edm\u0171 filmet - Francespiration\" \/>\n<meta property=\"og:description\" content=\"A Bol\u00e9ro c\u00edm\u0171 filmben a Rapha\u00ebl Personnaz \u00e1ltal \u00e9letre keltett Maurice Ravel \u00e9rzelmeibe \u00e1gyazva pillanthatunk bele Anne Fontiane rendez\u00e9s\u00e9ben\" \/>\n<meta property=\"og:url\" content=\"https:\/\/www.francespiration.com\/index.php\/2024\/04\/23\/megneztuk-a-bolero-cimu-filmet\/\" \/>\n<meta property=\"og:site_name\" content=\"Francespiration\" \/>\n<meta property=\"article:published_time\" content=\"2024-04-23T19:13:33+00:00\" \/>\n<meta property=\"article:modified_time\" content=\"2024-04-23T19:17:48+00:00\" \/>\n<meta property=\"og:image\" content=\"https:\/\/www.francespiration.com\/wp-content\/uploads\/2024\/04\/Bolero_J23_PC139-\u00a9Pascal-Chantier-scaled.jpg\" \/>\n\t<meta property=\"og:image:width\" content=\"2560\" \/>\n\t<meta property=\"og:image:height\" content=\"1707\" \/>\n\t<meta property=\"og:image:type\" content=\"image\/jpeg\" \/>\n<meta name=\"author\" content=\"Sz\u00f6ll\u0151si T\u00edmea\" \/>\n<meta name=\"twitter:card\" content=\"summary_large_image\" \/>\n<meta name=\"twitter:label1\" content=\"Szerz\u0151:\" \/>\n\t<meta name=\"twitter:data1\" content=\"Sz\u00f6ll\u0151si T\u00edmea\" \/>\n\t<meta name=\"twitter:label2\" content=\"Becs\u00fclt olvas\u00e1si id\u0151\" \/>\n\t<meta name=\"twitter:data2\" content=\"3 perc\" \/>\n<script type=\"application\/ld+json\" class=\"yoast-schema-graph\">{\"@context\":\"https:\/\/schema.org\",\"@graph\":[{\"@type\":\"Article\",\"@id\":\"https:\/\/www.francespiration.com\/index.php\/2024\/04\/23\/megneztuk-a-bolero-cimu-filmet\/#article\",\"isPartOf\":{\"@id\":\"https:\/\/www.francespiration.com\/index.php\/2024\/04\/23\/megneztuk-a-bolero-cimu-filmet\/\"},\"author\":{\"name\":\"Sz\u00f6ll\u0151si T\u00edmea\",\"@id\":\"https:\/\/www.francespiration.com\/#\/schema\/person\/83f3dc20d791bfb54664f7e0287501fa\"},\"headline\":\"Megn\u00e9zt\u00fck a Bol\u00e9ro c\u00edm\u0171 filmet\",\"datePublished\":\"2024-04-23T19:13:33+00:00\",\"dateModified\":\"2024-04-23T19:17:48+00:00\",\"mainEntityOfPage\":{\"@id\":\"https:\/\/www.francespiration.com\/index.php\/2024\/04\/23\/megneztuk-a-bolero-cimu-filmet\/\"},\"wordCount\":609,\"commentCount\":0,\"publisher\":{\"@id\":\"https:\/\/www.francespiration.com\/#organization\"},\"keywords\":[\"film\",\"p\u00e1rizs\",\"ravel\"],\"articleSection\":[\"H\u00cdREK\",\"KULT\u00daRA\"],\"inLanguage\":\"hu\",\"potentialAction\":[{\"@type\":\"CommentAction\",\"name\":\"Comment\",\"target\":[\"https:\/\/www.francespiration.com\/index.php\/2024\/04\/23\/megneztuk-a-bolero-cimu-filmet\/#respond\"]}]},{\"@type\":\"WebPage\",\"@id\":\"https:\/\/www.francespiration.com\/index.php\/2024\/04\/23\/megneztuk-a-bolero-cimu-filmet\/\",\"url\":\"https:\/\/www.francespiration.com\/index.php\/2024\/04\/23\/megneztuk-a-bolero-cimu-filmet\/\",\"name\":\"Megn\u00e9zt\u00fck a Bol\u00e9ro c\u00edm\u0171 filmet - Francespiration\",\"isPartOf\":{\"@id\":\"https:\/\/www.francespiration.com\/#website\"},\"datePublished\":\"2024-04-23T19:13:33+00:00\",\"dateModified\":\"2024-04-23T19:17:48+00:00\",\"description\":\"A Bol\u00e9ro c\u00edm\u0171 filmben a Rapha\u00ebl Personnaz \u00e1ltal \u00e9letre keltett Maurice Ravel \u00e9rzelmeibe \u00e1gyazva pillanthatunk bele Anne Fontiane rendez\u00e9s\u00e9ben\",\"breadcrumb\":{\"@id\":\"https:\/\/www.francespiration.com\/index.php\/2024\/04\/23\/megneztuk-a-bolero-cimu-filmet\/#breadcrumb\"},\"inLanguage\":\"hu\",\"potentialAction\":[{\"@type\":\"ReadAction\",\"target\":[\"https:\/\/www.francespiration.com\/index.php\/2024\/04\/23\/megneztuk-a-bolero-cimu-filmet\/\"]}]},{\"@type\":\"BreadcrumbList\",\"@id\":\"https:\/\/www.francespiration.com\/index.php\/2024\/04\/23\/megneztuk-a-bolero-cimu-filmet\/#breadcrumb\",\"itemListElement\":[{\"@type\":\"ListItem\",\"position\":1,\"name\":\"Kezd\u0151lap\",\"item\":\"https:\/\/www.francespiration.com\/\"},{\"@type\":\"ListItem\",\"position\":2,\"name\":\"Megn\u00e9zt\u00fck a Bol\u00e9ro c\u00edm\u0171 filmet\"}]},{\"@type\":\"WebSite\",\"@id\":\"https:\/\/www.francespiration.com\/#website\",\"url\":\"https:\/\/www.francespiration.com\/\",\"name\":\"Francespiration\",\"description\":\"Just another WordPress site\",\"publisher\":{\"@id\":\"https:\/\/www.francespiration.com\/#organization\"},\"potentialAction\":[{\"@type\":\"SearchAction\",\"target\":{\"@type\":\"EntryPoint\",\"urlTemplate\":\"https:\/\/www.francespiration.com\/?s={search_term_string}\"},\"query-input\":\"required name=search_term_string\"}],\"inLanguage\":\"hu\"},{\"@type\":\"Organization\",\"@id\":\"https:\/\/www.francespiration.com\/#organization\",\"name\":\"Francespiration\",\"url\":\"https:\/\/www.francespiration.com\/\",\"logo\":{\"@type\":\"ImageObject\",\"inLanguage\":\"hu\",\"@id\":\"https:\/\/www.francespiration.com\/#\/schema\/logo\/image\/\",\"url\":\"https:\/\/www.francespiration.com\/wp-content\/uploads\/2022\/09\/4d-also-scaled.jpg\",\"contentUrl\":\"https:\/\/www.francespiration.com\/wp-content\/uploads\/2022\/09\/4d-also-scaled.jpg\",\"width\":2560,\"height\":913,\"caption\":\"Francespiration\"},\"image\":{\"@id\":\"https:\/\/www.francespiration.com\/#\/schema\/logo\/image\/\"}},{\"@type\":\"Person\",\"@id\":\"https:\/\/www.francespiration.com\/#\/schema\/person\/83f3dc20d791bfb54664f7e0287501fa\",\"name\":\"Sz\u00f6ll\u0151si T\u00edmea\",\"image\":{\"@type\":\"ImageObject\",\"inLanguage\":\"hu\",\"@id\":\"https:\/\/www.francespiration.com\/#\/schema\/person\/image\/\",\"url\":\"https:\/\/secure.gravatar.com\/avatar\/1fd2e7bebd99ada3a170be066229da8dce9b7f9ba3748e0b659e39e5f31eb56a?s=96&d=mm&r=g\",\"contentUrl\":\"https:\/\/secure.gravatar.com\/avatar\/1fd2e7bebd99ada3a170be066229da8dce9b7f9ba3748e0b659e39e5f31eb56a?s=96&d=mm&r=g\",\"caption\":\"Sz\u00f6ll\u0151si T\u00edmea\"},\"sameAs\":[\"https:\/\/www.francespiration.com\"],\"url\":\"https:\/\/www.francespiration.com\/index.php\/author\/szollotimi\/\"}]}<\/script>\n<!-- \/ Yoast SEO plugin. -->","yoast_head_json":{"title":"Megn\u00e9zt\u00fck a Bol\u00e9ro c\u00edm\u0171 filmet - Francespiration","description":"A Bol\u00e9ro c\u00edm\u0171 filmben a Rapha\u00ebl Personnaz \u00e1ltal \u00e9letre keltett Maurice Ravel \u00e9rzelmeibe \u00e1gyazva pillanthatunk bele Anne Fontiane rendez\u00e9s\u00e9ben","robots":{"index":"index","follow":"follow","max-snippet":"max-snippet:-1","max-image-preview":"max-image-preview:large","max-video-preview":"max-video-preview:-1"},"canonical":"https:\/\/www.francespiration.com\/index.php\/2024\/04\/23\/megneztuk-a-bolero-cimu-filmet\/","og_locale":"hu_HU","og_type":"article","og_title":"Megn\u00e9zt\u00fck a Bol\u00e9ro c\u00edm\u0171 filmet - Francespiration","og_description":"A Bol\u00e9ro c\u00edm\u0171 filmben a Rapha\u00ebl Personnaz \u00e1ltal \u00e9letre keltett Maurice Ravel \u00e9rzelmeibe \u00e1gyazva pillanthatunk bele Anne Fontiane rendez\u00e9s\u00e9ben","og_url":"https:\/\/www.francespiration.com\/index.php\/2024\/04\/23\/megneztuk-a-bolero-cimu-filmet\/","og_site_name":"Francespiration","article_published_time":"2024-04-23T19:13:33+00:00","article_modified_time":"2024-04-23T19:17:48+00:00","og_image":[{"width":2560,"height":1707,"url":"https:\/\/www.francespiration.com\/wp-content\/uploads\/2024\/04\/Bolero_J23_PC139-\u00a9Pascal-Chantier-scaled.jpg","type":"image\/jpeg"}],"author":"Sz\u00f6ll\u0151si T\u00edmea","twitter_card":"summary_large_image","twitter_misc":{"Szerz\u0151:":"Sz\u00f6ll\u0151si T\u00edmea","Becs\u00fclt olvas\u00e1si id\u0151":"3 perc"},"schema":{"@context":"https:\/\/schema.org","@graph":[{"@type":"Article","@id":"https:\/\/www.francespiration.com\/index.php\/2024\/04\/23\/megneztuk-a-bolero-cimu-filmet\/#article","isPartOf":{"@id":"https:\/\/www.francespiration.com\/index.php\/2024\/04\/23\/megneztuk-a-bolero-cimu-filmet\/"},"author":{"name":"Sz\u00f6ll\u0151si T\u00edmea","@id":"https:\/\/www.francespiration.com\/#\/schema\/person\/83f3dc20d791bfb54664f7e0287501fa"},"headline":"Megn\u00e9zt\u00fck a Bol\u00e9ro c\u00edm\u0171 filmet","datePublished":"2024-04-23T19:13:33+00:00","dateModified":"2024-04-23T19:17:48+00:00","mainEntityOfPage":{"@id":"https:\/\/www.francespiration.com\/index.php\/2024\/04\/23\/megneztuk-a-bolero-cimu-filmet\/"},"wordCount":609,"commentCount":0,"publisher":{"@id":"https:\/\/www.francespiration.com\/#organization"},"keywords":["film","p\u00e1rizs","ravel"],"articleSection":["H\u00cdREK","KULT\u00daRA"],"inLanguage":"hu","potentialAction":[{"@type":"CommentAction","name":"Comment","target":["https:\/\/www.francespiration.com\/index.php\/2024\/04\/23\/megneztuk-a-bolero-cimu-filmet\/#respond"]}]},{"@type":"WebPage","@id":"https:\/\/www.francespiration.com\/index.php\/2024\/04\/23\/megneztuk-a-bolero-cimu-filmet\/","url":"https:\/\/www.francespiration.com\/index.php\/2024\/04\/23\/megneztuk-a-bolero-cimu-filmet\/","name":"Megn\u00e9zt\u00fck a Bol\u00e9ro c\u00edm\u0171 filmet - Francespiration","isPartOf":{"@id":"https:\/\/www.francespiration.com\/#website"},"datePublished":"2024-04-23T19:13:33+00:00","dateModified":"2024-04-23T19:17:48+00:00","description":"A Bol\u00e9ro c\u00edm\u0171 filmben a Rapha\u00ebl Personnaz \u00e1ltal \u00e9letre keltett Maurice Ravel \u00e9rzelmeibe \u00e1gyazva pillanthatunk bele Anne Fontiane rendez\u00e9s\u00e9ben","breadcrumb":{"@id":"https:\/\/www.francespiration.com\/index.php\/2024\/04\/23\/megneztuk-a-bolero-cimu-filmet\/#breadcrumb"},"inLanguage":"hu","potentialAction":[{"@type":"ReadAction","target":["https:\/\/www.francespiration.com\/index.php\/2024\/04\/23\/megneztuk-a-bolero-cimu-filmet\/"]}]},{"@type":"BreadcrumbList","@id":"https:\/\/www.francespiration.com\/index.php\/2024\/04\/23\/megneztuk-a-bolero-cimu-filmet\/#breadcrumb","itemListElement":[{"@type":"ListItem","position":1,"name":"Kezd\u0151lap","item":"https:\/\/www.francespiration.com\/"},{"@type":"ListItem","position":2,"name":"Megn\u00e9zt\u00fck a Bol\u00e9ro c\u00edm\u0171 filmet"}]},{"@type":"WebSite","@id":"https:\/\/www.francespiration.com\/#website","url":"https:\/\/www.francespiration.com\/","name":"Francespiration","description":"Just another WordPress site","publisher":{"@id":"https:\/\/www.francespiration.com\/#organization"},"potentialAction":[{"@type":"SearchAction","target":{"@type":"EntryPoint","urlTemplate":"https:\/\/www.francespiration.com\/?s={search_term_string}"},"query-input":"required name=search_term_string"}],"inLanguage":"hu"},{"@type":"Organization","@id":"https:\/\/www.francespiration.com\/#organization","name":"Francespiration","url":"https:\/\/www.francespiration.com\/","logo":{"@type":"ImageObject","inLanguage":"hu","@id":"https:\/\/www.francespiration.com\/#\/schema\/logo\/image\/","url":"https:\/\/www.francespiration.com\/wp-content\/uploads\/2022\/09\/4d-also-scaled.jpg","contentUrl":"https:\/\/www.francespiration.com\/wp-content\/uploads\/2022\/09\/4d-also-scaled.jpg","width":2560,"height":913,"caption":"Francespiration"},"image":{"@id":"https:\/\/www.francespiration.com\/#\/schema\/logo\/image\/"}},{"@type":"Person","@id":"https:\/\/www.francespiration.com\/#\/schema\/person\/83f3dc20d791bfb54664f7e0287501fa","name":"Sz\u00f6ll\u0151si T\u00edmea","image":{"@type":"ImageObject","inLanguage":"hu","@id":"https:\/\/www.francespiration.com\/#\/schema\/person\/image\/","url":"https:\/\/secure.gravatar.com\/avatar\/1fd2e7bebd99ada3a170be066229da8dce9b7f9ba3748e0b659e39e5f31eb56a?s=96&d=mm&r=g","contentUrl":"https:\/\/secure.gravatar.com\/avatar\/1fd2e7bebd99ada3a170be066229da8dce9b7f9ba3748e0b659e39e5f31eb56a?s=96&d=mm&r=g","caption":"Sz\u00f6ll\u0151si T\u00edmea"},"sameAs":["https:\/\/www.francespiration.com"],"url":"https:\/\/www.francespiration.com\/index.php\/author\/szollotimi\/"}]}},"_links":{"self":[{"href":"https:\/\/www.francespiration.com\/index.php\/wp-json\/wp\/v2\/posts\/1913","targetHints":{"allow":["GET"]}}],"collection":[{"href":"https:\/\/www.francespiration.com\/index.php\/wp-json\/wp\/v2\/posts"}],"about":[{"href":"https:\/\/www.francespiration.com\/index.php\/wp-json\/wp\/v2\/types\/post"}],"author":[{"embeddable":true,"href":"https:\/\/www.francespiration.com\/index.php\/wp-json\/wp\/v2\/users\/1"}],"replies":[{"embeddable":true,"href":"https:\/\/www.francespiration.com\/index.php\/wp-json\/wp\/v2\/comments?post=1913"}],"version-history":[{"count":3,"href":"https:\/\/www.francespiration.com\/index.php\/wp-json\/wp\/v2\/posts\/1913\/revisions"}],"predecessor-version":[{"id":1922,"href":"https:\/\/www.francespiration.com\/index.php\/wp-json\/wp\/v2\/posts\/1913\/revisions\/1922"}],"wp:featuredmedia":[{"embeddable":true,"href":"https:\/\/www.francespiration.com\/index.php\/wp-json\/wp\/v2\/media\/1914"}],"wp:attachment":[{"href":"https:\/\/www.francespiration.com\/index.php\/wp-json\/wp\/v2\/media?parent=1913"}],"wp:term":[{"taxonomy":"category","embeddable":true,"href":"https:\/\/www.francespiration.com\/index.php\/wp-json\/wp\/v2\/categories?post=1913"},{"taxonomy":"post_tag","embeddable":true,"href":"https:\/\/www.francespiration.com\/index.php\/wp-json\/wp\/v2\/tags?post=1913"}],"curies":[{"name":"wp","href":"https:\/\/api.w.org\/{rel}","templated":true}]}}