{"id":1923,"date":"2024-08-25T12:26:31","date_gmt":"2024-08-25T12:26:31","guid":{"rendered":"https:\/\/www.francespiration.com\/?p=1923"},"modified":"2024-08-26T06:43:24","modified_gmt":"2024-08-26T06:43:24","slug":"francia-filmet-is-bemutatnak-a-miskolci-filmfesztivalon","status":"publish","type":"post","link":"https:\/\/www.francespiration.com\/index.php\/2024\/08\/25\/francia-filmet-is-bemutatnak-a-miskolci-filmfesztivalon\/","title":{"rendered":"Provokat\u00edv \u00e9s vicces francia film a miskolci filmfesztiv\u00e1lon"},"content":{"rendered":"\n<p>A 20. CineFest Miskolci Nemzetk\u00f6zi Filmfesztiv\u00e1l n\u00e9h\u00e1ny napja jelentette be idei\u00a0 versenyprogramj\u00e1t. A miskolci k\u00f6z\u00f6ns\u00e9g a Cirko Film k\u00f6zelg\u0151 bemutat\u00f3i k\u00f6z\u00fcl\u00a0az al\u00e1bbi francia filmet n\u00e9zheti meg premier el\u0151tt a rangos nemzetk\u00f6zi fesztiv\u00e1lon, amelyre szeptember 6. \u00e9s 14. k\u00f6zt ker\u00fcl sor.<\/p>\n\n\n\n<!--more-->\n\n\n\n<h2 class=\"wp-block-heading\"><strong>A m\u00e1sodik felvon\u00e1s<\/strong>\u00a0<\/h2>\n\n\n\n<p>Velenc\u00e9ben bemutatott, nagy siker\u0171 v\u00edgj\u00e1t\u00e9ka, a<em> Daaaaaali!<\/em> ut\u00e1n a meg\u00e1ll\u00edthatatlan Quentin Dupieux \u00faj, provokat\u00edv, abszurd \u00e9s rettent\u0151en vicces kom\u00e9di\u00e1val t\u00e9r vissza, amely szerelmeslev\u00e9l a sz\u00f6rny\u0171 filmekhez \u00e9s a rossz sz\u00edn\u00e9szekhez. A sz\u00fcrre\u00e1lis film f\u0151szerepl\u0151i A list\u00e1s francia szt\u00e1rok: t\u00f6bbek k\u00f6z\u00f6tt L\u00e9a Seydoux, Vincent Lindon \u00e9s Louis Garrel.<\/p>\n\n\n\n<p>A film a 77. cannes-i filmfesztiv\u00e1l nyit\u00f3filmjek\u00e9nt deb\u00fct\u00e1lt. A zenei karrierje sor\u00e1n Mr. Oizo-k\u00e9nt n\u00e1lunk is j\u00f3l ismert, francia Quentin Dupieux rendez\u0151k\u00e9nt v\u00e9gletesen \u0151r\u00fclt filmeket k\u00e9sz\u00edt \u00e9s ez\u00fattal sem hazudtolta meg mag\u00e1t. F\u0151h\u0151se, Florence szeretn\u00e9 bemutatni \u00e9lete nagy szerelm\u00e9t, Davidet az \u00e9desapj\u00e1nak. David vonzalma azonban nem k\u00f6lcs\u00f6n\u00f6s, \u00e9s azt tervezi, hogy ink\u00e1bb \u00e1tpasszolja Florence-t az egyik bar\u00e1tj\u00e1nak.<\/p>\n\n\n\n<figure class=\"wp-block-image\"><img loading=\"lazy\" decoding=\"async\" width=\"1024\" height=\"525\" src=\"https:\/\/www.francespiration.com\/wp-content\/uploads\/2024\/08\/LE-DEUXIEME-ACTE-3-\u00a9Chi-Fou-Mi-Productions-Arte-France-Cinema-1024x525.jpg\" alt=\"\" class=\"wp-image-1924\" srcset=\"https:\/\/www.francespiration.com\/wp-content\/uploads\/2024\/08\/LE-DEUXIEME-ACTE-3-\u00a9Chi-Fou-Mi-Productions-Arte-France-Cinema-1024x525.jpg 1024w, https:\/\/www.francespiration.com\/wp-content\/uploads\/2024\/08\/LE-DEUXIEME-ACTE-3-\u00a9Chi-Fou-Mi-Productions-Arte-France-Cinema-300x154.jpg 300w, https:\/\/www.francespiration.com\/wp-content\/uploads\/2024\/08\/LE-DEUXIEME-ACTE-3-\u00a9Chi-Fou-Mi-Productions-Arte-France-Cinema-768x394.jpg 768w, https:\/\/www.francespiration.com\/wp-content\/uploads\/2024\/08\/LE-DEUXIEME-ACTE-3-\u00a9Chi-Fou-Mi-Productions-Arte-France-Cinema-1536x788.jpg 1536w, https:\/\/www.francespiration.com\/wp-content\/uploads\/2024\/08\/LE-DEUXIEME-ACTE-3-\u00a9Chi-Fou-Mi-Productions-Arte-France-Cinema-2048x1050.jpg 2048w\" sizes=\"auto, (max-width: 1024px) 100vw, 1024px\" \/><figcaption class=\"wp-element-caption\">\u00a9Chi-Fou-Mi Productions &#8211; Arte France Cin\u00e9ma<\/figcaption><\/figure>\n\n\n\n<p>A film egyik f\u0151szerepl\u0151je, L\u00e9a Seydoux Arany P\u00e1lma-d\u00edjas francia sz\u00edn\u00e9szn\u0151, aki olyan alkot\u00e1sokban t\u0171nt fel, mint a\u00a0Majdnem bomban\u0151k, a\u00a0Becstelen brigantyk, Ridley Scott\u00a0Robin Hoodja, az\u00a0\u00c9jf\u00e9lkor P\u00e1rizsban, a\u00a0Mission: Impossible \u2013 Fantom protokoll, az\u00a0Adele \u00e9lete, a\u00a0Grand Budapest Hotel, vagy a\u00a0Spectre &#8211; A Fantom visszat\u00e9r, m\u00edg Vincent Lindon\u00a0\u00a0C\u00e9sar-d\u00edjas\u00a0francia\u00a0sz\u00edn\u00e9sz,\u00a0rendez\u0151\u00a0\u00e9s\u00a0forgat\u00f3k\u00f6nyv\u00edr\u00f3, aki a\u00a0<em>Mennyit \u00e9r egy ember?<\/em>\u00a0c\u00edm\u0171\u00a0filmdr\u00e1ma\u00a0f\u0151szerep\u00e9ben ny\u00fajtott alak\u00edt\u00e1s\u00e1\u00e9rt a\u00a02015-\u00f6s cannes-i fesztiv\u00e1lon\u00a0elnyerte a\u00a0legjobb alak\u00edt\u00e1s\u00a0d\u00edj\u00e1t, 2016-ban pedig a\u00a0legjobb sz\u00edn\u00e9sznek\u00a0\u00edt\u00e9lt\u00a0C\u00e9sar-d\u00edjat.<\/p>\n\n\n\n<p><\/p>\n\n\n\n<p><\/p>\n\n\n\n<p><\/p>\n","protected":false},"excerpt":{"rendered":"<p>A 20. CineFest Miskolci Nemzetk\u00f6zi Filmfesztiv\u00e1l n\u00e9h\u00e1ny napja jelentette be idei\u00a0 versenyprogramj\u00e1t. A miskolci k\u00f6z\u00f6ns\u00e9g a Cirko Film k\u00f6zelg\u0151 bemutat\u00f3i k\u00f6z\u00fcl\u00a0az al\u00e1bbi francia filmet n\u00e9zheti meg premier el\u0151tt a rangos nemzetk\u00f6zi fesztiv\u00e1lon, amelyre szeptember 6. \u00e9s 14. k\u00f6zt ker\u00fcl sor.<\/p>\n","protected":false},"author":1,"featured_media":1927,"comment_status":"open","ping_status":"open","sticky":false,"template":"","format":"standard","meta":{"footnotes":""},"categories":[1,29],"tags":[],"class_list":["post-1923","post","type-post","status-publish","format-standard","has-post-thumbnail","hentry","category-hirek","category-kultura"],"yoast_head":"<!-- This site is optimized with the Yoast SEO plugin v20.13 - https:\/\/yoast.com\/wordpress\/plugins\/seo\/ -->\n<title>Provokat\u00edv \u00e9s vicces francia film a miskolci filmfesztiv\u00e1lon - Francespiration<\/title>\n<meta name=\"description\" content=\"Cirko Film k\u00f6zelg\u0151 bemutat\u00f3i k\u00f6z\u00fcl\u00a0az al\u00e1bbi francia film is bemutat\u00e1sea ker\u00fcl premier el\u0151tt a Cinefest fesztiv\u00e1lon szeptember 6. \u00e9s 14. k\u00f6zt\" \/>\n<meta name=\"robots\" content=\"index, follow, max-snippet:-1, max-image-preview:large, max-video-preview:-1\" \/>\n<link rel=\"canonical\" href=\"https:\/\/www.francespiration.com\/index.php\/2024\/08\/25\/francia-filmet-is-bemutatnak-a-miskolci-filmfesztivalon\/\" \/>\n<meta property=\"og:locale\" content=\"hu_HU\" \/>\n<meta property=\"og:type\" content=\"article\" \/>\n<meta property=\"og:title\" content=\"Provokat\u00edv \u00e9s vicces francia film a miskolci filmfesztiv\u00e1lon - Francespiration\" \/>\n<meta property=\"og:description\" content=\"Cirko Film k\u00f6zelg\u0151 bemutat\u00f3i k\u00f6z\u00fcl\u00a0az al\u00e1bbi francia film is bemutat\u00e1sea ker\u00fcl premier el\u0151tt a Cinefest fesztiv\u00e1lon szeptember 6. \u00e9s 14. k\u00f6zt\" \/>\n<meta property=\"og:url\" content=\"https:\/\/www.francespiration.com\/index.php\/2024\/08\/25\/francia-filmet-is-bemutatnak-a-miskolci-filmfesztivalon\/\" \/>\n<meta property=\"og:site_name\" content=\"Francespiration\" \/>\n<meta property=\"article:published_time\" content=\"2024-08-25T12:26:31+00:00\" \/>\n<meta property=\"article:modified_time\" content=\"2024-08-26T06:43:24+00:00\" \/>\n<meta property=\"og:image\" content=\"https:\/\/www.francespiration.com\/wp-content\/uploads\/2024\/08\/LE-DEUXIEME-ACTE-2-\u00a9Chi-Fou-Mi-Productions-Arte-France-Cinema-scaled.jpg\" \/>\n\t<meta property=\"og:image:width\" content=\"2560\" \/>\n\t<meta property=\"og:image:height\" content=\"1313\" \/>\n\t<meta property=\"og:image:type\" content=\"image\/jpeg\" \/>\n<meta name=\"author\" content=\"Sz\u00f6ll\u0151si T\u00edmea\" \/>\n<meta name=\"twitter:card\" content=\"summary_large_image\" \/>\n<meta name=\"twitter:label1\" content=\"Szerz\u0151:\" \/>\n\t<meta name=\"twitter:data1\" content=\"Sz\u00f6ll\u0151si T\u00edmea\" \/>\n\t<meta name=\"twitter:label2\" content=\"Becs\u00fclt olvas\u00e1si id\u0151\" \/>\n\t<meta name=\"twitter:data2\" content=\"2 perc\" \/>\n<script type=\"application\/ld+json\" class=\"yoast-schema-graph\">{\"@context\":\"https:\/\/schema.org\",\"@graph\":[{\"@type\":\"Article\",\"@id\":\"https:\/\/www.francespiration.com\/index.php\/2024\/08\/25\/francia-filmet-is-bemutatnak-a-miskolci-filmfesztivalon\/#article\",\"isPartOf\":{\"@id\":\"https:\/\/www.francespiration.com\/index.php\/2024\/08\/25\/francia-filmet-is-bemutatnak-a-miskolci-filmfesztivalon\/\"},\"author\":{\"name\":\"Sz\u00f6ll\u0151si T\u00edmea\",\"@id\":\"https:\/\/www.francespiration.com\/#\/schema\/person\/83f3dc20d791bfb54664f7e0287501fa\"},\"headline\":\"Provokat\u00edv \u00e9s vicces francia film a miskolci filmfesztiv\u00e1lon\",\"datePublished\":\"2024-08-25T12:26:31+00:00\",\"dateModified\":\"2024-08-26T06:43:24+00:00\",\"mainEntityOfPage\":{\"@id\":\"https:\/\/www.francespiration.com\/index.php\/2024\/08\/25\/francia-filmet-is-bemutatnak-a-miskolci-filmfesztivalon\/\"},\"wordCount\":359,\"commentCount\":0,\"publisher\":{\"@id\":\"https:\/\/www.francespiration.com\/#organization\"},\"articleSection\":[\"H\u00cdREK\",\"KULT\u00daRA\"],\"inLanguage\":\"hu\",\"potentialAction\":[{\"@type\":\"CommentAction\",\"name\":\"Comment\",\"target\":[\"https:\/\/www.francespiration.com\/index.php\/2024\/08\/25\/francia-filmet-is-bemutatnak-a-miskolci-filmfesztivalon\/#respond\"]}]},{\"@type\":\"WebPage\",\"@id\":\"https:\/\/www.francespiration.com\/index.php\/2024\/08\/25\/francia-filmet-is-bemutatnak-a-miskolci-filmfesztivalon\/\",\"url\":\"https:\/\/www.francespiration.com\/index.php\/2024\/08\/25\/francia-filmet-is-bemutatnak-a-miskolci-filmfesztivalon\/\",\"name\":\"Provokat\u00edv \u00e9s vicces francia film a miskolci filmfesztiv\u00e1lon - Francespiration\",\"isPartOf\":{\"@id\":\"https:\/\/www.francespiration.com\/#website\"},\"datePublished\":\"2024-08-25T12:26:31+00:00\",\"dateModified\":\"2024-08-26T06:43:24+00:00\",\"description\":\"Cirko Film k\u00f6zelg\u0151 bemutat\u00f3i k\u00f6z\u00fcl\u00a0az al\u00e1bbi francia film is bemutat\u00e1sea ker\u00fcl premier el\u0151tt a Cinefest fesztiv\u00e1lon szeptember 6. \u00e9s 14. k\u00f6zt\",\"breadcrumb\":{\"@id\":\"https:\/\/www.francespiration.com\/index.php\/2024\/08\/25\/francia-filmet-is-bemutatnak-a-miskolci-filmfesztivalon\/#breadcrumb\"},\"inLanguage\":\"hu\",\"potentialAction\":[{\"@type\":\"ReadAction\",\"target\":[\"https:\/\/www.francespiration.com\/index.php\/2024\/08\/25\/francia-filmet-is-bemutatnak-a-miskolci-filmfesztivalon\/\"]}]},{\"@type\":\"BreadcrumbList\",\"@id\":\"https:\/\/www.francespiration.com\/index.php\/2024\/08\/25\/francia-filmet-is-bemutatnak-a-miskolci-filmfesztivalon\/#breadcrumb\",\"itemListElement\":[{\"@type\":\"ListItem\",\"position\":1,\"name\":\"Kezd\u0151lap\",\"item\":\"https:\/\/www.francespiration.com\/\"},{\"@type\":\"ListItem\",\"position\":2,\"name\":\"Provokat\u00edv \u00e9s vicces francia film a miskolci filmfesztiv\u00e1lon\"}]},{\"@type\":\"WebSite\",\"@id\":\"https:\/\/www.francespiration.com\/#website\",\"url\":\"https:\/\/www.francespiration.com\/\",\"name\":\"Francespiration\",\"description\":\"Just another WordPress site\",\"publisher\":{\"@id\":\"https:\/\/www.francespiration.com\/#organization\"},\"potentialAction\":[{\"@type\":\"SearchAction\",\"target\":{\"@type\":\"EntryPoint\",\"urlTemplate\":\"https:\/\/www.francespiration.com\/?s={search_term_string}\"},\"query-input\":\"required name=search_term_string\"}],\"inLanguage\":\"hu\"},{\"@type\":\"Organization\",\"@id\":\"https:\/\/www.francespiration.com\/#organization\",\"name\":\"Francespiration\",\"url\":\"https:\/\/www.francespiration.com\/\",\"logo\":{\"@type\":\"ImageObject\",\"inLanguage\":\"hu\",\"@id\":\"https:\/\/www.francespiration.com\/#\/schema\/logo\/image\/\",\"url\":\"https:\/\/www.francespiration.com\/wp-content\/uploads\/2022\/09\/4d-also-scaled.jpg\",\"contentUrl\":\"https:\/\/www.francespiration.com\/wp-content\/uploads\/2022\/09\/4d-also-scaled.jpg\",\"width\":2560,\"height\":913,\"caption\":\"Francespiration\"},\"image\":{\"@id\":\"https:\/\/www.francespiration.com\/#\/schema\/logo\/image\/\"}},{\"@type\":\"Person\",\"@id\":\"https:\/\/www.francespiration.com\/#\/schema\/person\/83f3dc20d791bfb54664f7e0287501fa\",\"name\":\"Sz\u00f6ll\u0151si T\u00edmea\",\"image\":{\"@type\":\"ImageObject\",\"inLanguage\":\"hu\",\"@id\":\"https:\/\/www.francespiration.com\/#\/schema\/person\/image\/\",\"url\":\"https:\/\/secure.gravatar.com\/avatar\/1fd2e7bebd99ada3a170be066229da8dce9b7f9ba3748e0b659e39e5f31eb56a?s=96&d=mm&r=g\",\"contentUrl\":\"https:\/\/secure.gravatar.com\/avatar\/1fd2e7bebd99ada3a170be066229da8dce9b7f9ba3748e0b659e39e5f31eb56a?s=96&d=mm&r=g\",\"caption\":\"Sz\u00f6ll\u0151si T\u00edmea\"},\"sameAs\":[\"https:\/\/www.francespiration.com\"],\"url\":\"https:\/\/www.francespiration.com\/index.php\/author\/szollotimi\/\"}]}<\/script>\n<!-- \/ Yoast SEO plugin. -->","yoast_head_json":{"title":"Provokat\u00edv \u00e9s vicces francia film a miskolci filmfesztiv\u00e1lon - Francespiration","description":"Cirko Film k\u00f6zelg\u0151 bemutat\u00f3i k\u00f6z\u00fcl\u00a0az al\u00e1bbi francia film is bemutat\u00e1sea ker\u00fcl premier el\u0151tt a Cinefest fesztiv\u00e1lon szeptember 6. \u00e9s 14. k\u00f6zt","robots":{"index":"index","follow":"follow","max-snippet":"max-snippet:-1","max-image-preview":"max-image-preview:large","max-video-preview":"max-video-preview:-1"},"canonical":"https:\/\/www.francespiration.com\/index.php\/2024\/08\/25\/francia-filmet-is-bemutatnak-a-miskolci-filmfesztivalon\/","og_locale":"hu_HU","og_type":"article","og_title":"Provokat\u00edv \u00e9s vicces francia film a miskolci filmfesztiv\u00e1lon - Francespiration","og_description":"Cirko Film k\u00f6zelg\u0151 bemutat\u00f3i k\u00f6z\u00fcl\u00a0az al\u00e1bbi francia film is bemutat\u00e1sea ker\u00fcl premier el\u0151tt a Cinefest fesztiv\u00e1lon szeptember 6. \u00e9s 14. k\u00f6zt","og_url":"https:\/\/www.francespiration.com\/index.php\/2024\/08\/25\/francia-filmet-is-bemutatnak-a-miskolci-filmfesztivalon\/","og_site_name":"Francespiration","article_published_time":"2024-08-25T12:26:31+00:00","article_modified_time":"2024-08-26T06:43:24+00:00","og_image":[{"width":2560,"height":1313,"url":"https:\/\/www.francespiration.com\/wp-content\/uploads\/2024\/08\/LE-DEUXIEME-ACTE-2-\u00a9Chi-Fou-Mi-Productions-Arte-France-Cinema-scaled.jpg","type":"image\/jpeg"}],"author":"Sz\u00f6ll\u0151si T\u00edmea","twitter_card":"summary_large_image","twitter_misc":{"Szerz\u0151:":"Sz\u00f6ll\u0151si T\u00edmea","Becs\u00fclt olvas\u00e1si id\u0151":"2 perc"},"schema":{"@context":"https:\/\/schema.org","@graph":[{"@type":"Article","@id":"https:\/\/www.francespiration.com\/index.php\/2024\/08\/25\/francia-filmet-is-bemutatnak-a-miskolci-filmfesztivalon\/#article","isPartOf":{"@id":"https:\/\/www.francespiration.com\/index.php\/2024\/08\/25\/francia-filmet-is-bemutatnak-a-miskolci-filmfesztivalon\/"},"author":{"name":"Sz\u00f6ll\u0151si T\u00edmea","@id":"https:\/\/www.francespiration.com\/#\/schema\/person\/83f3dc20d791bfb54664f7e0287501fa"},"headline":"Provokat\u00edv \u00e9s vicces francia film a miskolci filmfesztiv\u00e1lon","datePublished":"2024-08-25T12:26:31+00:00","dateModified":"2024-08-26T06:43:24+00:00","mainEntityOfPage":{"@id":"https:\/\/www.francespiration.com\/index.php\/2024\/08\/25\/francia-filmet-is-bemutatnak-a-miskolci-filmfesztivalon\/"},"wordCount":359,"commentCount":0,"publisher":{"@id":"https:\/\/www.francespiration.com\/#organization"},"articleSection":["H\u00cdREK","KULT\u00daRA"],"inLanguage":"hu","potentialAction":[{"@type":"CommentAction","name":"Comment","target":["https:\/\/www.francespiration.com\/index.php\/2024\/08\/25\/francia-filmet-is-bemutatnak-a-miskolci-filmfesztivalon\/#respond"]}]},{"@type":"WebPage","@id":"https:\/\/www.francespiration.com\/index.php\/2024\/08\/25\/francia-filmet-is-bemutatnak-a-miskolci-filmfesztivalon\/","url":"https:\/\/www.francespiration.com\/index.php\/2024\/08\/25\/francia-filmet-is-bemutatnak-a-miskolci-filmfesztivalon\/","name":"Provokat\u00edv \u00e9s vicces francia film a miskolci filmfesztiv\u00e1lon - Francespiration","isPartOf":{"@id":"https:\/\/www.francespiration.com\/#website"},"datePublished":"2024-08-25T12:26:31+00:00","dateModified":"2024-08-26T06:43:24+00:00","description":"Cirko Film k\u00f6zelg\u0151 bemutat\u00f3i k\u00f6z\u00fcl\u00a0az al\u00e1bbi francia film is bemutat\u00e1sea ker\u00fcl premier el\u0151tt a Cinefest fesztiv\u00e1lon szeptember 6. \u00e9s 14. k\u00f6zt","breadcrumb":{"@id":"https:\/\/www.francespiration.com\/index.php\/2024\/08\/25\/francia-filmet-is-bemutatnak-a-miskolci-filmfesztivalon\/#breadcrumb"},"inLanguage":"hu","potentialAction":[{"@type":"ReadAction","target":["https:\/\/www.francespiration.com\/index.php\/2024\/08\/25\/francia-filmet-is-bemutatnak-a-miskolci-filmfesztivalon\/"]}]},{"@type":"BreadcrumbList","@id":"https:\/\/www.francespiration.com\/index.php\/2024\/08\/25\/francia-filmet-is-bemutatnak-a-miskolci-filmfesztivalon\/#breadcrumb","itemListElement":[{"@type":"ListItem","position":1,"name":"Kezd\u0151lap","item":"https:\/\/www.francespiration.com\/"},{"@type":"ListItem","position":2,"name":"Provokat\u00edv \u00e9s vicces francia film a miskolci filmfesztiv\u00e1lon"}]},{"@type":"WebSite","@id":"https:\/\/www.francespiration.com\/#website","url":"https:\/\/www.francespiration.com\/","name":"Francespiration","description":"Just another WordPress site","publisher":{"@id":"https:\/\/www.francespiration.com\/#organization"},"potentialAction":[{"@type":"SearchAction","target":{"@type":"EntryPoint","urlTemplate":"https:\/\/www.francespiration.com\/?s={search_term_string}"},"query-input":"required name=search_term_string"}],"inLanguage":"hu"},{"@type":"Organization","@id":"https:\/\/www.francespiration.com\/#organization","name":"Francespiration","url":"https:\/\/www.francespiration.com\/","logo":{"@type":"ImageObject","inLanguage":"hu","@id":"https:\/\/www.francespiration.com\/#\/schema\/logo\/image\/","url":"https:\/\/www.francespiration.com\/wp-content\/uploads\/2022\/09\/4d-also-scaled.jpg","contentUrl":"https:\/\/www.francespiration.com\/wp-content\/uploads\/2022\/09\/4d-also-scaled.jpg","width":2560,"height":913,"caption":"Francespiration"},"image":{"@id":"https:\/\/www.francespiration.com\/#\/schema\/logo\/image\/"}},{"@type":"Person","@id":"https:\/\/www.francespiration.com\/#\/schema\/person\/83f3dc20d791bfb54664f7e0287501fa","name":"Sz\u00f6ll\u0151si T\u00edmea","image":{"@type":"ImageObject","inLanguage":"hu","@id":"https:\/\/www.francespiration.com\/#\/schema\/person\/image\/","url":"https:\/\/secure.gravatar.com\/avatar\/1fd2e7bebd99ada3a170be066229da8dce9b7f9ba3748e0b659e39e5f31eb56a?s=96&d=mm&r=g","contentUrl":"https:\/\/secure.gravatar.com\/avatar\/1fd2e7bebd99ada3a170be066229da8dce9b7f9ba3748e0b659e39e5f31eb56a?s=96&d=mm&r=g","caption":"Sz\u00f6ll\u0151si T\u00edmea"},"sameAs":["https:\/\/www.francespiration.com"],"url":"https:\/\/www.francespiration.com\/index.php\/author\/szollotimi\/"}]}},"_links":{"self":[{"href":"https:\/\/www.francespiration.com\/index.php\/wp-json\/wp\/v2\/posts\/1923","targetHints":{"allow":["GET"]}}],"collection":[{"href":"https:\/\/www.francespiration.com\/index.php\/wp-json\/wp\/v2\/posts"}],"about":[{"href":"https:\/\/www.francespiration.com\/index.php\/wp-json\/wp\/v2\/types\/post"}],"author":[{"embeddable":true,"href":"https:\/\/www.francespiration.com\/index.php\/wp-json\/wp\/v2\/users\/1"}],"replies":[{"embeddable":true,"href":"https:\/\/www.francespiration.com\/index.php\/wp-json\/wp\/v2\/comments?post=1923"}],"version-history":[{"count":4,"href":"https:\/\/www.francespiration.com\/index.php\/wp-json\/wp\/v2\/posts\/1923\/revisions"}],"predecessor-version":[{"id":1929,"href":"https:\/\/www.francespiration.com\/index.php\/wp-json\/wp\/v2\/posts\/1923\/revisions\/1929"}],"wp:featuredmedia":[{"embeddable":true,"href":"https:\/\/www.francespiration.com\/index.php\/wp-json\/wp\/v2\/media\/1927"}],"wp:attachment":[{"href":"https:\/\/www.francespiration.com\/index.php\/wp-json\/wp\/v2\/media?parent=1923"}],"wp:term":[{"taxonomy":"category","embeddable":true,"href":"https:\/\/www.francespiration.com\/index.php\/wp-json\/wp\/v2\/categories?post=1923"},{"taxonomy":"post_tag","embeddable":true,"href":"https:\/\/www.francespiration.com\/index.php\/wp-json\/wp\/v2\/tags?post=1923"}],"curies":[{"name":"wp","href":"https:\/\/api.w.org\/{rel}","templated":true}]}}