{"id":1930,"date":"2024-08-26T11:51:35","date_gmt":"2024-08-26T11:51:35","guid":{"rendered":"https:\/\/www.francespiration.com\/?p=1930"},"modified":"2024-08-26T11:51:36","modified_gmt":"2024-08-26T11:51:36","slug":"a-wizz-air-szallitja-parizsba-a-paralimpiai-kuldottseget-is","status":"publish","type":"post","link":"https:\/\/www.francespiration.com\/index.php\/2024\/08\/26\/a-wizz-air-szallitja-parizsba-a-paralimpiai-kuldottseget-is\/","title":{"rendered":"A Wizz Air sz\u00e1ll\u00edtja P\u00e1rizsba a paralimpiai k\u00fcld\u00f6tts\u00e9get is"},"content":{"rendered":"\n<p><strong>Az olimpikonok ut\u00e1n, augusztus 28. \u00e9s szeptember 8. k\u00f6z\u00f6tt a paralimpikonok\u00e9 lesz a f\u0151szerep P\u00e1rizsban, ahol 39 magyar sportol\u00f3 k\u00e9pviseli haz\u00e1nkat 13 sport\u00e1gban. \u0150ket a Wizz Air menetrend szerinti j\u00e1rat\u00e1val, a Team Hungary diz\u00e1jnt visel\u0151 rep\u00fcl\u0151g\u00e9ppel rep\u00edti a francia f\u0151v\u00e1rosba augusztus 25-\u00e9n \u00e9s 26-\u00e1n, majd a j\u00e1t\u00e9kok ut\u00e1n vissza Budapestre.<\/strong><\/p>\n\n\n\n<!--more-->\n\n\n\n<p>A l\u00e9git\u00e1rsas\u00e1g j\u00faliusban jelentette be, hogy nemcsak az olimpiai bizotts\u00e1gnak, hanem a paralimpiai bizotts\u00e1gnak is hivatalos partnere, \u00edgy biztos\u00edtva, hogy a paralimpikonok id\u0151ben \u00e9s a lehet\u0151 legk\u00e9nyelmesebben jussanak el a j\u00e1t\u00e9kok helysz\u00edn\u00e9re.\u00a0<\/p>\n\n\n\n<p>Augusztus 26-\u00e1n az indul\u00e1s el\u0151tt a sportol\u00f3k nyilatkoztak a sajt\u00f3nak: <\/p>\n\n\n\n<p><em>\u201eEml\u00e9kszem, \u00e9letem legels\u0151 paralimpi\u00e1j\u00e1n, Rio de Janeiroban a dobog\u00f3n \u00e1llva megfogadtam, hogy \u00fajra szeretn\u00e9m \u00e1t\u00e9lni ezt az \u00e9lm\u00e9nyt. Ekkor 16 \u00e9ves voltam, az\u00f3ta feln\u0151ttem \u00e9s sokkal tudatosabb versenyz\u0151 lettem, k\u00f6sz\u00f6nhet\u0151en a k\u00f6r\u00fcl\u00f6ttem l\u00e9v\u0151 embereknek, akik tan\u00edtottak \u00e9s t\u00e1mogattak. Szinte az eg\u00e9sz nyarat edz\u0151t\u00e1borban t\u00f6lt\u00f6ttem, kem\u00e9ny munk\u00e1t v\u00e9gezt\u00fcnk, hogy min\u00e9l jobb form\u00e1ba ker\u00fcljek. \u00dagy gondolom, ezt siker\u00fclt is el\u00e9rnem, m\u00e1r az edz\u00e9seken is \u00e9rzem az eredm\u00e9ny\u00e9t. Nem volt k\u00f6nny\u0171 ez a paralimpiai ciklus: h\u00e1rom \u00e9v telt el Toki\u00f3 \u00f3ta, \u00e9s m\u00e1r utazunk is P\u00e1rizsba. Izgatottan v\u00e1rom m\u00e1r, sokszor visszatekintek a jap\u00e1n j\u00e1t\u00e9kokra, igyekszem er\u0151t mer\u00edteni, de c\u00edmv\u00e9d\u0151k\u00e9nt neh\u00e9z dolga van az embernek. Innent\u0151l minden a ment\u00e1lis \u00e1llapoton fog m\u00falni. A megnyit\u00f3n nem fogok tudni r\u00e9szt venni, \u00edgy a v\u00e1rosn\u00e9z\u00e9st az utols\u00f3 napra tervezem. Szeretn\u00e9m megn\u00e9zni P\u00e1rizs f\u0151bb nevezetess\u00e9geit, \u00e9s szerencs\u00e9re nem is egyed\u00fcl fogom ezt megtenni: legnagyobb \u00f6r\u00f6m\u00f6mre a csal\u00e1dom is velem tart, \u00e9s haza is egy g\u00e9pen fogunk majd utazni\u201d<\/em><\/p>\n\n\n\n<p> \u2013 mes\u00e9lt lelkesen <strong>Pap Bianka paralimpiai, vil\u00e1g- \u00e9s Eur\u00f3pa-bajnok \u00fasz\u00f3.<\/strong><\/p>\n\n\n\n<figure class=\"wp-block-image size-large\"><img loading=\"lazy\" decoding=\"async\" width=\"1024\" height=\"652\" src=\"https:\/\/www.francespiration.com\/wp-content\/uploads\/2024\/08\/planespotting-2247067_1280-1024x652.jpg\" alt=\"\" class=\"wp-image-1932\" srcset=\"https:\/\/www.francespiration.com\/wp-content\/uploads\/2024\/08\/planespotting-2247067_1280-1024x652.jpg 1024w, https:\/\/www.francespiration.com\/wp-content\/uploads\/2024\/08\/planespotting-2247067_1280-300x191.jpg 300w, https:\/\/www.francespiration.com\/wp-content\/uploads\/2024\/08\/planespotting-2247067_1280-768x489.jpg 768w, https:\/\/www.francespiration.com\/wp-content\/uploads\/2024\/08\/planespotting-2247067_1280.jpg 1280w\" sizes=\"auto, (max-width: 1024px) 100vw, 1024px\" \/><figcaption class=\"wp-element-caption\">Fot\u00f3: Pixabay<\/figcaption><\/figure>\n\n\n\n<p><strong>Szvitacs Alexa paralimpiai bronz\u00e9rmes, vil\u00e1g- \u00e9s Eur\u00f3pa-bajnok asztaliteniszez\u0151<\/strong> kor\u00e1bban m\u00e1r h\u00e1romszor j\u00e1rt P\u00e1rizsban, mindegyik alkalommal j\u00f3 \u00e9lm\u00e9nyekkel \u00e9s -tekintettel arra, hogy szeretett sport\u00e1ga miatt j\u00e1rt itt &#8211; j\u00f3 eredm\u00e9nyekkel gazdagodva. <\/p>\n\n\n\n<blockquote class=\"wp-block-quote is-layout-flow wp-block-quote-is-layout-flow\">\n<p><em>\u201eRem\u00e9lem, a francia f\u0151v\u00e1ros ez alkalommal sem okoz csal\u00f3d\u00e1st. Mint sok turist\u00e1nak, nekem is nagy kedvencem az Eiffel-torony, \u00e9s nagyon szeretn\u00e9k egy darabot hazavinni bel\u0151le.\u201d <\/em><\/p>\n<\/blockquote>\n\n\n\n<p>Alex\u00e1nak ez m\u00e1r a m\u00e1sodik paralimpi\u00e1ja lesz, \u00e9s az els\u0151, amelyen k\u00f6z\u00f6ns\u00e9g el\u0151tt is versenyezhet. A k\u00f6z\u00f6ns\u00e9g buzd\u00edt\u00e1sa \u00e9s az ebb\u0151l fakad\u00f3 impulzusok miatt is v\u00e1rja P\u00e1rizst, ahol egy\u00e9niben \u00e9s n\u0151i p\u00e1rosban (Arl\u00f3y Zs\u00f3fi\u00e1val) is szurkolhatunk neki.\u00a0<\/p>\n\n\n\n<p>Ezt k\u00f6vet\u0151en <strong>Szab\u00f3 L\u00e1szl\u00f3, a Magyar Paralimpiai Bizotts\u00e1g eln\u00f6ke<\/strong> hozz\u00e1tette: <em>\u201eA Magyar Paralimpiai Csapatot 120 tettre k\u00e9sz ember alkotja: sportol\u00f3k \u00e9s szakemberek, akik ma \u00e9s az elk\u00f6vetkez\u0151 napokban \u00fatra kelnek, hogy megism\u00e9telj\u00e9k vagy, ha lehet, fel\u00fclm\u00falj\u00e1k a h\u00e1rom \u00e9vvel ezel\u0151tti nagyszer\u0171 teljes\u00edtm\u00e9nyeiket. Akkor, Toki\u00f3ban \u2013 16 magyar \u00e9remmel \u00e9s az \u00e9remt\u00e1bla el\u0151kel\u0151 18. hely\u00e9vel \u2013 minden id\u0151k m\u00e1sodik legeredm\u00e9nyesebb paralimpi\u00e1j\u00e1t z\u00e1rtuk, ezzel megnyitva a magyar parasport aranykor\u00e1t. C\u00e9lunk az, hogy legal\u00e1bb olyan elismer\u00e9st \u00e9s szeretetet kapjanak a sportol\u00f3ink, mint a legut\u00f3bbi paralimpia ut\u00e1n. K\u00f6sz\u00f6nj\u00fck a Wizz Airnek, hogy id\u00e9n az \u0151 sz\u00e1rnyaikon rep\u00fclhet\u00fcnk P\u00e1rizsba, \u00e9s hogy t\u00e1mogat\u00e1sukkal nemcsak az utaz\u00e1sunkat k\u00f6nny\u00edtik meg, hanem a magyar parasport sikereket is l\u00e1that\u00f3bb\u00e1, csillog\u00f3bb\u00e1 teszik.\u201d&nbsp;<\/em><\/p>\n\n\n\n<p><\/p>\n","protected":false},"excerpt":{"rendered":"<p>Az olimpikonok ut\u00e1n, augusztus 28. \u00e9s szeptember 8. k\u00f6z\u00f6tt a paralimpikonok\u00e9 lesz a f\u0151szerep P\u00e1rizsban, ahol 39 magyar sportol\u00f3 k\u00e9pviseli haz\u00e1nkat 13 sport\u00e1gban. \u0150ket a Wizz Air menetrend szerinti j\u00e1rat\u00e1val, a Team Hungary diz\u00e1jnt visel\u0151 rep\u00fcl\u0151g\u00e9ppel rep\u00edti a francia f\u0151v\u00e1rosba augusztus 25-\u00e9n \u00e9s 26-\u00e1n, majd a j\u00e1t\u00e9kok ut\u00e1n vissza Budapestre.<\/p>\n","protected":false},"author":1,"featured_media":1931,"comment_status":"open","ping_status":"open","sticky":false,"template":"","format":"standard","meta":{"footnotes":""},"categories":[1],"tags":[145,47,144],"class_list":["post-1930","post","type-post","status-publish","format-standard","has-post-thumbnail","hentry","category-hirek","tag-paralimpia","tag-parizs","tag-wizzair"],"yoast_head":"<!-- This site is optimized with the Yoast SEO plugin v20.13 - https:\/\/yoast.com\/wordpress\/plugins\/seo\/ -->\n<title>A Wizz Air sz\u00e1ll\u00edtja P\u00e1rizsba a paralimpiai k\u00fcld\u00f6tts\u00e9get is - Francespiration<\/title>\n<meta name=\"description\" content=\"A wizz air a Team Hungary diz\u00e1jnt visel\u0151 rep\u00fcl\u0151g\u00e9ppel rep\u00edti \u0151ket a francia f\u0151v\u00e1rosba majd a j\u00e1t\u00e9kok ut\u00e1n vissza Budapestre.\" \/>\n<meta name=\"robots\" content=\"index, follow, max-snippet:-1, max-image-preview:large, max-video-preview:-1\" \/>\n<link rel=\"canonical\" href=\"https:\/\/www.francespiration.com\/index.php\/2024\/08\/26\/a-wizz-air-szallitja-parizsba-a-paralimpiai-kuldottseget-is\/\" \/>\n<meta property=\"og:locale\" content=\"hu_HU\" \/>\n<meta property=\"og:type\" content=\"article\" \/>\n<meta property=\"og:title\" content=\"A Wizz Air sz\u00e1ll\u00edtja P\u00e1rizsba a paralimpiai k\u00fcld\u00f6tts\u00e9get is - Francespiration\" \/>\n<meta property=\"og:description\" content=\"A wizz air a Team Hungary diz\u00e1jnt visel\u0151 rep\u00fcl\u0151g\u00e9ppel rep\u00edti \u0151ket a francia f\u0151v\u00e1rosba majd a j\u00e1t\u00e9kok ut\u00e1n vissza Budapestre.\" \/>\n<meta property=\"og:url\" content=\"https:\/\/www.francespiration.com\/index.php\/2024\/08\/26\/a-wizz-air-szallitja-parizsba-a-paralimpiai-kuldottseget-is\/\" \/>\n<meta property=\"og:site_name\" content=\"Francespiration\" \/>\n<meta property=\"article:published_time\" content=\"2024-08-26T11:51:35+00:00\" \/>\n<meta property=\"article:modified_time\" content=\"2024-08-26T11:51:36+00:00\" \/>\n<meta property=\"og:image\" content=\"https:\/\/www.francespiration.com\/wp-content\/uploads\/2024\/08\/eiffel-tower-975004_1280.jpg\" \/>\n\t<meta property=\"og:image:width\" content=\"1280\" \/>\n\t<meta property=\"og:image:height\" content=\"849\" \/>\n\t<meta property=\"og:image:type\" content=\"image\/jpeg\" \/>\n<meta name=\"author\" content=\"Sz\u00f6ll\u0151si T\u00edmea\" \/>\n<meta name=\"twitter:card\" content=\"summary_large_image\" \/>\n<meta name=\"twitter:label1\" content=\"Szerz\u0151:\" \/>\n\t<meta name=\"twitter:data1\" content=\"Sz\u00f6ll\u0151si T\u00edmea\" \/>\n\t<meta name=\"twitter:label2\" content=\"Becs\u00fclt olvas\u00e1si id\u0151\" \/>\n\t<meta name=\"twitter:data2\" content=\"3 perc\" \/>\n<script type=\"application\/ld+json\" class=\"yoast-schema-graph\">{\"@context\":\"https:\/\/schema.org\",\"@graph\":[{\"@type\":\"Article\",\"@id\":\"https:\/\/www.francespiration.com\/index.php\/2024\/08\/26\/a-wizz-air-szallitja-parizsba-a-paralimpiai-kuldottseget-is\/#article\",\"isPartOf\":{\"@id\":\"https:\/\/www.francespiration.com\/index.php\/2024\/08\/26\/a-wizz-air-szallitja-parizsba-a-paralimpiai-kuldottseget-is\/\"},\"author\":{\"name\":\"Sz\u00f6ll\u0151si T\u00edmea\",\"@id\":\"https:\/\/www.francespiration.com\/#\/schema\/person\/83f3dc20d791bfb54664f7e0287501fa\"},\"headline\":\"A Wizz Air sz\u00e1ll\u00edtja P\u00e1rizsba a paralimpiai k\u00fcld\u00f6tts\u00e9get is\",\"datePublished\":\"2024-08-26T11:51:35+00:00\",\"dateModified\":\"2024-08-26T11:51:36+00:00\",\"mainEntityOfPage\":{\"@id\":\"https:\/\/www.francespiration.com\/index.php\/2024\/08\/26\/a-wizz-air-szallitja-parizsba-a-paralimpiai-kuldottseget-is\/\"},\"wordCount\":668,\"commentCount\":0,\"publisher\":{\"@id\":\"https:\/\/www.francespiration.com\/#organization\"},\"keywords\":[\"paralimpia\",\"p\u00e1rizs\",\"wizzair\"],\"articleSection\":[\"H\u00cdREK\"],\"inLanguage\":\"hu\",\"potentialAction\":[{\"@type\":\"CommentAction\",\"name\":\"Comment\",\"target\":[\"https:\/\/www.francespiration.com\/index.php\/2024\/08\/26\/a-wizz-air-szallitja-parizsba-a-paralimpiai-kuldottseget-is\/#respond\"]}]},{\"@type\":\"WebPage\",\"@id\":\"https:\/\/www.francespiration.com\/index.php\/2024\/08\/26\/a-wizz-air-szallitja-parizsba-a-paralimpiai-kuldottseget-is\/\",\"url\":\"https:\/\/www.francespiration.com\/index.php\/2024\/08\/26\/a-wizz-air-szallitja-parizsba-a-paralimpiai-kuldottseget-is\/\",\"name\":\"A Wizz Air sz\u00e1ll\u00edtja P\u00e1rizsba a paralimpiai k\u00fcld\u00f6tts\u00e9get is - Francespiration\",\"isPartOf\":{\"@id\":\"https:\/\/www.francespiration.com\/#website\"},\"datePublished\":\"2024-08-26T11:51:35+00:00\",\"dateModified\":\"2024-08-26T11:51:36+00:00\",\"description\":\"A wizz air a Team Hungary diz\u00e1jnt visel\u0151 rep\u00fcl\u0151g\u00e9ppel rep\u00edti \u0151ket a francia f\u0151v\u00e1rosba majd a j\u00e1t\u00e9kok ut\u00e1n vissza Budapestre.\",\"breadcrumb\":{\"@id\":\"https:\/\/www.francespiration.com\/index.php\/2024\/08\/26\/a-wizz-air-szallitja-parizsba-a-paralimpiai-kuldottseget-is\/#breadcrumb\"},\"inLanguage\":\"hu\",\"potentialAction\":[{\"@type\":\"ReadAction\",\"target\":[\"https:\/\/www.francespiration.com\/index.php\/2024\/08\/26\/a-wizz-air-szallitja-parizsba-a-paralimpiai-kuldottseget-is\/\"]}]},{\"@type\":\"BreadcrumbList\",\"@id\":\"https:\/\/www.francespiration.com\/index.php\/2024\/08\/26\/a-wizz-air-szallitja-parizsba-a-paralimpiai-kuldottseget-is\/#breadcrumb\",\"itemListElement\":[{\"@type\":\"ListItem\",\"position\":1,\"name\":\"Kezd\u0151lap\",\"item\":\"https:\/\/www.francespiration.com\/\"},{\"@type\":\"ListItem\",\"position\":2,\"name\":\"A Wizz Air sz\u00e1ll\u00edtja P\u00e1rizsba a paralimpiai k\u00fcld\u00f6tts\u00e9get is\"}]},{\"@type\":\"WebSite\",\"@id\":\"https:\/\/www.francespiration.com\/#website\",\"url\":\"https:\/\/www.francespiration.com\/\",\"name\":\"Francespiration\",\"description\":\"Just another WordPress site\",\"publisher\":{\"@id\":\"https:\/\/www.francespiration.com\/#organization\"},\"potentialAction\":[{\"@type\":\"SearchAction\",\"target\":{\"@type\":\"EntryPoint\",\"urlTemplate\":\"https:\/\/www.francespiration.com\/?s={search_term_string}\"},\"query-input\":\"required name=search_term_string\"}],\"inLanguage\":\"hu\"},{\"@type\":\"Organization\",\"@id\":\"https:\/\/www.francespiration.com\/#organization\",\"name\":\"Francespiration\",\"url\":\"https:\/\/www.francespiration.com\/\",\"logo\":{\"@type\":\"ImageObject\",\"inLanguage\":\"hu\",\"@id\":\"https:\/\/www.francespiration.com\/#\/schema\/logo\/image\/\",\"url\":\"https:\/\/www.francespiration.com\/wp-content\/uploads\/2022\/09\/4d-also-scaled.jpg\",\"contentUrl\":\"https:\/\/www.francespiration.com\/wp-content\/uploads\/2022\/09\/4d-also-scaled.jpg\",\"width\":2560,\"height\":913,\"caption\":\"Francespiration\"},\"image\":{\"@id\":\"https:\/\/www.francespiration.com\/#\/schema\/logo\/image\/\"}},{\"@type\":\"Person\",\"@id\":\"https:\/\/www.francespiration.com\/#\/schema\/person\/83f3dc20d791bfb54664f7e0287501fa\",\"name\":\"Sz\u00f6ll\u0151si T\u00edmea\",\"image\":{\"@type\":\"ImageObject\",\"inLanguage\":\"hu\",\"@id\":\"https:\/\/www.francespiration.com\/#\/schema\/person\/image\/\",\"url\":\"https:\/\/secure.gravatar.com\/avatar\/1fd2e7bebd99ada3a170be066229da8dce9b7f9ba3748e0b659e39e5f31eb56a?s=96&d=mm&r=g\",\"contentUrl\":\"https:\/\/secure.gravatar.com\/avatar\/1fd2e7bebd99ada3a170be066229da8dce9b7f9ba3748e0b659e39e5f31eb56a?s=96&d=mm&r=g\",\"caption\":\"Sz\u00f6ll\u0151si T\u00edmea\"},\"sameAs\":[\"https:\/\/www.francespiration.com\"],\"url\":\"https:\/\/www.francespiration.com\/index.php\/author\/szollotimi\/\"}]}<\/script>\n<!-- \/ Yoast SEO plugin. -->","yoast_head_json":{"title":"A Wizz Air sz\u00e1ll\u00edtja P\u00e1rizsba a paralimpiai k\u00fcld\u00f6tts\u00e9get is - Francespiration","description":"A wizz air a Team Hungary diz\u00e1jnt visel\u0151 rep\u00fcl\u0151g\u00e9ppel rep\u00edti \u0151ket a francia f\u0151v\u00e1rosba majd a j\u00e1t\u00e9kok ut\u00e1n vissza Budapestre.","robots":{"index":"index","follow":"follow","max-snippet":"max-snippet:-1","max-image-preview":"max-image-preview:large","max-video-preview":"max-video-preview:-1"},"canonical":"https:\/\/www.francespiration.com\/index.php\/2024\/08\/26\/a-wizz-air-szallitja-parizsba-a-paralimpiai-kuldottseget-is\/","og_locale":"hu_HU","og_type":"article","og_title":"A Wizz Air sz\u00e1ll\u00edtja P\u00e1rizsba a paralimpiai k\u00fcld\u00f6tts\u00e9get is - Francespiration","og_description":"A wizz air a Team Hungary diz\u00e1jnt visel\u0151 rep\u00fcl\u0151g\u00e9ppel rep\u00edti \u0151ket a francia f\u0151v\u00e1rosba majd a j\u00e1t\u00e9kok ut\u00e1n vissza Budapestre.","og_url":"https:\/\/www.francespiration.com\/index.php\/2024\/08\/26\/a-wizz-air-szallitja-parizsba-a-paralimpiai-kuldottseget-is\/","og_site_name":"Francespiration","article_published_time":"2024-08-26T11:51:35+00:00","article_modified_time":"2024-08-26T11:51:36+00:00","og_image":[{"width":1280,"height":849,"url":"https:\/\/www.francespiration.com\/wp-content\/uploads\/2024\/08\/eiffel-tower-975004_1280.jpg","type":"image\/jpeg"}],"author":"Sz\u00f6ll\u0151si T\u00edmea","twitter_card":"summary_large_image","twitter_misc":{"Szerz\u0151:":"Sz\u00f6ll\u0151si T\u00edmea","Becs\u00fclt olvas\u00e1si id\u0151":"3 perc"},"schema":{"@context":"https:\/\/schema.org","@graph":[{"@type":"Article","@id":"https:\/\/www.francespiration.com\/index.php\/2024\/08\/26\/a-wizz-air-szallitja-parizsba-a-paralimpiai-kuldottseget-is\/#article","isPartOf":{"@id":"https:\/\/www.francespiration.com\/index.php\/2024\/08\/26\/a-wizz-air-szallitja-parizsba-a-paralimpiai-kuldottseget-is\/"},"author":{"name":"Sz\u00f6ll\u0151si T\u00edmea","@id":"https:\/\/www.francespiration.com\/#\/schema\/person\/83f3dc20d791bfb54664f7e0287501fa"},"headline":"A Wizz Air sz\u00e1ll\u00edtja P\u00e1rizsba a paralimpiai k\u00fcld\u00f6tts\u00e9get is","datePublished":"2024-08-26T11:51:35+00:00","dateModified":"2024-08-26T11:51:36+00:00","mainEntityOfPage":{"@id":"https:\/\/www.francespiration.com\/index.php\/2024\/08\/26\/a-wizz-air-szallitja-parizsba-a-paralimpiai-kuldottseget-is\/"},"wordCount":668,"commentCount":0,"publisher":{"@id":"https:\/\/www.francespiration.com\/#organization"},"keywords":["paralimpia","p\u00e1rizs","wizzair"],"articleSection":["H\u00cdREK"],"inLanguage":"hu","potentialAction":[{"@type":"CommentAction","name":"Comment","target":["https:\/\/www.francespiration.com\/index.php\/2024\/08\/26\/a-wizz-air-szallitja-parizsba-a-paralimpiai-kuldottseget-is\/#respond"]}]},{"@type":"WebPage","@id":"https:\/\/www.francespiration.com\/index.php\/2024\/08\/26\/a-wizz-air-szallitja-parizsba-a-paralimpiai-kuldottseget-is\/","url":"https:\/\/www.francespiration.com\/index.php\/2024\/08\/26\/a-wizz-air-szallitja-parizsba-a-paralimpiai-kuldottseget-is\/","name":"A Wizz Air sz\u00e1ll\u00edtja P\u00e1rizsba a paralimpiai k\u00fcld\u00f6tts\u00e9get is - Francespiration","isPartOf":{"@id":"https:\/\/www.francespiration.com\/#website"},"datePublished":"2024-08-26T11:51:35+00:00","dateModified":"2024-08-26T11:51:36+00:00","description":"A wizz air a Team Hungary diz\u00e1jnt visel\u0151 rep\u00fcl\u0151g\u00e9ppel rep\u00edti \u0151ket a francia f\u0151v\u00e1rosba majd a j\u00e1t\u00e9kok ut\u00e1n vissza Budapestre.","breadcrumb":{"@id":"https:\/\/www.francespiration.com\/index.php\/2024\/08\/26\/a-wizz-air-szallitja-parizsba-a-paralimpiai-kuldottseget-is\/#breadcrumb"},"inLanguage":"hu","potentialAction":[{"@type":"ReadAction","target":["https:\/\/www.francespiration.com\/index.php\/2024\/08\/26\/a-wizz-air-szallitja-parizsba-a-paralimpiai-kuldottseget-is\/"]}]},{"@type":"BreadcrumbList","@id":"https:\/\/www.francespiration.com\/index.php\/2024\/08\/26\/a-wizz-air-szallitja-parizsba-a-paralimpiai-kuldottseget-is\/#breadcrumb","itemListElement":[{"@type":"ListItem","position":1,"name":"Kezd\u0151lap","item":"https:\/\/www.francespiration.com\/"},{"@type":"ListItem","position":2,"name":"A Wizz Air sz\u00e1ll\u00edtja P\u00e1rizsba a paralimpiai k\u00fcld\u00f6tts\u00e9get is"}]},{"@type":"WebSite","@id":"https:\/\/www.francespiration.com\/#website","url":"https:\/\/www.francespiration.com\/","name":"Francespiration","description":"Just another WordPress site","publisher":{"@id":"https:\/\/www.francespiration.com\/#organization"},"potentialAction":[{"@type":"SearchAction","target":{"@type":"EntryPoint","urlTemplate":"https:\/\/www.francespiration.com\/?s={search_term_string}"},"query-input":"required name=search_term_string"}],"inLanguage":"hu"},{"@type":"Organization","@id":"https:\/\/www.francespiration.com\/#organization","name":"Francespiration","url":"https:\/\/www.francespiration.com\/","logo":{"@type":"ImageObject","inLanguage":"hu","@id":"https:\/\/www.francespiration.com\/#\/schema\/logo\/image\/","url":"https:\/\/www.francespiration.com\/wp-content\/uploads\/2022\/09\/4d-also-scaled.jpg","contentUrl":"https:\/\/www.francespiration.com\/wp-content\/uploads\/2022\/09\/4d-also-scaled.jpg","width":2560,"height":913,"caption":"Francespiration"},"image":{"@id":"https:\/\/www.francespiration.com\/#\/schema\/logo\/image\/"}},{"@type":"Person","@id":"https:\/\/www.francespiration.com\/#\/schema\/person\/83f3dc20d791bfb54664f7e0287501fa","name":"Sz\u00f6ll\u0151si T\u00edmea","image":{"@type":"ImageObject","inLanguage":"hu","@id":"https:\/\/www.francespiration.com\/#\/schema\/person\/image\/","url":"https:\/\/secure.gravatar.com\/avatar\/1fd2e7bebd99ada3a170be066229da8dce9b7f9ba3748e0b659e39e5f31eb56a?s=96&d=mm&r=g","contentUrl":"https:\/\/secure.gravatar.com\/avatar\/1fd2e7bebd99ada3a170be066229da8dce9b7f9ba3748e0b659e39e5f31eb56a?s=96&d=mm&r=g","caption":"Sz\u00f6ll\u0151si T\u00edmea"},"sameAs":["https:\/\/www.francespiration.com"],"url":"https:\/\/www.francespiration.com\/index.php\/author\/szollotimi\/"}]}},"_links":{"self":[{"href":"https:\/\/www.francespiration.com\/index.php\/wp-json\/wp\/v2\/posts\/1930","targetHints":{"allow":["GET"]}}],"collection":[{"href":"https:\/\/www.francespiration.com\/index.php\/wp-json\/wp\/v2\/posts"}],"about":[{"href":"https:\/\/www.francespiration.com\/index.php\/wp-json\/wp\/v2\/types\/post"}],"author":[{"embeddable":true,"href":"https:\/\/www.francespiration.com\/index.php\/wp-json\/wp\/v2\/users\/1"}],"replies":[{"embeddable":true,"href":"https:\/\/www.francespiration.com\/index.php\/wp-json\/wp\/v2\/comments?post=1930"}],"version-history":[{"count":1,"href":"https:\/\/www.francespiration.com\/index.php\/wp-json\/wp\/v2\/posts\/1930\/revisions"}],"predecessor-version":[{"id":1933,"href":"https:\/\/www.francespiration.com\/index.php\/wp-json\/wp\/v2\/posts\/1930\/revisions\/1933"}],"wp:featuredmedia":[{"embeddable":true,"href":"https:\/\/www.francespiration.com\/index.php\/wp-json\/wp\/v2\/media\/1931"}],"wp:attachment":[{"href":"https:\/\/www.francespiration.com\/index.php\/wp-json\/wp\/v2\/media?parent=1930"}],"wp:term":[{"taxonomy":"category","embeddable":true,"href":"https:\/\/www.francespiration.com\/index.php\/wp-json\/wp\/v2\/categories?post=1930"},{"taxonomy":"post_tag","embeddable":true,"href":"https:\/\/www.francespiration.com\/index.php\/wp-json\/wp\/v2\/tags?post=1930"}],"curies":[{"name":"wp","href":"https:\/\/api.w.org\/{rel}","templated":true}]}}