{"id":1934,"date":"2024-08-27T11:40:33","date_gmt":"2024-08-27T11:40:33","guid":{"rendered":"https:\/\/www.francespiration.com\/?p=1934"},"modified":"2024-08-27T14:40:52","modified_gmt":"2024-08-27T14:40:52","slug":"igy-elt-alain-delon-a-legsarmosabb-francia-filmikon","status":"publish","type":"post","link":"https:\/\/www.francespiration.com\/index.php\/2024\/08\/27\/igy-elt-alain-delon-a-legsarmosabb-francia-filmikon\/","title":{"rendered":"\u00cdgy \u00e9lt Alain Delon, a legs\u00e1rmosabb francia filmikon"},"content":{"rendered":"\n<p>Alain Delon a francia \u00e9s a vil\u00e1g filmm\u0171v\u00e9szet\u00e9nek egyik legend\u00e1s alakja volt, t\u00f6bb, mint nyolcvan film f\u0171z\u0151dik a nev\u00e9hez \u2013 sz\u00e1mos remekm\u0171 \u00e9s n\u00e9pszer\u0171 siker. Karrierje egy rendk\u00edv\u00fcli utaz\u00e1s volt, \u00e9s saj\u00e1tosan indult, elv\u00e9gre kezdetben semmi sem sodorta a szakma fel\u00e9. Alain Delon v\u00e9letlen\u00fcl lett sz\u00edn\u00e9sz, \u00e9s el\u0151rehaladt\u00e1val filmr\u0151l filmre tanulta meg a szakm\u00e1t. Szerepeit nem csak elj\u00e1tszotta, a karakterek b\u0151r\u00e9be b\u00fajva nem csak sz\u00edn\u00e9szkedett, hanem \u201e\u00e9lte\u201d azokat.<\/p>\n\n\n\n<!--more-->\n\n\n\n<p>Alain Delon elhunyt\u00e1val Franciaorsz\u00e1g \u00e9s a vil\u00e1g elvesztette egyik legnagyobb filmikonj\u00e1t. Filmes karrierje sor\u00e1n gyakran j\u00e1tszott a l\u00e1zad\u00e1st\u00f3l gy\u00f6t\u00f6rt vagy a k\u00ednok \u00e1ltal felem\u00e9sztett embereket, tal\u00e1n az\u00e9rt is, mert ezek a szerepek nagyon hasonl\u00edtottak saj\u00e1t sors\u00e1ra.<\/p>\n\n\n\n<h2 class=\"wp-block-heading\">A felejthetetlen\u00fcl sz\u00e9p f\u00e9rfi<\/h2>\n\n\n\n<p>Az 1935-ben sz\u00fcletett Alain Delonnak neh\u00e9z gyermekkora volt: elv\u00e1lt sz\u00fcl\u0151k, nevel\u0151sz\u00fcl\u0151k, iskol\u00e1k hossz\u00fa list\u00e1ja. Fiatalon megszak\u00edtotta csal\u00e1dj\u00e1val val\u00f3 kapcsolat\u00e1t, 1952-ben 17 \u00e9vesen bel\u00e9pett a hadseregbe \u00e9s Indok\u00edn\u00e1ba ment. A sz\u00fclei v\u00e1l\u00e1sa miatt szenved\u0151 fiatal Delon neh\u00e9z csal\u00e1di \u00e9let\u00e9t\u0151l t\u00e1vol itt v\u00e9gre boldognak \u00e9rezte mag\u00e1t. Igazi bajkever\u0151 gyerek volt, sem apja, sem anyja \u00faj csal\u00e1dj\u00e1ba nem tudott beilleszkedni.Amikor 1956-ban visszat\u00e9rt Franciaorsz\u00e1gba, m\u00e1s utat keresett mag\u00e1nak, \u00e9s P\u00e1rizs zavaros m\u0171v\u00e9szi k\u00f6reiben szocializ\u00e1l\u00f3dott \u00fajra.<\/p>\n\n\n\n<p>\u201eFelejthetetlen sz\u00e9ps\u00e9g\u00e9nek\u201d k\u00f6sz\u00f6nhet\u0151en (\u00edgy nyilatkozott egyszer mag\u00e1r\u00f3l) hamar felfigyeltek r\u00e1, \u00e9s r\u00f6videsen m\u00e1r egy filmben deb\u00fct\u00e1lt. 1960-ban a Ren\u00e9 Cl\u00e9ment \u00e1ltal rendezett Purple Noonnan nem csak filmes karrierje indult el, de minden mozil\u00e1togat\u00f3 v\u00e9lem\u00e9nye szerint a film egy remekm\u0171 volt, amelyben mindenkit elk\u00e1pr\u00e1ztatott.<\/p>\n\n\n\n<h2 class=\"wp-block-heading\">Eur\u00f3pa egyik legh\u00edresebb sz\u00edn\u00e9sze<\/h2>\n\n\n\n<figure class=\"wp-block-image size-full\"><img loading=\"lazy\" decoding=\"async\" width=\"800\" height=\"534\" src=\"https:\/\/www.francespiration.com\/wp-content\/uploads\/2024\/08\/53930494241_76d162500d_c.jpg\" alt=\"\" class=\"wp-image-1945\" srcset=\"https:\/\/www.francespiration.com\/wp-content\/uploads\/2024\/08\/53930494241_76d162500d_c.jpg 800w, https:\/\/www.francespiration.com\/wp-content\/uploads\/2024\/08\/53930494241_76d162500d_c-300x200.jpg 300w, https:\/\/www.francespiration.com\/wp-content\/uploads\/2024\/08\/53930494241_76d162500d_c-768x513.jpg 768w\" sizes=\"auto, (max-width: 800px) 100vw, 800px\" \/><figcaption class=\"wp-element-caption\">Fot\u00f3: flickr.com<\/figcaption><\/figure>\n\n\n\n<p>Karrierje ezut\u00e1n hihetetlen\u00fcl gyorsan  felfel\u00e9 \u00edvelt, Delon nemzetk\u00f6zi szinten is keresett sz\u00edn\u00e9ssz\u00e9 v\u00e1lt, s\u0151t: kor\u00e1nak egyik legh\u00edresebb eur\u00f3pai sz\u00edn\u00e9sze lett. K\u00fcl\u00f6n\u00f6sen Olaszorsz\u00e1gban, ahol Luchino Visconti figyelt fel r\u00e1, akit\u0151l 1963-ban k\u00e9t filmben is szerepet kapott: a Rocco \u00e9s testv\u00e9rei c\u00edm\u0171 filmben egy bokszol\u00f3t alak\u00edtott, \u00e9s a Leop\u00e1rd c\u00edm\u0171 nemzetk\u00f6zi remekm\u0171ben, amelyben Burt Lancaster \u00e9s Claudia Cardinale is szerepelt. \u0150 volt a f\u0151szerepl\u0151je A szic\u00edliai kl\u00e1n \u00e9s mindenekel\u0151tt a Le Samoura\u00ef c\u00edm\u0171 alkot\u00e1soknak is. J\u00e1tszott a Borsalinoban Jean-Paul Belmondo partnerek\u00e9nt, A medence c\u00edm\u0171 filmben Romy Schneider oldal\u00e1n, krimikben, mint A Zsaru \u00e9s a V\u00f6r\u00f6s k\u00f6r, kalandfilmekben, mint a Fekete tulip\u00e1n \u00e9s a Zorro \u00e9s m\u00e9g sz\u00e1mtalan jobbn\u00e1l jobb alkot\u00e1sban. <\/p>\n\n\n\n<h2 class=\"wp-block-heading\">90 film, 136 milli\u00f3 n\u00e9z\u0151 <\/h2>\n\n\n\n<p>Szak\u00e9rt\u0151k szerint Delon csaknem 90 filmben j\u00e1tszott, moziban t\u00f6bb mint 136 milli\u00f3an n\u00e9zt\u00e9k meg filmjeit, \u00edgy Franciaorsz\u00e1g egyik legt\u00f6bb bev\u00e9telt hoz\u00f3 sz\u00edn\u00e9sz\u00e9v\u00e9 v\u00e1lt. Sz\u00e1mos d\u00edjat is nyert, k\u00f6zt\u00fck k\u00e9t C\u00e9sar-d\u00edjat , a Cannes-i Filmfesztiv\u00e1lon pedig 2019-ben megkapta az Arany P\u00e1lma \u00e9letm\u0171d\u00edjat. 1999-ben \u00fagy d\u00f6nt\u00f6tt, hogy visszavonul a sz\u00edn\u00e9szett\u0151l, ennek ellen\u00e9re 2008-ban elj\u00e1tszott egy szerepet az Asterix az Olimpi\u00e1n c\u00edm\u0171 filmben. <\/p>\n\n\n\n<figure class=\"wp-block-image size-large\"><img loading=\"lazy\" decoding=\"async\" width=\"1024\" height=\"679\" src=\"https:\/\/www.francespiration.com\/wp-content\/uploads\/2024\/08\/53930478583_93fbbcd2e6_k-1024x679.jpg\" alt=\"\" class=\"wp-image-1942\" srcset=\"https:\/\/www.francespiration.com\/wp-content\/uploads\/2024\/08\/53930478583_93fbbcd2e6_k-1024x679.jpg 1024w, https:\/\/www.francespiration.com\/wp-content\/uploads\/2024\/08\/53930478583_93fbbcd2e6_k-300x199.jpg 300w, https:\/\/www.francespiration.com\/wp-content\/uploads\/2024\/08\/53930478583_93fbbcd2e6_k-768x509.jpg 768w, https:\/\/www.francespiration.com\/wp-content\/uploads\/2024\/08\/53930478583_93fbbcd2e6_k-1536x1019.jpg 1536w, https:\/\/www.francespiration.com\/wp-content\/uploads\/2024\/08\/53930478583_93fbbcd2e6_k.jpg 2048w\" sizes=\"auto, (max-width: 1024px) 100vw, 1024px\" \/><figcaption class=\"wp-element-caption\">Jean-Paul Belmond\u00f3val a Borsalino c\u00edm\u0171 filmben<\/figcaption><\/figure>\n\n\n\n<p>Azonban nem csak sz\u00edn\u00e9sz volt, hanem producer, \u00fczletember \u00e9s a vil\u00e1g egyik legh\u00edresebb francia parf\u00fcmm\u00e1rk\u00e1j\u00e1nak, a Diornak az arca.<\/p>\n\n\n\n<h2 class=\"wp-block-heading\">\u00c9lete szerelmei<\/h2>\n\n\n\n<p>Romy Schneider n\u00e9met sz\u00edn\u00e9szn\u0151 eleinte \u201earrog\u00e1nsnak\u201d tartotta Delont, amikor 1958-ban el\u0151sz\u00f6r tal\u00e1lkoztak, b\u00e1r a \u201eSissi\u201d-filmek tril\u00f3gi\u00e1j\u00e1nak sikere ut\u00e1n, amelyben az osztr\u00e1k-magyar cs\u00e1sz\u00e1rn\u0151t alak\u00edtotta, messze \u0151 volt a nagyobb szt\u00e1r. Annak ellen\u00e9re, hogy eljegyezt\u00e9k egym\u00e1st, soha nem h\u00e1zasodtak \u00f6ssze. N\u00e9gy viharos \u00e9v m\u00falva Delon lev\u00e9lben hagyta el, majd amikor 1968-ban \u00fajra egym\u00e1sra tal\u00e1ltak, hogy elk\u00e9sz\u00edts\u00e9k a \u201eA medence&#8221; c\u00edm\u0171 filmet,  a szikr\u00e1k \u00fajra r\u00f6pk\u00f6dni kezdtek. 1982-ben bek\u00f6vetkezett tragikus hal\u00e1la ut\u00e1n Alain Delon \u201e\u00e9letem szerelm\u00e9nek\u201d nevezte Romy Schneidert.<\/p>\n\n\n\n<figure class=\"wp-block-image size-large\"><img loading=\"lazy\" decoding=\"async\" width=\"1024\" height=\"799\" src=\"https:\/\/www.francespiration.com\/wp-content\/uploads\/2024\/08\/53930478868_16ae6ba4c1_k-1024x799.jpg\" alt=\"\" class=\"wp-image-1943\" srcset=\"https:\/\/www.francespiration.com\/wp-content\/uploads\/2024\/08\/53930478868_16ae6ba4c1_k-1024x799.jpg 1024w, https:\/\/www.francespiration.com\/wp-content\/uploads\/2024\/08\/53930478868_16ae6ba4c1_k-300x234.jpg 300w, https:\/\/www.francespiration.com\/wp-content\/uploads\/2024\/08\/53930478868_16ae6ba4c1_k-768x600.jpg 768w, https:\/\/www.francespiration.com\/wp-content\/uploads\/2024\/08\/53930478868_16ae6ba4c1_k-1536x1199.jpg 1536w, https:\/\/www.francespiration.com\/wp-content\/uploads\/2024\/08\/53930478868_16ae6ba4c1_k.jpg 1865w\" sizes=\"auto, (max-width: 1024px) 100vw, 1024px\" \/><figcaption class=\"wp-element-caption\">Romy Schniderrel<\/figcaption><\/figure>\n\n\n\n<p>Nico, a n\u00e9met sz\u00e1rmaz\u00e1s\u00fa \u00e9nekesn\u0151 \u00e9s sz\u00edn\u00e9szn\u0151 azt \u00e1ll\u00edtotta, hogy van egy k\u00f6z\u00f6s fiuk, Christian Aaron Boulogne, aki 1962-ben sz\u00fcletett. Delon azonban mindig tagadta, hogy \u0151 az apa.<\/p>\n\n\n\n<p>Az egyetlen n\u0151, akit Delon feles\u00e9g\u00fcl vett Natalie Delon volt. A p\u00e1r egy p\u00e1rizsi sz\u00f3rakoz\u00f3helyen ismerkedett meg, ahov\u00e1 Romy Schneiderrel \u00e9rkezett. Natalie m\u00e1r terhes volt, amikor 1964-ben titokban \u00f6sszeh\u00e1zasodtak. A kapcsolatuk viharos volt, \u00edgy nem csoda, hogy 1969-ben elv\u00e1ltak, miut\u00e1n Delon egy \u00e9vnyi Hollywoodban elt\u00f6lt\u00f6tt \u00e9v ut\u00e1n visszat\u00e9rt Franciaorsz\u00e1gba. A kapcsolatb\u00f3l egy k\u00f6z\u00f6s gyermek, a most k\u00f6zel hatvan\u00e9ves Anthony Delon sz\u00fcletett.<\/p>\n\n\n\n<p>Dalida, a popd\u00edva, az 1960-as \u00e9s 1970-es \u00e9vek hatalmas nemzetk\u00f6zi szt\u00e1rja \u00e9s Delon el\u0151sz\u00f6r az \u00f6tvenes \u00e9vekben alkottak egy p\u00e1rt, majd egy \u00e9vtizeddel k\u00e9s\u0151bb R\u00f3m\u00e1ban \u00e9lesztett\u00e9k fel \u00fajra a szenved\u00e9ly\u00fcket, amikor 1972-ben felvett\u00e9k h\u00edres kislemez\u00fcket, \u201eParole, Parole\u201d  c\u00edmmel, ami azt\u00e1n megh\u00f3d\u00edtotta az eg\u00e9sz vil\u00e1got.<\/p>\n\n\n\n<p>Rosalie van Breemennel 1987-ben ismerkedtek meg \u00e9s az egy\u00fctt t\u00f6lt\u00f6tt 15 \u00e9vb\u0151l k\u00e9t gyermek sz\u00fcletett: 1990-ben Anouchka, 1994-ben Alain-Fabien Delon.<\/p>\n\n\n\n<p>Alain Delon  leghosszabb kapcsolata Mireille Darc volt, aki modellb\u0151l lett sz\u00edn\u00e9szn\u0151 \u00e9s dokumentumfilm-k\u00e9sz\u00edt\u0151, \u00e9s akivel eg\u00e9szen a n\u0151 2017-ben bek\u00f6vetkezett hal\u00e1l\u00e1ig bar\u00e1tok maradtak.<\/p>\n","protected":false},"excerpt":{"rendered":"<p>Alain Delon a francia \u00e9s a vil\u00e1g filmm\u0171v\u00e9szet\u00e9nek egyik legend\u00e1s alakja volt, t\u00f6bb, mint nyolcvan film f\u0171z\u0151dik a nev\u00e9hez \u2013 sz\u00e1mos remekm\u0171 \u00e9s n\u00e9pszer\u0171 siker. Karrierje egy rendk\u00edv\u00fcli utaz\u00e1s volt, \u00e9s saj\u00e1tosan indult, elv\u00e9gre kezdetben semmi sem sodorta a szakma fel\u00e9. Alain Delon v\u00e9letlen\u00fcl lett sz\u00edn\u00e9sz, \u00e9s el\u0151rehaladt\u00e1val filmr\u0151l filmre tanulta meg a szakm\u00e1t. Szerepeit [&hellip;]<\/p>\n","protected":false},"author":1,"featured_media":1944,"comment_status":"open","ping_status":"open","sticky":false,"template":"","format":"standard","meta":{"footnotes":""},"categories":[1],"tags":[],"class_list":["post-1934","post","type-post","status-publish","format-standard","has-post-thumbnail","hentry","category-hirek"],"yoast_head":"<!-- This site is optimized with the Yoast SEO plugin v20.13 - https:\/\/yoast.com\/wordpress\/plugins\/seo\/ -->\n<title>\u00cdgy \u00e9lt Alain Delon, a legs\u00e1rmosabb francia filmikon - Francespiration<\/title>\n<meta name=\"description\" content=\"Alain Delon a francia \u00e9s a vil\u00e1g filmm\u0171v\u00e9szet\u00e9nek egyik legend\u00e1s alakja volt, k\u00f6zel 80 film f\u0171z\u0151dik a nev\u00e9hez.\" \/>\n<meta name=\"robots\" content=\"index, follow, max-snippet:-1, max-image-preview:large, max-video-preview:-1\" \/>\n<link rel=\"canonical\" href=\"https:\/\/www.francespiration.com\/index.php\/2024\/08\/27\/igy-elt-alain-delon-a-legsarmosabb-francia-filmikon\/\" \/>\n<meta property=\"og:locale\" content=\"hu_HU\" \/>\n<meta property=\"og:type\" content=\"article\" \/>\n<meta property=\"og:title\" content=\"\u00cdgy \u00e9lt Alain Delon, a legs\u00e1rmosabb francia filmikon - Francespiration\" \/>\n<meta property=\"og:description\" content=\"Alain Delon a francia \u00e9s a vil\u00e1g filmm\u0171v\u00e9szet\u00e9nek egyik legend\u00e1s alakja volt, k\u00f6zel 80 film f\u0171z\u0151dik a nev\u00e9hez.\" \/>\n<meta property=\"og:url\" content=\"https:\/\/www.francespiration.com\/index.php\/2024\/08\/27\/igy-elt-alain-delon-a-legsarmosabb-francia-filmikon\/\" \/>\n<meta property=\"og:site_name\" content=\"Francespiration\" \/>\n<meta property=\"article:published_time\" content=\"2024-08-27T11:40:33+00:00\" \/>\n<meta property=\"article:modified_time\" content=\"2024-08-27T14:40:52+00:00\" \/>\n<meta property=\"og:image\" content=\"https:\/\/www.francespiration.com\/wp-content\/uploads\/2024\/08\/Nevtelen-terv-4.png\" \/>\n\t<meta property=\"og:image:width\" content=\"940\" \/>\n\t<meta property=\"og:image:height\" content=\"788\" \/>\n\t<meta property=\"og:image:type\" content=\"image\/png\" \/>\n<meta name=\"author\" content=\"Sz\u00f6ll\u0151si T\u00edmea\" \/>\n<meta name=\"twitter:card\" content=\"summary_large_image\" \/>\n<meta name=\"twitter:label1\" content=\"Szerz\u0151:\" \/>\n\t<meta name=\"twitter:data1\" content=\"Sz\u00f6ll\u0151si T\u00edmea\" \/>\n\t<meta name=\"twitter:label2\" content=\"Becs\u00fclt olvas\u00e1si id\u0151\" \/>\n\t<meta name=\"twitter:data2\" content=\"5 perc\" \/>\n<script type=\"application\/ld+json\" class=\"yoast-schema-graph\">{\"@context\":\"https:\/\/schema.org\",\"@graph\":[{\"@type\":\"Article\",\"@id\":\"https:\/\/www.francespiration.com\/index.php\/2024\/08\/27\/igy-elt-alain-delon-a-legsarmosabb-francia-filmikon\/#article\",\"isPartOf\":{\"@id\":\"https:\/\/www.francespiration.com\/index.php\/2024\/08\/27\/igy-elt-alain-delon-a-legsarmosabb-francia-filmikon\/\"},\"author\":{\"name\":\"Sz\u00f6ll\u0151si T\u00edmea\",\"@id\":\"https:\/\/www.francespiration.com\/#\/schema\/person\/83f3dc20d791bfb54664f7e0287501fa\"},\"headline\":\"\u00cdgy \u00e9lt Alain Delon, a legs\u00e1rmosabb francia filmikon\",\"datePublished\":\"2024-08-27T11:40:33+00:00\",\"dateModified\":\"2024-08-27T14:40:52+00:00\",\"mainEntityOfPage\":{\"@id\":\"https:\/\/www.francespiration.com\/index.php\/2024\/08\/27\/igy-elt-alain-delon-a-legsarmosabb-francia-filmikon\/\"},\"wordCount\":991,\"commentCount\":0,\"publisher\":{\"@id\":\"https:\/\/www.francespiration.com\/#organization\"},\"articleSection\":[\"H\u00cdREK\"],\"inLanguage\":\"hu\",\"potentialAction\":[{\"@type\":\"CommentAction\",\"name\":\"Comment\",\"target\":[\"https:\/\/www.francespiration.com\/index.php\/2024\/08\/27\/igy-elt-alain-delon-a-legsarmosabb-francia-filmikon\/#respond\"]}]},{\"@type\":\"WebPage\",\"@id\":\"https:\/\/www.francespiration.com\/index.php\/2024\/08\/27\/igy-elt-alain-delon-a-legsarmosabb-francia-filmikon\/\",\"url\":\"https:\/\/www.francespiration.com\/index.php\/2024\/08\/27\/igy-elt-alain-delon-a-legsarmosabb-francia-filmikon\/\",\"name\":\"\u00cdgy \u00e9lt Alain Delon, a legs\u00e1rmosabb francia filmikon - Francespiration\",\"isPartOf\":{\"@id\":\"https:\/\/www.francespiration.com\/#website\"},\"datePublished\":\"2024-08-27T11:40:33+00:00\",\"dateModified\":\"2024-08-27T14:40:52+00:00\",\"description\":\"Alain Delon a francia \u00e9s a vil\u00e1g filmm\u0171v\u00e9szet\u00e9nek egyik legend\u00e1s alakja volt, k\u00f6zel 80 film f\u0171z\u0151dik a nev\u00e9hez.\",\"breadcrumb\":{\"@id\":\"https:\/\/www.francespiration.com\/index.php\/2024\/08\/27\/igy-elt-alain-delon-a-legsarmosabb-francia-filmikon\/#breadcrumb\"},\"inLanguage\":\"hu\",\"potentialAction\":[{\"@type\":\"ReadAction\",\"target\":[\"https:\/\/www.francespiration.com\/index.php\/2024\/08\/27\/igy-elt-alain-delon-a-legsarmosabb-francia-filmikon\/\"]}]},{\"@type\":\"BreadcrumbList\",\"@id\":\"https:\/\/www.francespiration.com\/index.php\/2024\/08\/27\/igy-elt-alain-delon-a-legsarmosabb-francia-filmikon\/#breadcrumb\",\"itemListElement\":[{\"@type\":\"ListItem\",\"position\":1,\"name\":\"Kezd\u0151lap\",\"item\":\"https:\/\/www.francespiration.com\/\"},{\"@type\":\"ListItem\",\"position\":2,\"name\":\"\u00cdgy \u00e9lt Alain Delon, a legs\u00e1rmosabb francia filmikon\"}]},{\"@type\":\"WebSite\",\"@id\":\"https:\/\/www.francespiration.com\/#website\",\"url\":\"https:\/\/www.francespiration.com\/\",\"name\":\"Francespiration\",\"description\":\"Just another WordPress site\",\"publisher\":{\"@id\":\"https:\/\/www.francespiration.com\/#organization\"},\"potentialAction\":[{\"@type\":\"SearchAction\",\"target\":{\"@type\":\"EntryPoint\",\"urlTemplate\":\"https:\/\/www.francespiration.com\/?s={search_term_string}\"},\"query-input\":\"required name=search_term_string\"}],\"inLanguage\":\"hu\"},{\"@type\":\"Organization\",\"@id\":\"https:\/\/www.francespiration.com\/#organization\",\"name\":\"Francespiration\",\"url\":\"https:\/\/www.francespiration.com\/\",\"logo\":{\"@type\":\"ImageObject\",\"inLanguage\":\"hu\",\"@id\":\"https:\/\/www.francespiration.com\/#\/schema\/logo\/image\/\",\"url\":\"https:\/\/www.francespiration.com\/wp-content\/uploads\/2022\/09\/4d-also-scaled.jpg\",\"contentUrl\":\"https:\/\/www.francespiration.com\/wp-content\/uploads\/2022\/09\/4d-also-scaled.jpg\",\"width\":2560,\"height\":913,\"caption\":\"Francespiration\"},\"image\":{\"@id\":\"https:\/\/www.francespiration.com\/#\/schema\/logo\/image\/\"}},{\"@type\":\"Person\",\"@id\":\"https:\/\/www.francespiration.com\/#\/schema\/person\/83f3dc20d791bfb54664f7e0287501fa\",\"name\":\"Sz\u00f6ll\u0151si T\u00edmea\",\"image\":{\"@type\":\"ImageObject\",\"inLanguage\":\"hu\",\"@id\":\"https:\/\/www.francespiration.com\/#\/schema\/person\/image\/\",\"url\":\"https:\/\/secure.gravatar.com\/avatar\/1fd2e7bebd99ada3a170be066229da8dce9b7f9ba3748e0b659e39e5f31eb56a?s=96&d=mm&r=g\",\"contentUrl\":\"https:\/\/secure.gravatar.com\/avatar\/1fd2e7bebd99ada3a170be066229da8dce9b7f9ba3748e0b659e39e5f31eb56a?s=96&d=mm&r=g\",\"caption\":\"Sz\u00f6ll\u0151si T\u00edmea\"},\"sameAs\":[\"https:\/\/www.francespiration.com\"],\"url\":\"https:\/\/www.francespiration.com\/index.php\/author\/szollotimi\/\"}]}<\/script>\n<!-- \/ Yoast SEO plugin. -->","yoast_head_json":{"title":"\u00cdgy \u00e9lt Alain Delon, a legs\u00e1rmosabb francia filmikon - Francespiration","description":"Alain Delon a francia \u00e9s a vil\u00e1g filmm\u0171v\u00e9szet\u00e9nek egyik legend\u00e1s alakja volt, k\u00f6zel 80 film f\u0171z\u0151dik a nev\u00e9hez.","robots":{"index":"index","follow":"follow","max-snippet":"max-snippet:-1","max-image-preview":"max-image-preview:large","max-video-preview":"max-video-preview:-1"},"canonical":"https:\/\/www.francespiration.com\/index.php\/2024\/08\/27\/igy-elt-alain-delon-a-legsarmosabb-francia-filmikon\/","og_locale":"hu_HU","og_type":"article","og_title":"\u00cdgy \u00e9lt Alain Delon, a legs\u00e1rmosabb francia filmikon - Francespiration","og_description":"Alain Delon a francia \u00e9s a vil\u00e1g filmm\u0171v\u00e9szet\u00e9nek egyik legend\u00e1s alakja volt, k\u00f6zel 80 film f\u0171z\u0151dik a nev\u00e9hez.","og_url":"https:\/\/www.francespiration.com\/index.php\/2024\/08\/27\/igy-elt-alain-delon-a-legsarmosabb-francia-filmikon\/","og_site_name":"Francespiration","article_published_time":"2024-08-27T11:40:33+00:00","article_modified_time":"2024-08-27T14:40:52+00:00","og_image":[{"width":940,"height":788,"url":"https:\/\/www.francespiration.com\/wp-content\/uploads\/2024\/08\/Nevtelen-terv-4.png","type":"image\/png"}],"author":"Sz\u00f6ll\u0151si T\u00edmea","twitter_card":"summary_large_image","twitter_misc":{"Szerz\u0151:":"Sz\u00f6ll\u0151si T\u00edmea","Becs\u00fclt olvas\u00e1si id\u0151":"5 perc"},"schema":{"@context":"https:\/\/schema.org","@graph":[{"@type":"Article","@id":"https:\/\/www.francespiration.com\/index.php\/2024\/08\/27\/igy-elt-alain-delon-a-legsarmosabb-francia-filmikon\/#article","isPartOf":{"@id":"https:\/\/www.francespiration.com\/index.php\/2024\/08\/27\/igy-elt-alain-delon-a-legsarmosabb-francia-filmikon\/"},"author":{"name":"Sz\u00f6ll\u0151si T\u00edmea","@id":"https:\/\/www.francespiration.com\/#\/schema\/person\/83f3dc20d791bfb54664f7e0287501fa"},"headline":"\u00cdgy \u00e9lt Alain Delon, a legs\u00e1rmosabb francia filmikon","datePublished":"2024-08-27T11:40:33+00:00","dateModified":"2024-08-27T14:40:52+00:00","mainEntityOfPage":{"@id":"https:\/\/www.francespiration.com\/index.php\/2024\/08\/27\/igy-elt-alain-delon-a-legsarmosabb-francia-filmikon\/"},"wordCount":991,"commentCount":0,"publisher":{"@id":"https:\/\/www.francespiration.com\/#organization"},"articleSection":["H\u00cdREK"],"inLanguage":"hu","potentialAction":[{"@type":"CommentAction","name":"Comment","target":["https:\/\/www.francespiration.com\/index.php\/2024\/08\/27\/igy-elt-alain-delon-a-legsarmosabb-francia-filmikon\/#respond"]}]},{"@type":"WebPage","@id":"https:\/\/www.francespiration.com\/index.php\/2024\/08\/27\/igy-elt-alain-delon-a-legsarmosabb-francia-filmikon\/","url":"https:\/\/www.francespiration.com\/index.php\/2024\/08\/27\/igy-elt-alain-delon-a-legsarmosabb-francia-filmikon\/","name":"\u00cdgy \u00e9lt Alain Delon, a legs\u00e1rmosabb francia filmikon - Francespiration","isPartOf":{"@id":"https:\/\/www.francespiration.com\/#website"},"datePublished":"2024-08-27T11:40:33+00:00","dateModified":"2024-08-27T14:40:52+00:00","description":"Alain Delon a francia \u00e9s a vil\u00e1g filmm\u0171v\u00e9szet\u00e9nek egyik legend\u00e1s alakja volt, k\u00f6zel 80 film f\u0171z\u0151dik a nev\u00e9hez.","breadcrumb":{"@id":"https:\/\/www.francespiration.com\/index.php\/2024\/08\/27\/igy-elt-alain-delon-a-legsarmosabb-francia-filmikon\/#breadcrumb"},"inLanguage":"hu","potentialAction":[{"@type":"ReadAction","target":["https:\/\/www.francespiration.com\/index.php\/2024\/08\/27\/igy-elt-alain-delon-a-legsarmosabb-francia-filmikon\/"]}]},{"@type":"BreadcrumbList","@id":"https:\/\/www.francespiration.com\/index.php\/2024\/08\/27\/igy-elt-alain-delon-a-legsarmosabb-francia-filmikon\/#breadcrumb","itemListElement":[{"@type":"ListItem","position":1,"name":"Kezd\u0151lap","item":"https:\/\/www.francespiration.com\/"},{"@type":"ListItem","position":2,"name":"\u00cdgy \u00e9lt Alain Delon, a legs\u00e1rmosabb francia filmikon"}]},{"@type":"WebSite","@id":"https:\/\/www.francespiration.com\/#website","url":"https:\/\/www.francespiration.com\/","name":"Francespiration","description":"Just another WordPress site","publisher":{"@id":"https:\/\/www.francespiration.com\/#organization"},"potentialAction":[{"@type":"SearchAction","target":{"@type":"EntryPoint","urlTemplate":"https:\/\/www.francespiration.com\/?s={search_term_string}"},"query-input":"required name=search_term_string"}],"inLanguage":"hu"},{"@type":"Organization","@id":"https:\/\/www.francespiration.com\/#organization","name":"Francespiration","url":"https:\/\/www.francespiration.com\/","logo":{"@type":"ImageObject","inLanguage":"hu","@id":"https:\/\/www.francespiration.com\/#\/schema\/logo\/image\/","url":"https:\/\/www.francespiration.com\/wp-content\/uploads\/2022\/09\/4d-also-scaled.jpg","contentUrl":"https:\/\/www.francespiration.com\/wp-content\/uploads\/2022\/09\/4d-also-scaled.jpg","width":2560,"height":913,"caption":"Francespiration"},"image":{"@id":"https:\/\/www.francespiration.com\/#\/schema\/logo\/image\/"}},{"@type":"Person","@id":"https:\/\/www.francespiration.com\/#\/schema\/person\/83f3dc20d791bfb54664f7e0287501fa","name":"Sz\u00f6ll\u0151si T\u00edmea","image":{"@type":"ImageObject","inLanguage":"hu","@id":"https:\/\/www.francespiration.com\/#\/schema\/person\/image\/","url":"https:\/\/secure.gravatar.com\/avatar\/1fd2e7bebd99ada3a170be066229da8dce9b7f9ba3748e0b659e39e5f31eb56a?s=96&d=mm&r=g","contentUrl":"https:\/\/secure.gravatar.com\/avatar\/1fd2e7bebd99ada3a170be066229da8dce9b7f9ba3748e0b659e39e5f31eb56a?s=96&d=mm&r=g","caption":"Sz\u00f6ll\u0151si T\u00edmea"},"sameAs":["https:\/\/www.francespiration.com"],"url":"https:\/\/www.francespiration.com\/index.php\/author\/szollotimi\/"}]}},"_links":{"self":[{"href":"https:\/\/www.francespiration.com\/index.php\/wp-json\/wp\/v2\/posts\/1934","targetHints":{"allow":["GET"]}}],"collection":[{"href":"https:\/\/www.francespiration.com\/index.php\/wp-json\/wp\/v2\/posts"}],"about":[{"href":"https:\/\/www.francespiration.com\/index.php\/wp-json\/wp\/v2\/types\/post"}],"author":[{"embeddable":true,"href":"https:\/\/www.francespiration.com\/index.php\/wp-json\/wp\/v2\/users\/1"}],"replies":[{"embeddable":true,"href":"https:\/\/www.francespiration.com\/index.php\/wp-json\/wp\/v2\/comments?post=1934"}],"version-history":[{"count":6,"href":"https:\/\/www.francespiration.com\/index.php\/wp-json\/wp\/v2\/posts\/1934\/revisions"}],"predecessor-version":[{"id":1947,"href":"https:\/\/www.francespiration.com\/index.php\/wp-json\/wp\/v2\/posts\/1934\/revisions\/1947"}],"wp:featuredmedia":[{"embeddable":true,"href":"https:\/\/www.francespiration.com\/index.php\/wp-json\/wp\/v2\/media\/1944"}],"wp:attachment":[{"href":"https:\/\/www.francespiration.com\/index.php\/wp-json\/wp\/v2\/media?parent=1934"}],"wp:term":[{"taxonomy":"category","embeddable":true,"href":"https:\/\/www.francespiration.com\/index.php\/wp-json\/wp\/v2\/categories?post=1934"},{"taxonomy":"post_tag","embeddable":true,"href":"https:\/\/www.francespiration.com\/index.php\/wp-json\/wp\/v2\/tags?post=1934"}],"curies":[{"name":"wp","href":"https:\/\/api.w.org\/{rel}","templated":true}]}}