{"id":1937,"date":"2024-08-27T07:51:50","date_gmt":"2024-08-27T07:51:50","guid":{"rendered":"https:\/\/www.francespiration.com\/?p=1937"},"modified":"2024-08-27T07:52:23","modified_gmt":"2024-08-27T07:52:23","slug":"szerdan-rajtol-a-paralimpia-parizsban","status":"publish","type":"post","link":"https:\/\/www.francespiration.com\/index.php\/2024\/08\/27\/szerdan-rajtol-a-paralimpia-parizsban\/","title":{"rendered":"Szerd\u00e1n rajtol a Paralimpia P\u00e1rizsban"},"content":{"rendered":"\n<p><strong>Az augusztus 11-\u00e9n v\u00e9get \u00e9rt olimpia ut\u00e1n 17 nappal szerd\u00e1n kezd\u0151dik, \u00e9s j\u00f6v\u0151 vas\u00e1rnapig tart a paralimpia P\u00e1rizsban.<\/strong><\/p>\n\n\n\n<!--more-->\n\n\n\n<p>A paralimpia &#8211; amelynek el\u0151sz\u00f6r ad otthont a francia f\u0151v\u00e1ros &#8211; a fogyat\u00e9kkal \u00e9l\u0151 emberek sz\u00e1m\u00e1ra rendezett legismertebb nemzetk\u00f6zi sportverseny, amely az olimpiai j\u00e1t\u00e9kok mint\u00e1j\u00e1ra j\u00f6tt l\u00e9tre (a siketlimpia \u00e9s az \u00e9rtelmi fogyat\u00e9kosok speci\u00e1lis olimpi\u00e1ja nem tartozik a paralimpi\u00e1hoz.) A paralimpia kifejez\u00e9st, amelyet hivatalosan el\u0151sz\u00f6r az 1988-as sz\u00f6uli j\u00e1t\u00e9kokon haszn\u00e1ltak, eredetileg az angol paraplegic (b\u00e9nult) \u00e9s az olimpia szavak \u00f6sszet\u00e9tel\u00e9vel alkott\u00e1k meg. K\u00e9s\u0151bb az el\u0151tagot a g\u00f6r\u00f6g para (hasonl\u00f3) sz\u00f3val helyettes\u00edtett\u00e9k, utalva az \u00e9p versenyz\u0151k\u00e9vel egyenrang\u00fa, p\u00e1rhuzamos j\u00e1t\u00e9kokra. A Nemzetk\u00f6zi Olimpiai Bizotts\u00e1g (NOB) \u00e9s a Nemzetk\u00f6zi Paralimpiai Bizotts\u00e1g (IPC) 2001-ben \u00e1llapodott meg abban, hogy 2012-t\u0151l mindig k\u00e9t h\u00e9ttel a ny\u00e1ri olimpiai j\u00e1t\u00e9kok ut\u00e1n, annak versenyhelysz\u00ednein rendezik meg a paralimpi\u00e1t.<\/p>\n\n\n\n<h2 class=\"wp-block-heading\">A p\u00e1rizsi lesz a XVII. paralimpia<\/h2>\n\n\n\n<p>A seregszeml\u00e9n k\u00f6zel 180 orsz\u00e1g 4400 sportol\u00f3ja verseng majd 22 sport\u00e1gban &#8211; atl\u00e9tik\u00e1ban, asztaliteniszben, bocci\u00e1ban, cselg\u00e1ncsban, cs\u00f6rg\u0151labd\u00e1ban, er\u0151emel\u00e9sben, evez\u00e9sben, \u00edj\u00e1szatban, kajak-kenuban, ker\u00e9kp\u00e1rban, \u00f6tf\u0151s fociban (l\u00e1t\u00e1ss\u00e9r\u00fcltek labdar\u00fag\u00e1sa), lovassportban, kerekessz\u00e9kes kos\u00e1rlabd\u00e1ban, kerekessz\u00e9kes r\u00f6gbiben, kerekessz\u00e9kes teniszben, kerekessz\u00e9kes v\u00edv\u00e1sban, sportl\u00f6v\u00e9szetben, tekvond\u00f3ban, tollaslabd\u00e1ban, triatlonban, \u00fasz\u00e1sban \u00e9s \u00fcl\u0151r\u00f6plabd\u00e1ban, adta h\u00edr\u00fcl az MTI. <\/p>\n\n\n\n<p>Mint \u00edrj\u00e1k, a k\u00fcl\u00f6nb\u00f6z\u0151 s\u00e9r\u00fclts\u00e9gi kateg\u00f3ri\u00e1k miatt 549 sz\u00e1mban tartanak majd eredm\u00e9nyhirdet\u00e9st. Hasonl\u00f3an az olimpi\u00e1hoz, a mostani paralimpia is beker\u00fcl majd a t\u00f6rt\u00e9nelemk\u00f6nyvekbe a nemek k\u00f6z\u00f6tti egyenl\u0151s\u00e9g miatt: a n\u0151k rekordot jelent\u0151 236 sz\u00e1mban versenyeznek \u00e9s a n\u0151i r\u00e9sztvev\u0151k sz\u00e1ma minden eddigit meghalad\u00f3 lesz.<\/p>\n\n\n\n<figure class=\"wp-block-image size-large\"><img loading=\"lazy\" decoding=\"async\" width=\"1024\" height=\"750\" src=\"https:\/\/www.francespiration.com\/wp-content\/uploads\/2024\/08\/paralympics-8251440_1280-1024x750.jpg\" alt=\"paralimpia-p\u00e1rizs\" class=\"wp-image-1938\" srcset=\"https:\/\/www.francespiration.com\/wp-content\/uploads\/2024\/08\/paralympics-8251440_1280-1024x750.jpg 1024w, https:\/\/www.francespiration.com\/wp-content\/uploads\/2024\/08\/paralympics-8251440_1280-300x220.jpg 300w, https:\/\/www.francespiration.com\/wp-content\/uploads\/2024\/08\/paralympics-8251440_1280-768x562.jpg 768w, https:\/\/www.francespiration.com\/wp-content\/uploads\/2024\/08\/paralympics-8251440_1280.jpg 1280w\" sizes=\"auto, (max-width: 1024px) 100vw, 1024px\" \/><figcaption class=\"wp-element-caption\">Fot\u00f3: Pixabay<\/figcaption><\/figure>\n\n\n\n<blockquote class=\"wp-block-quote is-layout-flow wp-block-quote-is-layout-flow\">\n<p>A versenyek a szerdai megnyit\u00f3 ut\u00e1n &#8211; amelyet a Concorde t\u00e9ren \u00e9s Champs-Elys\u00e9es-n rendeznek v\u00e1rhat\u00f3an 65 ezer n\u00e9z\u0151 el\u0151tt &#8211; cs\u00fct\u00f6rt\u00f6k\u00f6n kezd\u0151dnek \u00e9s a j\u00f6v\u0151 vas\u00e1rnapi z\u00e1r\u00f3cerem\u00f3ni\u00e1t megel\u0151z\u0151en \u00e9rnek v\u00e9get.<\/p>\n<\/blockquote>\n\n\n\n<h2 class=\"wp-block-heading\">39 magyar versenyz\u0151<\/h2>\n\n\n\n<p>A magyar sz\u00edneket 39 versenyz\u0151 k\u00e9pviseli, a csapat l\u00e9tsz\u00e1ma nagyobb, mint h\u00e1rom \u00e9ve, Toki\u00f3ban \u00e9s minden olyan sport\u00e1gban &#8211; \u00fasz\u00e1s, v\u00edv\u00e1s, atl\u00e9tika, asztalitenisz, kajak-kenu, er\u0151emel\u00e9s, triatlon, \u00edj\u00e1szat, sportl\u00f6v\u00e9szet, ker\u00e9kp\u00e1r &#8211; indul sportol\u00f3, amelyben a jap\u00e1n f\u0151v\u00e1rosban is. Lesz h\u00e1rom olyan sport\u00e1g, amelyben a legut\u00f3bbi j\u00e1t\u00e9kokra nem jutott ki magyar versenyz\u0151: Fony\u00f3di Ildik\u00f3 lovagl\u00e1sban, Bur\u00e1nyi Fl\u00f3ra cselg\u00e1ncsban, Szab\u00f3 Alexandra \u00e9s Nagy\u00a0\u00a0Vivien bocci\u00e1ban szerzett kv\u00f3t\u00e1t. Magyarorsz\u00e1g lovagl\u00e1sban 2004-ben, bocci\u00e1ban 2012-ben, dzs\u00fad\u00f3ban pedig 2016-ban volt ott legut\u00f3bb a paralimpi\u00e1n.<br><\/p>\n\n\n\n<p>Az \u00f6sszes, jelenleg akt\u00edv magyar paralimpiai bajnok indul\u00a0\u00a0P\u00e1rizsban: Ill\u00e9s Fanni, Bianka Pap \u00e9s Konkoly Zs\u00f3fia \u00fasz\u00e1sban, Ekler Luca atl\u00e9tik\u00e1ban, Veres Amarilla kerekessz\u00e9kes v\u00edv\u00e1sban, P\u00e1los P\u00e9ter asztaliteniszben, Kiss P\u00e9ter P\u00e1l pedig kajak-kenuban pr\u00f3b\u00e1lja majd megv\u00e9deni a c\u00edm\u00e9t. A csapat t\u00f6bb mint negyede, t\u00edz versenyz\u0151 \u00fajonc, Moln\u00e1r Nikoletta, Boldizs\u00e1r Dalma, Hotz Csenge, Mocs\u00e1ri Bence, Fony\u00f3di Ildik\u00f3, Szab\u00f3 Alexandra, Nagy Vivien, Luter\u00e1n Petra, Rescsik Csaba \u00e9s Kiss Tibor most el\u0151sz\u00f6r vesz r\u00e9szt paralimpi\u00e1n.<br><\/p>\n\n\n\n<p>Magyarorsz\u00e1g mindh\u00e1rom fogyat\u00e9koss\u00e1gi \u00e1gban k\u00e9pviselteti mag\u00e1t, azaz lesz l\u00e1t\u00e1s\u00e1ban, mozg\u00e1s\u00e1ban \u00e9s \u00e9rtelmi k\u00e9pess\u00e9geiben g\u00e1tolt sportol\u00f3ja is a francia f\u0151v\u00e1rosban. A magyar csapat szlogenje: &#8222;Egy\u00fctt er\u0151sebben, mint valaha!&#8221;.<\/p>\n","protected":false},"excerpt":{"rendered":"<p>Az augusztus 11-\u00e9n v\u00e9get \u00e9rt olimpia ut\u00e1n 17 nappal szerd\u00e1n kezd\u0151dik, \u00e9s j\u00f6v\u0151 vas\u00e1rnapig tart a paralimpia P\u00e1rizsban.<\/p>\n","protected":false},"author":1,"featured_media":1938,"comment_status":"open","ping_status":"open","sticky":false,"template":"","format":"standard","meta":{"footnotes":""},"categories":[1],"tags":[47],"class_list":["post-1937","post","type-post","status-publish","format-standard","has-post-thumbnail","hentry","category-hirek","tag-parizs"],"yoast_head":"<!-- This site is optimized with the Yoast SEO plugin v20.13 - https:\/\/yoast.com\/wordpress\/plugins\/seo\/ -->\n<title>Szerd\u00e1n rajtol a Paralimpia P\u00e1rizsban - Francespiration<\/title>\n<meta name=\"description\" content=\"Az augusztus 11-\u00e9n v\u00e9get \u00e9rt olimpia ut\u00e1n 17 nappal szerd\u00e1n kezd\u0151dik, \u00e9s j\u00f6v\u0151 vas\u00e1rnapig tart a paralimpia P\u00e1rizsban.\" \/>\n<meta name=\"robots\" content=\"index, follow, max-snippet:-1, max-image-preview:large, max-video-preview:-1\" \/>\n<link rel=\"canonical\" href=\"https:\/\/www.francespiration.com\/index.php\/2024\/08\/27\/szerdan-rajtol-a-paralimpia-parizsban\/\" \/>\n<meta property=\"og:locale\" content=\"hu_HU\" \/>\n<meta property=\"og:type\" content=\"article\" \/>\n<meta property=\"og:title\" content=\"Szerd\u00e1n rajtol a Paralimpia P\u00e1rizsban - Francespiration\" \/>\n<meta property=\"og:description\" content=\"Az augusztus 11-\u00e9n v\u00e9get \u00e9rt olimpia ut\u00e1n 17 nappal szerd\u00e1n kezd\u0151dik, \u00e9s j\u00f6v\u0151 vas\u00e1rnapig tart a paralimpia P\u00e1rizsban.\" \/>\n<meta property=\"og:url\" content=\"https:\/\/www.francespiration.com\/index.php\/2024\/08\/27\/szerdan-rajtol-a-paralimpia-parizsban\/\" \/>\n<meta property=\"og:site_name\" content=\"Francespiration\" \/>\n<meta property=\"article:published_time\" content=\"2024-08-27T07:51:50+00:00\" \/>\n<meta property=\"article:modified_time\" content=\"2024-08-27T07:52:23+00:00\" \/>\n<meta property=\"og:image\" content=\"https:\/\/www.francespiration.com\/wp-content\/uploads\/2024\/08\/paralympics-8251440_1280.jpg\" \/>\n\t<meta property=\"og:image:width\" content=\"1280\" \/>\n\t<meta property=\"og:image:height\" content=\"937\" \/>\n\t<meta property=\"og:image:type\" content=\"image\/jpeg\" \/>\n<meta name=\"author\" content=\"Sz\u00f6ll\u0151si T\u00edmea\" \/>\n<meta name=\"twitter:card\" content=\"summary_large_image\" \/>\n<meta name=\"twitter:label1\" content=\"Szerz\u0151:\" \/>\n\t<meta name=\"twitter:data1\" content=\"Sz\u00f6ll\u0151si T\u00edmea\" \/>\n\t<meta name=\"twitter:label2\" content=\"Becs\u00fclt olvas\u00e1si id\u0151\" \/>\n\t<meta name=\"twitter:data2\" content=\"3 perc\" \/>\n<script type=\"application\/ld+json\" class=\"yoast-schema-graph\">{\"@context\":\"https:\/\/schema.org\",\"@graph\":[{\"@type\":\"Article\",\"@id\":\"https:\/\/www.francespiration.com\/index.php\/2024\/08\/27\/szerdan-rajtol-a-paralimpia-parizsban\/#article\",\"isPartOf\":{\"@id\":\"https:\/\/www.francespiration.com\/index.php\/2024\/08\/27\/szerdan-rajtol-a-paralimpia-parizsban\/\"},\"author\":{\"name\":\"Sz\u00f6ll\u0151si T\u00edmea\",\"@id\":\"https:\/\/www.francespiration.com\/#\/schema\/person\/83f3dc20d791bfb54664f7e0287501fa\"},\"headline\":\"Szerd\u00e1n rajtol a Paralimpia P\u00e1rizsban\",\"datePublished\":\"2024-08-27T07:51:50+00:00\",\"dateModified\":\"2024-08-27T07:52:23+00:00\",\"mainEntityOfPage\":{\"@id\":\"https:\/\/www.francespiration.com\/index.php\/2024\/08\/27\/szerdan-rajtol-a-paralimpia-parizsban\/\"},\"wordCount\":678,\"commentCount\":0,\"publisher\":{\"@id\":\"https:\/\/www.francespiration.com\/#organization\"},\"keywords\":[\"p\u00e1rizs\"],\"articleSection\":[\"H\u00cdREK\"],\"inLanguage\":\"hu\",\"potentialAction\":[{\"@type\":\"CommentAction\",\"name\":\"Comment\",\"target\":[\"https:\/\/www.francespiration.com\/index.php\/2024\/08\/27\/szerdan-rajtol-a-paralimpia-parizsban\/#respond\"]}]},{\"@type\":\"WebPage\",\"@id\":\"https:\/\/www.francespiration.com\/index.php\/2024\/08\/27\/szerdan-rajtol-a-paralimpia-parizsban\/\",\"url\":\"https:\/\/www.francespiration.com\/index.php\/2024\/08\/27\/szerdan-rajtol-a-paralimpia-parizsban\/\",\"name\":\"Szerd\u00e1n rajtol a Paralimpia P\u00e1rizsban - Francespiration\",\"isPartOf\":{\"@id\":\"https:\/\/www.francespiration.com\/#website\"},\"datePublished\":\"2024-08-27T07:51:50+00:00\",\"dateModified\":\"2024-08-27T07:52:23+00:00\",\"description\":\"Az augusztus 11-\u00e9n v\u00e9get \u00e9rt olimpia ut\u00e1n 17 nappal szerd\u00e1n kezd\u0151dik, \u00e9s j\u00f6v\u0151 vas\u00e1rnapig tart a paralimpia P\u00e1rizsban.\",\"breadcrumb\":{\"@id\":\"https:\/\/www.francespiration.com\/index.php\/2024\/08\/27\/szerdan-rajtol-a-paralimpia-parizsban\/#breadcrumb\"},\"inLanguage\":\"hu\",\"potentialAction\":[{\"@type\":\"ReadAction\",\"target\":[\"https:\/\/www.francespiration.com\/index.php\/2024\/08\/27\/szerdan-rajtol-a-paralimpia-parizsban\/\"]}]},{\"@type\":\"BreadcrumbList\",\"@id\":\"https:\/\/www.francespiration.com\/index.php\/2024\/08\/27\/szerdan-rajtol-a-paralimpia-parizsban\/#breadcrumb\",\"itemListElement\":[{\"@type\":\"ListItem\",\"position\":1,\"name\":\"Kezd\u0151lap\",\"item\":\"https:\/\/www.francespiration.com\/\"},{\"@type\":\"ListItem\",\"position\":2,\"name\":\"Szerd\u00e1n rajtol a Paralimpia P\u00e1rizsban\"}]},{\"@type\":\"WebSite\",\"@id\":\"https:\/\/www.francespiration.com\/#website\",\"url\":\"https:\/\/www.francespiration.com\/\",\"name\":\"Francespiration\",\"description\":\"Just another WordPress site\",\"publisher\":{\"@id\":\"https:\/\/www.francespiration.com\/#organization\"},\"potentialAction\":[{\"@type\":\"SearchAction\",\"target\":{\"@type\":\"EntryPoint\",\"urlTemplate\":\"https:\/\/www.francespiration.com\/?s={search_term_string}\"},\"query-input\":\"required name=search_term_string\"}],\"inLanguage\":\"hu\"},{\"@type\":\"Organization\",\"@id\":\"https:\/\/www.francespiration.com\/#organization\",\"name\":\"Francespiration\",\"url\":\"https:\/\/www.francespiration.com\/\",\"logo\":{\"@type\":\"ImageObject\",\"inLanguage\":\"hu\",\"@id\":\"https:\/\/www.francespiration.com\/#\/schema\/logo\/image\/\",\"url\":\"https:\/\/www.francespiration.com\/wp-content\/uploads\/2022\/09\/4d-also-scaled.jpg\",\"contentUrl\":\"https:\/\/www.francespiration.com\/wp-content\/uploads\/2022\/09\/4d-also-scaled.jpg\",\"width\":2560,\"height\":913,\"caption\":\"Francespiration\"},\"image\":{\"@id\":\"https:\/\/www.francespiration.com\/#\/schema\/logo\/image\/\"}},{\"@type\":\"Person\",\"@id\":\"https:\/\/www.francespiration.com\/#\/schema\/person\/83f3dc20d791bfb54664f7e0287501fa\",\"name\":\"Sz\u00f6ll\u0151si T\u00edmea\",\"image\":{\"@type\":\"ImageObject\",\"inLanguage\":\"hu\",\"@id\":\"https:\/\/www.francespiration.com\/#\/schema\/person\/image\/\",\"url\":\"https:\/\/secure.gravatar.com\/avatar\/1fd2e7bebd99ada3a170be066229da8dce9b7f9ba3748e0b659e39e5f31eb56a?s=96&d=mm&r=g\",\"contentUrl\":\"https:\/\/secure.gravatar.com\/avatar\/1fd2e7bebd99ada3a170be066229da8dce9b7f9ba3748e0b659e39e5f31eb56a?s=96&d=mm&r=g\",\"caption\":\"Sz\u00f6ll\u0151si T\u00edmea\"},\"sameAs\":[\"https:\/\/www.francespiration.com\"],\"url\":\"https:\/\/www.francespiration.com\/index.php\/author\/szollotimi\/\"}]}<\/script>\n<!-- \/ Yoast SEO plugin. -->","yoast_head_json":{"title":"Szerd\u00e1n rajtol a Paralimpia P\u00e1rizsban - Francespiration","description":"Az augusztus 11-\u00e9n v\u00e9get \u00e9rt olimpia ut\u00e1n 17 nappal szerd\u00e1n kezd\u0151dik, \u00e9s j\u00f6v\u0151 vas\u00e1rnapig tart a paralimpia P\u00e1rizsban.","robots":{"index":"index","follow":"follow","max-snippet":"max-snippet:-1","max-image-preview":"max-image-preview:large","max-video-preview":"max-video-preview:-1"},"canonical":"https:\/\/www.francespiration.com\/index.php\/2024\/08\/27\/szerdan-rajtol-a-paralimpia-parizsban\/","og_locale":"hu_HU","og_type":"article","og_title":"Szerd\u00e1n rajtol a Paralimpia P\u00e1rizsban - Francespiration","og_description":"Az augusztus 11-\u00e9n v\u00e9get \u00e9rt olimpia ut\u00e1n 17 nappal szerd\u00e1n kezd\u0151dik, \u00e9s j\u00f6v\u0151 vas\u00e1rnapig tart a paralimpia P\u00e1rizsban.","og_url":"https:\/\/www.francespiration.com\/index.php\/2024\/08\/27\/szerdan-rajtol-a-paralimpia-parizsban\/","og_site_name":"Francespiration","article_published_time":"2024-08-27T07:51:50+00:00","article_modified_time":"2024-08-27T07:52:23+00:00","og_image":[{"width":1280,"height":937,"url":"https:\/\/www.francespiration.com\/wp-content\/uploads\/2024\/08\/paralympics-8251440_1280.jpg","type":"image\/jpeg"}],"author":"Sz\u00f6ll\u0151si T\u00edmea","twitter_card":"summary_large_image","twitter_misc":{"Szerz\u0151:":"Sz\u00f6ll\u0151si T\u00edmea","Becs\u00fclt olvas\u00e1si id\u0151":"3 perc"},"schema":{"@context":"https:\/\/schema.org","@graph":[{"@type":"Article","@id":"https:\/\/www.francespiration.com\/index.php\/2024\/08\/27\/szerdan-rajtol-a-paralimpia-parizsban\/#article","isPartOf":{"@id":"https:\/\/www.francespiration.com\/index.php\/2024\/08\/27\/szerdan-rajtol-a-paralimpia-parizsban\/"},"author":{"name":"Sz\u00f6ll\u0151si T\u00edmea","@id":"https:\/\/www.francespiration.com\/#\/schema\/person\/83f3dc20d791bfb54664f7e0287501fa"},"headline":"Szerd\u00e1n rajtol a Paralimpia P\u00e1rizsban","datePublished":"2024-08-27T07:51:50+00:00","dateModified":"2024-08-27T07:52:23+00:00","mainEntityOfPage":{"@id":"https:\/\/www.francespiration.com\/index.php\/2024\/08\/27\/szerdan-rajtol-a-paralimpia-parizsban\/"},"wordCount":678,"commentCount":0,"publisher":{"@id":"https:\/\/www.francespiration.com\/#organization"},"keywords":["p\u00e1rizs"],"articleSection":["H\u00cdREK"],"inLanguage":"hu","potentialAction":[{"@type":"CommentAction","name":"Comment","target":["https:\/\/www.francespiration.com\/index.php\/2024\/08\/27\/szerdan-rajtol-a-paralimpia-parizsban\/#respond"]}]},{"@type":"WebPage","@id":"https:\/\/www.francespiration.com\/index.php\/2024\/08\/27\/szerdan-rajtol-a-paralimpia-parizsban\/","url":"https:\/\/www.francespiration.com\/index.php\/2024\/08\/27\/szerdan-rajtol-a-paralimpia-parizsban\/","name":"Szerd\u00e1n rajtol a Paralimpia P\u00e1rizsban - Francespiration","isPartOf":{"@id":"https:\/\/www.francespiration.com\/#website"},"datePublished":"2024-08-27T07:51:50+00:00","dateModified":"2024-08-27T07:52:23+00:00","description":"Az augusztus 11-\u00e9n v\u00e9get \u00e9rt olimpia ut\u00e1n 17 nappal szerd\u00e1n kezd\u0151dik, \u00e9s j\u00f6v\u0151 vas\u00e1rnapig tart a paralimpia P\u00e1rizsban.","breadcrumb":{"@id":"https:\/\/www.francespiration.com\/index.php\/2024\/08\/27\/szerdan-rajtol-a-paralimpia-parizsban\/#breadcrumb"},"inLanguage":"hu","potentialAction":[{"@type":"ReadAction","target":["https:\/\/www.francespiration.com\/index.php\/2024\/08\/27\/szerdan-rajtol-a-paralimpia-parizsban\/"]}]},{"@type":"BreadcrumbList","@id":"https:\/\/www.francespiration.com\/index.php\/2024\/08\/27\/szerdan-rajtol-a-paralimpia-parizsban\/#breadcrumb","itemListElement":[{"@type":"ListItem","position":1,"name":"Kezd\u0151lap","item":"https:\/\/www.francespiration.com\/"},{"@type":"ListItem","position":2,"name":"Szerd\u00e1n rajtol a Paralimpia P\u00e1rizsban"}]},{"@type":"WebSite","@id":"https:\/\/www.francespiration.com\/#website","url":"https:\/\/www.francespiration.com\/","name":"Francespiration","description":"Just another WordPress site","publisher":{"@id":"https:\/\/www.francespiration.com\/#organization"},"potentialAction":[{"@type":"SearchAction","target":{"@type":"EntryPoint","urlTemplate":"https:\/\/www.francespiration.com\/?s={search_term_string}"},"query-input":"required name=search_term_string"}],"inLanguage":"hu"},{"@type":"Organization","@id":"https:\/\/www.francespiration.com\/#organization","name":"Francespiration","url":"https:\/\/www.francespiration.com\/","logo":{"@type":"ImageObject","inLanguage":"hu","@id":"https:\/\/www.francespiration.com\/#\/schema\/logo\/image\/","url":"https:\/\/www.francespiration.com\/wp-content\/uploads\/2022\/09\/4d-also-scaled.jpg","contentUrl":"https:\/\/www.francespiration.com\/wp-content\/uploads\/2022\/09\/4d-also-scaled.jpg","width":2560,"height":913,"caption":"Francespiration"},"image":{"@id":"https:\/\/www.francespiration.com\/#\/schema\/logo\/image\/"}},{"@type":"Person","@id":"https:\/\/www.francespiration.com\/#\/schema\/person\/83f3dc20d791bfb54664f7e0287501fa","name":"Sz\u00f6ll\u0151si T\u00edmea","image":{"@type":"ImageObject","inLanguage":"hu","@id":"https:\/\/www.francespiration.com\/#\/schema\/person\/image\/","url":"https:\/\/secure.gravatar.com\/avatar\/1fd2e7bebd99ada3a170be066229da8dce9b7f9ba3748e0b659e39e5f31eb56a?s=96&d=mm&r=g","contentUrl":"https:\/\/secure.gravatar.com\/avatar\/1fd2e7bebd99ada3a170be066229da8dce9b7f9ba3748e0b659e39e5f31eb56a?s=96&d=mm&r=g","caption":"Sz\u00f6ll\u0151si T\u00edmea"},"sameAs":["https:\/\/www.francespiration.com"],"url":"https:\/\/www.francespiration.com\/index.php\/author\/szollotimi\/"}]}},"_links":{"self":[{"href":"https:\/\/www.francespiration.com\/index.php\/wp-json\/wp\/v2\/posts\/1937","targetHints":{"allow":["GET"]}}],"collection":[{"href":"https:\/\/www.francespiration.com\/index.php\/wp-json\/wp\/v2\/posts"}],"about":[{"href":"https:\/\/www.francespiration.com\/index.php\/wp-json\/wp\/v2\/types\/post"}],"author":[{"embeddable":true,"href":"https:\/\/www.francespiration.com\/index.php\/wp-json\/wp\/v2\/users\/1"}],"replies":[{"embeddable":true,"href":"https:\/\/www.francespiration.com\/index.php\/wp-json\/wp\/v2\/comments?post=1937"}],"version-history":[{"count":1,"href":"https:\/\/www.francespiration.com\/index.php\/wp-json\/wp\/v2\/posts\/1937\/revisions"}],"predecessor-version":[{"id":1939,"href":"https:\/\/www.francespiration.com\/index.php\/wp-json\/wp\/v2\/posts\/1937\/revisions\/1939"}],"wp:featuredmedia":[{"embeddable":true,"href":"https:\/\/www.francespiration.com\/index.php\/wp-json\/wp\/v2\/media\/1938"}],"wp:attachment":[{"href":"https:\/\/www.francespiration.com\/index.php\/wp-json\/wp\/v2\/media?parent=1937"}],"wp:term":[{"taxonomy":"category","embeddable":true,"href":"https:\/\/www.francespiration.com\/index.php\/wp-json\/wp\/v2\/categories?post=1937"},{"taxonomy":"post_tag","embeddable":true,"href":"https:\/\/www.francespiration.com\/index.php\/wp-json\/wp\/v2\/tags?post=1937"}],"curies":[{"name":"wp","href":"https:\/\/api.w.org\/{rel}","templated":true}]}}