{"id":1948,"date":"2024-08-28T19:43:40","date_gmt":"2024-08-28T19:43:40","guid":{"rendered":"https:\/\/www.francespiration.com\/?p=1948"},"modified":"2024-08-28T19:54:42","modified_gmt":"2024-08-28T19:54:42","slug":"itt-lakik-mostantol-az-olimpiai-jatekok-megnyitojanak-legendas-femlova","status":"publish","type":"post","link":"https:\/\/www.francespiration.com\/index.php\/2024\/08\/28\/itt-lakik-mostantol-az-olimpiai-jatekok-megnyitojanak-legendas-femlova\/","title":{"rendered":"Itt lakik mostant\u00f3l az olimpiai j\u00e1t\u00e9kok megnyit\u00f3j\u00e1nak legend\u00e1s f\u00e9mlova"},"content":{"rendered":"\n<p><strong>Mindannyian megismerhett\u00fck a &#8222;Zeusz&#8221; n\u00e9vre hallgat\u00f3 l\u00e1tv\u00e1nyos f\u00e9mlovat, amely a p\u00e1rizsi olimpiai j\u00e1t\u00e9kok megnyit\u00f3j\u00e1n v\u00e1gtatott v\u00e9gig a Szajna felett. Augusztus 29. \u00e9s szeptember 8. k\u00f6z\u00f6tt a francia f\u0151v\u00e1ros V\u00e1rosh\u00e1za el\u0151tt \u00e1ll\u00edtj\u00e1k ki&#8230;<\/strong><\/p>\n\n\n\n<!--more-->\n\n\n\n<p>C\u00e9line Dion\u00a0brili\u00e1ns \u00e9nekl\u00e9s\u00e9vel egy\u00fctt ez volt a show\u00a0igazi f\u00e9nypontja: &#8222;Zeusz&#8221;\u00a0, a f\u00e9mb\u0151l sz\u00fcletett l\u00f3, amely a Szajn\u00e1n v\u00e1gtatott, \u00e9s vitte h\u00e1t\u00e1n a lovas\u00e1t az olimpiai j\u00e1t\u00e9kokra.\u00a0<\/p>\n\n\n\n<p>Ak\u00e1rhol is l\u00e1ttuk &#8211; a t\u00e9v\u00e9 k\u00e9perny\u0151je el\u0151tt vagy szem\u00e9lyesen P\u00e1rizsban a megnyit\u00f3 \u00fcnneps\u00e9g alkalm\u00e1val &#8211; az k\u00e9ts\u00e9gtelen, hogy Zeus a f\u00e9ml\u00f3 egyed\u00fcl\u00e1ll\u00f3 l\u00e1tv\u00e1ny volt. Mostant\u00f3l szeptember 8-ig b\u00e1rki szem\u00e9lyesen is megtekintheti, der\u00fclt ki a francia <a href=\"https:\/\/www.lebonbon.fr\/paris\/expo\/cheval-metallique-ceremonie-ouverture-jo-expose-hotel-de-ville\/\" target=\"_blank\" rel=\"noreferrer noopener\">lebonbon<\/a> cikk\u00e9b\u0151l.<\/p>\n\n\n\n<p>Mint \u00edrj\u00e1k, az elk\u00e9pzel\u00e9s m\u00f6g\u00f6tti gondolat c\u00e9lja az volt, hogy lehet\u0151v\u00e9 tegy\u00e9k, hogy \u201emindenki testk\u00f6zelb\u0151l felfedezhesse a\u00a0 j\u00e1t\u00e9kok egyik ikonikus jelk\u00e9p\u00e9t\u00a0\u201d, ahogyan azt Pierre Rabadan, P\u00e1rizs sport\u00e9rt \u00e9s az olimpi\u00e1\u00e9rt felel\u0151s alpolg\u00e1rmestere magyar\u00e1zta augusztus 26-\u00e1n, h\u00e9tf\u0151n. <\/p>\n\n\n\n<figure class=\"wp-block-image size-large\"><img loading=\"lazy\" decoding=\"async\" width=\"1024\" height=\"635\" src=\"https:\/\/www.francespiration.com\/wp-content\/uploads\/2024\/08\/zeus-lo-1024x635.png\" alt=\"\" class=\"wp-image-1950\" srcset=\"https:\/\/www.francespiration.com\/wp-content\/uploads\/2024\/08\/zeus-lo-1024x635.png 1024w, https:\/\/www.francespiration.com\/wp-content\/uploads\/2024\/08\/zeus-lo-300x186.png 300w, https:\/\/www.francespiration.com\/wp-content\/uploads\/2024\/08\/zeus-lo-768x476.png 768w, https:\/\/www.francespiration.com\/wp-content\/uploads\/2024\/08\/zeus-lo.png 1337w\" sizes=\"auto, (max-width: 1024px) 100vw, 1024px\" \/><figcaption class=\"wp-element-caption\">Fot\u00f3: YouTube<\/figcaption><\/figure>\n\n\n\n<p>Eadweard Muybridge fot\u00f3s munk\u00e1i \u00e1ltal ihletett \u00e9s az\u00a0Atelier Blam\u00a0\u00e9p\u00edt\u00e9szeti tervez\u0151st\u00fadi\u00f3 \u00e1ltal elk\u00e9pzelt f\u00e9m l\u00f3 megalkot\u00e1sa\u00a0sz\u00e1mos szakma munk\u00e1j\u00e1nak gy\u00fcm\u00f6lcse volt. Ahhoz, hogy a 180 centim\u00e9ter magas \u00e9s alum\u00edniumb\u00f3l k\u00e9sz\u00fclt alkot\u00e1st saj\u00e1t szem\u00fcnkkel is megcsod\u00e1lhassuk, nem kell m\u00e1st tenni, mint egy id\u0151pontot foglalni.\u00a0<\/p>\n\n\n\n<figure class=\"wp-block-image size-large\"><img loading=\"lazy\" decoding=\"async\" width=\"1024\" height=\"907\" src=\"https:\/\/www.francespiration.com\/wp-content\/uploads\/2024\/08\/olimpia-lo-1024x907.jpg\" alt=\"\" class=\"wp-image-1949\" srcset=\"https:\/\/www.francespiration.com\/wp-content\/uploads\/2024\/08\/olimpia-lo-1024x907.jpg 1024w, https:\/\/www.francespiration.com\/wp-content\/uploads\/2024\/08\/olimpia-lo-300x266.jpg 300w, https:\/\/www.francespiration.com\/wp-content\/uploads\/2024\/08\/olimpia-lo-768x680.jpg 768w, https:\/\/www.francespiration.com\/wp-content\/uploads\/2024\/08\/olimpia-lo.jpg 1440w\" sizes=\"auto, (max-width: 1024px) 100vw, 1024px\" \/><figcaption class=\"wp-element-caption\">P\u00e9gase Daily &#8211; 1er m\u00e9dia Cheval, Business, Soci\u00e9t\u00e9 &#038; Art de Vivre Facebook oldala<\/figcaption><\/figure>\n\n\n\n<p>P\u00e1rizs polg\u00e1rmestere, Anne Hidalgo az olimpiai szellem meg\u00f6r\u00f6k\u00edt\u00e9se \u00e9rdek\u00e9ben megeml\u00edtette, hogy a l\u00f3 esetleges megtart\u00e1sa is megfontoland\u00f3. A k\u00e9rd\u00e9s, hogy mi lesz vele, ha\u00a0v\u00e9get \u00e9r a paralimpia&#8230;<\/p>\n\n\n\n<p><\/p>\n\n\n\n<p><\/p>\n","protected":false},"excerpt":{"rendered":"<p>Mindannyian megismerhett\u00fck a &#8222;Zeusz&#8221; n\u00e9vre hallgat\u00f3 l\u00e1tv\u00e1nyos f\u00e9mlovat, amely a p\u00e1rizsi olimpiai j\u00e1t\u00e9kok megnyit\u00f3j\u00e1n v\u00e1gtatott v\u00e9gig a Szajna felett. Augusztus 29. \u00e9s szeptember 8. k\u00f6z\u00f6tt a francia f\u0151v\u00e1ros V\u00e1rosh\u00e1za el\u0151tt \u00e1ll\u00edtj\u00e1k ki&#8230;<\/p>\n","protected":false},"author":1,"featured_media":1950,"comment_status":"open","ping_status":"open","sticky":false,"template":"","format":"standard","meta":{"footnotes":""},"categories":[1],"tags":[],"class_list":["post-1948","post","type-post","status-publish","format-standard","has-post-thumbnail","hentry","category-hirek"],"yoast_head":"<!-- This site is optimized with the Yoast SEO plugin v20.13 - https:\/\/yoast.com\/wordpress\/plugins\/seo\/ -->\n<title>Itt lakik mostant\u00f3l az olimpiai j\u00e1t\u00e9kok megnyit\u00f3j\u00e1nak legend\u00e1s f\u00e9mlova - Francespiration<\/title>\n<meta name=\"description\" content=\"A p\u00e1rizsi olimpiai j\u00e1t\u00e9kok f\u00e9mlova jelk\u00e9p lett, amelyet augusztus 29. \u00e9s szeptember 8. k\u00f6z\u00f6tt a francia f\u0151v\u00e1ros V\u00e1rosh\u00e1za el\u0151tt \u00e1ll\u00edtanak ki\" \/>\n<meta name=\"robots\" content=\"index, follow, max-snippet:-1, max-image-preview:large, max-video-preview:-1\" \/>\n<link rel=\"canonical\" href=\"https:\/\/www.francespiration.com\/index.php\/2024\/08\/28\/itt-lakik-mostantol-az-olimpiai-jatekok-megnyitojanak-legendas-femlova\/\" \/>\n<meta property=\"og:locale\" content=\"hu_HU\" \/>\n<meta property=\"og:type\" content=\"article\" \/>\n<meta property=\"og:title\" content=\"Itt lakik mostant\u00f3l az olimpiai j\u00e1t\u00e9kok megnyit\u00f3j\u00e1nak legend\u00e1s f\u00e9mlova - Francespiration\" \/>\n<meta property=\"og:description\" content=\"A p\u00e1rizsi olimpiai j\u00e1t\u00e9kok f\u00e9mlova jelk\u00e9p lett, amelyet augusztus 29. \u00e9s szeptember 8. k\u00f6z\u00f6tt a francia f\u0151v\u00e1ros V\u00e1rosh\u00e1za el\u0151tt \u00e1ll\u00edtanak ki\" \/>\n<meta property=\"og:url\" content=\"https:\/\/www.francespiration.com\/index.php\/2024\/08\/28\/itt-lakik-mostantol-az-olimpiai-jatekok-megnyitojanak-legendas-femlova\/\" \/>\n<meta property=\"og:site_name\" content=\"Francespiration\" \/>\n<meta property=\"article:published_time\" content=\"2024-08-28T19:43:40+00:00\" \/>\n<meta property=\"article:modified_time\" content=\"2024-08-28T19:54:42+00:00\" \/>\n<meta property=\"og:image\" content=\"https:\/\/www.francespiration.com\/wp-content\/uploads\/2024\/08\/zeus-lo-1024x635.png\" \/>\n\t<meta property=\"og:image:width\" content=\"1024\" \/>\n\t<meta property=\"og:image:height\" content=\"635\" \/>\n\t<meta property=\"og:image:type\" content=\"image\/png\" \/>\n<meta name=\"author\" content=\"Sz\u00f6ll\u0151si T\u00edmea\" \/>\n<meta name=\"twitter:card\" content=\"summary_large_image\" \/>\n<meta name=\"twitter:label1\" content=\"Szerz\u0151:\" \/>\n\t<meta name=\"twitter:data1\" content=\"Sz\u00f6ll\u0151si T\u00edmea\" \/>\n\t<meta name=\"twitter:label2\" content=\"Becs\u00fclt olvas\u00e1si id\u0151\" \/>\n\t<meta name=\"twitter:data2\" content=\"2 perc\" \/>\n<script type=\"application\/ld+json\" class=\"yoast-schema-graph\">{\"@context\":\"https:\/\/schema.org\",\"@graph\":[{\"@type\":\"Article\",\"@id\":\"https:\/\/www.francespiration.com\/index.php\/2024\/08\/28\/itt-lakik-mostantol-az-olimpiai-jatekok-megnyitojanak-legendas-femlova\/#article\",\"isPartOf\":{\"@id\":\"https:\/\/www.francespiration.com\/index.php\/2024\/08\/28\/itt-lakik-mostantol-az-olimpiai-jatekok-megnyitojanak-legendas-femlova\/\"},\"author\":{\"name\":\"Sz\u00f6ll\u0151si T\u00edmea\",\"@id\":\"https:\/\/www.francespiration.com\/#\/schema\/person\/83f3dc20d791bfb54664f7e0287501fa\"},\"headline\":\"Itt lakik mostant\u00f3l az olimpiai j\u00e1t\u00e9kok megnyit\u00f3j\u00e1nak legend\u00e1s f\u00e9mlova\",\"datePublished\":\"2024-08-28T19:43:40+00:00\",\"dateModified\":\"2024-08-28T19:54:42+00:00\",\"mainEntityOfPage\":{\"@id\":\"https:\/\/www.francespiration.com\/index.php\/2024\/08\/28\/itt-lakik-mostantol-az-olimpiai-jatekok-megnyitojanak-legendas-femlova\/\"},\"wordCount\":357,\"commentCount\":0,\"publisher\":{\"@id\":\"https:\/\/www.francespiration.com\/#organization\"},\"articleSection\":[\"H\u00cdREK\"],\"inLanguage\":\"hu\",\"potentialAction\":[{\"@type\":\"CommentAction\",\"name\":\"Comment\",\"target\":[\"https:\/\/www.francespiration.com\/index.php\/2024\/08\/28\/itt-lakik-mostantol-az-olimpiai-jatekok-megnyitojanak-legendas-femlova\/#respond\"]}]},{\"@type\":\"WebPage\",\"@id\":\"https:\/\/www.francespiration.com\/index.php\/2024\/08\/28\/itt-lakik-mostantol-az-olimpiai-jatekok-megnyitojanak-legendas-femlova\/\",\"url\":\"https:\/\/www.francespiration.com\/index.php\/2024\/08\/28\/itt-lakik-mostantol-az-olimpiai-jatekok-megnyitojanak-legendas-femlova\/\",\"name\":\"Itt lakik mostant\u00f3l az olimpiai j\u00e1t\u00e9kok megnyit\u00f3j\u00e1nak legend\u00e1s f\u00e9mlova - Francespiration\",\"isPartOf\":{\"@id\":\"https:\/\/www.francespiration.com\/#website\"},\"datePublished\":\"2024-08-28T19:43:40+00:00\",\"dateModified\":\"2024-08-28T19:54:42+00:00\",\"description\":\"A p\u00e1rizsi olimpiai j\u00e1t\u00e9kok f\u00e9mlova jelk\u00e9p lett, amelyet augusztus 29. \u00e9s szeptember 8. k\u00f6z\u00f6tt a francia f\u0151v\u00e1ros V\u00e1rosh\u00e1za el\u0151tt \u00e1ll\u00edtanak ki\",\"breadcrumb\":{\"@id\":\"https:\/\/www.francespiration.com\/index.php\/2024\/08\/28\/itt-lakik-mostantol-az-olimpiai-jatekok-megnyitojanak-legendas-femlova\/#breadcrumb\"},\"inLanguage\":\"hu\",\"potentialAction\":[{\"@type\":\"ReadAction\",\"target\":[\"https:\/\/www.francespiration.com\/index.php\/2024\/08\/28\/itt-lakik-mostantol-az-olimpiai-jatekok-megnyitojanak-legendas-femlova\/\"]}]},{\"@type\":\"BreadcrumbList\",\"@id\":\"https:\/\/www.francespiration.com\/index.php\/2024\/08\/28\/itt-lakik-mostantol-az-olimpiai-jatekok-megnyitojanak-legendas-femlova\/#breadcrumb\",\"itemListElement\":[{\"@type\":\"ListItem\",\"position\":1,\"name\":\"Kezd\u0151lap\",\"item\":\"https:\/\/www.francespiration.com\/\"},{\"@type\":\"ListItem\",\"position\":2,\"name\":\"Itt lakik mostant\u00f3l az olimpiai j\u00e1t\u00e9kok megnyit\u00f3j\u00e1nak legend\u00e1s f\u00e9mlova\"}]},{\"@type\":\"WebSite\",\"@id\":\"https:\/\/www.francespiration.com\/#website\",\"url\":\"https:\/\/www.francespiration.com\/\",\"name\":\"Francespiration\",\"description\":\"Just another WordPress site\",\"publisher\":{\"@id\":\"https:\/\/www.francespiration.com\/#organization\"},\"potentialAction\":[{\"@type\":\"SearchAction\",\"target\":{\"@type\":\"EntryPoint\",\"urlTemplate\":\"https:\/\/www.francespiration.com\/?s={search_term_string}\"},\"query-input\":\"required name=search_term_string\"}],\"inLanguage\":\"hu\"},{\"@type\":\"Organization\",\"@id\":\"https:\/\/www.francespiration.com\/#organization\",\"name\":\"Francespiration\",\"url\":\"https:\/\/www.francespiration.com\/\",\"logo\":{\"@type\":\"ImageObject\",\"inLanguage\":\"hu\",\"@id\":\"https:\/\/www.francespiration.com\/#\/schema\/logo\/image\/\",\"url\":\"https:\/\/www.francespiration.com\/wp-content\/uploads\/2022\/09\/4d-also-scaled.jpg\",\"contentUrl\":\"https:\/\/www.francespiration.com\/wp-content\/uploads\/2022\/09\/4d-also-scaled.jpg\",\"width\":2560,\"height\":913,\"caption\":\"Francespiration\"},\"image\":{\"@id\":\"https:\/\/www.francespiration.com\/#\/schema\/logo\/image\/\"}},{\"@type\":\"Person\",\"@id\":\"https:\/\/www.francespiration.com\/#\/schema\/person\/83f3dc20d791bfb54664f7e0287501fa\",\"name\":\"Sz\u00f6ll\u0151si T\u00edmea\",\"image\":{\"@type\":\"ImageObject\",\"inLanguage\":\"hu\",\"@id\":\"https:\/\/www.francespiration.com\/#\/schema\/person\/image\/\",\"url\":\"https:\/\/secure.gravatar.com\/avatar\/1fd2e7bebd99ada3a170be066229da8dce9b7f9ba3748e0b659e39e5f31eb56a?s=96&d=mm&r=g\",\"contentUrl\":\"https:\/\/secure.gravatar.com\/avatar\/1fd2e7bebd99ada3a170be066229da8dce9b7f9ba3748e0b659e39e5f31eb56a?s=96&d=mm&r=g\",\"caption\":\"Sz\u00f6ll\u0151si T\u00edmea\"},\"sameAs\":[\"https:\/\/www.francespiration.com\"],\"url\":\"https:\/\/www.francespiration.com\/index.php\/author\/szollotimi\/\"}]}<\/script>\n<!-- \/ Yoast SEO plugin. -->","yoast_head_json":{"title":"Itt lakik mostant\u00f3l az olimpiai j\u00e1t\u00e9kok megnyit\u00f3j\u00e1nak legend\u00e1s f\u00e9mlova - Francespiration","description":"A p\u00e1rizsi olimpiai j\u00e1t\u00e9kok f\u00e9mlova jelk\u00e9p lett, amelyet augusztus 29. \u00e9s szeptember 8. k\u00f6z\u00f6tt a francia f\u0151v\u00e1ros V\u00e1rosh\u00e1za el\u0151tt \u00e1ll\u00edtanak ki","robots":{"index":"index","follow":"follow","max-snippet":"max-snippet:-1","max-image-preview":"max-image-preview:large","max-video-preview":"max-video-preview:-1"},"canonical":"https:\/\/www.francespiration.com\/index.php\/2024\/08\/28\/itt-lakik-mostantol-az-olimpiai-jatekok-megnyitojanak-legendas-femlova\/","og_locale":"hu_HU","og_type":"article","og_title":"Itt lakik mostant\u00f3l az olimpiai j\u00e1t\u00e9kok megnyit\u00f3j\u00e1nak legend\u00e1s f\u00e9mlova - Francespiration","og_description":"A p\u00e1rizsi olimpiai j\u00e1t\u00e9kok f\u00e9mlova jelk\u00e9p lett, amelyet augusztus 29. \u00e9s szeptember 8. k\u00f6z\u00f6tt a francia f\u0151v\u00e1ros V\u00e1rosh\u00e1za el\u0151tt \u00e1ll\u00edtanak ki","og_url":"https:\/\/www.francespiration.com\/index.php\/2024\/08\/28\/itt-lakik-mostantol-az-olimpiai-jatekok-megnyitojanak-legendas-femlova\/","og_site_name":"Francespiration","article_published_time":"2024-08-28T19:43:40+00:00","article_modified_time":"2024-08-28T19:54:42+00:00","og_image":[{"width":1024,"height":635,"url":"https:\/\/www.francespiration.com\/wp-content\/uploads\/2024\/08\/zeus-lo-1024x635.png","type":"image\/png"}],"author":"Sz\u00f6ll\u0151si T\u00edmea","twitter_card":"summary_large_image","twitter_misc":{"Szerz\u0151:":"Sz\u00f6ll\u0151si T\u00edmea","Becs\u00fclt olvas\u00e1si id\u0151":"2 perc"},"schema":{"@context":"https:\/\/schema.org","@graph":[{"@type":"Article","@id":"https:\/\/www.francespiration.com\/index.php\/2024\/08\/28\/itt-lakik-mostantol-az-olimpiai-jatekok-megnyitojanak-legendas-femlova\/#article","isPartOf":{"@id":"https:\/\/www.francespiration.com\/index.php\/2024\/08\/28\/itt-lakik-mostantol-az-olimpiai-jatekok-megnyitojanak-legendas-femlova\/"},"author":{"name":"Sz\u00f6ll\u0151si T\u00edmea","@id":"https:\/\/www.francespiration.com\/#\/schema\/person\/83f3dc20d791bfb54664f7e0287501fa"},"headline":"Itt lakik mostant\u00f3l az olimpiai j\u00e1t\u00e9kok megnyit\u00f3j\u00e1nak legend\u00e1s f\u00e9mlova","datePublished":"2024-08-28T19:43:40+00:00","dateModified":"2024-08-28T19:54:42+00:00","mainEntityOfPage":{"@id":"https:\/\/www.francespiration.com\/index.php\/2024\/08\/28\/itt-lakik-mostantol-az-olimpiai-jatekok-megnyitojanak-legendas-femlova\/"},"wordCount":357,"commentCount":0,"publisher":{"@id":"https:\/\/www.francespiration.com\/#organization"},"articleSection":["H\u00cdREK"],"inLanguage":"hu","potentialAction":[{"@type":"CommentAction","name":"Comment","target":["https:\/\/www.francespiration.com\/index.php\/2024\/08\/28\/itt-lakik-mostantol-az-olimpiai-jatekok-megnyitojanak-legendas-femlova\/#respond"]}]},{"@type":"WebPage","@id":"https:\/\/www.francespiration.com\/index.php\/2024\/08\/28\/itt-lakik-mostantol-az-olimpiai-jatekok-megnyitojanak-legendas-femlova\/","url":"https:\/\/www.francespiration.com\/index.php\/2024\/08\/28\/itt-lakik-mostantol-az-olimpiai-jatekok-megnyitojanak-legendas-femlova\/","name":"Itt lakik mostant\u00f3l az olimpiai j\u00e1t\u00e9kok megnyit\u00f3j\u00e1nak legend\u00e1s f\u00e9mlova - Francespiration","isPartOf":{"@id":"https:\/\/www.francespiration.com\/#website"},"datePublished":"2024-08-28T19:43:40+00:00","dateModified":"2024-08-28T19:54:42+00:00","description":"A p\u00e1rizsi olimpiai j\u00e1t\u00e9kok f\u00e9mlova jelk\u00e9p lett, amelyet augusztus 29. \u00e9s szeptember 8. k\u00f6z\u00f6tt a francia f\u0151v\u00e1ros V\u00e1rosh\u00e1za el\u0151tt \u00e1ll\u00edtanak ki","breadcrumb":{"@id":"https:\/\/www.francespiration.com\/index.php\/2024\/08\/28\/itt-lakik-mostantol-az-olimpiai-jatekok-megnyitojanak-legendas-femlova\/#breadcrumb"},"inLanguage":"hu","potentialAction":[{"@type":"ReadAction","target":["https:\/\/www.francespiration.com\/index.php\/2024\/08\/28\/itt-lakik-mostantol-az-olimpiai-jatekok-megnyitojanak-legendas-femlova\/"]}]},{"@type":"BreadcrumbList","@id":"https:\/\/www.francespiration.com\/index.php\/2024\/08\/28\/itt-lakik-mostantol-az-olimpiai-jatekok-megnyitojanak-legendas-femlova\/#breadcrumb","itemListElement":[{"@type":"ListItem","position":1,"name":"Kezd\u0151lap","item":"https:\/\/www.francespiration.com\/"},{"@type":"ListItem","position":2,"name":"Itt lakik mostant\u00f3l az olimpiai j\u00e1t\u00e9kok megnyit\u00f3j\u00e1nak legend\u00e1s f\u00e9mlova"}]},{"@type":"WebSite","@id":"https:\/\/www.francespiration.com\/#website","url":"https:\/\/www.francespiration.com\/","name":"Francespiration","description":"Just another WordPress site","publisher":{"@id":"https:\/\/www.francespiration.com\/#organization"},"potentialAction":[{"@type":"SearchAction","target":{"@type":"EntryPoint","urlTemplate":"https:\/\/www.francespiration.com\/?s={search_term_string}"},"query-input":"required name=search_term_string"}],"inLanguage":"hu"},{"@type":"Organization","@id":"https:\/\/www.francespiration.com\/#organization","name":"Francespiration","url":"https:\/\/www.francespiration.com\/","logo":{"@type":"ImageObject","inLanguage":"hu","@id":"https:\/\/www.francespiration.com\/#\/schema\/logo\/image\/","url":"https:\/\/www.francespiration.com\/wp-content\/uploads\/2022\/09\/4d-also-scaled.jpg","contentUrl":"https:\/\/www.francespiration.com\/wp-content\/uploads\/2022\/09\/4d-also-scaled.jpg","width":2560,"height":913,"caption":"Francespiration"},"image":{"@id":"https:\/\/www.francespiration.com\/#\/schema\/logo\/image\/"}},{"@type":"Person","@id":"https:\/\/www.francespiration.com\/#\/schema\/person\/83f3dc20d791bfb54664f7e0287501fa","name":"Sz\u00f6ll\u0151si T\u00edmea","image":{"@type":"ImageObject","inLanguage":"hu","@id":"https:\/\/www.francespiration.com\/#\/schema\/person\/image\/","url":"https:\/\/secure.gravatar.com\/avatar\/1fd2e7bebd99ada3a170be066229da8dce9b7f9ba3748e0b659e39e5f31eb56a?s=96&d=mm&r=g","contentUrl":"https:\/\/secure.gravatar.com\/avatar\/1fd2e7bebd99ada3a170be066229da8dce9b7f9ba3748e0b659e39e5f31eb56a?s=96&d=mm&r=g","caption":"Sz\u00f6ll\u0151si T\u00edmea"},"sameAs":["https:\/\/www.francespiration.com"],"url":"https:\/\/www.francespiration.com\/index.php\/author\/szollotimi\/"}]}},"_links":{"self":[{"href":"https:\/\/www.francespiration.com\/index.php\/wp-json\/wp\/v2\/posts\/1948","targetHints":{"allow":["GET"]}}],"collection":[{"href":"https:\/\/www.francespiration.com\/index.php\/wp-json\/wp\/v2\/posts"}],"about":[{"href":"https:\/\/www.francespiration.com\/index.php\/wp-json\/wp\/v2\/types\/post"}],"author":[{"embeddable":true,"href":"https:\/\/www.francespiration.com\/index.php\/wp-json\/wp\/v2\/users\/1"}],"replies":[{"embeddable":true,"href":"https:\/\/www.francespiration.com\/index.php\/wp-json\/wp\/v2\/comments?post=1948"}],"version-history":[{"count":5,"href":"https:\/\/www.francespiration.com\/index.php\/wp-json\/wp\/v2\/posts\/1948\/revisions"}],"predecessor-version":[{"id":1957,"href":"https:\/\/www.francespiration.com\/index.php\/wp-json\/wp\/v2\/posts\/1948\/revisions\/1957"}],"wp:featuredmedia":[{"embeddable":true,"href":"https:\/\/www.francespiration.com\/index.php\/wp-json\/wp\/v2\/media\/1950"}],"wp:attachment":[{"href":"https:\/\/www.francespiration.com\/index.php\/wp-json\/wp\/v2\/media?parent=1948"}],"wp:term":[{"taxonomy":"category","embeddable":true,"href":"https:\/\/www.francespiration.com\/index.php\/wp-json\/wp\/v2\/categories?post=1948"},{"taxonomy":"post_tag","embeddable":true,"href":"https:\/\/www.francespiration.com\/index.php\/wp-json\/wp\/v2\/tags?post=1948"}],"curies":[{"name":"wp","href":"https:\/\/api.w.org\/{rel}","templated":true}]}}