{"id":1963,"date":"2024-08-31T14:49:23","date_gmt":"2024-08-31T14:49:23","guid":{"rendered":"https:\/\/www.francespiration.com\/?p=1963"},"modified":"2024-08-31T19:51:49","modified_gmt":"2024-08-31T19:51:49","slug":"a-mariniere-a-francia-ruhadarab-amely-soha-nem-megy-ki-a-divatbol","status":"publish","type":"post","link":"https:\/\/www.francespiration.com\/index.php\/2024\/08\/31\/a-mariniere-a-francia-ruhadarab-amely-soha-nem-megy-ki-a-divatbol\/","title":{"rendered":"A Marini\u00e8re: a francia ruhadarab, amely soha nem megy ki a divatb\u00f3l"},"content":{"rendered":"\n<p><strong>A breton cs\u00edkos ing, m\u00e1s n\u00e9ven &#8222;Marini\u00e8re&#8221; egy klasszikus francia ruhadarab, amely az \u00e9szaknyugat-franciaorsz\u00e1gi r\u00e9gi\u00f3b\u00f3l, Bretagne-b\u00f3l sz\u00e1rmazik.<\/strong><\/p>\n\n\n\n<!--more-->\n\n\n\n<p>Az 1858. m\u00e1rcius 27-\u00e9n sz\u00fcletett a rendelet &#8211; amely bevezette a la marini\u00e8re-t a francia haditenger\u00e9szet hivatalos egyenruh\u00e1j\u00e1nak r\u00e9szek\u00e9nt &#8211; a k\u00f6vetkez\u0151k\u00e9ppen rendelkezett: \u201eLe corps de la chemise devra compter 21 rayures blanches, chacune deux fois plus large que les 20 \u00e0 21 rayures bleu indigo\u201d, vagyis &#8222;az ing test\u00e9n 21 feh\u00e9r cs\u00edknak kell lennie, mindegyik k\u00e9tszer olyan sz\u00e9les, mint a 20-21 indig\u00f3k\u00e9k cs\u00edk&#8221;. <\/p>\n\n\n\n<p>Az ing jellegzetes k\u00e9k-feh\u00e9r cs\u00edkjai eredetileg azt a c\u00e9lt szolg\u00e1lt\u00e1k, hogy a tenger\u00e9szek jobban l\u00e1that\u00f3k legyenek, ha v\u00edzbe esn\u00e9nek, de bizonyos legend\u00e1k arr\u00f3l mes\u00e9lnek, hogy a huszonegy cs\u00edk Bonaparte Nap\u00f3leon britek felett aratott gy\u0151zelmeinek sz\u00e1m\u00e1t jelentette. <\/p>\n\n\n\n<p>B\u00e1r az inget el\u0151sz\u00f6r a francia tenger\u00e9szek viselt\u00e9k a 19. sz\u00e1zad k\u00f6zep\u00e9n, gyorsan n\u00e9pszer\u0171v\u00e9 v\u00e1lt a munk\u00e1soszt\u00e1ly k\u00f6r\u00e9ben is, majd a 20. sz\u00e1zad elej\u00e9n m\u00e1r a m\u0171v\u00e9szek \u00e9s \u00e9rtelmis\u00e9giek is maguk\u00e9nak \u00e9rezt\u00e9k, k\u00f6zt\u00fck Pablo Picasso, Coco Chanel vagy Jean-Paul Sartre, ami alaposan r\u00e1er\u0151s\u00edtett arra, hogy Franciaorsz\u00e1g kultur\u00e1lis szimb\u00f3lum\u00e1v\u00e1 v\u00e1lt.<\/p>\n\n\n\n<figure class=\"wp-block-image size-full\"><img loading=\"lazy\" decoding=\"async\" width=\"533\" height=\"700\" src=\"https:\/\/www.francespiration.com\/wp-content\/uploads\/2024\/08\/Gabrielle_Chanel_en_mariniere.jpg\" alt=\"\" class=\"wp-image-1969\" srcset=\"https:\/\/www.francespiration.com\/wp-content\/uploads\/2024\/08\/Gabrielle_Chanel_en_mariniere.jpg 533w, https:\/\/www.francespiration.com\/wp-content\/uploads\/2024\/08\/Gabrielle_Chanel_en_mariniere-228x300.jpg 228w\" sizes=\"auto, (max-width: 533px) 100vw, 533px\" \/><figcaption class=\"wp-element-caption\">fot\u00f3: wikimedia.commons<\/figcaption><\/figure>\n\n\n\n<h2 class=\"wp-block-heading\">A francia cs\u00edkos ing, amely ma is meghat\u00e1rozza a p\u00e1rizsi st\u00edlust<\/h2>\n\n\n\n<p>Egy breton cs\u00edkos ing id\u0151tlen st\u00edlusa, t\u00f6rt\u00e9nete \u00e9s a francia kult\u00far\u00e1val val\u00f3 kapcsolata, valamint n\u00e9pszer\u0171s\u00e9ge a m\u0171v\u00e9szek, \u00e9rtelmis\u00e9giek \u00e9s divatikonok k\u00f6r\u00e9ben a francia \u00f6r\u00f6ks\u00e9g egyik leger\u0151sebb k\u00e9pvisel\u0151je.<\/p>\n\n\n\n<p>A Marini\u00e8re-ket el\u0151sz\u00f6r f\u00fcggetlen szab\u00f3k k\u00e9sz\u00edtett\u00e9k, k\u00e9s\u0151bb a haditenger\u00e9szet m\u0171helyeiben k\u00e9sz\u00fcltek. A Marini\u00e8res igazi h\u00faz\u00f3tterm\u00e9kk\u00e9 v\u00e1lt Franciaorsz\u00e1gban, olyan c\u00e9gek gy\u00e1rtott\u00e1k, mint a Saint James, az Armor Lux \u00e9s az Orcival. Az eredeti pamut pul\u00f3vereket ma is ugyanolyan szigor\u00fa el\u0151\u00edr\u00e1sok szerint k\u00e9sz\u00edtik, mint annak idej\u00e9n.<\/p>\n\n\n\n<p>Abban, hogy polg\u00e1ri divatcikk\u00e9 v\u00e1lt, Coco Chanel-nek nagy szerepe volt, aki tengerparti nyaral\u00e1sai alkalm\u00e1val a helyi tenger\u00e9szek egyenruh\u00e1ib\u00f3l ihletet mer\u00edtve elk\u00e9sz\u00edtete saj\u00e1t darabjait. M\u00e1sodik, a normandiai Deauville-ben tal\u00e1lhat\u00f3 \u00fczlet\u00e9ben ker\u00fclt el\u0151sz\u00f6r piacra a \u201eNavy Style\u201d kollekci\u00f3 &#8211; alkalmi viseletk\u00e9nt ker\u00fclt forgalomba. Alkot\u00e1sai k\u00e9t okb\u00f3l is \u00fatt\u00f6r\u0151k voltak: egyr\u00e9szt ez volt az els\u0151 alkalom, hogy egy munkaruha beker\u00fclt a divat vil\u00e1g\u00e1ba, m\u00e1sr\u00e9szt ez a lezser diz\u00e1jn teljesen szembe ment az akkori m\u00e9g mindig er\u0151sen f\u0171z\u0151s divattal. A n\u0151i viselet \u00f6r\u00f6kre megv\u00e1ltozott\u2026<\/p>\n\n\n\n<h2 class=\"wp-block-heading\">A francia cs\u00edkos fels\u0151 m\u00e9g ma is n\u00e9pszer\u0171<\/h2>\n\n\n\n<p>Az\u00f3ta sz\u00e1mtalan gy\u00e1rt\u00f3 k\u00e9sz\u00edtette m\u00e1r el a h\u00edres ruhadarabot, de Saint James, aki a mai napig a haditenger\u00e9szet hivatalos ruhadarab besz\u00e1ll\u00edt\u00f3ja azt \u00e1ll\u00edtja, hogy az \u00f6v\u00e9 a legautentikusabb.\u00a0 Az \u00e9vtizedek alatt a breton cs\u00edkos fels\u0151 sz\u00e1mos ruhat\u00e1r alapdarabja lett. Ugyanolyan elterjedt \u00e9s kedvelt ruhadarab lett, mint a feh\u00e9r ing, a kis fekete ruha \u00e9s a t\u0171sark\u00fa cip\u0151. Sz\u0171k vagy b\u0151sz\u00e1r\u00fa farmerhez, t\u00fcllszokny\u00e1hoz, overall al\u00e1 vagy ceruzaszoknya f\u00f6l\u00e9 p\u00e1ros\u00edtva a marini\u00e8re sokoldal\u00fas\u00e1ga miatt val\u00f3sz\u00edn\u0171leg \u00f6r\u00f6kre vel\u00fcnk marad.<\/p>\n\n\n\n<p>Nyit\u00f3k\u00e9p: iStock.com<\/p>\n","protected":false},"excerpt":{"rendered":"<p>A breton cs\u00edkos ing, m\u00e1s n\u00e9ven &#8222;Marini\u00e8re&#8221; egy klasszikus francia ruhadarab, amely az \u00e9szaknyugat-franciaorsz\u00e1gi r\u00e9gi\u00f3b\u00f3l, Bretagne-b\u00f3l sz\u00e1rmazik.<\/p>\n","protected":false},"author":1,"featured_media":1967,"comment_status":"open","ping_status":"open","sticky":false,"template":"","format":"standard","meta":{"footnotes":""},"categories":[30],"tags":[],"class_list":["post-1963","post","type-post","status-publish","format-standard","has-post-thumbnail","hentry","category-stilus"],"yoast_head":"<!-- This site is optimized with the Yoast SEO plugin v20.13 - https:\/\/yoast.com\/wordpress\/plugins\/seo\/ -->\n<title>A Marini\u00e8re: a francia ruhadarab, amely soha nem megy ki a divatb\u00f3l - Francespiration<\/title>\n<meta name=\"description\" content=\"A breton cs\u00edkos ing, m\u00e1s n\u00e9ven &quot;Marini\u00e8re&quot; egy klasszikus francia ruhadarab, amely Bretagne-b\u00f3l sz\u00e1rmazik.\" \/>\n<meta name=\"robots\" content=\"index, follow, max-snippet:-1, max-image-preview:large, max-video-preview:-1\" \/>\n<link rel=\"canonical\" href=\"https:\/\/www.francespiration.com\/index.php\/2024\/08\/31\/a-mariniere-a-francia-ruhadarab-amely-soha-nem-megy-ki-a-divatbol\/\" \/>\n<meta property=\"og:locale\" content=\"hu_HU\" \/>\n<meta property=\"og:type\" content=\"article\" \/>\n<meta property=\"og:title\" content=\"A Marini\u00e8re: a francia ruhadarab, amely soha nem megy ki a divatb\u00f3l - Francespiration\" \/>\n<meta property=\"og:description\" content=\"A breton cs\u00edkos ing, m\u00e1s n\u00e9ven &quot;Marini\u00e8re&quot; egy klasszikus francia ruhadarab, amely Bretagne-b\u00f3l sz\u00e1rmazik.\" \/>\n<meta property=\"og:url\" content=\"https:\/\/www.francespiration.com\/index.php\/2024\/08\/31\/a-mariniere-a-francia-ruhadarab-amely-soha-nem-megy-ki-a-divatbol\/\" \/>\n<meta property=\"og:site_name\" content=\"Francespiration\" \/>\n<meta property=\"article:published_time\" content=\"2024-08-31T14:49:23+00:00\" \/>\n<meta property=\"article:modified_time\" content=\"2024-08-31T19:51:49+00:00\" \/>\n<meta property=\"og:image\" content=\"https:\/\/www.francespiration.com\/wp-content\/uploads\/2024\/08\/iStock-1332530875.jpg\" \/>\n\t<meta property=\"og:image:width\" content=\"1254\" \/>\n\t<meta property=\"og:image:height\" content=\"836\" \/>\n\t<meta property=\"og:image:type\" content=\"image\/jpeg\" \/>\n<meta name=\"author\" content=\"Sz\u00f6ll\u0151si T\u00edmea\" \/>\n<meta name=\"twitter:card\" content=\"summary_large_image\" \/>\n<meta name=\"twitter:label1\" content=\"Szerz\u0151:\" \/>\n\t<meta name=\"twitter:data1\" content=\"Sz\u00f6ll\u0151si T\u00edmea\" \/>\n\t<meta name=\"twitter:label2\" content=\"Becs\u00fclt olvas\u00e1si id\u0151\" \/>\n\t<meta name=\"twitter:data2\" content=\"3 perc\" \/>\n<script type=\"application\/ld+json\" class=\"yoast-schema-graph\">{\"@context\":\"https:\/\/schema.org\",\"@graph\":[{\"@type\":\"Article\",\"@id\":\"https:\/\/www.francespiration.com\/index.php\/2024\/08\/31\/a-mariniere-a-francia-ruhadarab-amely-soha-nem-megy-ki-a-divatbol\/#article\",\"isPartOf\":{\"@id\":\"https:\/\/www.francespiration.com\/index.php\/2024\/08\/31\/a-mariniere-a-francia-ruhadarab-amely-soha-nem-megy-ki-a-divatbol\/\"},\"author\":{\"name\":\"Sz\u00f6ll\u0151si T\u00edmea\",\"@id\":\"https:\/\/www.francespiration.com\/#\/schema\/person\/83f3dc20d791bfb54664f7e0287501fa\"},\"headline\":\"A Marini\u00e8re: a francia ruhadarab, amely soha nem megy ki a divatb\u00f3l\",\"datePublished\":\"2024-08-31T14:49:23+00:00\",\"dateModified\":\"2024-08-31T19:51:49+00:00\",\"mainEntityOfPage\":{\"@id\":\"https:\/\/www.francespiration.com\/index.php\/2024\/08\/31\/a-mariniere-a-francia-ruhadarab-amely-soha-nem-megy-ki-a-divatbol\/\"},\"wordCount\":635,\"commentCount\":0,\"publisher\":{\"@id\":\"https:\/\/www.francespiration.com\/#organization\"},\"articleSection\":[\"ST\u00cdLUS\"],\"inLanguage\":\"hu\",\"potentialAction\":[{\"@type\":\"CommentAction\",\"name\":\"Comment\",\"target\":[\"https:\/\/www.francespiration.com\/index.php\/2024\/08\/31\/a-mariniere-a-francia-ruhadarab-amely-soha-nem-megy-ki-a-divatbol\/#respond\"]}]},{\"@type\":\"WebPage\",\"@id\":\"https:\/\/www.francespiration.com\/index.php\/2024\/08\/31\/a-mariniere-a-francia-ruhadarab-amely-soha-nem-megy-ki-a-divatbol\/\",\"url\":\"https:\/\/www.francespiration.com\/index.php\/2024\/08\/31\/a-mariniere-a-francia-ruhadarab-amely-soha-nem-megy-ki-a-divatbol\/\",\"name\":\"A Marini\u00e8re: a francia ruhadarab, amely soha nem megy ki a divatb\u00f3l - Francespiration\",\"isPartOf\":{\"@id\":\"https:\/\/www.francespiration.com\/#website\"},\"datePublished\":\"2024-08-31T14:49:23+00:00\",\"dateModified\":\"2024-08-31T19:51:49+00:00\",\"description\":\"A breton cs\u00edkos ing, m\u00e1s n\u00e9ven \\\"Marini\u00e8re\\\" egy klasszikus francia ruhadarab, amely Bretagne-b\u00f3l sz\u00e1rmazik.\",\"breadcrumb\":{\"@id\":\"https:\/\/www.francespiration.com\/index.php\/2024\/08\/31\/a-mariniere-a-francia-ruhadarab-amely-soha-nem-megy-ki-a-divatbol\/#breadcrumb\"},\"inLanguage\":\"hu\",\"potentialAction\":[{\"@type\":\"ReadAction\",\"target\":[\"https:\/\/www.francespiration.com\/index.php\/2024\/08\/31\/a-mariniere-a-francia-ruhadarab-amely-soha-nem-megy-ki-a-divatbol\/\"]}]},{\"@type\":\"BreadcrumbList\",\"@id\":\"https:\/\/www.francespiration.com\/index.php\/2024\/08\/31\/a-mariniere-a-francia-ruhadarab-amely-soha-nem-megy-ki-a-divatbol\/#breadcrumb\",\"itemListElement\":[{\"@type\":\"ListItem\",\"position\":1,\"name\":\"Kezd\u0151lap\",\"item\":\"https:\/\/www.francespiration.com\/\"},{\"@type\":\"ListItem\",\"position\":2,\"name\":\"A Marini\u00e8re: a francia ruhadarab, amely soha nem megy ki a divatb\u00f3l\"}]},{\"@type\":\"WebSite\",\"@id\":\"https:\/\/www.francespiration.com\/#website\",\"url\":\"https:\/\/www.francespiration.com\/\",\"name\":\"Francespiration\",\"description\":\"Just another WordPress site\",\"publisher\":{\"@id\":\"https:\/\/www.francespiration.com\/#organization\"},\"potentialAction\":[{\"@type\":\"SearchAction\",\"target\":{\"@type\":\"EntryPoint\",\"urlTemplate\":\"https:\/\/www.francespiration.com\/?s={search_term_string}\"},\"query-input\":\"required name=search_term_string\"}],\"inLanguage\":\"hu\"},{\"@type\":\"Organization\",\"@id\":\"https:\/\/www.francespiration.com\/#organization\",\"name\":\"Francespiration\",\"url\":\"https:\/\/www.francespiration.com\/\",\"logo\":{\"@type\":\"ImageObject\",\"inLanguage\":\"hu\",\"@id\":\"https:\/\/www.francespiration.com\/#\/schema\/logo\/image\/\",\"url\":\"https:\/\/www.francespiration.com\/wp-content\/uploads\/2022\/09\/4d-also-scaled.jpg\",\"contentUrl\":\"https:\/\/www.francespiration.com\/wp-content\/uploads\/2022\/09\/4d-also-scaled.jpg\",\"width\":2560,\"height\":913,\"caption\":\"Francespiration\"},\"image\":{\"@id\":\"https:\/\/www.francespiration.com\/#\/schema\/logo\/image\/\"}},{\"@type\":\"Person\",\"@id\":\"https:\/\/www.francespiration.com\/#\/schema\/person\/83f3dc20d791bfb54664f7e0287501fa\",\"name\":\"Sz\u00f6ll\u0151si T\u00edmea\",\"image\":{\"@type\":\"ImageObject\",\"inLanguage\":\"hu\",\"@id\":\"https:\/\/www.francespiration.com\/#\/schema\/person\/image\/\",\"url\":\"https:\/\/secure.gravatar.com\/avatar\/1fd2e7bebd99ada3a170be066229da8dce9b7f9ba3748e0b659e39e5f31eb56a?s=96&d=mm&r=g\",\"contentUrl\":\"https:\/\/secure.gravatar.com\/avatar\/1fd2e7bebd99ada3a170be066229da8dce9b7f9ba3748e0b659e39e5f31eb56a?s=96&d=mm&r=g\",\"caption\":\"Sz\u00f6ll\u0151si T\u00edmea\"},\"sameAs\":[\"https:\/\/www.francespiration.com\"],\"url\":\"https:\/\/www.francespiration.com\/index.php\/author\/szollotimi\/\"}]}<\/script>\n<!-- \/ Yoast SEO plugin. -->","yoast_head_json":{"title":"A Marini\u00e8re: a francia ruhadarab, amely soha nem megy ki a divatb\u00f3l - Francespiration","description":"A breton cs\u00edkos ing, m\u00e1s n\u00e9ven \"Marini\u00e8re\" egy klasszikus francia ruhadarab, amely Bretagne-b\u00f3l sz\u00e1rmazik.","robots":{"index":"index","follow":"follow","max-snippet":"max-snippet:-1","max-image-preview":"max-image-preview:large","max-video-preview":"max-video-preview:-1"},"canonical":"https:\/\/www.francespiration.com\/index.php\/2024\/08\/31\/a-mariniere-a-francia-ruhadarab-amely-soha-nem-megy-ki-a-divatbol\/","og_locale":"hu_HU","og_type":"article","og_title":"A Marini\u00e8re: a francia ruhadarab, amely soha nem megy ki a divatb\u00f3l - Francespiration","og_description":"A breton cs\u00edkos ing, m\u00e1s n\u00e9ven \"Marini\u00e8re\" egy klasszikus francia ruhadarab, amely Bretagne-b\u00f3l sz\u00e1rmazik.","og_url":"https:\/\/www.francespiration.com\/index.php\/2024\/08\/31\/a-mariniere-a-francia-ruhadarab-amely-soha-nem-megy-ki-a-divatbol\/","og_site_name":"Francespiration","article_published_time":"2024-08-31T14:49:23+00:00","article_modified_time":"2024-08-31T19:51:49+00:00","og_image":[{"width":1254,"height":836,"url":"https:\/\/www.francespiration.com\/wp-content\/uploads\/2024\/08\/iStock-1332530875.jpg","type":"image\/jpeg"}],"author":"Sz\u00f6ll\u0151si T\u00edmea","twitter_card":"summary_large_image","twitter_misc":{"Szerz\u0151:":"Sz\u00f6ll\u0151si T\u00edmea","Becs\u00fclt olvas\u00e1si id\u0151":"3 perc"},"schema":{"@context":"https:\/\/schema.org","@graph":[{"@type":"Article","@id":"https:\/\/www.francespiration.com\/index.php\/2024\/08\/31\/a-mariniere-a-francia-ruhadarab-amely-soha-nem-megy-ki-a-divatbol\/#article","isPartOf":{"@id":"https:\/\/www.francespiration.com\/index.php\/2024\/08\/31\/a-mariniere-a-francia-ruhadarab-amely-soha-nem-megy-ki-a-divatbol\/"},"author":{"name":"Sz\u00f6ll\u0151si T\u00edmea","@id":"https:\/\/www.francespiration.com\/#\/schema\/person\/83f3dc20d791bfb54664f7e0287501fa"},"headline":"A Marini\u00e8re: a francia ruhadarab, amely soha nem megy ki a divatb\u00f3l","datePublished":"2024-08-31T14:49:23+00:00","dateModified":"2024-08-31T19:51:49+00:00","mainEntityOfPage":{"@id":"https:\/\/www.francespiration.com\/index.php\/2024\/08\/31\/a-mariniere-a-francia-ruhadarab-amely-soha-nem-megy-ki-a-divatbol\/"},"wordCount":635,"commentCount":0,"publisher":{"@id":"https:\/\/www.francespiration.com\/#organization"},"articleSection":["ST\u00cdLUS"],"inLanguage":"hu","potentialAction":[{"@type":"CommentAction","name":"Comment","target":["https:\/\/www.francespiration.com\/index.php\/2024\/08\/31\/a-mariniere-a-francia-ruhadarab-amely-soha-nem-megy-ki-a-divatbol\/#respond"]}]},{"@type":"WebPage","@id":"https:\/\/www.francespiration.com\/index.php\/2024\/08\/31\/a-mariniere-a-francia-ruhadarab-amely-soha-nem-megy-ki-a-divatbol\/","url":"https:\/\/www.francespiration.com\/index.php\/2024\/08\/31\/a-mariniere-a-francia-ruhadarab-amely-soha-nem-megy-ki-a-divatbol\/","name":"A Marini\u00e8re: a francia ruhadarab, amely soha nem megy ki a divatb\u00f3l - Francespiration","isPartOf":{"@id":"https:\/\/www.francespiration.com\/#website"},"datePublished":"2024-08-31T14:49:23+00:00","dateModified":"2024-08-31T19:51:49+00:00","description":"A breton cs\u00edkos ing, m\u00e1s n\u00e9ven \"Marini\u00e8re\" egy klasszikus francia ruhadarab, amely Bretagne-b\u00f3l sz\u00e1rmazik.","breadcrumb":{"@id":"https:\/\/www.francespiration.com\/index.php\/2024\/08\/31\/a-mariniere-a-francia-ruhadarab-amely-soha-nem-megy-ki-a-divatbol\/#breadcrumb"},"inLanguage":"hu","potentialAction":[{"@type":"ReadAction","target":["https:\/\/www.francespiration.com\/index.php\/2024\/08\/31\/a-mariniere-a-francia-ruhadarab-amely-soha-nem-megy-ki-a-divatbol\/"]}]},{"@type":"BreadcrumbList","@id":"https:\/\/www.francespiration.com\/index.php\/2024\/08\/31\/a-mariniere-a-francia-ruhadarab-amely-soha-nem-megy-ki-a-divatbol\/#breadcrumb","itemListElement":[{"@type":"ListItem","position":1,"name":"Kezd\u0151lap","item":"https:\/\/www.francespiration.com\/"},{"@type":"ListItem","position":2,"name":"A Marini\u00e8re: a francia ruhadarab, amely soha nem megy ki a divatb\u00f3l"}]},{"@type":"WebSite","@id":"https:\/\/www.francespiration.com\/#website","url":"https:\/\/www.francespiration.com\/","name":"Francespiration","description":"Just another WordPress site","publisher":{"@id":"https:\/\/www.francespiration.com\/#organization"},"potentialAction":[{"@type":"SearchAction","target":{"@type":"EntryPoint","urlTemplate":"https:\/\/www.francespiration.com\/?s={search_term_string}"},"query-input":"required name=search_term_string"}],"inLanguage":"hu"},{"@type":"Organization","@id":"https:\/\/www.francespiration.com\/#organization","name":"Francespiration","url":"https:\/\/www.francespiration.com\/","logo":{"@type":"ImageObject","inLanguage":"hu","@id":"https:\/\/www.francespiration.com\/#\/schema\/logo\/image\/","url":"https:\/\/www.francespiration.com\/wp-content\/uploads\/2022\/09\/4d-also-scaled.jpg","contentUrl":"https:\/\/www.francespiration.com\/wp-content\/uploads\/2022\/09\/4d-also-scaled.jpg","width":2560,"height":913,"caption":"Francespiration"},"image":{"@id":"https:\/\/www.francespiration.com\/#\/schema\/logo\/image\/"}},{"@type":"Person","@id":"https:\/\/www.francespiration.com\/#\/schema\/person\/83f3dc20d791bfb54664f7e0287501fa","name":"Sz\u00f6ll\u0151si T\u00edmea","image":{"@type":"ImageObject","inLanguage":"hu","@id":"https:\/\/www.francespiration.com\/#\/schema\/person\/image\/","url":"https:\/\/secure.gravatar.com\/avatar\/1fd2e7bebd99ada3a170be066229da8dce9b7f9ba3748e0b659e39e5f31eb56a?s=96&d=mm&r=g","contentUrl":"https:\/\/secure.gravatar.com\/avatar\/1fd2e7bebd99ada3a170be066229da8dce9b7f9ba3748e0b659e39e5f31eb56a?s=96&d=mm&r=g","caption":"Sz\u00f6ll\u0151si T\u00edmea"},"sameAs":["https:\/\/www.francespiration.com"],"url":"https:\/\/www.francespiration.com\/index.php\/author\/szollotimi\/"}]}},"_links":{"self":[{"href":"https:\/\/www.francespiration.com\/index.php\/wp-json\/wp\/v2\/posts\/1963","targetHints":{"allow":["GET"]}}],"collection":[{"href":"https:\/\/www.francespiration.com\/index.php\/wp-json\/wp\/v2\/posts"}],"about":[{"href":"https:\/\/www.francespiration.com\/index.php\/wp-json\/wp\/v2\/types\/post"}],"author":[{"embeddable":true,"href":"https:\/\/www.francespiration.com\/index.php\/wp-json\/wp\/v2\/users\/1"}],"replies":[{"embeddable":true,"href":"https:\/\/www.francespiration.com\/index.php\/wp-json\/wp\/v2\/comments?post=1963"}],"version-history":[{"count":5,"href":"https:\/\/www.francespiration.com\/index.php\/wp-json\/wp\/v2\/posts\/1963\/revisions"}],"predecessor-version":[{"id":1970,"href":"https:\/\/www.francespiration.com\/index.php\/wp-json\/wp\/v2\/posts\/1963\/revisions\/1970"}],"wp:featuredmedia":[{"embeddable":true,"href":"https:\/\/www.francespiration.com\/index.php\/wp-json\/wp\/v2\/media\/1967"}],"wp:attachment":[{"href":"https:\/\/www.francespiration.com\/index.php\/wp-json\/wp\/v2\/media?parent=1963"}],"wp:term":[{"taxonomy":"category","embeddable":true,"href":"https:\/\/www.francespiration.com\/index.php\/wp-json\/wp\/v2\/categories?post=1963"},{"taxonomy":"post_tag","embeddable":true,"href":"https:\/\/www.francespiration.com\/index.php\/wp-json\/wp\/v2\/tags?post=1963"}],"curies":[{"name":"wp","href":"https:\/\/api.w.org\/{rel}","templated":true}]}}