{"id":1971,"date":"2024-08-31T15:03:27","date_gmt":"2024-08-31T15:03:27","guid":{"rendered":"https:\/\/www.francespiration.com\/?p=1971"},"modified":"2024-08-31T15:03:40","modified_gmt":"2024-08-31T15:03:40","slug":"a-film-amitol-jo-erzesunk-lesz","status":"publish","type":"post","link":"https:\/\/www.francespiration.com\/index.php\/2024\/08\/31\/a-film-amitol-jo-erzesunk-lesz\/","title":{"rendered":"A film, amit\u0151l j\u00f3 \u00e9rz\u00e9s\u00fcnk lesz"},"content":{"rendered":"\n<p><strong> 2024. szeptember 5-\u00e9n ker\u00fcl bemutat\u00e1sra az \u00e9v egyik legszebb francia filmje, amely k\u00e9t igen ellent\u00e9tes karakter\u0171 ember tal\u00e1lkoz\u00e1s\u00e1r\u00f3l sz\u00f3l.<\/strong><\/p>\n\n\n\n<!--more-->\n\n\n\n<p>Az egyik gazdag, emberbar\u00e1t, sikeres, de hi\u00e1nyzik bel\u0151le a legfontosabb: a boldogs\u00e1g. A m\u00e1sik mogorva \u00e9s mag\u00e1nak val\u00f3, de sz\u00edvesen megny\u00edlna annak, akit szerethet. <\/p>\n\n\n\n<p>A h\u00edres v\u00e1llalkoz\u00f3, Vincent \u00e1lland\u00f3an p\u00f6rg\u0151 \u00e9lete hirtelen megtorpan\u00e1sra k\u00e9nyszer\u00fcl, amikor az aut\u00f3ja lerobban egy hegyi \u00faton. A term\u00e9szet m\u00e9ly\u00e9n, a modern vil\u00e1g el\u0151l elrejt\u0151zve \u00e9l\u0151 Pierre siet a seg\u00edts\u00e9g\u00e9re, \u00e9s vend\u00e9g\u00fcl l\u00e1tja Vincent-t az otthon\u00e1ban. <\/p>\n\n\n\n<figure class=\"wp-block-image size-large\"><img loading=\"lazy\" decoding=\"async\" width=\"717\" height=\"1024\" src=\"https:\/\/www.francespiration.com\/wp-content\/uploads\/2024\/08\/plakat_reggeli-717x1024.jpg\" alt=\"\" class=\"wp-image-1973\" srcset=\"https:\/\/www.francespiration.com\/wp-content\/uploads\/2024\/08\/plakat_reggeli-717x1024.jpg 717w, https:\/\/www.francespiration.com\/wp-content\/uploads\/2024\/08\/plakat_reggeli-210x300.jpg 210w, https:\/\/www.francespiration.com\/wp-content\/uploads\/2024\/08\/plakat_reggeli-768x1097.jpg 768w, https:\/\/www.francespiration.com\/wp-content\/uploads\/2024\/08\/plakat_reggeli-1075x1536.jpg 1075w, https:\/\/www.francespiration.com\/wp-content\/uploads\/2024\/08\/plakat_reggeli-1433x2048.jpg 1433w, https:\/\/www.francespiration.com\/wp-content\/uploads\/2024\/08\/plakat_reggeli-scaled.jpg 1792w\" sizes=\"auto, (max-width: 717px) 100vw, 717px\" \/><figcaption class=\"wp-element-caption\">Fot\u00f3: Cirko Film<\/figcaption><\/figure>\n\n\n\n<p>Tal\u00e1lkoz\u00e1suk kezdetben tele lesz hazugs\u00e1ggal \u00e9s keser\u0171s\u00e9ggel, de egy vid\u00e9ki \u00e1lomk\u00f6rnyezetben Vincent (Lambert Wilson) \u00e9s Pierre (Gr\u00e9gory Gadebois) megismerik egym\u00e1st, \u00e9s elkezdik \u00e9rt\u00e9kelni a m\u00e1sikat.<\/p>\n\n\n\n<p>A sz\u00f6gesen ellent\u00e9tes \u00e9rt\u00e9keket k\u00e9pvisel\u0151 f\u00e9rfiak m\u00e9ly \u0151szintes\u00e9ggel \u00e9s sok nevet\u00e9ssel teli tal\u00e1lkoz\u00e1sa mindkettej\u00fck gondolkod\u00e1s\u00e1t \u00f6r\u00f6kre megv\u00e1ltoztatja\u2026<\/p>\n\n\n\n<p>Csodasz\u00e9p film, az a fajta, amit\u0151l j\u00f3 \u00e9rz\u00e9s\u00fcnk lesz!<\/p>\n\n\n\n<p><br><\/p>\n","protected":false},"excerpt":{"rendered":"<p>2024. szeptember 5-\u00e9n ker\u00fcl bemutat\u00e1sra az \u00e9v egyik legszebb francia filmje, amely k\u00e9t igen ellent\u00e9tes karakter\u0171 ember tal\u00e1lkoz\u00e1s\u00e1r\u00f3l sz\u00f3l.<\/p>\n","protected":false},"author":1,"featured_media":1972,"comment_status":"open","ping_status":"open","sticky":false,"template":"","format":"standard","meta":{"footnotes":""},"categories":[1,29],"tags":[],"class_list":["post-1971","post","type-post","status-publish","format-standard","has-post-thumbnail","hentry","category-hirek","category-kultura"],"yoast_head":"<!-- This site is optimized with the Yoast SEO plugin v20.13 - https:\/\/yoast.com\/wordpress\/plugins\/seo\/ -->\n<title>A film, amit\u0151l j\u00f3 \u00e9rz\u00e9s\u00fcnk lesz - Francespiration<\/title>\n<meta name=\"description\" content=\"Az egyik legszebb francia film, amely k\u00e9t igen ellent\u00e9tes karakter\u0171 ember tal\u00e1lkoz\u00e1s\u00e1r\u00f3l sz\u00f3l, akik v\u00e9g\u00fcl megtanulj\u00e1k \u00e9rt\u00e9kelni a m\u00e1sikat.\" \/>\n<meta name=\"robots\" content=\"index, follow, max-snippet:-1, max-image-preview:large, max-video-preview:-1\" \/>\n<link rel=\"canonical\" href=\"https:\/\/www.francespiration.com\/index.php\/2024\/08\/31\/a-film-amitol-jo-erzesunk-lesz\/\" \/>\n<meta property=\"og:locale\" content=\"hu_HU\" \/>\n<meta property=\"og:type\" content=\"article\" \/>\n<meta property=\"og:title\" content=\"A film, amit\u0151l j\u00f3 \u00e9rz\u00e9s\u00fcnk lesz - Francespiration\" \/>\n<meta property=\"og:description\" content=\"Az egyik legszebb francia film, amely k\u00e9t igen ellent\u00e9tes karakter\u0171 ember tal\u00e1lkoz\u00e1s\u00e1r\u00f3l sz\u00f3l, akik v\u00e9g\u00fcl megtanulj\u00e1k \u00e9rt\u00e9kelni a m\u00e1sikat.\" \/>\n<meta property=\"og:url\" content=\"https:\/\/www.francespiration.com\/index.php\/2024\/08\/31\/a-film-amitol-jo-erzesunk-lesz\/\" \/>\n<meta property=\"og:site_name\" content=\"Francespiration\" \/>\n<meta property=\"article:published_time\" content=\"2024-08-31T15:03:27+00:00\" \/>\n<meta property=\"article:modified_time\" content=\"2024-08-31T15:03:40+00:00\" \/>\n<meta property=\"og:image\" content=\"https:\/\/www.francespiration.com\/wp-content\/uploads\/2024\/08\/C8A1494-1-scaled.jpg\" \/>\n\t<meta property=\"og:image:width\" content=\"2560\" \/>\n\t<meta property=\"og:image:height\" content=\"1765\" \/>\n\t<meta property=\"og:image:type\" content=\"image\/jpeg\" \/>\n<meta name=\"author\" content=\"Sz\u00f6ll\u0151si T\u00edmea\" \/>\n<meta name=\"twitter:card\" content=\"summary_large_image\" \/>\n<meta name=\"twitter:label1\" content=\"Szerz\u0151:\" \/>\n\t<meta name=\"twitter:data1\" content=\"Sz\u00f6ll\u0151si T\u00edmea\" \/>\n\t<meta name=\"twitter:label2\" content=\"Becs\u00fclt olvas\u00e1si id\u0151\" \/>\n\t<meta name=\"twitter:data2\" content=\"1 perc\" \/>\n<script type=\"application\/ld+json\" class=\"yoast-schema-graph\">{\"@context\":\"https:\/\/schema.org\",\"@graph\":[{\"@type\":\"Article\",\"@id\":\"https:\/\/www.francespiration.com\/index.php\/2024\/08\/31\/a-film-amitol-jo-erzesunk-lesz\/#article\",\"isPartOf\":{\"@id\":\"https:\/\/www.francespiration.com\/index.php\/2024\/08\/31\/a-film-amitol-jo-erzesunk-lesz\/\"},\"author\":{\"name\":\"Sz\u00f6ll\u0151si T\u00edmea\",\"@id\":\"https:\/\/www.francespiration.com\/#\/schema\/person\/83f3dc20d791bfb54664f7e0287501fa\"},\"headline\":\"A film, amit\u0151l j\u00f3 \u00e9rz\u00e9s\u00fcnk lesz\",\"datePublished\":\"2024-08-31T15:03:27+00:00\",\"dateModified\":\"2024-08-31T15:03:40+00:00\",\"mainEntityOfPage\":{\"@id\":\"https:\/\/www.francespiration.com\/index.php\/2024\/08\/31\/a-film-amitol-jo-erzesunk-lesz\/\"},\"wordCount\":210,\"commentCount\":0,\"publisher\":{\"@id\":\"https:\/\/www.francespiration.com\/#organization\"},\"articleSection\":[\"H\u00cdREK\",\"KULT\u00daRA\"],\"inLanguage\":\"hu\",\"potentialAction\":[{\"@type\":\"CommentAction\",\"name\":\"Comment\",\"target\":[\"https:\/\/www.francespiration.com\/index.php\/2024\/08\/31\/a-film-amitol-jo-erzesunk-lesz\/#respond\"]}]},{\"@type\":\"WebPage\",\"@id\":\"https:\/\/www.francespiration.com\/index.php\/2024\/08\/31\/a-film-amitol-jo-erzesunk-lesz\/\",\"url\":\"https:\/\/www.francespiration.com\/index.php\/2024\/08\/31\/a-film-amitol-jo-erzesunk-lesz\/\",\"name\":\"A film, amit\u0151l j\u00f3 \u00e9rz\u00e9s\u00fcnk lesz - Francespiration\",\"isPartOf\":{\"@id\":\"https:\/\/www.francespiration.com\/#website\"},\"datePublished\":\"2024-08-31T15:03:27+00:00\",\"dateModified\":\"2024-08-31T15:03:40+00:00\",\"description\":\"Az egyik legszebb francia film, amely k\u00e9t igen ellent\u00e9tes karakter\u0171 ember tal\u00e1lkoz\u00e1s\u00e1r\u00f3l sz\u00f3l, akik v\u00e9g\u00fcl megtanulj\u00e1k \u00e9rt\u00e9kelni a m\u00e1sikat.\",\"breadcrumb\":{\"@id\":\"https:\/\/www.francespiration.com\/index.php\/2024\/08\/31\/a-film-amitol-jo-erzesunk-lesz\/#breadcrumb\"},\"inLanguage\":\"hu\",\"potentialAction\":[{\"@type\":\"ReadAction\",\"target\":[\"https:\/\/www.francespiration.com\/index.php\/2024\/08\/31\/a-film-amitol-jo-erzesunk-lesz\/\"]}]},{\"@type\":\"BreadcrumbList\",\"@id\":\"https:\/\/www.francespiration.com\/index.php\/2024\/08\/31\/a-film-amitol-jo-erzesunk-lesz\/#breadcrumb\",\"itemListElement\":[{\"@type\":\"ListItem\",\"position\":1,\"name\":\"Kezd\u0151lap\",\"item\":\"https:\/\/www.francespiration.com\/\"},{\"@type\":\"ListItem\",\"position\":2,\"name\":\"A film, amit\u0151l j\u00f3 \u00e9rz\u00e9s\u00fcnk lesz\"}]},{\"@type\":\"WebSite\",\"@id\":\"https:\/\/www.francespiration.com\/#website\",\"url\":\"https:\/\/www.francespiration.com\/\",\"name\":\"Francespiration\",\"description\":\"Just another WordPress site\",\"publisher\":{\"@id\":\"https:\/\/www.francespiration.com\/#organization\"},\"potentialAction\":[{\"@type\":\"SearchAction\",\"target\":{\"@type\":\"EntryPoint\",\"urlTemplate\":\"https:\/\/www.francespiration.com\/?s={search_term_string}\"},\"query-input\":\"required name=search_term_string\"}],\"inLanguage\":\"hu\"},{\"@type\":\"Organization\",\"@id\":\"https:\/\/www.francespiration.com\/#organization\",\"name\":\"Francespiration\",\"url\":\"https:\/\/www.francespiration.com\/\",\"logo\":{\"@type\":\"ImageObject\",\"inLanguage\":\"hu\",\"@id\":\"https:\/\/www.francespiration.com\/#\/schema\/logo\/image\/\",\"url\":\"https:\/\/www.francespiration.com\/wp-content\/uploads\/2022\/09\/4d-also-scaled.jpg\",\"contentUrl\":\"https:\/\/www.francespiration.com\/wp-content\/uploads\/2022\/09\/4d-also-scaled.jpg\",\"width\":2560,\"height\":913,\"caption\":\"Francespiration\"},\"image\":{\"@id\":\"https:\/\/www.francespiration.com\/#\/schema\/logo\/image\/\"}},{\"@type\":\"Person\",\"@id\":\"https:\/\/www.francespiration.com\/#\/schema\/person\/83f3dc20d791bfb54664f7e0287501fa\",\"name\":\"Sz\u00f6ll\u0151si T\u00edmea\",\"image\":{\"@type\":\"ImageObject\",\"inLanguage\":\"hu\",\"@id\":\"https:\/\/www.francespiration.com\/#\/schema\/person\/image\/\",\"url\":\"https:\/\/secure.gravatar.com\/avatar\/1fd2e7bebd99ada3a170be066229da8dce9b7f9ba3748e0b659e39e5f31eb56a?s=96&d=mm&r=g\",\"contentUrl\":\"https:\/\/secure.gravatar.com\/avatar\/1fd2e7bebd99ada3a170be066229da8dce9b7f9ba3748e0b659e39e5f31eb56a?s=96&d=mm&r=g\",\"caption\":\"Sz\u00f6ll\u0151si T\u00edmea\"},\"sameAs\":[\"https:\/\/www.francespiration.com\"],\"url\":\"https:\/\/www.francespiration.com\/index.php\/author\/szollotimi\/\"}]}<\/script>\n<!-- \/ Yoast SEO plugin. -->","yoast_head_json":{"title":"A film, amit\u0151l j\u00f3 \u00e9rz\u00e9s\u00fcnk lesz - Francespiration","description":"Az egyik legszebb francia film, amely k\u00e9t igen ellent\u00e9tes karakter\u0171 ember tal\u00e1lkoz\u00e1s\u00e1r\u00f3l sz\u00f3l, akik v\u00e9g\u00fcl megtanulj\u00e1k \u00e9rt\u00e9kelni a m\u00e1sikat.","robots":{"index":"index","follow":"follow","max-snippet":"max-snippet:-1","max-image-preview":"max-image-preview:large","max-video-preview":"max-video-preview:-1"},"canonical":"https:\/\/www.francespiration.com\/index.php\/2024\/08\/31\/a-film-amitol-jo-erzesunk-lesz\/","og_locale":"hu_HU","og_type":"article","og_title":"A film, amit\u0151l j\u00f3 \u00e9rz\u00e9s\u00fcnk lesz - Francespiration","og_description":"Az egyik legszebb francia film, amely k\u00e9t igen ellent\u00e9tes karakter\u0171 ember tal\u00e1lkoz\u00e1s\u00e1r\u00f3l sz\u00f3l, akik v\u00e9g\u00fcl megtanulj\u00e1k \u00e9rt\u00e9kelni a m\u00e1sikat.","og_url":"https:\/\/www.francespiration.com\/index.php\/2024\/08\/31\/a-film-amitol-jo-erzesunk-lesz\/","og_site_name":"Francespiration","article_published_time":"2024-08-31T15:03:27+00:00","article_modified_time":"2024-08-31T15:03:40+00:00","og_image":[{"width":2560,"height":1765,"url":"https:\/\/www.francespiration.com\/wp-content\/uploads\/2024\/08\/C8A1494-1-scaled.jpg","type":"image\/jpeg"}],"author":"Sz\u00f6ll\u0151si T\u00edmea","twitter_card":"summary_large_image","twitter_misc":{"Szerz\u0151:":"Sz\u00f6ll\u0151si T\u00edmea","Becs\u00fclt olvas\u00e1si id\u0151":"1 perc"},"schema":{"@context":"https:\/\/schema.org","@graph":[{"@type":"Article","@id":"https:\/\/www.francespiration.com\/index.php\/2024\/08\/31\/a-film-amitol-jo-erzesunk-lesz\/#article","isPartOf":{"@id":"https:\/\/www.francespiration.com\/index.php\/2024\/08\/31\/a-film-amitol-jo-erzesunk-lesz\/"},"author":{"name":"Sz\u00f6ll\u0151si T\u00edmea","@id":"https:\/\/www.francespiration.com\/#\/schema\/person\/83f3dc20d791bfb54664f7e0287501fa"},"headline":"A film, amit\u0151l j\u00f3 \u00e9rz\u00e9s\u00fcnk lesz","datePublished":"2024-08-31T15:03:27+00:00","dateModified":"2024-08-31T15:03:40+00:00","mainEntityOfPage":{"@id":"https:\/\/www.francespiration.com\/index.php\/2024\/08\/31\/a-film-amitol-jo-erzesunk-lesz\/"},"wordCount":210,"commentCount":0,"publisher":{"@id":"https:\/\/www.francespiration.com\/#organization"},"articleSection":["H\u00cdREK","KULT\u00daRA"],"inLanguage":"hu","potentialAction":[{"@type":"CommentAction","name":"Comment","target":["https:\/\/www.francespiration.com\/index.php\/2024\/08\/31\/a-film-amitol-jo-erzesunk-lesz\/#respond"]}]},{"@type":"WebPage","@id":"https:\/\/www.francespiration.com\/index.php\/2024\/08\/31\/a-film-amitol-jo-erzesunk-lesz\/","url":"https:\/\/www.francespiration.com\/index.php\/2024\/08\/31\/a-film-amitol-jo-erzesunk-lesz\/","name":"A film, amit\u0151l j\u00f3 \u00e9rz\u00e9s\u00fcnk lesz - Francespiration","isPartOf":{"@id":"https:\/\/www.francespiration.com\/#website"},"datePublished":"2024-08-31T15:03:27+00:00","dateModified":"2024-08-31T15:03:40+00:00","description":"Az egyik legszebb francia film, amely k\u00e9t igen ellent\u00e9tes karakter\u0171 ember tal\u00e1lkoz\u00e1s\u00e1r\u00f3l sz\u00f3l, akik v\u00e9g\u00fcl megtanulj\u00e1k \u00e9rt\u00e9kelni a m\u00e1sikat.","breadcrumb":{"@id":"https:\/\/www.francespiration.com\/index.php\/2024\/08\/31\/a-film-amitol-jo-erzesunk-lesz\/#breadcrumb"},"inLanguage":"hu","potentialAction":[{"@type":"ReadAction","target":["https:\/\/www.francespiration.com\/index.php\/2024\/08\/31\/a-film-amitol-jo-erzesunk-lesz\/"]}]},{"@type":"BreadcrumbList","@id":"https:\/\/www.francespiration.com\/index.php\/2024\/08\/31\/a-film-amitol-jo-erzesunk-lesz\/#breadcrumb","itemListElement":[{"@type":"ListItem","position":1,"name":"Kezd\u0151lap","item":"https:\/\/www.francespiration.com\/"},{"@type":"ListItem","position":2,"name":"A film, amit\u0151l j\u00f3 \u00e9rz\u00e9s\u00fcnk lesz"}]},{"@type":"WebSite","@id":"https:\/\/www.francespiration.com\/#website","url":"https:\/\/www.francespiration.com\/","name":"Francespiration","description":"Just another WordPress site","publisher":{"@id":"https:\/\/www.francespiration.com\/#organization"},"potentialAction":[{"@type":"SearchAction","target":{"@type":"EntryPoint","urlTemplate":"https:\/\/www.francespiration.com\/?s={search_term_string}"},"query-input":"required name=search_term_string"}],"inLanguage":"hu"},{"@type":"Organization","@id":"https:\/\/www.francespiration.com\/#organization","name":"Francespiration","url":"https:\/\/www.francespiration.com\/","logo":{"@type":"ImageObject","inLanguage":"hu","@id":"https:\/\/www.francespiration.com\/#\/schema\/logo\/image\/","url":"https:\/\/www.francespiration.com\/wp-content\/uploads\/2022\/09\/4d-also-scaled.jpg","contentUrl":"https:\/\/www.francespiration.com\/wp-content\/uploads\/2022\/09\/4d-also-scaled.jpg","width":2560,"height":913,"caption":"Francespiration"},"image":{"@id":"https:\/\/www.francespiration.com\/#\/schema\/logo\/image\/"}},{"@type":"Person","@id":"https:\/\/www.francespiration.com\/#\/schema\/person\/83f3dc20d791bfb54664f7e0287501fa","name":"Sz\u00f6ll\u0151si T\u00edmea","image":{"@type":"ImageObject","inLanguage":"hu","@id":"https:\/\/www.francespiration.com\/#\/schema\/person\/image\/","url":"https:\/\/secure.gravatar.com\/avatar\/1fd2e7bebd99ada3a170be066229da8dce9b7f9ba3748e0b659e39e5f31eb56a?s=96&d=mm&r=g","contentUrl":"https:\/\/secure.gravatar.com\/avatar\/1fd2e7bebd99ada3a170be066229da8dce9b7f9ba3748e0b659e39e5f31eb56a?s=96&d=mm&r=g","caption":"Sz\u00f6ll\u0151si T\u00edmea"},"sameAs":["https:\/\/www.francespiration.com"],"url":"https:\/\/www.francespiration.com\/index.php\/author\/szollotimi\/"}]}},"_links":{"self":[{"href":"https:\/\/www.francespiration.com\/index.php\/wp-json\/wp\/v2\/posts\/1971","targetHints":{"allow":["GET"]}}],"collection":[{"href":"https:\/\/www.francespiration.com\/index.php\/wp-json\/wp\/v2\/posts"}],"about":[{"href":"https:\/\/www.francespiration.com\/index.php\/wp-json\/wp\/v2\/types\/post"}],"author":[{"embeddable":true,"href":"https:\/\/www.francespiration.com\/index.php\/wp-json\/wp\/v2\/users\/1"}],"replies":[{"embeddable":true,"href":"https:\/\/www.francespiration.com\/index.php\/wp-json\/wp\/v2\/comments?post=1971"}],"version-history":[{"count":1,"href":"https:\/\/www.francespiration.com\/index.php\/wp-json\/wp\/v2\/posts\/1971\/revisions"}],"predecessor-version":[{"id":1974,"href":"https:\/\/www.francespiration.com\/index.php\/wp-json\/wp\/v2\/posts\/1971\/revisions\/1974"}],"wp:featuredmedia":[{"embeddable":true,"href":"https:\/\/www.francespiration.com\/index.php\/wp-json\/wp\/v2\/media\/1972"}],"wp:attachment":[{"href":"https:\/\/www.francespiration.com\/index.php\/wp-json\/wp\/v2\/media?parent=1971"}],"wp:term":[{"taxonomy":"category","embeddable":true,"href":"https:\/\/www.francespiration.com\/index.php\/wp-json\/wp\/v2\/categories?post=1971"},{"taxonomy":"post_tag","embeddable":true,"href":"https:\/\/www.francespiration.com\/index.php\/wp-json\/wp\/v2\/tags?post=1971"}],"curies":[{"name":"wp","href":"https:\/\/api.w.org\/{rel}","templated":true}]}}