{"id":1975,"date":"2024-09-03T08:12:38","date_gmt":"2024-09-03T08:12:38","guid":{"rendered":"https:\/\/www.francespiration.com\/?p=1975"},"modified":"2024-09-03T08:12:40","modified_gmt":"2024-09-03T08:12:40","slug":"illes-fanni-ezustermes-100-meteres-melluszasban-a-parizsi-paralimpian","status":"publish","type":"post","link":"https:\/\/www.francespiration.com\/index.php\/2024\/09\/03\/illes-fanni-ezustermes-100-meteres-melluszasban-a-parizsi-paralimpian\/","title":{"rendered":"Ill\u00e9s Fanni ez\u00fcst\u00e9rmes 100 m\u00e9teres mell\u00fasz\u00e1sban a p\u00e1rizsi paralimpi\u00e1n"},"content":{"rendered":"\n<p><strong>Ill\u00e9s Fanni ez\u00fcst\u00e9rmet szerzett az SB4-es kateg\u00f3ria 100 m\u00e9teres mell\u00fasz\u00f3 sz\u00e1m\u00e1ban a p\u00e1rizsi paralimpia h\u00e9tf\u0151i versenynapj\u00e1n<\/strong>,<strong> adta h\u00edr\u00fcl az MTI.<\/strong><\/p>\n\n\n\n<!--more-->\n\n\n\n<p>Mint \u00edrj\u00e1k, a c\u00edmv\u00e9d\u0151k\u00e9nt indult magyar versenyz\u0151 a d\u00e9lel\u0151tti el\u0151futamok sor\u00e1n a m\u00e1sodik legjobb id\u0151t \u00e9rte &#8211; csak a k\u00ednai Cseng Csiao volt gyorsabb n\u00e1la \u00f6t sz\u00e1zadm\u00e1sodperccel -, \u00edgy az esti d\u00f6nt\u0151ben az 5-\u00f6s p\u00e1ly\u00e1n \u00faszhatott.<\/p>\n\n\n\n<p>Az el\u0151futam ut\u00e1n azt mondta, maradt m\u00e9g benne er\u0151 a fin\u00e1l\u00e9ra, s paralimpiai bajnokk\u00e9nt nem \u00e9rzi a nyom\u00e1st, sz\u00e1m\u00e1ra az jelenti most a legnagyobb boldogs\u00e1got, hogy k\u00e9t\u00e9ves kisfia, M\u00f3r minden verseny\u00e9n ott van. Hozz\u00e1tette ugyanakkor, hogy ahogy szokta, este is belead majd mindent.<\/p>\n\n\n\n<p>A Vasas kiv\u00e1l\u00f3s\u00e1ga taktikusan kezdett az ez\u00fattal is telth\u00e1zas La D\u00e9fense Ar\u00e9n\u00e1ban, ahol h\u00e1rom k\u00ednai, k\u00e9t semleges sz\u00ednekben indul\u00f3 orosz, valamint egy-egy spanyol \u00e9s olasz riv\u00e1lisa volt a nyolcas d\u00f6nt\u0151ben.<\/p>\n\n\n\n<figure class=\"wp-block-image size-full\"><img loading=\"lazy\" decoding=\"async\" width=\"800\" height=\"533\" src=\"https:\/\/www.francespiration.com\/wp-content\/uploads\/2024\/09\/illesfanni.jpg\" alt=\"\" class=\"wp-image-1977\" srcset=\"https:\/\/www.francespiration.com\/wp-content\/uploads\/2024\/09\/illesfanni.jpg 800w, https:\/\/www.francespiration.com\/wp-content\/uploads\/2024\/09\/illesfanni-300x200.jpg 300w, https:\/\/www.francespiration.com\/wp-content\/uploads\/2024\/09\/illesfanni-768x512.jpg 768w\" sizes=\"auto, (max-width: 800px) 100vw, 800px\" \/><figcaption class=\"wp-element-caption\"><em>Nanterre, 2024. szeptember 2. A k\u00e9s\u0151bbi ez\u00fcst\u00e9rmes Ill\u00e9s Fanni a 2024-es p\u00e1rizsi ny\u00e1ri paralimpiai j\u00e1t\u00e9kok n\u0151i 100 m\u00e9teres mell\u00fasz\u00e1s SB4-es kateg\u00f3ri\u00e1j\u00e1nak d\u00f6nt\u0151j\u00e9ben a nanterre-i Paris La D\u00e9fense Ar\u00e9n\u00e1ban 2024. szeptember 2-\u00e1n. MTI\/Kosztics\u00e1k Szil\u00e1rd<\/em><\/figcaption><\/figure>\n\n\n\n<p>B\u00e1r ez\u00fattal hazai versenyz\u0151 nem \u00faszott, a k\u00f6z\u00f6ns\u00e9g \u00edgy is hatalmas hangork\u00e1nnal t\u00e1mogatta a v\u00edzben l\u00e9v\u0151 sportol\u00f3kat, Ill\u00e9s pedig 50 m\u00e9tern\u00e9l a negyedik helyen fordult. A t\u00e1v m\u00e1sodik fel\u00e9ben azt\u00e1n \u0151 \u00e9s az olasz Giulia Ghiretti is beleer\u0151s\u00edtett, mindketten lehagyt\u00e1k az addig vezet\u0151 k\u00ednai Cseng Csia\u00f3t, \u00fagy t\u0171nt, a magyar \u00fasz\u00f3 vezet, de a v\u00e9g\u00e9n szinte egyszerre csaptak be a c\u00e9lba.<\/p>\n\n\n\n<h2 class=\"wp-block-heading\">Csak az id\u0151m\u00e9r\u0151 tudott k\u00fcl\u00f6nbs\u00e9get tenni a teljes\u00edtm\u00e9ny\u00fck k\u00f6z\u00f6tt<\/h2>\n\n\n\n<p>Az olasz lett az els\u0151, Ill\u00e9s Fanni pedig mind\u00f6ssze n\u00e9gy sz\u00e1zaddal lemaradva a m\u00e1sodik.<\/p>\n\n\n\n<p>A 32 \u00e9ves parasportol\u00f3 &#8211; aki als\u00f3v\u00e9gtaghi\u00e1nnyal \u00e9s \u00f6sszen\u0151t ujjakkal sz\u00fcletett &#8211; imm\u00e1r \u00f6t\u00f6dik paralimpi\u00e1j\u00e1n szerepelt, s a megnyit\u00f3n \u0151 vitte a magyar csapat z\u00e1szl\u00f3j\u00e1t.<\/p>\n","protected":false},"excerpt":{"rendered":"<p>Ill\u00e9s Fanni ez\u00fcst\u00e9rmet szerzett az SB4-es kateg\u00f3ria 100 m\u00e9teres mell\u00fasz\u00f3 sz\u00e1m\u00e1ban a p\u00e1rizsi paralimpia h\u00e9tf\u0151i versenynapj\u00e1n, adta h\u00edr\u00fcl az MTI.<\/p>\n","protected":false},"author":1,"featured_media":1976,"comment_status":"open","ping_status":"open","sticky":false,"template":"","format":"standard","meta":{"footnotes":""},"categories":[1],"tags":[],"class_list":["post-1975","post","type-post","status-publish","format-standard","has-post-thumbnail","hentry","category-hirek"],"yoast_head":"<!-- This site is optimized with the Yoast SEO plugin v20.13 - https:\/\/yoast.com\/wordpress\/plugins\/seo\/ -->\n<title>Ill\u00e9s Fanni ez\u00fcst\u00e9rmes 100 m\u00e9teres mell\u00fasz\u00e1sban a p\u00e1rizsi paralimpi\u00e1n - Francespiration<\/title>\n<meta name=\"description\" content=\"Ill\u00e9s Fanni ez\u00fcst\u00e9rmet szerzett az SB4-es kateg\u00f3ria 100 m\u00e9teres mell\u00fasz\u00f3 sz\u00e1m\u00e1ban a p\u00e1rizsi paralimpia h\u00e9tf\u0151i versenynapj\u00e1n.\" \/>\n<meta name=\"robots\" content=\"index, follow, max-snippet:-1, max-image-preview:large, max-video-preview:-1\" \/>\n<link rel=\"canonical\" href=\"https:\/\/www.francespiration.com\/index.php\/2024\/09\/03\/illes-fanni-ezustermes-100-meteres-melluszasban-a-parizsi-paralimpian\/\" \/>\n<meta property=\"og:locale\" content=\"hu_HU\" \/>\n<meta property=\"og:type\" content=\"article\" \/>\n<meta property=\"og:title\" content=\"Ill\u00e9s Fanni ez\u00fcst\u00e9rmes 100 m\u00e9teres mell\u00fasz\u00e1sban a p\u00e1rizsi paralimpi\u00e1n - Francespiration\" \/>\n<meta property=\"og:description\" content=\"Ill\u00e9s Fanni ez\u00fcst\u00e9rmet szerzett az SB4-es kateg\u00f3ria 100 m\u00e9teres mell\u00fasz\u00f3 sz\u00e1m\u00e1ban a p\u00e1rizsi paralimpia h\u00e9tf\u0151i versenynapj\u00e1n.\" \/>\n<meta property=\"og:url\" content=\"https:\/\/www.francespiration.com\/index.php\/2024\/09\/03\/illes-fanni-ezustermes-100-meteres-melluszasban-a-parizsi-paralimpian\/\" \/>\n<meta property=\"og:site_name\" content=\"Francespiration\" \/>\n<meta property=\"article:published_time\" content=\"2024-09-03T08:12:38+00:00\" \/>\n<meta property=\"article:modified_time\" content=\"2024-09-03T08:12:40+00:00\" \/>\n<meta property=\"og:image\" content=\"https:\/\/www.francespiration.com\/wp-content\/uploads\/2024\/09\/illes-fanni.jpg\" \/>\n\t<meta property=\"og:image:width\" content=\"800\" \/>\n\t<meta property=\"og:image:height\" content=\"533\" \/>\n\t<meta property=\"og:image:type\" content=\"image\/jpeg\" \/>\n<meta name=\"author\" content=\"Sz\u00f6ll\u0151si T\u00edmea\" \/>\n<meta name=\"twitter:card\" content=\"summary_large_image\" \/>\n<meta name=\"twitter:label1\" content=\"Szerz\u0151:\" \/>\n\t<meta name=\"twitter:data1\" content=\"Sz\u00f6ll\u0151si T\u00edmea\" \/>\n\t<meta name=\"twitter:label2\" content=\"Becs\u00fclt olvas\u00e1si id\u0151\" \/>\n\t<meta name=\"twitter:data2\" content=\"2 perc\" \/>\n<script type=\"application\/ld+json\" class=\"yoast-schema-graph\">{\"@context\":\"https:\/\/schema.org\",\"@graph\":[{\"@type\":\"Article\",\"@id\":\"https:\/\/www.francespiration.com\/index.php\/2024\/09\/03\/illes-fanni-ezustermes-100-meteres-melluszasban-a-parizsi-paralimpian\/#article\",\"isPartOf\":{\"@id\":\"https:\/\/www.francespiration.com\/index.php\/2024\/09\/03\/illes-fanni-ezustermes-100-meteres-melluszasban-a-parizsi-paralimpian\/\"},\"author\":{\"name\":\"Sz\u00f6ll\u0151si T\u00edmea\",\"@id\":\"https:\/\/www.francespiration.com\/#\/schema\/person\/83f3dc20d791bfb54664f7e0287501fa\"},\"headline\":\"Ill\u00e9s Fanni ez\u00fcst\u00e9rmes 100 m\u00e9teres mell\u00fasz\u00e1sban a p\u00e1rizsi paralimpi\u00e1n\",\"datePublished\":\"2024-09-03T08:12:38+00:00\",\"dateModified\":\"2024-09-03T08:12:40+00:00\",\"mainEntityOfPage\":{\"@id\":\"https:\/\/www.francespiration.com\/index.php\/2024\/09\/03\/illes-fanni-ezustermes-100-meteres-melluszasban-a-parizsi-paralimpian\/\"},\"wordCount\":424,\"commentCount\":0,\"publisher\":{\"@id\":\"https:\/\/www.francespiration.com\/#organization\"},\"articleSection\":[\"H\u00cdREK\"],\"inLanguage\":\"hu\",\"potentialAction\":[{\"@type\":\"CommentAction\",\"name\":\"Comment\",\"target\":[\"https:\/\/www.francespiration.com\/index.php\/2024\/09\/03\/illes-fanni-ezustermes-100-meteres-melluszasban-a-parizsi-paralimpian\/#respond\"]}]},{\"@type\":\"WebPage\",\"@id\":\"https:\/\/www.francespiration.com\/index.php\/2024\/09\/03\/illes-fanni-ezustermes-100-meteres-melluszasban-a-parizsi-paralimpian\/\",\"url\":\"https:\/\/www.francespiration.com\/index.php\/2024\/09\/03\/illes-fanni-ezustermes-100-meteres-melluszasban-a-parizsi-paralimpian\/\",\"name\":\"Ill\u00e9s Fanni ez\u00fcst\u00e9rmes 100 m\u00e9teres mell\u00fasz\u00e1sban a p\u00e1rizsi paralimpi\u00e1n - Francespiration\",\"isPartOf\":{\"@id\":\"https:\/\/www.francespiration.com\/#website\"},\"datePublished\":\"2024-09-03T08:12:38+00:00\",\"dateModified\":\"2024-09-03T08:12:40+00:00\",\"description\":\"Ill\u00e9s Fanni ez\u00fcst\u00e9rmet szerzett az SB4-es kateg\u00f3ria 100 m\u00e9teres mell\u00fasz\u00f3 sz\u00e1m\u00e1ban a p\u00e1rizsi paralimpia h\u00e9tf\u0151i versenynapj\u00e1n.\",\"breadcrumb\":{\"@id\":\"https:\/\/www.francespiration.com\/index.php\/2024\/09\/03\/illes-fanni-ezustermes-100-meteres-melluszasban-a-parizsi-paralimpian\/#breadcrumb\"},\"inLanguage\":\"hu\",\"potentialAction\":[{\"@type\":\"ReadAction\",\"target\":[\"https:\/\/www.francespiration.com\/index.php\/2024\/09\/03\/illes-fanni-ezustermes-100-meteres-melluszasban-a-parizsi-paralimpian\/\"]}]},{\"@type\":\"BreadcrumbList\",\"@id\":\"https:\/\/www.francespiration.com\/index.php\/2024\/09\/03\/illes-fanni-ezustermes-100-meteres-melluszasban-a-parizsi-paralimpian\/#breadcrumb\",\"itemListElement\":[{\"@type\":\"ListItem\",\"position\":1,\"name\":\"Kezd\u0151lap\",\"item\":\"https:\/\/www.francespiration.com\/\"},{\"@type\":\"ListItem\",\"position\":2,\"name\":\"Ill\u00e9s Fanni ez\u00fcst\u00e9rmes 100 m\u00e9teres mell\u00fasz\u00e1sban a p\u00e1rizsi paralimpi\u00e1n\"}]},{\"@type\":\"WebSite\",\"@id\":\"https:\/\/www.francespiration.com\/#website\",\"url\":\"https:\/\/www.francespiration.com\/\",\"name\":\"Francespiration\",\"description\":\"Just another WordPress site\",\"publisher\":{\"@id\":\"https:\/\/www.francespiration.com\/#organization\"},\"potentialAction\":[{\"@type\":\"SearchAction\",\"target\":{\"@type\":\"EntryPoint\",\"urlTemplate\":\"https:\/\/www.francespiration.com\/?s={search_term_string}\"},\"query-input\":\"required name=search_term_string\"}],\"inLanguage\":\"hu\"},{\"@type\":\"Organization\",\"@id\":\"https:\/\/www.francespiration.com\/#organization\",\"name\":\"Francespiration\",\"url\":\"https:\/\/www.francespiration.com\/\",\"logo\":{\"@type\":\"ImageObject\",\"inLanguage\":\"hu\",\"@id\":\"https:\/\/www.francespiration.com\/#\/schema\/logo\/image\/\",\"url\":\"https:\/\/www.francespiration.com\/wp-content\/uploads\/2022\/09\/4d-also-scaled.jpg\",\"contentUrl\":\"https:\/\/www.francespiration.com\/wp-content\/uploads\/2022\/09\/4d-also-scaled.jpg\",\"width\":2560,\"height\":913,\"caption\":\"Francespiration\"},\"image\":{\"@id\":\"https:\/\/www.francespiration.com\/#\/schema\/logo\/image\/\"}},{\"@type\":\"Person\",\"@id\":\"https:\/\/www.francespiration.com\/#\/schema\/person\/83f3dc20d791bfb54664f7e0287501fa\",\"name\":\"Sz\u00f6ll\u0151si T\u00edmea\",\"image\":{\"@type\":\"ImageObject\",\"inLanguage\":\"hu\",\"@id\":\"https:\/\/www.francespiration.com\/#\/schema\/person\/image\/\",\"url\":\"https:\/\/secure.gravatar.com\/avatar\/1fd2e7bebd99ada3a170be066229da8dce9b7f9ba3748e0b659e39e5f31eb56a?s=96&d=mm&r=g\",\"contentUrl\":\"https:\/\/secure.gravatar.com\/avatar\/1fd2e7bebd99ada3a170be066229da8dce9b7f9ba3748e0b659e39e5f31eb56a?s=96&d=mm&r=g\",\"caption\":\"Sz\u00f6ll\u0151si T\u00edmea\"},\"sameAs\":[\"https:\/\/www.francespiration.com\"],\"url\":\"https:\/\/www.francespiration.com\/index.php\/author\/szollotimi\/\"}]}<\/script>\n<!-- \/ Yoast SEO plugin. -->","yoast_head_json":{"title":"Ill\u00e9s Fanni ez\u00fcst\u00e9rmes 100 m\u00e9teres mell\u00fasz\u00e1sban a p\u00e1rizsi paralimpi\u00e1n - Francespiration","description":"Ill\u00e9s Fanni ez\u00fcst\u00e9rmet szerzett az SB4-es kateg\u00f3ria 100 m\u00e9teres mell\u00fasz\u00f3 sz\u00e1m\u00e1ban a p\u00e1rizsi paralimpia h\u00e9tf\u0151i versenynapj\u00e1n.","robots":{"index":"index","follow":"follow","max-snippet":"max-snippet:-1","max-image-preview":"max-image-preview:large","max-video-preview":"max-video-preview:-1"},"canonical":"https:\/\/www.francespiration.com\/index.php\/2024\/09\/03\/illes-fanni-ezustermes-100-meteres-melluszasban-a-parizsi-paralimpian\/","og_locale":"hu_HU","og_type":"article","og_title":"Ill\u00e9s Fanni ez\u00fcst\u00e9rmes 100 m\u00e9teres mell\u00fasz\u00e1sban a p\u00e1rizsi paralimpi\u00e1n - Francespiration","og_description":"Ill\u00e9s Fanni ez\u00fcst\u00e9rmet szerzett az SB4-es kateg\u00f3ria 100 m\u00e9teres mell\u00fasz\u00f3 sz\u00e1m\u00e1ban a p\u00e1rizsi paralimpia h\u00e9tf\u0151i versenynapj\u00e1n.","og_url":"https:\/\/www.francespiration.com\/index.php\/2024\/09\/03\/illes-fanni-ezustermes-100-meteres-melluszasban-a-parizsi-paralimpian\/","og_site_name":"Francespiration","article_published_time":"2024-09-03T08:12:38+00:00","article_modified_time":"2024-09-03T08:12:40+00:00","og_image":[{"width":800,"height":533,"url":"https:\/\/www.francespiration.com\/wp-content\/uploads\/2024\/09\/illes-fanni.jpg","type":"image\/jpeg"}],"author":"Sz\u00f6ll\u0151si T\u00edmea","twitter_card":"summary_large_image","twitter_misc":{"Szerz\u0151:":"Sz\u00f6ll\u0151si T\u00edmea","Becs\u00fclt olvas\u00e1si id\u0151":"2 perc"},"schema":{"@context":"https:\/\/schema.org","@graph":[{"@type":"Article","@id":"https:\/\/www.francespiration.com\/index.php\/2024\/09\/03\/illes-fanni-ezustermes-100-meteres-melluszasban-a-parizsi-paralimpian\/#article","isPartOf":{"@id":"https:\/\/www.francespiration.com\/index.php\/2024\/09\/03\/illes-fanni-ezustermes-100-meteres-melluszasban-a-parizsi-paralimpian\/"},"author":{"name":"Sz\u00f6ll\u0151si T\u00edmea","@id":"https:\/\/www.francespiration.com\/#\/schema\/person\/83f3dc20d791bfb54664f7e0287501fa"},"headline":"Ill\u00e9s Fanni ez\u00fcst\u00e9rmes 100 m\u00e9teres mell\u00fasz\u00e1sban a p\u00e1rizsi paralimpi\u00e1n","datePublished":"2024-09-03T08:12:38+00:00","dateModified":"2024-09-03T08:12:40+00:00","mainEntityOfPage":{"@id":"https:\/\/www.francespiration.com\/index.php\/2024\/09\/03\/illes-fanni-ezustermes-100-meteres-melluszasban-a-parizsi-paralimpian\/"},"wordCount":424,"commentCount":0,"publisher":{"@id":"https:\/\/www.francespiration.com\/#organization"},"articleSection":["H\u00cdREK"],"inLanguage":"hu","potentialAction":[{"@type":"CommentAction","name":"Comment","target":["https:\/\/www.francespiration.com\/index.php\/2024\/09\/03\/illes-fanni-ezustermes-100-meteres-melluszasban-a-parizsi-paralimpian\/#respond"]}]},{"@type":"WebPage","@id":"https:\/\/www.francespiration.com\/index.php\/2024\/09\/03\/illes-fanni-ezustermes-100-meteres-melluszasban-a-parizsi-paralimpian\/","url":"https:\/\/www.francespiration.com\/index.php\/2024\/09\/03\/illes-fanni-ezustermes-100-meteres-melluszasban-a-parizsi-paralimpian\/","name":"Ill\u00e9s Fanni ez\u00fcst\u00e9rmes 100 m\u00e9teres mell\u00fasz\u00e1sban a p\u00e1rizsi paralimpi\u00e1n - Francespiration","isPartOf":{"@id":"https:\/\/www.francespiration.com\/#website"},"datePublished":"2024-09-03T08:12:38+00:00","dateModified":"2024-09-03T08:12:40+00:00","description":"Ill\u00e9s Fanni ez\u00fcst\u00e9rmet szerzett az SB4-es kateg\u00f3ria 100 m\u00e9teres mell\u00fasz\u00f3 sz\u00e1m\u00e1ban a p\u00e1rizsi paralimpia h\u00e9tf\u0151i versenynapj\u00e1n.","breadcrumb":{"@id":"https:\/\/www.francespiration.com\/index.php\/2024\/09\/03\/illes-fanni-ezustermes-100-meteres-melluszasban-a-parizsi-paralimpian\/#breadcrumb"},"inLanguage":"hu","potentialAction":[{"@type":"ReadAction","target":["https:\/\/www.francespiration.com\/index.php\/2024\/09\/03\/illes-fanni-ezustermes-100-meteres-melluszasban-a-parizsi-paralimpian\/"]}]},{"@type":"BreadcrumbList","@id":"https:\/\/www.francespiration.com\/index.php\/2024\/09\/03\/illes-fanni-ezustermes-100-meteres-melluszasban-a-parizsi-paralimpian\/#breadcrumb","itemListElement":[{"@type":"ListItem","position":1,"name":"Kezd\u0151lap","item":"https:\/\/www.francespiration.com\/"},{"@type":"ListItem","position":2,"name":"Ill\u00e9s Fanni ez\u00fcst\u00e9rmes 100 m\u00e9teres mell\u00fasz\u00e1sban a p\u00e1rizsi paralimpi\u00e1n"}]},{"@type":"WebSite","@id":"https:\/\/www.francespiration.com\/#website","url":"https:\/\/www.francespiration.com\/","name":"Francespiration","description":"Just another WordPress site","publisher":{"@id":"https:\/\/www.francespiration.com\/#organization"},"potentialAction":[{"@type":"SearchAction","target":{"@type":"EntryPoint","urlTemplate":"https:\/\/www.francespiration.com\/?s={search_term_string}"},"query-input":"required name=search_term_string"}],"inLanguage":"hu"},{"@type":"Organization","@id":"https:\/\/www.francespiration.com\/#organization","name":"Francespiration","url":"https:\/\/www.francespiration.com\/","logo":{"@type":"ImageObject","inLanguage":"hu","@id":"https:\/\/www.francespiration.com\/#\/schema\/logo\/image\/","url":"https:\/\/www.francespiration.com\/wp-content\/uploads\/2022\/09\/4d-also-scaled.jpg","contentUrl":"https:\/\/www.francespiration.com\/wp-content\/uploads\/2022\/09\/4d-also-scaled.jpg","width":2560,"height":913,"caption":"Francespiration"},"image":{"@id":"https:\/\/www.francespiration.com\/#\/schema\/logo\/image\/"}},{"@type":"Person","@id":"https:\/\/www.francespiration.com\/#\/schema\/person\/83f3dc20d791bfb54664f7e0287501fa","name":"Sz\u00f6ll\u0151si T\u00edmea","image":{"@type":"ImageObject","inLanguage":"hu","@id":"https:\/\/www.francespiration.com\/#\/schema\/person\/image\/","url":"https:\/\/secure.gravatar.com\/avatar\/1fd2e7bebd99ada3a170be066229da8dce9b7f9ba3748e0b659e39e5f31eb56a?s=96&d=mm&r=g","contentUrl":"https:\/\/secure.gravatar.com\/avatar\/1fd2e7bebd99ada3a170be066229da8dce9b7f9ba3748e0b659e39e5f31eb56a?s=96&d=mm&r=g","caption":"Sz\u00f6ll\u0151si T\u00edmea"},"sameAs":["https:\/\/www.francespiration.com"],"url":"https:\/\/www.francespiration.com\/index.php\/author\/szollotimi\/"}]}},"_links":{"self":[{"href":"https:\/\/www.francespiration.com\/index.php\/wp-json\/wp\/v2\/posts\/1975","targetHints":{"allow":["GET"]}}],"collection":[{"href":"https:\/\/www.francespiration.com\/index.php\/wp-json\/wp\/v2\/posts"}],"about":[{"href":"https:\/\/www.francespiration.com\/index.php\/wp-json\/wp\/v2\/types\/post"}],"author":[{"embeddable":true,"href":"https:\/\/www.francespiration.com\/index.php\/wp-json\/wp\/v2\/users\/1"}],"replies":[{"embeddable":true,"href":"https:\/\/www.francespiration.com\/index.php\/wp-json\/wp\/v2\/comments?post=1975"}],"version-history":[{"count":1,"href":"https:\/\/www.francespiration.com\/index.php\/wp-json\/wp\/v2\/posts\/1975\/revisions"}],"predecessor-version":[{"id":1978,"href":"https:\/\/www.francespiration.com\/index.php\/wp-json\/wp\/v2\/posts\/1975\/revisions\/1978"}],"wp:featuredmedia":[{"embeddable":true,"href":"https:\/\/www.francespiration.com\/index.php\/wp-json\/wp\/v2\/media\/1976"}],"wp:attachment":[{"href":"https:\/\/www.francespiration.com\/index.php\/wp-json\/wp\/v2\/media?parent=1975"}],"wp:term":[{"taxonomy":"category","embeddable":true,"href":"https:\/\/www.francespiration.com\/index.php\/wp-json\/wp\/v2\/categories?post=1975"},{"taxonomy":"post_tag","embeddable":true,"href":"https:\/\/www.francespiration.com\/index.php\/wp-json\/wp\/v2\/tags?post=1975"}],"curies":[{"name":"wp","href":"https:\/\/api.w.org\/{rel}","templated":true}]}}