{"id":1985,"date":"2026-02-26T07:00:19","date_gmt":"2026-02-26T07:00:19","guid":{"rendered":"https:\/\/www.francespiration.com\/?p=1985"},"modified":"2026-02-26T07:17:57","modified_gmt":"2026-02-26T07:17:57","slug":"ujra-nyitva-a-romantika-muzeuma-parizsban","status":"publish","type":"post","link":"https:\/\/www.francespiration.com\/index.php\/2026\/02\/26\/ujra-nyitva-a-romantika-muzeuma-parizsban\/","title":{"rendered":"\u00dajra nyitva a romantika m\u00fazeuma P\u00e1rizsban"},"content":{"rendered":"\n<p>M\u00e1sf\u00e9l \u00e9vig tart\u00f3 fel\u00faj\u00edt\u00e1st k\u00f6vet\u0151en febru\u00e1r 14-\u00e9n \u00fajra megnyitotta kapuit a p\u00e1rizsi <a href=\"https:\/\/www.museevieromantique.paris.fr\/?fbclid=IwY2xjawQMzSBleHRuA2FlbQIxMABicmlkETFmWGFadHdxUUNWc1RKTzBKc3J0YwZhcHBfaWQQMjIyMDM5MTc4ODIwMDg5MgABHjIOZImTG2a03Grs_q_m61hJcXcBjSLaB__k0MPy0_N6sIeLBJT7jySHYCUx_aem_bPoIwwdpjwnQNmNGQ6-9Og\"><strong>Mus\u00e9e de la Vie Romantique<\/strong>.<\/a><\/p>\n\n\n\n<p>A l\u00e1togat\u00f3kat m\u00e1r az \u00e9p\u00fclet k\u00fclseje is meglepheti, hiszen az egykori mandulaz\u00f6ld spalett\u00e1k hely\u00e9t eleg\u00e1ns barna \u00e1rnyalat v\u00e1ltotta fel, amely az \u00e9vsz\u00e1zados f\u00e1kkal \u00f6vezett kert m\u00e9ly\u00e9n \u00e1ll\u00f3, k\u00e9tszintes h\u00e1znak olaszos villahangulatot k\u00f6lcs\u00f6n\u00f6z.<\/p>\n\n\n\n<figure class=\"wp-block-image size-large\"><img loading=\"lazy\" decoding=\"async\" width=\"1024\" height=\"683\" src=\"https:\/\/www.francespiration.com\/wp-content\/uploads\/2026\/02\/romantika-muzeum-parizs-1024x683.jpg\" alt=\"\" class=\"wp-image-1987\" srcset=\"https:\/\/www.francespiration.com\/wp-content\/uploads\/2026\/02\/romantika-muzeum-parizs-1024x683.jpg 1024w, https:\/\/www.francespiration.com\/wp-content\/uploads\/2026\/02\/romantika-muzeum-parizs-300x200.jpg 300w, https:\/\/www.francespiration.com\/wp-content\/uploads\/2026\/02\/romantika-muzeum-parizs-768x512.jpg 768w, https:\/\/www.francespiration.com\/wp-content\/uploads\/2026\/02\/romantika-muzeum-parizs-1536x1024.jpg 1536w, https:\/\/www.francespiration.com\/wp-content\/uploads\/2026\/02\/romantika-muzeum-parizs.jpg 2048w\" sizes=\"auto, (max-width: 1024px) 100vw, 1024px\" \/><figcaption class=\"wp-element-caption\">Fot\u00f3: <a href=\"https:\/\/www.facebook.com\/museevieromantique?__tn__=-UC*F\">Mus\u00e9e de la Vie Romantique<\/a> Facebook oldala<\/figcaption><\/figure>\n\n\n\n<p>A faelemek \u00e9s az ablakkeretek eset\u00e9ben igyekeztek vissza\u00e1ll\u00edtani az 1830-ban \u00e9p\u00fclt h\u00e1z eredeti sz\u00edneit. &#8222;Mivel pontos dokument\u00e1ci\u00f3 nem \u00e1llt rendelkez\u00e9sre, a tervez\u0151k \u2013 a Basalt Architecture \u00e9s az Atelier \u00e0kiko Designers \u2013 egy, a hollandiai <strong>Dordrechts Museum<\/strong> gy\u0171jtem\u00e9ny\u00e9ben \u0151rz\u00f6tt festm\u00e9ny alapj\u00e1n rekonstru\u00e1lt\u00e1k a homlokzat \u00e1rnyalatait&#8221; &#8211; id\u00e9zi cikk\u00e9ben a <a href=\"https:\/\/www.lemonde.fr\/en\/culture\/article\/2026\/02\/15\/paris-s-museum-of-romantic-life-reopens-with-a-fresh-new-look_6750497_30.html\">Le Monde <\/a>a m\u00fazeum vezet\u0151j\u00e9t, Ga\u00eblle Riot.<\/p>\n\n\n\n<h2 class=\"wp-block-heading\">A v\u00e1ltoz\u00e1sok azonban m\u00e9g l\u00e1tv\u00e1nyosabbak az \u00e9p\u00fclet bels\u0151 tereiben. <\/h2>\n\n\n\n<p>A francia \u00e1llam 1981-ben v\u00e1s\u00e1rolta meg az egykori polg\u00e1ri rezidenci\u00e1t, amelyet az\u00f3ta a f\u0151v\u00e1ros kezel\u00e9s\u00e9ben \u00e1ll. A m\u0171eml\u00e9ki v\u00e9detts\u00e9g alatt \u00e1ll\u00f3 h\u00e1z 1987 \u00f3ta ad otthont a romantika m\u00fazeum\u00e1nak, az\u00f3ta most esett \u00e1t el\u0151sz\u00f6r ilyen \u00e1tfog\u00f3 fel\u00faj\u00edt\u00e1son.<\/p>\n\n\n\n<p>Az \u00fajranyit\u00e1s nem v\u00e9letlen\u00fcl esett Valentin-napra. A m\u00fazeum az \u00fajragondolt \u00e1lland\u00f3 ki\u00e1ll\u00edt\u00e1ssal igyekszik \u00e1rnyalni a \u201eromantika\u201d fogalm\u00e1t. A gy\u0171jtem\u00e9ny 2340 m\u0171t\u00e1rgyat sz\u00e1ml\u00e1l, amelyek k\u00f6z\u00fcl mintegy 300 l\u00e1that\u00f3 a ki\u00e1ll\u00edt\u00e1son. A koncepci\u00f3 k\u00f6z\u00e9ppontj\u00e1ba az \u00e9p\u00fclet els\u0151 lak\u00f3j\u00e1t, a fest\u0151 <strong>Ary Scheffer<\/strong> szem\u00e9ly\u00e9t \u00e9s m\u0171v\u00e9szi k\u00f6r\u00e9t \u00e1ll\u00edtott\u00e1k.<\/p>\n\n\n\n<figure class=\"wp-block-image size-large\"><img loading=\"lazy\" decoding=\"async\" width=\"1024\" height=\"683\" src=\"https:\/\/www.francespiration.com\/wp-content\/uploads\/2026\/02\/romantika-muzeum-belso-1024x683.jpg\" alt=\"\" class=\"wp-image-1988\" srcset=\"https:\/\/www.francespiration.com\/wp-content\/uploads\/2026\/02\/romantika-muzeum-belso-1024x683.jpg 1024w, https:\/\/www.francespiration.com\/wp-content\/uploads\/2026\/02\/romantika-muzeum-belso-300x200.jpg 300w, https:\/\/www.francespiration.com\/wp-content\/uploads\/2026\/02\/romantika-muzeum-belso-768x512.jpg 768w, https:\/\/www.francespiration.com\/wp-content\/uploads\/2026\/02\/romantika-muzeum-belso-1536x1024.jpg 1536w, https:\/\/www.francespiration.com\/wp-content\/uploads\/2026\/02\/romantika-muzeum-belso.jpg 2048w\" sizes=\"auto, (max-width: 1024px) 100vw, 1024px\" \/><figcaption class=\"wp-element-caption\">Fot\u00f3: <a href=\"https:\/\/www.facebook.com\/museevieromantique?__tn__=-UC*F\">Mus\u00e9e de la Vie Romantique<\/a> Facebook oldala<\/figcaption><\/figure>\n\n\n\n<p>Az \u00faj t\u00e1rlat bemutatja, hogy a 19. sz\u00e1zadi romantika j\u00f3val t\u00f6bb volt \u00e9rzelmi t\u00fal\u00e1rad\u00e1s: hangs\u00falyt kap a term\u00e9szet \u00e9s a t\u00e1jk\u00e9p ir\u00e1nti rajong\u00e1s, az irodalommal val\u00f3 szoros kapcsolat, valamint a fantasztikum vil\u00e1ga is. A meg\u00fajult m\u00fazeum \u00edgy nemcsak k\u00fcls\u0151leg, hanem szeml\u00e9let\u00e9ben is friss arculattal v\u00e1rja a l\u00e1togat\u00f3kat.<\/p>\n","protected":false},"excerpt":{"rendered":"<p>M\u00e1sf\u00e9l \u00e9vig tart\u00f3 fel\u00faj\u00edt\u00e1st k\u00f6vet\u0151en febru\u00e1r 14-\u00e9n \u00fajra megnyitotta kapuit a p\u00e1rizsi Mus\u00e9e de la Vie Romantique. A l\u00e1togat\u00f3kat m\u00e1r az \u00e9p\u00fclet k\u00fclseje is meglepheti, hiszen az egykori mandulaz\u00f6ld spalett\u00e1k hely\u00e9t eleg\u00e1ns barna \u00e1rnyalat v\u00e1ltotta fel, amely az \u00e9vsz\u00e1zados f\u00e1kkal \u00f6vezett kert m\u00e9ly\u00e9n \u00e1ll\u00f3, k\u00e9tszintes h\u00e1znak olaszos villahangulatot k\u00f6lcs\u00f6n\u00f6z. A faelemek \u00e9s az ablakkeretek eset\u00e9ben [&hellip;]<\/p>\n","protected":false},"author":1,"featured_media":1988,"comment_status":"open","ping_status":"open","sticky":false,"template":"","format":"standard","meta":{"footnotes":""},"categories":[1,29],"tags":[],"class_list":["post-1985","post","type-post","status-publish","format-standard","has-post-thumbnail","hentry","category-hirek","category-kultura"],"yoast_head":"<!-- This site is optimized with the Yoast SEO plugin v20.13 - https:\/\/yoast.com\/wordpress\/plugins\/seo\/ -->\n<title>\u00dajra nyitva a romantika m\u00fazeuma P\u00e1rizsban - Francespiration<\/title>\n<meta name=\"description\" content=\"M\u00e1sf\u00e9l \u00e9vig tart\u00f3 fel\u00faj\u00edt\u00e1st k\u00f6vet\u0151en febru\u00e1r 14-\u00e9n \u00fajra megnyitotta kapuit a p\u00e1rizsi Mus\u00e9e de la Vie Romantique.\" \/>\n<meta name=\"robots\" content=\"index, follow, max-snippet:-1, max-image-preview:large, max-video-preview:-1\" \/>\n<link rel=\"canonical\" href=\"https:\/\/www.francespiration.com\/index.php\/2026\/02\/26\/ujra-nyitva-a-romantika-muzeuma-parizsban\/\" \/>\n<meta property=\"og:locale\" content=\"hu_HU\" \/>\n<meta property=\"og:type\" content=\"article\" \/>\n<meta property=\"og:title\" content=\"\u00dajra nyitva a romantika m\u00fazeuma P\u00e1rizsban - Francespiration\" \/>\n<meta property=\"og:description\" content=\"M\u00e1sf\u00e9l \u00e9vig tart\u00f3 fel\u00faj\u00edt\u00e1st k\u00f6vet\u0151en febru\u00e1r 14-\u00e9n \u00fajra megnyitotta kapuit a p\u00e1rizsi Mus\u00e9e de la Vie Romantique.\" \/>\n<meta property=\"og:url\" content=\"https:\/\/www.francespiration.com\/index.php\/2026\/02\/26\/ujra-nyitva-a-romantika-muzeuma-parizsban\/\" \/>\n<meta property=\"og:site_name\" content=\"Francespiration\" \/>\n<meta property=\"article:published_time\" content=\"2026-02-26T07:00:19+00:00\" \/>\n<meta property=\"article:modified_time\" content=\"2026-02-26T07:17:57+00:00\" \/>\n<meta property=\"og:image\" content=\"https:\/\/www.francespiration.com\/wp-content\/uploads\/2026\/02\/romantika-muzeum-belso.jpg\" \/>\n\t<meta property=\"og:image:width\" content=\"2048\" \/>\n\t<meta property=\"og:image:height\" content=\"1365\" \/>\n\t<meta property=\"og:image:type\" content=\"image\/jpeg\" \/>\n<meta name=\"author\" content=\"Sz\u00f6ll\u0151si T\u00edmea\" \/>\n<meta name=\"twitter:card\" content=\"summary_large_image\" \/>\n<meta name=\"twitter:label1\" content=\"Szerz\u0151:\" \/>\n\t<meta name=\"twitter:data1\" content=\"Sz\u00f6ll\u0151si T\u00edmea\" \/>\n\t<meta name=\"twitter:label2\" content=\"Becs\u00fclt olvas\u00e1si id\u0151\" \/>\n\t<meta name=\"twitter:data2\" content=\"2 perc\" \/>\n<script type=\"application\/ld+json\" class=\"yoast-schema-graph\">{\"@context\":\"https:\/\/schema.org\",\"@graph\":[{\"@type\":\"Article\",\"@id\":\"https:\/\/www.francespiration.com\/index.php\/2026\/02\/26\/ujra-nyitva-a-romantika-muzeuma-parizsban\/#article\",\"isPartOf\":{\"@id\":\"https:\/\/www.francespiration.com\/index.php\/2026\/02\/26\/ujra-nyitva-a-romantika-muzeuma-parizsban\/\"},\"author\":{\"name\":\"Sz\u00f6ll\u0151si T\u00edmea\",\"@id\":\"https:\/\/www.francespiration.com\/#\/schema\/person\/83f3dc20d791bfb54664f7e0287501fa\"},\"headline\":\"\u00dajra nyitva a romantika m\u00fazeuma P\u00e1rizsban\",\"datePublished\":\"2026-02-26T07:00:19+00:00\",\"dateModified\":\"2026-02-26T07:17:57+00:00\",\"mainEntityOfPage\":{\"@id\":\"https:\/\/www.francespiration.com\/index.php\/2026\/02\/26\/ujra-nyitva-a-romantika-muzeuma-parizsban\/\"},\"wordCount\":401,\"commentCount\":0,\"publisher\":{\"@id\":\"https:\/\/www.francespiration.com\/#organization\"},\"articleSection\":[\"H\u00cdREK\",\"KULT\u00daRA\"],\"inLanguage\":\"hu\",\"potentialAction\":[{\"@type\":\"CommentAction\",\"name\":\"Comment\",\"target\":[\"https:\/\/www.francespiration.com\/index.php\/2026\/02\/26\/ujra-nyitva-a-romantika-muzeuma-parizsban\/#respond\"]}]},{\"@type\":\"WebPage\",\"@id\":\"https:\/\/www.francespiration.com\/index.php\/2026\/02\/26\/ujra-nyitva-a-romantika-muzeuma-parizsban\/\",\"url\":\"https:\/\/www.francespiration.com\/index.php\/2026\/02\/26\/ujra-nyitva-a-romantika-muzeuma-parizsban\/\",\"name\":\"\u00dajra nyitva a romantika m\u00fazeuma P\u00e1rizsban - Francespiration\",\"isPartOf\":{\"@id\":\"https:\/\/www.francespiration.com\/#website\"},\"datePublished\":\"2026-02-26T07:00:19+00:00\",\"dateModified\":\"2026-02-26T07:17:57+00:00\",\"description\":\"M\u00e1sf\u00e9l \u00e9vig tart\u00f3 fel\u00faj\u00edt\u00e1st k\u00f6vet\u0151en febru\u00e1r 14-\u00e9n \u00fajra megnyitotta kapuit a p\u00e1rizsi Mus\u00e9e de la Vie Romantique.\",\"breadcrumb\":{\"@id\":\"https:\/\/www.francespiration.com\/index.php\/2026\/02\/26\/ujra-nyitva-a-romantika-muzeuma-parizsban\/#breadcrumb\"},\"inLanguage\":\"hu\",\"potentialAction\":[{\"@type\":\"ReadAction\",\"target\":[\"https:\/\/www.francespiration.com\/index.php\/2026\/02\/26\/ujra-nyitva-a-romantika-muzeuma-parizsban\/\"]}]},{\"@type\":\"BreadcrumbList\",\"@id\":\"https:\/\/www.francespiration.com\/index.php\/2026\/02\/26\/ujra-nyitva-a-romantika-muzeuma-parizsban\/#breadcrumb\",\"itemListElement\":[{\"@type\":\"ListItem\",\"position\":1,\"name\":\"Kezd\u0151lap\",\"item\":\"https:\/\/www.francespiration.com\/\"},{\"@type\":\"ListItem\",\"position\":2,\"name\":\"\u00dajra nyitva a romantika m\u00fazeuma P\u00e1rizsban\"}]},{\"@type\":\"WebSite\",\"@id\":\"https:\/\/www.francespiration.com\/#website\",\"url\":\"https:\/\/www.francespiration.com\/\",\"name\":\"Francespiration\",\"description\":\"Just another WordPress site\",\"publisher\":{\"@id\":\"https:\/\/www.francespiration.com\/#organization\"},\"potentialAction\":[{\"@type\":\"SearchAction\",\"target\":{\"@type\":\"EntryPoint\",\"urlTemplate\":\"https:\/\/www.francespiration.com\/?s={search_term_string}\"},\"query-input\":\"required name=search_term_string\"}],\"inLanguage\":\"hu\"},{\"@type\":\"Organization\",\"@id\":\"https:\/\/www.francespiration.com\/#organization\",\"name\":\"Francespiration\",\"url\":\"https:\/\/www.francespiration.com\/\",\"logo\":{\"@type\":\"ImageObject\",\"inLanguage\":\"hu\",\"@id\":\"https:\/\/www.francespiration.com\/#\/schema\/logo\/image\/\",\"url\":\"https:\/\/www.francespiration.com\/wp-content\/uploads\/2022\/09\/4d-also-scaled.jpg\",\"contentUrl\":\"https:\/\/www.francespiration.com\/wp-content\/uploads\/2022\/09\/4d-also-scaled.jpg\",\"width\":2560,\"height\":913,\"caption\":\"Francespiration\"},\"image\":{\"@id\":\"https:\/\/www.francespiration.com\/#\/schema\/logo\/image\/\"}},{\"@type\":\"Person\",\"@id\":\"https:\/\/www.francespiration.com\/#\/schema\/person\/83f3dc20d791bfb54664f7e0287501fa\",\"name\":\"Sz\u00f6ll\u0151si T\u00edmea\",\"image\":{\"@type\":\"ImageObject\",\"inLanguage\":\"hu\",\"@id\":\"https:\/\/www.francespiration.com\/#\/schema\/person\/image\/\",\"url\":\"https:\/\/secure.gravatar.com\/avatar\/1fd2e7bebd99ada3a170be066229da8dce9b7f9ba3748e0b659e39e5f31eb56a?s=96&d=mm&r=g\",\"contentUrl\":\"https:\/\/secure.gravatar.com\/avatar\/1fd2e7bebd99ada3a170be066229da8dce9b7f9ba3748e0b659e39e5f31eb56a?s=96&d=mm&r=g\",\"caption\":\"Sz\u00f6ll\u0151si T\u00edmea\"},\"sameAs\":[\"https:\/\/www.francespiration.com\"],\"url\":\"https:\/\/www.francespiration.com\/index.php\/author\/szollotimi\/\"}]}<\/script>\n<!-- \/ Yoast SEO plugin. -->","yoast_head_json":{"title":"\u00dajra nyitva a romantika m\u00fazeuma P\u00e1rizsban - Francespiration","description":"M\u00e1sf\u00e9l \u00e9vig tart\u00f3 fel\u00faj\u00edt\u00e1st k\u00f6vet\u0151en febru\u00e1r 14-\u00e9n \u00fajra megnyitotta kapuit a p\u00e1rizsi Mus\u00e9e de la Vie Romantique.","robots":{"index":"index","follow":"follow","max-snippet":"max-snippet:-1","max-image-preview":"max-image-preview:large","max-video-preview":"max-video-preview:-1"},"canonical":"https:\/\/www.francespiration.com\/index.php\/2026\/02\/26\/ujra-nyitva-a-romantika-muzeuma-parizsban\/","og_locale":"hu_HU","og_type":"article","og_title":"\u00dajra nyitva a romantika m\u00fazeuma P\u00e1rizsban - Francespiration","og_description":"M\u00e1sf\u00e9l \u00e9vig tart\u00f3 fel\u00faj\u00edt\u00e1st k\u00f6vet\u0151en febru\u00e1r 14-\u00e9n \u00fajra megnyitotta kapuit a p\u00e1rizsi Mus\u00e9e de la Vie Romantique.","og_url":"https:\/\/www.francespiration.com\/index.php\/2026\/02\/26\/ujra-nyitva-a-romantika-muzeuma-parizsban\/","og_site_name":"Francespiration","article_published_time":"2026-02-26T07:00:19+00:00","article_modified_time":"2026-02-26T07:17:57+00:00","og_image":[{"width":2048,"height":1365,"url":"https:\/\/www.francespiration.com\/wp-content\/uploads\/2026\/02\/romantika-muzeum-belso.jpg","type":"image\/jpeg"}],"author":"Sz\u00f6ll\u0151si T\u00edmea","twitter_card":"summary_large_image","twitter_misc":{"Szerz\u0151:":"Sz\u00f6ll\u0151si T\u00edmea","Becs\u00fclt olvas\u00e1si id\u0151":"2 perc"},"schema":{"@context":"https:\/\/schema.org","@graph":[{"@type":"Article","@id":"https:\/\/www.francespiration.com\/index.php\/2026\/02\/26\/ujra-nyitva-a-romantika-muzeuma-parizsban\/#article","isPartOf":{"@id":"https:\/\/www.francespiration.com\/index.php\/2026\/02\/26\/ujra-nyitva-a-romantika-muzeuma-parizsban\/"},"author":{"name":"Sz\u00f6ll\u0151si T\u00edmea","@id":"https:\/\/www.francespiration.com\/#\/schema\/person\/83f3dc20d791bfb54664f7e0287501fa"},"headline":"\u00dajra nyitva a romantika m\u00fazeuma P\u00e1rizsban","datePublished":"2026-02-26T07:00:19+00:00","dateModified":"2026-02-26T07:17:57+00:00","mainEntityOfPage":{"@id":"https:\/\/www.francespiration.com\/index.php\/2026\/02\/26\/ujra-nyitva-a-romantika-muzeuma-parizsban\/"},"wordCount":401,"commentCount":0,"publisher":{"@id":"https:\/\/www.francespiration.com\/#organization"},"articleSection":["H\u00cdREK","KULT\u00daRA"],"inLanguage":"hu","potentialAction":[{"@type":"CommentAction","name":"Comment","target":["https:\/\/www.francespiration.com\/index.php\/2026\/02\/26\/ujra-nyitva-a-romantika-muzeuma-parizsban\/#respond"]}]},{"@type":"WebPage","@id":"https:\/\/www.francespiration.com\/index.php\/2026\/02\/26\/ujra-nyitva-a-romantika-muzeuma-parizsban\/","url":"https:\/\/www.francespiration.com\/index.php\/2026\/02\/26\/ujra-nyitva-a-romantika-muzeuma-parizsban\/","name":"\u00dajra nyitva a romantika m\u00fazeuma P\u00e1rizsban - Francespiration","isPartOf":{"@id":"https:\/\/www.francespiration.com\/#website"},"datePublished":"2026-02-26T07:00:19+00:00","dateModified":"2026-02-26T07:17:57+00:00","description":"M\u00e1sf\u00e9l \u00e9vig tart\u00f3 fel\u00faj\u00edt\u00e1st k\u00f6vet\u0151en febru\u00e1r 14-\u00e9n \u00fajra megnyitotta kapuit a p\u00e1rizsi Mus\u00e9e de la Vie Romantique.","breadcrumb":{"@id":"https:\/\/www.francespiration.com\/index.php\/2026\/02\/26\/ujra-nyitva-a-romantika-muzeuma-parizsban\/#breadcrumb"},"inLanguage":"hu","potentialAction":[{"@type":"ReadAction","target":["https:\/\/www.francespiration.com\/index.php\/2026\/02\/26\/ujra-nyitva-a-romantika-muzeuma-parizsban\/"]}]},{"@type":"BreadcrumbList","@id":"https:\/\/www.francespiration.com\/index.php\/2026\/02\/26\/ujra-nyitva-a-romantika-muzeuma-parizsban\/#breadcrumb","itemListElement":[{"@type":"ListItem","position":1,"name":"Kezd\u0151lap","item":"https:\/\/www.francespiration.com\/"},{"@type":"ListItem","position":2,"name":"\u00dajra nyitva a romantika m\u00fazeuma P\u00e1rizsban"}]},{"@type":"WebSite","@id":"https:\/\/www.francespiration.com\/#website","url":"https:\/\/www.francespiration.com\/","name":"Francespiration","description":"Just another WordPress site","publisher":{"@id":"https:\/\/www.francespiration.com\/#organization"},"potentialAction":[{"@type":"SearchAction","target":{"@type":"EntryPoint","urlTemplate":"https:\/\/www.francespiration.com\/?s={search_term_string}"},"query-input":"required name=search_term_string"}],"inLanguage":"hu"},{"@type":"Organization","@id":"https:\/\/www.francespiration.com\/#organization","name":"Francespiration","url":"https:\/\/www.francespiration.com\/","logo":{"@type":"ImageObject","inLanguage":"hu","@id":"https:\/\/www.francespiration.com\/#\/schema\/logo\/image\/","url":"https:\/\/www.francespiration.com\/wp-content\/uploads\/2022\/09\/4d-also-scaled.jpg","contentUrl":"https:\/\/www.francespiration.com\/wp-content\/uploads\/2022\/09\/4d-also-scaled.jpg","width":2560,"height":913,"caption":"Francespiration"},"image":{"@id":"https:\/\/www.francespiration.com\/#\/schema\/logo\/image\/"}},{"@type":"Person","@id":"https:\/\/www.francespiration.com\/#\/schema\/person\/83f3dc20d791bfb54664f7e0287501fa","name":"Sz\u00f6ll\u0151si T\u00edmea","image":{"@type":"ImageObject","inLanguage":"hu","@id":"https:\/\/www.francespiration.com\/#\/schema\/person\/image\/","url":"https:\/\/secure.gravatar.com\/avatar\/1fd2e7bebd99ada3a170be066229da8dce9b7f9ba3748e0b659e39e5f31eb56a?s=96&d=mm&r=g","contentUrl":"https:\/\/secure.gravatar.com\/avatar\/1fd2e7bebd99ada3a170be066229da8dce9b7f9ba3748e0b659e39e5f31eb56a?s=96&d=mm&r=g","caption":"Sz\u00f6ll\u0151si T\u00edmea"},"sameAs":["https:\/\/www.francespiration.com"],"url":"https:\/\/www.francespiration.com\/index.php\/author\/szollotimi\/"}]}},"_links":{"self":[{"href":"https:\/\/www.francespiration.com\/index.php\/wp-json\/wp\/v2\/posts\/1985","targetHints":{"allow":["GET"]}}],"collection":[{"href":"https:\/\/www.francespiration.com\/index.php\/wp-json\/wp\/v2\/posts"}],"about":[{"href":"https:\/\/www.francespiration.com\/index.php\/wp-json\/wp\/v2\/types\/post"}],"author":[{"embeddable":true,"href":"https:\/\/www.francespiration.com\/index.php\/wp-json\/wp\/v2\/users\/1"}],"replies":[{"embeddable":true,"href":"https:\/\/www.francespiration.com\/index.php\/wp-json\/wp\/v2\/comments?post=1985"}],"version-history":[{"count":1,"href":"https:\/\/www.francespiration.com\/index.php\/wp-json\/wp\/v2\/posts\/1985\/revisions"}],"predecessor-version":[{"id":1989,"href":"https:\/\/www.francespiration.com\/index.php\/wp-json\/wp\/v2\/posts\/1985\/revisions\/1989"}],"wp:featuredmedia":[{"embeddable":true,"href":"https:\/\/www.francespiration.com\/index.php\/wp-json\/wp\/v2\/media\/1988"}],"wp:attachment":[{"href":"https:\/\/www.francespiration.com\/index.php\/wp-json\/wp\/v2\/media?parent=1985"}],"wp:term":[{"taxonomy":"category","embeddable":true,"href":"https:\/\/www.francespiration.com\/index.php\/wp-json\/wp\/v2\/categories?post=1985"},{"taxonomy":"post_tag","embeddable":true,"href":"https:\/\/www.francespiration.com\/index.php\/wp-json\/wp\/v2\/tags?post=1985"}],"curies":[{"name":"wp","href":"https:\/\/api.w.org\/{rel}","templated":true}]}}