{"id":1990,"date":"2026-02-26T07:15:41","date_gmt":"2026-02-26T07:15:41","guid":{"rendered":"https:\/\/www.francespiration.com\/?p=1990"},"modified":"2026-02-26T07:15:42","modified_gmt":"2026-02-26T07:15:42","slug":"vezetovaltas-a-louvre-elen","status":"publish","type":"post","link":"https:\/\/www.francespiration.com\/index.php\/2026\/02\/26\/vezetovaltas-a-louvre-elen\/","title":{"rendered":"Vezet\u0151v\u00e1lt\u00e1s a Louvre \u00e9l\u00e9n"},"content":{"rendered":"\n<p>\u00c9kszerrabl\u00e1s, sztr\u00e1jk, jegy\u00e9rt\u00e9kes\u00edt\u00e9si csal\u00e1s&#8230; \u00e9s egy \u00faj vezet\u0151 a vil\u00e1g legh\u00edresebb m\u00fazeum\u00e1ban.<\/p>\n\n\n\n<p>Az elm\u00falt h\u00f3napok esem\u00e9nyei p\u00e9ld\u00e1tlan v\u00e1ls\u00e1ghelyzetbe sodort\u00e1k a Louvre-ot, amely egyszerre k\u00fczd s\u00falyos biztons\u00e1gi, infrastruktur\u00e1lis \u00e9s munka\u00fcgyi probl\u00e9m\u00e1kkal. A vil\u00e1g egyik legismertebb m\u00fazeuma k\u00f6r\u00fcl kibontakoz\u00f3 kr\u00edzis nemcsak az int\u00e9zm\u00e9ny m\u0171k\u00f6d\u00e9s\u00e9t rend\u00edtette meg, hanem vezet\u0151v\u00e1lt\u00e1shoz is vezetett, der\u00fclt ki a<a href=\"https:\/\/turizmusonline.hu\/cikkek\/kulfold\/a-versailles-i-kastelybol-igazolt-uj-vezetot-a-louvre.html\"> turizmusonline.hu<\/a> cikk\u00e9b\u0151l.<\/p>\n\n\n\n<p>2025. okt\u00f3ber 19-\u00e9n f\u00e9nyes nappal, n\u00e9h\u00e1ny perc alatt 88 milli\u00f3 eur\u00f3 \u00e9rt\u00e9k\u0171 korona\u00e9kszert tulajdon\u00edtottak el az Apoll\u00f3 Gal\u00e9ria t\u00e1rl\u00f3ib\u00f3l. Az eset komoly k\u00e9rd\u00e9seket vetett fel a m\u00fazeum biztons\u00e1gi rendszer\u00e9vel kapcsolatban \u2013 k\u00fcl\u00f6n\u00f6sen annak f\u00e9ny\u00e9ben, hogy a kor\u00e1bbi eln\u00f6k, Laurence des Cars csak a bet\u00f6r\u00e9st k\u00f6vet\u0151en \u00e9rtes\u00fclt egy jelent\u00e9sr\u0151l, amely m\u00e1r kor\u00e1bban figyelmeztetett a ki\u00e1ll\u00edt\u00f3t\u00e9r el\u00e9gtelen biztos\u00edt\u00e1s\u00e1ra.<\/p>\n\n\n\n<figure class=\"wp-block-image size-large\"><img loading=\"lazy\" decoding=\"async\" width=\"1024\" height=\"682\" src=\"https:\/\/www.francespiration.com\/wp-content\/uploads\/2026\/02\/matt_86-louvre-5767708_1280-1024x682.jpg\" alt=\"\" class=\"wp-image-1991\" srcset=\"https:\/\/www.francespiration.com\/wp-content\/uploads\/2026\/02\/matt_86-louvre-5767708_1280-1024x682.jpg 1024w, https:\/\/www.francespiration.com\/wp-content\/uploads\/2026\/02\/matt_86-louvre-5767708_1280-300x200.jpg 300w, https:\/\/www.francespiration.com\/wp-content\/uploads\/2026\/02\/matt_86-louvre-5767708_1280-768x512.jpg 768w, https:\/\/www.francespiration.com\/wp-content\/uploads\/2026\/02\/matt_86-louvre-5767708_1280.jpg 1280w\" sizes=\"auto, (max-width: 1024px) 100vw, 1024px\" \/><figcaption class=\"wp-element-caption\">Pixabay.com<\/figcaption><\/figure>\n\n\n\n<p>&#8222;A bet\u00f6r\u00e9st k\u00f6vet\u0151 napokban Laurence Des Cars elismerte, hogy a Louvre k\u00fcls\u0151 ter\u00fclet\u00e9n m\u0171k\u00f6d\u0151 t\u00e9rfigyel\u0151 kamerarendszer gyenge \u00e9s \u201eel\u00f6regedett\u201d volt, r\u00e1ad\u00e1sul az egyetlen kamera, amely azon a k\u00fcls\u0151 falr\u00e9szen m\u0171k\u00f6d\u00f6tt, ahol a tolvajok behatoltak, nem\u00a0az \u00e9kszereket \u0151rz\u0151 Apoll\u00f3 Gal\u00e9ri\u00e1hoz vezet\u0151 erk\u00e9lyre n\u00e9zett&#8221; &#8211; fogalmaz a cikk.<\/p>\n\n\n\n<p>A neh\u00e9zs\u00e9gek sora ezzel nem \u00e9rt v\u00e9get. Novemberben az \u00f3kori g\u00f6r\u00f6g m\u0171kincseket bemutat\u00f3 Campana Gal\u00e9ri\u00e1t kellett lez\u00e1rni a f\u00f6d\u00e9mgerend\u00e1k meggyeng\u00fcl\u00e9se miatt, majd december 15-t\u0151l a dolgoz\u00f3k hat\u00e1rozatlan idej\u0171 sztr\u00e1jkba l\u00e9ptek, roml\u00f3 munkak\u00f6r\u00fclm\u00e9nyeikre \u00e9s az el\u00e9gtelen forr\u00e1sokra hivatkozva. A munkabesz\u00fcntet\u00e9s eddig n\u00e9gy alkalommal k\u00e9nyszer\u00edtette z\u00e1rva tart\u00e1sra a m\u00fazeumot, mintegy k\u00e9tmilli\u00f3 eur\u00f3s bev\u00e9telkies\u00e9st okozva.<\/p>\n\n\n\n<p>Febru\u00e1rban \u00fajabb csap\u00e1s \u00e9rte az int\u00e9zm\u00e9nyt: a rend\u0151rs\u00e9g sz\u00e9lesk\u00f6r\u0171 jegy\u00e9rt\u00e9kes\u00edt\u00e9si csal\u00e1st leplezett le, amely t\u00f6bb mint 10 milli\u00f3 eur\u00f3s k\u00e1rt okozott. Kilenc gyan\u00fas\u00edtottat \u00e1ll\u00edtottak el\u0151, k\u00f6zt\u00fck a m\u00fazeum k\u00e9t alkalmazottj\u00e1t is. N\u00e9h\u00e1ny nappal k\u00e9s\u0151bb cs\u0151t\u00f6r\u00e9s miatt \u00fajabb termeket kellett lez\u00e1rni.<\/p>\n\n\n\n<p>A kialakult helyzetben a Louvre els\u0151 n\u0151i igazgat\u00f3ja lemondott, \u00e9s Christophe Leribault vette \u00e1t a vezet\u00e9st, akinek els\u0151dleges feladata az int\u00e9zm\u00e9ny \u201ebiztos\u00edt\u00e1sa \u00e9s moderniz\u00e1l\u00e1sa\u201d. Leribault komoly m\u00fazeumigazgat\u00f3i tapasztalattal \u00e9rkezik: kor\u00e1bban t\u00f6bb p\u00e1rizsi int\u00e9zm\u00e9nyt ir\u00e1ny\u00edtott, k\u00f6zt\u00fck a Petit Palais-t \u00e9s az Mus\u00e9e d&#8217;Orsay-t, valamint a versailles-i kast\u00e9ly \u00e9l\u00e9n is \u00e1llt.<\/p>\n\n\n\n<h2 class=\"wp-block-heading\">A v\u00e1ls\u00e1g el\u0151jelei m\u00e1r kor\u00e1bban is l\u00e1that\u00f3k voltak <\/h2>\n\n\n\n<p>Des Cars 2023-ban figyelmeztette a fel\u00fcgyeleti szerveket a Louvre \u201eaggaszt\u00f3an elavult\u201d \u00e9p\u00fclet\u00e1llom\u00e1ny\u00e1ra, amit 2025 janu\u00e1rj\u00e1ban a kultur\u00e1lis miniszternek, Rachida Dati-nak k\u00fcld\u00f6tt bizalmas feljegyz\u00e9s\u00e9ben is meger\u0151s\u00edtett. T\u00e1voz\u00e1sa ut\u00e1n \u00fagy fogalmazott: az elm\u00falt id\u0151szak \u201ea mag\u00e1ny id\u0151szaka\u201d volt sz\u00e1m\u00e1ra, amelyben igyekezett megv\u00e9deni az int\u00e9zm\u00e9nyt a t\u00e1mad\u00e1sokt\u00f3l \u00e9s a f\u00e9lret\u00e1j\u00e9koztat\u00e1st\u00f3l.<\/p>\n\n\n\n<p>Az \u00faj eln\u00f6k feladata nem csup\u00e1n a m\u0171k\u00f6d\u00e9s stabiliz\u00e1l\u00e1sa, hanem a nagyszab\u00e1s\u00fa, \u201eLouvre \u00daj Renesz\u00e1nsza\u201d n\u00e9vre keresztelt, mintegy egymilli\u00e1rd eur\u00f3s \u00e1t\u00e9p\u00edt\u00e9si projekt folytat\u00e1sa is. Emellett helyre kell \u00e1ll\u00edtania a bizalmat a szem\u00e9lyzet \u00e9s a szakszervezetek ir\u00e1ny\u00e1ba, \u00e9s \u00fajra kell ind\u00edtania a t\u00e1rsadalmi p\u00e1rbesz\u00e9det egy olyan int\u00e9zm\u00e9nyben, amelyet az elm\u00falt h\u00f3napok botr\u00e1nyai \u00e9s vesztes\u00e9gei m\u00e9lyen megrend\u00edtettek.<\/p>\n\n\n\n<p><\/p>\n","protected":false},"excerpt":{"rendered":"<p>\u00c9kszerrabl\u00e1s, sztr\u00e1jk, jegy\u00e9rt\u00e9kes\u00edt\u00e9si csal\u00e1s&#8230; \u00e9s egy \u00faj vezet\u0151 a vil\u00e1g legh\u00edresebb m\u00fazeum\u00e1ban. Az elm\u00falt h\u00f3napok esem\u00e9nyei p\u00e9ld\u00e1tlan v\u00e1ls\u00e1ghelyzetbe sodort\u00e1k a Louvre-ot, amely egyszerre k\u00fczd s\u00falyos biztons\u00e1gi, infrastruktur\u00e1lis \u00e9s munka\u00fcgyi probl\u00e9m\u00e1kkal. A vil\u00e1g egyik legismertebb m\u00fazeuma k\u00f6r\u00fcl kibontakoz\u00f3 kr\u00edzis nemcsak az int\u00e9zm\u00e9ny m\u0171k\u00f6d\u00e9s\u00e9t rend\u00edtette meg, hanem vezet\u0151v\u00e1lt\u00e1shoz is vezetett, der\u00fclt ki a turizmusonline.hu cikk\u00e9b\u0151l. 2025. okt\u00f3ber [&hellip;]<\/p>\n","protected":false},"author":1,"featured_media":1991,"comment_status":"open","ping_status":"open","sticky":false,"template":"","format":"standard","meta":{"footnotes":""},"categories":[1,29],"tags":[],"class_list":["post-1990","post","type-post","status-publish","format-standard","has-post-thumbnail","hentry","category-hirek","category-kultura"],"yoast_head":"<!-- This site is optimized with the Yoast SEO plugin v20.13 - https:\/\/yoast.com\/wordpress\/plugins\/seo\/ -->\n<title>Vezet\u0151v\u00e1lt\u00e1s a Louvre \u00e9l\u00e9n - Francespiration<\/title>\n<meta name=\"description\" content=\"Az elm\u00falt h\u00f3napok esem\u00e9nyei p\u00e9ld\u00e1tlan v\u00e1ls\u00e1ghelyzetbe sodort\u00e1k a Louvre-ot, most vezet\u0151v\u00e1lt\u00e1sra ker\u00fclt sor.\" \/>\n<meta name=\"robots\" content=\"index, follow, max-snippet:-1, max-image-preview:large, max-video-preview:-1\" \/>\n<link rel=\"canonical\" href=\"https:\/\/www.francespiration.com\/index.php\/2026\/02\/26\/vezetovaltas-a-louvre-elen\/\" \/>\n<meta property=\"og:locale\" content=\"hu_HU\" \/>\n<meta property=\"og:type\" content=\"article\" \/>\n<meta property=\"og:title\" content=\"Vezet\u0151v\u00e1lt\u00e1s a Louvre \u00e9l\u00e9n - Francespiration\" \/>\n<meta property=\"og:description\" content=\"Az elm\u00falt h\u00f3napok esem\u00e9nyei p\u00e9ld\u00e1tlan v\u00e1ls\u00e1ghelyzetbe sodort\u00e1k a Louvre-ot, most vezet\u0151v\u00e1lt\u00e1sra ker\u00fclt sor.\" \/>\n<meta property=\"og:url\" content=\"https:\/\/www.francespiration.com\/index.php\/2026\/02\/26\/vezetovaltas-a-louvre-elen\/\" \/>\n<meta property=\"og:site_name\" content=\"Francespiration\" \/>\n<meta property=\"article:published_time\" content=\"2026-02-26T07:15:41+00:00\" \/>\n<meta property=\"article:modified_time\" content=\"2026-02-26T07:15:42+00:00\" \/>\n<meta property=\"og:image\" content=\"https:\/\/www.francespiration.com\/wp-content\/uploads\/2026\/02\/matt_86-louvre-5767708_1280.jpg\" \/>\n\t<meta property=\"og:image:width\" content=\"1280\" \/>\n\t<meta property=\"og:image:height\" content=\"853\" \/>\n\t<meta property=\"og:image:type\" content=\"image\/jpeg\" \/>\n<meta name=\"author\" content=\"Sz\u00f6ll\u0151si T\u00edmea\" \/>\n<meta name=\"twitter:card\" content=\"summary_large_image\" \/>\n<meta name=\"twitter:label1\" content=\"Szerz\u0151:\" \/>\n\t<meta name=\"twitter:data1\" content=\"Sz\u00f6ll\u0151si T\u00edmea\" \/>\n\t<meta name=\"twitter:label2\" content=\"Becs\u00fclt olvas\u00e1si id\u0151\" \/>\n\t<meta name=\"twitter:data2\" content=\"3 perc\" \/>\n<script type=\"application\/ld+json\" class=\"yoast-schema-graph\">{\"@context\":\"https:\/\/schema.org\",\"@graph\":[{\"@type\":\"Article\",\"@id\":\"https:\/\/www.francespiration.com\/index.php\/2026\/02\/26\/vezetovaltas-a-louvre-elen\/#article\",\"isPartOf\":{\"@id\":\"https:\/\/www.francespiration.com\/index.php\/2026\/02\/26\/vezetovaltas-a-louvre-elen\/\"},\"author\":{\"name\":\"Sz\u00f6ll\u0151si T\u00edmea\",\"@id\":\"https:\/\/www.francespiration.com\/#\/schema\/person\/83f3dc20d791bfb54664f7e0287501fa\"},\"headline\":\"Vezet\u0151v\u00e1lt\u00e1s a Louvre \u00e9l\u00e9n\",\"datePublished\":\"2026-02-26T07:15:41+00:00\",\"dateModified\":\"2026-02-26T07:15:42+00:00\",\"mainEntityOfPage\":{\"@id\":\"https:\/\/www.francespiration.com\/index.php\/2026\/02\/26\/vezetovaltas-a-louvre-elen\/\"},\"wordCount\":686,\"commentCount\":0,\"publisher\":{\"@id\":\"https:\/\/www.francespiration.com\/#organization\"},\"articleSection\":[\"H\u00cdREK\",\"KULT\u00daRA\"],\"inLanguage\":\"hu\",\"potentialAction\":[{\"@type\":\"CommentAction\",\"name\":\"Comment\",\"target\":[\"https:\/\/www.francespiration.com\/index.php\/2026\/02\/26\/vezetovaltas-a-louvre-elen\/#respond\"]}]},{\"@type\":\"WebPage\",\"@id\":\"https:\/\/www.francespiration.com\/index.php\/2026\/02\/26\/vezetovaltas-a-louvre-elen\/\",\"url\":\"https:\/\/www.francespiration.com\/index.php\/2026\/02\/26\/vezetovaltas-a-louvre-elen\/\",\"name\":\"Vezet\u0151v\u00e1lt\u00e1s a Louvre \u00e9l\u00e9n - Francespiration\",\"isPartOf\":{\"@id\":\"https:\/\/www.francespiration.com\/#website\"},\"datePublished\":\"2026-02-26T07:15:41+00:00\",\"dateModified\":\"2026-02-26T07:15:42+00:00\",\"description\":\"Az elm\u00falt h\u00f3napok esem\u00e9nyei p\u00e9ld\u00e1tlan v\u00e1ls\u00e1ghelyzetbe sodort\u00e1k a Louvre-ot, most vezet\u0151v\u00e1lt\u00e1sra ker\u00fclt sor.\",\"breadcrumb\":{\"@id\":\"https:\/\/www.francespiration.com\/index.php\/2026\/02\/26\/vezetovaltas-a-louvre-elen\/#breadcrumb\"},\"inLanguage\":\"hu\",\"potentialAction\":[{\"@type\":\"ReadAction\",\"target\":[\"https:\/\/www.francespiration.com\/index.php\/2026\/02\/26\/vezetovaltas-a-louvre-elen\/\"]}]},{\"@type\":\"BreadcrumbList\",\"@id\":\"https:\/\/www.francespiration.com\/index.php\/2026\/02\/26\/vezetovaltas-a-louvre-elen\/#breadcrumb\",\"itemListElement\":[{\"@type\":\"ListItem\",\"position\":1,\"name\":\"Kezd\u0151lap\",\"item\":\"https:\/\/www.francespiration.com\/\"},{\"@type\":\"ListItem\",\"position\":2,\"name\":\"Vezet\u0151v\u00e1lt\u00e1s a Louvre \u00e9l\u00e9n\"}]},{\"@type\":\"WebSite\",\"@id\":\"https:\/\/www.francespiration.com\/#website\",\"url\":\"https:\/\/www.francespiration.com\/\",\"name\":\"Francespiration\",\"description\":\"Just another WordPress site\",\"publisher\":{\"@id\":\"https:\/\/www.francespiration.com\/#organization\"},\"potentialAction\":[{\"@type\":\"SearchAction\",\"target\":{\"@type\":\"EntryPoint\",\"urlTemplate\":\"https:\/\/www.francespiration.com\/?s={search_term_string}\"},\"query-input\":\"required name=search_term_string\"}],\"inLanguage\":\"hu\"},{\"@type\":\"Organization\",\"@id\":\"https:\/\/www.francespiration.com\/#organization\",\"name\":\"Francespiration\",\"url\":\"https:\/\/www.francespiration.com\/\",\"logo\":{\"@type\":\"ImageObject\",\"inLanguage\":\"hu\",\"@id\":\"https:\/\/www.francespiration.com\/#\/schema\/logo\/image\/\",\"url\":\"https:\/\/www.francespiration.com\/wp-content\/uploads\/2022\/09\/4d-also-scaled.jpg\",\"contentUrl\":\"https:\/\/www.francespiration.com\/wp-content\/uploads\/2022\/09\/4d-also-scaled.jpg\",\"width\":2560,\"height\":913,\"caption\":\"Francespiration\"},\"image\":{\"@id\":\"https:\/\/www.francespiration.com\/#\/schema\/logo\/image\/\"}},{\"@type\":\"Person\",\"@id\":\"https:\/\/www.francespiration.com\/#\/schema\/person\/83f3dc20d791bfb54664f7e0287501fa\",\"name\":\"Sz\u00f6ll\u0151si T\u00edmea\",\"image\":{\"@type\":\"ImageObject\",\"inLanguage\":\"hu\",\"@id\":\"https:\/\/www.francespiration.com\/#\/schema\/person\/image\/\",\"url\":\"https:\/\/secure.gravatar.com\/avatar\/1fd2e7bebd99ada3a170be066229da8dce9b7f9ba3748e0b659e39e5f31eb56a?s=96&d=mm&r=g\",\"contentUrl\":\"https:\/\/secure.gravatar.com\/avatar\/1fd2e7bebd99ada3a170be066229da8dce9b7f9ba3748e0b659e39e5f31eb56a?s=96&d=mm&r=g\",\"caption\":\"Sz\u00f6ll\u0151si T\u00edmea\"},\"sameAs\":[\"https:\/\/www.francespiration.com\"],\"url\":\"https:\/\/www.francespiration.com\/index.php\/author\/szollotimi\/\"}]}<\/script>\n<!-- \/ Yoast SEO plugin. -->","yoast_head_json":{"title":"Vezet\u0151v\u00e1lt\u00e1s a Louvre \u00e9l\u00e9n - Francespiration","description":"Az elm\u00falt h\u00f3napok esem\u00e9nyei p\u00e9ld\u00e1tlan v\u00e1ls\u00e1ghelyzetbe sodort\u00e1k a Louvre-ot, most vezet\u0151v\u00e1lt\u00e1sra ker\u00fclt sor.","robots":{"index":"index","follow":"follow","max-snippet":"max-snippet:-1","max-image-preview":"max-image-preview:large","max-video-preview":"max-video-preview:-1"},"canonical":"https:\/\/www.francespiration.com\/index.php\/2026\/02\/26\/vezetovaltas-a-louvre-elen\/","og_locale":"hu_HU","og_type":"article","og_title":"Vezet\u0151v\u00e1lt\u00e1s a Louvre \u00e9l\u00e9n - Francespiration","og_description":"Az elm\u00falt h\u00f3napok esem\u00e9nyei p\u00e9ld\u00e1tlan v\u00e1ls\u00e1ghelyzetbe sodort\u00e1k a Louvre-ot, most vezet\u0151v\u00e1lt\u00e1sra ker\u00fclt sor.","og_url":"https:\/\/www.francespiration.com\/index.php\/2026\/02\/26\/vezetovaltas-a-louvre-elen\/","og_site_name":"Francespiration","article_published_time":"2026-02-26T07:15:41+00:00","article_modified_time":"2026-02-26T07:15:42+00:00","og_image":[{"width":1280,"height":853,"url":"https:\/\/www.francespiration.com\/wp-content\/uploads\/2026\/02\/matt_86-louvre-5767708_1280.jpg","type":"image\/jpeg"}],"author":"Sz\u00f6ll\u0151si T\u00edmea","twitter_card":"summary_large_image","twitter_misc":{"Szerz\u0151:":"Sz\u00f6ll\u0151si T\u00edmea","Becs\u00fclt olvas\u00e1si id\u0151":"3 perc"},"schema":{"@context":"https:\/\/schema.org","@graph":[{"@type":"Article","@id":"https:\/\/www.francespiration.com\/index.php\/2026\/02\/26\/vezetovaltas-a-louvre-elen\/#article","isPartOf":{"@id":"https:\/\/www.francespiration.com\/index.php\/2026\/02\/26\/vezetovaltas-a-louvre-elen\/"},"author":{"name":"Sz\u00f6ll\u0151si T\u00edmea","@id":"https:\/\/www.francespiration.com\/#\/schema\/person\/83f3dc20d791bfb54664f7e0287501fa"},"headline":"Vezet\u0151v\u00e1lt\u00e1s a Louvre \u00e9l\u00e9n","datePublished":"2026-02-26T07:15:41+00:00","dateModified":"2026-02-26T07:15:42+00:00","mainEntityOfPage":{"@id":"https:\/\/www.francespiration.com\/index.php\/2026\/02\/26\/vezetovaltas-a-louvre-elen\/"},"wordCount":686,"commentCount":0,"publisher":{"@id":"https:\/\/www.francespiration.com\/#organization"},"articleSection":["H\u00cdREK","KULT\u00daRA"],"inLanguage":"hu","potentialAction":[{"@type":"CommentAction","name":"Comment","target":["https:\/\/www.francespiration.com\/index.php\/2026\/02\/26\/vezetovaltas-a-louvre-elen\/#respond"]}]},{"@type":"WebPage","@id":"https:\/\/www.francespiration.com\/index.php\/2026\/02\/26\/vezetovaltas-a-louvre-elen\/","url":"https:\/\/www.francespiration.com\/index.php\/2026\/02\/26\/vezetovaltas-a-louvre-elen\/","name":"Vezet\u0151v\u00e1lt\u00e1s a Louvre \u00e9l\u00e9n - Francespiration","isPartOf":{"@id":"https:\/\/www.francespiration.com\/#website"},"datePublished":"2026-02-26T07:15:41+00:00","dateModified":"2026-02-26T07:15:42+00:00","description":"Az elm\u00falt h\u00f3napok esem\u00e9nyei p\u00e9ld\u00e1tlan v\u00e1ls\u00e1ghelyzetbe sodort\u00e1k a Louvre-ot, most vezet\u0151v\u00e1lt\u00e1sra ker\u00fclt sor.","breadcrumb":{"@id":"https:\/\/www.francespiration.com\/index.php\/2026\/02\/26\/vezetovaltas-a-louvre-elen\/#breadcrumb"},"inLanguage":"hu","potentialAction":[{"@type":"ReadAction","target":["https:\/\/www.francespiration.com\/index.php\/2026\/02\/26\/vezetovaltas-a-louvre-elen\/"]}]},{"@type":"BreadcrumbList","@id":"https:\/\/www.francespiration.com\/index.php\/2026\/02\/26\/vezetovaltas-a-louvre-elen\/#breadcrumb","itemListElement":[{"@type":"ListItem","position":1,"name":"Kezd\u0151lap","item":"https:\/\/www.francespiration.com\/"},{"@type":"ListItem","position":2,"name":"Vezet\u0151v\u00e1lt\u00e1s a Louvre \u00e9l\u00e9n"}]},{"@type":"WebSite","@id":"https:\/\/www.francespiration.com\/#website","url":"https:\/\/www.francespiration.com\/","name":"Francespiration","description":"Just another WordPress site","publisher":{"@id":"https:\/\/www.francespiration.com\/#organization"},"potentialAction":[{"@type":"SearchAction","target":{"@type":"EntryPoint","urlTemplate":"https:\/\/www.francespiration.com\/?s={search_term_string}"},"query-input":"required name=search_term_string"}],"inLanguage":"hu"},{"@type":"Organization","@id":"https:\/\/www.francespiration.com\/#organization","name":"Francespiration","url":"https:\/\/www.francespiration.com\/","logo":{"@type":"ImageObject","inLanguage":"hu","@id":"https:\/\/www.francespiration.com\/#\/schema\/logo\/image\/","url":"https:\/\/www.francespiration.com\/wp-content\/uploads\/2022\/09\/4d-also-scaled.jpg","contentUrl":"https:\/\/www.francespiration.com\/wp-content\/uploads\/2022\/09\/4d-also-scaled.jpg","width":2560,"height":913,"caption":"Francespiration"},"image":{"@id":"https:\/\/www.francespiration.com\/#\/schema\/logo\/image\/"}},{"@type":"Person","@id":"https:\/\/www.francespiration.com\/#\/schema\/person\/83f3dc20d791bfb54664f7e0287501fa","name":"Sz\u00f6ll\u0151si T\u00edmea","image":{"@type":"ImageObject","inLanguage":"hu","@id":"https:\/\/www.francespiration.com\/#\/schema\/person\/image\/","url":"https:\/\/secure.gravatar.com\/avatar\/1fd2e7bebd99ada3a170be066229da8dce9b7f9ba3748e0b659e39e5f31eb56a?s=96&d=mm&r=g","contentUrl":"https:\/\/secure.gravatar.com\/avatar\/1fd2e7bebd99ada3a170be066229da8dce9b7f9ba3748e0b659e39e5f31eb56a?s=96&d=mm&r=g","caption":"Sz\u00f6ll\u0151si T\u00edmea"},"sameAs":["https:\/\/www.francespiration.com"],"url":"https:\/\/www.francespiration.com\/index.php\/author\/szollotimi\/"}]}},"_links":{"self":[{"href":"https:\/\/www.francespiration.com\/index.php\/wp-json\/wp\/v2\/posts\/1990","targetHints":{"allow":["GET"]}}],"collection":[{"href":"https:\/\/www.francespiration.com\/index.php\/wp-json\/wp\/v2\/posts"}],"about":[{"href":"https:\/\/www.francespiration.com\/index.php\/wp-json\/wp\/v2\/types\/post"}],"author":[{"embeddable":true,"href":"https:\/\/www.francespiration.com\/index.php\/wp-json\/wp\/v2\/users\/1"}],"replies":[{"embeddable":true,"href":"https:\/\/www.francespiration.com\/index.php\/wp-json\/wp\/v2\/comments?post=1990"}],"version-history":[{"count":1,"href":"https:\/\/www.francespiration.com\/index.php\/wp-json\/wp\/v2\/posts\/1990\/revisions"}],"predecessor-version":[{"id":1992,"href":"https:\/\/www.francespiration.com\/index.php\/wp-json\/wp\/v2\/posts\/1990\/revisions\/1992"}],"wp:featuredmedia":[{"embeddable":true,"href":"https:\/\/www.francespiration.com\/index.php\/wp-json\/wp\/v2\/media\/1991"}],"wp:attachment":[{"href":"https:\/\/www.francespiration.com\/index.php\/wp-json\/wp\/v2\/media?parent=1990"}],"wp:term":[{"taxonomy":"category","embeddable":true,"href":"https:\/\/www.francespiration.com\/index.php\/wp-json\/wp\/v2\/categories?post=1990"},{"taxonomy":"post_tag","embeddable":true,"href":"https:\/\/www.francespiration.com\/index.php\/wp-json\/wp\/v2\/tags?post=1990"}],"curies":[{"name":"wp","href":"https:\/\/api.w.org\/{rel}","templated":true}]}}