{"id":1993,"date":"2026-02-26T07:30:28","date_gmt":"2026-02-26T07:30:28","guid":{"rendered":"https:\/\/www.francespiration.com\/?p=1993"},"modified":"2026-02-26T07:30:29","modified_gmt":"2026-02-26T07:30:29","slug":"oriasbarlangga-valtozik-parizs-legregebbi-hidja","status":"publish","type":"post","link":"https:\/\/www.francespiration.com\/index.php\/2026\/02\/26\/oriasbarlangga-valtozik-parizs-legregebbi-hidja\/","title":{"rendered":"\u00d3ri\u00e1sbarlangg\u00e1 v\u00e1ltozik P\u00e1rizs legr\u00e9gebbi h\u00eddja"},"content":{"rendered":"\n<p>J\u00faniusban rendhagy\u00f3 k\u00f6zt\u00e9ri m\u0171v\u00e9szeti projekt veszi birtokba P\u00e1rizs egyik legismertebb h\u00eddj\u00e1t: a francia street art m\u0171v\u00e9sz, JR l\u00e1tv\u00e1nyos install\u00e1ci\u00f3val alak\u00edtja \u00e1t a Pont Neuf-\u00f6t egy bej\u00e1rhat\u00f3, \u00f3ri\u00e1si \u201ebarlangg\u00e1\u201d.<\/p>\n\n\n\n<p><strong>A j\u00fanius 6. \u00e9s 28. k\u00f6z\u00f6tt l\u00e1togathat\u00f3 Pont Neuf Cavern mintegy 120 m\u00e9ter hossz\u00fa \u00e9s t\u00f6bb mint 17 m\u00e9ter magas lesz. <\/strong><\/p>\n\n\n\n<p>A m\u0171v\u00e9sz a 17. sz\u00e1zadi hidat k\u0151szikl\u00e1ra eml\u00e9keztet\u0151 burkolattal fedi be, amely k\u00edv\u00fclr\u0151l \u00fagy hat majd, mintha egy \u0151skori sziklak\u00e9pz\u0151dm\u00e9ny t\u00f6rne be a v\u00e1rosk\u00e9pbe a Szajna partj\u00e1n.<\/p>\n\n\n\n<figure class=\"wp-block-image size-large\"><img loading=\"lazy\" decoding=\"async\" width=\"1024\" height=\"682\" src=\"https:\/\/www.francespiration.com\/wp-content\/uploads\/2026\/02\/139904-pont-neuf-482424_1280-1024x682.jpg\" alt=\"\" class=\"wp-image-1994\" srcset=\"https:\/\/www.francespiration.com\/wp-content\/uploads\/2026\/02\/139904-pont-neuf-482424_1280-1024x682.jpg 1024w, https:\/\/www.francespiration.com\/wp-content\/uploads\/2026\/02\/139904-pont-neuf-482424_1280-300x200.jpg 300w, https:\/\/www.francespiration.com\/wp-content\/uploads\/2026\/02\/139904-pont-neuf-482424_1280-768x511.jpg 768w, https:\/\/www.francespiration.com\/wp-content\/uploads\/2026\/02\/139904-pont-neuf-482424_1280.jpg 1280w\" sizes=\"auto, (max-width: 1024px) 100vw, 1024px\" \/><figcaption class=\"wp-element-caption\">Fot\u00f3: Pixabay<\/figcaption><\/figure>\n\n\n\n<p>JR szerint ez lehet \u201ea valaha k\u00e9sz\u00fclt legnagyobb immerz\u00edv install\u00e1ci\u00f3\u201d, amely \u00e9jjel-nappal l\u00e1togathat\u00f3 lesz, \u00e9s teljesen \u00faj megk\u00f6zel\u00edt\u00e9sbe helyezi a hidat, der\u00fclt ki a <a href=\"https:\/\/www.lemonde.fr\/en\/france\/article\/2026\/02\/23\/french-artist-jr-s-installation-will-transform-paris-oldest-bridge-into-a-giant-cave_6750787_7.html\">Le Monde <\/a>cikk\u00e9b\u0151l.<\/p>\n\n\n\n<p>A l\u00e1togat\u00f3k egy alag\u00fatszer\u0171 bels\u0151 t\u00e9rben kelhetnek \u00e1t a foly\u00f3 f\u00f6l\u00f6tt, ahol nem jut be term\u00e9szetes f\u00e9ny, \u00edgy, ahogy a m\u0171v\u00e9sz mondja: \u201eelvesz\u00edtik az id\u0151\u00e9rz\u00e9k\u00fcket\u201d.<\/p>\n\n\n\n<h3 class=\"wp-block-heading\">Tisztelg\u00e9s \u00e9s mer\u00e9sz v\u00e1llalkoz\u00e1s<\/h3>\n\n\n\n<p>A projekt egyben tisztelg\u00e9s is a n\u00e9hai m\u0171v\u00e9szp\u00e1ros, Christo \u00e9s Jeanne-Claude el\u0151tt, akik 1985-ben aranysz\u00edn\u0171 textillel vont\u00e1k be a Pont Neuf-\u00f6t \u00e9s kandel\u00e1bereit, \u00e9s amely a monument\u00e1lis k\u00f6zt\u00e9ri m\u0171v\u00e9szet egyik ikonikus p\u00e9ld\u00e1j\u00e1v\u00e1 v\u00e1lt.<\/p>\n\n\n\n<p>JR szem\u00e9lyes kapcsolatot is \u00e1polt Christ\u00f3val, \u00e9s a cikkben hangs\u00falyozza: b\u00e1r neh\u00e9z az ikonikus alkot\u00f3p\u00e1ros nyomdokaiba l\u00e9pni, \u0151 teljesen m\u00e1s st\u00edlusban, saj\u00e1t eszk\u00f6zt\u00e1r\u00e1val k\u00f6zel\u00edt. C\u00e9lja, hogy \u201ea term\u00e9szetet \u00e9s az \u00e1sv\u00e1nyi vil\u00e1got\u201d visszahozza a v\u00e1ros sz\u00edv\u00e9be.<\/p>\n\n\n\n<h3 class=\"wp-block-heading\">Hang, technol\u00f3gia, kiterjesztett val\u00f3s\u00e1g<\/h3>\n\n\n\n<p>Az install\u00e1ci\u00f3 k\u00e9tf\u00e9le \u00e9lm\u00e9nyt k\u00edn\u00e1l majd: k\u00edv\u00fclr\u0151l m\u00e1r t\u00f6bb sz\u00e1z m\u00e9terr\u0151l is l\u00e1that\u00f3 lesz a monument\u00e1lis \u201esziklat\u00f6mb\u201d, bel\u00fcl pedig teljes elmer\u00fcl\u00e9st \u00edg\u00e9r. <\/p>\n\n\n\n<p>Az install\u00e1ci\u00f3 ezen t\u00fal Plat\u00f3n barlanghasonlat\u00e1ra is reflekt\u00e1l: a m\u0171v\u00e9sz p\u00e1rhuzamot von az alleg\u00f3ri\u00e1ban szerepl\u0151, \u00e1rny\u00e9kokat val\u00f3s\u00e1gnak v\u00e9l\u0151 emberek \u00e9s a k\u00f6z\u00f6ss\u00e9gi m\u00e9dia \u00e1ltal form\u00e1lt, algoritmusok \u00e1ltal sz\u0171rt \u201eval\u00f3s\u00e1g\u201d k\u00f6z\u00f6tt. <\/p>\n\n\n\n<p>\u201eA mai barlangunk a telefonunk\u201d \u2013 fogalmazott, utalva arra, hogy sokan a digit\u00e1lis t\u00e9rben l\u00e1tott k\u00e9peket tekintik a val\u00f3s\u00e1g teljes lek\u00e9pez\u00e9s\u00e9nek.<\/p>\n\n\n\n<p>Az install\u00e1ci\u00f3 a p\u00e1rizsi divath\u00e9ttel \u00e9s a Zene \u00dcnnep\u00e9vel egy id\u0151ben lesz l\u00e1that\u00f3, \u00edgy v\u00e1rhat\u00f3an a ny\u00e1r eleji turistaszezon egyik legl\u00e1tv\u00e1nyosabb kultur\u00e1lis esem\u00e9ny\u00e9v\u00e9 v\u00e1lik a francia f\u0151v\u00e1rosban.<\/p>\n","protected":false},"excerpt":{"rendered":"<p>J\u00faniusban rendhagy\u00f3 k\u00f6zt\u00e9ri m\u0171v\u00e9szeti projekt veszi birtokba P\u00e1rizs egyik legismertebb h\u00eddj\u00e1t: a francia street art m\u0171v\u00e9sz, JR l\u00e1tv\u00e1nyos install\u00e1ci\u00f3val alak\u00edtja \u00e1t a Pont Neuf-\u00f6t egy bej\u00e1rhat\u00f3, \u00f3ri\u00e1si \u201ebarlangg\u00e1\u201d. A j\u00fanius 6. \u00e9s 28. k\u00f6z\u00f6tt l\u00e1togathat\u00f3 Pont Neuf Cavern mintegy 120 m\u00e9ter hossz\u00fa \u00e9s t\u00f6bb mint 17 m\u00e9ter magas lesz. A m\u0171v\u00e9sz a 17. sz\u00e1zadi hidat [&hellip;]<\/p>\n","protected":false},"author":1,"featured_media":1994,"comment_status":"open","ping_status":"open","sticky":false,"template":"","format":"standard","meta":{"footnotes":""},"categories":[1],"tags":[],"class_list":["post-1993","post","type-post","status-publish","format-standard","has-post-thumbnail","hentry","category-hirek"],"yoast_head":"<!-- This site is optimized with the Yoast SEO plugin v20.13 - https:\/\/yoast.com\/wordpress\/plugins\/seo\/ -->\n<title>\u00d3ri\u00e1sbarlangg\u00e1 v\u00e1ltozik P\u00e1rizs legr\u00e9gebbi h\u00eddja - Francespiration<\/title>\n<meta name=\"description\" content=\"J\u00faniusban rendhagy\u00f3 k\u00f6zt\u00e9ri m\u0171v\u00e9szeti projekt veszi birtokba P\u00e1rizs egyik legismertebb h\u00eddj\u00e1t, a Pont Neuf-\u00f6t.\" \/>\n<meta name=\"robots\" content=\"index, follow, max-snippet:-1, max-image-preview:large, max-video-preview:-1\" \/>\n<link rel=\"canonical\" href=\"https:\/\/www.francespiration.com\/index.php\/2026\/02\/26\/oriasbarlangga-valtozik-parizs-legregebbi-hidja\/\" \/>\n<meta property=\"og:locale\" content=\"hu_HU\" \/>\n<meta property=\"og:type\" content=\"article\" \/>\n<meta property=\"og:title\" content=\"\u00d3ri\u00e1sbarlangg\u00e1 v\u00e1ltozik P\u00e1rizs legr\u00e9gebbi h\u00eddja - Francespiration\" \/>\n<meta property=\"og:description\" content=\"J\u00faniusban rendhagy\u00f3 k\u00f6zt\u00e9ri m\u0171v\u00e9szeti projekt veszi birtokba P\u00e1rizs egyik legismertebb h\u00eddj\u00e1t, a Pont Neuf-\u00f6t.\" \/>\n<meta property=\"og:url\" content=\"https:\/\/www.francespiration.com\/index.php\/2026\/02\/26\/oriasbarlangga-valtozik-parizs-legregebbi-hidja\/\" \/>\n<meta property=\"og:site_name\" content=\"Francespiration\" \/>\n<meta property=\"article:published_time\" content=\"2026-02-26T07:30:28+00:00\" \/>\n<meta property=\"article:modified_time\" content=\"2026-02-26T07:30:29+00:00\" \/>\n<meta property=\"og:image\" content=\"https:\/\/www.francespiration.com\/wp-content\/uploads\/2026\/02\/139904-pont-neuf-482424_1280.jpg\" \/>\n\t<meta property=\"og:image:width\" content=\"1280\" \/>\n\t<meta property=\"og:image:height\" content=\"852\" \/>\n\t<meta property=\"og:image:type\" content=\"image\/jpeg\" \/>\n<meta name=\"author\" content=\"Sz\u00f6ll\u0151si T\u00edmea\" \/>\n<meta name=\"twitter:card\" content=\"summary_large_image\" \/>\n<meta name=\"twitter:label1\" content=\"Szerz\u0151:\" \/>\n\t<meta name=\"twitter:data1\" content=\"Sz\u00f6ll\u0151si T\u00edmea\" \/>\n\t<meta name=\"twitter:label2\" content=\"Becs\u00fclt olvas\u00e1si id\u0151\" \/>\n\t<meta name=\"twitter:data2\" content=\"2 perc\" \/>\n<script type=\"application\/ld+json\" class=\"yoast-schema-graph\">{\"@context\":\"https:\/\/schema.org\",\"@graph\":[{\"@type\":\"Article\",\"@id\":\"https:\/\/www.francespiration.com\/index.php\/2026\/02\/26\/oriasbarlangga-valtozik-parizs-legregebbi-hidja\/#article\",\"isPartOf\":{\"@id\":\"https:\/\/www.francespiration.com\/index.php\/2026\/02\/26\/oriasbarlangga-valtozik-parizs-legregebbi-hidja\/\"},\"author\":{\"name\":\"Sz\u00f6ll\u0151si T\u00edmea\",\"@id\":\"https:\/\/www.francespiration.com\/#\/schema\/person\/83f3dc20d791bfb54664f7e0287501fa\"},\"headline\":\"\u00d3ri\u00e1sbarlangg\u00e1 v\u00e1ltozik P\u00e1rizs legr\u00e9gebbi h\u00eddja\",\"datePublished\":\"2026-02-26T07:30:28+00:00\",\"dateModified\":\"2026-02-26T07:30:29+00:00\",\"mainEntityOfPage\":{\"@id\":\"https:\/\/www.francespiration.com\/index.php\/2026\/02\/26\/oriasbarlangga-valtozik-parizs-legregebbi-hidja\/\"},\"wordCount\":496,\"commentCount\":0,\"publisher\":{\"@id\":\"https:\/\/www.francespiration.com\/#organization\"},\"articleSection\":[\"H\u00cdREK\"],\"inLanguage\":\"hu\",\"potentialAction\":[{\"@type\":\"CommentAction\",\"name\":\"Comment\",\"target\":[\"https:\/\/www.francespiration.com\/index.php\/2026\/02\/26\/oriasbarlangga-valtozik-parizs-legregebbi-hidja\/#respond\"]}]},{\"@type\":\"WebPage\",\"@id\":\"https:\/\/www.francespiration.com\/index.php\/2026\/02\/26\/oriasbarlangga-valtozik-parizs-legregebbi-hidja\/\",\"url\":\"https:\/\/www.francespiration.com\/index.php\/2026\/02\/26\/oriasbarlangga-valtozik-parizs-legregebbi-hidja\/\",\"name\":\"\u00d3ri\u00e1sbarlangg\u00e1 v\u00e1ltozik P\u00e1rizs legr\u00e9gebbi h\u00eddja - Francespiration\",\"isPartOf\":{\"@id\":\"https:\/\/www.francespiration.com\/#website\"},\"datePublished\":\"2026-02-26T07:30:28+00:00\",\"dateModified\":\"2026-02-26T07:30:29+00:00\",\"description\":\"J\u00faniusban rendhagy\u00f3 k\u00f6zt\u00e9ri m\u0171v\u00e9szeti projekt veszi birtokba P\u00e1rizs egyik legismertebb h\u00eddj\u00e1t, a Pont Neuf-\u00f6t.\",\"breadcrumb\":{\"@id\":\"https:\/\/www.francespiration.com\/index.php\/2026\/02\/26\/oriasbarlangga-valtozik-parizs-legregebbi-hidja\/#breadcrumb\"},\"inLanguage\":\"hu\",\"potentialAction\":[{\"@type\":\"ReadAction\",\"target\":[\"https:\/\/www.francespiration.com\/index.php\/2026\/02\/26\/oriasbarlangga-valtozik-parizs-legregebbi-hidja\/\"]}]},{\"@type\":\"BreadcrumbList\",\"@id\":\"https:\/\/www.francespiration.com\/index.php\/2026\/02\/26\/oriasbarlangga-valtozik-parizs-legregebbi-hidja\/#breadcrumb\",\"itemListElement\":[{\"@type\":\"ListItem\",\"position\":1,\"name\":\"Kezd\u0151lap\",\"item\":\"https:\/\/www.francespiration.com\/\"},{\"@type\":\"ListItem\",\"position\":2,\"name\":\"\u00d3ri\u00e1sbarlangg\u00e1 v\u00e1ltozik P\u00e1rizs legr\u00e9gebbi h\u00eddja\"}]},{\"@type\":\"WebSite\",\"@id\":\"https:\/\/www.francespiration.com\/#website\",\"url\":\"https:\/\/www.francespiration.com\/\",\"name\":\"Francespiration\",\"description\":\"Just another WordPress site\",\"publisher\":{\"@id\":\"https:\/\/www.francespiration.com\/#organization\"},\"potentialAction\":[{\"@type\":\"SearchAction\",\"target\":{\"@type\":\"EntryPoint\",\"urlTemplate\":\"https:\/\/www.francespiration.com\/?s={search_term_string}\"},\"query-input\":\"required name=search_term_string\"}],\"inLanguage\":\"hu\"},{\"@type\":\"Organization\",\"@id\":\"https:\/\/www.francespiration.com\/#organization\",\"name\":\"Francespiration\",\"url\":\"https:\/\/www.francespiration.com\/\",\"logo\":{\"@type\":\"ImageObject\",\"inLanguage\":\"hu\",\"@id\":\"https:\/\/www.francespiration.com\/#\/schema\/logo\/image\/\",\"url\":\"https:\/\/www.francespiration.com\/wp-content\/uploads\/2022\/09\/4d-also-scaled.jpg\",\"contentUrl\":\"https:\/\/www.francespiration.com\/wp-content\/uploads\/2022\/09\/4d-also-scaled.jpg\",\"width\":2560,\"height\":913,\"caption\":\"Francespiration\"},\"image\":{\"@id\":\"https:\/\/www.francespiration.com\/#\/schema\/logo\/image\/\"}},{\"@type\":\"Person\",\"@id\":\"https:\/\/www.francespiration.com\/#\/schema\/person\/83f3dc20d791bfb54664f7e0287501fa\",\"name\":\"Sz\u00f6ll\u0151si T\u00edmea\",\"image\":{\"@type\":\"ImageObject\",\"inLanguage\":\"hu\",\"@id\":\"https:\/\/www.francespiration.com\/#\/schema\/person\/image\/\",\"url\":\"https:\/\/secure.gravatar.com\/avatar\/1fd2e7bebd99ada3a170be066229da8dce9b7f9ba3748e0b659e39e5f31eb56a?s=96&d=mm&r=g\",\"contentUrl\":\"https:\/\/secure.gravatar.com\/avatar\/1fd2e7bebd99ada3a170be066229da8dce9b7f9ba3748e0b659e39e5f31eb56a?s=96&d=mm&r=g\",\"caption\":\"Sz\u00f6ll\u0151si T\u00edmea\"},\"sameAs\":[\"https:\/\/www.francespiration.com\"],\"url\":\"https:\/\/www.francespiration.com\/index.php\/author\/szollotimi\/\"}]}<\/script>\n<!-- \/ Yoast SEO plugin. -->","yoast_head_json":{"title":"\u00d3ri\u00e1sbarlangg\u00e1 v\u00e1ltozik P\u00e1rizs legr\u00e9gebbi h\u00eddja - Francespiration","description":"J\u00faniusban rendhagy\u00f3 k\u00f6zt\u00e9ri m\u0171v\u00e9szeti projekt veszi birtokba P\u00e1rizs egyik legismertebb h\u00eddj\u00e1t, a Pont Neuf-\u00f6t.","robots":{"index":"index","follow":"follow","max-snippet":"max-snippet:-1","max-image-preview":"max-image-preview:large","max-video-preview":"max-video-preview:-1"},"canonical":"https:\/\/www.francespiration.com\/index.php\/2026\/02\/26\/oriasbarlangga-valtozik-parizs-legregebbi-hidja\/","og_locale":"hu_HU","og_type":"article","og_title":"\u00d3ri\u00e1sbarlangg\u00e1 v\u00e1ltozik P\u00e1rizs legr\u00e9gebbi h\u00eddja - Francespiration","og_description":"J\u00faniusban rendhagy\u00f3 k\u00f6zt\u00e9ri m\u0171v\u00e9szeti projekt veszi birtokba P\u00e1rizs egyik legismertebb h\u00eddj\u00e1t, a Pont Neuf-\u00f6t.","og_url":"https:\/\/www.francespiration.com\/index.php\/2026\/02\/26\/oriasbarlangga-valtozik-parizs-legregebbi-hidja\/","og_site_name":"Francespiration","article_published_time":"2026-02-26T07:30:28+00:00","article_modified_time":"2026-02-26T07:30:29+00:00","og_image":[{"width":1280,"height":852,"url":"https:\/\/www.francespiration.com\/wp-content\/uploads\/2026\/02\/139904-pont-neuf-482424_1280.jpg","type":"image\/jpeg"}],"author":"Sz\u00f6ll\u0151si T\u00edmea","twitter_card":"summary_large_image","twitter_misc":{"Szerz\u0151:":"Sz\u00f6ll\u0151si T\u00edmea","Becs\u00fclt olvas\u00e1si id\u0151":"2 perc"},"schema":{"@context":"https:\/\/schema.org","@graph":[{"@type":"Article","@id":"https:\/\/www.francespiration.com\/index.php\/2026\/02\/26\/oriasbarlangga-valtozik-parizs-legregebbi-hidja\/#article","isPartOf":{"@id":"https:\/\/www.francespiration.com\/index.php\/2026\/02\/26\/oriasbarlangga-valtozik-parizs-legregebbi-hidja\/"},"author":{"name":"Sz\u00f6ll\u0151si T\u00edmea","@id":"https:\/\/www.francespiration.com\/#\/schema\/person\/83f3dc20d791bfb54664f7e0287501fa"},"headline":"\u00d3ri\u00e1sbarlangg\u00e1 v\u00e1ltozik P\u00e1rizs legr\u00e9gebbi h\u00eddja","datePublished":"2026-02-26T07:30:28+00:00","dateModified":"2026-02-26T07:30:29+00:00","mainEntityOfPage":{"@id":"https:\/\/www.francespiration.com\/index.php\/2026\/02\/26\/oriasbarlangga-valtozik-parizs-legregebbi-hidja\/"},"wordCount":496,"commentCount":0,"publisher":{"@id":"https:\/\/www.francespiration.com\/#organization"},"articleSection":["H\u00cdREK"],"inLanguage":"hu","potentialAction":[{"@type":"CommentAction","name":"Comment","target":["https:\/\/www.francespiration.com\/index.php\/2026\/02\/26\/oriasbarlangga-valtozik-parizs-legregebbi-hidja\/#respond"]}]},{"@type":"WebPage","@id":"https:\/\/www.francespiration.com\/index.php\/2026\/02\/26\/oriasbarlangga-valtozik-parizs-legregebbi-hidja\/","url":"https:\/\/www.francespiration.com\/index.php\/2026\/02\/26\/oriasbarlangga-valtozik-parizs-legregebbi-hidja\/","name":"\u00d3ri\u00e1sbarlangg\u00e1 v\u00e1ltozik P\u00e1rizs legr\u00e9gebbi h\u00eddja - Francespiration","isPartOf":{"@id":"https:\/\/www.francespiration.com\/#website"},"datePublished":"2026-02-26T07:30:28+00:00","dateModified":"2026-02-26T07:30:29+00:00","description":"J\u00faniusban rendhagy\u00f3 k\u00f6zt\u00e9ri m\u0171v\u00e9szeti projekt veszi birtokba P\u00e1rizs egyik legismertebb h\u00eddj\u00e1t, a Pont Neuf-\u00f6t.","breadcrumb":{"@id":"https:\/\/www.francespiration.com\/index.php\/2026\/02\/26\/oriasbarlangga-valtozik-parizs-legregebbi-hidja\/#breadcrumb"},"inLanguage":"hu","potentialAction":[{"@type":"ReadAction","target":["https:\/\/www.francespiration.com\/index.php\/2026\/02\/26\/oriasbarlangga-valtozik-parizs-legregebbi-hidja\/"]}]},{"@type":"BreadcrumbList","@id":"https:\/\/www.francespiration.com\/index.php\/2026\/02\/26\/oriasbarlangga-valtozik-parizs-legregebbi-hidja\/#breadcrumb","itemListElement":[{"@type":"ListItem","position":1,"name":"Kezd\u0151lap","item":"https:\/\/www.francespiration.com\/"},{"@type":"ListItem","position":2,"name":"\u00d3ri\u00e1sbarlangg\u00e1 v\u00e1ltozik P\u00e1rizs legr\u00e9gebbi h\u00eddja"}]},{"@type":"WebSite","@id":"https:\/\/www.francespiration.com\/#website","url":"https:\/\/www.francespiration.com\/","name":"Francespiration","description":"Just another WordPress site","publisher":{"@id":"https:\/\/www.francespiration.com\/#organization"},"potentialAction":[{"@type":"SearchAction","target":{"@type":"EntryPoint","urlTemplate":"https:\/\/www.francespiration.com\/?s={search_term_string}"},"query-input":"required name=search_term_string"}],"inLanguage":"hu"},{"@type":"Organization","@id":"https:\/\/www.francespiration.com\/#organization","name":"Francespiration","url":"https:\/\/www.francespiration.com\/","logo":{"@type":"ImageObject","inLanguage":"hu","@id":"https:\/\/www.francespiration.com\/#\/schema\/logo\/image\/","url":"https:\/\/www.francespiration.com\/wp-content\/uploads\/2022\/09\/4d-also-scaled.jpg","contentUrl":"https:\/\/www.francespiration.com\/wp-content\/uploads\/2022\/09\/4d-also-scaled.jpg","width":2560,"height":913,"caption":"Francespiration"},"image":{"@id":"https:\/\/www.francespiration.com\/#\/schema\/logo\/image\/"}},{"@type":"Person","@id":"https:\/\/www.francespiration.com\/#\/schema\/person\/83f3dc20d791bfb54664f7e0287501fa","name":"Sz\u00f6ll\u0151si T\u00edmea","image":{"@type":"ImageObject","inLanguage":"hu","@id":"https:\/\/www.francespiration.com\/#\/schema\/person\/image\/","url":"https:\/\/secure.gravatar.com\/avatar\/1fd2e7bebd99ada3a170be066229da8dce9b7f9ba3748e0b659e39e5f31eb56a?s=96&d=mm&r=g","contentUrl":"https:\/\/secure.gravatar.com\/avatar\/1fd2e7bebd99ada3a170be066229da8dce9b7f9ba3748e0b659e39e5f31eb56a?s=96&d=mm&r=g","caption":"Sz\u00f6ll\u0151si T\u00edmea"},"sameAs":["https:\/\/www.francespiration.com"],"url":"https:\/\/www.francespiration.com\/index.php\/author\/szollotimi\/"}]}},"_links":{"self":[{"href":"https:\/\/www.francespiration.com\/index.php\/wp-json\/wp\/v2\/posts\/1993","targetHints":{"allow":["GET"]}}],"collection":[{"href":"https:\/\/www.francespiration.com\/index.php\/wp-json\/wp\/v2\/posts"}],"about":[{"href":"https:\/\/www.francespiration.com\/index.php\/wp-json\/wp\/v2\/types\/post"}],"author":[{"embeddable":true,"href":"https:\/\/www.francespiration.com\/index.php\/wp-json\/wp\/v2\/users\/1"}],"replies":[{"embeddable":true,"href":"https:\/\/www.francespiration.com\/index.php\/wp-json\/wp\/v2\/comments?post=1993"}],"version-history":[{"count":1,"href":"https:\/\/www.francespiration.com\/index.php\/wp-json\/wp\/v2\/posts\/1993\/revisions"}],"predecessor-version":[{"id":1995,"href":"https:\/\/www.francespiration.com\/index.php\/wp-json\/wp\/v2\/posts\/1993\/revisions\/1995"}],"wp:featuredmedia":[{"embeddable":true,"href":"https:\/\/www.francespiration.com\/index.php\/wp-json\/wp\/v2\/media\/1994"}],"wp:attachment":[{"href":"https:\/\/www.francespiration.com\/index.php\/wp-json\/wp\/v2\/media?parent=1993"}],"wp:term":[{"taxonomy":"category","embeddable":true,"href":"https:\/\/www.francespiration.com\/index.php\/wp-json\/wp\/v2\/categories?post=1993"},{"taxonomy":"post_tag","embeddable":true,"href":"https:\/\/www.francespiration.com\/index.php\/wp-json\/wp\/v2\/tags?post=1993"}],"curies":[{"name":"wp","href":"https:\/\/api.w.org\/{rel}","templated":true}]}}