{"id":1996,"date":"2026-02-26T07:46:59","date_gmt":"2026-02-26T07:46:59","guid":{"rendered":"https:\/\/www.francespiration.com\/?p=1996"},"modified":"2026-02-26T07:47:00","modified_gmt":"2026-02-26T07:47:00","slug":"francia-tanulmany-a-nok-sokkal-gyakrabban-valnak-fizikai-eroszak-aldozatava-munkahelyukon-mint-a-ferfiak","status":"publish","type":"post","link":"https:\/\/www.francespiration.com\/index.php\/2026\/02\/26\/francia-tanulmany-a-nok-sokkal-gyakrabban-valnak-fizikai-eroszak-aldozatava-munkahelyukon-mint-a-ferfiak\/","title":{"rendered":"Francia tanulm\u00e1ny: a n\u0151k sokkal gyakrabban v\u00e1lnak fizikai er\u0151szak \u00e1ldozat\u00e1v\u00e1 munkahely\u00fck\u00f6n, mint a f\u00e9rfiak"},"content":{"rendered":"\n<p>Egy friss elemz\u00e9s r\u00e1vil\u00e1g\u00edt arra, hogy a munkahelyi fizikai er\u0151szak s\u00falyos nemek k\u00f6z\u00f6tti k\u00fcl\u00f6nbs\u00e9geket t\u00fckr\u00f6z, der\u00fcl ki a <a href=\"https:\/\/www.lemonde.fr\/en\/opinion\/article\/2026\/02\/26\/women-are-much-more-frequently-victims-of-physical-violence-at-work-than-men_6750876_23.html\">Le Monde <\/a>egy frissen megjelent cikk\u00e9b\u0151l.<\/p>\n\n\n\n<p>A cikk r\u00e1mutat arra egy 2023-ban Finnorsz\u00e1gban k\u00e9sz\u00fclt kutat\u00e1sra is, amely szerint a rend\u0151rs\u00e9ghez bejelentett esetek 55 sz\u00e1zal\u00e9ka fizikai er\u0151szakhoz \u2013 bele\u00e9rtve a szexu\u00e1lis er\u0151szakot is \u2013 kapcsol\u00f3dott, \u00e9s a  elk\u00f6vet\u0151k 84  sz\u00e1zal\u00e9kban f\u00e9rfiak voltak.<\/p>\n\n\n\n<p>B\u00e1r az \u00e1ldozatok k\u00f6z\u00f6tt \u00f6sszess\u00e9g\u00e9ben kiegyenl\u00edtett a nemek ar\u00e1nya, a n\u0151k j\u00f3val nagyobb ar\u00e1nyban, 40  sz\u00e1zal\u00e9kkal gyakrabban szenvedtek el fizikai er\u0151szakot munka k\u00f6zben, mint a f\u00e9rfiak. <\/p>\n\n\n\n<figure class=\"wp-block-image size-large\"><img loading=\"lazy\" decoding=\"async\" width=\"1024\" height=\"683\" src=\"https:\/\/www.francespiration.com\/wp-content\/uploads\/2026\/02\/pexels-vlada-karpovich-4050315-1024x683.jpg\" alt=\"\" class=\"wp-image-1997\" srcset=\"https:\/\/www.francespiration.com\/wp-content\/uploads\/2026\/02\/pexels-vlada-karpovich-4050315-1024x683.jpg 1024w, https:\/\/www.francespiration.com\/wp-content\/uploads\/2026\/02\/pexels-vlada-karpovich-4050315-300x200.jpg 300w, https:\/\/www.francespiration.com\/wp-content\/uploads\/2026\/02\/pexels-vlada-karpovich-4050315-768x512.jpg 768w, https:\/\/www.francespiration.com\/wp-content\/uploads\/2026\/02\/pexels-vlada-karpovich-4050315-1536x1024.jpg 1536w, https:\/\/www.francespiration.com\/wp-content\/uploads\/2026\/02\/pexels-vlada-karpovich-4050315-2048x1365.jpg 2048w\" sizes=\"auto, (max-width: 1024px) 100vw, 1024px\" \/><figcaption class=\"wp-element-caption\">Fot\u00f3: pexels.com<\/figcaption><\/figure>\n\n\n\n<p>A tanulm\u00e1ny tov\u00e1bb\u00e1 azt is meg\u00e1llap\u00edtotta, hogy a b\u00e1ntalmazott n\u0151k gyakran alacsonyabb beoszt\u00e1sban vannak, mint az agresszor \u00e9s a k\u00f6vetkezm\u00e9nyek is elt\u00e9r\u0151ek: <\/p>\n\n\n\n<blockquote class=\"wp-block-quote is-layout-flow wp-block-quote-is-layout-flow\">\n<p>a n\u0151i s\u00e9rtett nagyobb es\u00e9llyel vesz\u00edti el az \u00e1ll\u00e1s\u00e1t, mint az elk\u00f6vet\u0151.<\/p>\n<\/blockquote>\n\n\n\n<p>Ez azt a trendet l\u00e1tszik al\u00e1t\u00e1masztani, hogy a munkahelyi er\u0151szak eset\u00e9ben a f\u00e9rfi elk\u00f6vet\u0151k viszonylagos b\u00fcntetlens\u00e9get \u00e9lveznek, f\u0151leg akkor, ha hatalmi poz\u00edci\u00f3ban vannak.<\/p>\n\n\n\n<p>A szerz\u0151 hangs\u00falyozza, hogy b\u00e1r a felm\u00e9r\u00e9sek seg\u00edtenek felt\u00e9rk\u00e9pezni a munkahelyi er\u0151szak m\u00e9rt\u00e9k\u00e9t, a legt\u00f6bb esetet soha nem jelentik a hat\u00f3s\u00e1goknak, \u00edgy a val\u00f3s probl\u00e9ma m\u00e9g enn\u00e9l is s\u00falyosabb lehet.<\/p>\n","protected":false},"excerpt":{"rendered":"<p>Egy friss elemz\u00e9s r\u00e1vil\u00e1g\u00edt arra, hogy a munkahelyi fizikai er\u0151szak s\u00falyos nemek k\u00f6z\u00f6tti k\u00fcl\u00f6nbs\u00e9geket t\u00fckr\u00f6z, der\u00fcl ki a Le Monde egy frissen megjelent cikk\u00e9b\u0151l. A cikk r\u00e1mutat arra egy 2023-ban Finnorsz\u00e1gban k\u00e9sz\u00fclt kutat\u00e1sra is, amely szerint a rend\u0151rs\u00e9ghez bejelentett esetek 55 sz\u00e1zal\u00e9ka fizikai er\u0151szakhoz \u2013 bele\u00e9rtve a szexu\u00e1lis er\u0151szakot is \u2013 kapcsol\u00f3dott, \u00e9s a elk\u00f6vet\u0151k [&hellip;]<\/p>\n","protected":false},"author":1,"featured_media":1997,"comment_status":"open","ping_status":"open","sticky":false,"template":"","format":"standard","meta":{"footnotes":""},"categories":[1],"tags":[],"class_list":["post-1996","post","type-post","status-publish","format-standard","has-post-thumbnail","hentry","category-hirek"],"yoast_head":"<!-- This site is optimized with the Yoast SEO plugin v20.13 - https:\/\/yoast.com\/wordpress\/plugins\/seo\/ -->\n<title>Francia tanulm\u00e1ny: a n\u0151k sokkal gyakrabban v\u00e1lnak fizikai er\u0151szak \u00e1ldozat\u00e1v\u00e1 munkahely\u00fck\u00f6n, mint a f\u00e9rfiak - Francespiration<\/title>\n<meta name=\"description\" content=\"Egy friss elemz\u00e9s r\u00e1vil\u00e1g\u00edt arra, hogy a munkahelyi fizikai er\u0151szak s\u00falyos nemek k\u00f6z\u00f6tti k\u00fcl\u00f6nbs\u00e9geket t\u00fckr\u00f6z.\" \/>\n<meta name=\"robots\" content=\"index, follow, max-snippet:-1, max-image-preview:large, max-video-preview:-1\" \/>\n<link rel=\"canonical\" href=\"https:\/\/www.francespiration.com\/index.php\/2026\/02\/26\/francia-tanulmany-a-nok-sokkal-gyakrabban-valnak-fizikai-eroszak-aldozatava-munkahelyukon-mint-a-ferfiak\/\" \/>\n<meta property=\"og:locale\" content=\"hu_HU\" \/>\n<meta property=\"og:type\" content=\"article\" \/>\n<meta property=\"og:title\" content=\"Francia tanulm\u00e1ny: a n\u0151k sokkal gyakrabban v\u00e1lnak fizikai er\u0151szak \u00e1ldozat\u00e1v\u00e1 munkahely\u00fck\u00f6n, mint a f\u00e9rfiak - Francespiration\" \/>\n<meta property=\"og:description\" content=\"Egy friss elemz\u00e9s r\u00e1vil\u00e1g\u00edt arra, hogy a munkahelyi fizikai er\u0151szak s\u00falyos nemek k\u00f6z\u00f6tti k\u00fcl\u00f6nbs\u00e9geket t\u00fckr\u00f6z.\" \/>\n<meta property=\"og:url\" content=\"https:\/\/www.francespiration.com\/index.php\/2026\/02\/26\/francia-tanulmany-a-nok-sokkal-gyakrabban-valnak-fizikai-eroszak-aldozatava-munkahelyukon-mint-a-ferfiak\/\" \/>\n<meta property=\"og:site_name\" content=\"Francespiration\" \/>\n<meta property=\"article:published_time\" content=\"2026-02-26T07:46:59+00:00\" \/>\n<meta property=\"article:modified_time\" content=\"2026-02-26T07:47:00+00:00\" \/>\n<meta property=\"og:image\" content=\"https:\/\/www.francespiration.com\/wp-content\/uploads\/2026\/02\/pexels-vlada-karpovich-4050315-scaled.jpg\" \/>\n\t<meta property=\"og:image:width\" content=\"2560\" \/>\n\t<meta property=\"og:image:height\" content=\"1707\" \/>\n\t<meta property=\"og:image:type\" content=\"image\/jpeg\" \/>\n<meta name=\"author\" content=\"Sz\u00f6ll\u0151si T\u00edmea\" \/>\n<meta name=\"twitter:card\" content=\"summary_large_image\" \/>\n<meta name=\"twitter:label1\" content=\"Szerz\u0151:\" \/>\n\t<meta name=\"twitter:data1\" content=\"Sz\u00f6ll\u0151si T\u00edmea\" \/>\n\t<meta name=\"twitter:label2\" content=\"Becs\u00fclt olvas\u00e1si id\u0151\" \/>\n\t<meta name=\"twitter:data2\" content=\"2 perc\" \/>\n<script type=\"application\/ld+json\" class=\"yoast-schema-graph\">{\"@context\":\"https:\/\/schema.org\",\"@graph\":[{\"@type\":\"Article\",\"@id\":\"https:\/\/www.francespiration.com\/index.php\/2026\/02\/26\/francia-tanulmany-a-nok-sokkal-gyakrabban-valnak-fizikai-eroszak-aldozatava-munkahelyukon-mint-a-ferfiak\/#article\",\"isPartOf\":{\"@id\":\"https:\/\/www.francespiration.com\/index.php\/2026\/02\/26\/francia-tanulmany-a-nok-sokkal-gyakrabban-valnak-fizikai-eroszak-aldozatava-munkahelyukon-mint-a-ferfiak\/\"},\"author\":{\"name\":\"Sz\u00f6ll\u0151si T\u00edmea\",\"@id\":\"https:\/\/www.francespiration.com\/#\/schema\/person\/83f3dc20d791bfb54664f7e0287501fa\"},\"headline\":\"Francia tanulm\u00e1ny: a n\u0151k sokkal gyakrabban v\u00e1lnak fizikai er\u0151szak \u00e1ldozat\u00e1v\u00e1 munkahely\u00fck\u00f6n, mint a f\u00e9rfiak\",\"datePublished\":\"2026-02-26T07:46:59+00:00\",\"dateModified\":\"2026-02-26T07:47:00+00:00\",\"mainEntityOfPage\":{\"@id\":\"https:\/\/www.francespiration.com\/index.php\/2026\/02\/26\/francia-tanulmany-a-nok-sokkal-gyakrabban-valnak-fizikai-eroszak-aldozatava-munkahelyukon-mint-a-ferfiak\/\"},\"wordCount\":292,\"commentCount\":0,\"publisher\":{\"@id\":\"https:\/\/www.francespiration.com\/#organization\"},\"articleSection\":[\"H\u00cdREK\"],\"inLanguage\":\"hu\",\"potentialAction\":[{\"@type\":\"CommentAction\",\"name\":\"Comment\",\"target\":[\"https:\/\/www.francespiration.com\/index.php\/2026\/02\/26\/francia-tanulmany-a-nok-sokkal-gyakrabban-valnak-fizikai-eroszak-aldozatava-munkahelyukon-mint-a-ferfiak\/#respond\"]}]},{\"@type\":\"WebPage\",\"@id\":\"https:\/\/www.francespiration.com\/index.php\/2026\/02\/26\/francia-tanulmany-a-nok-sokkal-gyakrabban-valnak-fizikai-eroszak-aldozatava-munkahelyukon-mint-a-ferfiak\/\",\"url\":\"https:\/\/www.francespiration.com\/index.php\/2026\/02\/26\/francia-tanulmany-a-nok-sokkal-gyakrabban-valnak-fizikai-eroszak-aldozatava-munkahelyukon-mint-a-ferfiak\/\",\"name\":\"Francia tanulm\u00e1ny: a n\u0151k sokkal gyakrabban v\u00e1lnak fizikai er\u0151szak \u00e1ldozat\u00e1v\u00e1 munkahely\u00fck\u00f6n, mint a f\u00e9rfiak - Francespiration\",\"isPartOf\":{\"@id\":\"https:\/\/www.francespiration.com\/#website\"},\"datePublished\":\"2026-02-26T07:46:59+00:00\",\"dateModified\":\"2026-02-26T07:47:00+00:00\",\"description\":\"Egy friss elemz\u00e9s r\u00e1vil\u00e1g\u00edt arra, hogy a munkahelyi fizikai er\u0151szak s\u00falyos nemek k\u00f6z\u00f6tti k\u00fcl\u00f6nbs\u00e9geket t\u00fckr\u00f6z.\",\"breadcrumb\":{\"@id\":\"https:\/\/www.francespiration.com\/index.php\/2026\/02\/26\/francia-tanulmany-a-nok-sokkal-gyakrabban-valnak-fizikai-eroszak-aldozatava-munkahelyukon-mint-a-ferfiak\/#breadcrumb\"},\"inLanguage\":\"hu\",\"potentialAction\":[{\"@type\":\"ReadAction\",\"target\":[\"https:\/\/www.francespiration.com\/index.php\/2026\/02\/26\/francia-tanulmany-a-nok-sokkal-gyakrabban-valnak-fizikai-eroszak-aldozatava-munkahelyukon-mint-a-ferfiak\/\"]}]},{\"@type\":\"BreadcrumbList\",\"@id\":\"https:\/\/www.francespiration.com\/index.php\/2026\/02\/26\/francia-tanulmany-a-nok-sokkal-gyakrabban-valnak-fizikai-eroszak-aldozatava-munkahelyukon-mint-a-ferfiak\/#breadcrumb\",\"itemListElement\":[{\"@type\":\"ListItem\",\"position\":1,\"name\":\"Kezd\u0151lap\",\"item\":\"https:\/\/www.francespiration.com\/\"},{\"@type\":\"ListItem\",\"position\":2,\"name\":\"Francia tanulm\u00e1ny: a n\u0151k sokkal gyakrabban v\u00e1lnak fizikai er\u0151szak \u00e1ldozat\u00e1v\u00e1 munkahely\u00fck\u00f6n, mint a f\u00e9rfiak\"}]},{\"@type\":\"WebSite\",\"@id\":\"https:\/\/www.francespiration.com\/#website\",\"url\":\"https:\/\/www.francespiration.com\/\",\"name\":\"Francespiration\",\"description\":\"Just another WordPress site\",\"publisher\":{\"@id\":\"https:\/\/www.francespiration.com\/#organization\"},\"potentialAction\":[{\"@type\":\"SearchAction\",\"target\":{\"@type\":\"EntryPoint\",\"urlTemplate\":\"https:\/\/www.francespiration.com\/?s={search_term_string}\"},\"query-input\":\"required name=search_term_string\"}],\"inLanguage\":\"hu\"},{\"@type\":\"Organization\",\"@id\":\"https:\/\/www.francespiration.com\/#organization\",\"name\":\"Francespiration\",\"url\":\"https:\/\/www.francespiration.com\/\",\"logo\":{\"@type\":\"ImageObject\",\"inLanguage\":\"hu\",\"@id\":\"https:\/\/www.francespiration.com\/#\/schema\/logo\/image\/\",\"url\":\"https:\/\/www.francespiration.com\/wp-content\/uploads\/2022\/09\/4d-also-scaled.jpg\",\"contentUrl\":\"https:\/\/www.francespiration.com\/wp-content\/uploads\/2022\/09\/4d-also-scaled.jpg\",\"width\":2560,\"height\":913,\"caption\":\"Francespiration\"},\"image\":{\"@id\":\"https:\/\/www.francespiration.com\/#\/schema\/logo\/image\/\"}},{\"@type\":\"Person\",\"@id\":\"https:\/\/www.francespiration.com\/#\/schema\/person\/83f3dc20d791bfb54664f7e0287501fa\",\"name\":\"Sz\u00f6ll\u0151si T\u00edmea\",\"image\":{\"@type\":\"ImageObject\",\"inLanguage\":\"hu\",\"@id\":\"https:\/\/www.francespiration.com\/#\/schema\/person\/image\/\",\"url\":\"https:\/\/secure.gravatar.com\/avatar\/1fd2e7bebd99ada3a170be066229da8dce9b7f9ba3748e0b659e39e5f31eb56a?s=96&d=mm&r=g\",\"contentUrl\":\"https:\/\/secure.gravatar.com\/avatar\/1fd2e7bebd99ada3a170be066229da8dce9b7f9ba3748e0b659e39e5f31eb56a?s=96&d=mm&r=g\",\"caption\":\"Sz\u00f6ll\u0151si T\u00edmea\"},\"sameAs\":[\"https:\/\/www.francespiration.com\"],\"url\":\"https:\/\/www.francespiration.com\/index.php\/author\/szollotimi\/\"}]}<\/script>\n<!-- \/ Yoast SEO plugin. -->","yoast_head_json":{"title":"Francia tanulm\u00e1ny: a n\u0151k sokkal gyakrabban v\u00e1lnak fizikai er\u0151szak \u00e1ldozat\u00e1v\u00e1 munkahely\u00fck\u00f6n, mint a f\u00e9rfiak - Francespiration","description":"Egy friss elemz\u00e9s r\u00e1vil\u00e1g\u00edt arra, hogy a munkahelyi fizikai er\u0151szak s\u00falyos nemek k\u00f6z\u00f6tti k\u00fcl\u00f6nbs\u00e9geket t\u00fckr\u00f6z.","robots":{"index":"index","follow":"follow","max-snippet":"max-snippet:-1","max-image-preview":"max-image-preview:large","max-video-preview":"max-video-preview:-1"},"canonical":"https:\/\/www.francespiration.com\/index.php\/2026\/02\/26\/francia-tanulmany-a-nok-sokkal-gyakrabban-valnak-fizikai-eroszak-aldozatava-munkahelyukon-mint-a-ferfiak\/","og_locale":"hu_HU","og_type":"article","og_title":"Francia tanulm\u00e1ny: a n\u0151k sokkal gyakrabban v\u00e1lnak fizikai er\u0151szak \u00e1ldozat\u00e1v\u00e1 munkahely\u00fck\u00f6n, mint a f\u00e9rfiak - Francespiration","og_description":"Egy friss elemz\u00e9s r\u00e1vil\u00e1g\u00edt arra, hogy a munkahelyi fizikai er\u0151szak s\u00falyos nemek k\u00f6z\u00f6tti k\u00fcl\u00f6nbs\u00e9geket t\u00fckr\u00f6z.","og_url":"https:\/\/www.francespiration.com\/index.php\/2026\/02\/26\/francia-tanulmany-a-nok-sokkal-gyakrabban-valnak-fizikai-eroszak-aldozatava-munkahelyukon-mint-a-ferfiak\/","og_site_name":"Francespiration","article_published_time":"2026-02-26T07:46:59+00:00","article_modified_time":"2026-02-26T07:47:00+00:00","og_image":[{"width":2560,"height":1707,"url":"https:\/\/www.francespiration.com\/wp-content\/uploads\/2026\/02\/pexels-vlada-karpovich-4050315-scaled.jpg","type":"image\/jpeg"}],"author":"Sz\u00f6ll\u0151si T\u00edmea","twitter_card":"summary_large_image","twitter_misc":{"Szerz\u0151:":"Sz\u00f6ll\u0151si T\u00edmea","Becs\u00fclt olvas\u00e1si id\u0151":"2 perc"},"schema":{"@context":"https:\/\/schema.org","@graph":[{"@type":"Article","@id":"https:\/\/www.francespiration.com\/index.php\/2026\/02\/26\/francia-tanulmany-a-nok-sokkal-gyakrabban-valnak-fizikai-eroszak-aldozatava-munkahelyukon-mint-a-ferfiak\/#article","isPartOf":{"@id":"https:\/\/www.francespiration.com\/index.php\/2026\/02\/26\/francia-tanulmany-a-nok-sokkal-gyakrabban-valnak-fizikai-eroszak-aldozatava-munkahelyukon-mint-a-ferfiak\/"},"author":{"name":"Sz\u00f6ll\u0151si T\u00edmea","@id":"https:\/\/www.francespiration.com\/#\/schema\/person\/83f3dc20d791bfb54664f7e0287501fa"},"headline":"Francia tanulm\u00e1ny: a n\u0151k sokkal gyakrabban v\u00e1lnak fizikai er\u0151szak \u00e1ldozat\u00e1v\u00e1 munkahely\u00fck\u00f6n, mint a f\u00e9rfiak","datePublished":"2026-02-26T07:46:59+00:00","dateModified":"2026-02-26T07:47:00+00:00","mainEntityOfPage":{"@id":"https:\/\/www.francespiration.com\/index.php\/2026\/02\/26\/francia-tanulmany-a-nok-sokkal-gyakrabban-valnak-fizikai-eroszak-aldozatava-munkahelyukon-mint-a-ferfiak\/"},"wordCount":292,"commentCount":0,"publisher":{"@id":"https:\/\/www.francespiration.com\/#organization"},"articleSection":["H\u00cdREK"],"inLanguage":"hu","potentialAction":[{"@type":"CommentAction","name":"Comment","target":["https:\/\/www.francespiration.com\/index.php\/2026\/02\/26\/francia-tanulmany-a-nok-sokkal-gyakrabban-valnak-fizikai-eroszak-aldozatava-munkahelyukon-mint-a-ferfiak\/#respond"]}]},{"@type":"WebPage","@id":"https:\/\/www.francespiration.com\/index.php\/2026\/02\/26\/francia-tanulmany-a-nok-sokkal-gyakrabban-valnak-fizikai-eroszak-aldozatava-munkahelyukon-mint-a-ferfiak\/","url":"https:\/\/www.francespiration.com\/index.php\/2026\/02\/26\/francia-tanulmany-a-nok-sokkal-gyakrabban-valnak-fizikai-eroszak-aldozatava-munkahelyukon-mint-a-ferfiak\/","name":"Francia tanulm\u00e1ny: a n\u0151k sokkal gyakrabban v\u00e1lnak fizikai er\u0151szak \u00e1ldozat\u00e1v\u00e1 munkahely\u00fck\u00f6n, mint a f\u00e9rfiak - Francespiration","isPartOf":{"@id":"https:\/\/www.francespiration.com\/#website"},"datePublished":"2026-02-26T07:46:59+00:00","dateModified":"2026-02-26T07:47:00+00:00","description":"Egy friss elemz\u00e9s r\u00e1vil\u00e1g\u00edt arra, hogy a munkahelyi fizikai er\u0151szak s\u00falyos nemek k\u00f6z\u00f6tti k\u00fcl\u00f6nbs\u00e9geket t\u00fckr\u00f6z.","breadcrumb":{"@id":"https:\/\/www.francespiration.com\/index.php\/2026\/02\/26\/francia-tanulmany-a-nok-sokkal-gyakrabban-valnak-fizikai-eroszak-aldozatava-munkahelyukon-mint-a-ferfiak\/#breadcrumb"},"inLanguage":"hu","potentialAction":[{"@type":"ReadAction","target":["https:\/\/www.francespiration.com\/index.php\/2026\/02\/26\/francia-tanulmany-a-nok-sokkal-gyakrabban-valnak-fizikai-eroszak-aldozatava-munkahelyukon-mint-a-ferfiak\/"]}]},{"@type":"BreadcrumbList","@id":"https:\/\/www.francespiration.com\/index.php\/2026\/02\/26\/francia-tanulmany-a-nok-sokkal-gyakrabban-valnak-fizikai-eroszak-aldozatava-munkahelyukon-mint-a-ferfiak\/#breadcrumb","itemListElement":[{"@type":"ListItem","position":1,"name":"Kezd\u0151lap","item":"https:\/\/www.francespiration.com\/"},{"@type":"ListItem","position":2,"name":"Francia tanulm\u00e1ny: a n\u0151k sokkal gyakrabban v\u00e1lnak fizikai er\u0151szak \u00e1ldozat\u00e1v\u00e1 munkahely\u00fck\u00f6n, mint a f\u00e9rfiak"}]},{"@type":"WebSite","@id":"https:\/\/www.francespiration.com\/#website","url":"https:\/\/www.francespiration.com\/","name":"Francespiration","description":"Just another WordPress site","publisher":{"@id":"https:\/\/www.francespiration.com\/#organization"},"potentialAction":[{"@type":"SearchAction","target":{"@type":"EntryPoint","urlTemplate":"https:\/\/www.francespiration.com\/?s={search_term_string}"},"query-input":"required name=search_term_string"}],"inLanguage":"hu"},{"@type":"Organization","@id":"https:\/\/www.francespiration.com\/#organization","name":"Francespiration","url":"https:\/\/www.francespiration.com\/","logo":{"@type":"ImageObject","inLanguage":"hu","@id":"https:\/\/www.francespiration.com\/#\/schema\/logo\/image\/","url":"https:\/\/www.francespiration.com\/wp-content\/uploads\/2022\/09\/4d-also-scaled.jpg","contentUrl":"https:\/\/www.francespiration.com\/wp-content\/uploads\/2022\/09\/4d-also-scaled.jpg","width":2560,"height":913,"caption":"Francespiration"},"image":{"@id":"https:\/\/www.francespiration.com\/#\/schema\/logo\/image\/"}},{"@type":"Person","@id":"https:\/\/www.francespiration.com\/#\/schema\/person\/83f3dc20d791bfb54664f7e0287501fa","name":"Sz\u00f6ll\u0151si T\u00edmea","image":{"@type":"ImageObject","inLanguage":"hu","@id":"https:\/\/www.francespiration.com\/#\/schema\/person\/image\/","url":"https:\/\/secure.gravatar.com\/avatar\/1fd2e7bebd99ada3a170be066229da8dce9b7f9ba3748e0b659e39e5f31eb56a?s=96&d=mm&r=g","contentUrl":"https:\/\/secure.gravatar.com\/avatar\/1fd2e7bebd99ada3a170be066229da8dce9b7f9ba3748e0b659e39e5f31eb56a?s=96&d=mm&r=g","caption":"Sz\u00f6ll\u0151si T\u00edmea"},"sameAs":["https:\/\/www.francespiration.com"],"url":"https:\/\/www.francespiration.com\/index.php\/author\/szollotimi\/"}]}},"_links":{"self":[{"href":"https:\/\/www.francespiration.com\/index.php\/wp-json\/wp\/v2\/posts\/1996","targetHints":{"allow":["GET"]}}],"collection":[{"href":"https:\/\/www.francespiration.com\/index.php\/wp-json\/wp\/v2\/posts"}],"about":[{"href":"https:\/\/www.francespiration.com\/index.php\/wp-json\/wp\/v2\/types\/post"}],"author":[{"embeddable":true,"href":"https:\/\/www.francespiration.com\/index.php\/wp-json\/wp\/v2\/users\/1"}],"replies":[{"embeddable":true,"href":"https:\/\/www.francespiration.com\/index.php\/wp-json\/wp\/v2\/comments?post=1996"}],"version-history":[{"count":1,"href":"https:\/\/www.francespiration.com\/index.php\/wp-json\/wp\/v2\/posts\/1996\/revisions"}],"predecessor-version":[{"id":1998,"href":"https:\/\/www.francespiration.com\/index.php\/wp-json\/wp\/v2\/posts\/1996\/revisions\/1998"}],"wp:featuredmedia":[{"embeddable":true,"href":"https:\/\/www.francespiration.com\/index.php\/wp-json\/wp\/v2\/media\/1997"}],"wp:attachment":[{"href":"https:\/\/www.francespiration.com\/index.php\/wp-json\/wp\/v2\/media?parent=1996"}],"wp:term":[{"taxonomy":"category","embeddable":true,"href":"https:\/\/www.francespiration.com\/index.php\/wp-json\/wp\/v2\/categories?post=1996"},{"taxonomy":"post_tag","embeddable":true,"href":"https:\/\/www.francespiration.com\/index.php\/wp-json\/wp\/v2\/tags?post=1996"}],"curies":[{"name":"wp","href":"https:\/\/api.w.org\/{rel}","templated":true}]}}