{"id":1999,"date":"2026-02-26T08:03:17","date_gmt":"2026-02-26T08:03:17","guid":{"rendered":"https:\/\/www.francespiration.com\/?p=1999"},"modified":"2026-02-26T08:04:01","modified_gmt":"2026-02-26T08:04:01","slug":"tovabbra-is-franciaorszag-a-vilag-elsoszamu-turisztikai-celpontja","status":"publish","type":"post","link":"https:\/\/www.francespiration.com\/index.php\/2026\/02\/26\/tovabbra-is-franciaorszag-a-vilag-elsoszamu-turisztikai-celpontja\/","title":{"rendered":"Tov\u00e1bbra is Franciaorsz\u00e1g a vil\u00e1g els\u0151sz\u00e1m\u00fa turisztikai c\u00e9lpontja"},"content":{"rendered":"\n<p><strong>Franciaorsz\u00e1g 102 milli\u00f3 k\u00fclf\u00f6ldi l\u00e1togat\u00f3t fogadott tavaly, szemben a 2024-es 100 milli\u00f3val, ami 77,5 milli\u00e1rd eur\u00f3s bev\u00e9telt eredm\u00e9nyezett &#8211; jelentette be a turisztikai miniszt\u00e9rium cs\u00fct\u00f6rt\u00f6k\u00f6n.<\/strong><\/p>\n\n\n\n<p>A t\u00e1rca k\u00f6zlem\u00e9nye szerint Franciaorsz\u00e1g tov\u00e1bbra is<em>&nbsp;&#8222;a vil\u00e1g legl\u00e1togatottabb orsz\u00e1ga&#8221;,<\/em>&nbsp;de a k\u00fcl\u00f6nbs\u00e9g \u00e9vr\u0151l \u00e9vre cs\u00f6kken Spanyolorsz\u00e1ggal szemben, amely 2025-ben 97 milli\u00f3 k\u00fclf\u00f6ldi l\u00e1togat\u00f3t \u00e9s 135 milli\u00e1rd eur\u00f3s idegenforgalmi bev\u00e9telt k\u00f6nyvelt el.<\/p>\n\n\n\n<p>Az Atout France, a francia turizmust k\u00fclf\u00f6ld\u00f6n n\u00e9pszer\u0171s\u00edt\u0151 \u00fcgyn\u00f6ks\u00e9g ugyanakkor vitatja a spanyol sz\u00e1m\u00edt\u00e1sokat, \u00e9s \u00fagy v\u00e9li, hogy a szomsz\u00e9dos orsz\u00e1gban a k\u00fclf\u00f6ldi vend\u00e9gekt\u0151l sz\u00e1rmaz\u00f3 bev\u00e9telek k\u00f6r\u00fclbel\u00fcl 105 milli\u00e1rd eur\u00f3ra r\u00fagnak.<\/p>\n\n\n\n<figure class=\"wp-block-image size-full\"><img loading=\"lazy\" decoding=\"async\" width=\"1000\" height=\"667\" src=\"https:\/\/www.francespiration.com\/wp-content\/uploads\/2026\/02\/menton.jpg\" alt=\"\" class=\"wp-image-2000\" srcset=\"https:\/\/www.francespiration.com\/wp-content\/uploads\/2026\/02\/menton.jpg 1000w, https:\/\/www.francespiration.com\/wp-content\/uploads\/2026\/02\/menton-300x200.jpg 300w, https:\/\/www.francespiration.com\/wp-content\/uploads\/2026\/02\/menton-768x512.jpg 768w\" sizes=\"auto, (max-width: 1000px) 100vw, 1000px\" \/><figcaption class=\"wp-element-caption\">Menton sz\u00ednes h\u00e1zai \u00e9rthet\u0151 m\u00f3don vonzz\u00e1k a turist\u00e1kat. Fot\u00f3: pexels.com<\/figcaption><\/figure>\n\n\n\n<p>Franciaorsz\u00e1gban az idegenforgalomb\u00f3l sz\u00e1rmaz\u00f3 bev\u00e9telek egy \u00e9v alatt 9 sz\u00e1zal\u00e9kkal n\u0151ttek, \u00e9s 77,5 milli\u00e1rd eur\u00f3val&nbsp;<em>&#8222;rekordszintet&#8221;<\/em>&nbsp;\u00e9rtek el. A miniszt\u00e9rium \u00fcdv\u00f6z\u00f6lte a sz\u00e1mot, hozz\u00e1t\u00e9ve, hogy ezen a t\u00e9ren a k\u00fcl\u00f6nbs\u00e9g Spanyolorsz\u00e1ghoz viszony\u00edtva &#8222;stabiliz\u00e1l\u00f3dik&#8221;.<\/p>\n\n\n\n<p>A francia \u00e9s k\u00fclf\u00f6ldi turist\u00e1kat egybev\u00e9ve a turisztikai fogyaszt\u00e1s tavaly 222 milli\u00e1rd eur\u00f3ra n\u0151tt, amelyben a n\u00e9metek \u00e1lltak az \u00e9len (+9 sz\u00e1zal\u00e9k), \u0151ket k\u00f6vett\u00e9k az olaszok, spanyolok, belg\u00e1k \u00e9s hollandok (+5 sz\u00e1zal\u00e9k).<\/p>\n\n\n\n<p>B\u00e1r a franci\u00e1k sz\u00e1m\u00e1ra is haz\u00e1juk maradt az els\u0151sz\u00e1m\u00fa turisztikai c\u00e9lpont, 5 sz\u00e1zal\u00e9kkal cs\u00f6kkent a franci\u00e1k \u00e1ltal foglalt vend\u00e9g\u00e9jszak\u00e1k sz\u00e1ma, m\u00edg a k\u00fclf\u00f6ldi utaz\u00e1sok\u00e9 4 sz\u00e1zal\u00e9kkal n\u0151tt. A franci\u00e1k els\u0151sorban a F\u00f6ldk\u00f6zi-tenger partj\u00e1n fekv\u0151 orsz\u00e1gokat keresik fel.<\/p>\n\n\n\n<p>A miniszt\u00e9rium szerint 2026-ra&nbsp;<em>&#8222;b\u00e1tor\u00edt\u00f3k a kil\u00e1t\u00e1sok&#8221;<\/em>, a l\u00e9git\u00e1rsas\u00e1gi foglal\u00e1sok jelent\u0151sen n\u0151ttek az els\u0151 negyed\u00e9vre 2025-h\u00f6z k\u00e9pest, k\u00fcl\u00f6n\u00f6sen Mexik\u00f3 (+19 sz\u00e1zal\u00e9k), K\u00edna (+17 sz\u00e1zal\u00e9k) \u00e9s Kanada (+7 sz\u00e1zal\u00e9k) ir\u00e1ny\u00e1ba.<\/p>\n\n\n\n<p>Eur\u00f3p\u00e1b\u00f3l is egyre t\u00f6bb spanyol v\u00e1lasztja Franciaorsz\u00e1got \u00fatic\u00e9lul az \u00e9v elej\u00e9n, a tavalyi \u00e9v azonos id\u0151szak\u00e1hoz k\u00e9pest 8 sz\u00e1zal\u00e9kos a n\u00f6veked\u00e9s a foglal\u00e1sokban.<\/p>\n\n\n\n<p>A s\u00edk\u00f6zpontokban a 2025-2026-os szezon\u00a0<em>&#8222;j\u00f3 eredm\u00e9nyeket&#8221;\u00a0<\/em>\u00edg\u00e9r a korm\u00e1ny szerint, a foglal\u00e1sok alapj\u00e1n enyhe n\u00f6veked\u00e9st mutatnak a kihaszn\u00e1lts\u00e1gi ar\u00e1nyok, adta h\u00edr\u00fcl az MTI.<\/p>\n","protected":false},"excerpt":{"rendered":"<p>Franciaorsz\u00e1g 102 milli\u00f3 k\u00fclf\u00f6ldi l\u00e1togat\u00f3t fogadott tavaly, szemben a 2024-es 100 milli\u00f3val, ami 77,5 milli\u00e1rd eur\u00f3s bev\u00e9telt eredm\u00e9nyezett &#8211; jelentette be a turisztikai miniszt\u00e9rium cs\u00fct\u00f6rt\u00f6k\u00f6n. A t\u00e1rca k\u00f6zlem\u00e9nye szerint Franciaorsz\u00e1g tov\u00e1bbra is&nbsp;&#8222;a vil\u00e1g legl\u00e1togatottabb orsz\u00e1ga&#8221;,&nbsp;de a k\u00fcl\u00f6nbs\u00e9g \u00e9vr\u0151l \u00e9vre cs\u00f6kken Spanyolorsz\u00e1ggal szemben, amely 2025-ben 97 milli\u00f3 k\u00fclf\u00f6ldi l\u00e1togat\u00f3t \u00e9s 135 milli\u00e1rd eur\u00f3s idegenforgalmi bev\u00e9telt k\u00f6nyvelt [&hellip;]<\/p>\n","protected":false},"author":1,"featured_media":2000,"comment_status":"open","ping_status":"open","sticky":false,"template":"","format":"standard","meta":{"footnotes":""},"categories":[1,28],"tags":[],"class_list":["post-1999","post","type-post","status-publish","format-standard","has-post-thumbnail","hentry","category-hirek","category-helyek"],"yoast_head":"<!-- This site is optimized with the Yoast SEO plugin v20.13 - https:\/\/yoast.com\/wordpress\/plugins\/seo\/ -->\n<title>Tov\u00e1bbra is Franciaorsz\u00e1g a vil\u00e1g els\u0151sz\u00e1m\u00fa turisztikai c\u00e9lpontja - Francespiration<\/title>\n<meta name=\"description\" content=\"Franciaorsz\u00e1g 102 milli\u00f3 k\u00fclf\u00f6ldi l\u00e1togat\u00f3t fogadott tavaly, szemben a 2024-es 100 milli\u00f3val, ami 77,5 milli\u00e1rd eur\u00f3s bev\u00e9telt eredm\u00e9nyezett\" \/>\n<meta name=\"robots\" content=\"index, follow, max-snippet:-1, max-image-preview:large, max-video-preview:-1\" \/>\n<link rel=\"canonical\" href=\"https:\/\/www.francespiration.com\/index.php\/2026\/02\/26\/tovabbra-is-franciaorszag-a-vilag-elsoszamu-turisztikai-celpontja\/\" \/>\n<meta property=\"og:locale\" content=\"hu_HU\" \/>\n<meta property=\"og:type\" content=\"article\" \/>\n<meta property=\"og:title\" content=\"Tov\u00e1bbra is Franciaorsz\u00e1g a vil\u00e1g els\u0151sz\u00e1m\u00fa turisztikai c\u00e9lpontja - Francespiration\" \/>\n<meta property=\"og:description\" content=\"Franciaorsz\u00e1g 102 milli\u00f3 k\u00fclf\u00f6ldi l\u00e1togat\u00f3t fogadott tavaly, szemben a 2024-es 100 milli\u00f3val, ami 77,5 milli\u00e1rd eur\u00f3s bev\u00e9telt eredm\u00e9nyezett\" \/>\n<meta property=\"og:url\" content=\"https:\/\/www.francespiration.com\/index.php\/2026\/02\/26\/tovabbra-is-franciaorszag-a-vilag-elsoszamu-turisztikai-celpontja\/\" \/>\n<meta property=\"og:site_name\" content=\"Francespiration\" \/>\n<meta property=\"article:published_time\" content=\"2026-02-26T08:03:17+00:00\" \/>\n<meta property=\"article:modified_time\" content=\"2026-02-26T08:04:01+00:00\" \/>\n<meta property=\"og:image\" content=\"https:\/\/www.francespiration.com\/wp-content\/uploads\/2026\/02\/menton.jpg\" \/>\n\t<meta property=\"og:image:width\" content=\"1000\" \/>\n\t<meta property=\"og:image:height\" content=\"667\" \/>\n\t<meta property=\"og:image:type\" content=\"image\/jpeg\" \/>\n<meta name=\"author\" content=\"Sz\u00f6ll\u0151si T\u00edmea\" \/>\n<meta name=\"twitter:card\" content=\"summary_large_image\" \/>\n<meta name=\"twitter:label1\" content=\"Szerz\u0151:\" \/>\n\t<meta name=\"twitter:data1\" content=\"Sz\u00f6ll\u0151si T\u00edmea\" \/>\n\t<meta name=\"twitter:label2\" content=\"Becs\u00fclt olvas\u00e1si id\u0151\" \/>\n\t<meta name=\"twitter:data2\" content=\"2 perc\" \/>\n<script type=\"application\/ld+json\" class=\"yoast-schema-graph\">{\"@context\":\"https:\/\/schema.org\",\"@graph\":[{\"@type\":\"Article\",\"@id\":\"https:\/\/www.francespiration.com\/index.php\/2026\/02\/26\/tovabbra-is-franciaorszag-a-vilag-elsoszamu-turisztikai-celpontja\/#article\",\"isPartOf\":{\"@id\":\"https:\/\/www.francespiration.com\/index.php\/2026\/02\/26\/tovabbra-is-franciaorszag-a-vilag-elsoszamu-turisztikai-celpontja\/\"},\"author\":{\"name\":\"Sz\u00f6ll\u0151si T\u00edmea\",\"@id\":\"https:\/\/www.francespiration.com\/#\/schema\/person\/83f3dc20d791bfb54664f7e0287501fa\"},\"headline\":\"Tov\u00e1bbra is Franciaorsz\u00e1g a vil\u00e1g els\u0151sz\u00e1m\u00fa turisztikai c\u00e9lpontja\",\"datePublished\":\"2026-02-26T08:03:17+00:00\",\"dateModified\":\"2026-02-26T08:04:01+00:00\",\"mainEntityOfPage\":{\"@id\":\"https:\/\/www.francespiration.com\/index.php\/2026\/02\/26\/tovabbra-is-franciaorszag-a-vilag-elsoszamu-turisztikai-celpontja\/\"},\"wordCount\":474,\"commentCount\":0,\"publisher\":{\"@id\":\"https:\/\/www.francespiration.com\/#organization\"},\"articleSection\":[\"H\u00cdREK\",\"K\u00dcL\u00d6NLEGES HELYEK\"],\"inLanguage\":\"hu\",\"potentialAction\":[{\"@type\":\"CommentAction\",\"name\":\"Comment\",\"target\":[\"https:\/\/www.francespiration.com\/index.php\/2026\/02\/26\/tovabbra-is-franciaorszag-a-vilag-elsoszamu-turisztikai-celpontja\/#respond\"]}]},{\"@type\":\"WebPage\",\"@id\":\"https:\/\/www.francespiration.com\/index.php\/2026\/02\/26\/tovabbra-is-franciaorszag-a-vilag-elsoszamu-turisztikai-celpontja\/\",\"url\":\"https:\/\/www.francespiration.com\/index.php\/2026\/02\/26\/tovabbra-is-franciaorszag-a-vilag-elsoszamu-turisztikai-celpontja\/\",\"name\":\"Tov\u00e1bbra is Franciaorsz\u00e1g a vil\u00e1g els\u0151sz\u00e1m\u00fa turisztikai c\u00e9lpontja - Francespiration\",\"isPartOf\":{\"@id\":\"https:\/\/www.francespiration.com\/#website\"},\"datePublished\":\"2026-02-26T08:03:17+00:00\",\"dateModified\":\"2026-02-26T08:04:01+00:00\",\"description\":\"Franciaorsz\u00e1g 102 milli\u00f3 k\u00fclf\u00f6ldi l\u00e1togat\u00f3t fogadott tavaly, szemben a 2024-es 100 milli\u00f3val, ami 77,5 milli\u00e1rd eur\u00f3s bev\u00e9telt eredm\u00e9nyezett\",\"breadcrumb\":{\"@id\":\"https:\/\/www.francespiration.com\/index.php\/2026\/02\/26\/tovabbra-is-franciaorszag-a-vilag-elsoszamu-turisztikai-celpontja\/#breadcrumb\"},\"inLanguage\":\"hu\",\"potentialAction\":[{\"@type\":\"ReadAction\",\"target\":[\"https:\/\/www.francespiration.com\/index.php\/2026\/02\/26\/tovabbra-is-franciaorszag-a-vilag-elsoszamu-turisztikai-celpontja\/\"]}]},{\"@type\":\"BreadcrumbList\",\"@id\":\"https:\/\/www.francespiration.com\/index.php\/2026\/02\/26\/tovabbra-is-franciaorszag-a-vilag-elsoszamu-turisztikai-celpontja\/#breadcrumb\",\"itemListElement\":[{\"@type\":\"ListItem\",\"position\":1,\"name\":\"Kezd\u0151lap\",\"item\":\"https:\/\/www.francespiration.com\/\"},{\"@type\":\"ListItem\",\"position\":2,\"name\":\"Tov\u00e1bbra is Franciaorsz\u00e1g a vil\u00e1g els\u0151sz\u00e1m\u00fa turisztikai c\u00e9lpontja\"}]},{\"@type\":\"WebSite\",\"@id\":\"https:\/\/www.francespiration.com\/#website\",\"url\":\"https:\/\/www.francespiration.com\/\",\"name\":\"Francespiration\",\"description\":\"Just another WordPress site\",\"publisher\":{\"@id\":\"https:\/\/www.francespiration.com\/#organization\"},\"potentialAction\":[{\"@type\":\"SearchAction\",\"target\":{\"@type\":\"EntryPoint\",\"urlTemplate\":\"https:\/\/www.francespiration.com\/?s={search_term_string}\"},\"query-input\":\"required name=search_term_string\"}],\"inLanguage\":\"hu\"},{\"@type\":\"Organization\",\"@id\":\"https:\/\/www.francespiration.com\/#organization\",\"name\":\"Francespiration\",\"url\":\"https:\/\/www.francespiration.com\/\",\"logo\":{\"@type\":\"ImageObject\",\"inLanguage\":\"hu\",\"@id\":\"https:\/\/www.francespiration.com\/#\/schema\/logo\/image\/\",\"url\":\"https:\/\/www.francespiration.com\/wp-content\/uploads\/2022\/09\/4d-also-scaled.jpg\",\"contentUrl\":\"https:\/\/www.francespiration.com\/wp-content\/uploads\/2022\/09\/4d-also-scaled.jpg\",\"width\":2560,\"height\":913,\"caption\":\"Francespiration\"},\"image\":{\"@id\":\"https:\/\/www.francespiration.com\/#\/schema\/logo\/image\/\"}},{\"@type\":\"Person\",\"@id\":\"https:\/\/www.francespiration.com\/#\/schema\/person\/83f3dc20d791bfb54664f7e0287501fa\",\"name\":\"Sz\u00f6ll\u0151si T\u00edmea\",\"image\":{\"@type\":\"ImageObject\",\"inLanguage\":\"hu\",\"@id\":\"https:\/\/www.francespiration.com\/#\/schema\/person\/image\/\",\"url\":\"https:\/\/secure.gravatar.com\/avatar\/1fd2e7bebd99ada3a170be066229da8dce9b7f9ba3748e0b659e39e5f31eb56a?s=96&d=mm&r=g\",\"contentUrl\":\"https:\/\/secure.gravatar.com\/avatar\/1fd2e7bebd99ada3a170be066229da8dce9b7f9ba3748e0b659e39e5f31eb56a?s=96&d=mm&r=g\",\"caption\":\"Sz\u00f6ll\u0151si T\u00edmea\"},\"sameAs\":[\"https:\/\/www.francespiration.com\"],\"url\":\"https:\/\/www.francespiration.com\/index.php\/author\/szollotimi\/\"}]}<\/script>\n<!-- \/ Yoast SEO plugin. -->","yoast_head_json":{"title":"Tov\u00e1bbra is Franciaorsz\u00e1g a vil\u00e1g els\u0151sz\u00e1m\u00fa turisztikai c\u00e9lpontja - Francespiration","description":"Franciaorsz\u00e1g 102 milli\u00f3 k\u00fclf\u00f6ldi l\u00e1togat\u00f3t fogadott tavaly, szemben a 2024-es 100 milli\u00f3val, ami 77,5 milli\u00e1rd eur\u00f3s bev\u00e9telt eredm\u00e9nyezett","robots":{"index":"index","follow":"follow","max-snippet":"max-snippet:-1","max-image-preview":"max-image-preview:large","max-video-preview":"max-video-preview:-1"},"canonical":"https:\/\/www.francespiration.com\/index.php\/2026\/02\/26\/tovabbra-is-franciaorszag-a-vilag-elsoszamu-turisztikai-celpontja\/","og_locale":"hu_HU","og_type":"article","og_title":"Tov\u00e1bbra is Franciaorsz\u00e1g a vil\u00e1g els\u0151sz\u00e1m\u00fa turisztikai c\u00e9lpontja - Francespiration","og_description":"Franciaorsz\u00e1g 102 milli\u00f3 k\u00fclf\u00f6ldi l\u00e1togat\u00f3t fogadott tavaly, szemben a 2024-es 100 milli\u00f3val, ami 77,5 milli\u00e1rd eur\u00f3s bev\u00e9telt eredm\u00e9nyezett","og_url":"https:\/\/www.francespiration.com\/index.php\/2026\/02\/26\/tovabbra-is-franciaorszag-a-vilag-elsoszamu-turisztikai-celpontja\/","og_site_name":"Francespiration","article_published_time":"2026-02-26T08:03:17+00:00","article_modified_time":"2026-02-26T08:04:01+00:00","og_image":[{"width":1000,"height":667,"url":"https:\/\/www.francespiration.com\/wp-content\/uploads\/2026\/02\/menton.jpg","type":"image\/jpeg"}],"author":"Sz\u00f6ll\u0151si T\u00edmea","twitter_card":"summary_large_image","twitter_misc":{"Szerz\u0151:":"Sz\u00f6ll\u0151si T\u00edmea","Becs\u00fclt olvas\u00e1si id\u0151":"2 perc"},"schema":{"@context":"https:\/\/schema.org","@graph":[{"@type":"Article","@id":"https:\/\/www.francespiration.com\/index.php\/2026\/02\/26\/tovabbra-is-franciaorszag-a-vilag-elsoszamu-turisztikai-celpontja\/#article","isPartOf":{"@id":"https:\/\/www.francespiration.com\/index.php\/2026\/02\/26\/tovabbra-is-franciaorszag-a-vilag-elsoszamu-turisztikai-celpontja\/"},"author":{"name":"Sz\u00f6ll\u0151si T\u00edmea","@id":"https:\/\/www.francespiration.com\/#\/schema\/person\/83f3dc20d791bfb54664f7e0287501fa"},"headline":"Tov\u00e1bbra is Franciaorsz\u00e1g a vil\u00e1g els\u0151sz\u00e1m\u00fa turisztikai c\u00e9lpontja","datePublished":"2026-02-26T08:03:17+00:00","dateModified":"2026-02-26T08:04:01+00:00","mainEntityOfPage":{"@id":"https:\/\/www.francespiration.com\/index.php\/2026\/02\/26\/tovabbra-is-franciaorszag-a-vilag-elsoszamu-turisztikai-celpontja\/"},"wordCount":474,"commentCount":0,"publisher":{"@id":"https:\/\/www.francespiration.com\/#organization"},"articleSection":["H\u00cdREK","K\u00dcL\u00d6NLEGES HELYEK"],"inLanguage":"hu","potentialAction":[{"@type":"CommentAction","name":"Comment","target":["https:\/\/www.francespiration.com\/index.php\/2026\/02\/26\/tovabbra-is-franciaorszag-a-vilag-elsoszamu-turisztikai-celpontja\/#respond"]}]},{"@type":"WebPage","@id":"https:\/\/www.francespiration.com\/index.php\/2026\/02\/26\/tovabbra-is-franciaorszag-a-vilag-elsoszamu-turisztikai-celpontja\/","url":"https:\/\/www.francespiration.com\/index.php\/2026\/02\/26\/tovabbra-is-franciaorszag-a-vilag-elsoszamu-turisztikai-celpontja\/","name":"Tov\u00e1bbra is Franciaorsz\u00e1g a vil\u00e1g els\u0151sz\u00e1m\u00fa turisztikai c\u00e9lpontja - Francespiration","isPartOf":{"@id":"https:\/\/www.francespiration.com\/#website"},"datePublished":"2026-02-26T08:03:17+00:00","dateModified":"2026-02-26T08:04:01+00:00","description":"Franciaorsz\u00e1g 102 milli\u00f3 k\u00fclf\u00f6ldi l\u00e1togat\u00f3t fogadott tavaly, szemben a 2024-es 100 milli\u00f3val, ami 77,5 milli\u00e1rd eur\u00f3s bev\u00e9telt eredm\u00e9nyezett","breadcrumb":{"@id":"https:\/\/www.francespiration.com\/index.php\/2026\/02\/26\/tovabbra-is-franciaorszag-a-vilag-elsoszamu-turisztikai-celpontja\/#breadcrumb"},"inLanguage":"hu","potentialAction":[{"@type":"ReadAction","target":["https:\/\/www.francespiration.com\/index.php\/2026\/02\/26\/tovabbra-is-franciaorszag-a-vilag-elsoszamu-turisztikai-celpontja\/"]}]},{"@type":"BreadcrumbList","@id":"https:\/\/www.francespiration.com\/index.php\/2026\/02\/26\/tovabbra-is-franciaorszag-a-vilag-elsoszamu-turisztikai-celpontja\/#breadcrumb","itemListElement":[{"@type":"ListItem","position":1,"name":"Kezd\u0151lap","item":"https:\/\/www.francespiration.com\/"},{"@type":"ListItem","position":2,"name":"Tov\u00e1bbra is Franciaorsz\u00e1g a vil\u00e1g els\u0151sz\u00e1m\u00fa turisztikai c\u00e9lpontja"}]},{"@type":"WebSite","@id":"https:\/\/www.francespiration.com\/#website","url":"https:\/\/www.francespiration.com\/","name":"Francespiration","description":"Just another WordPress site","publisher":{"@id":"https:\/\/www.francespiration.com\/#organization"},"potentialAction":[{"@type":"SearchAction","target":{"@type":"EntryPoint","urlTemplate":"https:\/\/www.francespiration.com\/?s={search_term_string}"},"query-input":"required name=search_term_string"}],"inLanguage":"hu"},{"@type":"Organization","@id":"https:\/\/www.francespiration.com\/#organization","name":"Francespiration","url":"https:\/\/www.francespiration.com\/","logo":{"@type":"ImageObject","inLanguage":"hu","@id":"https:\/\/www.francespiration.com\/#\/schema\/logo\/image\/","url":"https:\/\/www.francespiration.com\/wp-content\/uploads\/2022\/09\/4d-also-scaled.jpg","contentUrl":"https:\/\/www.francespiration.com\/wp-content\/uploads\/2022\/09\/4d-also-scaled.jpg","width":2560,"height":913,"caption":"Francespiration"},"image":{"@id":"https:\/\/www.francespiration.com\/#\/schema\/logo\/image\/"}},{"@type":"Person","@id":"https:\/\/www.francespiration.com\/#\/schema\/person\/83f3dc20d791bfb54664f7e0287501fa","name":"Sz\u00f6ll\u0151si T\u00edmea","image":{"@type":"ImageObject","inLanguage":"hu","@id":"https:\/\/www.francespiration.com\/#\/schema\/person\/image\/","url":"https:\/\/secure.gravatar.com\/avatar\/1fd2e7bebd99ada3a170be066229da8dce9b7f9ba3748e0b659e39e5f31eb56a?s=96&d=mm&r=g","contentUrl":"https:\/\/secure.gravatar.com\/avatar\/1fd2e7bebd99ada3a170be066229da8dce9b7f9ba3748e0b659e39e5f31eb56a?s=96&d=mm&r=g","caption":"Sz\u00f6ll\u0151si T\u00edmea"},"sameAs":["https:\/\/www.francespiration.com"],"url":"https:\/\/www.francespiration.com\/index.php\/author\/szollotimi\/"}]}},"_links":{"self":[{"href":"https:\/\/www.francespiration.com\/index.php\/wp-json\/wp\/v2\/posts\/1999","targetHints":{"allow":["GET"]}}],"collection":[{"href":"https:\/\/www.francespiration.com\/index.php\/wp-json\/wp\/v2\/posts"}],"about":[{"href":"https:\/\/www.francespiration.com\/index.php\/wp-json\/wp\/v2\/types\/post"}],"author":[{"embeddable":true,"href":"https:\/\/www.francespiration.com\/index.php\/wp-json\/wp\/v2\/users\/1"}],"replies":[{"embeddable":true,"href":"https:\/\/www.francespiration.com\/index.php\/wp-json\/wp\/v2\/comments?post=1999"}],"version-history":[{"count":1,"href":"https:\/\/www.francespiration.com\/index.php\/wp-json\/wp\/v2\/posts\/1999\/revisions"}],"predecessor-version":[{"id":2001,"href":"https:\/\/www.francespiration.com\/index.php\/wp-json\/wp\/v2\/posts\/1999\/revisions\/2001"}],"wp:featuredmedia":[{"embeddable":true,"href":"https:\/\/www.francespiration.com\/index.php\/wp-json\/wp\/v2\/media\/2000"}],"wp:attachment":[{"href":"https:\/\/www.francespiration.com\/index.php\/wp-json\/wp\/v2\/media?parent=1999"}],"wp:term":[{"taxonomy":"category","embeddable":true,"href":"https:\/\/www.francespiration.com\/index.php\/wp-json\/wp\/v2\/categories?post=1999"},{"taxonomy":"post_tag","embeddable":true,"href":"https:\/\/www.francespiration.com\/index.php\/wp-json\/wp\/v2\/tags?post=1999"}],"curies":[{"name":"wp","href":"https:\/\/api.w.org\/{rel}","templated":true}]}}